{"id":573,"date":"2025-10-08T10:34:00","date_gmt":"2025-10-08T10:34:00","guid":{"rendered":"https:\/\/new.valenciaandgo.com\/?p=573"},"modified":"2026-03-14T13:01:26","modified_gmt":"2026-03-14T13:01:26","slug":"10-faktow-o-walencji","status":"publish","type":"post","link":"https:\/\/upgrade.valenciaandgo.com\/pl\/10-datos-valencia\/","title":{"rendered":"10 ciekawostek o Walencji, o kt\u00f3rych (prawdopodobnie) nie wiedzia\u0142e\u015b"},"content":{"rendered":"<div data-elementor-type=\"wp-post\" data-elementor-id=\"573\" class=\"elementor elementor-573\" data-elementor-post-type=\"post\">\n\t\t\t\t<div class=\"elementor-element elementor-element-5e24f6e5 e-flex e-con-boxed e-con e-parent\" data-id=\"5e24f6e5\" data-element_type=\"container\" data-e-type=\"container\">\n\t\t\t\t\t<div class=\"e-con-inner\">\n\t\t\t\t<div class=\"elementor-element elementor-element-75141a10 elementor-widget elementor-widget-text-editor\" data-id=\"75141a10\" data-element_type=\"widget\" data-e-type=\"widget\" data-widget_type=\"text-editor.default\">\n\t\t\t\t\t\t\t\t\t\n<p>Kiedy m\u00f3wimy o Walencji, wiele os\u00f3b automatycznie my\u015bli o <strong>pla\u017ce<\/strong>, <strong>paella<\/strong>, <strong>usterki <\/strong>y <strong>Miasto Sztuki i Nauki<\/strong>. Ale to \u015br\u00f3dziemnomorskie miasto kryje w sobie znacznie wi\u0119cej ni\u017c turystyczne poczt\u00f3wki: jest pe\u0142ne prawdziwych historii, nieoczekiwanych zak\u0105tk\u00f3w i szczeg\u00f3\u0142\u00f3w, o kt\u00f3rych nawet wielu mieszka\u0144c\u00f3w Walencji nie wie.<\/p>\n<p><\/p>\n<p>Od rekordowych budynk\u00f3w po stuletnie instytucje, kt\u00f3re nadal s\u0105 aktywne, opowiadamy o <strong>10 ciekawostek, kt\u00f3re sprawi\u0105, \u017ce spojrzysz na Walencj\u0119 innymi oczami<\/strong>.<\/p>\n\t\t\t\t\t\t\t\t<\/div>\n\t\t\t\t\t<\/div>\n\t\t\t\t<\/div>\n\t\t<div class=\"elementor-element elementor-element-2728766 e-flex e-con-boxed e-con e-parent\" data-id=\"2728766\" data-element_type=\"container\" data-e-type=\"container\">\n\t\t\t\t\t<div class=\"e-con-inner\">\n\t\t<div class=\"elementor-element elementor-element-b7ee84c e-con-full e-flex e-con e-child\" data-id=\"b7ee84c\" data-element_type=\"container\" data-e-type=\"container\">\n\t\t\t\t<div class=\"elementor-element elementor-element-1c80127 elementor-widget elementor-widget-heading\" data-id=\"1c80127\" data-element_type=\"widget\" data-e-type=\"widget\" data-widget_type=\"heading.default\">\n\t\t\t\t\t<h2 class=\"elementor-heading-title elementor-size-default\"><span style=\"letter-spacing: 0px\">1) Valencia oznacza odwag\u0119<\/span><\/h2>\t\t\t\t<\/div>\n\t\t\t\t<\/div>\n\t\t<div class=\"elementor-element elementor-element-3b1a0b8 e-con-full e-flex e-con e-child\" data-id=\"3b1a0b8\" data-element_type=\"container\" data-e-type=\"container\">\n\t\t\t\t<div class=\"elementor-element elementor-element-cad80ab elementor-widget elementor-widget-text-editor\" data-id=\"cad80ab\" data-element_type=\"widget\" data-e-type=\"widget\" data-widget_type=\"text-editor.default\">\n\t\t\t\t\t\t\t\t\t<p>Niewiele os\u00f3b wie, \u017ce oryginalna nazwa Walencji pochodzi z \u0142aciny <em>Valentia Edetanorum<\/em>, co oznacza \u201codwag\u0119\u201d lub \u201cm\u0119stwo\u201d. Miasto zosta\u0142o za\u0142o\u017cone w <strong>138 P.N.E.<\/strong>. przez weteran\u00f3w rzymskiej armii, na \u017cyznym obszarze obok rzeki Turia. Te rzymskie korzenie s\u0105 nadal obecne w uk\u0142adzie urbanistycznym i w niekt\u00f3rych pozosta\u0142o\u015bciach archeologicznych widocznych dzi\u015b w mie\u015bcie. <strong>Centrum Archeologiczne Almoina<\/strong>.<\/p>\n<p><!-- \/wp:paragraph --><!-- wp:paragraph --><\/p>\n<p><em>Dodatkowy fakt<\/em>Cz\u0119\u015b\u0107 tych pozosta\u0142o\u015bci mo\u017cna zwiedza\u0107 za darmo w niedziele.<\/p>\n<p><!-- \/wp:paragraph --><!-- wp:paragraph --><\/p>\t\t\t\t\t\t\t\t<\/div>\n\t\t\t\t<\/div>\n\t\t\t\t\t<\/div>\n\t\t\t\t<\/div>\n\t\t<div class=\"elementor-element elementor-element-f7c10a1 e-flex e-con-boxed e-con e-parent\" data-id=\"f7c10a1\" data-element_type=\"container\" data-e-type=\"container\">\n\t\t\t\t\t<div class=\"e-con-inner\">\n\t\t<div class=\"elementor-element elementor-element-dee320c e-con-full e-flex e-con e-child\" data-id=\"dee320c\" data-element_type=\"container\" data-e-type=\"container\">\n\t\t\t\t<div class=\"elementor-element elementor-element-bae2b52 elementor-widget elementor-widget-heading\" data-id=\"bae2b52\" data-element_type=\"widget\" data-e-type=\"widget\" data-widget_type=\"heading.default\">\n\t\t\t\t\t<h2 class=\"elementor-heading-title elementor-size-default\">2) Walencja by\u0142a stolic\u0105 Hiszpanii<\/h2>\t\t\t\t<\/div>\n\t\t\t\t<\/div>\n\t\t<div class=\"elementor-element elementor-element-9acca7f e-con-full e-flex e-con e-child\" data-id=\"9acca7f\" data-element_type=\"container\" data-e-type=\"container\">\n\t\t\t\t<div class=\"elementor-element elementor-element-eb78a79 elementor-widget elementor-widget-text-editor\" data-id=\"eb78a79\" data-element_type=\"widget\" data-e-type=\"widget\" data-widget_type=\"text-editor.default\">\n\t\t\t\t\t\t\t\t\t<p>Podczas <strong>Hiszpa\u0144ska wojna domowa<\/strong>, W latach 1936-1937 Walencja by\u0142a tymczasow\u0105 stolic\u0105 kraju. Madryt by\u0142 stale zagro\u017cony, a miasto oferowa\u0142o wi\u0119ksze bezpiecze\u0144stwo. Utworzono tu biura ministerialne i siedziby dyplomatyczne, dzi\u0119ki czemu Walencja sta\u0142a si\u0119 jednym z najbardziej aktywnych o\u015brodk\u00f3w politycznych i kulturalnych tamtych czas\u00f3w.<\/p>\n<p>Dzi\u015b niekt\u00f3re z tych budynk\u00f3w s\u0105 nadal w u\u017cyciu, takie jak Dworzec P\u00f3\u0142nocny czy Ratusz.<\/p>\n<p><img fetchpriority=\"high\" decoding=\"async\" class=\"alignnone size-full wp-image-3278\" src=\"https:\/\/valenciaandgo.com\/wp-content\/uploads\/2025\/12\/estacio-del-nord.webp\" alt=\"\" width=\"696\" height=\"1080\" \/><\/p>\n<p><!-- \/wp:paragraph --><\/p>\n<p><!-- wp:paragraph --><\/p>\n<p><!-- \/wp:paragraph --><\/p>\n<p><!-- wp:heading --><\/p>\t\t\t\t\t\t\t\t<\/div>\n\t\t\t\t<\/div>\n\t\t\t\t\t<\/div>\n\t\t\t\t<\/div>\n\t\t<div class=\"elementor-element elementor-element-6639e8f e-flex e-con-boxed e-con e-parent\" data-id=\"6639e8f\" data-element_type=\"container\" data-e-type=\"container\">\n\t\t\t\t\t<div class=\"e-con-inner\">\n\t\t<div class=\"elementor-element elementor-element-869608b e-con-full e-flex e-con e-child\" data-id=\"869608b\" data-element_type=\"container\" data-e-type=\"container\">\n\t\t\t\t<div class=\"elementor-element elementor-element-3c0e47b elementor-widget__width-initial elementor-widget elementor-widget-heading\" data-id=\"3c0e47b\" data-element_type=\"widget\" data-e-type=\"widget\" data-widget_type=\"heading.default\">\n\t\t\t\t\t<h2 class=\"elementor-heading-title elementor-size-default\">3. Najw\u0119\u017cszy budynek w Europie znajduje si\u0119 tutaj<\/h2>\t\t\t\t<\/div>\n\t\t\t\t<\/div>\n\t\t<div class=\"elementor-element elementor-element-f629a29 e-con-full e-flex e-con e-child\" data-id=\"f629a29\" data-element_type=\"container\" data-e-type=\"container\">\n\t\t\t\t<div class=\"elementor-element elementor-element-8788d09 elementor-widget elementor-widget-text-editor\" data-id=\"8788d09\" data-element_type=\"widget\" data-e-type=\"widget\" data-widget_type=\"text-editor.default\">\n\t\t\t\t\t\t\t\t\t<p>W samym sercu historycznego centrum miasta, na Plaza Lope de Vega, znajduje si\u0119 \u201cLa Estrecha\u201d: restauracja, w kt\u00f3rej mo\u017cna znale\u017a\u0107 <strong>fasada o d\u0142ugo\u015bci zaledwie 107 centymetr\u00f3w<\/strong> Jest to najw\u0119\u017cszy budynek w Europie. Dawniej budynek mieszkalny, obecnie jest cz\u0119\u015bci\u0105 hotelu i restauracji.<\/p>\n<p><!-- \/wp:qubely\/image --><!-- wp:paragraph --><\/p>\n<p>Idealne miejsce, aby zrobi\u0107 ciekawe zdj\u0119cie i zrozumie\u0107, jak wygl\u0105da\u0142a popularna architektura centrum.<\/p>\n<p><!-- \/wp:paragraph --><!-- wp:paragraph --><\/p>\n<p><img decoding=\"async\" class=\"alignnone size-full wp-image-3282\" src=\"https:\/\/valenciaandgo.com\/wp-content\/uploads\/2025\/12\/la-estrecha.webp\" alt=\"\" width=\"810\" height=\"1080\" \/><\/p>\t\t\t\t\t\t\t\t<\/div>\n\t\t\t\t<\/div>\n\t\t\t\t\t<\/div>\n\t\t\t\t<\/div>\n\t\t<div class=\"elementor-element elementor-element-d5e95c3 e-flex e-con-boxed e-con e-parent\" data-id=\"d5e95c3\" data-element_type=\"container\" data-e-type=\"container\">\n\t\t\t\t\t<div class=\"e-con-inner\">\n\t\t<div class=\"elementor-element elementor-element-ba61924 e-con-full e-flex e-con e-child\" data-id=\"ba61924\" data-element_type=\"container\" data-e-type=\"container\">\n\t\t\t\t<div class=\"elementor-element elementor-element-41e4c45 elementor-widget elementor-widget-heading\" data-id=\"41e4c45\" data-element_type=\"widget\" data-e-type=\"widget\" data-widget_type=\"heading.default\">\n\t\t\t\t\t<h2 class=\"elementor-heading-title elementor-size-default\">4. Rzeka przekszta\u0142cona w najwi\u0119kszy park w mie\u015bcie<\/h2>\t\t\t\t<\/div>\n\t\t\t\t<\/div>\n\t\t<div class=\"elementor-element elementor-element-f829320 e-con-full e-flex e-con e-child\" data-id=\"f829320\" data-element_type=\"container\" data-e-type=\"container\">\n\t\t\t\t<div class=\"elementor-element elementor-element-b30c081 elementor-widget elementor-widget-text-editor\" data-id=\"b30c081\" data-element_type=\"widget\" data-e-type=\"widget\" data-widget_type=\"text-editor.default\">\n\t\t\t\t\t\t\t\t\t<p>Ogr\u00f3d Turia nie zawsze by\u0142 parkiem. Kiedy\u015b przep\u0142ywa\u0142a przez niego rzeka Turia, ale po wielkiej powodzi w 1957 r. zosta\u0142a przekierowana. Zamiast przekszta\u0142ci\u0107 j\u0105 w autostrad\u0119, miasto postanowi\u0142o stworzy\u0107 ogromne zielone p\u0142uca o d\u0142ugo\u015bci ponad 10 km, dzi\u015b jeden z najwi\u0119kszych park\u00f3w miejskich w Hiszpanii, kt\u00f3ry mo\u017cna zwiedza\u0107 na rowerze, pieszo lub do\u0142\u0105czy\u0107 do jednej z naszych wycieczek z przewodnikiem wzd\u0142u\u017c koryta rzeki.<\/p>\t\t\t\t\t\t\t\t<\/div>\n\t\t\t\t<\/div>\n\t\t\t\t\t<\/div>\n\t\t\t\t<\/div>\n\t\t<div class=\"elementor-element elementor-element-05b6cb2 e-flex e-con-boxed e-con e-parent\" data-id=\"05b6cb2\" data-element_type=\"container\" data-e-type=\"container\">\n\t\t\t\t\t<div class=\"e-con-inner\">\n\t\t<div class=\"elementor-element elementor-element-029b3d1 e-con-full e-flex e-con e-child\" data-id=\"029b3d1\" data-element_type=\"container\" data-e-type=\"container\">\n\t\t\t\t<div class=\"elementor-element elementor-element-181b11c elementor-widget elementor-widget-heading\" data-id=\"181b11c\" data-element_type=\"widget\" data-e-type=\"widget\" data-widget_type=\"heading.default\">\n\t\t\t\t\t<h2 class=\"elementor-heading-title elementor-size-default\">5. Najstarszy na \u015bwiecie s\u0105d wodny<\/h2>\t\t\t\t<\/div>\n\t\t\t\t<\/div>\n\t\t<div class=\"elementor-element elementor-element-d81b1f8 e-con-full e-flex e-con e-child\" data-id=\"d81b1f8\" data-element_type=\"container\" data-e-type=\"container\">\n\t\t\t\t<div class=\"elementor-element elementor-element-7326d76 elementor-widget elementor-widget-text-editor\" data-id=\"7326d76\" data-element_type=\"widget\" data-e-type=\"widget\" data-widget_type=\"text-editor.default\">\n\t\t\t\t\t\t\t\t\t<p>W ka\u017cdy czwartek w po\u0142udnie, przed drzwiami Aposto\u0142a Katedry, odbywa si\u0119 spotkanie <strong>Trybuna\u0142 Wodny<\/strong>. Instytucja ta, uznana przez UNESCO, funkcjonuje od ponad 1000 lat w celu rozwi\u0105zywania spor\u00f3w irygacyjnych mi\u0119dzy rolnikami.<\/p>\n<p><!-- \/wp:paragraph --><!-- wp:paragraph --><\/p>\n<p>Nie ma papierkowej roboty, prawnik\u00f3w, op\u00f3\u017anie\u0144. Decyzje s\u0105 ustne i stanowcze, jak w \u015bredniowieczu.<\/p>\t\t\t\t\t\t\t\t<\/div>\n\t\t\t\t<\/div>\n\t\t\t\t\t<\/div>\n\t\t\t\t<\/div>\n\t\t<div class=\"elementor-element elementor-element-9674804 e-flex e-con-boxed e-con e-parent\" data-id=\"9674804\" data-element_type=\"container\" data-e-type=\"container\">\n\t\t\t\t\t<div class=\"e-con-inner\">\n\t\t<div class=\"elementor-element elementor-element-9f438d9 e-con-full e-flex e-con e-child\" data-id=\"9f438d9\" data-element_type=\"container\" data-e-type=\"container\">\n\t\t\t\t<div class=\"elementor-element elementor-element-d52109b elementor-widget elementor-widget-heading\" data-id=\"d52109b\" data-element_type=\"widget\" data-e-type=\"widget\" data-widget_type=\"heading.default\">\n\t\t\t\t\t<h2 class=\"elementor-heading-title elementor-size-default\">6. La Lonja de la Seda: miejsce \u015bwiatowego dziedzictwa<\/h2>\t\t\t\t<\/div>\n\t\t\t\t<\/div>\n\t\t<div class=\"elementor-element elementor-element-eb7bf54 e-con-full e-flex e-con e-child\" data-id=\"eb7bf54\" data-element_type=\"container\" data-e-type=\"container\">\n\t\t\t\t<div class=\"elementor-element elementor-element-7211f29 elementor-widget elementor-widget-text-editor\" data-id=\"7211f29\" data-element_type=\"widget\" data-e-type=\"widget\" data-widget_type=\"text-editor.default\">\n\t\t\t\t\t\t\t\t\t<p>Zbudowany mi\u0119dzy 1482 a 1533 rokiem <strong>Silk Exchange<\/strong> reprezentuje pot\u0119g\u0119 handlow\u0105, jak\u0105 Walencja mia\u0142a przez wieki. W jego majestatycznej Sala de Contrataci\u00f3n zawierano jedwabne umowy z ca\u0142ego \u015bwiata. Dzi\u015b jest to jeden z najbardziej imponuj\u0105cych gotyckich budynk\u00f3w cywilnych w Europie, wpisany na list\u0119 \u015bwiatowego dziedzictwa UNESCO.<\/p>\n<p><img decoding=\"async\" class=\"alignnone size-full wp-image-3281\" src=\"https:\/\/valenciaandgo.com\/wp-content\/uploads\/2025\/12\/inside-lonja-seda.webp\" alt=\"\" width=\"1920\" height=\"1080\" \/><\/p>\n<p><!-- \/wp:qubely\/image --><!-- wp:paragraph --><\/p>\n<p>Sp\u00f3jrz na jego spiralne kolumny: symbolizuj\u0105 one czysty i uczciwy handel.<\/p>\t\t\t\t\t\t\t\t<\/div>\n\t\t\t\t<\/div>\n\t\t\t\t\t<\/div>\n\t\t\t\t<\/div>\n\t\t<div class=\"elementor-element elementor-element-92b0020 e-flex e-con-boxed e-con e-parent\" data-id=\"92b0020\" data-element_type=\"container\" data-e-type=\"container\">\n\t\t\t\t\t<div class=\"e-con-inner\">\n\t\t<div class=\"elementor-element elementor-element-7e19361 e-con-full e-flex e-con e-child\" data-id=\"7e19361\" data-element_type=\"container\" data-e-type=\"container\">\n\t\t\t\t<div class=\"elementor-element elementor-element-a134c49 elementor-widget elementor-widget-heading\" data-id=\"a134c49\" data-element_type=\"widget\" data-e-type=\"widget\" data-widget_type=\"heading.default\">\n\t\t\t\t\t<h2 class=\"elementor-heading-title elementor-size-default\">7. \u015awi\u0119ty Kielich znajduje si\u0119 w katedrze w Walencji.<\/h2>\t\t\t\t<\/div>\n\t\t\t\t<\/div>\n\t\t<div class=\"elementor-element elementor-element-3a806dc e-con-full e-flex e-con e-child\" data-id=\"3a806dc\" data-element_type=\"container\" data-e-type=\"container\">\n\t\t\t\t<div class=\"elementor-element elementor-element-8956be2 elementor-widget elementor-widget-text-editor\" data-id=\"8956be2\" data-element_type=\"widget\" data-e-type=\"widget\" data-widget_type=\"text-editor.default\">\n\t\t\t\t\t\t\t\t\t<p>Tak, dobrze przeczyta\u0142e\u015b. W katedrze w Walencji znajduje si\u0119 <strong>\u015awi\u0119ty Kielich<\/strong>, kielich, o kt\u00f3rym m\u00f3wi si\u0119, \u017ce Jezus Chrystus u\u017cy\u0142 go podczas Ostatniej Wieczerzy. Chocia\u017c nie mo\u017cna zweryfikowa\u0107 jego autentyczno\u015bci, zosta\u0142 on uznany przez kilku papie\u017cy i jest kluczowym elementem religijnej historii miasta.<\/p>\n<p><!-- \/wp:paragraph --><!-- wp:paragraph --><\/p>\n<p>Mo\u017cna go zobaczy\u0107 w Kaplicy \u015awi\u0119tego Kielicha wewn\u0105trz katedry.<\/p>\t\t\t\t\t\t\t\t<\/div>\n\t\t\t\t<\/div>\n\t\t\t\t\t<\/div>\n\t\t\t\t<\/div>\n\t\t<div class=\"elementor-element elementor-element-717644c e-flex e-con-boxed e-con e-parent\" data-id=\"717644c\" data-element_type=\"container\" data-e-type=\"container\">\n\t\t\t\t\t<div class=\"e-con-inner\">\n\t\t<div class=\"elementor-element elementor-element-d46b587 e-con-full e-flex e-con e-child\" data-id=\"d46b587\" data-element_type=\"container\" data-e-type=\"container\">\n\t\t\t\t<div class=\"elementor-element elementor-element-25243f0 elementor-widget elementor-widget-heading\" data-id=\"25243f0\" data-element_type=\"widget\" data-e-type=\"widget\" data-widget_type=\"heading.default\">\n\t\t\t\t\t<h2 class=\"elementor-heading-title elementor-size-default\">8. Agua de Valencia: wyj\u0105tkowy koktajl<\/h2>\t\t\t\t<\/div>\n\t\t\t\t<\/div>\n\t\t<div class=\"elementor-element elementor-element-df46ca5 e-con-full e-flex e-con e-child\" data-id=\"df46ca5\" data-element_type=\"container\" data-e-type=\"container\">\n\t\t\t\t<div class=\"elementor-element elementor-element-6d82232 elementor-widget elementor-widget-text-editor\" data-id=\"6d82232\" data-element_type=\"widget\" data-e-type=\"widget\" data-widget_type=\"text-editor.default\">\n\t\t\t\t\t\t\t\t\t<p>Narodzi\u0142 si\u0119 w 1959 roku w Caf\u00e9 Madrid, kiedy grupa przyjaci\u00f3\u0142 poprosi\u0142a o \u201cco\u015b innego\u201d, a malarz <strong>Constante Gil<\/strong> mieszanka cavy, soku pomara\u0144czowego, w\u00f3dki i ginu. W ten spos\u00f3b powsta\u0142 <strong>Woda z Walencji<\/strong>, dzi\u015b jeden z najbardziej charakterystycznych koktajli w mie\u015bcie.<\/p>\n<p><img loading=\"lazy\" decoding=\"async\" class=\"alignnone size-full wp-image-3271\" src=\"https:\/\/valenciaandgo.com\/wp-content\/uploads\/2025\/12\/agua-de-valencia.webp\" alt=\"\" width=\"1920\" height=\"1080\" \/><\/p>\n<p><!-- \/wp:qubely\/image --><!-- wp:paragraph --><\/p>\n<p>Lokalna wskaz\u00f3wka: polecamy kawiarni\u0119 Caf\u00e9 de las Horas.<\/p>\n<p><!-- \/wp:paragraph --><!-- wp:paragraph --><\/p>\n<p><!-- \/wp:paragraph --><!-- wp:heading --><\/p>\n<p><!-- \/wp:heading --><!-- wp:paragraph --><\/p>\t\t\t\t\t\t\t\t<\/div>\n\t\t\t\t<\/div>\n\t\t\t\t\t<\/div>\n\t\t\t\t<\/div>\n\t\t<div class=\"elementor-element elementor-element-0c8e751 e-flex e-con-boxed e-con e-parent\" data-id=\"0c8e751\" data-element_type=\"container\" data-e-type=\"container\">\n\t\t\t\t\t<div class=\"e-con-inner\">\n\t\t<div class=\"elementor-element elementor-element-91a040e e-con-full e-flex e-con e-child\" data-id=\"91a040e\" data-element_type=\"container\" data-e-type=\"container\">\n\t\t\t\t<div class=\"elementor-element elementor-element-b8fef04 elementor-widget elementor-widget-heading\" data-id=\"b8fef04\" data-element_type=\"widget\" data-e-type=\"widget\" data-widget_type=\"heading.default\">\n\t\t\t\t\t<h2 class=\"elementor-heading-title elementor-size-default\">9. Walencja ma ponad 1100 sygnalizacji \u015bwietlnych.<\/h2>\t\t\t\t<\/div>\n\t\t\t\t<\/div>\n\t\t<div class=\"elementor-element elementor-element-9d990d6 e-con-full e-flex e-con e-child\" data-id=\"9d990d6\" data-element_type=\"container\" data-e-type=\"container\">\n\t\t\t\t<div class=\"elementor-element elementor-element-dd5181f elementor-widget elementor-widget-text-editor\" data-id=\"dd5181f\" data-element_type=\"widget\" data-e-type=\"widget\" data-widget_type=\"text-editor.default\">\n\t\t\t\t\t\t\t\t\t<p>Cho\u0107 mo\u017ce si\u0119 to wydawa\u0107 niepotwierdzonym faktem, Valencia ma wi\u0119cej ni\u017c <strong>1 100 skrzy\u017cowa\u0144 z sygnalizacj\u0105 \u015bwietln\u0105<\/strong>, to bardzo wysoka liczba mieszka\u0144c\u00f3w. Odzwierciedla to jego struktur\u0119 miejsk\u0105, zaprojektowan\u0105 z my\u015bl\u0105 o pieszych i rowerzystach.<\/p>\n<p><!-- \/wp:paragraph --><!-- wp:paragraph --><\/p>\n<p>Dlatego jest to jedno z najwygodniejszych miast w Europie do poruszania si\u0119 pieszo!<\/p>\n<p><!-- \/wp:paragraph --><!-- wp:paragraph --><\/p>\t\t\t\t\t\t\t\t<\/div>\n\t\t\t\t<\/div>\n\t\t\t\t\t<\/div>\n\t\t\t\t<\/div>\n\t\t<div class=\"elementor-element elementor-element-225d7c3 e-flex e-con-boxed e-con e-parent\" data-id=\"225d7c3\" data-element_type=\"container\" data-e-type=\"container\">\n\t\t\t\t\t<div class=\"e-con-inner\">\n\t\t<div class=\"elementor-element elementor-element-8be1169 e-con-full e-flex e-con e-child\" data-id=\"8be1169\" data-element_type=\"container\" data-e-type=\"container\">\n\t\t\t\t<div class=\"elementor-element elementor-element-b2dbe03 elementor-widget elementor-widget-heading\" data-id=\"b2dbe03\" data-element_type=\"widget\" data-e-type=\"widget\" data-widget_type=\"heading.default\">\n\t\t\t\t\t<h2 class=\"elementor-heading-title elementor-size-default\">10. Ma\u0142o znane muzea z ukrytymi klejnotami<\/h2>\t\t\t\t<\/div>\n\t\t\t\t<\/div>\n\t\t<div class=\"elementor-element elementor-element-e8372fa e-con-full e-flex e-con e-child\" data-id=\"e8372fa\" data-element_type=\"container\" data-e-type=\"container\">\n\t\t\t\t<div class=\"elementor-element elementor-element-31bdaad elementor-widget elementor-widget-text-editor\" data-id=\"31bdaad\" data-element_type=\"widget\" data-e-type=\"widget\" data-widget_type=\"text-editor.default\">\n\t\t\t\t\t\t\t\t\t<p>Poza Miastem Sztuki i Nauki, Walencja ma kilka prawdziwych ukrytych klejnot\u00f3w: The <strong>Muzeum Nauk Przyrodniczych<\/strong> w Jardines del Real <strong>Muzeum Prehistoryczne<\/strong> z unikalnymi elementami lub <strong>Muzeum Almoina<\/strong>, kt\u00f3ry ukrywa rzymskie szcz\u0105tki pod ziemi\u0105.<\/p>\n<p><!-- \/wp:paragraph --><!-- wp:paragraph --><\/p>\n<p>Idealny do odwiedzenia, je\u015bli szukasz innych i spokojnych plan\u00f3w.<\/p>\t\t\t\t\t\t\t\t<\/div>\n\t\t\t\t<\/div>\n\t\t\t\t\t<\/div>\n\t\t\t\t<\/div>\n\t\t<div class=\"elementor-element elementor-element-1a1afba e-flex e-con-boxed e-con e-parent\" data-id=\"1a1afba\" data-element_type=\"container\" data-e-type=\"container\">\n\t\t\t\t\t<div class=\"e-con-inner\">\n\t\t<div class=\"elementor-element elementor-element-ba53b0d e-con-full e-flex e-con e-child\" data-id=\"ba53b0d\" data-element_type=\"container\" data-e-type=\"container\">\n\t\t\t\t<div class=\"elementor-element elementor-element-a395e60 elementor-widget elementor-widget-heading\" data-id=\"a395e60\" data-element_type=\"widget\" data-e-type=\"widget\" data-widget_type=\"heading.default\">\n\t\t\t\t\t<h2 class=\"elementor-heading-title elementor-size-default\">Odkryj z nami te i inne tajemnice<\/h2>\t\t\t\t<\/div>\n\t\t\t\t<\/div>\n\t\t<div class=\"elementor-element elementor-element-16a2ac1 e-con-full e-flex e-con e-child\" data-id=\"16a2ac1\" data-element_type=\"container\" data-e-type=\"container\">\n\t\t\t\t<div class=\"elementor-element elementor-element-67386fa elementor-widget elementor-widget-text-editor\" data-id=\"67386fa\" data-element_type=\"widget\" data-e-type=\"widget\" data-widget_type=\"text-editor.default\">\n\t\t\t\t\t\t\t\t\t<p>Je\u015bli jeste\u015b pasjonatem podr\u00f3\u017cowania z innej perspektywy, mo\u017cesz po\u0142\u0105czy\u0107 te ciekawostki z naszymi wycieczkami i do\u015bwiadczeniami:<\/p>\n<p><!-- \/wp:paragraph --><!-- wp:list --><\/p>\n<ul class=\"wp-block-list\"><!-- wp:list-item -->\n<li><a href=\"https:\/\/valenciaandgo.com\/tours-valencia\/tour-de-arte-y-arquitectura\/\">Wycieczka po sztuce i architekturze<\/a> w tym bilety<\/li>\n<!-- \/wp:list-item --><!-- wp:list-item -->\n<li><a href=\"https:\/\/valenciaandgo.com\/tours-valencia\/gincana-por-valencia\/\">Gymkhana przez historyczne centrum miasta<\/a>Odkryj histori\u0119 miasta w inny spos\u00f3b.<\/li>\n<!-- \/wp:list-item --><!-- wp:list-item -->\n<li><a href=\"https:\/\/valenciaandgo.com\/tours-valencia\/ruta-en-bici-por-el-parque-del-rio-turia\/\">Wycieczka rowerowa<\/a> wzd\u0142u\u017c rzeki Turia<\/li>\n<!-- \/wp:list-item --><\/ul>\n<p><!-- \/wp:list --><!-- wp:paragraph --><\/p>\n<p>I nie zapomnij \u015bledzi\u0107 nas na Instagramie i TikTok, aby odkry\u0107 wi\u0119cej ciekawostek.<\/p>\n<p><!-- \/wp:paragraph --><!-- wp:paragraph --><\/p>\t\t\t\t\t\t\t\t<\/div>\n\t\t\t\t<\/div>\n\t\t\t\t\t<\/div>\n\t\t\t\t<\/div>\n\t\t\t\t<\/div>","protected":false},"excerpt":{"rendered":"<p>Cuando hablamos de Valencia, muchos piensan autom\u00e1ticamente en playas, paella, fallas y la Ciudad de las Artes y las Ciencias. Pero esta ciudad mediterr\u00e1nea esconde mucho m\u00e1s que postales tur\u00edsticas: est\u00e1 llena de historias reales, rincones inesperados y detalles que incluso muchos valencianos desconocen. Desde edificios que rompen r\u00e9cords hasta instituciones centenarias que siguen activas [&hellip;]<\/p>\n","protected":false},"author":1,"featured_media":729,"comment_status":"closed","ping_status":"closed","sticky":false,"template":"","format":"standard","meta":{"_acf_changed":false,"footnotes":""},"categories":[21,54,41],"tags":[29,53],"class_list":["post-573","post","type-post","status-publish","format-standard","has-post-thumbnail","hentry","category-consejos-vacaciones","category-que-hacer","category-que-ver","tag-datos","tag-valencia"],"acf":[],"yoast_head":"<!-- This site is optimized with the Yoast SEO plugin v27.5 - https:\/\/yoast.com\/product\/yoast-seo-wordpress\/ -->\n<title>10 datos sobre Valencia que (probablemente) no sab\u00edas<\/title>\n<meta name=\"description\" content=\"Descubre 10 datos sobre Valencia: historia, cultura, arquitectura, secretos y curiosidades reales que ni siquiera los lugare\u00f1os conocen.\" \/>\n<meta name=\"robots\" content=\"noindex, follow, max-snippet:-1, max-image-preview:large, max-video-preview:-1\" \/>\n<meta property=\"og:locale\" content=\"pl_PL\" \/>\n<meta property=\"og:type\" content=\"article\" \/>\n<meta property=\"og:title\" content=\"10 datos sobre Valencia que (probablemente) no sab\u00edas\" \/>\n<meta property=\"og:description\" content=\"Descubre 10 datos sobre Valencia: historia, cultura, arquitectura, secretos y curiosidades reales que ni siquiera los lugare\u00f1os conocen.\" \/>\n<meta property=\"og:url\" content=\"https:\/\/upgrade.valenciaandgo.com\/pl\/10-faktow-o-walencji\/\" \/>\n<meta property=\"og:site_name\" content=\"Valencia&amp;Go\" \/>\n<meta property=\"article:publisher\" content=\"https:\/\/www.facebook.com\/valenciaandgo\/\" \/>\n<meta property=\"article:published_time\" content=\"2025-10-08T10:34:00+00:00\" \/>\n<meta property=\"article:modified_time\" content=\"2026-03-14T13:01:26+00:00\" \/>\n<meta property=\"og:image\" content=\"https:\/\/upgrade.valenciaandgo.com\/wp-content\/uploads\/2025\/11\/img-blog-ideas-septiembre.webp\" \/>\n\t<meta property=\"og:image:width\" content=\"1170\" \/>\n\t<meta property=\"og:image:height\" content=\"783\" \/>\n\t<meta property=\"og:image:type\" content=\"image\/webp\" \/>\n<meta name=\"author\" content=\"Valencia &amp; Go\" \/>\n<meta name=\"twitter:card\" content=\"summary_large_image\" \/>\n<meta name=\"twitter:label1\" content=\"Napisane przez\" \/>\n\t<meta name=\"twitter:data1\" content=\"Valencia &amp; Go\" \/>\n\t<meta name=\"twitter:label2\" content=\"Szacowany czas czytania\" \/>\n\t<meta name=\"twitter:data2\" content=\"5 minut\" \/>\n<script type=\"application\/ld+json\" class=\"yoast-schema-graph\">{\"@context\":\"https:\\\/\\\/schema.org\",\"@graph\":[{\"@type\":\"Article\",\"@id\":\"https:\\\/\\\/upgrade.valenciaandgo.com\\\/10-datos-valencia\\\/#article\",\"isPartOf\":{\"@id\":\"https:\\\/\\\/upgrade.valenciaandgo.com\\\/10-datos-valencia\\\/\"},\"author\":{\"name\":\"Valencia &amp; Go\",\"@id\":\"https:\\\/\\\/upgrade.valenciaandgo.com\\\/it\\\/#\\\/schema\\\/person\\\/ca673553802eb937b57af07a6ce74908\"},\"headline\":\"10 curiosidades de Valencia que (probablemente) no sab\u00edas\",\"datePublished\":\"2025-10-08T10:34:00+00:00\",\"dateModified\":\"2026-03-14T13:01:26+00:00\",\"mainEntityOfPage\":{\"@id\":\"https:\\\/\\\/upgrade.valenciaandgo.com\\\/10-datos-valencia\\\/\"},\"wordCount\":892,\"publisher\":{\"@id\":\"https:\\\/\\\/upgrade.valenciaandgo.com\\\/it\\\/#organization\"},\"image\":{\"@id\":\"https:\\\/\\\/upgrade.valenciaandgo.com\\\/10-datos-valencia\\\/#primaryimage\"},\"thumbnailUrl\":\"https:\\\/\\\/upgrade.valenciaandgo.com\\\/wp-content\\\/uploads\\\/2025\\\/11\\\/img-blog-ideas-septiembre.webp\",\"keywords\":[\"datos\",\"Valencia\"],\"articleSection\":[\"Consejos para tus vacaciones\",\"Qu\u00e9 hacer\",\"Qu\u00e9 ver\"],\"inLanguage\":\"pl-PL\"},{\"@type\":\"WebPage\",\"@id\":\"https:\\\/\\\/upgrade.valenciaandgo.com\\\/10-datos-valencia\\\/\",\"url\":\"https:\\\/\\\/upgrade.valenciaandgo.com\\\/10-datos-valencia\\\/\",\"name\":\"10 datos sobre Valencia que (probablemente) no sab\u00edas\",\"isPartOf\":{\"@id\":\"https:\\\/\\\/upgrade.valenciaandgo.com\\\/it\\\/#website\"},\"primaryImageOfPage\":{\"@id\":\"https:\\\/\\\/upgrade.valenciaandgo.com\\\/10-datos-valencia\\\/#primaryimage\"},\"image\":{\"@id\":\"https:\\\/\\\/upgrade.valenciaandgo.com\\\/10-datos-valencia\\\/#primaryimage\"},\"thumbnailUrl\":\"https:\\\/\\\/upgrade.valenciaandgo.com\\\/wp-content\\\/uploads\\\/2025\\\/11\\\/img-blog-ideas-septiembre.webp\",\"datePublished\":\"2025-10-08T10:34:00+00:00\",\"dateModified\":\"2026-03-14T13:01:26+00:00\",\"description\":\"Descubre 10 datos sobre Valencia: historia, cultura, arquitectura, secretos y curiosidades reales que ni siquiera los lugare\u00f1os conocen.\",\"breadcrumb\":{\"@id\":\"https:\\\/\\\/upgrade.valenciaandgo.com\\\/10-datos-valencia\\\/#breadcrumb\"},\"inLanguage\":\"pl-PL\",\"potentialAction\":[{\"@type\":\"ReadAction\",\"target\":[\"https:\\\/\\\/upgrade.valenciaandgo.com\\\/10-datos-valencia\\\/\"]}]},{\"@type\":\"ImageObject\",\"inLanguage\":\"pl-PL\",\"@id\":\"https:\\\/\\\/upgrade.valenciaandgo.com\\\/10-datos-valencia\\\/#primaryimage\",\"url\":\"https:\\\/\\\/upgrade.valenciaandgo.com\\\/wp-content\\\/uploads\\\/2025\\\/11\\\/img-blog-ideas-septiembre.webp\",\"contentUrl\":\"https:\\\/\\\/upgrade.valenciaandgo.com\\\/wp-content\\\/uploads\\\/2025\\\/11\\\/img-blog-ideas-septiembre.webp\",\"width\":1170,\"height\":783},{\"@type\":\"BreadcrumbList\",\"@id\":\"https:\\\/\\\/upgrade.valenciaandgo.com\\\/10-datos-valencia\\\/#breadcrumb\",\"itemListElement\":[{\"@type\":\"ListItem\",\"position\":1,\"name\":\"Portada\",\"item\":\"https:\\\/\\\/upgrade.valenciaandgo.com\\\/\"},{\"@type\":\"ListItem\",\"position\":2,\"name\":\"10 curiosidades de Valencia que (probablemente) no sab\u00edas\"}]},{\"@type\":\"WebSite\",\"@id\":\"https:\\\/\\\/upgrade.valenciaandgo.com\\\/it\\\/#website\",\"url\":\"https:\\\/\\\/upgrade.valenciaandgo.com\\\/it\\\/\",\"name\":\"Valencia&Go\",\"description\":\"Tours por Valencia y alrededores de ciudad.\",\"publisher\":{\"@id\":\"https:\\\/\\\/upgrade.valenciaandgo.com\\\/it\\\/#organization\"},\"potentialAction\":[{\"@type\":\"SearchAction\",\"target\":{\"@type\":\"EntryPoint\",\"urlTemplate\":\"https:\\\/\\\/upgrade.valenciaandgo.com\\\/it\\\/?s={search_term_string}\"},\"query-input\":{\"@type\":\"PropertyValueSpecification\",\"valueRequired\":true,\"valueName\":\"search_term_string\"}}],\"inLanguage\":\"pl-PL\"},{\"@type\":\"Organization\",\"@id\":\"https:\\\/\\\/upgrade.valenciaandgo.com\\\/it\\\/#organization\",\"name\":\"Valencia&Go\",\"url\":\"https:\\\/\\\/upgrade.valenciaandgo.com\\\/it\\\/\",\"logo\":{\"@type\":\"ImageObject\",\"inLanguage\":\"pl-PL\",\"@id\":\"https:\\\/\\\/upgrade.valenciaandgo.com\\\/it\\\/#\\\/schema\\\/logo\\\/image\\\/\",\"url\":\"https:\\\/\\\/upgrade.valenciaandgo.com\\\/wp-content\\\/uploads\\\/2025\\\/10\\\/valencia_go-svg-blnc-iso-naranja.svg\",\"contentUrl\":\"https:\\\/\\\/upgrade.valenciaandgo.com\\\/wp-content\\\/uploads\\\/2025\\\/10\\\/valencia_go-svg-blnc-iso-naranja.svg\",\"width\":434,\"height\":102,\"caption\":\"Valencia&Go\"},\"image\":{\"@id\":\"https:\\\/\\\/upgrade.valenciaandgo.com\\\/it\\\/#\\\/schema\\\/logo\\\/image\\\/\"},\"sameAs\":[\"https:\\\/\\\/www.facebook.com\\\/valenciaandgo\\\/\",\"https:\\\/\\\/www.instagram.com\\\/valenciaandgo\",\"https:\\\/\\\/www.linkedin.com\\\/company\\\/valencia-go\\\/\",\"https:\\\/\\\/www.tiktok.com\\\/@valenciaandgo\"]},{\"@type\":\"Person\",\"@id\":\"https:\\\/\\\/upgrade.valenciaandgo.com\\\/it\\\/#\\\/schema\\\/person\\\/ca673553802eb937b57af07a6ce74908\",\"name\":\"Valencia &amp; Go\",\"sameAs\":[\"https:\\\/\\\/valenciaandgo.com\"],\"url\":\"https:\\\/\\\/upgrade.valenciaandgo.com\\\/pl\\\/author\\\/valencia\\\/\"}]}<\/script>\n<!-- \/ Yoast SEO plugin. -->","yoast_head_json":{"title":"10 fakt\u00f3w o Walencji, kt\u00f3rych (prawdopodobnie) nie zna\u0142e\u015b","description":"Odkryj 10 fakt\u00f3w o Walencji: histori\u0119, kultur\u0119, architektur\u0119, sekrety i prawdziwe ciekawostki, kt\u00f3rych nie znaj\u0105 nawet miejscowi.","robots":{"index":"noindex","follow":"follow","max-snippet":"max-snippet:-1","max-image-preview":"max-image-preview:large","max-video-preview":"max-video-preview:-1"},"og_locale":"pl_PL","og_type":"article","og_title":"10 datos sobre Valencia que (probablemente) no sab\u00edas","og_description":"Descubre 10 datos sobre Valencia: historia, cultura, arquitectura, secretos y curiosidades reales que ni siquiera los lugare\u00f1os conocen.","og_url":"https:\/\/upgrade.valenciaandgo.com\/pl\/10-faktow-o-walencji\/","og_site_name":"Valencia&amp;Go","article_publisher":"https:\/\/www.facebook.com\/valenciaandgo\/","article_published_time":"2025-10-08T10:34:00+00:00","article_modified_time":"2026-03-14T13:01:26+00:00","og_image":[{"width":1170,"height":783,"url":"https:\/\/upgrade.valenciaandgo.com\/wp-content\/uploads\/2025\/11\/img-blog-ideas-septiembre.webp","type":"image\/webp"}],"author":"Valencia &amp; Go","twitter_card":"summary_large_image","twitter_misc":{"Napisane przez":"Valencia &amp; Go","Szacowany czas czytania":"5 minut"},"schema":{"@context":"https:\/\/schema.org","@graph":[{"@type":"Article","@id":"https:\/\/upgrade.valenciaandgo.com\/10-datos-valencia\/#article","isPartOf":{"@id":"https:\/\/upgrade.valenciaandgo.com\/10-datos-valencia\/"},"author":{"name":"Valencia &amp; Go","@id":"https:\/\/upgrade.valenciaandgo.com\/it\/#\/schema\/person\/ca673553802eb937b57af07a6ce74908"},"headline":"10 curiosidades de Valencia que (probablemente) no sab\u00edas","datePublished":"2025-10-08T10:34:00+00:00","dateModified":"2026-03-14T13:01:26+00:00","mainEntityOfPage":{"@id":"https:\/\/upgrade.valenciaandgo.com\/10-datos-valencia\/"},"wordCount":892,"publisher":{"@id":"https:\/\/upgrade.valenciaandgo.com\/it\/#organization"},"image":{"@id":"https:\/\/upgrade.valenciaandgo.com\/10-datos-valencia\/#primaryimage"},"thumbnailUrl":"https:\/\/upgrade.valenciaandgo.com\/wp-content\/uploads\/2025\/11\/img-blog-ideas-septiembre.webp","keywords":["datos","Valencia"],"articleSection":["Consejos para tus vacaciones","Qu\u00e9 hacer","Qu\u00e9 ver"],"inLanguage":"pl-PL"},{"@type":"WebPage","@id":"https:\/\/upgrade.valenciaandgo.com\/10-datos-valencia\/","url":"https:\/\/upgrade.valenciaandgo.com\/10-datos-valencia\/","name":"10 fakt\u00f3w o Walencji, kt\u00f3rych (prawdopodobnie) nie zna\u0142e\u015b","isPartOf":{"@id":"https:\/\/upgrade.valenciaandgo.com\/it\/#website"},"primaryImageOfPage":{"@id":"https:\/\/upgrade.valenciaandgo.com\/10-datos-valencia\/#primaryimage"},"image":{"@id":"https:\/\/upgrade.valenciaandgo.com\/10-datos-valencia\/#primaryimage"},"thumbnailUrl":"https:\/\/upgrade.valenciaandgo.com\/wp-content\/uploads\/2025\/11\/img-blog-ideas-septiembre.webp","datePublished":"2025-10-08T10:34:00+00:00","dateModified":"2026-03-14T13:01:26+00:00","description":"Odkryj 10 fakt\u00f3w o Walencji: histori\u0119, kultur\u0119, architektur\u0119, sekrety i prawdziwe ciekawostki, kt\u00f3rych nie znaj\u0105 nawet miejscowi.","breadcrumb":{"@id":"https:\/\/upgrade.valenciaandgo.com\/10-datos-valencia\/#breadcrumb"},"inLanguage":"pl-PL","potentialAction":[{"@type":"ReadAction","target":["https:\/\/upgrade.valenciaandgo.com\/10-datos-valencia\/"]}]},{"@type":"ImageObject","inLanguage":"pl-PL","@id":"https:\/\/upgrade.valenciaandgo.com\/10-datos-valencia\/#primaryimage","url":"https:\/\/upgrade.valenciaandgo.com\/wp-content\/uploads\/2025\/11\/img-blog-ideas-septiembre.webp","contentUrl":"https:\/\/upgrade.valenciaandgo.com\/wp-content\/uploads\/2025\/11\/img-blog-ideas-septiembre.webp","width":1170,"height":783},{"@type":"BreadcrumbList","@id":"https:\/\/upgrade.valenciaandgo.com\/10-datos-valencia\/#breadcrumb","itemListElement":[{"@type":"ListItem","position":1,"name":"Portada","item":"https:\/\/upgrade.valenciaandgo.com\/"},{"@type":"ListItem","position":2,"name":"10 curiosidades de Valencia que (probablemente) no sab\u00edas"}]},{"@type":"WebSite","@id":"https:\/\/upgrade.valenciaandgo.com\/it\/#website","url":"https:\/\/upgrade.valenciaandgo.com\/it\/","name":"Valencia&amp;Go","description":"Wycieczki po Walencji i okolicach.","publisher":{"@id":"https:\/\/upgrade.valenciaandgo.com\/it\/#organization"},"potentialAction":[{"@type":"SearchAction","target":{"@type":"EntryPoint","urlTemplate":"https:\/\/upgrade.valenciaandgo.com\/it\/?s={search_term_string}"},"query-input":{"@type":"PropertyValueSpecification","valueRequired":true,"valueName":"search_term_string"}}],"inLanguage":"pl-PL"},{"@type":"Organization","@id":"https:\/\/upgrade.valenciaandgo.com\/it\/#organization","name":"Valencia&amp;Go","url":"https:\/\/upgrade.valenciaandgo.com\/it\/","logo":{"@type":"ImageObject","inLanguage":"pl-PL","@id":"https:\/\/upgrade.valenciaandgo.com\/it\/#\/schema\/logo\/image\/","url":"https:\/\/upgrade.valenciaandgo.com\/wp-content\/uploads\/2025\/10\/valencia_go-svg-blnc-iso-naranja.svg","contentUrl":"https:\/\/upgrade.valenciaandgo.com\/wp-content\/uploads\/2025\/10\/valencia_go-svg-blnc-iso-naranja.svg","width":434,"height":102,"caption":"Valencia&Go"},"image":{"@id":"https:\/\/upgrade.valenciaandgo.com\/it\/#\/schema\/logo\/image\/"},"sameAs":["https:\/\/www.facebook.com\/valenciaandgo\/","https:\/\/www.instagram.com\/valenciaandgo","https:\/\/www.linkedin.com\/company\/valencia-go\/","https:\/\/www.tiktok.com\/@valenciaandgo"]},{"@type":"Person","@id":"https:\/\/upgrade.valenciaandgo.com\/it\/#\/schema\/person\/ca673553802eb937b57af07a6ce74908","name":"Valencia &amp; Go","sameAs":["https:\/\/valenciaandgo.com"],"url":"https:\/\/upgrade.valenciaandgo.com\/pl\/author\/valencia\/"}]}},"_links":{"self":[{"href":"https:\/\/upgrade.valenciaandgo.com\/pl\/wp-json\/wp\/v2\/posts\/573","targetHints":{"allow":["GET"]}}],"collection":[{"href":"https:\/\/upgrade.valenciaandgo.com\/pl\/wp-json\/wp\/v2\/posts"}],"about":[{"href":"https:\/\/upgrade.valenciaandgo.com\/pl\/wp-json\/wp\/v2\/types\/post"}],"author":[{"embeddable":true,"href":"https:\/\/upgrade.valenciaandgo.com\/pl\/wp-json\/wp\/v2\/users\/1"}],"replies":[{"embeddable":true,"href":"https:\/\/upgrade.valenciaandgo.com\/pl\/wp-json\/wp\/v2\/comments?post=573"}],"version-history":[{"count":0,"href":"https:\/\/upgrade.valenciaandgo.com\/pl\/wp-json\/wp\/v2\/posts\/573\/revisions"}],"wp:featuredmedia":[{"embeddable":true,"href":"https:\/\/upgrade.valenciaandgo.com\/pl\/wp-json\/wp\/v2\/media\/729"}],"wp:attachment":[{"href":"https:\/\/upgrade.valenciaandgo.com\/pl\/wp-json\/wp\/v2\/media?parent=573"}],"wp:term":[{"taxonomy":"category","embeddable":true,"href":"https:\/\/upgrade.valenciaandgo.com\/pl\/wp-json\/wp\/v2\/categories?post=573"},{"taxonomy":"post_tag","embeddable":true,"href":"https:\/\/upgrade.valenciaandgo.com\/pl\/wp-json\/wp\/v2\/tags?post=573"}],"curies":[{"name":"wp","href":"https:\/\/api.w.org\/{rel}","templated":true}]}}