{"id":571,"date":"2025-10-03T13:39:00","date_gmt":"2025-10-03T13:39:00","guid":{"rendered":"https:\/\/new.valenciaandgo.com\/?p=571"},"modified":"2026-03-14T13:01:26","modified_gmt":"2026-03-14T13:01:26","slug":"ulice-drzewa-pomaranczowe-walencja","status":"publish","type":"post","link":"https:\/\/upgrade.valenciaandgo.com\/pl\/calles-naranjos-valencia\/","title":{"rendered":"Dlaczego nie mo\u017cna je\u015b\u0107 ulicznych pomara\u0144czy w Walencji?"},"content":{"rendered":"<div data-elementor-type=\"wp-post\" data-elementor-id=\"571\" class=\"elementor elementor-571\" data-elementor-post-type=\"post\">\n\t\t\t\t<div class=\"elementor-element elementor-element-e696fc3 e-flex e-con-boxed e-con e-parent\" data-id=\"e696fc3\" data-element_type=\"container\" data-e-type=\"container\">\n\t\t\t\t\t<div class=\"e-con-inner\">\n\t\t<div class=\"elementor-element elementor-element-bbe7226 e-con-full e-flex e-con e-child\" data-id=\"bbe7226\" data-element_type=\"container\" data-e-type=\"container\">\n\t\t\t\t<div class=\"elementor-element elementor-element-98d35e9 elementor-widget elementor-widget-text-editor\" data-id=\"98d35e9\" data-element_type=\"widget\" data-e-type=\"widget\" data-widget_type=\"text-editor.default\">\n\t\t\t\t\t\t\t\t\t\n<p>Spaceruj\u0105c malowniczymi uliczkami Walencji, szczeg\u00f3lnie jesieni\u0105, jedn\u0105 z pierwszych rzeczy, kt\u00f3re przyci\u0105gaj\u0105 wzrok (i nos) jest <strong>Wibruj\u0105ce pomara\u0144czowe drzewa<\/strong> Wy\u015bcie\u0142aj\u0105 bulwary, place i historyczne zak\u0105tki. Ale czy kiedykolwiek zastanawia\u0142e\u015b si\u0119, dlaczego tam s\u0105, je\u015bli pomara\u0144cze s\u0105 <strong>artyku\u0142y spo\u017cywcze <\/strong>i co tak naprawd\u0119 reprezentuj\u0105?<br \/>Porozmawiajmy o historii kultowych pomara\u0144czy ulicznych w Walencji, symbolu miasta, kt\u00f3ry za swoim s\u0142odkim aromatem kryje wi\u0119cej, ni\u017c mo\u017cna sobie wyobrazi\u0107.<\/p>\n\t\t\t\t\t\t\t\t<\/div>\n\t\t\t\t<\/div>\n\t\t<div class=\"elementor-element elementor-element-a6e469b e-con-full e-flex e-con e-child\" data-id=\"a6e469b\" data-element_type=\"container\" data-e-type=\"container\">\n\t\t<div class=\"elementor-element elementor-element-dcf411a e-con-full e-flex e-con e-child\" data-id=\"dcf411a\" data-element_type=\"container\" data-e-type=\"container\">\n\t\t\t\t<div class=\"elementor-element elementor-element-9af06dc elementor-widget elementor-widget-heading\" data-id=\"9af06dc\" data-element_type=\"widget\" data-e-type=\"widget\" data-widget_type=\"heading.default\">\n\t\t\t\t\t<h2 class=\"elementor-heading-title elementor-size-default\">Dlaczego w Walencji rosn\u0105 drzewa pomara\u0144czowe?<\/h2>\t\t\t\t<\/div>\n\t\t\t\t<\/div>\n\t\t<div class=\"elementor-element elementor-element-c06d890 e-con-full e-flex e-con e-child\" data-id=\"c06d890\" data-element_type=\"container\" data-e-type=\"container\">\n\t\t\t\t<div class=\"elementor-element elementor-element-387aeac elementor-widget elementor-widget-text-editor\" data-id=\"387aeac\" data-element_type=\"widget\" data-e-type=\"widget\" data-widget_type=\"text-editor.default\">\n\t\t\t\t\t\t\t\t\t<p>Walencja jest jednym z g\u0142\u00f3wnych region\u00f3w <strong>producenci owoc\u00f3w cytrusowych<\/strong> Europa, a ich zwi\u0105zek z pomara\u0144czami si\u0119ga wiek\u00f3w wstecz. Ale drzewa, kt\u00f3re widzisz na ulicach, nie s\u0105 sadzone w celu zbierania owoc\u00f3w. <strong>jadalny<\/strong>S\u0105 to <strong>gorzkie pomara\u0144cze<\/strong> (<em>Citrus aurantium<\/em>), zasadzone przez ich <strong>dekoracyjne pi\u0119kno<\/strong>, <strong>pachn\u0105ce kwiaty<\/strong> i jego po\u0142\u0105czenie z <strong>to\u017csamo\u015b\u0107 lokalna<\/strong>. Drzewa te s\u0105 cz\u0119\u015bci\u0105 miejskiego krajobrazu dzi\u0119ki swoim w\u0142a\u015bciwo\u015bciom:<\/p>\n<p><!-- \/wp:paragraph --><!-- wp:list --><\/p>\n<ul class=\"wp-block-list\"><!-- wp:list-item -->\n<li><strong>Zimozielone li\u015bcie<\/strong>Oferuj\u0105 one ziele\u0144 przez ca\u0142y rok w mie\u015bcie.<\/li>\n<!-- \/wp:list-item --><!-- wp:list-item -->\n<li><strong>Kwiat pomara\u0144czy <\/strong>(kwiat pomara\u0144czy): kwitn\u0105 ka\u017cdej wiosny, roztaczaj\u0105c niebia\u0144ski zapach.<\/li>\n<!-- \/wp:list-item --><!-- wp:list-item -->\n<li><strong>\u015ar\u00f3dziemnomorski urok<\/strong>Uk\u0142on w stron\u0119 rolniczego dziedzictwa regionu i zami\u0142owanie do projektowania, kt\u00f3re integruje natur\u0119.<\/li>\n<!-- \/wp:list-item --><\/ul>\n<p><!-- \/wp:list --><\/p>\n<p><img fetchpriority=\"high\" decoding=\"async\" class=\"alignnone size-full wp-image-3291\" src=\"https:\/\/valenciaandgo.com\/wp-content\/uploads\/2025\/12\/Relleno-generativo.webp\" alt=\"\" width=\"1920\" height=\"1080\" \/><\/p>\t\t\t\t\t\t\t\t<\/div>\n\t\t\t\t<\/div>\n\t\t\t\t<\/div>\n\t\t<div class=\"elementor-element elementor-element-a3cf560 e-con-full e-flex e-con e-child\" data-id=\"a3cf560\" data-element_type=\"container\" data-e-type=\"container\">\n\t\t<div class=\"elementor-element elementor-element-c8a9292 e-con-full e-flex e-con e-child\" data-id=\"c8a9292\" data-element_type=\"container\" data-e-type=\"container\">\n\t\t\t\t<div class=\"elementor-element elementor-element-4ca4e84 elementor-widget elementor-widget-heading\" data-id=\"4ca4e84\" data-element_type=\"widget\" data-e-type=\"widget\" data-widget_type=\"heading.default\">\n\t\t\t\t\t<h2 class=\"elementor-heading-title elementor-size-default\">Czy te pomara\u0144cze s\u0105 jadalne?<\/h2>\t\t\t\t<\/div>\n\t\t\t\t<\/div>\n\t\t<div class=\"elementor-element elementor-element-f66ebee e-con-full e-flex e-con e-child\" data-id=\"f66ebee\" data-element_type=\"container\" data-e-type=\"container\">\n\t\t\t\t<div class=\"elementor-element elementor-element-6eec3fa elementor-widget elementor-widget-text-editor\" data-id=\"6eec3fa\" data-element_type=\"widget\" data-e-type=\"widget\" data-widget_type=\"text-editor.default\">\n\t\t\t\t\t\t\t\t\t<p>Kr\u00f3tka odpowied\u017a: <strong>nie<\/strong>, przynajmniej nie bezpo\u015brednio. Uliczne pomara\u0144cze z Walencji s\u0105 niezwykle gorzkie i kwa\u015bne. Nie s\u0105 to s\u0142odkie walenckie pomara\u0144cze u\u017cywane do produkcji sok\u00f3w lub na eksport. Nie mo\u017cna ich je\u015b\u0107, poniewa\u017c:<\/p>\n<ul>\n<li><strong>Poddane dzia\u0142aniu chemikali\u00f3w<\/strong>Miejskie drzewa pomara\u0144czowe s\u0105 cz\u0119sto nara\u017cone na pestycydy i opryski chemiczne, a nawet poch\u0142aniaj\u0105 zanieczyszczenia.<\/li>\n<li><strong>S\u0105 one g\u0142\u00f3wnie ozdobne<\/strong>Miasto (i wiele miast w Hiszpanii) sadzi te drzewa, poniewa\u017c s\u0105 odporne, \u0142atwe w utrzymaniu, odporne na susz\u0119, wiecznie zielone i imponuj\u0105ce wizualnie, zw\u0142aszcza gdy <strong>rozkwita\u0107<\/strong> wiosn\u0105.<\/li>\n<li><strong>U\u017cywany w tradycyjnych produktach<\/strong>, ale tylko po starannym przetworzeniu. S\u0105 one zbierane do produkcji takich rzeczy jak <strong>marmolada z gorzkich pomara\u0144czy<\/strong>, likiery zio\u0142owe i olejki eteryczne.<\/li>\n<\/ul>\n<ul class=\"wp-block-list\">\n<li style=\"list-style-type: none;\">\n<ul class=\"wp-block-list\"><!-- \/wp:list-item --><!-- wp:list-item --><!-- \/wp:list-item --><!-- wp:list-item --><\/ul>\n<\/li>\n<\/ul>\n<p><img decoding=\"async\" class=\"alignnone wp-image-3285 size-full\" src=\"https:\/\/valenciaandgo.com\/wp-content\/uploads\/2025\/12\/mermelada-naranja.webp\" alt=\"\" width=\"1920\" height=\"1080\" \/><\/p>\t\t\t\t\t\t\t\t<\/div>\n\t\t\t\t<\/div>\n\t\t\t\t<\/div>\n\t\t<div class=\"elementor-element elementor-element-c6c4cf4 e-con-full e-flex e-con e-child\" data-id=\"c6c4cf4\" data-element_type=\"container\" data-e-type=\"container\">\n\t\t<div class=\"elementor-element elementor-element-ef5b1c1 e-con-full e-flex e-con e-child\" data-id=\"ef5b1c1\" data-element_type=\"container\" data-e-type=\"container\">\n\t\t\t\t<div class=\"elementor-element elementor-element-fcc841a elementor-widget elementor-widget-heading\" data-id=\"fcc841a\" data-element_type=\"widget\" data-e-type=\"widget\" data-widget_type=\"heading.default\">\n\t\t\t\t\t<h2 class=\"elementor-heading-title elementor-size-default\">Troch\u0119 historii<\/h2>\t\t\t\t<\/div>\n\t\t\t\t<\/div>\n\t\t<div class=\"elementor-element elementor-element-7f8122d e-con-full e-flex e-con e-child\" data-id=\"7f8122d\" data-element_type=\"container\" data-e-type=\"container\">\n\t\t\t\t<div class=\"elementor-element elementor-element-bc9a847 elementor-widget elementor-widget-text-editor\" data-id=\"bc9a847\" data-element_type=\"widget\" data-e-type=\"widget\" data-widget_type=\"text-editor.default\">\n\t\t\t\t\t\t\t\t\t<p>Drzewo gorzkiej pomara\u0144czy ma swoje korzenie <strong>Wrzosowiska <\/strong>w Hiszpanii. Wprowadzony przez Arab\u00f3w w X wieku, by\u0142 pierwotnie sadzony na dziedzi\u0144cach pa\u0142ac\u00f3w i meczet\u00f3w ze wzgl\u0119du na swoje w\u0142a\u015bciwo\u015bci. <strong>warto\u015b\u0107 ozdobna<\/strong> i jego koj\u0105cy aromat.<\/p>\n<p>Walencja, z jej ciep\u0142ym klimatem i g\u0142\u0119bokim <strong>Islamskie dziedzictwo<\/strong>, sta\u0142 si\u0119 idealnym domem. Z czasem tradycja rozprzestrzeni\u0142a si\u0119 na przestrzenie publiczne, a dzi\u015b drzewa pomara\u0144czowe mo\u017cna zobaczy\u0107 wsz\u0119dzie w mie\u015bcie.<br \/>Je\u015bli chcesz fotografowa\u0107 lub po prostu cieszy\u0107 si\u0119 cytrusowym urokiem Walencji, nie przegap tych miejsc:<\/p>\n<p><!-- \/wp:paragraph --><!-- wp:paragraph --><\/p>\n<p><!-- \/wp:paragraph --><!-- wp:list --><\/p>\n<ul class=\"wp-block-list\"><!-- wp:list-item -->\n<li>Ogrody Turia<\/li>\n<!-- \/wp:list-item --><!-- wp:list-item -->\n<li>Plaza de la Virgen<\/li>\n<!-- \/wp:list-item --><!-- wp:list-item -->\n<li>Jardines del Real (Viveros)<\/li>\n<!-- \/wp:list-item --><!-- wp:list-item -->\n<li>Gie\u0142da Jedwabiu<\/li>\n<!-- \/wp:list-item --><!-- wp:list-item -->\n<li>Obszar uniwersytecki<\/li>\n<\/ul>\t\t\t\t\t\t\t\t<\/div>\n\t\t\t\t<\/div>\n\t\t\t\t<\/div>\n\t\t<div class=\"elementor-element elementor-element-65e3457 e-con-full e-flex e-con e-child\" data-id=\"65e3457\" data-element_type=\"container\" data-e-type=\"container\">\n\t\t<div class=\"elementor-element elementor-element-9872238 e-con-full e-flex e-con e-child\" data-id=\"9872238\" data-element_type=\"container\" data-e-type=\"container\">\n\t\t\t\t<div class=\"elementor-element elementor-element-c55b107 elementor-widget elementor-widget-heading\" data-id=\"c55b107\" data-element_type=\"widget\" data-e-type=\"widget\" data-widget_type=\"heading.default\">\n\t\t\t\t\t<h2 class=\"elementor-heading-title elementor-size-default\">Tradycje zwi\u0105zane z kwiatem pomara\u0144czy<\/h2>\t\t\t\t<\/div>\n\t\t\t\t<\/div>\n\t\t<div class=\"elementor-element elementor-element-bf37dfc e-con-full e-flex e-con e-child\" data-id=\"bf37dfc\" data-element_type=\"container\" data-e-type=\"container\">\n\t\t\t\t<div class=\"elementor-element elementor-element-2e11a8a elementor-widget elementor-widget-text-editor\" data-id=\"2e11a8a\" data-element_type=\"widget\" data-e-type=\"widget\" data-widget_type=\"text-editor.default\">\n\t\t\t\t\t\t\t\t\t<p>Kwiat pomara\u0144czy to nie tylko zapach, to tak\u017ce\u00a0<strong>symbol<\/strong>. W kulturze walenckiej kwiat reprezentuje\u00a0<strong>czysto\u015b\u0107<\/strong>,\u00a0<strong>mi\u0142o\u015b\u0107\u00a0<\/strong>y\u00a0<strong>nowe pocz\u0105tki<\/strong>. W zwi\u0105zku z tym jest powszechnie stosowany w:<\/p>\n<ul class=\"wp-block-list\">\n<li>Bukiety \u015blubne i ceremonie \u015blubne<\/li>\n<li>Procesje Wielkiego Tygodnia, w szczeg\u00f3lno\u015bci dekoracje pasos<\/li>\n<li>Lokalne perfumy i myd\u0142a sprzedawane na tradycyjnych rynkach<\/li>\n<\/ul>\n<p><img decoding=\"async\" class=\"alignnone size-full wp-image-3290\" src=\"https:\/\/valenciaandgo.com\/wp-content\/uploads\/2025\/12\/Relleno-generativo-2.webp\" alt=\"\" width=\"1920\" height=\"1080\" \/><\/p>\t\t\t\t\t\t\t\t<\/div>\n\t\t\t\t<\/div>\n\t\t\t\t<\/div>\n\t\t<div class=\"elementor-element elementor-element-8d148be e-con-full e-flex e-con e-child\" data-id=\"8d148be\" data-element_type=\"container\" data-e-type=\"container\">\n\t\t<div class=\"elementor-element elementor-element-8eea6cc e-con-full e-flex e-con e-child\" data-id=\"8eea6cc\" data-element_type=\"container\" data-e-type=\"container\">\n\t\t\t\t<div class=\"elementor-element elementor-element-225d1c4 elementor-widget elementor-widget-heading\" data-id=\"225d1c4\" data-element_type=\"widget\" data-e-type=\"widget\" data-widget_type=\"heading.default\">\n\t\t\t\t\t<h2 class=\"elementor-heading-title elementor-size-default\">Czy wiesz, \u017ce...?<\/h2>\t\t\t\t<\/div>\n\t\t\t\t<\/div>\n\t\t<div class=\"elementor-element elementor-element-f8f748a e-con-full e-flex e-con e-child\" data-id=\"f8f748a\" data-element_type=\"container\" data-e-type=\"container\">\n\t\t\t\t<div class=\"elementor-element elementor-element-ea3d246 elementor-widget elementor-widget-text-editor\" data-id=\"ea3d246\" data-element_type=\"widget\" data-e-type=\"widget\" data-widget_type=\"text-editor.default\">\n\t\t\t\t\t\t\t\t\t<ul class=\"wp-block-list\">\n<li>Valencia ma wi\u0119cej ni\u017c <strong>16 000 drzew pomara\u0144czowych<\/strong> w uk\u0142adzie urbanistycznym.<\/li>\n<!-- \/wp:list-item --><!-- wp:list-item -->\n<li>Ka\u017cdego roku miasto wydaje tysi\u0105ce euro na sprz\u0105tanie opad\u0142ych owoc\u00f3w z chodnik\u00f3w; mo\u017ce to by\u0107 zaskakuj\u0105ce. <strong>\u015bliski<\/strong>!<\/li>\n<!-- \/wp:list-item --><!-- wp:list-item -->\n<li>Niekt\u00f3re gminy zacz\u0119\u0142y przekazywa\u0107 gorzkie pomara\u0144cze firmom produkuj\u0105cym organiczne d\u017cemy i \u015brodki czyszcz\u0105ce.<\/li>\n<\/ul>\t\t\t\t\t\t\t\t<\/div>\n\t\t\t\t<\/div>\n\t\t\t\t<\/div>\n\t\t<div class=\"elementor-element elementor-element-d4b6dd4 e-con-full e-flex e-con e-child\" data-id=\"d4b6dd4\" data-element_type=\"container\" data-e-type=\"container\">\n\t\t<div class=\"elementor-element elementor-element-afb99e6 e-con-full e-flex e-con e-child\" data-id=\"afb99e6\" data-element_type=\"container\" data-e-type=\"container\">\n\t\t\t\t<div class=\"elementor-element elementor-element-4b934e6 elementor-widget elementor-widget-heading\" data-id=\"4b934e6\" data-element_type=\"widget\" data-e-type=\"widget\" data-widget_type=\"heading.default\">\n\t\t\t\t\t<h2 class=\"elementor-heading-title elementor-size-default\">Przydatna wskaz\u00f3wka dla odwiedzaj\u0105cych<\/h2>\t\t\t\t<\/div>\n\t\t\t\t<\/div>\n\t\t<div class=\"elementor-element elementor-element-f86dd43 e-con-full e-flex e-con e-child\" data-id=\"f86dd43\" data-element_type=\"container\" data-e-type=\"container\">\n\t\t\t\t<div class=\"elementor-element elementor-element-48c959f elementor-widget elementor-widget-text-editor\" data-id=\"48c959f\" data-element_type=\"widget\" data-e-type=\"widget\" data-widget_type=\"text-editor.default\">\n\t\t\t\t\t\t\t\t\t<p>Kiedy najlepiej zobaczy\u0107 kwiat pomara\u0144czy? <strong>Od ko\u0144ca marca do po\u0142owy kwietnia<\/strong>. Zobaczysz miasto w pe\u0142nej krasie, tu\u017c przed tym, jak pomara\u0144cze zaczn\u0105 si\u0119 formowa\u0107. Do\u0142\u0105cz do nas <a href=\"https:\/\/valenciaandgo.com\/excursiones\/huerto-naranjos\/\">wycieczka do sadu pomara\u0144czowego<\/a>, i odkry\u0107 <strong>prawdziwy raj<\/strong> walenckiej pomara\u0144czy. Towarzyszy\u0107 mu b\u0119dzie nasz <a href=\"https:\/\/valenciaandgo.com\/tours-valencia\/fallas-valencia-tour\/\">Wycieczka po festiwalu Las Fallas<\/a> w marcu i do\u015bwiadczy\u0107 <strong>Do\u015bwiadczenie w Walencji<\/strong> kompletny.<\/p>\n<p><!-- \/wp:paragraph --><!-- wp:paragraph --><\/p>\n<p>Walencja to miasto, w kt\u00f3rym natura spotyka si\u0119 z histori\u0105 na ka\u017cdym kroku, a drzewa pomara\u0144czowe s\u0105 tego doskona\u0142ym przyk\u0142adem. Nie tylko zdobi\u0105 ulice, ale opowiadaj\u0105 histori\u0119 kultury, klimatu i wielowiekowych tradycji.<\/p>\n<p><!-- \/wp:paragraph --><!-- wp:paragraph --><\/p>\n<p>Ciesz si\u0119 widokami i zapachami! Sprawd\u017a wi\u0119cej naszych wycieczek i wypraw: https:\/\/valenciaandgo.com\/tours<\/p>\n<p><!-- \/wp:paragraph --><!-- wp:paragraph --><\/p>\n<p>Odkryj wszystkie plany w mie\u015bcie i jego okolicach na naszych portalach spo\u0142eczno\u015bciowych! @valenciaandgo<\/p>\t\t\t\t\t\t\t\t<\/div>\n\t\t\t\t<\/div>\n\t\t\t\t<\/div>\n\t\t\t\t\t<\/div>\n\t\t\t\t<\/div>\n\t\t\t\t<\/div>","protected":false},"excerpt":{"rendered":"<p>Cuando caminas por las pintorescas calles de Valencia, especialmente en oto\u00f1o, una de las primeras cosas que llama tu atenci\u00f3n (y tu olfato) son los vibrantes naranjos que bordean bulevares, plazas y rincones hist\u00f3ricos. Pero, \u00bfte has preguntado alguna vez por qu\u00e9 est\u00e1n ah\u00ed, si las naranjas son comestibles y qu\u00e9 representan realmente?Hablemos de la [&hellip;]<\/p>\n","protected":false},"author":1,"featured_media":736,"comment_status":"closed","ping_status":"closed","sticky":false,"template":"","format":"standard","meta":{"_acf_changed":false,"footnotes":""},"categories":[21,23],"tags":[],"class_list":["post-571","post","type-post","status-publish","format-standard","has-post-thumbnail","hentry","category-consejos-vacaciones","category-gastronomia"],"acf":[],"yoast_head":"<!-- This site is optimized with the Yoast SEO plugin v27.5 - https:\/\/yoast.com\/product\/yoast-seo-wordpress\/ -->\n<title>Por qu\u00e9 no se comen las naranjas de la calle | Valencia &amp; Go<\/title>\n<meta name=\"description\" content=\"Descubre por qu\u00e9 no puedes comer las naranjas que se encuentran en las calles de Valencia y aprende m\u00e1s sobre estas frutas amargas.\" \/>\n<meta name=\"robots\" content=\"noindex, follow, max-snippet:-1, max-image-preview:large, max-video-preview:-1\" \/>\n<meta property=\"og:locale\" content=\"pl_PL\" \/>\n<meta property=\"og:type\" content=\"article\" \/>\n<meta property=\"og:title\" content=\"Por qu\u00e9 no se comen las naranjas de la calle | Valencia &amp; Go\" \/>\n<meta property=\"og:description\" content=\"Descubre por qu\u00e9 no puedes comer las naranjas que se encuentran en las calles de Valencia y aprende m\u00e1s sobre estas frutas amargas.\" \/>\n<meta property=\"og:url\" content=\"https:\/\/upgrade.valenciaandgo.com\/pl\/ulice-drzewa-pomaranczowe-walencja\/\" \/>\n<meta property=\"og:site_name\" content=\"Valencia&amp;Go\" \/>\n<meta property=\"article:publisher\" content=\"https:\/\/www.facebook.com\/valenciaandgo\/\" \/>\n<meta property=\"article:published_time\" content=\"2025-10-03T13:39:00+00:00\" \/>\n<meta property=\"article:modified_time\" content=\"2026-03-14T13:01:26+00:00\" \/>\n<meta property=\"og:image\" content=\"https:\/\/upgrade.valenciaandgo.com\/wp-content\/uploads\/2025\/11\/img-blog-no-comer-naranjas-calles.webp\" \/>\n\t<meta property=\"og:image:width\" content=\"1170\" \/>\n\t<meta property=\"og:image:height\" content=\"781\" \/>\n\t<meta property=\"og:image:type\" content=\"image\/webp\" \/>\n<meta name=\"author\" content=\"Valencia &amp; Go\" \/>\n<meta name=\"twitter:card\" content=\"summary_large_image\" \/>\n<meta name=\"twitter:label1\" content=\"Napisane przez\" \/>\n\t<meta name=\"twitter:data1\" content=\"Valencia &amp; Go\" \/>\n\t<meta name=\"twitter:label2\" content=\"Szacowany czas czytania\" \/>\n\t<meta name=\"twitter:data2\" content=\"4 minuty\" \/>\n<script type=\"application\/ld+json\" class=\"yoast-schema-graph\">{\"@context\":\"https:\\\/\\\/schema.org\",\"@graph\":[{\"@type\":\"Article\",\"@id\":\"https:\\\/\\\/upgrade.valenciaandgo.com\\\/calles-naranjos-valencia\\\/#article\",\"isPartOf\":{\"@id\":\"https:\\\/\\\/upgrade.valenciaandgo.com\\\/calles-naranjos-valencia\\\/\"},\"author\":{\"name\":\"Valencia &amp; Go\",\"@id\":\"https:\\\/\\\/upgrade.valenciaandgo.com\\\/it\\\/#\\\/schema\\\/person\\\/ca673553802eb937b57af07a6ce74908\"},\"headline\":\"Por qu\u00e9 no puedes comer las naranjas de las calles de Valencia\",\"datePublished\":\"2025-10-03T13:39:00+00:00\",\"dateModified\":\"2026-03-14T13:01:26+00:00\",\"mainEntityOfPage\":{\"@id\":\"https:\\\/\\\/upgrade.valenciaandgo.com\\\/calles-naranjos-valencia\\\/\"},\"wordCount\":737,\"publisher\":{\"@id\":\"https:\\\/\\\/upgrade.valenciaandgo.com\\\/it\\\/#organization\"},\"image\":{\"@id\":\"https:\\\/\\\/upgrade.valenciaandgo.com\\\/calles-naranjos-valencia\\\/#primaryimage\"},\"thumbnailUrl\":\"https:\\\/\\\/upgrade.valenciaandgo.com\\\/wp-content\\\/uploads\\\/2025\\\/11\\\/img-blog-no-comer-naranjas-calles.webp\",\"articleSection\":[\"Consejos para tus vacaciones\",\"Gastronom\u00eda\"],\"inLanguage\":\"pl-PL\"},{\"@type\":\"WebPage\",\"@id\":\"https:\\\/\\\/upgrade.valenciaandgo.com\\\/calles-naranjos-valencia\\\/\",\"url\":\"https:\\\/\\\/upgrade.valenciaandgo.com\\\/calles-naranjos-valencia\\\/\",\"name\":\"Por qu\u00e9 no se comen las naranjas de la calle | Valencia & Go\",\"isPartOf\":{\"@id\":\"https:\\\/\\\/upgrade.valenciaandgo.com\\\/it\\\/#website\"},\"primaryImageOfPage\":{\"@id\":\"https:\\\/\\\/upgrade.valenciaandgo.com\\\/calles-naranjos-valencia\\\/#primaryimage\"},\"image\":{\"@id\":\"https:\\\/\\\/upgrade.valenciaandgo.com\\\/calles-naranjos-valencia\\\/#primaryimage\"},\"thumbnailUrl\":\"https:\\\/\\\/upgrade.valenciaandgo.com\\\/wp-content\\\/uploads\\\/2025\\\/11\\\/img-blog-no-comer-naranjas-calles.webp\",\"datePublished\":\"2025-10-03T13:39:00+00:00\",\"dateModified\":\"2026-03-14T13:01:26+00:00\",\"description\":\"Descubre por qu\u00e9 no puedes comer las naranjas que se encuentran en las calles de Valencia y aprende m\u00e1s sobre estas frutas amargas.\",\"breadcrumb\":{\"@id\":\"https:\\\/\\\/upgrade.valenciaandgo.com\\\/calles-naranjos-valencia\\\/#breadcrumb\"},\"inLanguage\":\"pl-PL\",\"potentialAction\":[{\"@type\":\"ReadAction\",\"target\":[\"https:\\\/\\\/upgrade.valenciaandgo.com\\\/calles-naranjos-valencia\\\/\"]}]},{\"@type\":\"ImageObject\",\"inLanguage\":\"pl-PL\",\"@id\":\"https:\\\/\\\/upgrade.valenciaandgo.com\\\/calles-naranjos-valencia\\\/#primaryimage\",\"url\":\"https:\\\/\\\/upgrade.valenciaandgo.com\\\/wp-content\\\/uploads\\\/2025\\\/11\\\/img-blog-no-comer-naranjas-calles.webp\",\"contentUrl\":\"https:\\\/\\\/upgrade.valenciaandgo.com\\\/wp-content\\\/uploads\\\/2025\\\/11\\\/img-blog-no-comer-naranjas-calles.webp\",\"width\":1170,\"height\":781},{\"@type\":\"BreadcrumbList\",\"@id\":\"https:\\\/\\\/upgrade.valenciaandgo.com\\\/calles-naranjos-valencia\\\/#breadcrumb\",\"itemListElement\":[{\"@type\":\"ListItem\",\"position\":1,\"name\":\"Portada\",\"item\":\"https:\\\/\\\/upgrade.valenciaandgo.com\\\/\"},{\"@type\":\"ListItem\",\"position\":2,\"name\":\"Por qu\u00e9 no puedes comer las naranjas de las calles de Valencia\"}]},{\"@type\":\"WebSite\",\"@id\":\"https:\\\/\\\/upgrade.valenciaandgo.com\\\/it\\\/#website\",\"url\":\"https:\\\/\\\/upgrade.valenciaandgo.com\\\/it\\\/\",\"name\":\"Valencia&Go\",\"description\":\"Tours por Valencia y alrededores de ciudad.\",\"publisher\":{\"@id\":\"https:\\\/\\\/upgrade.valenciaandgo.com\\\/it\\\/#organization\"},\"potentialAction\":[{\"@type\":\"SearchAction\",\"target\":{\"@type\":\"EntryPoint\",\"urlTemplate\":\"https:\\\/\\\/upgrade.valenciaandgo.com\\\/it\\\/?s={search_term_string}\"},\"query-input\":{\"@type\":\"PropertyValueSpecification\",\"valueRequired\":true,\"valueName\":\"search_term_string\"}}],\"inLanguage\":\"pl-PL\"},{\"@type\":\"Organization\",\"@id\":\"https:\\\/\\\/upgrade.valenciaandgo.com\\\/it\\\/#organization\",\"name\":\"Valencia&Go\",\"url\":\"https:\\\/\\\/upgrade.valenciaandgo.com\\\/it\\\/\",\"logo\":{\"@type\":\"ImageObject\",\"inLanguage\":\"pl-PL\",\"@id\":\"https:\\\/\\\/upgrade.valenciaandgo.com\\\/it\\\/#\\\/schema\\\/logo\\\/image\\\/\",\"url\":\"https:\\\/\\\/upgrade.valenciaandgo.com\\\/wp-content\\\/uploads\\\/2025\\\/10\\\/valencia_go-svg-blnc-iso-naranja.svg\",\"contentUrl\":\"https:\\\/\\\/upgrade.valenciaandgo.com\\\/wp-content\\\/uploads\\\/2025\\\/10\\\/valencia_go-svg-blnc-iso-naranja.svg\",\"width\":434,\"height\":102,\"caption\":\"Valencia&Go\"},\"image\":{\"@id\":\"https:\\\/\\\/upgrade.valenciaandgo.com\\\/it\\\/#\\\/schema\\\/logo\\\/image\\\/\"},\"sameAs\":[\"https:\\\/\\\/www.facebook.com\\\/valenciaandgo\\\/\",\"https:\\\/\\\/www.instagram.com\\\/valenciaandgo\",\"https:\\\/\\\/www.linkedin.com\\\/company\\\/valencia-go\\\/\",\"https:\\\/\\\/www.tiktok.com\\\/@valenciaandgo\"]},{\"@type\":\"Person\",\"@id\":\"https:\\\/\\\/upgrade.valenciaandgo.com\\\/it\\\/#\\\/schema\\\/person\\\/ca673553802eb937b57af07a6ce74908\",\"name\":\"Valencia &amp; Go\",\"sameAs\":[\"https:\\\/\\\/valenciaandgo.com\"],\"url\":\"https:\\\/\\\/upgrade.valenciaandgo.com\\\/pl\\\/author\\\/valencia\\\/\"}]}<\/script>\n<!-- \/ Yoast SEO plugin. -->","yoast_head_json":{"title":"Dlaczego nie jedz\u0105 pomara\u0144czy na ulicy | Valencia &amp; Go","description":"Dowiedz si\u0119, dlaczego nie mo\u017cesz je\u015b\u0107 pomara\u0144czy znalezionych na ulicach Walencji i dowiedz si\u0119 wi\u0119cej o tych gorzkich owocach.","robots":{"index":"noindex","follow":"follow","max-snippet":"max-snippet:-1","max-image-preview":"max-image-preview:large","max-video-preview":"max-video-preview:-1"},"og_locale":"pl_PL","og_type":"article","og_title":"Por qu\u00e9 no se comen las naranjas de la calle | Valencia & Go","og_description":"Descubre por qu\u00e9 no puedes comer las naranjas que se encuentran en las calles de Valencia y aprende m\u00e1s sobre estas frutas amargas.","og_url":"https:\/\/upgrade.valenciaandgo.com\/pl\/ulice-drzewa-pomaranczowe-walencja\/","og_site_name":"Valencia&amp;Go","article_publisher":"https:\/\/www.facebook.com\/valenciaandgo\/","article_published_time":"2025-10-03T13:39:00+00:00","article_modified_time":"2026-03-14T13:01:26+00:00","og_image":[{"width":1170,"height":781,"url":"https:\/\/upgrade.valenciaandgo.com\/wp-content\/uploads\/2025\/11\/img-blog-no-comer-naranjas-calles.webp","type":"image\/webp"}],"author":"Valencia &amp; Go","twitter_card":"summary_large_image","twitter_misc":{"Napisane przez":"Valencia &amp; Go","Szacowany czas czytania":"4 minuty"},"schema":{"@context":"https:\/\/schema.org","@graph":[{"@type":"Article","@id":"https:\/\/upgrade.valenciaandgo.com\/calles-naranjos-valencia\/#article","isPartOf":{"@id":"https:\/\/upgrade.valenciaandgo.com\/calles-naranjos-valencia\/"},"author":{"name":"Valencia &amp; Go","@id":"https:\/\/upgrade.valenciaandgo.com\/it\/#\/schema\/person\/ca673553802eb937b57af07a6ce74908"},"headline":"Por qu\u00e9 no puedes comer las naranjas de las calles de Valencia","datePublished":"2025-10-03T13:39:00+00:00","dateModified":"2026-03-14T13:01:26+00:00","mainEntityOfPage":{"@id":"https:\/\/upgrade.valenciaandgo.com\/calles-naranjos-valencia\/"},"wordCount":737,"publisher":{"@id":"https:\/\/upgrade.valenciaandgo.com\/it\/#organization"},"image":{"@id":"https:\/\/upgrade.valenciaandgo.com\/calles-naranjos-valencia\/#primaryimage"},"thumbnailUrl":"https:\/\/upgrade.valenciaandgo.com\/wp-content\/uploads\/2025\/11\/img-blog-no-comer-naranjas-calles.webp","articleSection":["Consejos para tus vacaciones","Gastronom\u00eda"],"inLanguage":"pl-PL"},{"@type":"WebPage","@id":"https:\/\/upgrade.valenciaandgo.com\/calles-naranjos-valencia\/","url":"https:\/\/upgrade.valenciaandgo.com\/calles-naranjos-valencia\/","name":"Dlaczego nie jedz\u0105 pomara\u0144czy na ulicy | Valencia &amp; Go","isPartOf":{"@id":"https:\/\/upgrade.valenciaandgo.com\/it\/#website"},"primaryImageOfPage":{"@id":"https:\/\/upgrade.valenciaandgo.com\/calles-naranjos-valencia\/#primaryimage"},"image":{"@id":"https:\/\/upgrade.valenciaandgo.com\/calles-naranjos-valencia\/#primaryimage"},"thumbnailUrl":"https:\/\/upgrade.valenciaandgo.com\/wp-content\/uploads\/2025\/11\/img-blog-no-comer-naranjas-calles.webp","datePublished":"2025-10-03T13:39:00+00:00","dateModified":"2026-03-14T13:01:26+00:00","description":"Dowiedz si\u0119, dlaczego nie mo\u017cesz je\u015b\u0107 pomara\u0144czy znalezionych na ulicach Walencji i dowiedz si\u0119 wi\u0119cej o tych gorzkich owocach.","breadcrumb":{"@id":"https:\/\/upgrade.valenciaandgo.com\/calles-naranjos-valencia\/#breadcrumb"},"inLanguage":"pl-PL","potentialAction":[{"@type":"ReadAction","target":["https:\/\/upgrade.valenciaandgo.com\/calles-naranjos-valencia\/"]}]},{"@type":"ImageObject","inLanguage":"pl-PL","@id":"https:\/\/upgrade.valenciaandgo.com\/calles-naranjos-valencia\/#primaryimage","url":"https:\/\/upgrade.valenciaandgo.com\/wp-content\/uploads\/2025\/11\/img-blog-no-comer-naranjas-calles.webp","contentUrl":"https:\/\/upgrade.valenciaandgo.com\/wp-content\/uploads\/2025\/11\/img-blog-no-comer-naranjas-calles.webp","width":1170,"height":781},{"@type":"BreadcrumbList","@id":"https:\/\/upgrade.valenciaandgo.com\/calles-naranjos-valencia\/#breadcrumb","itemListElement":[{"@type":"ListItem","position":1,"name":"Portada","item":"https:\/\/upgrade.valenciaandgo.com\/"},{"@type":"ListItem","position":2,"name":"Por qu\u00e9 no puedes comer las naranjas de las calles de Valencia"}]},{"@type":"WebSite","@id":"https:\/\/upgrade.valenciaandgo.com\/it\/#website","url":"https:\/\/upgrade.valenciaandgo.com\/it\/","name":"Valencia&amp;Go","description":"Wycieczki po Walencji i okolicach.","publisher":{"@id":"https:\/\/upgrade.valenciaandgo.com\/it\/#organization"},"potentialAction":[{"@type":"SearchAction","target":{"@type":"EntryPoint","urlTemplate":"https:\/\/upgrade.valenciaandgo.com\/it\/?s={search_term_string}"},"query-input":{"@type":"PropertyValueSpecification","valueRequired":true,"valueName":"search_term_string"}}],"inLanguage":"pl-PL"},{"@type":"Organization","@id":"https:\/\/upgrade.valenciaandgo.com\/it\/#organization","name":"Valencia&amp;Go","url":"https:\/\/upgrade.valenciaandgo.com\/it\/","logo":{"@type":"ImageObject","inLanguage":"pl-PL","@id":"https:\/\/upgrade.valenciaandgo.com\/it\/#\/schema\/logo\/image\/","url":"https:\/\/upgrade.valenciaandgo.com\/wp-content\/uploads\/2025\/10\/valencia_go-svg-blnc-iso-naranja.svg","contentUrl":"https:\/\/upgrade.valenciaandgo.com\/wp-content\/uploads\/2025\/10\/valencia_go-svg-blnc-iso-naranja.svg","width":434,"height":102,"caption":"Valencia&Go"},"image":{"@id":"https:\/\/upgrade.valenciaandgo.com\/it\/#\/schema\/logo\/image\/"},"sameAs":["https:\/\/www.facebook.com\/valenciaandgo\/","https:\/\/www.instagram.com\/valenciaandgo","https:\/\/www.linkedin.com\/company\/valencia-go\/","https:\/\/www.tiktok.com\/@valenciaandgo"]},{"@type":"Person","@id":"https:\/\/upgrade.valenciaandgo.com\/it\/#\/schema\/person\/ca673553802eb937b57af07a6ce74908","name":"Valencia &amp; Go","sameAs":["https:\/\/valenciaandgo.com"],"url":"https:\/\/upgrade.valenciaandgo.com\/pl\/author\/valencia\/"}]}},"_links":{"self":[{"href":"https:\/\/upgrade.valenciaandgo.com\/pl\/wp-json\/wp\/v2\/posts\/571","targetHints":{"allow":["GET"]}}],"collection":[{"href":"https:\/\/upgrade.valenciaandgo.com\/pl\/wp-json\/wp\/v2\/posts"}],"about":[{"href":"https:\/\/upgrade.valenciaandgo.com\/pl\/wp-json\/wp\/v2\/types\/post"}],"author":[{"embeddable":true,"href":"https:\/\/upgrade.valenciaandgo.com\/pl\/wp-json\/wp\/v2\/users\/1"}],"replies":[{"embeddable":true,"href":"https:\/\/upgrade.valenciaandgo.com\/pl\/wp-json\/wp\/v2\/comments?post=571"}],"version-history":[{"count":0,"href":"https:\/\/upgrade.valenciaandgo.com\/pl\/wp-json\/wp\/v2\/posts\/571\/revisions"}],"wp:featuredmedia":[{"embeddable":true,"href":"https:\/\/upgrade.valenciaandgo.com\/pl\/wp-json\/wp\/v2\/media\/736"}],"wp:attachment":[{"href":"https:\/\/upgrade.valenciaandgo.com\/pl\/wp-json\/wp\/v2\/media?parent=571"}],"wp:term":[{"taxonomy":"category","embeddable":true,"href":"https:\/\/upgrade.valenciaandgo.com\/pl\/wp-json\/wp\/v2\/categories?post=571"},{"taxonomy":"post_tag","embeddable":true,"href":"https:\/\/upgrade.valenciaandgo.com\/pl\/wp-json\/wp\/v2\/tags?post=571"}],"curies":[{"name":"wp","href":"https:\/\/api.w.org\/{rel}","templated":true}]}}