{"id":567,"date":"2025-09-02T09:03:00","date_gmt":"2025-09-02T09:03:00","guid":{"rendered":"https:\/\/new.valenciaandgo.com\/?p=567"},"modified":"2026-03-14T13:01:26","modified_gmt":"2026-03-14T13:01:26","slug":"wino-walencja-wycieczka-requena","status":"publish","type":"post","link":"https:\/\/upgrade.valenciaandgo.com\/pl\/vino-valencia-excursion-requena\/","title":{"rendered":"Najbardziej nieznane wino na \u015bwiecie znajduje si\u0119 w Walencji (i oto jak mo\u017cna go spr\u00f3bowa\u0107)"},"content":{"rendered":"<div data-elementor-type=\"wp-post\" data-elementor-id=\"567\" class=\"elementor elementor-567\" data-elementor-post-type=\"post\">\n\t\t\t\t<div class=\"elementor-element elementor-element-359fbaeb e-flex e-con-boxed e-con e-parent\" data-id=\"359fbaeb\" data-element_type=\"container\" data-e-type=\"container\">\n\t\t\t\t\t<div class=\"e-con-inner\">\n\t\t<div class=\"elementor-element elementor-element-31284a96 e-con-full e-flex e-con e-child\" data-id=\"31284a96\" data-element_type=\"container\" data-e-type=\"container\">\n\t\t\t\t<div class=\"elementor-element elementor-element-477e3560 elementor-widget elementor-widget-text-editor\" data-id=\"477e3560\" data-element_type=\"widget\" data-e-type=\"widget\" data-widget_type=\"text-editor.default\">\n\t\t\t\t\t\t\t\t\t\n<p>Kiedy m\u00f3wimy o hiszpa\u0144skich winach, pierwsz\u0105 rzecz\u0105, kt\u00f3ra przychodzi nam na my\u015bl, jest zazwyczaj Rioja lub Ribera del Duero. Ale w samym sercu Wsp\u00f3lnoty Walencji uprawia si\u0119 rodzime, staro\u017cytne i zaskakuj\u0105ce winogrona: <strong>Bobal<\/strong>. Wino z cia\u0142em, osobowo\u015bci\u0105 i bogat\u0105 histori\u0105... cho\u0107 niewielu o tym wie.<\/p>\n<p><\/p>\n<p>To czyni go jeszcze bardziej wyj\u0105tkowym. Oto jak mo\u017cesz go wypr\u00f3bowa\u0107.<\/p>\n\t\t\t\t\t\t\t\t<\/div>\n\t\t\t\t<\/div>\n\t\t<div class=\"elementor-element elementor-element-2f8b161e e-con-full e-flex e-con e-child\" data-id=\"2f8b161e\" data-element_type=\"container\" data-e-type=\"container\">\n\t\t<div class=\"elementor-element elementor-element-1f59d2c e-con-full e-flex e-con e-child\" data-id=\"1f59d2c\" data-element_type=\"container\" data-e-type=\"container\">\n\t\t\t\t<div class=\"elementor-element elementor-element-2d5b78b5 elementor-widget elementor-widget-heading\" data-id=\"2d5b78b5\" data-element_type=\"widget\" data-e-type=\"widget\" data-widget_type=\"heading.default\">\n\t\t\t\t\t<h2 class=\"elementor-heading-title elementor-size-default\">Bobal: ukryty skarb walenckiego wina<\/h2>\t\t\t\t<\/div>\n\t\t\t\t<\/div>\n\t\t<div class=\"elementor-element elementor-element-1891c228 e-con-full e-flex e-con e-child\" data-id=\"1891c228\" data-element_type=\"container\" data-e-type=\"container\">\n\t\t\t\t<div class=\"elementor-element elementor-element-2e8bb84f elementor-widget elementor-widget-text-editor\" data-id=\"2e8bb84f\" data-element_type=\"widget\" data-e-type=\"widget\" data-widget_type=\"text-editor.default\">\n\t\t\t\t\t\t\t\t\t<p>Rodzime dla regionu <strong>Utiel-Requena<\/strong>, w <strong>Bobal<\/strong> to czerwona odmiana winoro\u015bli o wielowiekowej tradycji. Doskonale dostosowuje si\u0119 do klimatu \u015br\u00f3dziemnomorskiego i daje pocz\u0105tek <strong>intensywne wina z owocowymi nutami i orze\u017awiaj\u0105c\u0105 kwasowo\u015bci\u0105<\/strong>. Pomimo ogromnego potencja\u0142u, przez lata Bobal by\u0142 zapomnianym szczepem na mi\u0119dzynarodowej scenie winiarskiej.<\/p>\n<p><!-- \/wp:paragraph --><!-- wp:paragraph --><\/p>\n<p>Ale to si\u0119 zmienia. Dzisiaj, <strong>ma\u0142e rodzinne winiarnie<\/strong> odzyskuj\u0105 to\u017csamo\u015b\u0107 tego wina dzi\u0119ki starannej produkcji, zr\u00f3wnowa\u017conym procesom i wysokiej jako\u015bci propozycjom enologicznym.<\/p>\n<p><img fetchpriority=\"high\" decoding=\"async\" class=\"alignnone size-full wp-image-3295\" src=\"https:\/\/valenciaandgo.com\/wp-content\/uploads\/2025\/12\/vino-valenciano.webp\" alt=\"\" width=\"1920\" height=\"1080\" \/><\/p>\t\t\t\t\t\t\t\t<\/div>\n\t\t\t\t<\/div>\n\t\t\t\t<\/div>\n\t\t<div class=\"elementor-element elementor-element-3354382 e-con-full e-flex e-con e-child\" data-id=\"3354382\" data-element_type=\"container\" data-e-type=\"container\">\n\t\t<div class=\"elementor-element elementor-element-ac4459d e-con-full e-flex e-con e-child\" data-id=\"ac4459d\" data-element_type=\"container\" data-e-type=\"container\">\n\t\t\t\t<div class=\"elementor-element elementor-element-486e6da elementor-widget elementor-widget-heading\" data-id=\"486e6da\" data-element_type=\"widget\" data-e-type=\"widget\" data-widget_type=\"heading.default\">\n\t\t\t\t\t<h2 class=\"elementor-heading-title elementor-size-default\">Dlaczego warto spr\u00f3bowa\u0107 wina Bobal przynajmniej raz w \u017cyciu?<\/h2>\t\t\t\t<\/div>\n\t\t\t\t<\/div>\n\t\t<div class=\"elementor-element elementor-element-543c376 e-con-full e-flex e-con e-child\" data-id=\"543c376\" data-element_type=\"container\" data-e-type=\"container\">\n\t\t\t\t<div class=\"elementor-element elementor-element-3eba5c4 elementor-widget elementor-widget-text-editor\" data-id=\"3eba5c4\" data-element_type=\"widget\" data-e-type=\"widget\" data-widget_type=\"text-editor.default\">\n\t\t\t\t\t\t\t\t\t<p>Poniewa\u017c <strong>to nie tylko nap\u00f3j<\/strong>, to p\u0142ynna historia krainy, kt\u00f3rej uda\u0142o si\u0119 pozosta\u0107 autentyczn\u0105. Bobal nie stara si\u0119 zaimponowa\u0107 krzykliwymi etykietami czy globalnymi kampaniami. <strong>szczery smak, rustykalny charakter i zwi\u0105zek z terytorium<\/strong>. Ka\u017cdy kieliszek m\u00f3wi o wiekach tradycji, rodzinnych zbiorach winogron i kulturze wina, kt\u00f3ra zas\u0142uguje na odkrycie.<\/p>\n<p><!-- \/wp:paragraph --><!-- wp:paragraph --><\/p>\n<p>Ponadto niska zawarto\u015b\u0107 siarczyn\u00f3w i rzemie\u015blniczy spos\u00f3b produkcji w wielu winiarniach sprawiaj\u0105, \u017ce jest to jedno z najpopularniejszych win na \u015bwiecie. <strong>naturalna i zdrowa opcja<\/strong> dla najbardziej ciekawskich podniebie\u0144.<\/p>\t\t\t\t\t\t\t\t<\/div>\n\t\t\t\t<\/div>\n\t\t\t\t<\/div>\n\t\t<div class=\"elementor-element elementor-element-dd98e29 e-con-full e-flex e-con e-child\" data-id=\"dd98e29\" data-element_type=\"container\" data-e-type=\"container\">\n\t\t<div class=\"elementor-element elementor-element-f0b2546 e-con-full e-flex e-con e-child\" data-id=\"f0b2546\" data-element_type=\"container\" data-e-type=\"container\">\n\t\t\t\t<div class=\"elementor-element elementor-element-5d665ce elementor-widget elementor-widget-heading\" data-id=\"5d665ce\" data-element_type=\"widget\" data-e-type=\"widget\" data-widget_type=\"heading.default\">\n\t\t\t\t\t<h2 class=\"elementor-heading-title elementor-size-default\">Do\u015bwiadczenie wina (i wiele wi\u0119cej) zaledwie godzin\u0119 drogi od Walencji<\/h2>\t\t\t\t<\/div>\n\t\t\t\t<\/div>\n\t\t<div class=\"elementor-element elementor-element-99ee666 e-con-full e-flex e-con e-child\" data-id=\"99ee666\" data-element_type=\"container\" data-e-type=\"container\">\n\t\t\t\t<div class=\"elementor-element elementor-element-d50daa2 elementor-widget elementor-widget-text-editor\" data-id=\"d50daa2\" data-element_type=\"widget\" data-e-type=\"widget\" data-widget_type=\"text-editor.default\">\n\t\t\t\t\t\t\t\t\t<p>Je\u015bli masz ochot\u0119 na inne doznania kulinarne podczas swojej wizyty w Walencji, mamy dla Ciebie idealny plan: <strong>P\u00f3\u0142dniowa wycieczka do Requeny<\/strong>, gdzie wino, historia i krajobraz \u0142\u0105cz\u0105 si\u0119 w jednym napoju.<\/p>\n<p><!-- \/wp:paragraph --><!-- wp:paragraph --><\/p>\n<p>Trasa ta obejmuje:<\/p>\n<ul>\n<li>Odwied\u017a <strong>dwie lokalne winiarnie<\/strong> Bardzo r\u00f3\u017cne, ka\u017cdy z w\u0142asnym stylem, urokiem i histori\u0105.<\/li>\n<li><strong>Dwie degustacje wina<\/strong> z lokalnymi przek\u0105skami.<\/li>\n<li>Spacer po historycznym centrum <strong>Requena<\/strong> i wizyta w podziemnych jaskiniach wykutych w skale, gdzie kiedy\u015b przechowywano wino.<\/li>\n<li><strong>Transport<\/strong> z Walencji w\u0142\u0105cznie.<\/li>\n<li>I jak zawsze <strong>oficjalny lokalny przewodnik <\/strong>podczas ca\u0142ej wycieczki.<\/li>\n<\/ul>\n<ul class=\"wp-block-list\">\n<li style=\"list-style-type: none;\">\n<ul class=\"wp-block-list\"><!-- \/wp:list-item --><!-- wp:list-item --><!-- \/wp:list-item --><!-- wp:list-item --><!-- \/wp:list-item --><!-- wp:list-item --><!-- \/wp:list-item --><!-- wp:list-item --><\/ul>\n<\/li>\n<\/ul>\n<p><strong><img decoding=\"async\" class=\"alignnone size-full wp-image-3275\" src=\"https:\/\/valenciaandgo.com\/wp-content\/uploads\/2025\/12\/bodegas-valencia.webp\" alt=\"\" width=\"1920\" height=\"1080\" \/><\/strong><\/p>\n<p><strong>A je\u015bli przyjedziesz od wrze\u015bnia, by\u0107 mo\u017ce b\u0119dziesz musia\u0142 sam zbiera\u0107 winogrona.<\/strong><\/p>\n<p><!-- \/wp:paragraph --><!-- wp:paragraph --><\/p>\n<p>Zabawny i autentyczny spos\u00f3b na zrozumienie ca\u0142ego procesu, od winoro\u015bli do szk\u0142a!<\/p>\n<p><!-- \/wp:paragraph --><!-- wp:paragraph --><\/p>\n<p><strong>Zarezerwuj miejsce ju\u017c teraz i odkorkuj Walencj\u0119 razem z nami.<\/strong><\/p>\n<p><!-- \/wp:paragraph --><!-- wp:paragraph --><\/p>\n<p><!-- \/wp:paragraph --><!-- wp:paragraph --><\/p>\n<p>Chcesz dowiedzie\u0107 si\u0119 wi\u0119cej o Walencji i jej historii? Wi\u0119cej informacji mo\u017cna znale\u017a\u0107 na naszych portalach spo\u0142eczno\u015bciowych.<\/p>\n<p><!-- \/wp:paragraph --><!-- wp:paragraph {\"className\":\"\"} --><\/p>\n<p>Sprawd\u017a wszystkie nasze wycieczki, wyprawy i aktywno\u015bci tutaj: <a class=\"\" href=\"https:\/\/valenciaandgo.com\/tours\">https:\/\/valenciaandgo.com\/tours<\/a><br \/>Do\u015bwiadcz Walencji jak miejscowy!<\/p>\t\t\t\t\t\t\t\t<\/div>\n\t\t\t\t<\/div>\n\t\t\t\t<\/div>\n\t\t\t\t\t<\/div>\n\t\t\t\t<\/div>\n\t\t\t\t<\/div>","protected":false},"excerpt":{"rendered":"<p>Cuando hablamos de vinos espa\u00f1oles, lo primero que viene a la mente suele ser Rioja o Ribera del Duero. Pero en el coraz\u00f3n de la Comunidad Valenciana se cultiva una uva aut\u00f3ctona, antigua y sorprendente: la Bobal. Un vino con cuerpo, personalidad y mucha historia&#8230; aunque muy pocos lo conocen. Y eso lo hace todav\u00eda [&hellip;]<\/p>\n","protected":false},"author":1,"featured_media":752,"comment_status":"closed","ping_status":"closed","sticky":false,"template":"","format":"standard","meta":{"_acf_changed":false,"footnotes":""},"categories":[23,24,54],"tags":[63,53],"class_list":["post-567","post","type-post","status-publish","format-standard","has-post-thumbnail","hentry","category-gastronomia","category-noticias","category-que-hacer","tag-planes","tag-valencia"],"acf":[],"yoast_head":"<!-- This site is optimized with the Yoast SEO plugin v27.5 - https:\/\/yoast.com\/product\/yoast-seo-wordpress\/ -->\n<title>El vino m\u00e1s desconocido del mundo est\u00e1 en Valencia<\/title>\n<meta name=\"description\" content=\"\u00bfTe gustar\u00eda degustar un vino \u00fanico entre cuevas, vi\u00f1as y bodegas hist\u00f3ricas? Descubre la excursi\u00f3n con la que podr\u00e1s disfrutarlo.\" \/>\n<meta name=\"robots\" content=\"noindex, follow, max-snippet:-1, max-image-preview:large, max-video-preview:-1\" \/>\n<meta property=\"og:locale\" content=\"pl_PL\" \/>\n<meta property=\"og:type\" content=\"article\" \/>\n<meta property=\"og:title\" content=\"El vino m\u00e1s desconocido del mundo est\u00e1 en Valencia\" \/>\n<meta property=\"og:description\" content=\"\u00bfTe gustar\u00eda degustar un vino \u00fanico entre cuevas, vi\u00f1as y bodegas hist\u00f3ricas? Descubre la excursi\u00f3n con la que podr\u00e1s disfrutarlo.\" \/>\n<meta property=\"og:url\" content=\"https:\/\/upgrade.valenciaandgo.com\/pl\/wino-walencja-wycieczka-requena\/\" \/>\n<meta property=\"og:site_name\" content=\"Valencia&amp;Go\" \/>\n<meta property=\"article:publisher\" content=\"https:\/\/www.facebook.com\/valenciaandgo\/\" \/>\n<meta property=\"article:published_time\" content=\"2025-09-02T09:03:00+00:00\" \/>\n<meta property=\"article:modified_time\" content=\"2026-03-14T13:01:26+00:00\" \/>\n<meta property=\"og:image\" content=\"https:\/\/upgrade.valenciaandgo.com\/wp-content\/uploads\/2025\/11\/img-blog-vino-mas-desconocido.webp\" \/>\n\t<meta property=\"og:image:width\" content=\"1170\" \/>\n\t<meta property=\"og:image:height\" content=\"783\" \/>\n\t<meta property=\"og:image:type\" content=\"image\/webp\" \/>\n<meta name=\"author\" content=\"Valencia &amp; Go\" \/>\n<meta name=\"twitter:card\" content=\"summary_large_image\" \/>\n<meta name=\"twitter:label1\" content=\"Napisane przez\" \/>\n\t<meta name=\"twitter:data1\" content=\"Valencia &amp; Go\" \/>\n\t<meta name=\"twitter:label2\" content=\"Szacowany czas czytania\" \/>\n\t<meta name=\"twitter:data2\" content=\"3 minuty\" \/>\n<script type=\"application\/ld+json\" class=\"yoast-schema-graph\">{\"@context\":\"https:\\\/\\\/schema.org\",\"@graph\":[{\"@type\":\"Article\",\"@id\":\"https:\\\/\\\/upgrade.valenciaandgo.com\\\/vino-valencia-excursion-requena\\\/#article\",\"isPartOf\":{\"@id\":\"https:\\\/\\\/upgrade.valenciaandgo.com\\\/vino-valencia-excursion-requena\\\/\"},\"author\":{\"name\":\"Valencia &amp; Go\",\"@id\":\"https:\\\/\\\/upgrade.valenciaandgo.com\\\/it\\\/#\\\/schema\\\/person\\\/ca673553802eb937b57af07a6ce74908\"},\"headline\":\"El vino m\u00e1s desconocido del mundo est\u00e1 en Valencia (y as\u00ed puedes probarlo)\",\"datePublished\":\"2025-09-02T09:03:00+00:00\",\"dateModified\":\"2026-03-14T13:01:26+00:00\",\"mainEntityOfPage\":{\"@id\":\"https:\\\/\\\/upgrade.valenciaandgo.com\\\/vino-valencia-excursion-requena\\\/\"},\"wordCount\":502,\"publisher\":{\"@id\":\"https:\\\/\\\/upgrade.valenciaandgo.com\\\/it\\\/#organization\"},\"image\":{\"@id\":\"https:\\\/\\\/upgrade.valenciaandgo.com\\\/vino-valencia-excursion-requena\\\/#primaryimage\"},\"thumbnailUrl\":\"https:\\\/\\\/upgrade.valenciaandgo.com\\\/wp-content\\\/uploads\\\/2025\\\/11\\\/img-blog-vino-mas-desconocido.webp\",\"keywords\":[\"planes\",\"Valencia\"],\"articleSection\":[\"Gastronom\u00eda\",\"Noticias\",\"Qu\u00e9 hacer\"],\"inLanguage\":\"pl-PL\"},{\"@type\":\"WebPage\",\"@id\":\"https:\\\/\\\/upgrade.valenciaandgo.com\\\/vino-valencia-excursion-requena\\\/\",\"url\":\"https:\\\/\\\/upgrade.valenciaandgo.com\\\/vino-valencia-excursion-requena\\\/\",\"name\":\"El vino m\u00e1s desconocido del mundo est\u00e1 en Valencia\",\"isPartOf\":{\"@id\":\"https:\\\/\\\/upgrade.valenciaandgo.com\\\/it\\\/#website\"},\"primaryImageOfPage\":{\"@id\":\"https:\\\/\\\/upgrade.valenciaandgo.com\\\/vino-valencia-excursion-requena\\\/#primaryimage\"},\"image\":{\"@id\":\"https:\\\/\\\/upgrade.valenciaandgo.com\\\/vino-valencia-excursion-requena\\\/#primaryimage\"},\"thumbnailUrl\":\"https:\\\/\\\/upgrade.valenciaandgo.com\\\/wp-content\\\/uploads\\\/2025\\\/11\\\/img-blog-vino-mas-desconocido.webp\",\"datePublished\":\"2025-09-02T09:03:00+00:00\",\"dateModified\":\"2026-03-14T13:01:26+00:00\",\"description\":\"\u00bfTe gustar\u00eda degustar un vino \u00fanico entre cuevas, vi\u00f1as y bodegas hist\u00f3ricas? Descubre la excursi\u00f3n con la que podr\u00e1s disfrutarlo.\",\"breadcrumb\":{\"@id\":\"https:\\\/\\\/upgrade.valenciaandgo.com\\\/vino-valencia-excursion-requena\\\/#breadcrumb\"},\"inLanguage\":\"pl-PL\",\"potentialAction\":[{\"@type\":\"ReadAction\",\"target\":[\"https:\\\/\\\/upgrade.valenciaandgo.com\\\/vino-valencia-excursion-requena\\\/\"]}]},{\"@type\":\"ImageObject\",\"inLanguage\":\"pl-PL\",\"@id\":\"https:\\\/\\\/upgrade.valenciaandgo.com\\\/vino-valencia-excursion-requena\\\/#primaryimage\",\"url\":\"https:\\\/\\\/upgrade.valenciaandgo.com\\\/wp-content\\\/uploads\\\/2025\\\/11\\\/img-blog-vino-mas-desconocido.webp\",\"contentUrl\":\"https:\\\/\\\/upgrade.valenciaandgo.com\\\/wp-content\\\/uploads\\\/2025\\\/11\\\/img-blog-vino-mas-desconocido.webp\",\"width\":1170,\"height\":783},{\"@type\":\"BreadcrumbList\",\"@id\":\"https:\\\/\\\/upgrade.valenciaandgo.com\\\/vino-valencia-excursion-requena\\\/#breadcrumb\",\"itemListElement\":[{\"@type\":\"ListItem\",\"position\":1,\"name\":\"Portada\",\"item\":\"https:\\\/\\\/upgrade.valenciaandgo.com\\\/\"},{\"@type\":\"ListItem\",\"position\":2,\"name\":\"El vino m\u00e1s desconocido del mundo est\u00e1 en Valencia (y as\u00ed puedes probarlo)\"}]},{\"@type\":\"WebSite\",\"@id\":\"https:\\\/\\\/upgrade.valenciaandgo.com\\\/it\\\/#website\",\"url\":\"https:\\\/\\\/upgrade.valenciaandgo.com\\\/it\\\/\",\"name\":\"Valencia&Go\",\"description\":\"Tours por Valencia y alrededores de ciudad.\",\"publisher\":{\"@id\":\"https:\\\/\\\/upgrade.valenciaandgo.com\\\/it\\\/#organization\"},\"potentialAction\":[{\"@type\":\"SearchAction\",\"target\":{\"@type\":\"EntryPoint\",\"urlTemplate\":\"https:\\\/\\\/upgrade.valenciaandgo.com\\\/it\\\/?s={search_term_string}\"},\"query-input\":{\"@type\":\"PropertyValueSpecification\",\"valueRequired\":true,\"valueName\":\"search_term_string\"}}],\"inLanguage\":\"pl-PL\"},{\"@type\":\"Organization\",\"@id\":\"https:\\\/\\\/upgrade.valenciaandgo.com\\\/it\\\/#organization\",\"name\":\"Valencia&Go\",\"url\":\"https:\\\/\\\/upgrade.valenciaandgo.com\\\/it\\\/\",\"logo\":{\"@type\":\"ImageObject\",\"inLanguage\":\"pl-PL\",\"@id\":\"https:\\\/\\\/upgrade.valenciaandgo.com\\\/it\\\/#\\\/schema\\\/logo\\\/image\\\/\",\"url\":\"https:\\\/\\\/upgrade.valenciaandgo.com\\\/wp-content\\\/uploads\\\/2025\\\/10\\\/valencia_go-svg-blnc-iso-naranja.svg\",\"contentUrl\":\"https:\\\/\\\/upgrade.valenciaandgo.com\\\/wp-content\\\/uploads\\\/2025\\\/10\\\/valencia_go-svg-blnc-iso-naranja.svg\",\"width\":434,\"height\":102,\"caption\":\"Valencia&Go\"},\"image\":{\"@id\":\"https:\\\/\\\/upgrade.valenciaandgo.com\\\/it\\\/#\\\/schema\\\/logo\\\/image\\\/\"},\"sameAs\":[\"https:\\\/\\\/www.facebook.com\\\/valenciaandgo\\\/\",\"https:\\\/\\\/www.instagram.com\\\/valenciaandgo\",\"https:\\\/\\\/www.linkedin.com\\\/company\\\/valencia-go\\\/\",\"https:\\\/\\\/www.tiktok.com\\\/@valenciaandgo\"]},{\"@type\":\"Person\",\"@id\":\"https:\\\/\\\/upgrade.valenciaandgo.com\\\/it\\\/#\\\/schema\\\/person\\\/ca673553802eb937b57af07a6ce74908\",\"name\":\"Valencia &amp; Go\",\"sameAs\":[\"https:\\\/\\\/valenciaandgo.com\"],\"url\":\"https:\\\/\\\/upgrade.valenciaandgo.com\\\/pl\\\/author\\\/valencia\\\/\"}]}<\/script>\n<!-- \/ Yoast SEO plugin. -->","yoast_head_json":{"title":"Najbardziej nieznane wino na \u015bwiecie znajduje si\u0119 w Walencji","description":"Chcesz skosztowa\u0107 wyj\u0105tkowego wina w\u015br\u00f3d jaski\u0144, winnic i historycznych piwnic? Odkryj wycieczk\u0119, dzi\u0119ki kt\u00f3rej mo\u017cesz si\u0119 tym cieszy\u0107.","robots":{"index":"noindex","follow":"follow","max-snippet":"max-snippet:-1","max-image-preview":"max-image-preview:large","max-video-preview":"max-video-preview:-1"},"og_locale":"pl_PL","og_type":"article","og_title":"El vino m\u00e1s desconocido del mundo est\u00e1 en Valencia","og_description":"\u00bfTe gustar\u00eda degustar un vino \u00fanico entre cuevas, vi\u00f1as y bodegas hist\u00f3ricas? Descubre la excursi\u00f3n con la que podr\u00e1s disfrutarlo.","og_url":"https:\/\/upgrade.valenciaandgo.com\/pl\/wino-walencja-wycieczka-requena\/","og_site_name":"Valencia&amp;Go","article_publisher":"https:\/\/www.facebook.com\/valenciaandgo\/","article_published_time":"2025-09-02T09:03:00+00:00","article_modified_time":"2026-03-14T13:01:26+00:00","og_image":[{"width":1170,"height":783,"url":"https:\/\/upgrade.valenciaandgo.com\/wp-content\/uploads\/2025\/11\/img-blog-vino-mas-desconocido.webp","type":"image\/webp"}],"author":"Valencia &amp; Go","twitter_card":"summary_large_image","twitter_misc":{"Napisane przez":"Valencia &amp; Go","Szacowany czas czytania":"3 minuty"},"schema":{"@context":"https:\/\/schema.org","@graph":[{"@type":"Article","@id":"https:\/\/upgrade.valenciaandgo.com\/vino-valencia-excursion-requena\/#article","isPartOf":{"@id":"https:\/\/upgrade.valenciaandgo.com\/vino-valencia-excursion-requena\/"},"author":{"name":"Valencia &amp; Go","@id":"https:\/\/upgrade.valenciaandgo.com\/it\/#\/schema\/person\/ca673553802eb937b57af07a6ce74908"},"headline":"El vino m\u00e1s desconocido del mundo est\u00e1 en Valencia (y as\u00ed puedes probarlo)","datePublished":"2025-09-02T09:03:00+00:00","dateModified":"2026-03-14T13:01:26+00:00","mainEntityOfPage":{"@id":"https:\/\/upgrade.valenciaandgo.com\/vino-valencia-excursion-requena\/"},"wordCount":502,"publisher":{"@id":"https:\/\/upgrade.valenciaandgo.com\/it\/#organization"},"image":{"@id":"https:\/\/upgrade.valenciaandgo.com\/vino-valencia-excursion-requena\/#primaryimage"},"thumbnailUrl":"https:\/\/upgrade.valenciaandgo.com\/wp-content\/uploads\/2025\/11\/img-blog-vino-mas-desconocido.webp","keywords":["planes","Valencia"],"articleSection":["Gastronom\u00eda","Noticias","Qu\u00e9 hacer"],"inLanguage":"pl-PL"},{"@type":"WebPage","@id":"https:\/\/upgrade.valenciaandgo.com\/vino-valencia-excursion-requena\/","url":"https:\/\/upgrade.valenciaandgo.com\/vino-valencia-excursion-requena\/","name":"Najbardziej nieznane wino na \u015bwiecie znajduje si\u0119 w Walencji","isPartOf":{"@id":"https:\/\/upgrade.valenciaandgo.com\/it\/#website"},"primaryImageOfPage":{"@id":"https:\/\/upgrade.valenciaandgo.com\/vino-valencia-excursion-requena\/#primaryimage"},"image":{"@id":"https:\/\/upgrade.valenciaandgo.com\/vino-valencia-excursion-requena\/#primaryimage"},"thumbnailUrl":"https:\/\/upgrade.valenciaandgo.com\/wp-content\/uploads\/2025\/11\/img-blog-vino-mas-desconocido.webp","datePublished":"2025-09-02T09:03:00+00:00","dateModified":"2026-03-14T13:01:26+00:00","description":"Chcesz skosztowa\u0107 wyj\u0105tkowego wina w\u015br\u00f3d jaski\u0144, winnic i historycznych piwnic? Odkryj wycieczk\u0119, dzi\u0119ki kt\u00f3rej mo\u017cesz si\u0119 tym cieszy\u0107.","breadcrumb":{"@id":"https:\/\/upgrade.valenciaandgo.com\/vino-valencia-excursion-requena\/#breadcrumb"},"inLanguage":"pl-PL","potentialAction":[{"@type":"ReadAction","target":["https:\/\/upgrade.valenciaandgo.com\/vino-valencia-excursion-requena\/"]}]},{"@type":"ImageObject","inLanguage":"pl-PL","@id":"https:\/\/upgrade.valenciaandgo.com\/vino-valencia-excursion-requena\/#primaryimage","url":"https:\/\/upgrade.valenciaandgo.com\/wp-content\/uploads\/2025\/11\/img-blog-vino-mas-desconocido.webp","contentUrl":"https:\/\/upgrade.valenciaandgo.com\/wp-content\/uploads\/2025\/11\/img-blog-vino-mas-desconocido.webp","width":1170,"height":783},{"@type":"BreadcrumbList","@id":"https:\/\/upgrade.valenciaandgo.com\/vino-valencia-excursion-requena\/#breadcrumb","itemListElement":[{"@type":"ListItem","position":1,"name":"Portada","item":"https:\/\/upgrade.valenciaandgo.com\/"},{"@type":"ListItem","position":2,"name":"El vino m\u00e1s desconocido del mundo est\u00e1 en Valencia (y as\u00ed puedes probarlo)"}]},{"@type":"WebSite","@id":"https:\/\/upgrade.valenciaandgo.com\/it\/#website","url":"https:\/\/upgrade.valenciaandgo.com\/it\/","name":"Valencia&amp;Go","description":"Wycieczki po Walencji i okolicach.","publisher":{"@id":"https:\/\/upgrade.valenciaandgo.com\/it\/#organization"},"potentialAction":[{"@type":"SearchAction","target":{"@type":"EntryPoint","urlTemplate":"https:\/\/upgrade.valenciaandgo.com\/it\/?s={search_term_string}"},"query-input":{"@type":"PropertyValueSpecification","valueRequired":true,"valueName":"search_term_string"}}],"inLanguage":"pl-PL"},{"@type":"Organization","@id":"https:\/\/upgrade.valenciaandgo.com\/it\/#organization","name":"Valencia&amp;Go","url":"https:\/\/upgrade.valenciaandgo.com\/it\/","logo":{"@type":"ImageObject","inLanguage":"pl-PL","@id":"https:\/\/upgrade.valenciaandgo.com\/it\/#\/schema\/logo\/image\/","url":"https:\/\/upgrade.valenciaandgo.com\/wp-content\/uploads\/2025\/10\/valencia_go-svg-blnc-iso-naranja.svg","contentUrl":"https:\/\/upgrade.valenciaandgo.com\/wp-content\/uploads\/2025\/10\/valencia_go-svg-blnc-iso-naranja.svg","width":434,"height":102,"caption":"Valencia&Go"},"image":{"@id":"https:\/\/upgrade.valenciaandgo.com\/it\/#\/schema\/logo\/image\/"},"sameAs":["https:\/\/www.facebook.com\/valenciaandgo\/","https:\/\/www.instagram.com\/valenciaandgo","https:\/\/www.linkedin.com\/company\/valencia-go\/","https:\/\/www.tiktok.com\/@valenciaandgo"]},{"@type":"Person","@id":"https:\/\/upgrade.valenciaandgo.com\/it\/#\/schema\/person\/ca673553802eb937b57af07a6ce74908","name":"Valencia &amp; Go","sameAs":["https:\/\/valenciaandgo.com"],"url":"https:\/\/upgrade.valenciaandgo.com\/pl\/author\/valencia\/"}]}},"_links":{"self":[{"href":"https:\/\/upgrade.valenciaandgo.com\/pl\/wp-json\/wp\/v2\/posts\/567","targetHints":{"allow":["GET"]}}],"collection":[{"href":"https:\/\/upgrade.valenciaandgo.com\/pl\/wp-json\/wp\/v2\/posts"}],"about":[{"href":"https:\/\/upgrade.valenciaandgo.com\/pl\/wp-json\/wp\/v2\/types\/post"}],"author":[{"embeddable":true,"href":"https:\/\/upgrade.valenciaandgo.com\/pl\/wp-json\/wp\/v2\/users\/1"}],"replies":[{"embeddable":true,"href":"https:\/\/upgrade.valenciaandgo.com\/pl\/wp-json\/wp\/v2\/comments?post=567"}],"version-history":[{"count":0,"href":"https:\/\/upgrade.valenciaandgo.com\/pl\/wp-json\/wp\/v2\/posts\/567\/revisions"}],"wp:featuredmedia":[{"embeddable":true,"href":"https:\/\/upgrade.valenciaandgo.com\/pl\/wp-json\/wp\/v2\/media\/752"}],"wp:attachment":[{"href":"https:\/\/upgrade.valenciaandgo.com\/pl\/wp-json\/wp\/v2\/media?parent=567"}],"wp:term":[{"taxonomy":"category","embeddable":true,"href":"https:\/\/upgrade.valenciaandgo.com\/pl\/wp-json\/wp\/v2\/categories?post=567"},{"taxonomy":"post_tag","embeddable":true,"href":"https:\/\/upgrade.valenciaandgo.com\/pl\/wp-json\/wp\/v2\/tags?post=567"}],"curies":[{"name":"wp","href":"https:\/\/api.w.org\/{rel}","templated":true}]}}