{"id":538,"date":"2024-09-06T12:17:00","date_gmt":"2024-09-06T12:17:00","guid":{"rendered":"https:\/\/new.valenciaandgo.com\/?p=538"},"modified":"2026-03-14T13:01:26","modified_gmt":"2026-03-14T13:01:26","slug":"najlepsze-tarasy-na-dachu-w-walencji-podziwiaja-zachod-slonca","status":"publish","type":"post","link":"https:\/\/upgrade.valenciaandgo.com\/pl\/mejores-terrazas-rooftops-valencia-disfrutar-atardecer\/","title":{"rendered":"Najlepsze dachy w Walencji na spektakularne zachody s\u0142o\u0144ca"},"content":{"rendered":"<div data-elementor-type=\"wp-post\" data-elementor-id=\"538\" class=\"elementor elementor-538\" data-elementor-post-type=\"post\">\n\t\t\t\t<div class=\"elementor-element elementor-element-1bdc3311 e-flex e-con-boxed e-con e-parent\" data-id=\"1bdc3311\" data-element_type=\"container\" data-e-type=\"container\">\n\t\t\t\t\t<div class=\"e-con-inner\">\n\t\t<div class=\"elementor-element elementor-element-32a89ba e-con-full e-flex e-con e-child\" data-id=\"32a89ba\" data-element_type=\"container\" data-e-type=\"container\">\n\t\t\t\t<div class=\"elementor-element elementor-element-672a6667 elementor-widget elementor-widget-text-editor\" data-id=\"672a6667\" data-element_type=\"widget\" data-e-type=\"widget\" data-widget_type=\"text-editor.default\">\n\t\t\t\t\t\t\t\t\t\n<p>Z ponad 300 s\u0142onecznymi dniami, imponuj\u0105cym dziedzictwem architektonicznym i godn\u0105 pozazdroszczenia scen\u0105 kulturaln\u0105, Walencja oferuje niesko\u0144czone mo\u017cliwo\u015bci odkrywania jej w inny spos\u00f3b. Jedna z nich pojawia si\u0119 pod koniec dnia: gdy s\u0142o\u0144ce zaczyna zachodzi\u0107, nie ma lepszego sposobu na rozkoszowanie si\u0119 pi\u0119knem miasta ni\u017c taras na dachu. Niezale\u017cnie od tego, czy jeste\u015b smakoszem, entuzjast\u0105 kultury czy pasjonatem odkrywania nowych miejsc, dachy Walencji stanowi\u0105 idealne miejsce na niezapomniany zach\u00f3d s\u0142o\u0144ca. Od <a href=\"https:\/\/valenciaandgo.com\/\">Valencia&amp;Go<\/a> Przedstawiamy najlepsze dachy, z kt\u00f3rych mo\u017cna podziwia\u0107 spektakularne zachody s\u0142o\u0144ca w tym \u015br\u00f3dziemnomorskim klejnocie. Czytaj dalej!<\/p>\n\t\t\t\t\t\t\t\t<\/div>\n\t\t\t\t<\/div>\n\t\t<div class=\"elementor-element elementor-element-1ce8f66a e-con-full e-flex e-con e-child\" data-id=\"1ce8f66a\" data-element_type=\"container\" data-e-type=\"container\">\n\t\t<div class=\"elementor-element elementor-element-14e1adfb e-con-full e-flex e-con e-child\" data-id=\"14e1adfb\" data-element_type=\"container\" data-e-type=\"container\">\n\t\t\t\t<div class=\"elementor-element elementor-element-4e0c24aa elementor-widget elementor-widget-heading\" data-id=\"4e0c24aa\" data-element_type=\"widget\" data-e-type=\"widget\" data-widget_type=\"heading.default\">\n\t\t\t\t\t<h2 class=\"elementor-heading-title elementor-size-default\">1) Athena Sky<\/h2>\t\t\t\t<\/div>\n\t\t\t\t<\/div>\n\t\t<div class=\"elementor-element elementor-element-7d75c63 e-con-full e-flex e-con e-child\" data-id=\"7d75c63\" data-element_type=\"container\" data-e-type=\"container\">\n\t\t\t\t<div class=\"elementor-element elementor-element-749c1ec elementor-widget elementor-widget-text-editor\" data-id=\"749c1ec\" data-element_type=\"widget\" data-e-type=\"widget\" data-widget_type=\"text-editor.default\">\n\t\t\t\t\t\t\t\t\t<p>Zlokalizowany na \u00f3smym pi\u0119trze charakterystycznego Ateneo Mercantil, w pobli\u017cu Plaza del Ayuntamiento, hotel <a href=\"https:\/\/ateneasky.com\/\">Athena Sky<\/a> oferuje 360-stopniowy widok, dzi\u0119ki czemu idealnie nadaje si\u0119 do robienia wspania\u0142ych zdj\u0119\u0107 zachodu s\u0142o\u0144ca. Dzi\u0119ki \u017cywio\u0142owemu wystrojowi i swobodnej atmosferze jest to idealne miejsce na elegancki wiecz\u00f3r w samym sercu miasta.<\/p>\t\t\t\t\t\t\t\t<\/div>\n\t\t\t\t<\/div>\n\t\t\t\t<\/div>\n\t\t<div class=\"elementor-element elementor-element-b08fb58 e-con-full e-flex e-con e-child\" data-id=\"b08fb58\" data-element_type=\"container\" data-e-type=\"container\">\n\t\t<div class=\"elementor-element elementor-element-6ec830f e-con-full e-flex e-con e-child\" data-id=\"6ec830f\" data-element_type=\"container\" data-e-type=\"container\">\n\t\t\t\t<div class=\"elementor-element elementor-element-eb66a06 elementor-widget elementor-widget-heading\" data-id=\"eb66a06\" data-element_type=\"widget\" data-e-type=\"widget\" data-widget_type=\"heading.default\">\n\t\t\t\t\t<h2 class=\"elementor-heading-title elementor-size-default\">2. 270\u00ba SkyBar<\/h2>\t\t\t\t<\/div>\n\t\t\t\t<\/div>\n\t\t<div class=\"elementor-element elementor-element-7acfb5f e-con-full e-flex e-con e-child\" data-id=\"7acfb5f\" data-element_type=\"container\" data-e-type=\"container\">\n\t\t\t\t<div class=\"elementor-element elementor-element-672fd1e elementor-widget elementor-widget-text-editor\" data-id=\"672fd1e\" data-element_type=\"widget\" data-e-type=\"widget\" data-widget_type=\"text-editor.default\">\n\t\t\t\t\t\t\t\t\t<p>Od <a href=\"https:\/\/www.instagram.com\/barcelovalencia\/?hl=es\">270\u00ba SkyBar<\/a>, Z dachu hotelu Barcel\u00f3 roztacza si\u0119 pe\u0142ny widok na Walencj\u0119, co czyni go rajem dla mi\u0142o\u015bnik\u00f3w fotografii. Gdy s\u0142o\u0144ce schodzi poni\u017cej horyzontu, \u015bwiat\u0142a miasta zaczynaj\u0105 \u015bwieci\u0107, tworz\u0105c hipnotyzuj\u0105ce przej\u015bcie z dnia w noc. Jego elegancka atmosfera w po\u0142\u0105czeniu z miejscami do siedzenia przy basenie pozwoli ci ogl\u0105da\u0107 zach\u00f3d s\u0142o\u0144ca na tle Miasta Sztuki i Nauki - wymarzona sceneria, kt\u00f3rej nie zapomnisz!<\/p>\t\t\t\t\t\t\t\t<\/div>\n\t\t\t\t<\/div>\n\t\t\t\t<\/div>\n\t\t<div class=\"elementor-element elementor-element-6c15e59 e-con-full e-flex e-con e-child\" data-id=\"6c15e59\" data-element_type=\"container\" data-e-type=\"container\">\n\t\t<div class=\"elementor-element elementor-element-e3e932f e-con-full e-flex e-con e-child\" data-id=\"e3e932f\" data-element_type=\"container\" data-e-type=\"container\">\n\t\t\t\t<div class=\"elementor-element elementor-element-dbb6f8a elementor-widget elementor-widget-heading\" data-id=\"dbb6f8a\" data-element_type=\"widget\" data-e-type=\"widget\" data-widget_type=\"heading.default\">\n\t\t\t\t\t<h2 class=\"elementor-heading-title elementor-size-default\">3. City Lover<\/h2>\t\t\t\t<\/div>\n\t\t\t\t<\/div>\n\t\t<div class=\"elementor-element elementor-element-63ef62b e-con-full e-flex e-con e-child\" data-id=\"63ef62b\" data-element_type=\"container\" data-e-type=\"container\">\n\t\t\t\t<div class=\"elementor-element elementor-element-87883c7 elementor-widget elementor-widget-text-editor\" data-id=\"87883c7\" data-element_type=\"widget\" data-e-type=\"widget\" data-widget_type=\"text-editor.default\">\n\t\t\t\t\t\t\t\t\t<p>Taras na dachu hotelu Only YOU zapewnia wyrafinowane otoczenie ze spektakularnymi widokami na Walencj\u0119, a wszystko to przy akompaniamencie muzyki na \u017cywo. Ten stylowy bar jest idealny dla tych, kt\u00f3rzy szukaj\u0105 innego i ekskluzywnego do\u015bwiadczenia zachodu s\u0142o\u0144ca. Wydarzenie <a href=\"https:\/\/www.onlyyouhotels.com\/hoteles\/only-you-hotel-valencia\/youniverse\/sunset-only-you-valencia\/\">City Lover Sunset<\/a> odbywa si\u0119 latem w ka\u017cdy czwartek, pi\u0105tek, sobot\u0119 i niedziel\u0119 od godziny 19:00.<\/p>\t\t\t\t\t\t\t\t<\/div>\n\t\t\t\t<\/div>\n\t\t\t\t<\/div>\n\t\t<div class=\"elementor-element elementor-element-7bf9972 e-con-full e-flex e-con e-child\" data-id=\"7bf9972\" data-element_type=\"container\" data-e-type=\"container\">\n\t\t<div class=\"elementor-element elementor-element-8c69d08 e-con-full e-flex e-con e-child\" data-id=\"8c69d08\" data-element_type=\"container\" data-e-type=\"container\">\n\t\t\t\t<div class=\"elementor-element elementor-element-a146bca elementor-widget elementor-widget-heading\" data-id=\"a146bca\" data-element_type=\"widget\" data-e-type=\"widget\" data-widget_type=\"heading.default\">\n\t\t\t\t\t<h2 class=\"elementor-heading-title elementor-size-default\">4. poddasze<\/h2>\t\t\t\t<\/div>\n\t\t\t\t<\/div>\n\t\t<div class=\"elementor-element elementor-element-e5a70f9 e-con-full e-flex e-con e-child\" data-id=\"e5a70f9\" data-element_type=\"container\" data-e-type=\"container\">\n\t\t\t\t<div class=\"elementor-element elementor-element-57d6982 elementor-widget elementor-widget-text-editor\" data-id=\"57d6982\" data-element_type=\"widget\" data-e-type=\"widget\" data-widget_type=\"text-editor.default\">\n\t\t\t\t\t\t\t\t\t<p>Hotel mie\u015bci si\u0119 w Palau Alameda i s\u0142ynie z nowoczesnego wystroju oraz t\u0119tni\u0105cej \u017cyciem atmosfery. Z hotelu roztacza si\u0119 widok na ogrody Turia i kultowe zabytki miasta. <a href=\"https:\/\/palaualameda.com\/atic\/\">\u00c1tic<\/a> oferuje dynamiczne t\u0142o do ogl\u0105dania zachodu s\u0142o\u0144ca. Bar oferuje urozmaicone menu drink\u00f3w i wy\u015bmienitych przek\u0105sek, kt\u00f3re stanowi\u0105 idealne zako\u0144czenie dnia.<\/p>\t\t\t\t\t\t\t\t<\/div>\n\t\t\t\t<\/div>\n\t\t\t\t<\/div>\n\t\t<div class=\"elementor-element elementor-element-a6a12e3 e-con-full e-flex e-con e-child\" data-id=\"a6a12e3\" data-element_type=\"container\" data-e-type=\"container\">\n\t\t<div class=\"elementor-element elementor-element-2e9c2cb e-con-full e-flex e-con e-child\" data-id=\"2e9c2cb\" data-element_type=\"container\" data-e-type=\"container\">\n\t\t\t\t<div class=\"elementor-element elementor-element-9494663 elementor-widget elementor-widget-heading\" data-id=\"9494663\" data-element_type=\"widget\" data-e-type=\"widget\" data-widget_type=\"heading.default\">\n\t\t\t\t\t<h2 class=\"elementor-heading-title elementor-size-default\">5. Sky Bar Sea You Port<\/h2>\t\t\t\t<\/div>\n\t\t\t\t<\/div>\n\t\t<div class=\"elementor-element elementor-element-919cd25 e-con-full e-flex e-con e-child\" data-id=\"919cd25\" data-element_type=\"container\" data-e-type=\"container\">\n\t\t\t\t<div class=\"elementor-element elementor-element-26227a4 elementor-widget elementor-widget-text-editor\" data-id=\"26227a4\" data-element_type=\"widget\" data-e-type=\"widget\" data-widget_type=\"text-editor.default\">\n\t\t\t\t\t\t\t\t\t<p>W <a href=\"https:\/\/www.seayouhotel.es\/sky-bar.html\">Sea You Port Hotel Sky Bar<\/a> mo\u017cna prze\u017cy\u0107 wyj\u0105tkowe do\u015bwiadczenie z panoramicznym widokiem na port i przysta\u0144 w mie\u015bcie. Po\u0142o\u017cony na najwy\u017cszym pi\u0119trze hotelu, jest idealnym miejscem na relaks i podziwianie spektakularnego zachodu s\u0142o\u0144ca nad Morzem \u015ar\u00f3dziemnym. Przytulna i nowoczesna atmosfera, kt\u00f3rej towarzyszy wyb\u00f3r ekskluzywnych koktajli i muzyka na \u017cywo, tworzy niezr\u00f3wnan\u0105 sceneri\u0119 na niezapomniany wiecz\u00f3r.<\/p>\t\t\t\t\t\t\t\t<\/div>\n\t\t\t\t<\/div>\n\t\t\t\t<\/div>\n\t\t<div class=\"elementor-element elementor-element-09a4b39 e-con-full e-flex e-con e-child\" data-id=\"09a4b39\" data-element_type=\"container\" data-e-type=\"container\">\n\t\t<div class=\"elementor-element elementor-element-4d7925d e-con-full e-flex e-con e-child\" data-id=\"4d7925d\" data-element_type=\"container\" data-e-type=\"container\">\n\t\t\t\t<div class=\"elementor-element elementor-element-56389e2 elementor-widget elementor-widget-heading\" data-id=\"56389e2\" data-element_type=\"widget\" data-e-type=\"widget\" data-widget_type=\"heading.default\">\n\t\t\t\t\t<h2 class=\"elementor-heading-title elementor-size-default\">Wskaz\u00f3wki dotycz\u0105ce zwiedzania dach\u00f3w Walencji<\/h2>\t\t\t\t<\/div>\n\t\t\t\t<\/div>\n\t\t<div class=\"elementor-element elementor-element-7ff79ec e-con-full e-flex e-con e-child\" data-id=\"7ff79ec\" data-element_type=\"container\" data-e-type=\"container\">\n\t\t\t\t<div class=\"elementor-element elementor-element-1888e06 elementor-widget elementor-widget-text-editor\" data-id=\"1888e06\" data-element_type=\"widget\" data-e-type=\"widget\" data-widget_type=\"text-editor.default\">\n\t\t\t\t\t\t\t\t\t<p>Aby jak najlepiej wykorzysta\u0107 zach\u00f3d s\u0142o\u0144ca na tarasie na dachu w Walencji, nale\u017cy pami\u0119ta\u0107 o kilku rzeczach:<\/p>\n<p><!-- \/wp:paragraph --><!-- wp:list --><\/p>\n<ul class=\"wp-block-list\"><!-- wp:list-item -->\n<li><strong>Harmonogram<\/strong><strong>:<\/strong> Sprawd\u017a godziny otwarcia r\u00f3\u017cnych dach\u00f3w. Postaraj si\u0119 przyby\u0107 wcze\u015bniej, aby zapewni\u0107 sobie najlepsze miejsce i co najmniej godzin\u0119 przed zachodem s\u0142o\u0144ca.<\/li>\n<!-- \/wp:list-item --><!-- wp:list-item -->\n<li><strong>Rezerwacje<\/strong><strong>:<\/strong> Je\u015bli to mo\u017cliwe, zarezerwuj miejsce z wyprzedzeniem. Wiele bar\u00f3w na dachu pozwala zarezerwowa\u0107 stolik, gwarantuj\u0105c najlepsze miejsce do podziwiania zachodu s\u0142o\u0144ca.<\/li>\n<!-- \/wp:list-item --><!-- wp:list-item -->\n<li><strong>Meteorologia<\/strong><strong>:<\/strong> sprawd\u017a wcze\u015bniej prognoz\u0119 pogody. Chocia\u017c Walencja cieszy si\u0119 wieloma s\u0142onecznymi dniami, najlepiej jest by\u0107 przygotowanym na wszelkie nag\u0142e zmiany pogody.<\/li>\n<!-- \/wp:list-item --><!-- wp:list-item -->\n<li><strong>Popro\u015b o rad\u0119<\/strong>Mieszka\u0144cy Walencji s\u0105 znani ze swojej go\u015bcinno\u015bci i \u017cyczliwo\u015bci. Interakcja z nimi w celu uzyskania wskaz\u00f3wek na temat dowolnego aspektu miasta znacznie poprawi twoje wra\u017cenia.\u00a0<\/li>\n<!-- \/wp:list-item --><\/ul>\n<p><!-- \/wp:list --><!-- wp:paragraph --><\/p>\n<p>Podczas gdy dachy Walencji s\u0105 obowi\u0105zkowe do ogl\u0105dania zachodu s\u0142o\u0144ca, miasto ma inne fantastyczne miejsca na zako\u0144czenie dnia. A <a href=\"https:\/\/valenciaandgo.com\/tours-valencia\/ruta-en-bici-por-el-parque-del-rio-turia\/\">wycieczka rowerowa do ogrod\u00f3w nad rzek\u0105 Turia<\/a> to bezpieczny wyb\u00f3r. W ca\u0142ym bujnym parku znajduje si\u0119 kilka miejsc, w kt\u00f3rych mo\u017cna zrobi\u0107 sobie przerw\u0119 i obejrze\u0107 zach\u00f3d s\u0142o\u0144ca. Je\u015bli wolisz wyj\u015b\u0107 na \u0142ono natury, odkryj poza miastem z naszym <a href=\"https:\/\/valenciaandgo.com\/excursiones-desde-valencia\/excursion-al-parque-natural-de-la-albufera\/\">wycieczka do parku przyrody Albufera<\/a>, Poczuj magi\u0119 Walencji z Valencia&amp;Go!<\/p>\t\t\t\t\t\t\t\t<\/div>\n\t\t\t\t<\/div>\n\t\t\t\t<\/div>\n\t\t\t\t\t<\/div>\n\t\t\t\t<\/div>\n\t\t\t\t<\/div>","protected":false},"excerpt":{"rendered":"<p>Con m\u00e1s de 300 d\u00edas de sol, un impresionante patrimonio arquitect\u00f3nico y un ambiente cultural envidiable, Valencia ofrece infinitas oportunidades para explorarla de forma diferente. Una de ellas llega al final del d\u00eda: cuando el sol empieza a ponerse, no hay mejor manera de empaparse de la belleza de la ciudad que desde una azotea. [&hellip;]<\/p>\n","protected":false},"author":1,"featured_media":732,"comment_status":"closed","ping_status":"closed","sticky":false,"template":"","format":"standard","meta":{"_acf_changed":false,"footnotes":""},"categories":[54],"tags":[57,53],"class_list":["post-538","post","type-post","status-publish","format-standard","has-post-thumbnail","hentry","category-que-hacer","tag-planes-exterior","tag-valencia"],"acf":[],"yoast_head":"<!-- This site is optimized with the Yoast SEO plugin v27.5 - https:\/\/yoast.com\/product\/yoast-seo-wordpress\/ -->\n<title>Rooftops de Valencia para ver el atardecer | Blog Valencia&amp;Go<\/title>\n<meta name=\"description\" content=\"Te desvelamos los mejores rooftops de Valencia para disfrutar de un atardecer espectacular mientras degustas tu bebida favorita, en el blog de Valencia&amp;Go.\" \/>\n<meta name=\"robots\" content=\"noindex, follow, max-snippet:-1, max-image-preview:large, max-video-preview:-1\" \/>\n<meta property=\"og:locale\" content=\"pl_PL\" \/>\n<meta property=\"og:type\" content=\"article\" \/>\n<meta property=\"og:title\" content=\"Rooftops de Valencia para ver el atardecer | Blog Valencia&amp;Go\" \/>\n<meta property=\"og:description\" content=\"Te desvelamos los mejores rooftops de Valencia para disfrutar de un atardecer espectacular mientras degustas tu bebida favorita, en el blog de Valencia&amp;Go.\" \/>\n<meta property=\"og:url\" content=\"https:\/\/upgrade.valenciaandgo.com\/pl\/najlepsze-tarasy-na-dachu-w-walencji-podziwiaja-zachod-slonca\/\" \/>\n<meta property=\"og:site_name\" content=\"Valencia&amp;Go\" \/>\n<meta property=\"article:publisher\" content=\"https:\/\/www.facebook.com\/valenciaandgo\/\" \/>\n<meta property=\"article:published_time\" content=\"2024-09-06T12:17:00+00:00\" \/>\n<meta property=\"article:modified_time\" content=\"2026-03-14T13:01:26+00:00\" \/>\n<meta property=\"og:image\" content=\"https:\/\/upgrade.valenciaandgo.com\/wp-content\/uploads\/2025\/11\/img-blog-mejores-rooftops-valencia.webp\" \/>\n\t<meta property=\"og:image:width\" content=\"1170\" \/>\n\t<meta property=\"og:image:height\" content=\"781\" \/>\n\t<meta property=\"og:image:type\" content=\"image\/webp\" \/>\n<meta name=\"author\" content=\"Valencia &amp; Go\" \/>\n<meta name=\"twitter:card\" content=\"summary_large_image\" \/>\n<meta name=\"twitter:label1\" content=\"Napisane przez\" \/>\n\t<meta name=\"twitter:data1\" content=\"Valencia &amp; Go\" \/>\n\t<meta name=\"twitter:label2\" content=\"Szacowany czas czytania\" \/>\n\t<meta name=\"twitter:data2\" content=\"4 minuty\" \/>\n<script type=\"application\/ld+json\" class=\"yoast-schema-graph\">{\"@context\":\"https:\\\/\\\/schema.org\",\"@graph\":[{\"@type\":\"Article\",\"@id\":\"https:\\\/\\\/upgrade.valenciaandgo.com\\\/mejores-terrazas-rooftops-valencia-disfrutar-atardecer\\\/#article\",\"isPartOf\":{\"@id\":\"https:\\\/\\\/upgrade.valenciaandgo.com\\\/mejores-terrazas-rooftops-valencia-disfrutar-atardecer\\\/\"},\"author\":{\"name\":\"Valencia &amp; Go\",\"@id\":\"https:\\\/\\\/upgrade.valenciaandgo.com\\\/it\\\/#\\\/schema\\\/person\\\/ca673553802eb937b57af07a6ce74908\"},\"headline\":\"Los mejores rooftops de Valencia para disfrutar de atardeceres espectaculares\",\"datePublished\":\"2024-09-06T12:17:00+00:00\",\"dateModified\":\"2026-03-14T13:01:26+00:00\",\"mainEntityOfPage\":{\"@id\":\"https:\\\/\\\/upgrade.valenciaandgo.com\\\/mejores-terrazas-rooftops-valencia-disfrutar-atardecer\\\/\"},\"wordCount\":751,\"publisher\":{\"@id\":\"https:\\\/\\\/upgrade.valenciaandgo.com\\\/it\\\/#organization\"},\"image\":{\"@id\":\"https:\\\/\\\/upgrade.valenciaandgo.com\\\/mejores-terrazas-rooftops-valencia-disfrutar-atardecer\\\/#primaryimage\"},\"thumbnailUrl\":\"https:\\\/\\\/upgrade.valenciaandgo.com\\\/wp-content\\\/uploads\\\/2025\\\/11\\\/img-blog-mejores-rooftops-valencia.webp\",\"keywords\":[\"planes exterior\",\"Valencia\"],\"articleSection\":[\"Qu\u00e9 hacer\"],\"inLanguage\":\"pl-PL\"},{\"@type\":\"WebPage\",\"@id\":\"https:\\\/\\\/upgrade.valenciaandgo.com\\\/mejores-terrazas-rooftops-valencia-disfrutar-atardecer\\\/\",\"url\":\"https:\\\/\\\/upgrade.valenciaandgo.com\\\/mejores-terrazas-rooftops-valencia-disfrutar-atardecer\\\/\",\"name\":\"Rooftops de Valencia para ver el atardecer | Blog Valencia&Go\",\"isPartOf\":{\"@id\":\"https:\\\/\\\/upgrade.valenciaandgo.com\\\/it\\\/#website\"},\"primaryImageOfPage\":{\"@id\":\"https:\\\/\\\/upgrade.valenciaandgo.com\\\/mejores-terrazas-rooftops-valencia-disfrutar-atardecer\\\/#primaryimage\"},\"image\":{\"@id\":\"https:\\\/\\\/upgrade.valenciaandgo.com\\\/mejores-terrazas-rooftops-valencia-disfrutar-atardecer\\\/#primaryimage\"},\"thumbnailUrl\":\"https:\\\/\\\/upgrade.valenciaandgo.com\\\/wp-content\\\/uploads\\\/2025\\\/11\\\/img-blog-mejores-rooftops-valencia.webp\",\"datePublished\":\"2024-09-06T12:17:00+00:00\",\"dateModified\":\"2026-03-14T13:01:26+00:00\",\"description\":\"Te desvelamos los mejores rooftops de Valencia para disfrutar de un atardecer espectacular mientras degustas tu bebida favorita, en el blog de Valencia&Go.\",\"breadcrumb\":{\"@id\":\"https:\\\/\\\/upgrade.valenciaandgo.com\\\/mejores-terrazas-rooftops-valencia-disfrutar-atardecer\\\/#breadcrumb\"},\"inLanguage\":\"pl-PL\",\"potentialAction\":[{\"@type\":\"ReadAction\",\"target\":[\"https:\\\/\\\/upgrade.valenciaandgo.com\\\/mejores-terrazas-rooftops-valencia-disfrutar-atardecer\\\/\"]}]},{\"@type\":\"ImageObject\",\"inLanguage\":\"pl-PL\",\"@id\":\"https:\\\/\\\/upgrade.valenciaandgo.com\\\/mejores-terrazas-rooftops-valencia-disfrutar-atardecer\\\/#primaryimage\",\"url\":\"https:\\\/\\\/upgrade.valenciaandgo.com\\\/wp-content\\\/uploads\\\/2025\\\/11\\\/img-blog-mejores-rooftops-valencia.webp\",\"contentUrl\":\"https:\\\/\\\/upgrade.valenciaandgo.com\\\/wp-content\\\/uploads\\\/2025\\\/11\\\/img-blog-mejores-rooftops-valencia.webp\",\"width\":1170,\"height\":781},{\"@type\":\"BreadcrumbList\",\"@id\":\"https:\\\/\\\/upgrade.valenciaandgo.com\\\/mejores-terrazas-rooftops-valencia-disfrutar-atardecer\\\/#breadcrumb\",\"itemListElement\":[{\"@type\":\"ListItem\",\"position\":1,\"name\":\"Portada\",\"item\":\"https:\\\/\\\/upgrade.valenciaandgo.com\\\/\"},{\"@type\":\"ListItem\",\"position\":2,\"name\":\"Los mejores rooftops de Valencia para disfrutar de atardeceres espectaculares\"}]},{\"@type\":\"WebSite\",\"@id\":\"https:\\\/\\\/upgrade.valenciaandgo.com\\\/it\\\/#website\",\"url\":\"https:\\\/\\\/upgrade.valenciaandgo.com\\\/it\\\/\",\"name\":\"Valencia&Go\",\"description\":\"Tours por Valencia y alrededores de ciudad.\",\"publisher\":{\"@id\":\"https:\\\/\\\/upgrade.valenciaandgo.com\\\/it\\\/#organization\"},\"potentialAction\":[{\"@type\":\"SearchAction\",\"target\":{\"@type\":\"EntryPoint\",\"urlTemplate\":\"https:\\\/\\\/upgrade.valenciaandgo.com\\\/it\\\/?s={search_term_string}\"},\"query-input\":{\"@type\":\"PropertyValueSpecification\",\"valueRequired\":true,\"valueName\":\"search_term_string\"}}],\"inLanguage\":\"pl-PL\"},{\"@type\":\"Organization\",\"@id\":\"https:\\\/\\\/upgrade.valenciaandgo.com\\\/it\\\/#organization\",\"name\":\"Valencia&Go\",\"url\":\"https:\\\/\\\/upgrade.valenciaandgo.com\\\/it\\\/\",\"logo\":{\"@type\":\"ImageObject\",\"inLanguage\":\"pl-PL\",\"@id\":\"https:\\\/\\\/upgrade.valenciaandgo.com\\\/it\\\/#\\\/schema\\\/logo\\\/image\\\/\",\"url\":\"https:\\\/\\\/upgrade.valenciaandgo.com\\\/wp-content\\\/uploads\\\/2025\\\/10\\\/valencia_go-svg-blnc-iso-naranja.svg\",\"contentUrl\":\"https:\\\/\\\/upgrade.valenciaandgo.com\\\/wp-content\\\/uploads\\\/2025\\\/10\\\/valencia_go-svg-blnc-iso-naranja.svg\",\"width\":434,\"height\":102,\"caption\":\"Valencia&Go\"},\"image\":{\"@id\":\"https:\\\/\\\/upgrade.valenciaandgo.com\\\/it\\\/#\\\/schema\\\/logo\\\/image\\\/\"},\"sameAs\":[\"https:\\\/\\\/www.facebook.com\\\/valenciaandgo\\\/\",\"https:\\\/\\\/www.instagram.com\\\/valenciaandgo\",\"https:\\\/\\\/www.linkedin.com\\\/company\\\/valencia-go\\\/\",\"https:\\\/\\\/www.tiktok.com\\\/@valenciaandgo\"]},{\"@type\":\"Person\",\"@id\":\"https:\\\/\\\/upgrade.valenciaandgo.com\\\/it\\\/#\\\/schema\\\/person\\\/ca673553802eb937b57af07a6ce74908\",\"name\":\"Valencia &amp; Go\",\"sameAs\":[\"https:\\\/\\\/valenciaandgo.com\"],\"url\":\"https:\\\/\\\/upgrade.valenciaandgo.com\\\/pl\\\/author\\\/valencia\\\/\"}]}<\/script>\n<!-- \/ Yoast SEO plugin. -->","yoast_head_json":{"title":"Dachy w Walencji do ogl\u0105dania zachodu s\u0142o\u0144ca | Blog Valencia&amp;Go","description":"Na blogu Valencia&amp;Go przedstawiamy najlepsze dachy w Walencji, z kt\u00f3rych mo\u017cna podziwia\u0107 spektakularny zach\u00f3d s\u0142o\u0144ca, delektuj\u0105c si\u0119 ulubionym drinkiem.","robots":{"index":"noindex","follow":"follow","max-snippet":"max-snippet:-1","max-image-preview":"max-image-preview:large","max-video-preview":"max-video-preview:-1"},"og_locale":"pl_PL","og_type":"article","og_title":"Rooftops de Valencia para ver el atardecer | Blog Valencia&Go","og_description":"Te desvelamos los mejores rooftops de Valencia para disfrutar de un atardecer espectacular mientras degustas tu bebida favorita, en el blog de Valencia&Go.","og_url":"https:\/\/upgrade.valenciaandgo.com\/pl\/najlepsze-tarasy-na-dachu-w-walencji-podziwiaja-zachod-slonca\/","og_site_name":"Valencia&amp;Go","article_publisher":"https:\/\/www.facebook.com\/valenciaandgo\/","article_published_time":"2024-09-06T12:17:00+00:00","article_modified_time":"2026-03-14T13:01:26+00:00","og_image":[{"width":1170,"height":781,"url":"https:\/\/upgrade.valenciaandgo.com\/wp-content\/uploads\/2025\/11\/img-blog-mejores-rooftops-valencia.webp","type":"image\/webp"}],"author":"Valencia &amp; Go","twitter_card":"summary_large_image","twitter_misc":{"Napisane przez":"Valencia &amp; Go","Szacowany czas czytania":"4 minuty"},"schema":{"@context":"https:\/\/schema.org","@graph":[{"@type":"Article","@id":"https:\/\/upgrade.valenciaandgo.com\/mejores-terrazas-rooftops-valencia-disfrutar-atardecer\/#article","isPartOf":{"@id":"https:\/\/upgrade.valenciaandgo.com\/mejores-terrazas-rooftops-valencia-disfrutar-atardecer\/"},"author":{"name":"Valencia &amp; Go","@id":"https:\/\/upgrade.valenciaandgo.com\/it\/#\/schema\/person\/ca673553802eb937b57af07a6ce74908"},"headline":"Los mejores rooftops de Valencia para disfrutar de atardeceres espectaculares","datePublished":"2024-09-06T12:17:00+00:00","dateModified":"2026-03-14T13:01:26+00:00","mainEntityOfPage":{"@id":"https:\/\/upgrade.valenciaandgo.com\/mejores-terrazas-rooftops-valencia-disfrutar-atardecer\/"},"wordCount":751,"publisher":{"@id":"https:\/\/upgrade.valenciaandgo.com\/it\/#organization"},"image":{"@id":"https:\/\/upgrade.valenciaandgo.com\/mejores-terrazas-rooftops-valencia-disfrutar-atardecer\/#primaryimage"},"thumbnailUrl":"https:\/\/upgrade.valenciaandgo.com\/wp-content\/uploads\/2025\/11\/img-blog-mejores-rooftops-valencia.webp","keywords":["planes exterior","Valencia"],"articleSection":["Qu\u00e9 hacer"],"inLanguage":"pl-PL"},{"@type":"WebPage","@id":"https:\/\/upgrade.valenciaandgo.com\/mejores-terrazas-rooftops-valencia-disfrutar-atardecer\/","url":"https:\/\/upgrade.valenciaandgo.com\/mejores-terrazas-rooftops-valencia-disfrutar-atardecer\/","name":"Dachy w Walencji do ogl\u0105dania zachodu s\u0142o\u0144ca | Blog Valencia&amp;Go","isPartOf":{"@id":"https:\/\/upgrade.valenciaandgo.com\/it\/#website"},"primaryImageOfPage":{"@id":"https:\/\/upgrade.valenciaandgo.com\/mejores-terrazas-rooftops-valencia-disfrutar-atardecer\/#primaryimage"},"image":{"@id":"https:\/\/upgrade.valenciaandgo.com\/mejores-terrazas-rooftops-valencia-disfrutar-atardecer\/#primaryimage"},"thumbnailUrl":"https:\/\/upgrade.valenciaandgo.com\/wp-content\/uploads\/2025\/11\/img-blog-mejores-rooftops-valencia.webp","datePublished":"2024-09-06T12:17:00+00:00","dateModified":"2026-03-14T13:01:26+00:00","description":"Na blogu Valencia&amp;Go przedstawiamy najlepsze dachy w Walencji, z kt\u00f3rych mo\u017cna podziwia\u0107 spektakularny zach\u00f3d s\u0142o\u0144ca, delektuj\u0105c si\u0119 ulubionym drinkiem.","breadcrumb":{"@id":"https:\/\/upgrade.valenciaandgo.com\/mejores-terrazas-rooftops-valencia-disfrutar-atardecer\/#breadcrumb"},"inLanguage":"pl-PL","potentialAction":[{"@type":"ReadAction","target":["https:\/\/upgrade.valenciaandgo.com\/mejores-terrazas-rooftops-valencia-disfrutar-atardecer\/"]}]},{"@type":"ImageObject","inLanguage":"pl-PL","@id":"https:\/\/upgrade.valenciaandgo.com\/mejores-terrazas-rooftops-valencia-disfrutar-atardecer\/#primaryimage","url":"https:\/\/upgrade.valenciaandgo.com\/wp-content\/uploads\/2025\/11\/img-blog-mejores-rooftops-valencia.webp","contentUrl":"https:\/\/upgrade.valenciaandgo.com\/wp-content\/uploads\/2025\/11\/img-blog-mejores-rooftops-valencia.webp","width":1170,"height":781},{"@type":"BreadcrumbList","@id":"https:\/\/upgrade.valenciaandgo.com\/mejores-terrazas-rooftops-valencia-disfrutar-atardecer\/#breadcrumb","itemListElement":[{"@type":"ListItem","position":1,"name":"Portada","item":"https:\/\/upgrade.valenciaandgo.com\/"},{"@type":"ListItem","position":2,"name":"Los mejores rooftops de Valencia para disfrutar de atardeceres espectaculares"}]},{"@type":"WebSite","@id":"https:\/\/upgrade.valenciaandgo.com\/it\/#website","url":"https:\/\/upgrade.valenciaandgo.com\/it\/","name":"Valencia&amp;Go","description":"Wycieczki po Walencji i okolicach.","publisher":{"@id":"https:\/\/upgrade.valenciaandgo.com\/it\/#organization"},"potentialAction":[{"@type":"SearchAction","target":{"@type":"EntryPoint","urlTemplate":"https:\/\/upgrade.valenciaandgo.com\/it\/?s={search_term_string}"},"query-input":{"@type":"PropertyValueSpecification","valueRequired":true,"valueName":"search_term_string"}}],"inLanguage":"pl-PL"},{"@type":"Organization","@id":"https:\/\/upgrade.valenciaandgo.com\/it\/#organization","name":"Valencia&amp;Go","url":"https:\/\/upgrade.valenciaandgo.com\/it\/","logo":{"@type":"ImageObject","inLanguage":"pl-PL","@id":"https:\/\/upgrade.valenciaandgo.com\/it\/#\/schema\/logo\/image\/","url":"https:\/\/upgrade.valenciaandgo.com\/wp-content\/uploads\/2025\/10\/valencia_go-svg-blnc-iso-naranja.svg","contentUrl":"https:\/\/upgrade.valenciaandgo.com\/wp-content\/uploads\/2025\/10\/valencia_go-svg-blnc-iso-naranja.svg","width":434,"height":102,"caption":"Valencia&Go"},"image":{"@id":"https:\/\/upgrade.valenciaandgo.com\/it\/#\/schema\/logo\/image\/"},"sameAs":["https:\/\/www.facebook.com\/valenciaandgo\/","https:\/\/www.instagram.com\/valenciaandgo","https:\/\/www.linkedin.com\/company\/valencia-go\/","https:\/\/www.tiktok.com\/@valenciaandgo"]},{"@type":"Person","@id":"https:\/\/upgrade.valenciaandgo.com\/it\/#\/schema\/person\/ca673553802eb937b57af07a6ce74908","name":"Valencia &amp; Go","sameAs":["https:\/\/valenciaandgo.com"],"url":"https:\/\/upgrade.valenciaandgo.com\/pl\/author\/valencia\/"}]}},"_links":{"self":[{"href":"https:\/\/upgrade.valenciaandgo.com\/pl\/wp-json\/wp\/v2\/posts\/538","targetHints":{"allow":["GET"]}}],"collection":[{"href":"https:\/\/upgrade.valenciaandgo.com\/pl\/wp-json\/wp\/v2\/posts"}],"about":[{"href":"https:\/\/upgrade.valenciaandgo.com\/pl\/wp-json\/wp\/v2\/types\/post"}],"author":[{"embeddable":true,"href":"https:\/\/upgrade.valenciaandgo.com\/pl\/wp-json\/wp\/v2\/users\/1"}],"replies":[{"embeddable":true,"href":"https:\/\/upgrade.valenciaandgo.com\/pl\/wp-json\/wp\/v2\/comments?post=538"}],"version-history":[{"count":0,"href":"https:\/\/upgrade.valenciaandgo.com\/pl\/wp-json\/wp\/v2\/posts\/538\/revisions"}],"wp:featuredmedia":[{"embeddable":true,"href":"https:\/\/upgrade.valenciaandgo.com\/pl\/wp-json\/wp\/v2\/media\/732"}],"wp:attachment":[{"href":"https:\/\/upgrade.valenciaandgo.com\/pl\/wp-json\/wp\/v2\/media?parent=538"}],"wp:term":[{"taxonomy":"category","embeddable":true,"href":"https:\/\/upgrade.valenciaandgo.com\/pl\/wp-json\/wp\/v2\/categories?post=538"},{"taxonomy":"post_tag","embeddable":true,"href":"https:\/\/upgrade.valenciaandgo.com\/pl\/wp-json\/wp\/v2\/tags?post=538"}],"curies":[{"name":"wp","href":"https:\/\/api.w.org\/{rel}","templated":true}]}}