{"id":534,"date":"2024-08-13T11:47:00","date_gmt":"2024-08-13T11:47:00","guid":{"rendered":"https:\/\/new.valenciaandgo.com\/?p=534"},"modified":"2026-03-14T13:01:26","modified_gmt":"2026-03-14T13:01:26","slug":"co-robic-w-walencji-dla-dzieci-idealne-wakacje","status":"publish","type":"post","link":"https:\/\/upgrade.valenciaandgo.com\/pl\/que-hacer-valencia-ninos-vacaciones-verano-perfectas\/","title":{"rendered":"Co robi\u0107 w Walencji z dzie\u0107mi, aby sp\u0119dzi\u0107 idealne wakacje?"},"content":{"rendered":"<div data-elementor-type=\"wp-post\" data-elementor-id=\"534\" class=\"elementor elementor-534\" data-elementor-post-type=\"post\">\n\t\t\t\t<div class=\"elementor-element elementor-element-208f9e64 e-flex e-con-boxed e-con e-parent\" data-id=\"208f9e64\" data-element_type=\"container\" data-e-type=\"container\">\n\t\t\t\t\t<div class=\"e-con-inner\">\n\t\t<div class=\"elementor-element elementor-element-631cb17c e-con-full e-flex e-con e-child\" data-id=\"631cb17c\" data-element_type=\"container\" data-e-type=\"container\">\n\t\t\t\t<div class=\"elementor-element elementor-element-1a00282f elementor-widget elementor-widget-text-editor\" data-id=\"1a00282f\" data-element_type=\"widget\" data-e-type=\"widget\" data-widget_type=\"text-editor.default\">\n\t\t\t\t\t\t\t\t\t<p>Je\u015bli planujesz kolejne rodzinne wakacje i wci\u0105\u017c nie podj\u0105\u0142e\u015b decyzji, od <a href=\"https:\/\/valenciaandgo.com\/\">Valencia&amp;Go<\/a> U\u0142atwimy ci to: odpowiedzi\u0105 jest Walencja! To miasto, w kt\u00f3rym tradycja i nowoczesno\u015b\u0107 id\u0105 w parze, oferuje szerok\u0105 gam\u0119 atrakcji przeznaczonych dla rodzin. Niezale\u017cnie od tego, czy chodzi o odkrywanie imponuj\u0105cych jaski\u0144, czy te\u017c korzystanie z interaktywnych wystaw, przedstawiamy najlepsze plany, kt\u00f3re sprawi\u0105, \u017ce wakacje w Walencji z dzie\u0107mi b\u0119d\u0105 niezapomniane.<\/p><p><!-- \/wp:paragraph --><\/p>\t\t\t\t\t\t\t\t<\/div>\n\t\t\t\t<\/div>\n\t\t<div class=\"elementor-element elementor-element-4128a507 e-con-full e-flex e-con e-child\" data-id=\"4128a507\" data-element_type=\"container\" data-e-type=\"container\">\n\t\t<div class=\"elementor-element elementor-element-2e5fe63 e-con-full e-flex e-con e-child\" data-id=\"2e5fe63\" data-element_type=\"container\" data-e-type=\"container\">\n\t\t\t\t<div class=\"elementor-element elementor-element-458ab904 elementor-widget elementor-widget-heading\" data-id=\"458ab904\" data-element_type=\"widget\" data-e-type=\"widget\" data-widget_type=\"heading.default\">\n\t\t\t\t\t<h2 class=\"elementor-heading-title elementor-size-default\">Najlepsze plany z dzie\u0107mi w Walencji<\/h2>\t\t\t\t<\/div>\n\t\t\t\t<\/div>\n\t\t<div class=\"elementor-element elementor-element-65434156 e-con-full e-flex e-con e-child\" data-id=\"65434156\" data-element_type=\"container\" data-e-type=\"container\">\n\t\t\t\t<div class=\"elementor-element elementor-element-30aae80f elementor-widget elementor-widget-text-editor\" data-id=\"30aae80f\" data-element_type=\"widget\" data-e-type=\"widget\" data-widget_type=\"text-editor.default\">\n\t\t\t\t\t\t\t\t\t<p><span style=\"font-weight: 300;\">Zorganizowanie walizek, zapewnienie rozrywki dzieciom i poznanie nowych miejsc wydaje si\u0119 misj\u0105 niemo\u017cliw\u0105, ale nic bardziej mylnego! Walencja jest <\/span><span style=\"font-weight: 400;\">Idealne miasto dla rodzin<\/span><span style=\"font-weight: 300;\">S\u0142oneczne dni, rozleg\u0142e parki i gastronomia, kt\u00f3ra podbije najbardziej wymagaj\u0105ce podniebienia najm\u0142odszych. W Valencia&amp;Go jeste\u015bmy <\/span><span style=\"font-weight: 400;\">specjali\u015bci w tworzeniu rodzinnych przyg\u00f3d, od wizyt w muzeach po zaj\u0119cia na \u015bwie\u017cym powietrzu<\/span><span style=\"font-weight: 300;\">.<\/span><\/p><p><!-- \/wp:paragraph --><!-- wp:paragraph --><\/p>\t\t\t\t\t\t\t\t<\/div>\n\t\t\t\t<\/div>\n\t\t\t\t<\/div>\n\t\t<div class=\"elementor-element elementor-element-7a80606 e-con-full e-flex e-con e-child\" data-id=\"7a80606\" data-element_type=\"container\" data-e-type=\"container\">\n\t\t<div class=\"elementor-element elementor-element-850941a e-con-full e-flex e-con e-child\" data-id=\"850941a\" data-element_type=\"container\" data-e-type=\"container\">\n\t\t\t\t<div class=\"elementor-element elementor-element-173d4fd elementor-widget elementor-widget-heading\" data-id=\"173d4fd\" data-element_type=\"widget\" data-e-type=\"widget\" data-widget_type=\"heading.default\">\n\t\t\t\t\t<h2 class=\"elementor-heading-title elementor-size-default\">Gymkhana dla ca\u0142ej rodziny<\/h2>\t\t\t\t<\/div>\n\t\t\t\t<\/div>\n\t\t<div class=\"elementor-element elementor-element-71c4e1c e-con-full e-flex e-con e-child\" data-id=\"71c4e1c\" data-element_type=\"container\" data-e-type=\"container\">\n\t\t\t\t<div class=\"elementor-element elementor-element-ace7ab9 elementor-widget elementor-widget-text-editor\" data-id=\"ace7ab9\" data-element_type=\"widget\" data-e-type=\"widget\" data-widget_type=\"text-editor.default\">\n\t\t\t\t\t\t\t\t\t<p><span style=\"font-weight: 300;\">W jedn\u0105 stron\u0119 <\/span><span style=\"font-weight: 400;\">oryginalny i zabawny<\/span><span style=\"font-weight: 300;\"> aby odkry\u0107 stare miasto Walencji. W tym <\/span><a href=\"https:\/\/valenciaandgo.com\/tours-valencia\/gincana-por-valencia\/\"><span style=\"font-weight: 400;\">gymkhana<\/span><\/a><span style=\"font-weight: 300;\"> przetestujesz <\/span><span style=\"font-weight: 400;\">kreatywno\u015b\u0107<\/span><span style=\"font-weight: 300;\"> i pomys\u0142owo\u015b\u0107, aby pokona\u0107 szereg wyzwa\u0144 jako rodzina.  Dzieci nie tylko poznaj\u0105 histori\u0119 i architektur\u0119, ale b\u0119d\u0105 r\u00f3wnie\u017c zach\u0119cane do <\/span><span style=\"font-weight: 400;\">praca zespo\u0142owa<\/span><span style=\"font-weight: 300;\">.\u00a0<\/span><\/p><p><!-- \/wp:paragraph --><!-- wp:paragraph --><\/p>\t\t\t\t\t\t\t\t<\/div>\n\t\t\t\t<\/div>\n\t\t\t\t<\/div>\n\t\t<div class=\"elementor-element elementor-element-213a74c e-con-full e-flex e-con e-child\" data-id=\"213a74c\" data-element_type=\"container\" data-e-type=\"container\">\n\t\t<div class=\"elementor-element elementor-element-18359f6 e-con-full e-flex e-con e-child\" data-id=\"18359f6\" data-element_type=\"container\" data-e-type=\"container\">\n\t\t\t\t<div class=\"elementor-element elementor-element-8d833b6 elementor-widget elementor-widget-heading\" data-id=\"8d833b6\" data-element_type=\"widget\" data-e-type=\"widget\" data-widget_type=\"heading.default\">\n\t\t\t\t\t<h2 class=\"elementor-heading-title elementor-size-default\">Cuevas de San Jos\u00e9, naturalny skarb<\/h2>\t\t\t\t<\/div>\n\t\t\t\t<\/div>\n\t\t<div class=\"elementor-element elementor-element-ed88e8f e-con-full e-flex e-con e-child\" data-id=\"ed88e8f\" data-element_type=\"container\" data-e-type=\"container\">\n\t\t\t\t<div class=\"elementor-element elementor-element-e15a1d0 elementor-widget elementor-widget-text-editor\" data-id=\"e15a1d0\" data-element_type=\"widget\" data-e-type=\"widget\" data-widget_type=\"text-editor.default\">\n\t\t\t\t\t\t\t\t\t<p><span style=\"font-weight: 300;\">Jedn\u0105 z g\u0142\u00f3wnych atrakcji Walencji dla rodzin jest <\/span><a href=\"https:\/\/valenciaandgo.com\/excursiones-desde-valencia\/cuevas-de-san-jose\/\"><span style=\"font-weight: 400;\">wizyta w jaskiniach San Jos\u00e9<\/span><\/a><span style=\"font-weight: 300;\">. Te imponuj\u0105ce naturalne jaskinie oferuj\u0105 fascynuj\u0105ce i fascynuj\u0105ce <\/span><span style=\"font-weight: 400;\">podr\u00f3\u017c w g\u0142\u0105b ziemi<\/span><span style=\"font-weight: 300;\">. Wycieczki z przewodnikiem maj\u0105 na celu zadziwienie najm\u0142odszych spektakularnymi stalaktytami, stalagmitami i podziemnymi rzekami, jednocze\u015bnie dostarczaj\u0105c informacji o geologicznej historii regionu.<\/span><\/p><p><!-- \/wp:paragraph --><!-- wp:paragraph --><\/p>\t\t\t\t\t\t\t\t<\/div>\n\t\t\t\t<\/div>\n\t\t\t\t<\/div>\n\t\t<div class=\"elementor-element elementor-element-4c9fb31 e-con-full e-flex e-con e-child\" data-id=\"4c9fb31\" data-element_type=\"container\" data-e-type=\"container\">\n\t\t<div class=\"elementor-element elementor-element-86ccd1d e-con-full e-flex e-con e-child\" data-id=\"86ccd1d\" data-element_type=\"container\" data-e-type=\"container\">\n\t\t\t\t<div class=\"elementor-element elementor-element-c304b61 elementor-widget elementor-widget-heading\" data-id=\"c304b61\" data-element_type=\"widget\" data-e-type=\"widget\" data-widget_type=\"heading.default\">\n\t\t\t\t\t<h2 class=\"elementor-heading-title elementor-size-default\">La Albufera, idealna wycieczka dla rodzin<\/h2>\t\t\t\t<\/div>\n\t\t\t\t<\/div>\n\t\t<div class=\"elementor-element elementor-element-7f35927 e-con-full e-flex e-con e-child\" data-id=\"7f35927\" data-element_type=\"container\" data-e-type=\"container\">\n\t\t\t\t<div class=\"elementor-element elementor-element-f57e369 elementor-widget elementor-widget-text-editor\" data-id=\"f57e369\" data-element_type=\"widget\" data-e-type=\"widget\" data-widget_type=\"text-editor.default\">\n\t\t\t\t\t\t\t\t\t<p><span style=\"font-weight: 300;\">Wycieczka do <\/span><a href=\"https:\/\/valenciaandgo.com\/excursiones-desde-valencia\/excursion-al-parque-natural-de-la-albufera\/\"><span style=\"font-weight: 400;\">park przyrody Albufera...<\/span><\/a><span style=\"font-weight: 300;\"> to obowi\u0105zkowy punkt dla rodzin odwiedzaj\u0105cych Walencj\u0119. Ten wa\u017cny obszar ekologiczny jest <\/span><span style=\"font-weight: 400;\">idealny do nauczania dzieci o ekosystemach i bior\u00f3\u017cnorodno\u015bci<\/span><span style=\"font-weight: 300;\">. Z wycieczk\u0105 \u0142odzi\u0105 po lagunie, aby obserwowa\u0107 ptaki w ich naturalnym \u015brodowisku, dowiedzie\u0107 si\u0119 o uprawie ry\u017cu i podziwia\u0107 jeden z najpi\u0119kniejszych zachod\u00f3w s\u0142o\u0144ca.<\/span><\/p><p><!-- \/wp:paragraph --><!-- wp:paragraph --><\/p>\t\t\t\t\t\t\t\t<\/div>\n\t\t\t\t<\/div>\n\t\t\t\t<\/div>\n\t\t<div class=\"elementor-element elementor-element-9ee5be8 e-con-full e-flex e-con e-child\" data-id=\"9ee5be8\" data-element_type=\"container\" data-e-type=\"container\">\n\t\t<div class=\"elementor-element elementor-element-c327e8e e-con-full e-flex e-con e-child\" data-id=\"c327e8e\" data-element_type=\"container\" data-e-type=\"container\">\n\t\t\t\t<div class=\"elementor-element elementor-element-ed73816 elementor-widget elementor-widget-heading\" data-id=\"ed73816\" data-element_type=\"widget\" data-e-type=\"widget\" data-widget_type=\"heading.default\">\n\t\t\t\t\t<h2 class=\"elementor-heading-title elementor-size-default\">Walencja na dw\u00f3ch ko\u0142ach<\/h2>\t\t\t\t<\/div>\n\t\t\t\t<\/div>\n\t\t<div class=\"elementor-element elementor-element-d5ad5ff e-con-full e-flex e-con e-child\" data-id=\"d5ad5ff\" data-element_type=\"container\" data-e-type=\"container\">\n\t\t\t\t<div class=\"elementor-element elementor-element-a2cd4bb elementor-widget elementor-widget-text-editor\" data-id=\"a2cd4bb\" data-element_type=\"widget\" data-e-type=\"widget\" data-widget_type=\"text-editor.default\">\n\t\t\t\t\t\t\t\t\t<p><span style=\"font-weight: 300;\">Wycieczka przeznaczona dla dzieci w wieku od 8 lat wzwy\u017c to <\/span><a href=\"https:\/\/valenciaandgo.com\/tours-valencia\/ruta-en-bici-por-el-parque-del-rio-turia\/\"><span style=\"font-weight: 400;\">wycieczka rowerowa<\/span><\/a><span style=\"font-weight: 400;\"> bezpieczny i malowniczy<\/span><span style=\"font-weight: 300;\"> przez zielone tereny otaczaj\u0105ce rzek\u0119 Turia do Miasta Sztuki i Nauki. To zdrowy i ekologiczny spos\u00f3b na poznanie miasta i sp\u0119dzenie czasu z rodzin\u0105.<\/span><\/p><p><!-- \/wp:paragraph --><!-- wp:paragraph --><\/p>\t\t\t\t\t\t\t\t<\/div>\n\t\t\t\t<\/div>\n\t\t\t\t<\/div>\n\t\t<div class=\"elementor-element elementor-element-a38a0e6 e-con-full e-flex e-con e-child\" data-id=\"a38a0e6\" data-element_type=\"container\" data-e-type=\"container\">\n\t\t<div class=\"elementor-element elementor-element-64a23de e-con-full e-flex e-con e-child\" data-id=\"64a23de\" data-element_type=\"container\" data-e-type=\"container\">\n\t\t\t\t<div class=\"elementor-element elementor-element-4808e11 elementor-widget elementor-widget-heading\" data-id=\"4808e11\" data-element_type=\"widget\" data-e-type=\"widget\" data-widget_type=\"heading.default\">\n\t\t\t\t\t<h2 class=\"elementor-heading-title elementor-size-default\">Prywatna wycieczka po mie\u015bcie sztuki i nauki<\/h2>\t\t\t\t<\/div>\n\t\t\t\t<\/div>\n\t\t<div class=\"elementor-element elementor-element-dddadbe e-con-full e-flex e-con e-child\" data-id=\"dddadbe\" data-element_type=\"container\" data-e-type=\"container\">\n\t\t\t\t<div class=\"elementor-element elementor-element-46a843a elementor-widget elementor-widget-text-editor\" data-id=\"46a843a\" data-element_type=\"widget\" data-e-type=\"widget\" data-widget_type=\"text-editor.default\">\n\t\t\t\t\t\t\t\t\t<p><span style=\"font-weight: 300;\">\u017badna wizyta w Walencji z dzie\u0107mi nie by\u0142aby kompletna bez zwiedzania Miasta Sztuki i Nauki. Wybieraj\u0105c <\/span><a href=\"https:\/\/valenciaandgo.com\/tours-valencia\/tour-privado-por-valencia\/\"><span style=\"font-weight: 400;\">prywatna wycieczka<\/span><\/a><span style=\"font-weight: 400;\">, akredytowany lokalny przewodnik<\/span><span style=\"font-weight: 300;\"> b\u0119dzie Ci towarzyszy\u0107 przez ca\u0142y czas i we w\u0142asnym tempie. Dzieci pokochaj\u0105 <\/span><span style=\"font-weight: 400;\">Muzeum Nauki lub l'Hemisf\u00e8ric<\/span><span style=\"font-weight: 300;\">, gdzie filmy edukacyjne s\u0105 wy\u015bwietlane w gigantycznej kopule, gdzie b\u0119d\u0105 zanurzone w <\/span><span style=\"font-weight: 400;\">nauka i astronomia<\/span><span style=\"font-weight: 300;\">.<\/span><\/p><p><!-- \/wp:paragraph --><!-- wp:paragraph --><\/p>\t\t\t\t\t\t\t\t<\/div>\n\t\t\t\t<\/div>\n\t\t\t\t<\/div>\n\t\t<div class=\"elementor-element elementor-element-9ba39af e-con-full e-flex e-con e-child\" data-id=\"9ba39af\" data-element_type=\"container\" data-e-type=\"container\">\n\t\t<div class=\"elementor-element elementor-element-5882aec e-con-full e-flex e-con e-child\" data-id=\"5882aec\" data-element_type=\"container\" data-e-type=\"container\">\n\t\t\t\t<div class=\"elementor-element elementor-element-5df8ad3 elementor-widget elementor-widget-heading\" data-id=\"5df8ad3\" data-element_type=\"widget\" data-e-type=\"widget\" data-widget_type=\"heading.default\">\n\t\t\t\t\t<h2 class=\"elementor-heading-title elementor-size-default\">Bezp\u0142atne zaj\u0119cia dla dzieci w Walencji<\/h2>\t\t\t\t<\/div>\n\t\t\t\t<\/div>\n\t\t<div class=\"elementor-element elementor-element-d2f915a e-con-full e-flex e-con e-child\" data-id=\"d2f915a\" data-element_type=\"container\" data-e-type=\"container\">\n\t\t\t\t<div class=\"elementor-element elementor-element-a506785 elementor-widget elementor-widget-text-editor\" data-id=\"a506785\" data-element_type=\"widget\" data-e-type=\"widget\" data-widget_type=\"text-editor.default\">\n\t\t\t\t\t\t\t\t\t<p><span style=\"font-weight: 300;\">Samo miasto jest <\/span><span style=\"font-weight: 400;\">plac zabaw czekaj\u0105cy na odkrycie<\/span><span style=\"font-weight: 300;\">. Mali poszukiwacze przyg\u00f3d pokochaj\u0105 odkrywanie zielonych i artystycznych zak\u0105tk\u00f3w, kt\u00f3re pozwol\u0105 im pu\u015bci\u0107 wodze fantazji.<\/span><\/p><p><!-- \/wp:paragraph --><!-- wp:paragraph --><\/p>\t\t\t\t\t\t\t\t<\/div>\n\t\t\t\t<\/div>\n\t\t\t\t<\/div>\n\t\t<div class=\"elementor-element elementor-element-d38ccbd e-con-full e-flex e-con e-child\" data-id=\"d38ccbd\" data-element_type=\"container\" data-e-type=\"container\">\n\t\t<div class=\"elementor-element elementor-element-455f8e1 e-con-full e-flex e-con e-child\" data-id=\"455f8e1\" data-element_type=\"container\" data-e-type=\"container\">\n\t\t\t\t<div class=\"elementor-element elementor-element-afa75c7 elementor-widget elementor-widget-heading\" data-id=\"afa75c7\" data-element_type=\"widget\" data-e-type=\"widget\" data-widget_type=\"heading.default\">\n\t\t\t\t\t<h2 class=\"elementor-heading-title elementor-size-default\">Parki i place zabaw<\/h2>\t\t\t\t<\/div>\n\t\t\t\t<\/div>\n\t\t<div class=\"elementor-element elementor-element-3c8071a e-con-full e-flex e-con e-child\" data-id=\"3c8071a\" data-element_type=\"container\" data-e-type=\"container\">\n\t\t\t\t<div class=\"elementor-element elementor-element-d1703e8 elementor-widget elementor-widget-text-editor\" data-id=\"d1703e8\" data-element_type=\"widget\" data-e-type=\"widget\" data-widget_type=\"text-editor.default\">\n\t\t\t\t\t\t\t\t\t<p><span style=\"font-weight: 300;\">Walencja jest usiana <\/span><span style=\"font-weight: 400;\">liczne parki<\/span><span style=\"font-weight: 300;\"> kt\u00f3re oferuj\u0105 mn\u00f3stwo miejsca do zabawy dla dzieci. The <\/span><span style=\"font-weight: 400;\">Gulliver Park<\/span><span style=\"font-weight: 300;\">, znajduj\u0105cy si\u0119 w Ogrodach Turia, ma gigantyczn\u0105 rze\u017ab\u0119 Guliwera, kt\u00f3ra s\u0142u\u017cy jako drabinka do wspinaczki i zje\u017cd\u017calnia. The <\/span><span style=\"font-weight: 400;\">West Park<\/span><span style=\"font-weight: 300;\">, Aquaval, z imponuj\u0105cym samolotem F-86 znajduj\u0105cym si\u0119 przy wej\u015bciu do g\u0142\u00f3wnej bramy, zapewnia kilka stref dla dzieci, minigolf lub obiekty Aquaval z dwoma basenami i parkiem wodnym dla najm\u0142odszych. Ponadto <\/span><span style=\"font-weight: 400;\">Central Park<\/span><span style=\"font-weight: 300;\"> Ma 7800 m\u00b2 plac\u00f3w zabaw dla dzieci z r\u00f3\u017cnymi grami, fontannami, stawami lub \u015bciankami wspinaczkowymi, bardzo polecanymi dla aktywnych rodzin.<\/span><\/p><p><!-- \/wp:paragraph --><!-- wp:paragraph --><\/p>\t\t\t\t\t\t\t\t<\/div>\n\t\t\t\t<\/div>\n\t\t\t\t<\/div>\n\t\t<div class=\"elementor-element elementor-element-dec8e4a e-con-full e-flex e-con e-child\" data-id=\"dec8e4a\" data-element_type=\"container\" data-e-type=\"container\">\n\t\t<div class=\"elementor-element elementor-element-85cba60 e-con-full e-flex e-con e-child\" data-id=\"85cba60\" data-element_type=\"container\" data-e-type=\"container\">\n\t\t\t\t<div class=\"elementor-element elementor-element-34ef86d elementor-widget elementor-widget-heading\" data-id=\"34ef86d\" data-element_type=\"widget\" data-e-type=\"widget\" data-widget_type=\"heading.default\">\n\t\t\t\t\t<h2 class=\"elementor-heading-title elementor-size-default\">Walencja w lipcu<\/h2>\t\t\t\t<\/div>\n\t\t\t\t<\/div>\n\t\t<div class=\"elementor-element elementor-element-87397a6 e-con-full e-flex e-con e-child\" data-id=\"87397a6\" data-element_type=\"container\" data-e-type=\"container\">\n\t\t\t\t<div class=\"elementor-element elementor-element-7aad3f9 elementor-widget elementor-widget-text-editor\" data-id=\"7aad3f9\" data-element_type=\"widget\" data-e-type=\"widget\" data-widget_type=\"text-editor.default\">\n\t\t\t\t\t\t\t\t\t<p><span style=\"font-weight: 300;\">W miesi\u0105cu lipcu <\/span><a href=\"https:\/\/valenciaandgo.com\/blog\/cultura-tradiciones\/feria-de-julio-valencia\/\"><span style=\"font-weight: 400;\">Wielkie targi w Walencji<\/span><\/a><span style=\"font-weight: 300;\"> kt\u00f3ry obejmuje <\/span><span style=\"font-weight: 400;\">bezp\u0142atne dzia\u0142ania kulturalne<\/span><span style=\"font-weight: 300;\">, Idealna wym\u00f3wka, aby odwiedzi\u0107 j\u0105 z rodzin\u0105. <\/span><span style=\"font-weight: 300;\">Jednym z obowi\u0105zkowych wydarze\u0144 jest <\/span><span style=\"font-weight: 400;\">pokazy fajerwerk\u00f3w <\/span><span style=\"font-weight: 300;\">kt\u00f3re maj\u0105 miejsce<\/span><span style=\"font-weight: 400;\"> w ka\u017cd\u0105 sobot\u0119<\/span><span style=\"font-weight: 300;\">. Te rozb\u0142yski \u015bwiat\u0142a i kolor\u00f3w to wyj\u0105tkowe do\u015bwiadczenie, kt\u00f3re przeniesie Ci\u0119 do serca walenckiej kultury. Ponadto <\/span><span style=\"font-weight: 400;\">20 lipca<\/span><span style=\"font-weight: 300;\"> odbywa si\u0119 na<\/span><span style=\"font-weight: 400;\"> Wielka lipcowa noc<\/span><span style=\"font-weight: 300;\">, noc pe\u0142na bezp\u0142atnych wydarze\u0144 muzycznych w ca\u0142ym mie\u015bcie. Wielkim fina\u0142em Gran Fira b\u0119dzie festiwal<\/span><span style=\"font-weight: 400;\"> Bitwa Kwiat\u00f3w<\/span><span style=\"font-weight: 300;\">, Parada si\u0119ga XIX wieku: dziesi\u0105tki pojazd\u00f3w, udekorowanych tysi\u0105cami kwiat\u00f3w, przemierzaj\u0105 ulice miasta. <\/span><span style=\"font-weight: 400;\">Paseo de la Alameda<\/span><span style=\"font-weight: 300;\"> Uczestnicy rzucaj\u0105 kwiaty w t\u0142um, tworz\u0105c atmosfer\u0119 rado\u015bci i \u015bwi\u0119towania.<\/span><span style=\"font-weight: 300;\"> Ca\u0142y miesi\u0105c do wyboru <\/span><span style=\"font-weight: 400;\">warsztaty, gry, atrakcje, pokazy magii, opowiadanie historii, muzyka uliczna, teatr i festiwale<\/span><span style=\"font-weight: 300;\"> dla przyjemno\u015bci doros\u0142ych, nastolatk\u00f3w i dzieci.<\/span><\/p><p><!-- \/wp:paragraph --><!-- wp:paragraph --><\/p>\t\t\t\t\t\t\t\t<\/div>\n\t\t\t\t<\/div>\n\t\t\t\t<\/div>\n\t\t<div class=\"elementor-element elementor-element-02b05b8 e-con-full e-flex e-con e-child\" data-id=\"02b05b8\" data-element_type=\"container\" data-e-type=\"container\">\n\t\t<div class=\"elementor-element elementor-element-cc0e74e e-con-full e-flex e-con e-child\" data-id=\"cc0e74e\" data-element_type=\"container\" data-e-type=\"container\">\n\t\t\t\t<div class=\"elementor-element elementor-element-07d9b19 elementor-widget elementor-widget-heading\" data-id=\"07d9b19\" data-element_type=\"widget\" data-e-type=\"widget\" data-widget_type=\"heading.default\">\n\t\t\t\t\t<h2 class=\"elementor-heading-title elementor-size-default\">Warsztaty i wystawy w CCC del Carme <\/h2>\t\t\t\t<\/div>\n\t\t\t\t<\/div>\n\t\t<div class=\"elementor-element elementor-element-bc20f6e e-con-full e-flex e-con e-child\" data-id=\"bc20f6e\" data-element_type=\"container\" data-e-type=\"container\">\n\t\t\t\t<div class=\"elementor-element elementor-element-a6d2c03 elementor-widget elementor-widget-text-editor\" data-id=\"a6d2c03\" data-element_type=\"widget\" data-e-type=\"widget\" data-widget_type=\"text-editor.default\">\n\t\t\t\t\t\t\t\t\t<p><span style=\"font-weight: 300;\">* <\/span><a href=\"https:\/\/www.consorcimuseus.gva.es\/centro-del-carmen\/?lang=es\"><span style=\"font-weight: 400;\">Centrum Kultury Wsp\u00f3\u0142czesnej del Carme<\/span><\/a><span style=\"font-weight: 400;\">,<\/span><span style=\"font-weight: 300;\"> przylegaj\u0105cy do s\u0142ynnego <\/span><span style=\"font-weight: 400;\">Dom Kota<\/span><span style=\"font-weight: 300;\">, Centrum, w kt\u00f3rym odbywaj\u0105 si\u0119 warsztaty przeznaczone wy\u0142\u0105cznie dla dzieci, to miejsce, w kt\u00f3rym mo\u017cna pozna\u0107 histori\u0119 i kultur\u0119 miasta. To miejsce, w kt\u00f3rym <\/span><span style=\"font-weight: 400;\">sztuka i kultura staj\u0105 si\u0119 dost\u0119pne<\/span><span style=\"font-weight: 300;\">, pomagaj\u0105c piel\u0119gnowa\u0107 ich kreatywne talenty. Oferuje <\/span><span style=\"font-weight: 400;\">r\u00f3wnie\u017c zaj\u0119cia dla najm\u0142odszych<\/span><span style=\"font-weight: 300;\">, jako <\/span><span style=\"font-weight: 400;\">Espai de Telles<\/span><span style=\"font-weight: 300;\">, Przestrze\u0144 bez zasad, z elementami, kt\u00f3re mo\u017cna dotyka\u0107 i kt\u00f3rymi mo\u017cna manipulowa\u0107, aby dzieci w wieku od 0 do 3 lat mog\u0142y swobodnie bada\u0107, odkrywa\u0107 i eksperymentowa\u0107.<\/span><\/p><p><!-- \/wp:paragraph --><!-- wp:paragraph --><\/p>\t\t\t\t\t\t\t\t<\/div>\n\t\t\t\t<\/div>\n\t\t\t\t<\/div>\n\t\t<div class=\"elementor-element elementor-element-329a853 e-con-full e-flex e-con e-child\" data-id=\"329a853\" data-element_type=\"container\" data-e-type=\"container\">\n\t\t<div class=\"elementor-element elementor-element-f23af79 e-con-full e-flex e-con e-child\" data-id=\"f23af79\" data-element_type=\"container\" data-e-type=\"container\">\n\t\t\t\t<div class=\"elementor-element elementor-element-b35d00e elementor-widget elementor-widget-heading\" data-id=\"b35d00e\" data-element_type=\"widget\" data-e-type=\"widget\" data-widget_type=\"heading.default\">\n\t\t\t\t\t<h2 class=\"elementor-heading-title elementor-size-default\">Praktyczne wskaz\u00f3wki dotycz\u0105ce zwiedzania Walencji z dzie\u0107mi<\/h2>\t\t\t\t<\/div>\n\t\t\t\t<\/div>\n\t\t<div class=\"elementor-element elementor-element-7cab7e7 e-con-full e-flex e-con e-child\" data-id=\"7cab7e7\" data-element_type=\"container\" data-e-type=\"container\">\n\t\t\t\t<div class=\"elementor-element elementor-element-46eb931 elementor-widget elementor-widget-text-editor\" data-id=\"46eb931\" data-element_type=\"widget\" data-e-type=\"widget\" data-widget_type=\"text-editor.default\">\n\t\t\t\t\t\t\t\t\t<p><span style=\"font-weight: 300;\">Aby wakacje z dzie\u0107mi przebieg\u0142y bez zak\u0142\u00f3ce\u0144, zalecamy spakowanie walizki z nast\u0119puj\u0105cymi przedmiotami <\/span><span style=\"font-weight: 400;\">lekka i oddychaj\u0105ca odzie\u017c<\/span><span style=\"font-weight: 300;\"> aby poradzi\u0107 sobie z upa\u0142em, nie zapominaj\u0105c o <\/span><span style=\"font-weight: 400;\">krem do opalania<\/span><span style=\"font-weight: 300;\"> oraz <\/span><span style=\"font-weight: 400;\">kapelusz<\/span><span style=\"font-weight: 300;\">. Walencja to idealne miasto na piesze w\u0119dr\u00f3wki, dlatego te\u017c <\/span><span style=\"font-weight: 400;\">wygodne obuwie<\/span><span style=\"font-weight: 300;\"> jest niezb\u0119dny. Je\u015bli chodzi o posi\u0142ki, nie martw si\u0119, poniewa\u017c jest ich wiele <\/span><span style=\"font-weight: 400;\">lokale z menu dla dzieci, wysokimi krzese\u0142kami i placami zabaw. <\/span><span style=\"font-weight: 300;\">Ponadto istniej\u0105<\/span> <a href=\"https:\/\/quetalvalencia.com\/ubicacion-de-las-fuentes-agua-potable-y-refrigerada-en-valencia\/\"><span style=\"font-weight: 400;\">\u017ar\u00f3d\u0142a wody pitnej<\/span><\/a> <span style=\"font-weight: 300;\">Miejskie wodopoje s\u0105 rozrzucone po ca\u0142ym mie\u015bcie, dzi\u0119ki czemu mo\u017cna nawodni\u0107 si\u0119 w dowolnym momencie i bezp\u0142atnie. Je\u015bli chodzi o planowanie <\/span><span style=\"font-weight: 400;\">wycieczki na \u015bwie\u017cym powietrzu,<\/span><span style=\"font-weight: 300;\"> polecamy <\/span><span style=\"font-weight: 400;\">Unikaj najgor\u0119tszych godzin, kt\u00f3re trwaj\u0105 od 13:00 do 18:00.<\/span><span style=\"font-weight: 300;\">. W tym sensie <\/span><span style=\"font-weight: 400;\">wycieczki do Cuevas de San Jos\u00e9 lub do Albufera<\/span><span style=\"font-weight: 300;\"> wspomniane powy\u017cej s\u0105<\/span><span style=\"font-weight: 400;\"> Idealne opcje ucieczki przed upa\u0142em<\/span><span style=\"font-weight: 300;\">, szczeg\u00f3lnie podczas podr\u00f3\u017cy z dzie\u0107mi. <\/span><span style=\"font-weight: 300;\">Walencja jest skarbnic\u0105 do\u015bwiadcze\u0144, kt\u00f3re zapewni\u0105 magiczne letnie rodzinne wakacje. Czy jeste\u015b <\/span><span style=\"font-weight: 400;\">gotowy<\/span><span style=\"font-weight: 300;\">?<\/span><\/p><p><!-- \/wp:paragraph --><!-- wp:paragraph --><\/p>\t\t\t\t\t\t\t\t<\/div>\n\t\t\t\t<\/div>\n\t\t\t\t<\/div>\n\t\t\t\t\t<\/div>\n\t\t\t\t<\/div>\n\t\t\t\t<\/div>","protected":false},"excerpt":{"rendered":"<p>Si est\u00e1s planeando las pr\u00f3ximas vacaciones familiares y a\u00fan no te has decidido, desde Valencia&amp;Go te lo ponemos f\u00e1cil: \u00a1la respuesta es Valencia! Esta ciudad, donde tradici\u00f3n y modernidad van de la mano, ofrece una gran variedad de actividades dise\u00f1adas para familias. Ya sea explorar impresionantes cuevas o disfrutar de exposiciones interactivas, te traemos los [&hellip;]<\/p>\n","protected":false},"author":1,"featured_media":746,"comment_status":"closed","ping_status":"closed","sticky":false,"template":"","format":"standard","meta":{"_acf_changed":false,"footnotes":""},"categories":[21,54],"tags":[33,39,53,61],"class_list":["post-534","post","type-post","status-publish","format-standard","has-post-thumbnail","hentry","category-consejos-vacaciones","category-que-hacer","tag-eventos","tag-ninos","tag-valencia","tag-verano"],"acf":[],"yoast_head":"<!-- This site is optimized with the Yoast SEO plugin v27.5 - https:\/\/yoast.com\/product\/yoast-seo-wordpress\/ -->\n<title>\u00bfQu\u00e9 hacer en Valencia con ni\u00f1os? | Blog Valencia&amp;Go<\/title>\n<meta name=\"description\" content=\"Descubre los mejores planes con ni\u00f1os que ofrece la ciudad de Valencia y planifica unas vacaciones de verano en familia perfectas con Valencia&amp;Go.\" \/>\n<meta name=\"robots\" content=\"noindex, follow, max-snippet:-1, max-image-preview:large, max-video-preview:-1\" \/>\n<meta property=\"og:locale\" content=\"pl_PL\" \/>\n<meta property=\"og:type\" content=\"article\" \/>\n<meta property=\"og:title\" content=\"\u00bfQu\u00e9 hacer en Valencia con ni\u00f1os? | Blog Valencia&amp;Go\" \/>\n<meta property=\"og:description\" content=\"Descubre los mejores planes con ni\u00f1os que ofrece la ciudad de Valencia y planifica unas vacaciones de verano en familia perfectas con Valencia&amp;Go.\" \/>\n<meta property=\"og:url\" content=\"https:\/\/upgrade.valenciaandgo.com\/pl\/co-robic-w-walencji-dla-dzieci-idealne-wakacje\/\" \/>\n<meta property=\"og:site_name\" content=\"Valencia&amp;Go\" \/>\n<meta property=\"article:publisher\" content=\"https:\/\/www.facebook.com\/valenciaandgo\/\" \/>\n<meta property=\"article:published_time\" content=\"2024-08-13T11:47:00+00:00\" \/>\n<meta property=\"article:modified_time\" content=\"2026-03-14T13:01:26+00:00\" \/>\n<meta property=\"og:image\" content=\"https:\/\/upgrade.valenciaandgo.com\/wp-content\/uploads\/2025\/11\/img-blog-que-hacer-valencia-ninos-vacaciones.webp\" \/>\n\t<meta property=\"og:image:width\" content=\"1170\" \/>\n\t<meta property=\"og:image:height\" content=\"783\" \/>\n\t<meta property=\"og:image:type\" content=\"image\/webp\" \/>\n<meta name=\"author\" content=\"Valencia &amp; Go\" \/>\n<meta name=\"twitter:card\" content=\"summary_large_image\" \/>\n<meta name=\"twitter:label1\" content=\"Napisane przez\" \/>\n\t<meta name=\"twitter:data1\" content=\"Valencia &amp; Go\" \/>\n\t<meta name=\"twitter:label2\" content=\"Szacowany czas czytania\" \/>\n\t<meta name=\"twitter:data2\" content=\"5 minut\" \/>\n<script type=\"application\/ld+json\" class=\"yoast-schema-graph\">{\"@context\":\"https:\\\/\\\/schema.org\",\"@graph\":[{\"@type\":\"Article\",\"@id\":\"https:\\\/\\\/upgrade.valenciaandgo.com\\\/que-hacer-valencia-ninos-vacaciones-verano-perfectas\\\/#article\",\"isPartOf\":{\"@id\":\"https:\\\/\\\/upgrade.valenciaandgo.com\\\/que-hacer-valencia-ninos-vacaciones-verano-perfectas\\\/\"},\"author\":{\"name\":\"Valencia &amp; Go\",\"@id\":\"https:\\\/\\\/upgrade.valenciaandgo.com\\\/it\\\/#\\\/schema\\\/person\\\/ca673553802eb937b57af07a6ce74908\"},\"headline\":\"Qu\u00e9 hacer en Valencia con ni\u00f1os para unas vacaciones de verano perfectas\",\"datePublished\":\"2024-08-13T11:47:00+00:00\",\"dateModified\":\"2026-03-14T13:01:26+00:00\",\"mainEntityOfPage\":{\"@id\":\"https:\\\/\\\/upgrade.valenciaandgo.com\\\/que-hacer-valencia-ninos-vacaciones-verano-perfectas\\\/\"},\"wordCount\":1134,\"publisher\":{\"@id\":\"https:\\\/\\\/upgrade.valenciaandgo.com\\\/it\\\/#organization\"},\"image\":{\"@id\":\"https:\\\/\\\/upgrade.valenciaandgo.com\\\/que-hacer-valencia-ninos-vacaciones-verano-perfectas\\\/#primaryimage\"},\"thumbnailUrl\":\"https:\\\/\\\/upgrade.valenciaandgo.com\\\/wp-content\\\/uploads\\\/2025\\\/11\\\/img-blog-que-hacer-valencia-ninos-vacaciones.webp\",\"keywords\":[\"eventos\",\"ni\u00f1os\",\"Valencia\",\"verano\"],\"articleSection\":[\"Consejos para tus vacaciones\",\"Qu\u00e9 hacer\"],\"inLanguage\":\"pl-PL\"},{\"@type\":\"WebPage\",\"@id\":\"https:\\\/\\\/upgrade.valenciaandgo.com\\\/que-hacer-valencia-ninos-vacaciones-verano-perfectas\\\/\",\"url\":\"https:\\\/\\\/upgrade.valenciaandgo.com\\\/que-hacer-valencia-ninos-vacaciones-verano-perfectas\\\/\",\"name\":\"\u00bfQu\u00e9 hacer en Valencia con ni\u00f1os? | Blog Valencia&Go\",\"isPartOf\":{\"@id\":\"https:\\\/\\\/upgrade.valenciaandgo.com\\\/it\\\/#website\"},\"primaryImageOfPage\":{\"@id\":\"https:\\\/\\\/upgrade.valenciaandgo.com\\\/que-hacer-valencia-ninos-vacaciones-verano-perfectas\\\/#primaryimage\"},\"image\":{\"@id\":\"https:\\\/\\\/upgrade.valenciaandgo.com\\\/que-hacer-valencia-ninos-vacaciones-verano-perfectas\\\/#primaryimage\"},\"thumbnailUrl\":\"https:\\\/\\\/upgrade.valenciaandgo.com\\\/wp-content\\\/uploads\\\/2025\\\/11\\\/img-blog-que-hacer-valencia-ninos-vacaciones.webp\",\"datePublished\":\"2024-08-13T11:47:00+00:00\",\"dateModified\":\"2026-03-14T13:01:26+00:00\",\"description\":\"Descubre los mejores planes con ni\u00f1os que ofrece la ciudad de Valencia y planifica unas vacaciones de verano en familia perfectas con Valencia&Go.\",\"breadcrumb\":{\"@id\":\"https:\\\/\\\/upgrade.valenciaandgo.com\\\/que-hacer-valencia-ninos-vacaciones-verano-perfectas\\\/#breadcrumb\"},\"inLanguage\":\"pl-PL\",\"potentialAction\":[{\"@type\":\"ReadAction\",\"target\":[\"https:\\\/\\\/upgrade.valenciaandgo.com\\\/que-hacer-valencia-ninos-vacaciones-verano-perfectas\\\/\"]}]},{\"@type\":\"ImageObject\",\"inLanguage\":\"pl-PL\",\"@id\":\"https:\\\/\\\/upgrade.valenciaandgo.com\\\/que-hacer-valencia-ninos-vacaciones-verano-perfectas\\\/#primaryimage\",\"url\":\"https:\\\/\\\/upgrade.valenciaandgo.com\\\/wp-content\\\/uploads\\\/2025\\\/11\\\/img-blog-que-hacer-valencia-ninos-vacaciones.webp\",\"contentUrl\":\"https:\\\/\\\/upgrade.valenciaandgo.com\\\/wp-content\\\/uploads\\\/2025\\\/11\\\/img-blog-que-hacer-valencia-ninos-vacaciones.webp\",\"width\":1170,\"height\":783},{\"@type\":\"BreadcrumbList\",\"@id\":\"https:\\\/\\\/upgrade.valenciaandgo.com\\\/que-hacer-valencia-ninos-vacaciones-verano-perfectas\\\/#breadcrumb\",\"itemListElement\":[{\"@type\":\"ListItem\",\"position\":1,\"name\":\"Portada\",\"item\":\"https:\\\/\\\/upgrade.valenciaandgo.com\\\/\"},{\"@type\":\"ListItem\",\"position\":2,\"name\":\"Qu\u00e9 hacer en Valencia con ni\u00f1os para unas vacaciones de verano perfectas\"}]},{\"@type\":\"WebSite\",\"@id\":\"https:\\\/\\\/upgrade.valenciaandgo.com\\\/it\\\/#website\",\"url\":\"https:\\\/\\\/upgrade.valenciaandgo.com\\\/it\\\/\",\"name\":\"Valencia&Go\",\"description\":\"Tours por Valencia y alrededores de ciudad.\",\"publisher\":{\"@id\":\"https:\\\/\\\/upgrade.valenciaandgo.com\\\/it\\\/#organization\"},\"potentialAction\":[{\"@type\":\"SearchAction\",\"target\":{\"@type\":\"EntryPoint\",\"urlTemplate\":\"https:\\\/\\\/upgrade.valenciaandgo.com\\\/it\\\/?s={search_term_string}\"},\"query-input\":{\"@type\":\"PropertyValueSpecification\",\"valueRequired\":true,\"valueName\":\"search_term_string\"}}],\"inLanguage\":\"pl-PL\"},{\"@type\":\"Organization\",\"@id\":\"https:\\\/\\\/upgrade.valenciaandgo.com\\\/it\\\/#organization\",\"name\":\"Valencia&Go\",\"url\":\"https:\\\/\\\/upgrade.valenciaandgo.com\\\/it\\\/\",\"logo\":{\"@type\":\"ImageObject\",\"inLanguage\":\"pl-PL\",\"@id\":\"https:\\\/\\\/upgrade.valenciaandgo.com\\\/it\\\/#\\\/schema\\\/logo\\\/image\\\/\",\"url\":\"https:\\\/\\\/upgrade.valenciaandgo.com\\\/wp-content\\\/uploads\\\/2025\\\/10\\\/valencia_go-svg-blnc-iso-naranja.svg\",\"contentUrl\":\"https:\\\/\\\/upgrade.valenciaandgo.com\\\/wp-content\\\/uploads\\\/2025\\\/10\\\/valencia_go-svg-blnc-iso-naranja.svg\",\"width\":434,\"height\":102,\"caption\":\"Valencia&Go\"},\"image\":{\"@id\":\"https:\\\/\\\/upgrade.valenciaandgo.com\\\/it\\\/#\\\/schema\\\/logo\\\/image\\\/\"},\"sameAs\":[\"https:\\\/\\\/www.facebook.com\\\/valenciaandgo\\\/\",\"https:\\\/\\\/www.instagram.com\\\/valenciaandgo\",\"https:\\\/\\\/www.linkedin.com\\\/company\\\/valencia-go\\\/\",\"https:\\\/\\\/www.tiktok.com\\\/@valenciaandgo\"]},{\"@type\":\"Person\",\"@id\":\"https:\\\/\\\/upgrade.valenciaandgo.com\\\/it\\\/#\\\/schema\\\/person\\\/ca673553802eb937b57af07a6ce74908\",\"name\":\"Valencia &amp; Go\",\"sameAs\":[\"https:\\\/\\\/valenciaandgo.com\"],\"url\":\"https:\\\/\\\/upgrade.valenciaandgo.com\\\/pl\\\/author\\\/valencia\\\/\"}]}<\/script>\n<!-- \/ Yoast SEO plugin. -->","yoast_head_json":{"title":"Co robi\u0107 w Walencji z dzie\u0107mi | Blog Valencia&amp;Go","description":"Odkryj najlepsze plany dla dzieci w Walencji i zaplanuj idealne rodzinne wakacje z Valencia&amp;Go.","robots":{"index":"noindex","follow":"follow","max-snippet":"max-snippet:-1","max-image-preview":"max-image-preview:large","max-video-preview":"max-video-preview:-1"},"og_locale":"pl_PL","og_type":"article","og_title":"\u00bfQu\u00e9 hacer en Valencia con ni\u00f1os? | Blog Valencia&Go","og_description":"Descubre los mejores planes con ni\u00f1os que ofrece la ciudad de Valencia y planifica unas vacaciones de verano en familia perfectas con Valencia&Go.","og_url":"https:\/\/upgrade.valenciaandgo.com\/pl\/co-robic-w-walencji-dla-dzieci-idealne-wakacje\/","og_site_name":"Valencia&amp;Go","article_publisher":"https:\/\/www.facebook.com\/valenciaandgo\/","article_published_time":"2024-08-13T11:47:00+00:00","article_modified_time":"2026-03-14T13:01:26+00:00","og_image":[{"width":1170,"height":783,"url":"https:\/\/upgrade.valenciaandgo.com\/wp-content\/uploads\/2025\/11\/img-blog-que-hacer-valencia-ninos-vacaciones.webp","type":"image\/webp"}],"author":"Valencia &amp; Go","twitter_card":"summary_large_image","twitter_misc":{"Napisane przez":"Valencia &amp; Go","Szacowany czas czytania":"5 minut"},"schema":{"@context":"https:\/\/schema.org","@graph":[{"@type":"Article","@id":"https:\/\/upgrade.valenciaandgo.com\/que-hacer-valencia-ninos-vacaciones-verano-perfectas\/#article","isPartOf":{"@id":"https:\/\/upgrade.valenciaandgo.com\/que-hacer-valencia-ninos-vacaciones-verano-perfectas\/"},"author":{"name":"Valencia &amp; Go","@id":"https:\/\/upgrade.valenciaandgo.com\/it\/#\/schema\/person\/ca673553802eb937b57af07a6ce74908"},"headline":"Qu\u00e9 hacer en Valencia con ni\u00f1os para unas vacaciones de verano perfectas","datePublished":"2024-08-13T11:47:00+00:00","dateModified":"2026-03-14T13:01:26+00:00","mainEntityOfPage":{"@id":"https:\/\/upgrade.valenciaandgo.com\/que-hacer-valencia-ninos-vacaciones-verano-perfectas\/"},"wordCount":1134,"publisher":{"@id":"https:\/\/upgrade.valenciaandgo.com\/it\/#organization"},"image":{"@id":"https:\/\/upgrade.valenciaandgo.com\/que-hacer-valencia-ninos-vacaciones-verano-perfectas\/#primaryimage"},"thumbnailUrl":"https:\/\/upgrade.valenciaandgo.com\/wp-content\/uploads\/2025\/11\/img-blog-que-hacer-valencia-ninos-vacaciones.webp","keywords":["eventos","ni\u00f1os","Valencia","verano"],"articleSection":["Consejos para tus vacaciones","Qu\u00e9 hacer"],"inLanguage":"pl-PL"},{"@type":"WebPage","@id":"https:\/\/upgrade.valenciaandgo.com\/que-hacer-valencia-ninos-vacaciones-verano-perfectas\/","url":"https:\/\/upgrade.valenciaandgo.com\/que-hacer-valencia-ninos-vacaciones-verano-perfectas\/","name":"Co robi\u0107 w Walencji z dzie\u0107mi | Blog Valencia&amp;Go","isPartOf":{"@id":"https:\/\/upgrade.valenciaandgo.com\/it\/#website"},"primaryImageOfPage":{"@id":"https:\/\/upgrade.valenciaandgo.com\/que-hacer-valencia-ninos-vacaciones-verano-perfectas\/#primaryimage"},"image":{"@id":"https:\/\/upgrade.valenciaandgo.com\/que-hacer-valencia-ninos-vacaciones-verano-perfectas\/#primaryimage"},"thumbnailUrl":"https:\/\/upgrade.valenciaandgo.com\/wp-content\/uploads\/2025\/11\/img-blog-que-hacer-valencia-ninos-vacaciones.webp","datePublished":"2024-08-13T11:47:00+00:00","dateModified":"2026-03-14T13:01:26+00:00","description":"Odkryj najlepsze plany dla dzieci w Walencji i zaplanuj idealne rodzinne wakacje z Valencia&amp;Go.","breadcrumb":{"@id":"https:\/\/upgrade.valenciaandgo.com\/que-hacer-valencia-ninos-vacaciones-verano-perfectas\/#breadcrumb"},"inLanguage":"pl-PL","potentialAction":[{"@type":"ReadAction","target":["https:\/\/upgrade.valenciaandgo.com\/que-hacer-valencia-ninos-vacaciones-verano-perfectas\/"]}]},{"@type":"ImageObject","inLanguage":"pl-PL","@id":"https:\/\/upgrade.valenciaandgo.com\/que-hacer-valencia-ninos-vacaciones-verano-perfectas\/#primaryimage","url":"https:\/\/upgrade.valenciaandgo.com\/wp-content\/uploads\/2025\/11\/img-blog-que-hacer-valencia-ninos-vacaciones.webp","contentUrl":"https:\/\/upgrade.valenciaandgo.com\/wp-content\/uploads\/2025\/11\/img-blog-que-hacer-valencia-ninos-vacaciones.webp","width":1170,"height":783},{"@type":"BreadcrumbList","@id":"https:\/\/upgrade.valenciaandgo.com\/que-hacer-valencia-ninos-vacaciones-verano-perfectas\/#breadcrumb","itemListElement":[{"@type":"ListItem","position":1,"name":"Portada","item":"https:\/\/upgrade.valenciaandgo.com\/"},{"@type":"ListItem","position":2,"name":"Qu\u00e9 hacer en Valencia con ni\u00f1os para unas vacaciones de verano perfectas"}]},{"@type":"WebSite","@id":"https:\/\/upgrade.valenciaandgo.com\/it\/#website","url":"https:\/\/upgrade.valenciaandgo.com\/it\/","name":"Valencia&amp;Go","description":"Wycieczki po Walencji i okolicach.","publisher":{"@id":"https:\/\/upgrade.valenciaandgo.com\/it\/#organization"},"potentialAction":[{"@type":"SearchAction","target":{"@type":"EntryPoint","urlTemplate":"https:\/\/upgrade.valenciaandgo.com\/it\/?s={search_term_string}"},"query-input":{"@type":"PropertyValueSpecification","valueRequired":true,"valueName":"search_term_string"}}],"inLanguage":"pl-PL"},{"@type":"Organization","@id":"https:\/\/upgrade.valenciaandgo.com\/it\/#organization","name":"Valencia&amp;Go","url":"https:\/\/upgrade.valenciaandgo.com\/it\/","logo":{"@type":"ImageObject","inLanguage":"pl-PL","@id":"https:\/\/upgrade.valenciaandgo.com\/it\/#\/schema\/logo\/image\/","url":"https:\/\/upgrade.valenciaandgo.com\/wp-content\/uploads\/2025\/10\/valencia_go-svg-blnc-iso-naranja.svg","contentUrl":"https:\/\/upgrade.valenciaandgo.com\/wp-content\/uploads\/2025\/10\/valencia_go-svg-blnc-iso-naranja.svg","width":434,"height":102,"caption":"Valencia&Go"},"image":{"@id":"https:\/\/upgrade.valenciaandgo.com\/it\/#\/schema\/logo\/image\/"},"sameAs":["https:\/\/www.facebook.com\/valenciaandgo\/","https:\/\/www.instagram.com\/valenciaandgo","https:\/\/www.linkedin.com\/company\/valencia-go\/","https:\/\/www.tiktok.com\/@valenciaandgo"]},{"@type":"Person","@id":"https:\/\/upgrade.valenciaandgo.com\/it\/#\/schema\/person\/ca673553802eb937b57af07a6ce74908","name":"Valencia &amp; Go","sameAs":["https:\/\/valenciaandgo.com"],"url":"https:\/\/upgrade.valenciaandgo.com\/pl\/author\/valencia\/"}]}},"_links":{"self":[{"href":"https:\/\/upgrade.valenciaandgo.com\/pl\/wp-json\/wp\/v2\/posts\/534","targetHints":{"allow":["GET"]}}],"collection":[{"href":"https:\/\/upgrade.valenciaandgo.com\/pl\/wp-json\/wp\/v2\/posts"}],"about":[{"href":"https:\/\/upgrade.valenciaandgo.com\/pl\/wp-json\/wp\/v2\/types\/post"}],"author":[{"embeddable":true,"href":"https:\/\/upgrade.valenciaandgo.com\/pl\/wp-json\/wp\/v2\/users\/1"}],"replies":[{"embeddable":true,"href":"https:\/\/upgrade.valenciaandgo.com\/pl\/wp-json\/wp\/v2\/comments?post=534"}],"version-history":[{"count":0,"href":"https:\/\/upgrade.valenciaandgo.com\/pl\/wp-json\/wp\/v2\/posts\/534\/revisions"}],"wp:featuredmedia":[{"embeddable":true,"href":"https:\/\/upgrade.valenciaandgo.com\/pl\/wp-json\/wp\/v2\/media\/746"}],"wp:attachment":[{"href":"https:\/\/upgrade.valenciaandgo.com\/pl\/wp-json\/wp\/v2\/media?parent=534"}],"wp:term":[{"taxonomy":"category","embeddable":true,"href":"https:\/\/upgrade.valenciaandgo.com\/pl\/wp-json\/wp\/v2\/categories?post=534"},{"taxonomy":"post_tag","embeddable":true,"href":"https:\/\/upgrade.valenciaandgo.com\/pl\/wp-json\/wp\/v2\/tags?post=534"}],"curies":[{"name":"wp","href":"https:\/\/api.w.org\/{rel}","templated":true}]}}