{"id":469,"date":"2022-04-14T14:20:00","date_gmt":"2022-04-14T14:20:00","guid":{"rendered":"https:\/\/new.valenciaandgo.com\/?p=469"},"modified":"2026-03-16T15:39:58","modified_gmt":"2026-03-16T15:39:58","slug":"11-semana-santa-valencia-dania","status":"publish","type":"post","link":"https:\/\/upgrade.valenciaandgo.com\/pl\/11-platos-semana-santa-valencia\/","title":{"rendered":"11 typowych potraw wielkanocnych z Walencji"},"content":{"rendered":"<div data-elementor-type=\"wp-post\" data-elementor-id=\"469\" class=\"elementor elementor-469\" data-elementor-post-type=\"post\">\n\t\t\t\t<div class=\"elementor-element elementor-element-62934c2c e-flex e-con-boxed e-con e-parent\" data-id=\"62934c2c\" data-element_type=\"container\" data-e-type=\"container\">\n\t\t\t\t\t<div class=\"e-con-inner\">\n\t\t<div class=\"elementor-element elementor-element-5200c8ea e-con-full e-flex e-con e-child\" data-id=\"5200c8ea\" data-element_type=\"container\" data-e-type=\"container\">\n\t\t\t\t<div class=\"elementor-element elementor-element-43f66b15 elementor-widget elementor-widget-text-editor\" data-id=\"43f66b15\" data-element_type=\"widget\" data-e-type=\"widget\" data-widget_type=\"text-editor.default\">\n\t\t\t\t\t\t\t\t\t\n<p>Tydzie\u0144 Wielkanocny w Walencji r\u00f3\u017cni si\u0119 od wszystkich innych: jest prze\u017cywany w dzielnicach rybackich par excellence, w El Cabanyal i Poblados Mar\u00edtimos.<br \/>I faktem jest, \u017ce tutaj nazywa si\u0119 to <strong>\u00bbmorski Wielki Tydzie\u0144\u00bb.\u00bb<\/strong>Uznany za \u015bwi\u0119to o narodowym znaczeniu turystycznym, jest gospodarzem oko\u0142o 80 procesji, kt\u00f3re odbywaj\u0105 si\u0119 od pi\u0105tku 8 kwietnia do niedzieli 17 kwietnia.<\/p>\n<p>I oczywi\u015bcie gastronomia tych dat jest zwi\u0105zana z rybami.<\/p>\n<p><\/p>\n\t\t\t\t\t\t\t\t<\/div>\n\t\t\t\t<\/div>\n\t\t<div class=\"elementor-element elementor-element-43473b6f e-con-full e-flex e-con e-child\" data-id=\"43473b6f\" data-element_type=\"container\" data-e-type=\"container\">\n\t\t<div class=\"elementor-element elementor-element-334ec68 e-con-full e-flex e-con e-child\" data-id=\"334ec68\" data-element_type=\"container\" data-e-type=\"container\">\n\t\t\t\t<div class=\"elementor-element elementor-element-317a3598 elementor-widget elementor-widget-heading\" data-id=\"317a3598\" data-element_type=\"widget\" data-e-type=\"widget\" data-widget_type=\"heading.default\">\n\t\t\t\t\t<h2 class=\"elementor-heading-title elementor-size-default\">Pepitos<\/h2>\t\t\t\t<\/div>\n\t\t\t\t<\/div>\n\t\t<div class=\"elementor-element elementor-element-360b583a e-con-full e-flex e-con e-child\" data-id=\"360b583a\" data-element_type=\"container\" data-e-type=\"container\">\n\t\t\t\t<div class=\"elementor-element elementor-element-7bd5bcff elementor-widget elementor-widget-text-editor\" data-id=\"7bd5bcff\" data-element_type=\"widget\" data-e-type=\"widget\" data-widget_type=\"text-editor.default\">\n\t\t\t\t\t\t\t\t\t<p>Ma\u0142o znana, po\u017cywna i oryginalna tapa z Walencji.<br \/>Jest to bu\u0142ka mleczna, z kt\u00f3rej usuwa si\u0119 okruchy i wype\u0142nia titain\u0105 (inne typowe danie).<br \/>Po nape\u0142nieniu s\u0105 one przykrywane wyka\u0142aczk\u0105, aby nadzienie nie wyciek\u0142o, zanurzane w mleku, zanurzane w jajku i sma\u017cone.<\/p>\n<p><img fetchpriority=\"high\" decoding=\"async\" class=\"aligncenter wp-image-10142 size-full\" src=\"https:\/\/upgrade.valenciaandgo.com\/wp-content\/uploads\/2026\/03\/Pepito.webp\" alt=\"\" width=\"300\" height=\"214\" srcset=\"https:\/\/upgrade.valenciaandgo.com\/wp-content\/uploads\/2026\/03\/Pepito.webp 300w, https:\/\/upgrade.valenciaandgo.com\/wp-content\/uploads\/2026\/03\/Pepito-18x12.webp 18w\" sizes=\"(max-width: 300px) 100vw, 300px\" \/><\/p>\n<p style=\"text-align: center;\"><em>Pepitos, przewodnik dla hedonist\u00f3w<\/em><\/p>\t\t\t\t\t\t\t\t<\/div>\n\t\t\t\t<\/div>\n\t\t\t\t<\/div>\n\t\t<div class=\"elementor-element elementor-element-7d002c2 e-con-full e-flex e-con e-child\" data-id=\"7d002c2\" data-element_type=\"container\" data-e-type=\"container\">\n\t\t<div class=\"elementor-element elementor-element-b80be53 e-con-full e-flex e-con e-child\" data-id=\"b80be53\" data-element_type=\"container\" data-e-type=\"container\">\n\t\t\t\t<div class=\"elementor-element elementor-element-a4dfc8c elementor-widget elementor-widget-heading\" data-id=\"a4dfc8c\" data-element_type=\"widget\" data-e-type=\"widget\" data-widget_type=\"heading.default\">\n\t\t\t\t\t<h2 class=\"elementor-heading-title elementor-size-default\">Titaine<\/h2>\t\t\t\t<\/div>\n\t\t\t\t<\/div>\n\t\t<div class=\"elementor-element elementor-element-5be0808 e-con-full e-flex e-con e-child\" data-id=\"5be0808\" data-element_type=\"container\" data-e-type=\"container\">\n\t\t\t\t<div class=\"elementor-element elementor-element-a2fdd6b elementor-widget elementor-widget-text-editor\" data-id=\"a2fdd6b\" data-element_type=\"widget\" data-e-type=\"widget\" data-widget_type=\"text-editor.default\">\n\t\t\t\t\t\t\t\t\t<div class=\"wp-block-column\">\n<p>G\u0142\u00f3wne danie \u00bbla terreta\u00bb.<br \/>Jest to rodzaj ratatouille z pomidor\u00f3w i papryki, do kt\u00f3rego dodaje si\u0119 orzeszki piniowe, czosnek i solone brzuszki tu\u0144czyka. Pyszne.<\/p>\n<p>Zwykle spo\u017cywa si\u0119 go na talerzu do maczania z chlebem lub w postaci koki, kt\u00f3ra jest typowym lokalnym ciastem.<\/p>\n<\/div>\n<div><img decoding=\"async\" class=\"aligncenter wp-image-10143 size-full\" src=\"https:\/\/upgrade.valenciaandgo.com\/wp-content\/uploads\/2026\/03\/Coca-con-titaina.webp\" alt=\"\" width=\"460\" height=\"307\" srcset=\"https:\/\/upgrade.valenciaandgo.com\/wp-content\/uploads\/2026\/03\/Coca-con-titaina.webp 460w, https:\/\/upgrade.valenciaandgo.com\/wp-content\/uploads\/2026\/03\/Coca-con-titaina-18x12.webp 18w\" sizes=\"(max-width: 460px) 100vw, 460px\" \/><\/div>\n<div class=\"wp-block-column\" style=\"text-align: center;\"><em>Coca z titain\u0105<\/em><\/div>\t\t\t\t\t\t\t\t<\/div>\n\t\t\t\t<\/div>\n\t\t\t\t<\/div>\n\t\t<div class=\"elementor-element elementor-element-d3fdd01 e-con-full e-flex e-con e-child\" data-id=\"d3fdd01\" data-element_type=\"container\" data-e-type=\"container\">\n\t\t<div class=\"elementor-element elementor-element-880c248 e-con-full e-flex e-con e-child\" data-id=\"880c248\" data-element_type=\"container\" data-e-type=\"container\">\n\t\t\t\t<div class=\"elementor-element elementor-element-9bdf2b8 elementor-widget elementor-widget-heading\" data-id=\"9bdf2b8\" data-element_type=\"widget\" data-e-type=\"widget\" data-widget_type=\"heading.default\">\n\t\t\t\t\t<h2 class=\"elementor-heading-title elementor-size-default\">Krokiety z dorsza<\/h2>\t\t\t\t<\/div>\n\t\t\t\t<\/div>\n\t\t<div class=\"elementor-element elementor-element-a1bd336 e-con-full e-flex e-con e-child\" data-id=\"a1bd336\" data-element_type=\"container\" data-e-type=\"container\">\n\t\t\t\t<div class=\"elementor-element elementor-element-fc039b8 elementor-widget elementor-widget-text-editor\" data-id=\"fc039b8\" data-element_type=\"widget\" data-e-type=\"widget\" data-widget_type=\"text-editor.default\">\n\t\t\t\t\t\t\t\t\t<p>Chocia\u017c mo\u017cna go znale\u017a\u0107 przez ca\u0142y rok w wi\u0119kszo\u015bci restauracji w mie\u015bcie, jego pocz\u0105tki si\u0119gaj\u0105 Wielkanocy.<br \/>W wi\u0119kszo\u015bci przypadk\u00f3w nazywa si\u0119 je \"bu\u00f1uelo de bacalao\", poniewa\u017c chocia\u017c maj\u0105 kszta\u0142t krokieta, ich ciasto i konsystencja s\u0105 inne: zawieraj\u0105 jajko, ziemniaki i pokruszonego dorsza, dzi\u0119ki czemu s\u0105 bardzo mi\u0119kkie w \u015brodku i chrupi\u0105ce na zewn\u0105trz.<br \/>W przeciwie\u0144stwie do krokiet\u00f3w, nie ma bu\u0142ki tartej.<\/p>\n<p><img decoding=\"async\" class=\"size-full wp-image-10145 aligncenter\" src=\"https:\/\/upgrade.valenciaandgo.com\/wp-content\/uploads\/2026\/03\/Bunuelos-de-bacalao.webp\" alt=\"\" width=\"460\" height=\"307\" srcset=\"https:\/\/upgrade.valenciaandgo.com\/wp-content\/uploads\/2026\/03\/Bunuelos-de-bacalao.webp 460w, https:\/\/upgrade.valenciaandgo.com\/wp-content\/uploads\/2026\/03\/Bunuelos-de-bacalao-18x12.webp 18w\" sizes=\"(max-width: 460px) 100vw, 460px\" \/><\/p>\n<p style=\"text-align: center;\"><em>Frytki z dorsza, Central Bar<\/em><\/p>\t\t\t\t\t\t\t\t<\/div>\n\t\t\t\t<\/div>\n\t\t\t\t<\/div>\n\t\t<div class=\"elementor-element elementor-element-3ebc0f8 e-con-full e-flex e-con e-child\" data-id=\"3ebc0f8\" data-element_type=\"container\" data-e-type=\"container\">\n\t\t<div class=\"elementor-element elementor-element-3c4ef60 e-con-full e-flex e-con e-child\" data-id=\"3c4ef60\" data-element_type=\"container\" data-e-type=\"container\">\n\t\t\t\t<div class=\"elementor-element elementor-element-abb7975 elementor-widget elementor-widget-heading\" data-id=\"abb7975\" data-element_type=\"widget\" data-e-type=\"widget\" data-widget_type=\"heading.default\">\n\t\t\t\t\t<h2 class=\"elementor-heading-title elementor-size-default\">Gulasz wigilijny<\/h2>\t\t\t\t<\/div>\n\t\t\t\t<\/div>\n\t\t<div class=\"elementor-element elementor-element-67b32de e-con-full e-flex e-con e-child\" data-id=\"67b32de\" data-element_type=\"container\" data-e-type=\"container\">\n\t\t\t\t<div class=\"elementor-element elementor-element-17d7bbb elementor-widget elementor-widget-text-editor\" data-id=\"17d7bbb\" data-element_type=\"widget\" data-e-type=\"widget\" data-widget_type=\"text-editor.default\">\n\t\t\t\t\t\t\t\t\t<div class=\"wp-block-column\">\n<p>Tradycyjny przepis na Wielki Pi\u0105tek.<br \/>Jest to gulasz z ciecierzycy, dorsza i szpinaku. Ca\u0142o\u015b\u0107 zwie\u0144czona jest posiekanym jajkiem na twardo. Po\u017cywne i smaczne danie na \u0142y\u017cce, kt\u00f3re s\u0142u\u017cy r\u00f3wnie\u017c do rozgrzania cia\u0142a w najzimniejsze zimowe dni.<\/p>\n<\/div>\t\t\t\t\t\t\t\t<\/div>\n\t\t\t\t<\/div>\n\t\t\t\t<\/div>\n\t\t<div class=\"elementor-element elementor-element-db47c23 e-con-full e-flex e-con e-child\" data-id=\"db47c23\" data-element_type=\"container\" data-e-type=\"container\">\n\t\t<div class=\"elementor-element elementor-element-7f0f4ce e-con-full e-flex e-con e-child\" data-id=\"7f0f4ce\" data-element_type=\"container\" data-e-type=\"container\">\n\t\t\t\t<div class=\"elementor-element elementor-element-d041dee elementor-widget elementor-widget-heading\" data-id=\"d041dee\" data-element_type=\"widget\" data-e-type=\"widget\" data-widget_type=\"heading.default\">\n\t\t\t\t\t<h2 class=\"elementor-heading-title elementor-size-default\">M\u0105twy z cebul\u0105<\/h2>\t\t\t\t<\/div>\n\t\t\t\t<\/div>\n\t\t<div class=\"elementor-element elementor-element-f52032b e-con-full e-flex e-con e-child\" data-id=\"f52032b\" data-element_type=\"container\" data-e-type=\"container\">\n\t\t\t\t<div class=\"elementor-element elementor-element-ddfaf9f elementor-widget elementor-widget-text-editor\" data-id=\"ddfaf9f\" data-element_type=\"widget\" data-e-type=\"widget\" data-widget_type=\"text-editor.default\">\n\t\t\t\t\t\t\t\t\t<p>To danie jest prawdziwym przysmakiem dla mi\u0142o\u015bnik\u00f3w m\u0105twy: m\u0105twa jest gotowana z cebul\u0105 na bardzo ma\u0142ym ogniu i dodaje si\u0119 do niej oliw\u0119 z oliwek, orzeszki piniowe, li\u015b\u0107 laurowy i papryk\u0119.<br \/>Smaki s\u0105 zintegrowane i jest to spektakularne, zdrowe i proste.<\/p>\t\t\t\t\t\t\t\t<\/div>\n\t\t\t\t<\/div>\n\t\t\t\t<\/div>\n\t\t<div class=\"elementor-element elementor-element-16ec241 e-con-full e-flex e-con e-child\" data-id=\"16ec241\" data-element_type=\"container\" data-e-type=\"container\">\n\t\t<div class=\"elementor-element elementor-element-0cb91bb e-con-full e-flex e-con e-child\" data-id=\"0cb91bb\" data-element_type=\"container\" data-e-type=\"container\">\n\t\t\t\t<div class=\"elementor-element elementor-element-7d0e74c elementor-widget elementor-widget-heading\" data-id=\"7d0e74c\" data-element_type=\"widget\" data-e-type=\"widget\" data-widget_type=\"heading.default\">\n\t\t\t\t\t<h2 class=\"elementor-heading-title elementor-size-default\">Marynata z sardynek<\/h2>\t\t\t\t<\/div>\n\t\t\t\t<\/div>\n\t\t<div class=\"elementor-element elementor-element-9e3ed3d e-con-full e-flex e-con e-child\" data-id=\"9e3ed3d\" data-element_type=\"container\" data-e-type=\"container\">\n\t\t\t\t<div class=\"elementor-element elementor-element-51c8e56 elementor-widget elementor-widget-text-editor\" data-id=\"51c8e56\" data-element_type=\"widget\" data-e-type=\"widget\" data-widget_type=\"text-editor.default\">\n\t\t\t\t\t\t\t\t\t<div class=\"wp-block-columns\">\n<div class=\"wp-block-column\">\n<p>Dlatego dobre escabeche z sardynek jest obowi\u0105zkowe na naszym stole: tradycyjny sos zawiera marchewk\u0119, cebul\u0119, papryk\u0119, li\u015b\u0107 laurowy, bia\u0142e wino i ocet.<\/p>\n<p><img loading=\"lazy\" decoding=\"async\" class=\"size-full wp-image-10147 aligncenter\" src=\"https:\/\/upgrade.valenciaandgo.com\/wp-content\/uploads\/2026\/03\/Escabeche-de-sardina.webp\" alt=\"\" width=\"275\" height=\"183\" srcset=\"https:\/\/upgrade.valenciaandgo.com\/wp-content\/uploads\/2026\/03\/Escabeche-de-sardina.webp 275w, https:\/\/upgrade.valenciaandgo.com\/wp-content\/uploads\/2026\/03\/Escabeche-de-sardina-18x12.webp 18w\" sizes=\"(max-width: 275px) 100vw, 275px\" \/><\/p>\n<p style=\"text-align: center;\"><em>Marynata z sardynek<\/em><\/p>\n<\/div>\n<\/div>\t\t\t\t\t\t\t\t<\/div>\n\t\t\t\t<\/div>\n\t\t\t\t<\/div>\n\t\t<div class=\"elementor-element elementor-element-692a52d e-con-full e-flex e-con e-child\" data-id=\"692a52d\" data-element_type=\"container\" data-e-type=\"container\">\n\t\t<div class=\"elementor-element elementor-element-ce0cffe e-con-full e-flex e-con e-child\" data-id=\"ce0cffe\" data-element_type=\"container\" data-e-type=\"container\">\n\t\t\t\t<div class=\"elementor-element elementor-element-81f2004 elementor-widget elementor-widget-heading\" data-id=\"81f2004\" data-element_type=\"widget\" data-e-type=\"widget\" data-widget_type=\"heading.default\">\n\t\t\t\t\t<h2 class=\"elementor-heading-title elementor-size-default\">Loganiza de Pascua<\/h2>\t\t\t\t<\/div>\n\t\t\t\t<\/div>\n\t\t<div class=\"elementor-element elementor-element-c530671 e-con-full e-flex e-con e-child\" data-id=\"c530671\" data-element_type=\"container\" data-e-type=\"container\">\n\t\t\t\t<div class=\"elementor-element elementor-element-647b8a4 elementor-widget elementor-widget-text-editor\" data-id=\"647b8a4\" data-element_type=\"widget\" data-e-type=\"widget\" data-widget_type=\"text-editor.default\">\n\t\t\t\t\t\t\t\t\t<div class=\"wp-block-column\">\n<p>Jest to kie\u0142basa, kt\u00f3ra jest sprzedawana szczeg\u00f3lnie w okresie Wielkanocy i musi by\u0107 zjedzona po wyschni\u0119ciu.<br \/>Jest to cienka, d\u0142uga, pikantna kie\u0142basa, kt\u00f3r\u0105 wiesza si\u0119 na sznurku i pozostawia do wyschni\u0119cia na kilka dni, a nast\u0119pnie zjada w k\u0119sach.<\/p>\n<img loading=\"lazy\" decoding=\"async\" class=\"aligncenter wp-image-10148\" src=\"https:\/\/upgrade.valenciaandgo.com\/wp-content\/uploads\/2026\/03\/Lonzaniza-de-pascua.webp\" alt=\"\" width=\"300\" height=\"300\" srcset=\"https:\/\/upgrade.valenciaandgo.com\/wp-content\/uploads\/2026\/03\/Lonzaniza-de-pascua.webp 600w, https:\/\/upgrade.valenciaandgo.com\/wp-content\/uploads\/2026\/03\/Lonzaniza-de-pascua-12x12.webp 12w\" sizes=\"(max-width: 300px) 100vw, 300px\" \/><\/div>\n<div class=\"wp-block-column\" style=\"text-align: center;\"><em>Klasyczna wielkanocna kie\u0142basa longaniza, Bodegas Gargallo<\/em><\/div>\t\t\t\t\t\t\t\t<\/div>\n\t\t\t\t<\/div>\n\t\t\t\t<\/div>\n\t\t<div class=\"elementor-element elementor-element-7a3acff e-con-full e-flex e-con e-child\" data-id=\"7a3acff\" data-element_type=\"container\" data-e-type=\"container\">\n\t\t<div class=\"elementor-element elementor-element-d402849 e-con-full e-flex e-con e-child\" data-id=\"d402849\" data-element_type=\"container\" data-e-type=\"container\">\n\t\t\t\t<div class=\"elementor-element elementor-element-16e45f7 elementor-widget elementor-widget-heading\" data-id=\"16e45f7\" data-element_type=\"widget\" data-e-type=\"widget\" data-widget_type=\"heading.default\">\n\t\t\t\t\t<h2 class=\"elementor-heading-title elementor-size-default\">But do sardynek<\/h2>\t\t\t\t<\/div>\n\t\t\t\t<\/div>\n\t\t<div class=\"elementor-element elementor-element-f106d46 e-con-full e-flex e-con e-child\" data-id=\"f106d46\" data-element_type=\"container\" data-e-type=\"container\">\n\t\t\t\t<div class=\"elementor-element elementor-element-4139b94 elementor-widget elementor-widget-text-editor\" data-id=\"4139b94\" data-element_type=\"widget\" data-e-type=\"widget\" data-widget_type=\"text-editor.default\">\n\t\t\t\t\t\t\t\t\t<p>Nazwa pochodzi od staro\u017cytnej tradycji mia\u017cd\u017cenia sardynek zawiasem drzwi: mia\u0142o to na celu poluzowanie \u0142usek i kr\u0119gos\u0142upa.<br \/>Tradycyjnie spo\u017cywa si\u0119 go z zielon\u0105 papryk\u0105 i jajkiem sadzonym.<\/p>\n<p><img loading=\"lazy\" decoding=\"async\" class=\"aligncenter wp-image-10151 size-full\" src=\"https:\/\/upgrade.valenciaandgo.com\/wp-content\/uploads\/2026\/03\/Sardina-de-bota.webp\" alt=\"\" width=\"460\" height=\"307\" srcset=\"https:\/\/upgrade.valenciaandgo.com\/wp-content\/uploads\/2026\/03\/Sardina-de-bota.webp 460w, https:\/\/upgrade.valenciaandgo.com\/wp-content\/uploads\/2026\/03\/Sardina-de-bota-18x12.webp 18w\" sizes=\"(max-width: 460px) 100vw, 460px\" \/><\/p>\n<p style=\"text-align: center;\"><em>Kompletne danie z sardynkami, valenciaplaza.com<\/em><\/p>\t\t\t\t\t\t\t\t<\/div>\n\t\t\t\t<\/div>\n\t\t\t\t<\/div>\n\t\t<div class=\"elementor-element elementor-element-2586699 e-con-full e-flex e-con e-child\" data-id=\"2586699\" data-element_type=\"container\" data-e-type=\"container\">\n\t\t<div class=\"elementor-element elementor-element-77dd6cf e-con-full e-flex e-con e-child\" data-id=\"77dd6cf\" data-element_type=\"container\" data-e-type=\"container\">\n\t\t\t\t<div class=\"elementor-element elementor-element-2b94bef elementor-widget elementor-widget-heading\" data-id=\"2b94bef\" data-element_type=\"widget\" data-e-type=\"widget\" data-widget_type=\"heading.default\">\n\t\t\t\t\t<h2 class=\"elementor-heading-title elementor-size-default\">Wielkanoc Mona<\/h2>\t\t\t\t<\/div>\n\t\t\t\t<\/div>\n\t\t<div class=\"elementor-element elementor-element-5e9a9a0 e-con-full e-flex e-con e-child\" data-id=\"5e9a9a0\" data-element_type=\"container\" data-e-type=\"container\">\n\t\t\t\t<div class=\"elementor-element elementor-element-52bd120 elementor-widget elementor-widget-text-editor\" data-id=\"52bd120\" data-element_type=\"widget\" data-e-type=\"widget\" data-widget_type=\"text-editor.default\">\n\t\t\t\t\t\t\t\t\t<p>Nazywany r\u00f3wnie\u017c panquemao, jest s\u0142odycz\u0105, kt\u00f3r\u0105 mo\u017cna znale\u017a\u0107 tylko o tej porze roku i sk\u0142ada si\u0119 z okr\u0105g\u0142ego lub zwierz\u0119cego ciasta z gotowanym jajkiem w \u015brodku.<br \/>Zazwyczaj pije si\u0119 j\u0105 w gronie rodzinnym i bawi si\u0119 w rozbijanie jajka na g\u0142owie.<\/p>\n<p><!-- \/wp:paragraph --><\/p>\n<p><strong>Gdzie kupi\u0107 najlepsze?<\/strong><\/p>\n<ul>\n<li>\n<h3><span style=\"color: #008080;\"><a style=\"color: #008080;\" href=\"https:\/\/www.facebook.com\/Horno-Vicente-Garc%C3%ADa-772523682868659\/\">Piekarnia Vicente Garc\u00eda<\/a><\/span><\/h3>\n<\/li>\n<li>\n<h3><span style=\"color: #008080;\"><a style=\"color: #008080;\" href=\"https:\/\/www.google.es\/maps\/place\/Horno+Pasteler%C3%ADa+Forn+Ll%C3%A0tzer\/@39.4857262,-0.4287856,13.21z\/data=!4m6!3m5!1s0xd604f619744ad71:0x66311cf1498c3e7a!8m2!3d39.4837585!4d-0.3974809!16s%2Fg%2F11cmg03h_s?hl=es&amp;entry=ttu&amp;g_ep=EgoyMDI0MTAxNi4wIKXMDSoASAFQAw%3D%3D\">Forn Llatzer<\/a><\/span><\/h3>\n<\/li>\n<li>\n<h3><span style=\"color: #008080;\"><a style=\"color: #008080;\" href=\"https:\/\/www.hornosanantonio.com\/\">San Antonio Oven of the Central Market<\/a><\/span><\/h3>\n<\/li>\n<li>\n<h3><a href=\"https:\/\/panquemadosmoscardo.com\/\"><span style=\"color: #008080;\">Panquemados Moscardo of Alberique<\/span><\/a><\/h3>\n<\/li>\n<\/ul>\n<p><img loading=\"lazy\" decoding=\"async\" class=\"aligncenter wp-image-709\" src=\"https:\/\/upgrade.valenciaandgo.com\/wp-content\/uploads\/2025\/11\/img-blog-11-platos-tipicos-valencia.webp\" alt=\"\" width=\"500\" height=\"335\" \/><\/p>\t\t\t\t\t\t\t\t<\/div>\n\t\t\t\t<\/div>\n\t\t\t\t<\/div>\n\t\t<div class=\"elementor-element elementor-element-b63b7ba e-con-full e-flex e-con e-child\" data-id=\"b63b7ba\" data-element_type=\"container\" data-e-type=\"container\">\n\t\t<div class=\"elementor-element elementor-element-c19b75f e-con-full e-flex e-con e-child\" data-id=\"c19b75f\" data-element_type=\"container\" data-e-type=\"container\">\n\t\t\t\t<div class=\"elementor-element elementor-element-5fc7105 elementor-widget elementor-widget-heading\" data-id=\"5fc7105\" data-element_type=\"widget\" data-e-type=\"widget\" data-widget_type=\"heading.default\">\n\t\t\t\t\t<h2 class=\"elementor-heading-title elementor-size-default\">Torrijas<\/h2>\t\t\t\t<\/div>\n\t\t\t\t<\/div>\n\t\t<div class=\"elementor-element elementor-element-0d4c3d2 e-con-full e-flex e-con e-child\" data-id=\"0d4c3d2\" data-element_type=\"container\" data-e-type=\"container\">\n\t\t\t\t<div class=\"elementor-element elementor-element-b7383dc elementor-widget elementor-widget-text-editor\" data-id=\"b7383dc\" data-element_type=\"widget\" data-e-type=\"widget\" data-widget_type=\"text-editor.default\">\n\t\t\t\t\t\t\t\t\t<p>Klasyk, je\u015bli kiedykolwiek istnia\u0142, mo\u017cna go znale\u017a\u0107 przez ca\u0142y rok, ale jest to sezon gwiazd.<br \/>Jest to czerstwy chleb, kt\u00f3ry moczy si\u0119 w mleku, a nast\u0119pnie sma\u017cy.<br \/>Ale w Walencji robimy to inaczej... <span style=\"color: #ff6600;\"><strong>zanurzamy je w horchacie!<\/strong><\/span><\/p>\n<p><!-- wp:list --><\/p>\n<p><img loading=\"lazy\" decoding=\"async\" class=\"aligncenter wp-image-10154\" src=\"https:\/\/upgrade.valenciaandgo.com\/wp-content\/uploads\/2026\/03\/Torrija.webp\" alt=\"\" width=\"500\" height=\"375\" srcset=\"https:\/\/upgrade.valenciaandgo.com\/wp-content\/uploads\/2026\/03\/Torrija.webp 550w, https:\/\/upgrade.valenciaandgo.com\/wp-content\/uploads\/2026\/03\/Torrija-16x12.webp 16w\" sizes=\"(max-width: 500px) 100vw, 500px\" \/><\/p>\n<p><strong>Gdzie zje\u015b\u0107 najlepsze?<\/strong><\/p>\n<ul>\n<li>\n<h3><a href=\"https:\/\/bar-restaurante-rojas-clemente.eatbu.com\/?lang=en\">Bar Rojas Clemente (z czekolad\u0105)<\/a><\/h3>\n<\/li>\n<li>\n<h3><a href=\"https:\/\/www.mercatbar.es\/\">MercatBar<\/a><\/h3>\n<\/li>\n<li>\n<h3><a href=\"https:\/\/m.canallabistro.com\/\">Canalla Bistr\u00f3 (karmelizowane tosty francuskie)<\/a><\/h3>\n<\/li>\n<li>\n<h3><a href=\"https:\/\/horchateria-daniel.es\/\">Horchater\u00eda Daniel<\/a><\/h3>\n<\/li>\n<li>\n<h3><a href=\"https:\/\/www.facebook.com\/Restaurant-Frida-178445273547\/?ref=bookmarks\">Restauracja Frida (z dulce de leche)<\/a><\/h3>\n<\/li>\n<\/ul>\n<p><!-- \/wp:list --><\/p>\t\t\t\t\t\t\t\t<\/div>\n\t\t\t\t<\/div>\n\t\t\t\t<\/div>\n\t\t<div class=\"elementor-element elementor-element-e686974 e-con-full e-flex e-con e-child\" data-id=\"e686974\" data-element_type=\"container\" data-e-type=\"container\">\n\t\t<div class=\"elementor-element elementor-element-8f4a4a0 e-con-full e-flex e-con e-child\" data-id=\"8f4a4a0\" data-element_type=\"container\" data-e-type=\"container\">\n\t\t\t\t<div class=\"elementor-element elementor-element-8eb15dc elementor-widget elementor-widget-heading\" data-id=\"8eb15dc\" data-element_type=\"widget\" data-e-type=\"widget\" data-widget_type=\"heading.default\">\n\t\t\t\t\t<h2 class=\"elementor-heading-title elementor-size-default\">Coca in llanda<\/h2>\t\t\t\t<\/div>\n\t\t\t\t<\/div>\n\t\t<div class=\"elementor-element elementor-element-04bbda0 e-con-full e-flex e-con e-child\" data-id=\"04bbda0\" data-element_type=\"container\" data-e-type=\"container\">\n\t\t\t\t<div class=\"elementor-element elementor-element-e076b0d elementor-widget elementor-widget-text-editor\" data-id=\"e076b0d\" data-element_type=\"widget\" data-e-type=\"widget\" data-widget_type=\"text-editor.default\">\n\t\t\t\t\t\t\t\t\t<p>Jest to arabskie ciasto biszkoptowe z m\u0105ki, jajek i cukru.<br \/>Bardzo typowa przek\u0105ska, kt\u00f3rej towarzyszy mistela.<\/p>\n<p><em>Coca en llanda with mistela, l'Alquer\u00eda del Pou<\/em><\/p>\n<p>R\u00f3\u017cnorodno\u015b\u0107 walenckiej gastronomii nigdy nie przestanie zaskakiwa\u0107... Istniej\u0105 przepisy na ka\u017cd\u0105 por\u0119 roku, z r\u00f3\u017cnorodnymi sk\u0142adnikami, zdrowe i na ka\u017cdy gust!<\/p>\n<p><img loading=\"lazy\" decoding=\"async\" class=\"aligncenter wp-image-10158 size-full\" src=\"https:\/\/upgrade.valenciaandgo.com\/wp-content\/uploads\/2026\/03\/Coca-en-llanda.webp\" alt=\"\" width=\"300\" height=\"300\" srcset=\"https:\/\/upgrade.valenciaandgo.com\/wp-content\/uploads\/2026\/03\/Coca-en-llanda.webp 300w, https:\/\/upgrade.valenciaandgo.com\/wp-content\/uploads\/2026\/03\/Coca-en-llanda-12x12.webp 12w\" sizes=\"(max-width: 300px) 100vw, 300px\" \/><\/p>\t\t\t\t\t\t\t\t<\/div>\n\t\t\t\t<\/div>\n\t\t\t\t<\/div>\n\t\t<div class=\"elementor-element elementor-element-af14588 e-con-full e-flex e-con e-child\" data-id=\"af14588\" data-element_type=\"container\" data-e-type=\"container\">\n\t\t<div class=\"elementor-element elementor-element-222c4c8 e-con-full e-flex e-con e-child\" data-id=\"222c4c8\" data-element_type=\"container\" data-e-type=\"container\">\n\t\t\t\t<div class=\"elementor-element elementor-element-cfef5f7 elementor-widget elementor-widget-text-editor\" data-id=\"cfef5f7\" data-element_type=\"widget\" data-e-type=\"widget\" data-widget_type=\"text-editor.default\">\n\t\t\t\t\t\t\t\t\t<h4>Chcesz pozna\u0107 ich tradycje razem z nami? Nasz zesp\u00f3\u0142 przewodnik\u00f3w to mieszka\u0144cy Walencji, kt\u00f3rzy opowiedz\u0105 Ci o niej jak nikt inny... <a href=\"https:\/\/valenciaandgo.com\/tours-valencia\/\">JOIN<\/a><\/h4>\t\t\t\t\t\t\t\t<\/div>\n\t\t\t\t<\/div>\n\t\t\t\t<\/div>\n\t\t\t\t\t<\/div>\n\t\t\t\t<\/div>\n\t\t\t\t<\/div>","protected":false},"excerpt":{"rendered":"<p>La Semana Santa en Valencia es diferente a todas las dem\u00e1s: se vive desde los barrios de pescadores por excelencia, desde El Cabanyal y Poblados Mar\u00edtimosY es que, aqu\u00ed se llama \u00bbla Semana Santa marinera\u00bb: declarada Fiesta de Inter\u00e9s Tur\u00edstico Nacional, alberga unas 80 procesiones que se celebran entre el viernes 8 de abril y [&hellip;]<\/p>\n","protected":false},"author":1,"featured_media":709,"comment_status":"closed","ping_status":"closed","sticky":false,"template":"","format":"standard","meta":{"_acf_changed":false,"footnotes":""},"categories":[22,23],"tags":[26,30,36,44],"class_list":["post-469","post","type-post","status-publish","format-standard","has-post-thumbnail","hentry","category-cultura-tradiciones","category-gastronomia","tag-barrios","tag-dulces","tag-gastronomia","tag-pescados"],"acf":[],"yoast_head":"<!-- This site is optimized with the Yoast SEO plugin v27.5 - https:\/\/yoast.com\/product\/yoast-seo-wordpress\/ -->\n<title>11 platos t\u00edpicos de Valencia en Semana Santa - Valencia&amp;Go<\/title>\n<meta name=\"description\" content=\"En Valencia siempre se come de categor\u00eda, pero durante la Semana Santa los platos son especiales. \u00bfLos conoces?\" \/>\n<meta name=\"robots\" content=\"noindex, follow, max-snippet:-1, max-image-preview:large, max-video-preview:-1\" \/>\n<meta property=\"og:locale\" content=\"pl_PL\" \/>\n<meta property=\"og:type\" content=\"article\" \/>\n<meta property=\"og:title\" content=\"11 platos t\u00edpicos de Valencia en Semana Santa - Valencia&amp;Go\" \/>\n<meta property=\"og:description\" content=\"En Valencia siempre se come de categor\u00eda, pero durante la Semana Santa los platos son especiales. \u00bfLos conoces?\" \/>\n<meta property=\"og:url\" content=\"https:\/\/upgrade.valenciaandgo.com\/pl\/11-semana-santa-valencia-dania\/\" \/>\n<meta property=\"og:site_name\" content=\"Valencia&amp;Go\" \/>\n<meta property=\"article:publisher\" content=\"https:\/\/www.facebook.com\/valenciaandgo\/\" \/>\n<meta property=\"article:published_time\" content=\"2022-04-14T14:20:00+00:00\" \/>\n<meta property=\"article:modified_time\" content=\"2026-03-16T15:39:58+00:00\" \/>\n<meta property=\"og:image\" content=\"https:\/\/upgrade.valenciaandgo.com\/wp-content\/uploads\/2025\/11\/img-blog-11-platos-tipicos-valencia.webp\" \/>\n\t<meta property=\"og:image:width\" content=\"1170\" \/>\n\t<meta property=\"og:image:height\" content=\"783\" \/>\n\t<meta property=\"og:image:type\" content=\"image\/webp\" \/>\n<meta name=\"author\" content=\"Valencia &amp; Go\" \/>\n<meta name=\"twitter:card\" content=\"summary_large_image\" \/>\n<meta name=\"twitter:label1\" content=\"Napisane przez\" \/>\n\t<meta name=\"twitter:data1\" content=\"Valencia &amp; Go\" \/>\n\t<meta name=\"twitter:label2\" content=\"Szacowany czas czytania\" \/>\n\t<meta name=\"twitter:data2\" content=\"6 minut\" \/>\n<script type=\"application\/ld+json\" class=\"yoast-schema-graph\">{\"@context\":\"https:\\\/\\\/schema.org\",\"@graph\":[{\"@type\":\"Article\",\"@id\":\"https:\\\/\\\/upgrade.valenciaandgo.com\\\/11-platos-semana-santa-valencia\\\/#article\",\"isPartOf\":{\"@id\":\"https:\\\/\\\/upgrade.valenciaandgo.com\\\/11-platos-semana-santa-valencia\\\/\"},\"author\":{\"name\":\"Valencia &amp; Go\",\"@id\":\"https:\\\/\\\/upgrade.valenciaandgo.com\\\/it\\\/#\\\/schema\\\/person\\\/ca673553802eb937b57af07a6ce74908\"},\"headline\":\"11 platos t\u00edpicos de Valencia en Semana Santa\",\"datePublished\":\"2022-04-14T14:20:00+00:00\",\"dateModified\":\"2026-03-16T15:39:58+00:00\",\"mainEntityOfPage\":{\"@id\":\"https:\\\/\\\/upgrade.valenciaandgo.com\\\/11-platos-semana-santa-valencia\\\/\"},\"wordCount\":782,\"publisher\":{\"@id\":\"https:\\\/\\\/upgrade.valenciaandgo.com\\\/it\\\/#organization\"},\"image\":{\"@id\":\"https:\\\/\\\/upgrade.valenciaandgo.com\\\/11-platos-semana-santa-valencia\\\/#primaryimage\"},\"thumbnailUrl\":\"https:\\\/\\\/upgrade.valenciaandgo.com\\\/wp-content\\\/uploads\\\/2025\\\/11\\\/img-blog-11-platos-tipicos-valencia.webp\",\"keywords\":[\"barrios\",\"dulces\",\"gastronomia\",\"pescados\"],\"articleSection\":[\"Cultura y tradiciones\",\"Gastronom\u00eda\"],\"inLanguage\":\"pl-PL\"},{\"@type\":\"WebPage\",\"@id\":\"https:\\\/\\\/upgrade.valenciaandgo.com\\\/11-platos-semana-santa-valencia\\\/\",\"url\":\"https:\\\/\\\/upgrade.valenciaandgo.com\\\/11-platos-semana-santa-valencia\\\/\",\"name\":\"11 platos t\u00edpicos de Valencia en Semana Santa - Valencia&amp;Go\",\"isPartOf\":{\"@id\":\"https:\\\/\\\/upgrade.valenciaandgo.com\\\/it\\\/#website\"},\"primaryImageOfPage\":{\"@id\":\"https:\\\/\\\/upgrade.valenciaandgo.com\\\/11-platos-semana-santa-valencia\\\/#primaryimage\"},\"image\":{\"@id\":\"https:\\\/\\\/upgrade.valenciaandgo.com\\\/11-platos-semana-santa-valencia\\\/#primaryimage\"},\"thumbnailUrl\":\"https:\\\/\\\/upgrade.valenciaandgo.com\\\/wp-content\\\/uploads\\\/2025\\\/11\\\/img-blog-11-platos-tipicos-valencia.webp\",\"datePublished\":\"2022-04-14T14:20:00+00:00\",\"dateModified\":\"2026-03-16T15:39:58+00:00\",\"description\":\"En Valencia siempre se come de categor\u00eda, pero durante la Semana Santa los platos son especiales. \u00bfLos conoces?\",\"breadcrumb\":{\"@id\":\"https:\\\/\\\/upgrade.valenciaandgo.com\\\/11-platos-semana-santa-valencia\\\/#breadcrumb\"},\"inLanguage\":\"pl-PL\",\"potentialAction\":[{\"@type\":\"ReadAction\",\"target\":[\"https:\\\/\\\/upgrade.valenciaandgo.com\\\/11-platos-semana-santa-valencia\\\/\"]}]},{\"@type\":\"ImageObject\",\"inLanguage\":\"pl-PL\",\"@id\":\"https:\\\/\\\/upgrade.valenciaandgo.com\\\/11-platos-semana-santa-valencia\\\/#primaryimage\",\"url\":\"https:\\\/\\\/upgrade.valenciaandgo.com\\\/wp-content\\\/uploads\\\/2025\\\/11\\\/img-blog-11-platos-tipicos-valencia.webp\",\"contentUrl\":\"https:\\\/\\\/upgrade.valenciaandgo.com\\\/wp-content\\\/uploads\\\/2025\\\/11\\\/img-blog-11-platos-tipicos-valencia.webp\",\"width\":1170,\"height\":783},{\"@type\":\"BreadcrumbList\",\"@id\":\"https:\\\/\\\/upgrade.valenciaandgo.com\\\/11-platos-semana-santa-valencia\\\/#breadcrumb\",\"itemListElement\":[{\"@type\":\"ListItem\",\"position\":1,\"name\":\"Portada\",\"item\":\"https:\\\/\\\/upgrade.valenciaandgo.com\\\/\"},{\"@type\":\"ListItem\",\"position\":2,\"name\":\"11 platos t\u00edpicos de Valencia en Semana Santa\"}]},{\"@type\":\"WebSite\",\"@id\":\"https:\\\/\\\/upgrade.valenciaandgo.com\\\/it\\\/#website\",\"url\":\"https:\\\/\\\/upgrade.valenciaandgo.com\\\/it\\\/\",\"name\":\"Valencia&Go\",\"description\":\"Tours por Valencia y alrededores de ciudad.\",\"publisher\":{\"@id\":\"https:\\\/\\\/upgrade.valenciaandgo.com\\\/it\\\/#organization\"},\"potentialAction\":[{\"@type\":\"SearchAction\",\"target\":{\"@type\":\"EntryPoint\",\"urlTemplate\":\"https:\\\/\\\/upgrade.valenciaandgo.com\\\/it\\\/?s={search_term_string}\"},\"query-input\":{\"@type\":\"PropertyValueSpecification\",\"valueRequired\":true,\"valueName\":\"search_term_string\"}}],\"inLanguage\":\"pl-PL\"},{\"@type\":\"Organization\",\"@id\":\"https:\\\/\\\/upgrade.valenciaandgo.com\\\/it\\\/#organization\",\"name\":\"Valencia&Go\",\"url\":\"https:\\\/\\\/upgrade.valenciaandgo.com\\\/it\\\/\",\"logo\":{\"@type\":\"ImageObject\",\"inLanguage\":\"pl-PL\",\"@id\":\"https:\\\/\\\/upgrade.valenciaandgo.com\\\/it\\\/#\\\/schema\\\/logo\\\/image\\\/\",\"url\":\"https:\\\/\\\/upgrade.valenciaandgo.com\\\/wp-content\\\/uploads\\\/2025\\\/10\\\/valencia_go-svg-blnc-iso-naranja.svg\",\"contentUrl\":\"https:\\\/\\\/upgrade.valenciaandgo.com\\\/wp-content\\\/uploads\\\/2025\\\/10\\\/valencia_go-svg-blnc-iso-naranja.svg\",\"width\":434,\"height\":102,\"caption\":\"Valencia&Go\"},\"image\":{\"@id\":\"https:\\\/\\\/upgrade.valenciaandgo.com\\\/it\\\/#\\\/schema\\\/logo\\\/image\\\/\"},\"sameAs\":[\"https:\\\/\\\/www.facebook.com\\\/valenciaandgo\\\/\",\"https:\\\/\\\/www.instagram.com\\\/valenciaandgo\",\"https:\\\/\\\/www.linkedin.com\\\/company\\\/valencia-go\\\/\",\"https:\\\/\\\/www.tiktok.com\\\/@valenciaandgo\"]},{\"@type\":\"Person\",\"@id\":\"https:\\\/\\\/upgrade.valenciaandgo.com\\\/it\\\/#\\\/schema\\\/person\\\/ca673553802eb937b57af07a6ce74908\",\"name\":\"Valencia &amp; Go\",\"sameAs\":[\"https:\\\/\\\/valenciaandgo.com\"],\"url\":\"https:\\\/\\\/upgrade.valenciaandgo.com\\\/pl\\\/author\\\/valencia\\\/\"}]}<\/script>\n<!-- \/ Yoast SEO plugin. -->","yoast_head_json":{"title":"11 typowych da\u0144 Walencji podczas Tygodnia Wielkanocnego - Valencia&amp;Go","description":"Walencja to zawsze \u015bwietne miejsce do jedzenia, ale w Wielkim Tygodniu potrawy s\u0105 wyj\u0105tkowe. Znasz je?","robots":{"index":"noindex","follow":"follow","max-snippet":"max-snippet:-1","max-image-preview":"max-image-preview:large","max-video-preview":"max-video-preview:-1"},"og_locale":"pl_PL","og_type":"article","og_title":"11 platos t\u00edpicos de Valencia en Semana Santa - Valencia&amp;Go","og_description":"En Valencia siempre se come de categor\u00eda, pero durante la Semana Santa los platos son especiales. \u00bfLos conoces?","og_url":"https:\/\/upgrade.valenciaandgo.com\/pl\/11-semana-santa-valencia-dania\/","og_site_name":"Valencia&amp;Go","article_publisher":"https:\/\/www.facebook.com\/valenciaandgo\/","article_published_time":"2022-04-14T14:20:00+00:00","article_modified_time":"2026-03-16T15:39:58+00:00","og_image":[{"width":1170,"height":783,"url":"https:\/\/upgrade.valenciaandgo.com\/wp-content\/uploads\/2025\/11\/img-blog-11-platos-tipicos-valencia.webp","type":"image\/webp"}],"author":"Valencia &amp; Go","twitter_card":"summary_large_image","twitter_misc":{"Napisane przez":"Valencia &amp; Go","Szacowany czas czytania":"6 minut"},"schema":{"@context":"https:\/\/schema.org","@graph":[{"@type":"Article","@id":"https:\/\/upgrade.valenciaandgo.com\/11-platos-semana-santa-valencia\/#article","isPartOf":{"@id":"https:\/\/upgrade.valenciaandgo.com\/11-platos-semana-santa-valencia\/"},"author":{"name":"Valencia &amp; Go","@id":"https:\/\/upgrade.valenciaandgo.com\/it\/#\/schema\/person\/ca673553802eb937b57af07a6ce74908"},"headline":"11 platos t\u00edpicos de Valencia en Semana Santa","datePublished":"2022-04-14T14:20:00+00:00","dateModified":"2026-03-16T15:39:58+00:00","mainEntityOfPage":{"@id":"https:\/\/upgrade.valenciaandgo.com\/11-platos-semana-santa-valencia\/"},"wordCount":782,"publisher":{"@id":"https:\/\/upgrade.valenciaandgo.com\/it\/#organization"},"image":{"@id":"https:\/\/upgrade.valenciaandgo.com\/11-platos-semana-santa-valencia\/#primaryimage"},"thumbnailUrl":"https:\/\/upgrade.valenciaandgo.com\/wp-content\/uploads\/2025\/11\/img-blog-11-platos-tipicos-valencia.webp","keywords":["barrios","dulces","gastronomia","pescados"],"articleSection":["Cultura y tradiciones","Gastronom\u00eda"],"inLanguage":"pl-PL"},{"@type":"WebPage","@id":"https:\/\/upgrade.valenciaandgo.com\/11-platos-semana-santa-valencia\/","url":"https:\/\/upgrade.valenciaandgo.com\/11-platos-semana-santa-valencia\/","name":"11 typowych da\u0144 Walencji podczas Tygodnia Wielkanocnego - Valencia&amp;Go","isPartOf":{"@id":"https:\/\/upgrade.valenciaandgo.com\/it\/#website"},"primaryImageOfPage":{"@id":"https:\/\/upgrade.valenciaandgo.com\/11-platos-semana-santa-valencia\/#primaryimage"},"image":{"@id":"https:\/\/upgrade.valenciaandgo.com\/11-platos-semana-santa-valencia\/#primaryimage"},"thumbnailUrl":"https:\/\/upgrade.valenciaandgo.com\/wp-content\/uploads\/2025\/11\/img-blog-11-platos-tipicos-valencia.webp","datePublished":"2022-04-14T14:20:00+00:00","dateModified":"2026-03-16T15:39:58+00:00","description":"Walencja to zawsze \u015bwietne miejsce do jedzenia, ale w Wielkim Tygodniu potrawy s\u0105 wyj\u0105tkowe. Znasz je?","breadcrumb":{"@id":"https:\/\/upgrade.valenciaandgo.com\/11-platos-semana-santa-valencia\/#breadcrumb"},"inLanguage":"pl-PL","potentialAction":[{"@type":"ReadAction","target":["https:\/\/upgrade.valenciaandgo.com\/11-platos-semana-santa-valencia\/"]}]},{"@type":"ImageObject","inLanguage":"pl-PL","@id":"https:\/\/upgrade.valenciaandgo.com\/11-platos-semana-santa-valencia\/#primaryimage","url":"https:\/\/upgrade.valenciaandgo.com\/wp-content\/uploads\/2025\/11\/img-blog-11-platos-tipicos-valencia.webp","contentUrl":"https:\/\/upgrade.valenciaandgo.com\/wp-content\/uploads\/2025\/11\/img-blog-11-platos-tipicos-valencia.webp","width":1170,"height":783},{"@type":"BreadcrumbList","@id":"https:\/\/upgrade.valenciaandgo.com\/11-platos-semana-santa-valencia\/#breadcrumb","itemListElement":[{"@type":"ListItem","position":1,"name":"Portada","item":"https:\/\/upgrade.valenciaandgo.com\/"},{"@type":"ListItem","position":2,"name":"11 platos t\u00edpicos de Valencia en Semana Santa"}]},{"@type":"WebSite","@id":"https:\/\/upgrade.valenciaandgo.com\/it\/#website","url":"https:\/\/upgrade.valenciaandgo.com\/it\/","name":"Valencia&amp;Go","description":"Wycieczki po Walencji i okolicach.","publisher":{"@id":"https:\/\/upgrade.valenciaandgo.com\/it\/#organization"},"potentialAction":[{"@type":"SearchAction","target":{"@type":"EntryPoint","urlTemplate":"https:\/\/upgrade.valenciaandgo.com\/it\/?s={search_term_string}"},"query-input":{"@type":"PropertyValueSpecification","valueRequired":true,"valueName":"search_term_string"}}],"inLanguage":"pl-PL"},{"@type":"Organization","@id":"https:\/\/upgrade.valenciaandgo.com\/it\/#organization","name":"Valencia&amp;Go","url":"https:\/\/upgrade.valenciaandgo.com\/it\/","logo":{"@type":"ImageObject","inLanguage":"pl-PL","@id":"https:\/\/upgrade.valenciaandgo.com\/it\/#\/schema\/logo\/image\/","url":"https:\/\/upgrade.valenciaandgo.com\/wp-content\/uploads\/2025\/10\/valencia_go-svg-blnc-iso-naranja.svg","contentUrl":"https:\/\/upgrade.valenciaandgo.com\/wp-content\/uploads\/2025\/10\/valencia_go-svg-blnc-iso-naranja.svg","width":434,"height":102,"caption":"Valencia&Go"},"image":{"@id":"https:\/\/upgrade.valenciaandgo.com\/it\/#\/schema\/logo\/image\/"},"sameAs":["https:\/\/www.facebook.com\/valenciaandgo\/","https:\/\/www.instagram.com\/valenciaandgo","https:\/\/www.linkedin.com\/company\/valencia-go\/","https:\/\/www.tiktok.com\/@valenciaandgo"]},{"@type":"Person","@id":"https:\/\/upgrade.valenciaandgo.com\/it\/#\/schema\/person\/ca673553802eb937b57af07a6ce74908","name":"Valencia &amp; Go","sameAs":["https:\/\/valenciaandgo.com"],"url":"https:\/\/upgrade.valenciaandgo.com\/pl\/author\/valencia\/"}]}},"_links":{"self":[{"href":"https:\/\/upgrade.valenciaandgo.com\/pl\/wp-json\/wp\/v2\/posts\/469","targetHints":{"allow":["GET"]}}],"collection":[{"href":"https:\/\/upgrade.valenciaandgo.com\/pl\/wp-json\/wp\/v2\/posts"}],"about":[{"href":"https:\/\/upgrade.valenciaandgo.com\/pl\/wp-json\/wp\/v2\/types\/post"}],"author":[{"embeddable":true,"href":"https:\/\/upgrade.valenciaandgo.com\/pl\/wp-json\/wp\/v2\/users\/1"}],"replies":[{"embeddable":true,"href":"https:\/\/upgrade.valenciaandgo.com\/pl\/wp-json\/wp\/v2\/comments?post=469"}],"version-history":[{"count":0,"href":"https:\/\/upgrade.valenciaandgo.com\/pl\/wp-json\/wp\/v2\/posts\/469\/revisions"}],"wp:featuredmedia":[{"embeddable":true,"href":"https:\/\/upgrade.valenciaandgo.com\/pl\/wp-json\/wp\/v2\/media\/709"}],"wp:attachment":[{"href":"https:\/\/upgrade.valenciaandgo.com\/pl\/wp-json\/wp\/v2\/media?parent=469"}],"wp:term":[{"taxonomy":"category","embeddable":true,"href":"https:\/\/upgrade.valenciaandgo.com\/pl\/wp-json\/wp\/v2\/categories?post=469"},{"taxonomy":"post_tag","embeddable":true,"href":"https:\/\/upgrade.valenciaandgo.com\/pl\/wp-json\/wp\/v2\/tags?post=469"}],"curies":[{"name":"wp","href":"https:\/\/api.w.org\/{rel}","templated":true}]}}