{"id":460,"date":"2022-04-07T10:19:00","date_gmt":"2022-04-07T10:19:00","guid":{"rendered":"https:\/\/new.valenciaandgo.com\/?p=460"},"modified":"2026-03-16T15:44:06","modified_gmt":"2026-03-16T15:44:06","slug":"paella","status":"publish","type":"post","link":"https:\/\/upgrade.valenciaandgo.com\/pl\/paella\/","title":{"rendered":"Autentyczna paella z Walencji"},"content":{"rendered":"<div data-elementor-type=\"wp-post\" data-elementor-id=\"460\" class=\"elementor elementor-460\" data-elementor-post-type=\"post\">\n\t\t\t\t<div class=\"elementor-element elementor-element-7f234b0a e-flex e-con-boxed e-con e-parent\" data-id=\"7f234b0a\" data-element_type=\"container\" data-e-type=\"container\">\n\t\t\t\t\t<div class=\"e-con-inner\">\n\t\t<div class=\"elementor-element elementor-element-75147ff1 e-con-full e-flex e-con e-child\" data-id=\"75147ff1\" data-element_type=\"container\" data-e-type=\"container\">\n\t\t\t\t<div class=\"elementor-element elementor-element-111c59c7 elementor-widget elementor-widget-text-editor\" data-id=\"111c59c7\" data-element_type=\"widget\" data-e-type=\"widget\" data-widget_type=\"text-editor.default\">\n\t\t\t\t\t\t\t\t\t\n<p>Ry\u017c zawsze by\u0142 znanym na ca\u0142ym \u015bwiecie przysmakiem, poniewa\u017c jest najbardziej znanym zbo\u017cem ze wzgl\u0119du na swoje w\u0142a\u015bciwo\u015bci od\u017cywcze i d\u0142ug\u0105 histori\u0119.<\/p>\n\t\t\t\t\t\t\t\t<\/div>\n\t\t\t\t<\/div>\n\t\t<div class=\"elementor-element elementor-element-3ed26b70 e-con-full e-flex e-con e-child\" data-id=\"3ed26b70\" data-element_type=\"container\" data-e-type=\"container\">\n\t\t<div class=\"elementor-element elementor-element-269a8d81 e-con-full e-flex e-con e-child\" data-id=\"269a8d81\" data-element_type=\"container\" data-e-type=\"container\">\n\t\t\t\t<div class=\"elementor-element elementor-element-13d6422a elementor-widget elementor-widget-heading\" data-id=\"13d6422a\" data-element_type=\"widget\" data-e-type=\"widget\" data-widget_type=\"heading.default\">\n\t\t\t\t\t<h2 class=\"elementor-heading-title elementor-size-default\">Od ry\u017cu do paelli. Od Afryki po Walencj\u0119.<\/h2>\t\t\t\t<\/div>\n\t\t\t\t<\/div>\n\t\t<div class=\"elementor-element elementor-element-451a10a8 e-con-full e-flex e-con e-child\" data-id=\"451a10a8\" data-element_type=\"container\" data-e-type=\"container\">\n\t\t\t\t<div class=\"elementor-element elementor-element-5a03d1d6 elementor-widget elementor-widget-text-editor\" data-id=\"5a03d1d6\" data-element_type=\"widget\" data-e-type=\"widget\" data-widget_type=\"text-editor.default\">\n\t\t\t\t\t\t\t\t\t<p>Ale cofaj\u0105c si\u0119 w czasie, jak trafi\u0142e\u015b do Walencji?<\/p>\n<p><!-- \/wp:paragraph --><!-- wp:paragraph --><\/p>\n<p>Zosta\u0142 on wniesiony przez <strong>nieu\u017cytki<\/strong>, Mieszka\u0144cy Afryki P\u00f3\u0142nocnej przybyli do Hiszpanii w czasach<strong> 8 wiek.<\/strong><\/p>\n<p><!-- \/wp:paragraph --><!-- wp:paragraph --><\/p>\n<p>Jednak dopiero w okresie muzu\u0142ma\u0144skim zyska\u0142a ona na znaczeniu.<\/p>\n<p><!-- \/wp:paragraph --><!-- wp:paragraph --><\/p>\n<p>The <strong>Arabowie<\/strong> byli ju\u017c ekspertami w jego uprawie i dostrzegli w regionie Walencji ogromny potencja\u0142 do jego produkcji: stworzyli pierwsze systemy uprawy i nawadniania w ca\u0142ej Walencji i okolicach.<\/p>\n<p><!-- \/wp:paragraph --><!-- wp:paragraph --><\/p>\n<p>Ale podczas chrze\u015bcija\u0144skiej rekonkwisty, <strong>Jaume I<\/strong> Zdecydowano si\u0119 ograniczy\u0107 te obszary upraw tylko do Albufery, poniewa\u017c w przesz\u0142o\u015bci odbywa\u0142o si\u0119 to przy u\u017cyciu stoj\u0105cej wody, kt\u00f3ra pozostawia\u0142a miasto w bardzo z\u0142ych warunkach sanitarnych.<\/p>\n<p><!-- \/wp:paragraph --><!-- wp:paragraph --><\/p>\n<p><!-- \/wp:paragraph --><!-- wp:paragraph --><\/p>\n<p><strong>W tym momencie rozpocz\u0119\u0142a si\u0119 wielka produkcja w Albufera.<\/strong><\/p>\n<p><!-- \/wp:paragraph --><!-- wp:paragraph --><\/p>\n<p><strong>Paella<\/strong> powsta\u0142 wtedy, w<strong> obszary wiejskie Walencji i okolic w XV i XVI wieku.<\/strong> \u00d3wcze\u015bni ch\u0142opi u\u017cywali ry\u017cu, warzyw i lokalnych zwierz\u0105t, aby przygotowa\u0107 prosty i szybki posi\u0142ek.<\/p>\n<p><!-- \/wp:paragraph --><!-- wp:paragraph --><\/p>\n<p>Zawsze <strong>odby\u0142o si\u0119 po po\u0142udniu,<\/strong> pod koniec dnia pracy: miejscowi przy\u0142\u0105czyli si\u0119 do gotowania ry\u017cu z produkt\u00f3w, kt\u00f3re dostarcza\u0142a im wie\u015b, a do rozpalenia ognia u\u017cywali ga\u0142\u0119zi drzew pomara\u0144czowych. Ga\u0142\u0119zie te nadawa\u0142y ry\u017cowi wyj\u0105tkowy aromat i smak.<\/p>\n<p><!-- \/wp:paragraph --><!-- wp:paragraph --><\/p>\n<p>Jak to by\u0142o typowe dla tego obszaru, w wodzie tej \u00bblaguny\u00bb z otworem do morza znale\u017ali\u015bmy <strong>w\u0119gorze i szczury na bagnach.<\/strong><\/p>\n<p><!-- \/wp:paragraph --><!-- wp:paragraph --><\/p>\n<p>Tak wi\u0119c przepis ten zacz\u0105\u0142 by\u0107 gotowany g\u0142\u00f3wnie z tych zwierz\u0105t, kt\u00f3re by\u0142y uwa\u017cane za przysmak, smaczne i o wspania\u0142ych w\u0142a\u015bciwo\u015bciach.<\/p>\t\t\t\t\t\t\t\t<\/div>\n\t\t\t\t<\/div>\n\t\t\t\t<\/div>\n\t\t<div class=\"elementor-element elementor-element-3db4d44 e-con-full e-flex e-con e-child\" data-id=\"3db4d44\" data-element_type=\"container\" data-e-type=\"container\">\n\t\t<div class=\"elementor-element elementor-element-8b32775 e-con-full e-flex e-con e-child\" data-id=\"8b32775\" data-element_type=\"container\" data-e-type=\"container\">\n\t\t\t\t<div class=\"elementor-element elementor-element-cc9bc0f elementor-widget elementor-widget-heading\" data-id=\"cc9bc0f\" data-element_type=\"widget\" data-e-type=\"widget\" data-widget_type=\"heading.default\">\n\t\t\t\t\t<h2 class=\"elementor-heading-title elementor-size-default\">Pierwsze sk\u0142adniki paelli<\/h2>\t\t\t\t<\/div>\n\t\t\t\t<\/div>\n\t\t<div class=\"elementor-element elementor-element-e821235 e-con-full e-flex e-con e-child\" data-id=\"e821235\" data-element_type=\"container\" data-e-type=\"container\">\n\t\t\t\t<div class=\"elementor-element elementor-element-b1fa292 elementor-widget elementor-widget-text-editor\" data-id=\"b1fa292\" data-element_type=\"widget\" data-e-type=\"widget\" data-widget_type=\"text-editor.default\">\n\t\t\t\t\t\t\t\t\t<p>Kluczowe sk\u0142adniki, kt\u00f3re zosta\u0142y dodane na przestrzeni lat, obejmuj\u0105:<\/p>\n<p><!-- \/wp:paragraph --><!-- wp:paragraph --><\/p>\n<p>- Dr\u00f3b, zaj\u0105c lub kr\u00f3lik, w\u0119gorz, chorizo, chude mi\u0119so, \u015bwie\u017ce warzywa, takie jak papryka lub fasola, szafran, woda i ry\u017c (p\u00f3\u017aniej dodawali\u015bmy pomidory, aby zrobi\u0107 dobre sofrito, czosnek i oliw\u0119 z oliwek).<\/p>\n<p><!-- \/wp:paragraph --><!-- wp:paragraph --><\/p>\n<p><strong>Mi\u0119dzy 1850 a 1950 rokiem znajdujemy pierwsze manuskrypty z przepisami na paell\u0119 bardziej podobnymi do dzisiejszych.<\/strong><\/p>\n<p><!-- \/wp:paragraph --><!-- wp:paragraph --><\/p>\n<p>Chocia\u017c dopiero po<strong> Hiszpa\u0144ska wojna domowa<\/strong>, kiedy w okresie powojennym i przy istniej\u0105cej biedzie rodziny zdecydowa\u0142y si\u0119 na<strong> zmieni\u0107 sk\u0142adniki<\/strong> takich jak w\u0119gorz, kr\u00f3lik czy chorizo, na kurczaka i warzywa. Znacznie bardziej przyst\u0119pne w tamtych czasach.<\/p>\n<p><img fetchpriority=\"high\" decoding=\"async\" class=\"aligncenter wp-image-10166\" src=\"https:\/\/upgrade.valenciaandgo.com\/wp-content\/uploads\/2026\/03\/Primeras-paellas.webp\" alt=\"\" width=\"500\" height=\"333\" srcset=\"https:\/\/upgrade.valenciaandgo.com\/wp-content\/uploads\/2026\/03\/Primeras-paellas.webp 675w, https:\/\/upgrade.valenciaandgo.com\/wp-content\/uploads\/2026\/03\/Primeras-paellas-18x12.webp 18w\" sizes=\"(max-width: 500px) 100vw, 500px\" \/><\/p>\n<p><!-- \/wp:paragraph --><\/p>\t\t\t\t\t\t\t\t<\/div>\n\t\t\t\t<\/div>\n\t\t\t\t<\/div>\n\t\t<div class=\"elementor-element elementor-element-7b93a2f e-con-full e-flex e-con e-child\" data-id=\"7b93a2f\" data-element_type=\"container\" data-e-type=\"container\">\n\t\t<div class=\"elementor-element elementor-element-38020f4 e-con-full e-flex e-con e-child\" data-id=\"38020f4\" data-element_type=\"container\" data-e-type=\"container\">\n\t\t\t\t<div class=\"elementor-element elementor-element-ff78f97 elementor-widget elementor-widget-heading\" data-id=\"ff78f97\" data-element_type=\"widget\" data-e-type=\"widget\" data-widget_type=\"heading.default\">\n\t\t\t\t\t<h2 class=\"elementor-heading-title elementor-size-default\">Interpretacja paelli<\/h2>\t\t\t\t<\/div>\n\t\t\t\t<\/div>\n\t\t<div class=\"elementor-element elementor-element-9c7eb2b e-con-full e-flex e-con e-child\" data-id=\"9c7eb2b\" data-element_type=\"container\" data-e-type=\"container\">\n\t\t\t\t<div class=\"elementor-element elementor-element-0010a4c elementor-widget elementor-widget-text-editor\" data-id=\"0010a4c\" data-element_type=\"widget\" data-e-type=\"widget\" data-widget_type=\"text-editor.default\">\n\t\t\t\t\t\t\t\t\t<p>To bogate, od\u017cywcze, kameleonowate i wyj\u0105tkowe danie <strong>przeszed\u0142 wiele modyfikacji i interpretacji.<\/strong> I zawsze by\u0142 to <strong>p\u0142yta konferencyjna<\/strong>, dzielenia si\u0119. Idealna wym\u00f3wka, aby zebra\u0107 rodzin\u0119 i przyjaci\u00f3\u0142, usi\u0105\u015b\u0107 wok\u00f3\u0142 paelli i zje\u015b\u0107 j\u0105 razem.<\/p>\n<p><!-- \/wp:paragraph --><!-- wp:paragraph --><\/p>\n<p>Kultura ry\u017cu istnieje nie tylko w prowincji Walencja, ale w ca\u0142ej Wsp\u00f3lnocie Walenckiej.<\/p>\n<p><!-- \/wp:paragraph --><!-- wp:paragraph --><\/p>\n<p>Przy <strong>Alicante<\/strong> Na przyk\u0142ad zwykle zachowuj\u0105 papryk\u0119, kt\u00f3rej u\u017cywali w przesz\u0142o\u015bci, a nawet dodaj\u0105 ciecierzyc\u0119.<\/p>\n<p><!-- \/wp:paragraph --><!-- wp:paragraph --><\/p>\n<p><strong>W Castell\u00f3n <\/strong>Dodaje si\u0119 r\u00f3wnie\u017c \u017ceberka wieprzowe i groszek \u015bnie\u017cny.<\/p>\n<p><!-- \/wp:paragraph --><!-- wp:paragraph --><\/p>\n<p>W innych obszarach Walencji, takich jak <strong>la Safor<\/strong> typowe jest umieszczanie \u00bbpilota\u00bb lub klopsik\u00f3w z papryk\u0105, a w<strong> Benicarl\u00f3<\/strong> kt\u00f3ry jest szczytem karczoch\u00f3w, s\u0105 one zawsze dodawane o w\u0142a\u015bciwej porze roku.<\/p>\n<p><!-- \/wp:paragraph --><!-- wp:paragraph --><\/p>\n<p>W obszarze<strong> Gand\u00eda <\/strong>Na przyk\u0142ad u\u017cywaj\u0105 tego samego pojemnika do gotowania, ale wk\u0142adaj\u0105 do niego makaron i nazywa si\u0119 to<strong> \u00bbFideu\u00e0:<\/strong> powsta\u0142y w wyniku braku ry\u017cu w XX wieku. Najbardziej charakterystyczne s\u0105 ryby: langusty, krewetki, m\u0105twy, \u017cabnice i ros\u00f3\u0142.<\/p>\n<p><!-- \/wp:paragraph --><!-- wp:paragraph --><\/p>\n<p>Tak wi\u0119c, chocia\u017c m\u00f3wi si\u0119 nam, \u017ce istnieje tylko paella walencka, istnieje wiele odmian paelli, chocia\u017c paella walencka, jak wszyscy wiemy, to ta z kurczakiem, kr\u00f3likiem, fasol\u0105, \u015blimakami i karczochami, je\u015bli s\u0105 w sezonie.<\/p>\t\t\t\t\t\t\t\t<\/div>\n\t\t\t\t<\/div>\n\t\t\t\t<\/div>\n\t\t<div class=\"elementor-element elementor-element-6d38e89 e-con-full e-flex e-con e-child\" data-id=\"6d38e89\" data-element_type=\"container\" data-e-type=\"container\">\n\t\t<div class=\"elementor-element elementor-element-d3bc138 e-con-full e-flex e-con e-child\" data-id=\"d3bc138\" data-element_type=\"container\" data-e-type=\"container\">\n\t\t\t\t<div class=\"elementor-element elementor-element-08c3816 elementor-widget elementor-widget-heading\" data-id=\"08c3816\" data-element_type=\"widget\" data-e-type=\"widget\" data-widget_type=\"heading.default\">\n\t\t\t\t\t<h2 class=\"elementor-heading-title elementor-size-default\">Wskaz\u00f3wki dotycz\u0105ce idealnego przygotowania<\/h2>\t\t\t\t<\/div>\n\t\t\t\t<\/div>\n\t\t<div class=\"elementor-element elementor-element-675d757 e-con-full e-flex e-con e-child\" data-id=\"675d757\" data-element_type=\"container\" data-e-type=\"container\">\n\t\t\t\t<div class=\"elementor-element elementor-element-00f7b2d elementor-widget elementor-widget-text-editor\" data-id=\"00f7b2d\" data-element_type=\"widget\" data-e-type=\"widget\" data-widget_type=\"text-editor.default\">\n\t\t\t\t\t\t\t\t\t<p>Ale tak naprawd\u0119 pozostaje nam tylko to, <strong>jest przygotowywany ze sk\u0142adnik\u00f3w, kt\u00f3re daje nam ziemia i zgodnie z por\u0105 roku.<\/strong> Dzi\u0119ki temu wszystko jest \u015bwie\u017ce i wysokiej jako\u015bci.<\/p>\n<p><!-- \/wp:paragraph --><!-- wp:paragraph --><\/p>\n<p>W dzisiejszych czasach paella sta\u0142a si\u0119 sztuk\u0105. Ze specjaln\u0105 technik\u0105 i po\u015bwi\u0119ceniem, kt\u00f3rego nie mo\u017ce mie\u0107 ka\u017cdy.<\/p>\n<p><!-- \/wp:paragraph --><!-- wp:paragraph --><\/p>\n<p>Rzecz w tym, \u017ce trzeba go du\u017co psu\u0107, kontrolowa\u0107 czas i wybiera\u0107 sezonowe sk\u0142adniki.<\/p>\n<p><!-- \/wp:paragraph --><!-- wp:paragraph --><\/p>\n<p>U\u0142\u00f3\u017c cienk\u0105, cienk\u0105 warstw\u0119 ry\u017cu, dobrze usma\u017c mi\u0119so lub krewetki, aby ca\u0142y smak pozosta\u0142 w paelli wraz z olejem.<\/p>\n<p><!-- \/wp:paragraph --><!-- wp:paragraph --><\/p>\n<p>Usun\u0105\u0107 g\u0142\u00f3wne sk\u0142adniki i doda\u0107, w przypadku paelli walenckiej, warzywa. A w przypadku paelli z owocami morza, m\u0105twy lub o\u015bmiornice...<\/p>\t\t\t\t\t\t\t\t<\/div>\n\t\t\t\t<\/div>\n\t\t\t\t<\/div>\n\t\t<div class=\"elementor-element elementor-element-e16cfb5 e-con-full e-flex e-con e-child\" data-id=\"e16cfb5\" data-element_type=\"container\" data-e-type=\"container\">\n\t\t<div class=\"elementor-element elementor-element-26c1f56 e-con-full e-flex e-con e-child\" data-id=\"26c1f56\" data-element_type=\"container\" data-e-type=\"container\">\n\t\t\t\t<div class=\"elementor-element elementor-element-f496c46 elementor-widget elementor-widget-heading\" data-id=\"f496c46\" data-element_type=\"widget\" data-e-type=\"widget\" data-widget_type=\"heading.default\">\n\t\t\t\t\t<h2 class=\"elementor-heading-title elementor-size-default\">Najwa\u017cniejsze jest, aby smaki by\u0142y zintegrowane, a ry\u017c zrumieni\u0142 si\u0119 wraz ze sk\u0142adnikami, wch\u0142aniaj\u0105c ca\u0142y ich aromat.<\/h2>\t\t\t\t<\/div>\n\t\t\t\t<\/div>\n\t\t<div class=\"elementor-element elementor-element-6ae28d7 e-con-full e-flex e-con e-child\" data-id=\"6ae28d7\" data-element_type=\"container\" data-e-type=\"container\">\n\t\t\t\t<div class=\"elementor-element elementor-element-d143669 elementor-widget elementor-widget-text-editor\" data-id=\"d143669\" data-element_type=\"widget\" data-e-type=\"widget\" data-widget_type=\"text-editor.default\">\n\t\t\t\t\t\t\t\t\t<p>Gdy ry\u017c si\u0119 zrumieni, dodaj bulion rybny lub wod\u0119 do paelli z Walencji i pozw\u00f3l mu si\u0119 zredukowa\u0107 na \u015brednim ogniu.<\/p>\n<p><!-- \/wp:paragraph --><!-- wp:paragraph --><\/p>\n<p>Pod koniec potrawy doda\u0107 rozmaryn lub krewetki (w zale\u017cno\u015bci od tego, czy jest to mi\u0119so czy ryba).<\/p>\n<p><!-- \/wp:paragraph --><!-- wp:paragraph --><\/p>\n<p>Istnieje Wikipedia stworzona specjalnie w celu om\u00f3wienia tego dania uznanego za niematerialne dobro kulturowe: Wikipaella.<\/p>\n<p><!-- \/wp:paragraph --><!-- wp:paragraph --><\/p>\n<p>Wikipaella, stowarzyszenie wyr\u00f3\u017cniaj\u0105ce restauracje, kt\u00f3re przygotowuj\u0105 autentyczn\u0105 paell\u0119 z Walencji.<\/p>\n<p><em>Jak powiedzia\u0142 Paco Alonso, jeden z jej tw\u00f3rc\u00f3w: ry\u017c musi by\u0107 \u201csuchy, ca\u0142y, soczysty i smaczny\u201d.<\/em><\/p>\t\t\t\t\t\t\t\t<\/div>\n\t\t\t\t<\/div>\n\t\t\t\t<\/div>\n\t\t<div class=\"elementor-element elementor-element-16f7e7d e-con-full e-flex e-con e-child\" data-id=\"16f7e7d\" data-element_type=\"container\" data-e-type=\"container\">\n\t\t<div class=\"elementor-element elementor-element-3545997 e-con-full e-flex e-con e-child\" data-id=\"3545997\" data-element_type=\"container\" data-e-type=\"container\">\n\t\t\t\t<div class=\"elementor-element elementor-element-eba75f9 elementor-widget elementor-widget-heading\" data-id=\"eba75f9\" data-element_type=\"widget\" data-e-type=\"widget\" data-widget_type=\"heading.default\">\n\t\t\t\t\t<h2 class=\"elementor-heading-title elementor-size-default\">Legenda g\u0142osi...<\/h2>\t\t\t\t<\/div>\n\t\t\t\t<\/div>\n\t\t<div class=\"elementor-element elementor-element-b4ca02d e-con-full e-flex e-con e-child\" data-id=\"b4ca02d\" data-element_type=\"container\" data-e-type=\"container\">\n\t\t\t\t<div class=\"elementor-element elementor-element-2cda5ee elementor-widget elementor-widget-text-editor\" data-id=\"2cda5ee\" data-element_type=\"widget\" data-e-type=\"widget\" data-widget_type=\"text-editor.default\">\n\t\t\t\t\t\t\t\t\t<p>Na koniec opowiemy, jak powstaje paella<strong> przekroczy\u0142 granice <\/strong>y<strong> uda\u0142o si\u0119 da\u0107 wolno\u015b\u0107 tym, kt\u00f3rzy najbardziej jej potrzebowali...<\/strong><\/p>\n<p><!-- \/wp:paragraph --><!-- wp:paragraph --><\/p>\n<p>M\u00f3wi\u0105, \u017ce sta\u0142o si\u0119 to w <strong>Wojna o niepodleg\u0142o\u015b\u0107.<\/strong> Pewien francuski genera\u0142 by\u0142 ca\u0142kowicie zakochany w paelli, wi\u0119c zawar\u0142 uk\u0142ad z kobiet\u0105: za ka\u017cdy inny talerz paelli, kt\u00f3ry kobieta mu przynios\u0142a, uwolni wi\u0119\u017ania.<\/p>\n<p><!-- \/wp:paragraph --><!-- wp:paragraph --><\/p>\n<p>Kobieta zabra\u0142a si\u0119 wi\u0119c do pracy i ka\u017cdego dnia przygotowywa\u0142a dla niego inny przepis na paell\u0119, puszczaj\u0105c wodze fantazji. M\u00f3wi si\u0119, \u017ce uda\u0142o jej si\u0119 <strong>uwolni\u0107 oko\u0142o 176 wi\u0119\u017ani\u00f3w.<\/strong><\/p>\t\t\t\t\t\t\t\t<\/div>\n\t\t\t\t<\/div>\n\t\t\t\t<\/div>\n\t\t<div class=\"elementor-element elementor-element-bfed649 e-con-full e-flex e-con e-child\" data-id=\"bfed649\" data-element_type=\"container\" data-e-type=\"container\">\n\t\t<div class=\"elementor-element elementor-element-be81588 e-con-full e-flex e-con e-child\" data-id=\"be81588\" data-element_type=\"container\" data-e-type=\"container\">\n\t\t\t\t<div class=\"elementor-element elementor-element-569548a elementor-widget elementor-widget-heading\" data-id=\"569548a\" data-element_type=\"widget\" data-e-type=\"widget\" data-widget_type=\"heading.default\">\n\t\t\t\t\t<h2 class=\"elementor-heading-title elementor-size-default\">Ciekawostki na temat paelli<\/h2>\t\t\t\t<\/div>\n\t\t\t\t<\/div>\n\t\t<div class=\"elementor-element elementor-element-1898f1e e-con-full e-flex e-con e-child\" data-id=\"1898f1e\" data-element_type=\"container\" data-e-type=\"container\">\n\t\t\t\t<div class=\"elementor-element elementor-element-4929f20 elementor-widget elementor-widget-text-editor\" data-id=\"4929f20\" data-element_type=\"widget\" data-e-type=\"widget\" data-widget_type=\"text-editor.default\">\n\t\t\t\t\t\t\t\t\t<p>Przy okazji!<\/p>\n<p><!-- \/wp:paragraph --><!-- wp:list --><\/p>\n<ul class=\"wp-block-list\"><!-- wp:list-item -->\n<li>\u015awiatowy Dzie\u0144 Paelli przypada na 20 wrze\u015bnia.<\/li>\n<!-- \/wp:list-item --><!-- wp:list-item -->\n<li>W Sueca odbywa si\u0119 Mi\u0119dzynarodowy Konkurs Paelli Walenckiej. Przepis na tradycyjn\u0105 paell\u0119 z Walencji jest przygotowywany na ogniu z drewna. P\u00f3\u0142fina\u0142y organizowane s\u0105 w kilku krajach na ca\u0142ym \u015bwiecie: Meksyku, Japonii, USA...<\/li>\n<!-- \/wp:list-item --><!-- wp:list-item -->\n<li>Niedziela to dzie\u0144, w kt\u00f3rym mo\u017cna zje\u015b\u0107 paell\u0119 par excellence.<\/li>\n<!-- \/wp:list-item --><\/ul>\n<p><!-- \/wp:list --><\/p>\t\t\t\t\t\t\t\t<\/div>\n\t\t\t\t<\/div>\n\t\t\t\t<\/div>\n\t\t<div class=\"elementor-element elementor-element-cdb346b e-con-full e-flex e-con e-child\" data-id=\"cdb346b\" data-element_type=\"container\" data-e-type=\"container\">\n\t\t<div class=\"elementor-element elementor-element-dbcae97 e-con-full e-flex e-con e-child\" data-id=\"dbcae97\" data-element_type=\"container\" data-e-type=\"container\">\n\t\t\t\t<div class=\"elementor-element elementor-element-c838afb elementor-widget elementor-widget-heading\" data-id=\"c838afb\" data-element_type=\"widget\" data-e-type=\"widget\" data-widget_type=\"heading.default\">\n\t\t\t\t\t<h2 class=\"elementor-heading-title elementor-size-default\">Polecamy TOP restauracje, w kt\u00f3rych mo\u017cna zje\u015b\u0107 dobr\u0105 paell\u0119<\/h2>\t\t\t\t<\/div>\n\t\t\t\t<\/div>\n\t\t<div class=\"elementor-element elementor-element-8765152 e-con-full e-flex e-con e-child\" data-id=\"8765152\" data-element_type=\"container\" data-e-type=\"container\">\n\t\t\t\t<div class=\"elementor-element elementor-element-6b96a84 elementor-widget elementor-widget-text-editor\" data-id=\"6b96a84\" data-element_type=\"widget\" data-e-type=\"widget\" data-widget_type=\"text-editor.default\">\n\t\t\t\t\t\t\t\t\t<p>Oto nasze ulubione restauracje serwuj\u0105ce paell\u0119<\/p>\n<p><!-- \/wp:paragraph --><!-- wp:heading {\"level\":3} --><\/p>\n<h3 class=\"wp-block-heading\">Walencja<\/h3>\n<p><!-- \/wp:heading --><!-- wp:list --><\/p>\n<ul class=\"wp-block-list\"><!-- wp:list-item -->\n<li>Rodzina<\/li>\n<!-- \/wp:list-item --><!-- wp:list-item -->\n<li>L'Alqueria del Pou<\/li>\n<!-- \/wp:list-item --><!-- wp:list-item -->\n<li>Casa C\u00e9sar el Delf\u00edn<\/li>\n<!-- \/wp:list-item --><!-- wp:list-item -->\n<li>La Revoltosa<\/li>\n<!-- \/wp:list-item --><!-- wp:list-item -->\n<li>Nou Rac\u00f2<\/li>\n<!-- \/wp:list-item --><!-- wp:list-item -->\n<li>Mistela Bar<\/li>\n<!-- \/wp:list-item --><\/ul>\n<p><!-- \/wp:list --><!-- wp:heading {\"level\":3} --><\/p>\n<h3 class=\"wp-block-heading\">Alicante<\/h3>\n<p><!-- \/wp:heading --><!-- wp:list --><\/p>\n<ul class=\"wp-block-list\"><!-- wp:list-item -->\n<li>Los Jazmines (Altea)<\/li>\n<!-- \/wp:list-item --><!-- wp:list-item -->\n<li>Hotel San Miguel (Altea)<\/li>\n<!-- \/wp:list-item --><!-- wp:list-item -->\n<li>Venta la Monta\u00f1a (Benimantell)<\/li>\n<!-- \/wp:list-item --><!-- wp:list-item -->\n<li>Ca Rafel (Benimantell)<\/li>\n<!-- \/wp:list-item --><\/ul>\n<p><!-- \/wp:list --><!-- wp:heading {\"level\":3} --><\/p>\t\t\t\t\t\t\t\t<\/div>\n\t\t\t\t<\/div>\n\t\t\t\t<\/div>\n\t\t<div class=\"elementor-element elementor-element-1d88f7c e-con-full e-flex e-con e-child\" data-id=\"1d88f7c\" data-element_type=\"container\" data-e-type=\"container\">\n\t\t<div class=\"elementor-element elementor-element-a7f4bbd e-con-full e-flex e-con e-child\" data-id=\"a7f4bbd\" data-element_type=\"container\" data-e-type=\"container\">\n\t\t\t\t<div class=\"elementor-element elementor-element-c765302 elementor-widget elementor-widget-text-editor\" data-id=\"c765302\" data-element_type=\"widget\" data-e-type=\"widget\" data-widget_type=\"text-editor.default\">\n\t\t\t\t\t\t\t\t\t<h4>Chcesz pozna\u0107 Park Przyrody Albufera, pola ry\u017cowe, jego faun\u0119 i flor\u0119?<\/h4>\n<h4><!-- \/wp:heading --><!-- wp:heading {\"level\":3} --><\/h4>\n<h4 class=\"wp-block-heading\">Mamy dla Ciebie idealn\u0105 wycieczk\u0119... <a href=\"https:\/\/valenciaandgo.com\/excursiones-desde-valencia\/excursion-al-parque-natural-de-la-albufera\/\">Przyjd\u017a i odkryj Albufer\u0119 i jej magi\u0119<\/a><\/h4>\t\t\t\t\t\t\t\t<\/div>\n\t\t\t\t<\/div>\n\t\t\t\t<\/div>\n\t\t\t\t\t<\/div>\n\t\t\t\t<\/div>\n\t\t\t\t<\/div>","protected":false},"excerpt":{"rendered":"<p>El arroz siempre ha sido un manjar reconocido en todo el mundo, y es que es el cereal m\u00e1s famoso por sus propiedades nutritivas y su larga historia. Del arroz, a la paella. De \u00c1frica a Valencia. Pero, remont\u00e1ndonos un poco atr\u00e1s en el tiempo \u00bfc\u00f3mo lleg\u00f3 a Valencia? Fue tra\u00eddo por los p\u00e1ramos, habitantes [&hellip;]<\/p>\n","protected":false},"author":1,"featured_media":738,"comment_status":"closed","ping_status":"closed","sticky":false,"template":"","format":"standard","meta":{"_acf_changed":false,"footnotes":""},"categories":[23],"tags":[25,27,43],"class_list":["post-460","post","type-post","status-publish","format-standard","has-post-thumbnail","hentry","category-gastronomia","tag-alicante","tag-castellon","tag-paella"],"acf":[],"yoast_head":"<!-- This site is optimized with the Yoast SEO plugin v27.5 - https:\/\/yoast.com\/product\/yoast-seo-wordpress\/ -->\n<title>La aut\u00e9ntica paella de Valencia - Valencia&amp;Go<\/title>\n<meta name=\"description\" content=\"La paella es un arte culinario declarado Bien de Inter\u00e9s Cultural, reconocido en todo el mundo. \u00bfPero conocemos realmente su origen?\" \/>\n<meta name=\"robots\" content=\"noindex, follow, max-snippet:-1, max-image-preview:large, max-video-preview:-1\" \/>\n<meta property=\"og:locale\" content=\"pl_PL\" \/>\n<meta property=\"og:type\" content=\"article\" \/>\n<meta property=\"og:title\" content=\"La aut\u00e9ntica paella de Valencia - Valencia&amp;Go\" \/>\n<meta property=\"og:description\" content=\"La paella es un arte culinario declarado Bien de Inter\u00e9s Cultural, reconocido en todo el mundo. \u00bfPero conocemos realmente su origen?\" \/>\n<meta property=\"og:url\" content=\"https:\/\/upgrade.valenciaandgo.com\/pl\/paella\/\" \/>\n<meta property=\"og:site_name\" content=\"Valencia&amp;Go\" \/>\n<meta property=\"article:publisher\" content=\"https:\/\/www.facebook.com\/valenciaandgo\/\" \/>\n<meta property=\"article:published_time\" content=\"2022-04-07T10:19:00+00:00\" \/>\n<meta property=\"article:modified_time\" content=\"2026-03-16T15:44:06+00:00\" \/>\n<meta property=\"og:image\" content=\"https:\/\/upgrade.valenciaandgo.com\/wp-content\/uploads\/2025\/11\/img-blog-paella-valencia.webp\" \/>\n\t<meta property=\"og:image:width\" content=\"1170\" \/>\n\t<meta property=\"og:image:height\" content=\"783\" \/>\n\t<meta property=\"og:image:type\" content=\"image\/webp\" \/>\n<meta name=\"author\" content=\"Valencia &amp; Go\" \/>\n<meta name=\"twitter:card\" content=\"summary_large_image\" \/>\n<meta name=\"twitter:label1\" content=\"Napisane przez\" \/>\n\t<meta name=\"twitter:data1\" content=\"Valencia &amp; Go\" \/>\n\t<meta name=\"twitter:label2\" content=\"Szacowany czas czytania\" \/>\n\t<meta name=\"twitter:data2\" content=\"6 minut\" \/>\n<script type=\"application\/ld+json\" class=\"yoast-schema-graph\">{\"@context\":\"https:\\\/\\\/schema.org\",\"@graph\":[{\"@type\":\"Article\",\"@id\":\"https:\\\/\\\/upgrade.valenciaandgo.com\\\/paella\\\/#article\",\"isPartOf\":{\"@id\":\"https:\\\/\\\/upgrade.valenciaandgo.com\\\/paella\\\/\"},\"author\":{\"name\":\"Valencia &amp; Go\",\"@id\":\"https:\\\/\\\/upgrade.valenciaandgo.com\\\/it\\\/#\\\/schema\\\/person\\\/ca673553802eb937b57af07a6ce74908\"},\"headline\":\"La aut\u00e9ntica paella de Valencia\",\"datePublished\":\"2022-04-07T10:19:00+00:00\",\"dateModified\":\"2026-03-16T15:44:06+00:00\",\"mainEntityOfPage\":{\"@id\":\"https:\\\/\\\/upgrade.valenciaandgo.com\\\/paella\\\/\"},\"wordCount\":1223,\"publisher\":{\"@id\":\"https:\\\/\\\/upgrade.valenciaandgo.com\\\/it\\\/#organization\"},\"image\":{\"@id\":\"https:\\\/\\\/upgrade.valenciaandgo.com\\\/paella\\\/#primaryimage\"},\"thumbnailUrl\":\"https:\\\/\\\/upgrade.valenciaandgo.com\\\/wp-content\\\/uploads\\\/2025\\\/11\\\/img-blog-paella-valencia.webp\",\"keywords\":[\"Alicante\",\"Castell\u00f3n\",\"paella\"],\"articleSection\":[\"Gastronom\u00eda\"],\"inLanguage\":\"pl-PL\"},{\"@type\":\"WebPage\",\"@id\":\"https:\\\/\\\/upgrade.valenciaandgo.com\\\/paella\\\/\",\"url\":\"https:\\\/\\\/upgrade.valenciaandgo.com\\\/paella\\\/\",\"name\":\"La aut\u00e9ntica paella de Valencia - Valencia&amp;Go\",\"isPartOf\":{\"@id\":\"https:\\\/\\\/upgrade.valenciaandgo.com\\\/it\\\/#website\"},\"primaryImageOfPage\":{\"@id\":\"https:\\\/\\\/upgrade.valenciaandgo.com\\\/paella\\\/#primaryimage\"},\"image\":{\"@id\":\"https:\\\/\\\/upgrade.valenciaandgo.com\\\/paella\\\/#primaryimage\"},\"thumbnailUrl\":\"https:\\\/\\\/upgrade.valenciaandgo.com\\\/wp-content\\\/uploads\\\/2025\\\/11\\\/img-blog-paella-valencia.webp\",\"datePublished\":\"2022-04-07T10:19:00+00:00\",\"dateModified\":\"2026-03-16T15:44:06+00:00\",\"description\":\"La paella es un arte culinario declarado Bien de Inter\u00e9s Cultural, reconocido en todo el mundo. \u00bfPero conocemos realmente su origen?\",\"breadcrumb\":{\"@id\":\"https:\\\/\\\/upgrade.valenciaandgo.com\\\/paella\\\/#breadcrumb\"},\"inLanguage\":\"pl-PL\",\"potentialAction\":[{\"@type\":\"ReadAction\",\"target\":[\"https:\\\/\\\/upgrade.valenciaandgo.com\\\/paella\\\/\"]}]},{\"@type\":\"ImageObject\",\"inLanguage\":\"pl-PL\",\"@id\":\"https:\\\/\\\/upgrade.valenciaandgo.com\\\/paella\\\/#primaryimage\",\"url\":\"https:\\\/\\\/upgrade.valenciaandgo.com\\\/wp-content\\\/uploads\\\/2025\\\/11\\\/img-blog-paella-valencia.webp\",\"contentUrl\":\"https:\\\/\\\/upgrade.valenciaandgo.com\\\/wp-content\\\/uploads\\\/2025\\\/11\\\/img-blog-paella-valencia.webp\",\"width\":1170,\"height\":783},{\"@type\":\"BreadcrumbList\",\"@id\":\"https:\\\/\\\/upgrade.valenciaandgo.com\\\/paella\\\/#breadcrumb\",\"itemListElement\":[{\"@type\":\"ListItem\",\"position\":1,\"name\":\"Portada\",\"item\":\"https:\\\/\\\/upgrade.valenciaandgo.com\\\/\"},{\"@type\":\"ListItem\",\"position\":2,\"name\":\"La aut\u00e9ntica paella de Valencia\"}]},{\"@type\":\"WebSite\",\"@id\":\"https:\\\/\\\/upgrade.valenciaandgo.com\\\/it\\\/#website\",\"url\":\"https:\\\/\\\/upgrade.valenciaandgo.com\\\/it\\\/\",\"name\":\"Valencia&Go\",\"description\":\"Tours por Valencia y alrededores de ciudad.\",\"publisher\":{\"@id\":\"https:\\\/\\\/upgrade.valenciaandgo.com\\\/it\\\/#organization\"},\"potentialAction\":[{\"@type\":\"SearchAction\",\"target\":{\"@type\":\"EntryPoint\",\"urlTemplate\":\"https:\\\/\\\/upgrade.valenciaandgo.com\\\/it\\\/?s={search_term_string}\"},\"query-input\":{\"@type\":\"PropertyValueSpecification\",\"valueRequired\":true,\"valueName\":\"search_term_string\"}}],\"inLanguage\":\"pl-PL\"},{\"@type\":\"Organization\",\"@id\":\"https:\\\/\\\/upgrade.valenciaandgo.com\\\/it\\\/#organization\",\"name\":\"Valencia&Go\",\"url\":\"https:\\\/\\\/upgrade.valenciaandgo.com\\\/it\\\/\",\"logo\":{\"@type\":\"ImageObject\",\"inLanguage\":\"pl-PL\",\"@id\":\"https:\\\/\\\/upgrade.valenciaandgo.com\\\/it\\\/#\\\/schema\\\/logo\\\/image\\\/\",\"url\":\"https:\\\/\\\/upgrade.valenciaandgo.com\\\/wp-content\\\/uploads\\\/2025\\\/10\\\/valencia_go-svg-blnc-iso-naranja.svg\",\"contentUrl\":\"https:\\\/\\\/upgrade.valenciaandgo.com\\\/wp-content\\\/uploads\\\/2025\\\/10\\\/valencia_go-svg-blnc-iso-naranja.svg\",\"width\":434,\"height\":102,\"caption\":\"Valencia&Go\"},\"image\":{\"@id\":\"https:\\\/\\\/upgrade.valenciaandgo.com\\\/it\\\/#\\\/schema\\\/logo\\\/image\\\/\"},\"sameAs\":[\"https:\\\/\\\/www.facebook.com\\\/valenciaandgo\\\/\",\"https:\\\/\\\/www.instagram.com\\\/valenciaandgo\",\"https:\\\/\\\/www.linkedin.com\\\/company\\\/valencia-go\\\/\",\"https:\\\/\\\/www.tiktok.com\\\/@valenciaandgo\"]},{\"@type\":\"Person\",\"@id\":\"https:\\\/\\\/upgrade.valenciaandgo.com\\\/it\\\/#\\\/schema\\\/person\\\/ca673553802eb937b57af07a6ce74908\",\"name\":\"Valencia &amp; Go\",\"sameAs\":[\"https:\\\/\\\/valenciaandgo.com\"],\"url\":\"https:\\\/\\\/upgrade.valenciaandgo.com\\\/pl\\\/author\\\/valencia\\\/\"}]}<\/script>\n<!-- \/ Yoast SEO plugin. -->","yoast_head_json":{"title":"Autentyczna paella z Walencji - Valencia&amp;Go","description":"Paella to sztuka kulinarna, kt\u00f3ra zosta\u0142a uznana za dobro o znaczeniu kulturowym, uznawane na ca\u0142ym \u015bwiecie, ale czy naprawd\u0119 znamy jej pochodzenie?","robots":{"index":"noindex","follow":"follow","max-snippet":"max-snippet:-1","max-image-preview":"max-image-preview:large","max-video-preview":"max-video-preview:-1"},"og_locale":"pl_PL","og_type":"article","og_title":"La aut\u00e9ntica paella de Valencia - Valencia&amp;Go","og_description":"La paella es un arte culinario declarado Bien de Inter\u00e9s Cultural, reconocido en todo el mundo. \u00bfPero conocemos realmente su origen?","og_url":"https:\/\/upgrade.valenciaandgo.com\/pl\/paella\/","og_site_name":"Valencia&amp;Go","article_publisher":"https:\/\/www.facebook.com\/valenciaandgo\/","article_published_time":"2022-04-07T10:19:00+00:00","article_modified_time":"2026-03-16T15:44:06+00:00","og_image":[{"width":1170,"height":783,"url":"https:\/\/upgrade.valenciaandgo.com\/wp-content\/uploads\/2025\/11\/img-blog-paella-valencia.webp","type":"image\/webp"}],"author":"Valencia &amp; Go","twitter_card":"summary_large_image","twitter_misc":{"Napisane przez":"Valencia &amp; Go","Szacowany czas czytania":"6 minut"},"schema":{"@context":"https:\/\/schema.org","@graph":[{"@type":"Article","@id":"https:\/\/upgrade.valenciaandgo.com\/paella\/#article","isPartOf":{"@id":"https:\/\/upgrade.valenciaandgo.com\/paella\/"},"author":{"name":"Valencia &amp; Go","@id":"https:\/\/upgrade.valenciaandgo.com\/it\/#\/schema\/person\/ca673553802eb937b57af07a6ce74908"},"headline":"La aut\u00e9ntica paella de Valencia","datePublished":"2022-04-07T10:19:00+00:00","dateModified":"2026-03-16T15:44:06+00:00","mainEntityOfPage":{"@id":"https:\/\/upgrade.valenciaandgo.com\/paella\/"},"wordCount":1223,"publisher":{"@id":"https:\/\/upgrade.valenciaandgo.com\/it\/#organization"},"image":{"@id":"https:\/\/upgrade.valenciaandgo.com\/paella\/#primaryimage"},"thumbnailUrl":"https:\/\/upgrade.valenciaandgo.com\/wp-content\/uploads\/2025\/11\/img-blog-paella-valencia.webp","keywords":["Alicante","Castell\u00f3n","paella"],"articleSection":["Gastronom\u00eda"],"inLanguage":"pl-PL"},{"@type":"WebPage","@id":"https:\/\/upgrade.valenciaandgo.com\/paella\/","url":"https:\/\/upgrade.valenciaandgo.com\/paella\/","name":"Autentyczna paella z Walencji - Valencia&amp;Go","isPartOf":{"@id":"https:\/\/upgrade.valenciaandgo.com\/it\/#website"},"primaryImageOfPage":{"@id":"https:\/\/upgrade.valenciaandgo.com\/paella\/#primaryimage"},"image":{"@id":"https:\/\/upgrade.valenciaandgo.com\/paella\/#primaryimage"},"thumbnailUrl":"https:\/\/upgrade.valenciaandgo.com\/wp-content\/uploads\/2025\/11\/img-blog-paella-valencia.webp","datePublished":"2022-04-07T10:19:00+00:00","dateModified":"2026-03-16T15:44:06+00:00","description":"Paella to sztuka kulinarna, kt\u00f3ra zosta\u0142a uznana za dobro o znaczeniu kulturowym, uznawane na ca\u0142ym \u015bwiecie, ale czy naprawd\u0119 znamy jej pochodzenie?","breadcrumb":{"@id":"https:\/\/upgrade.valenciaandgo.com\/paella\/#breadcrumb"},"inLanguage":"pl-PL","potentialAction":[{"@type":"ReadAction","target":["https:\/\/upgrade.valenciaandgo.com\/paella\/"]}]},{"@type":"ImageObject","inLanguage":"pl-PL","@id":"https:\/\/upgrade.valenciaandgo.com\/paella\/#primaryimage","url":"https:\/\/upgrade.valenciaandgo.com\/wp-content\/uploads\/2025\/11\/img-blog-paella-valencia.webp","contentUrl":"https:\/\/upgrade.valenciaandgo.com\/wp-content\/uploads\/2025\/11\/img-blog-paella-valencia.webp","width":1170,"height":783},{"@type":"BreadcrumbList","@id":"https:\/\/upgrade.valenciaandgo.com\/paella\/#breadcrumb","itemListElement":[{"@type":"ListItem","position":1,"name":"Portada","item":"https:\/\/upgrade.valenciaandgo.com\/"},{"@type":"ListItem","position":2,"name":"La aut\u00e9ntica paella de Valencia"}]},{"@type":"WebSite","@id":"https:\/\/upgrade.valenciaandgo.com\/it\/#website","url":"https:\/\/upgrade.valenciaandgo.com\/it\/","name":"Valencia&amp;Go","description":"Wycieczki po Walencji i okolicach.","publisher":{"@id":"https:\/\/upgrade.valenciaandgo.com\/it\/#organization"},"potentialAction":[{"@type":"SearchAction","target":{"@type":"EntryPoint","urlTemplate":"https:\/\/upgrade.valenciaandgo.com\/it\/?s={search_term_string}"},"query-input":{"@type":"PropertyValueSpecification","valueRequired":true,"valueName":"search_term_string"}}],"inLanguage":"pl-PL"},{"@type":"Organization","@id":"https:\/\/upgrade.valenciaandgo.com\/it\/#organization","name":"Valencia&amp;Go","url":"https:\/\/upgrade.valenciaandgo.com\/it\/","logo":{"@type":"ImageObject","inLanguage":"pl-PL","@id":"https:\/\/upgrade.valenciaandgo.com\/it\/#\/schema\/logo\/image\/","url":"https:\/\/upgrade.valenciaandgo.com\/wp-content\/uploads\/2025\/10\/valencia_go-svg-blnc-iso-naranja.svg","contentUrl":"https:\/\/upgrade.valenciaandgo.com\/wp-content\/uploads\/2025\/10\/valencia_go-svg-blnc-iso-naranja.svg","width":434,"height":102,"caption":"Valencia&Go"},"image":{"@id":"https:\/\/upgrade.valenciaandgo.com\/it\/#\/schema\/logo\/image\/"},"sameAs":["https:\/\/www.facebook.com\/valenciaandgo\/","https:\/\/www.instagram.com\/valenciaandgo","https:\/\/www.linkedin.com\/company\/valencia-go\/","https:\/\/www.tiktok.com\/@valenciaandgo"]},{"@type":"Person","@id":"https:\/\/upgrade.valenciaandgo.com\/it\/#\/schema\/person\/ca673553802eb937b57af07a6ce74908","name":"Valencia &amp; Go","sameAs":["https:\/\/valenciaandgo.com"],"url":"https:\/\/upgrade.valenciaandgo.com\/pl\/author\/valencia\/"}]}},"_links":{"self":[{"href":"https:\/\/upgrade.valenciaandgo.com\/pl\/wp-json\/wp\/v2\/posts\/460","targetHints":{"allow":["GET"]}}],"collection":[{"href":"https:\/\/upgrade.valenciaandgo.com\/pl\/wp-json\/wp\/v2\/posts"}],"about":[{"href":"https:\/\/upgrade.valenciaandgo.com\/pl\/wp-json\/wp\/v2\/types\/post"}],"author":[{"embeddable":true,"href":"https:\/\/upgrade.valenciaandgo.com\/pl\/wp-json\/wp\/v2\/users\/1"}],"replies":[{"embeddable":true,"href":"https:\/\/upgrade.valenciaandgo.com\/pl\/wp-json\/wp\/v2\/comments?post=460"}],"version-history":[{"count":0,"href":"https:\/\/upgrade.valenciaandgo.com\/pl\/wp-json\/wp\/v2\/posts\/460\/revisions"}],"wp:featuredmedia":[{"embeddable":true,"href":"https:\/\/upgrade.valenciaandgo.com\/pl\/wp-json\/wp\/v2\/media\/738"}],"wp:attachment":[{"href":"https:\/\/upgrade.valenciaandgo.com\/pl\/wp-json\/wp\/v2\/media?parent=460"}],"wp:term":[{"taxonomy":"category","embeddable":true,"href":"https:\/\/upgrade.valenciaandgo.com\/pl\/wp-json\/wp\/v2\/categories?post=460"},{"taxonomy":"post_tag","embeddable":true,"href":"https:\/\/upgrade.valenciaandgo.com\/pl\/wp-json\/wp\/v2\/tags?post=460"}],"curies":[{"name":"wp","href":"https:\/\/api.w.org\/{rel}","templated":true}]}}