{"id":458,"date":"2022-04-01T12:52:00","date_gmt":"2022-04-01T12:52:00","guid":{"rendered":"https:\/\/new.valenciaandgo.com\/?p=458"},"modified":"2026-03-16T15:49:18","modified_gmt":"2026-03-16T15:49:18","slug":"xativa","status":"publish","type":"post","link":"https:\/\/upgrade.valenciaandgo.com\/pl\/xativa\/","title":{"rendered":"X\u00e0tiva: miasto, kt\u00f3re przesz\u0142o do historii"},"content":{"rendered":"<div data-elementor-type=\"wp-post\" data-elementor-id=\"458\" class=\"elementor elementor-458\" data-elementor-post-type=\"post\">\n\t\t\t\t<div class=\"elementor-element elementor-element-63eb8a4 e-flex e-con-boxed e-con e-parent\" data-id=\"63eb8a4\" data-element_type=\"container\" data-e-type=\"container\">\n\t\t\t\t\t<div class=\"e-con-inner\">\n\t\t<div class=\"elementor-element elementor-element-785f39fb e-con-full e-flex e-con e-child\" data-id=\"785f39fb\" data-element_type=\"container\" data-e-type=\"container\">\n\t\t\t\t<div class=\"elementor-element elementor-element-646877a9 elementor-widget elementor-widget-text-editor\" data-id=\"646877a9\" data-element_type=\"widget\" data-e-type=\"widget\" data-widget_type=\"text-editor.default\">\n\t\t\t\t\t\t\t\t\t\n<p><strong>X\u00e1tiva jest synonimem obfito\u015bci: ze wzgl\u0119du na swoj\u0105 bogat\u0105 histori\u0119 oraz ogromny wp\u0142yw kulturowy i gastronomiczny.<\/strong><\/p>\n<p>Jest to ma\u0142e miasto, licz\u0105ce prawie 30 000 mieszka\u0144c\u00f3w, by\u0107 mo\u017ce ma\u0142o znane na arenie mi\u0119dzynarodowej, a nawet w samej Hiszpanii. <strong>kryje legendy i historyczne skarby, kt\u00f3re naznaczy\u0142y \u017cycie na p\u00f3\u0142wyspie.<\/strong><\/p>\n<p><\/p>\n<p>Ze wzgl\u0119du na strategiczne po\u0142o\u017cenie u podn\u00f3\u017ca masywu g\u00f3rskiego, wiele staro\u017cytnych lud\u00f3w chcia\u0142o go przej\u0105\u0107.<img fetchpriority=\"high\" decoding=\"async\" class=\"aligncenter wp-image-10177\" src=\"https:\/\/upgrade.valenciaandgo.com\/wp-content\/uploads\/2026\/03\/Xativa.webp\" alt=\"\" width=\"500\" height=\"281\" srcset=\"https:\/\/upgrade.valenciaandgo.com\/wp-content\/uploads\/2026\/03\/Xativa.webp 1536w, https:\/\/upgrade.valenciaandgo.com\/wp-content\/uploads\/2026\/03\/Xativa-18x10.webp 18w\" sizes=\"(max-width: 500px) 100vw, 500px\" \/><\/p>\n<p><\/p>\n\t\t\t\t\t\t\t\t<\/div>\n\t\t\t\t<\/div>\n\t\t<div class=\"elementor-element elementor-element-265c53da e-con-full e-flex e-con e-child\" data-id=\"265c53da\" data-element_type=\"container\" data-e-type=\"container\">\n\t\t<div class=\"elementor-element elementor-element-24d26770 e-con-full e-flex e-con e-child\" data-id=\"24d26770\" data-element_type=\"container\" data-e-type=\"container\">\n\t\t\t\t<div class=\"elementor-element elementor-element-6f0f356b elementor-widget elementor-widget-heading\" data-id=\"6f0f356b\" data-element_type=\"widget\" data-e-type=\"widget\" data-widget_type=\"heading.default\">\n\t\t\t\t\t<h2 class=\"elementor-heading-title elementor-size-default\">Historia X\u00e1tivy<\/h2>\t\t\t\t<\/div>\n\t\t\t\t<\/div>\n\t\t<div class=\"elementor-element elementor-element-1c4d28a9 e-con-full e-flex e-con e-child\" data-id=\"1c4d28a9\" data-element_type=\"container\" data-e-type=\"container\">\n\t\t\t\t<div class=\"elementor-element elementor-element-5c80b068 elementor-widget elementor-widget-text-editor\" data-id=\"5c80b068\" data-element_type=\"widget\" data-e-type=\"widget\" data-widget_type=\"text-editor.default\">\n\t\t\t\t\t\t\t\t\t<p>Od Iber\u00f3w po Grek\u00f3w, od Fenicjan po Rzymian, ale najwi\u0119ksz\u0105 \u015bwietno\u015b\u0107 osi\u0105gn\u0119\u0142a w okresie muzu\u0142ma\u0144skim.<\/p>\n<p><!-- \/wp:paragraph --><!-- wp:paragraph --><\/p>\n<p>W tym okresie rozwin\u0105\u0142 si\u0119 wa\u017cny przemys\u0142 papierniczy, produkuj\u0105cy papier ry\u017cowy i powsta\u0142 pierwszy m\u0142yn ry\u017cowy w Europie.<\/p>\n<p><!-- \/wp:paragraph --><!-- wp:paragraph --><\/p>\n<p><strong>Zawsze by\u0142 pionierem:<\/strong><\/p>\n<p><!-- \/wp:paragraph --><!-- wp:paragraph --><\/p>\n<p><strong>Kultura i style wiedzy <\/strong>by\u0142 \u015bwiadkiem odej\u015bcia wielu intelektualist\u00f3w i poet\u00f3w, takich jak: <strong>Ibn Hazm<\/strong> autor \u00bbEl collar de la Paloma\u00bb, jednego z najwa\u017cniejszych dzie\u0142 poezji mi\u0142osnej w literaturze hiszpa\u0144skiej lub \"El collar de la Paloma\". <strong>Ibn Jubair<\/strong> nazywany hiszpa\u0144skim Marco Polo ze wzgl\u0119du na swoje ksi\u0105\u017cki pe\u0142ne przyg\u00f3d i podr\u00f3\u017cy dooko\u0142a \u015bwiata.<\/p>\n<p>Jest uwa\u017cane za jedno z najwa\u017cniejszych miast staro\u017cytnego Kr\u00f3lestwa Walencji, nawet prawie tak wp\u0142ywowe jak sama Walencja.<\/p>\n<p><!-- \/wp:paragraph --><!-- wp:paragraph --><\/p>\n<p>I by\u0142o<strong> miejsce narodzin dw\u00f3ch papie\u017cy z dynastii Borgi\u00f3w <\/strong>Kaliksta III (w latach 1455-1458) i Aleksandra VI (w latach 1492-1503), kt\u00f3rych pos\u0105gi z br\u0105zu mo\u017cna zobaczy\u0107 przy wej\u015bciu do kolegiaty Santa Maria.<\/p>\n<p><!-- \/wp:paragraph --><!-- wp:paragraph --><\/p>\n<p><!-- \/wp:paragraph --><!-- wp:paragraph --><\/p>\n<p>Nie ma jednak w\u0105tpliwo\u015bci co do jego wielkiej atrakcyjno\u015bci, doskonale zachowanej do dzi\u015b, <strong>to zamek na szczycie miasta.<\/strong>, kt\u00f3re w rzeczywisto\u015bci s\u0105 dwoma zamkami, kt\u00f3re z czasem zosta\u0142y po\u0142\u0105czone i uczyni\u0142y to miasto jednym z najbardziej nieprzeniknionych mur\u00f3w miejskich, jakie kiedykolwiek widziano.<\/p>\t\t\t\t\t\t\t\t<\/div>\n\t\t\t\t<\/div>\n\t\t\t\t<\/div>\n\t\t<div class=\"elementor-element elementor-element-fcc7d35 e-con-full e-flex e-con e-child\" data-id=\"fcc7d35\" data-element_type=\"container\" data-e-type=\"container\">\n\t\t<div class=\"elementor-element elementor-element-464559a e-con-full e-flex e-con e-child\" data-id=\"464559a\" data-element_type=\"container\" data-e-type=\"container\">\n\t\t\t\t<div class=\"elementor-element elementor-element-cf11f6e elementor-widget elementor-widget-heading\" data-id=\"cf11f6e\" data-element_type=\"widget\" data-e-type=\"widget\" data-widget_type=\"heading.default\">\n\t\t\t\t\t<h2 class=\"elementor-heading-title elementor-size-default\">Zamek X\u00e0tiva<\/h2>\t\t\t\t<\/div>\n\t\t\t\t<\/div>\n\t\t<div class=\"elementor-element elementor-element-dcf560a e-con-full e-flex e-con e-child\" data-id=\"dcf560a\" data-element_type=\"container\" data-e-type=\"container\">\n\t\t\t\t<div class=\"elementor-element elementor-element-659af8e elementor-widget elementor-widget-text-editor\" data-id=\"659af8e\" data-element_type=\"widget\" data-e-type=\"widget\" data-widget_type=\"text-editor.default\">\n\t\t\t\t\t\t\t\t\t<p>Podzielony w ten spos\u00f3b na dwie cz\u0119\u015bci zbudowane w r\u00f3\u017cnych momentach historii, znajdujemy:<\/p>\n<p><!-- \/wp:paragraph --><!-- wp:list --><\/p>\n<ul class=\"wp-block-list\">\n<li style=\"list-style-type: none;\">\n<ul class=\"wp-block-list\"><!-- wp:list-item --><\/ul>\n<\/li>\n<\/ul>\n<ul class=\"wp-block-list\">\n<li><em><strong>The Lesser Castell:<\/strong> <\/em>iberyjskiego budownictwa by\u0142 <strong>orygina\u0142<\/strong> tej imponuj\u0105cej fortecy.<\/li>\n<\/ul>\n<p><!-- \/wp:list-item --><\/p>\n<p><!-- \/wp:list --><!-- wp:paragraph --><\/p>\n<p>Tutaj urodzi\u0142 si\u0119 syn wielkiego kartagi\u0144skiego genera\u0142a <strong>An\u00edbal Barca<\/strong> i jego iberyjskiej \u017cony Himilce w 218 r. p.n.e., kt\u00f3ry by\u0142 bohaterem s\u0142ynnej opowie\u015bci o podr\u00f3\u017cy ze s\u0142oniami: przekroczy\u0142 Pireneje, a nast\u0119pnie Alpy, aby dotrze\u0107 do Rzymu i pokona\u0107 go.<\/p>\n<p><!-- \/wp:paragraph --><!-- wp:list --><\/p>\n<ul class=\"wp-block-list\">\n<li style=\"list-style-type: none;\">\n<ul class=\"wp-block-list\"><!-- wp:list-item --><\/ul>\n<\/li>\n<\/ul>\n<ul class=\"wp-block-list\">\n<li><em><strong>El Castell Major:<\/strong><\/em> zosta\u0142 zbudowany w<strong> \u015bredniowiecze<\/strong> i znajduje si\u0119 na wi\u0119kszej wysoko\u015bci, wi\u0119c <strong>widoki zapieraj\u0105 dech w piersiach<\/strong>Na p\u00f3\u0142nocy wida\u0107 miasto X\u00e0tiva wraz ze wspania\u0142\u0105 rzek\u0105 J\u00facar; patrz\u0105c na po\u0142udnie, znajdziemy s\u0142ynne pasma g\u00f3rskie Mariola, Grossa i Benicadell; na zachodzie granic\u0119 ze wsp\u00f3lnot\u0105 Castilla la Mancha, a na wschodzie nawet w pogodny dzie\u0144 mo\u017cna zobaczy\u0107 Morze \u015ar\u00f3dziemne.<\/li>\n<\/ul>\n<p><!-- \/wp:list-item --><\/p>\n<p><!-- \/wp:list --><!-- wp:paragraph --><\/p>\n<p>Ten ostatni, po chrze\u015bcija\u0144skiej rekonkwi\u015bcie dokonanej przez Jaume I <strong>sta\u0142a si\u0119 g\u0142\u00f3wn\u0105 fortec\u0105 na drodze mi\u0119dzy Kastyli\u0105 a stolic\u0105 Kr\u00f3lestwa Walencji.<\/strong> i by\u0142 u\u017cywany jako wi\u0119zienie pa\u0144stwowe dawnej Korony Aragonii.<\/p>\n<p><!-- \/wp:paragraph --><!-- wp:paragraph --><\/p>\n<p>Oba zamki s\u0105 po\u0142\u0105czone w poprzek grzbietu wa\u0142em, kt\u00f3ry stanowi\u0142 cz\u0119\u015b\u0107 pasa obronnego miasta.<\/p>\n<p><!-- \/wp:paragraph --><!-- wp:paragraph --><\/p>\n<p>Czy teraz rozumiesz, dlaczego by\u0142o to kluczowe miejsce, kt\u00f3re ka\u017cdy chcia\u0142 podbi\u0107?<\/p>\n<p><!-- \/wp:paragraph --><!-- wp:paragraph --><\/p>\n<p style=\"text-align: center;\"><img decoding=\"async\" class=\"aligncenter wp-image-10178 size-full\" src=\"https:\/\/upgrade.valenciaandgo.com\/wp-content\/uploads\/2026\/03\/Basilica_santa_Maria_de_la_Seu.webp\" alt=\"\" width=\"460\" height=\"307\" srcset=\"https:\/\/upgrade.valenciaandgo.com\/wp-content\/uploads\/2026\/03\/Basilica_santa_Maria_de_la_Seu.webp 460w, https:\/\/upgrade.valenciaandgo.com\/wp-content\/uploads\/2026\/03\/Basilica_santa_Maria_de_la_Seu-18x12.webp 18w\" sizes=\"(max-width: 460px) 100vw, 460px\" \/><em>comunitatvalenciana.com - Bazylika kolegiacka Santa Maria, La Seu, X\u00e0tiva<\/em><\/p>\t\t\t\t\t\t\t\t<\/div>\n\t\t\t\t<\/div>\n\t\t\t\t<\/div>\n\t\t<div class=\"elementor-element elementor-element-6a7afac e-con-full e-flex e-con e-child\" data-id=\"6a7afac\" data-element_type=\"container\" data-e-type=\"container\">\n\t\t<div class=\"elementor-element elementor-element-8a1fdb1 e-con-full e-flex e-con e-child\" data-id=\"8a1fdb1\" data-element_type=\"container\" data-e-type=\"container\">\n\t\t\t\t<div class=\"elementor-element elementor-element-57003d6 elementor-widget elementor-widget-heading\" data-id=\"57003d6\" data-element_type=\"widget\" data-e-type=\"widget\" data-widget_type=\"heading.default\">\n\t\t\t\t\t<h2 class=\"elementor-heading-title elementor-size-default\">Monumentalne bogactwo<\/h2>\t\t\t\t<\/div>\n\t\t\t\t<\/div>\n\t\t<div class=\"elementor-element elementor-element-048137b e-con-full e-flex e-con e-child\" data-id=\"048137b\" data-element_type=\"container\" data-e-type=\"container\">\n\t\t\t\t<div class=\"elementor-element elementor-element-d633510 elementor-widget elementor-widget-text-editor\" data-id=\"d633510\" data-element_type=\"widget\" data-e-type=\"widget\" data-widget_type=\"text-editor.default\">\n\t\t\t\t\t\t\t\t\t<p>Ale zamek nie jest jedyn\u0105 rzecz\u0105, kt\u00f3ra zaskakuje nas w mie\u015bcie...<\/p>\n<p><!-- \/wp:paragraph --><!-- wp:paragraph --><\/p>\n<p>Je\u015bli zejdziesz z fortecy, znajdziesz tam<strong> Ko\u015bci\u00f3\u0142 Sant Feliu, najstarszy, uko\u0144czony w 1269 roku.<\/strong><\/p>\n<p><!-- \/wp:paragraph --><!-- wp:paragraph --><\/p>\n<p>Po przej\u015bciu przez ko\u015bci\u00f3\u0142 wchodzi si\u0119 do tzw.<strong> Strona historyczno-artystyczna<\/strong>, kt\u00f3ra jest star\u0105 dzielnic\u0105 X\u00e0tiva.<\/p>\n<p><!-- \/wp:paragraph --><!-- wp:paragraph --><\/p>\n<p>Po\u0142\u0105czenie:<strong> miasto tysi\u0105ca fontann,<\/strong> Jest domem dla zabytk\u00f3w wszystkich typ\u00f3w i epok: wie\u017c, ko\u015bcio\u0142\u00f3w, pa\u0142ac\u00f3w, fontann, dom\u00f3w szlacheckich...<\/p>\n<p><!-- \/wp:paragraph --><!-- wp:paragraph --><\/p>\n<p><strong>Ulice miasta by\u0142y przemierzane przez wy\u017csze klasy \u015brednie w ca\u0142ym ich luksusie, zapa\u015bnik\u00f3w, artyst\u00f3w i my\u015blicieli, a r\u00f3\u017cnorodno\u015b\u0107 form i kultur czyni je jeszcze bogatszym.<\/strong><br \/>Zabytki, na kt\u00f3re warto zwr\u00f3ci\u0107 uwag\u0119 i kt\u00f3re b\u0119dzie mo\u017cna z nami zwiedzi\u0107 to <strong><em>Kolegiata<\/em><\/strong> wielki ko\u015bci\u00f3\u0142 i<strong> <em>l'Almod\u00ed<\/em><\/strong> Jest to budynek, kt\u00f3ry by\u0142 u\u017cywany jako gie\u0142da pszenicy, a dzi\u015b zosta\u0142 przekszta\u0142cony w muzeum archeologiczne i sztuk pi\u0119knych. Czy mo\u017cesz sobie wyobrazi\u0107, co mo\u017cesz tam znale\u017a\u0107? Je\u015bli lubisz histori\u0119, w tym budynku mo\u017cesz odkry\u0107 wci\u0105\u017c zachowane klejnoty staro\u017cytno\u015bci.<\/p>\n<p><!-- \/wp:paragraph --><!-- wp:paragraph --><\/p>\n<p>Przy <strong>l'Almod\u00ed<\/strong> fragment historii rozwija si\u0119 w formie <strong>tragedia<\/strong> dla X\u00e0tiva:<br \/>Podczas wojny o sukcesj\u0119 hiszpa\u0144sk\u0105 tron nale\u017ca\u0142 do Filipa V Burbona i arcyksi\u0119cia Karola Austriackiego.<br \/>Mieszka\u0144cy Walencji poparli Karola Austriackiego, wi\u0119c Filip podpali\u0142 miasto, niszcz\u0105c je prawie ca\u0142kowicie, wi\u0119c w odwecie mieszka\u0144cy powiesili portret Filipa, kt\u00f3ry mo\u017cna znale\u017a\u0107 w Muzeum Sztuk Pi\u0119knych do g\u00f3ry nogami (i tak dalej!).<\/p>\n<p><!-- \/wp:paragraph --><!-- wp:heading --><\/p>\t\t\t\t\t\t\t\t<\/div>\n\t\t\t\t<\/div>\n\t\t\t\t<\/div>\n\t\t<div class=\"elementor-element elementor-element-9eb5aeb e-con-full e-flex e-con e-child\" data-id=\"9eb5aeb\" data-element_type=\"container\" data-e-type=\"container\">\n\t\t<div class=\"elementor-element elementor-element-cf68e68 e-con-full e-flex e-con e-child\" data-id=\"cf68e68\" data-element_type=\"container\" data-e-type=\"container\">\n\t\t\t\t<div class=\"elementor-element elementor-element-409b542 elementor-widget elementor-widget-heading\" data-id=\"409b542\" data-element_type=\"widget\" data-e-type=\"widget\" data-widget_type=\"heading.default\">\n\t\t\t\t\t<h2 class=\"elementor-heading-title elementor-size-default\">Ciekawostki X\u00e1tivy<\/h2>\t\t\t\t<\/div>\n\t\t\t\t<\/div>\n\t\t<div class=\"elementor-element elementor-element-77032bf e-con-full e-flex e-con e-child\" data-id=\"77032bf\" data-element_type=\"container\" data-e-type=\"container\">\n\t\t\t\t<div class=\"elementor-element elementor-element-e1366ba elementor-widget elementor-widget-text-editor\" data-id=\"e1366ba\" data-element_type=\"widget\" data-e-type=\"widget\" data-widget_type=\"text-editor.default\">\n\t\t\t\t\t\t\t\t\t<h3 class=\"wp-block-heading\">Targi sierpniowe<\/h3>\n<p><!-- \/wp:heading --><!-- wp:paragraph --><\/p>\n<p><strong>Sierpniowe targi<\/strong> to jedno z najwa\u017cniejszych \u015bwi\u0105t w regionie, og\u0142oszone jako takie <strong>Narodowy Festiwal Turystyczny<\/strong> kt\u00f3ry odb\u0119dzie si\u0119 w dniach 14-20 sierpnia.<\/p>\n<p><!-- \/wp:paragraph --><!-- wp:paragraph --><\/p>\n<p>Zacz\u0119\u0142o si\u0119 od targ\u00f3w hodowlanych i chocia\u017c nadal odbywaj\u0105 si\u0119 na nich konkursy, to zesz\u0142y one na dalszy plan, b\u0119d\u0105c obecnie<strong> kamie\u0144 milowy kultury:<\/strong> targi, wyst\u0119py, parady i wydarzenia skupione wok\u00f3\u0142 ta\u0144ca, sztuki i \u015bpiewu. Jak w<strong> Noc Albaes:<\/strong> kt\u00f3ra jest tradycyjn\u0105 walenck\u0105 pie\u015bni\u0105 pochodzenia rodowego. Tej nocy \u015bpiewacy zbieraj\u0105 si\u0119 na Plaza de Sant Pere, aby wzi\u0105\u0107 udzia\u0142 w turnieju \u015bpiewu.<\/p>\n<p><!-- \/wp:paragraph --><!-- wp:paragraph --><\/p>\n<p>Bardzo interesuj\u0105cy jest r\u00f3wnie\u017c<strong> Fiesta del Motociclismo: najstarsze zawody motocyklowe na torze ulicznym w Hiszpanii.<\/strong> gdzie miliony fan\u00f3w przyje\u017cd\u017caj\u0105 na motocyklach ze wszystkich zak\u0105tk\u00f3w kraju. Impreza odbywa si\u0119 nieprzerwanie od 1951 roku.<\/p>\n<p><!-- \/wp:paragraph --><!-- wp:paragraph --><\/p>\n<p>\u015awi\u0119tuj\u0105 r\u00f3wnie\u017c<strong> Festival de la Can\u00e7\u00f3:<\/strong> rozpowszechnianie tradycyjnej muzyki \u015br\u00f3dziemnomorskiej, aby nie zagin\u0119\u0142a.<\/p>\n<p><!-- \/wp:paragraph --><!-- wp:paragraph --><\/p>\n<p>I <strong>\u015bredniowieczny rynek<\/strong> jest bardzo znana w okolicy, z r\u0119cznie robionymi produktami wszelkiego rodzaju: \u017cywno\u015bci\u0105, gad\u017cetami...<\/p>\n<p><!-- \/wp:paragraph --><!-- wp:paragraph --><\/p>\n<p>X\u00e0tiva to kolor, muzyka, tradycja... to spektakl, z szerok\u0105 gam\u0105 turniej\u00f3w dla wszystkich grup wiekowych, ten tydzie\u0144 jest kr\u00f3low\u0105 ta\u0144ca.<\/p>\n<p><!-- \/wp:paragraph --><!-- wp:paragraph --><\/p>\n<p><!-- \/wp:paragraph --><!-- wp:heading {\"level\":3} --><\/p>\t\t\t\t\t\t\t\t<\/div>\n\t\t\t\t<\/div>\n\t\t\t\t<\/div>\n\t\t<div class=\"elementor-element elementor-element-579a82c e-con-full e-flex e-con e-child\" data-id=\"579a82c\" data-element_type=\"container\" data-e-type=\"container\">\n\t\t<div class=\"elementor-element elementor-element-f13b62e e-con-full e-flex e-con e-child\" data-id=\"f13b62e\" data-element_type=\"container\" data-e-type=\"container\">\n\t\t\t\t<div class=\"elementor-element elementor-element-a367de0 elementor-widget elementor-widget-heading\" data-id=\"a367de0\" data-element_type=\"widget\" data-e-type=\"widget\" data-widget_type=\"heading.default\">\n\t\t\t\t\t<h2 class=\"elementor-heading-title elementor-size-default\">Wymarzona gastronomia<\/h2>\t\t\t\t<\/div>\n\t\t\t\t<\/div>\n\t\t<div class=\"elementor-element elementor-element-50a2500 e-con-full e-flex e-con e-child\" data-id=\"50a2500\" data-element_type=\"container\" data-e-type=\"container\">\n\t\t\t\t<div class=\"elementor-element elementor-element-4de3ab7 elementor-widget elementor-widget-text-editor\" data-id=\"4de3ab7\" data-element_type=\"widget\" data-e-type=\"widget\" data-widget_type=\"text-editor.default\">\n\t\t\t\t\t\t\t\t\t<p>To tutaj <strong>pieczony ry\u017c<\/strong>, nie tak znane jak paella, ale r\u00f3wnie smaczne, a nawet smaczniejsze, to <em><strong>arros amb fessols i naps<\/strong> <\/em>y <strong>l'arnand\u00ed<\/strong> kt\u00f3ry jest typowym s\u0142odyczem.<\/p>\n<p><!-- \/wp:paragraph --><!-- wp:heading {\"level\":3} --><\/p>\t\t\t\t\t\t\t\t<\/div>\n\t\t\t\t<\/div>\n\t\t\t\t<\/div>\n\t\t<div class=\"elementor-element elementor-element-10f8e3c e-con-full e-flex e-con e-child\" data-id=\"10f8e3c\" data-element_type=\"container\" data-e-type=\"container\">\n\t\t<div class=\"elementor-element elementor-element-1569f57 e-con-full e-flex e-con e-child\" data-id=\"1569f57\" data-element_type=\"container\" data-e-type=\"container\">\n\t\t\t\t<div class=\"elementor-element elementor-element-a2c7c54 elementor-widget elementor-widget-heading\" data-id=\"a2c7c54\" data-element_type=\"widget\" data-e-type=\"widget\" data-widget_type=\"heading.default\">\n\t\t\t\t\t<h2 class=\"elementor-heading-title elementor-size-default\">Nieko\u0144cz\u0105ce si\u0119 trasy w sercu natury<\/h2>\t\t\t\t<\/div>\n\t\t\t\t<\/div>\n\t\t<div class=\"elementor-element elementor-element-1fea595 e-con-full e-flex e-con e-child\" data-id=\"1fea595\" data-element_type=\"container\" data-e-type=\"container\">\n\t\t\t\t<div class=\"elementor-element elementor-element-5a6ec9c elementor-widget elementor-widget-text-editor\" data-id=\"5a6ec9c\" data-element_type=\"widget\" data-e-type=\"widget\" data-widget_type=\"text-editor.default\">\n\t\t\t\t\t\t\t\t\t<p>Posiada najwi\u0119ksz\u0105 liczb\u0119 obszar\u00f3w przyrodniczych w Hiszpanii, \u0142\u0105cznie 26.<br \/>Z czego oczywi\u015bcie<strong> Trasa Borja<\/strong> i <strong>Obszar naturalny Cova Negra.<\/strong><\/p>\t\t\t\t\t\t\t\t<\/div>\n\t\t\t\t<\/div>\n\t\t\t\t<\/div>\n\t\t<div class=\"elementor-element elementor-element-476bd0a e-con-full e-flex e-con e-child\" data-id=\"476bd0a\" data-element_type=\"container\" data-e-type=\"container\">\n\t\t<div class=\"elementor-element elementor-element-a0b6c75 e-con-full e-flex e-con e-child\" data-id=\"a0b6c75\" data-element_type=\"container\" data-e-type=\"container\">\n\t\t\t\t<div class=\"elementor-element elementor-element-e01a700 elementor-widget elementor-widget-heading\" data-id=\"e01a700\" data-element_type=\"widget\" data-e-type=\"widget\" data-widget_type=\"heading.default\">\n\t\t\t\t\t<h2 class=\"elementor-heading-title elementor-size-default\">Gigantyczna szopka<\/h2>\t\t\t\t<\/div>\n\t\t\t\t<\/div>\n\t\t<div class=\"elementor-element elementor-element-2b5d92d e-con-full e-flex e-con e-child\" data-id=\"2b5d92d\" data-element_type=\"container\" data-e-type=\"container\">\n\t\t\t\t<div class=\"elementor-element elementor-element-9d6fb8a elementor-widget elementor-widget-text-editor\" data-id=\"9d6fb8a\" data-element_type=\"widget\" data-e-type=\"widget\" data-widget_type=\"text-editor.default\">\n\t\t\t\t\t\t\t\t\t<p>Podczas \u015awi\u0105t Bo\u017cego Narodzenia mo\u017cna osobi\u015bcie zobaczy\u0107 najwi\u0119ksz\u0105 w kraju szopk\u0119 naturalnej wielko\u015bci, co jest prawdziw\u0105 gratk\u0105.<\/p>\t\t\t\t\t\t\t\t<\/div>\n\t\t\t\t<\/div>\n\t\t\t\t<\/div>\n\t\t\t\t\t<\/div>\n\t\t\t\t<\/div>\n\t\t\t\t<\/div>","protected":false},"excerpt":{"rendered":"<p>X\u00e1tiva es sin\u00f3nimo de abundancia: por su rica historia y por su enorme influencia cultural y gastron\u00f3mica. Es una peque\u00f1a ciudad, con casi 30.000 habitantes puede que poco conocida en el \u00e1mbito internacional, e incluso en la propia Espa\u00f1a, pero esconde leyendas y tesoros hist\u00f3ricos que marcaron la vida en la pen\u00ednsula. Por su posici\u00f3n [&hellip;]<\/p>\n","protected":false},"author":1,"featured_media":703,"comment_status":"closed","ping_status":"closed","sticky":false,"template":"","format":"standard","meta":{"_acf_changed":false,"footnotes":""},"categories":[41],"tags":[47,34,48,49,45,50],"class_list":["post-458","post","type-post","status-publish","format-standard","has-post-thumbnail","hentry","category-que-ver","tag-cultural","tag-excursiones","tag-heritage","tag-naturaleza","tag-patrimonio-cultural","tag-xativa"],"acf":[],"yoast_head":"<!-- This site is optimized with the Yoast SEO plugin v27.5 - https:\/\/yoast.com\/product\/yoast-seo-wordpress\/ -->\n<title>X\u00e0tiva: el pueblo que hizo historia - Valencia&amp;Go<\/title>\n<meta name=\"description\" content=\"\u00bfQu\u00e9 se esconde detr\u00e1s de uno de los lugares clave en la historia de Valencia? \u00a1Descubre X\u00e0tiva el pueblo que hizo historia con nosotros!\" \/>\n<meta name=\"robots\" content=\"noindex, follow, max-snippet:-1, max-image-preview:large, max-video-preview:-1\" \/>\n<meta property=\"og:locale\" content=\"pl_PL\" \/>\n<meta property=\"og:type\" content=\"article\" \/>\n<meta property=\"og:title\" content=\"X\u00e0tiva: el pueblo que hizo historia - Valencia&amp;Go\" \/>\n<meta property=\"og:description\" content=\"\u00bfQu\u00e9 se esconde detr\u00e1s de uno de los lugares clave en la historia de Valencia? \u00a1Descubre X\u00e0tiva el pueblo que hizo historia con nosotros!\" \/>\n<meta property=\"og:url\" content=\"https:\/\/upgrade.valenciaandgo.com\/pl\/xativa\/\" \/>\n<meta property=\"og:site_name\" content=\"Valencia&amp;Go\" \/>\n<meta property=\"article:publisher\" content=\"https:\/\/www.facebook.com\/valenciaandgo\/\" \/>\n<meta property=\"article:published_time\" content=\"2022-04-01T12:52:00+00:00\" \/>\n<meta property=\"article:modified_time\" content=\"2026-03-16T15:49:18+00:00\" \/>\n<meta property=\"og:image\" content=\"https:\/\/upgrade.valenciaandgo.com\/wp-content\/uploads\/2025\/11\/img-blog-xativa-historia.webp\" \/>\n\t<meta property=\"og:image:width\" content=\"1170\" \/>\n\t<meta property=\"og:image:height\" content=\"783\" \/>\n\t<meta property=\"og:image:type\" content=\"image\/webp\" \/>\n<meta name=\"author\" content=\"Valencia &amp; Go\" \/>\n<meta name=\"twitter:card\" content=\"summary_large_image\" \/>\n<meta name=\"twitter:label1\" content=\"Napisane przez\" \/>\n\t<meta name=\"twitter:data1\" content=\"Valencia &amp; Go\" \/>\n\t<meta name=\"twitter:label2\" content=\"Szacowany czas czytania\" \/>\n\t<meta name=\"twitter:data2\" content=\"6 minut\" \/>\n<script type=\"application\/ld+json\" class=\"yoast-schema-graph\">{\"@context\":\"https:\\\/\\\/schema.org\",\"@graph\":[{\"@type\":\"Article\",\"@id\":\"https:\\\/\\\/upgrade.valenciaandgo.com\\\/xativa\\\/#article\",\"isPartOf\":{\"@id\":\"https:\\\/\\\/upgrade.valenciaandgo.com\\\/xativa\\\/\"},\"author\":{\"name\":\"Valencia &amp; Go\",\"@id\":\"https:\\\/\\\/upgrade.valenciaandgo.com\\\/it\\\/#\\\/schema\\\/person\\\/ca673553802eb937b57af07a6ce74908\"},\"headline\":\"X\u00e0tiva: el pueblo que hizo historia\",\"datePublished\":\"2022-04-01T12:52:00+00:00\",\"dateModified\":\"2026-03-16T15:49:18+00:00\",\"mainEntityOfPage\":{\"@id\":\"https:\\\/\\\/upgrade.valenciaandgo.com\\\/xativa\\\/\"},\"wordCount\":1212,\"publisher\":{\"@id\":\"https:\\\/\\\/upgrade.valenciaandgo.com\\\/it\\\/#organization\"},\"image\":{\"@id\":\"https:\\\/\\\/upgrade.valenciaandgo.com\\\/xativa\\\/#primaryimage\"},\"thumbnailUrl\":\"https:\\\/\\\/upgrade.valenciaandgo.com\\\/wp-content\\\/uploads\\\/2025\\\/11\\\/img-blog-xativa-historia.webp\",\"keywords\":[\"cultural\",\"excursiones\",\"heritage\",\"naturaleza\",\"patrimonio cultural\",\"X\u00e0tiva\"],\"articleSection\":[\"Qu\u00e9 ver\"],\"inLanguage\":\"pl-PL\"},{\"@type\":\"WebPage\",\"@id\":\"https:\\\/\\\/upgrade.valenciaandgo.com\\\/xativa\\\/\",\"url\":\"https:\\\/\\\/upgrade.valenciaandgo.com\\\/xativa\\\/\",\"name\":\"X\u00e0tiva: el pueblo que hizo historia - Valencia&amp;Go\",\"isPartOf\":{\"@id\":\"https:\\\/\\\/upgrade.valenciaandgo.com\\\/it\\\/#website\"},\"primaryImageOfPage\":{\"@id\":\"https:\\\/\\\/upgrade.valenciaandgo.com\\\/xativa\\\/#primaryimage\"},\"image\":{\"@id\":\"https:\\\/\\\/upgrade.valenciaandgo.com\\\/xativa\\\/#primaryimage\"},\"thumbnailUrl\":\"https:\\\/\\\/upgrade.valenciaandgo.com\\\/wp-content\\\/uploads\\\/2025\\\/11\\\/img-blog-xativa-historia.webp\",\"datePublished\":\"2022-04-01T12:52:00+00:00\",\"dateModified\":\"2026-03-16T15:49:18+00:00\",\"description\":\"\u00bfQu\u00e9 se esconde detr\u00e1s de uno de los lugares clave en la historia de Valencia? \u00a1Descubre X\u00e0tiva el pueblo que hizo historia con nosotros!\",\"breadcrumb\":{\"@id\":\"https:\\\/\\\/upgrade.valenciaandgo.com\\\/xativa\\\/#breadcrumb\"},\"inLanguage\":\"pl-PL\",\"potentialAction\":[{\"@type\":\"ReadAction\",\"target\":[\"https:\\\/\\\/upgrade.valenciaandgo.com\\\/xativa\\\/\"]}]},{\"@type\":\"ImageObject\",\"inLanguage\":\"pl-PL\",\"@id\":\"https:\\\/\\\/upgrade.valenciaandgo.com\\\/xativa\\\/#primaryimage\",\"url\":\"https:\\\/\\\/upgrade.valenciaandgo.com\\\/wp-content\\\/uploads\\\/2025\\\/11\\\/img-blog-xativa-historia.webp\",\"contentUrl\":\"https:\\\/\\\/upgrade.valenciaandgo.com\\\/wp-content\\\/uploads\\\/2025\\\/11\\\/img-blog-xativa-historia.webp\",\"width\":1170,\"height\":783},{\"@type\":\"BreadcrumbList\",\"@id\":\"https:\\\/\\\/upgrade.valenciaandgo.com\\\/xativa\\\/#breadcrumb\",\"itemListElement\":[{\"@type\":\"ListItem\",\"position\":1,\"name\":\"Portada\",\"item\":\"https:\\\/\\\/upgrade.valenciaandgo.com\\\/\"},{\"@type\":\"ListItem\",\"position\":2,\"name\":\"X\u00e0tiva: el pueblo que hizo historia\"}]},{\"@type\":\"WebSite\",\"@id\":\"https:\\\/\\\/upgrade.valenciaandgo.com\\\/it\\\/#website\",\"url\":\"https:\\\/\\\/upgrade.valenciaandgo.com\\\/it\\\/\",\"name\":\"Valencia&Go\",\"description\":\"Tours por Valencia y alrededores de ciudad.\",\"publisher\":{\"@id\":\"https:\\\/\\\/upgrade.valenciaandgo.com\\\/it\\\/#organization\"},\"potentialAction\":[{\"@type\":\"SearchAction\",\"target\":{\"@type\":\"EntryPoint\",\"urlTemplate\":\"https:\\\/\\\/upgrade.valenciaandgo.com\\\/it\\\/?s={search_term_string}\"},\"query-input\":{\"@type\":\"PropertyValueSpecification\",\"valueRequired\":true,\"valueName\":\"search_term_string\"}}],\"inLanguage\":\"pl-PL\"},{\"@type\":\"Organization\",\"@id\":\"https:\\\/\\\/upgrade.valenciaandgo.com\\\/it\\\/#organization\",\"name\":\"Valencia&Go\",\"url\":\"https:\\\/\\\/upgrade.valenciaandgo.com\\\/it\\\/\",\"logo\":{\"@type\":\"ImageObject\",\"inLanguage\":\"pl-PL\",\"@id\":\"https:\\\/\\\/upgrade.valenciaandgo.com\\\/it\\\/#\\\/schema\\\/logo\\\/image\\\/\",\"url\":\"https:\\\/\\\/upgrade.valenciaandgo.com\\\/wp-content\\\/uploads\\\/2025\\\/10\\\/valencia_go-svg-blnc-iso-naranja.svg\",\"contentUrl\":\"https:\\\/\\\/upgrade.valenciaandgo.com\\\/wp-content\\\/uploads\\\/2025\\\/10\\\/valencia_go-svg-blnc-iso-naranja.svg\",\"width\":434,\"height\":102,\"caption\":\"Valencia&Go\"},\"image\":{\"@id\":\"https:\\\/\\\/upgrade.valenciaandgo.com\\\/it\\\/#\\\/schema\\\/logo\\\/image\\\/\"},\"sameAs\":[\"https:\\\/\\\/www.facebook.com\\\/valenciaandgo\\\/\",\"https:\\\/\\\/www.instagram.com\\\/valenciaandgo\",\"https:\\\/\\\/www.linkedin.com\\\/company\\\/valencia-go\\\/\",\"https:\\\/\\\/www.tiktok.com\\\/@valenciaandgo\"]},{\"@type\":\"Person\",\"@id\":\"https:\\\/\\\/upgrade.valenciaandgo.com\\\/it\\\/#\\\/schema\\\/person\\\/ca673553802eb937b57af07a6ce74908\",\"name\":\"Valencia &amp; Go\",\"sameAs\":[\"https:\\\/\\\/valenciaandgo.com\"],\"url\":\"https:\\\/\\\/upgrade.valenciaandgo.com\\\/pl\\\/author\\\/valencia\\\/\"}]}<\/script>\n<!-- \/ Yoast SEO plugin. -->","yoast_head_json":{"title":"X\u00e0tiva: miasto, kt\u00f3re przesz\u0142o do historii - Valencia&amp;Go","description":"Co kryje si\u0119 za jednym z kluczowych miejsc w historii Walencji? Odkryj z nami X\u00e0tiv\u0119, miasto, kt\u00f3re tworzy\u0142o histori\u0119!","robots":{"index":"noindex","follow":"follow","max-snippet":"max-snippet:-1","max-image-preview":"max-image-preview:large","max-video-preview":"max-video-preview:-1"},"og_locale":"pl_PL","og_type":"article","og_title":"X\u00e0tiva: el pueblo que hizo historia - Valencia&amp;Go","og_description":"\u00bfQu\u00e9 se esconde detr\u00e1s de uno de los lugares clave en la historia de Valencia? \u00a1Descubre X\u00e0tiva el pueblo que hizo historia con nosotros!","og_url":"https:\/\/upgrade.valenciaandgo.com\/pl\/xativa\/","og_site_name":"Valencia&amp;Go","article_publisher":"https:\/\/www.facebook.com\/valenciaandgo\/","article_published_time":"2022-04-01T12:52:00+00:00","article_modified_time":"2026-03-16T15:49:18+00:00","og_image":[{"width":1170,"height":783,"url":"https:\/\/upgrade.valenciaandgo.com\/wp-content\/uploads\/2025\/11\/img-blog-xativa-historia.webp","type":"image\/webp"}],"author":"Valencia &amp; Go","twitter_card":"summary_large_image","twitter_misc":{"Napisane przez":"Valencia &amp; Go","Szacowany czas czytania":"6 minut"},"schema":{"@context":"https:\/\/schema.org","@graph":[{"@type":"Article","@id":"https:\/\/upgrade.valenciaandgo.com\/xativa\/#article","isPartOf":{"@id":"https:\/\/upgrade.valenciaandgo.com\/xativa\/"},"author":{"name":"Valencia &amp; Go","@id":"https:\/\/upgrade.valenciaandgo.com\/it\/#\/schema\/person\/ca673553802eb937b57af07a6ce74908"},"headline":"X\u00e0tiva: el pueblo que hizo historia","datePublished":"2022-04-01T12:52:00+00:00","dateModified":"2026-03-16T15:49:18+00:00","mainEntityOfPage":{"@id":"https:\/\/upgrade.valenciaandgo.com\/xativa\/"},"wordCount":1212,"publisher":{"@id":"https:\/\/upgrade.valenciaandgo.com\/it\/#organization"},"image":{"@id":"https:\/\/upgrade.valenciaandgo.com\/xativa\/#primaryimage"},"thumbnailUrl":"https:\/\/upgrade.valenciaandgo.com\/wp-content\/uploads\/2025\/11\/img-blog-xativa-historia.webp","keywords":["cultural","excursiones","heritage","naturaleza","patrimonio cultural","X\u00e0tiva"],"articleSection":["Qu\u00e9 ver"],"inLanguage":"pl-PL"},{"@type":"WebPage","@id":"https:\/\/upgrade.valenciaandgo.com\/xativa\/","url":"https:\/\/upgrade.valenciaandgo.com\/xativa\/","name":"X\u00e0tiva: miasto, kt\u00f3re przesz\u0142o do historii - Valencia&amp;Go","isPartOf":{"@id":"https:\/\/upgrade.valenciaandgo.com\/it\/#website"},"primaryImageOfPage":{"@id":"https:\/\/upgrade.valenciaandgo.com\/xativa\/#primaryimage"},"image":{"@id":"https:\/\/upgrade.valenciaandgo.com\/xativa\/#primaryimage"},"thumbnailUrl":"https:\/\/upgrade.valenciaandgo.com\/wp-content\/uploads\/2025\/11\/img-blog-xativa-historia.webp","datePublished":"2022-04-01T12:52:00+00:00","dateModified":"2026-03-16T15:49:18+00:00","description":"Co kryje si\u0119 za jednym z kluczowych miejsc w historii Walencji? Odkryj z nami X\u00e0tiv\u0119, miasto, kt\u00f3re tworzy\u0142o histori\u0119!","breadcrumb":{"@id":"https:\/\/upgrade.valenciaandgo.com\/xativa\/#breadcrumb"},"inLanguage":"pl-PL","potentialAction":[{"@type":"ReadAction","target":["https:\/\/upgrade.valenciaandgo.com\/xativa\/"]}]},{"@type":"ImageObject","inLanguage":"pl-PL","@id":"https:\/\/upgrade.valenciaandgo.com\/xativa\/#primaryimage","url":"https:\/\/upgrade.valenciaandgo.com\/wp-content\/uploads\/2025\/11\/img-blog-xativa-historia.webp","contentUrl":"https:\/\/upgrade.valenciaandgo.com\/wp-content\/uploads\/2025\/11\/img-blog-xativa-historia.webp","width":1170,"height":783},{"@type":"BreadcrumbList","@id":"https:\/\/upgrade.valenciaandgo.com\/xativa\/#breadcrumb","itemListElement":[{"@type":"ListItem","position":1,"name":"Portada","item":"https:\/\/upgrade.valenciaandgo.com\/"},{"@type":"ListItem","position":2,"name":"X\u00e0tiva: el pueblo que hizo historia"}]},{"@type":"WebSite","@id":"https:\/\/upgrade.valenciaandgo.com\/it\/#website","url":"https:\/\/upgrade.valenciaandgo.com\/it\/","name":"Valencia&amp;Go","description":"Wycieczki po Walencji i okolicach.","publisher":{"@id":"https:\/\/upgrade.valenciaandgo.com\/it\/#organization"},"potentialAction":[{"@type":"SearchAction","target":{"@type":"EntryPoint","urlTemplate":"https:\/\/upgrade.valenciaandgo.com\/it\/?s={search_term_string}"},"query-input":{"@type":"PropertyValueSpecification","valueRequired":true,"valueName":"search_term_string"}}],"inLanguage":"pl-PL"},{"@type":"Organization","@id":"https:\/\/upgrade.valenciaandgo.com\/it\/#organization","name":"Valencia&amp;Go","url":"https:\/\/upgrade.valenciaandgo.com\/it\/","logo":{"@type":"ImageObject","inLanguage":"pl-PL","@id":"https:\/\/upgrade.valenciaandgo.com\/it\/#\/schema\/logo\/image\/","url":"https:\/\/upgrade.valenciaandgo.com\/wp-content\/uploads\/2025\/10\/valencia_go-svg-blnc-iso-naranja.svg","contentUrl":"https:\/\/upgrade.valenciaandgo.com\/wp-content\/uploads\/2025\/10\/valencia_go-svg-blnc-iso-naranja.svg","width":434,"height":102,"caption":"Valencia&Go"},"image":{"@id":"https:\/\/upgrade.valenciaandgo.com\/it\/#\/schema\/logo\/image\/"},"sameAs":["https:\/\/www.facebook.com\/valenciaandgo\/","https:\/\/www.instagram.com\/valenciaandgo","https:\/\/www.linkedin.com\/company\/valencia-go\/","https:\/\/www.tiktok.com\/@valenciaandgo"]},{"@type":"Person","@id":"https:\/\/upgrade.valenciaandgo.com\/it\/#\/schema\/person\/ca673553802eb937b57af07a6ce74908","name":"Valencia &amp; Go","sameAs":["https:\/\/valenciaandgo.com"],"url":"https:\/\/upgrade.valenciaandgo.com\/pl\/author\/valencia\/"}]}},"_links":{"self":[{"href":"https:\/\/upgrade.valenciaandgo.com\/pl\/wp-json\/wp\/v2\/posts\/458","targetHints":{"allow":["GET"]}}],"collection":[{"href":"https:\/\/upgrade.valenciaandgo.com\/pl\/wp-json\/wp\/v2\/posts"}],"about":[{"href":"https:\/\/upgrade.valenciaandgo.com\/pl\/wp-json\/wp\/v2\/types\/post"}],"author":[{"embeddable":true,"href":"https:\/\/upgrade.valenciaandgo.com\/pl\/wp-json\/wp\/v2\/users\/1"}],"replies":[{"embeddable":true,"href":"https:\/\/upgrade.valenciaandgo.com\/pl\/wp-json\/wp\/v2\/comments?post=458"}],"version-history":[{"count":0,"href":"https:\/\/upgrade.valenciaandgo.com\/pl\/wp-json\/wp\/v2\/posts\/458\/revisions"}],"wp:featuredmedia":[{"embeddable":true,"href":"https:\/\/upgrade.valenciaandgo.com\/pl\/wp-json\/wp\/v2\/media\/703"}],"wp:attachment":[{"href":"https:\/\/upgrade.valenciaandgo.com\/pl\/wp-json\/wp\/v2\/media?parent=458"}],"wp:term":[{"taxonomy":"category","embeddable":true,"href":"https:\/\/upgrade.valenciaandgo.com\/pl\/wp-json\/wp\/v2\/categories?post=458"},{"taxonomy":"post_tag","embeddable":true,"href":"https:\/\/upgrade.valenciaandgo.com\/pl\/wp-json\/wp\/v2\/tags?post=458"}],"curies":[{"name":"wp","href":"https:\/\/api.w.org\/{rel}","templated":true}]}}