{"id":452,"date":"2022-03-24T10:16:00","date_gmt":"2022-03-24T10:16:00","guid":{"rendered":"https:\/\/new.valenciaandgo.com\/?p=452"},"modified":"2026-03-16T15:55:34","modified_gmt":"2026-03-16T15:55:34","slug":"dzielnica-carmen-w-walencji","status":"publish","type":"post","link":"https:\/\/upgrade.valenciaandgo.com\/pl\/barrio-del-carmen-de-valencia\/","title":{"rendered":"Dzielnica Carmen w Walencji"},"content":{"rendered":"<div data-elementor-type=\"wp-post\" data-elementor-id=\"452\" class=\"elementor elementor-452\" data-elementor-post-type=\"post\">\n\t\t\t\t<div class=\"elementor-element elementor-element-6c1cb182 e-flex e-con-boxed e-con e-parent\" data-id=\"6c1cb182\" data-element_type=\"container\" data-e-type=\"container\">\n\t\t\t\t\t<div class=\"e-con-inner\">\n\t\t<div class=\"elementor-element elementor-element-1ded58ea e-con-full e-flex e-con e-child\" data-id=\"1ded58ea\" data-element_type=\"container\" data-e-type=\"container\">\n\t\t\t\t<div class=\"elementor-element elementor-element-1c75c340 elementor-widget elementor-widget-text-editor\" data-id=\"1c75c340\" data-element_type=\"widget\" data-e-type=\"widget\" data-widget_type=\"text-editor.default\">\n\t\t\t\t\t\t\t\t\t\n<p>E<strong>najstarsza dzielnica <\/strong>Walencja znana jako Barrio del Carmen zawiera w swoim wn\u0119trzu <strong>jedna z najbardziej historycznych ulic<\/strong>: <strong>Museum Street<\/strong>, kt\u00f3ry ma <strong>dwie ciekawostki<\/strong> nie mo\u017cna przegapi\u0107....<\/p>\n\t\t\t\t\t\t\t\t<\/div>\n\t\t\t\t<div class=\"elementor-element elementor-element-2844e68 elementor-widget elementor-widget-text-editor\" data-id=\"2844e68\" data-element_type=\"widget\" data-e-type=\"widget\" data-widget_type=\"text-editor.default\">\n\t\t\t\t\t\t\t\t\t\n<p>Jednym z nich jest to, \u017ce <strong>mo\u017cna znale\u017a\u0107 pochodzenie Carmen<\/strong> i ten, od kt\u00f3rego pochodzi nazwa dzielnicy: <strong><a href=\"https:\/\/conventcarmen.com\/\">klasztor Carmen Calzado<\/a><\/strong> Dzi\u015b otrzyma\u0142 nowe \u017cycie i sta\u0142 si\u0119 jednym z najbardziej ambitnych o\u015brodk\u00f3w kulturalnych w mie\u015bcie! <strong>to hotel, centrum spo\u0142eczno-kulturalne z wydarzeniami muzycznymi i gastronomicznymi, wystawami, teatrem, wyk\u0142adami, a tak\u017ce pi\u0119kny miejski ogr\u00f3d. <\/strong><\/p>\n<p><\/p>\n<p>A druga... ma zwi\u0105zek z kotami, ale o tym opowiemy nieco p\u00f3\u017aniej....<br \/>Najpierw przyjrzyjmy si\u0119 historii...<\/p>\n\t\t\t\t\t\t\t\t<\/div>\n\t\t\t\t<\/div>\n\t\t<div class=\"elementor-element elementor-element-6f7cf554 e-con-full e-flex e-con e-child\" data-id=\"6f7cf554\" data-element_type=\"container\" data-e-type=\"container\">\n\t\t<div class=\"elementor-element elementor-element-45cb2426 e-con-full e-flex e-con e-child\" data-id=\"45cb2426\" data-element_type=\"container\" data-e-type=\"container\">\n\t\t\t\t<div class=\"elementor-element elementor-element-5afaa1c7 elementor-widget elementor-widget-heading\" data-id=\"5afaa1c7\" data-element_type=\"widget\" data-e-type=\"widget\" data-widget_type=\"heading.default\">\n\t\t\t\t\t<h2 class=\"elementor-heading-title elementor-size-default\">Mury obronne El Carmen<\/h2>\t\t\t\t<\/div>\n\t\t\t\t<\/div>\n\t\t<div class=\"elementor-element elementor-element-1a6c2f96 e-con-full e-flex e-con e-child\" data-id=\"1a6c2f96\" data-element_type=\"container\" data-e-type=\"container\">\n\t\t\t\t<div class=\"elementor-element elementor-element-21126b57 elementor-widget elementor-widget-text-editor\" data-id=\"21126b57\" data-element_type=\"widget\" data-e-type=\"widget\" data-widget_type=\"text-editor.default\">\n\t\t\t\t\t\t\t\t\t<p>To s\u0105siedztwo, uwa\u017cane za <strong>serce Walencji<\/strong>, Staro\u017cytne miasto wyros\u0142o mi\u0119dzy dwoma murami:<\/p>\n<p><!-- \/wp:paragraph --><!-- wp:list --><\/p>\n<ul class=\"wp-block-list\"><!-- wp:list-item -->\n<li>Muzu\u0142ma\u0144ski mur: pochodz\u0105cy z XI wieku, kt\u00f3ry ogranicza\u0142 wschodni\u0105 cz\u0119\u015b\u0107 miasta.<\/li>\n<!-- \/wp:list-item --><!-- wp:list-item -->\n<li>Chrze\u015bcija\u0144ski, kt\u00f3ry powsta\u0142 ju\u017c w XIV wieku i kt\u00f3ry chroni\u0142 miasto od zachodu.<\/li>\n<!-- \/wp:list-item --><\/ul>\n<p><!-- \/wp:list --><!-- wp:paragraph --><\/p>\n<p><strong>Stworzy\u0142a w\u0142asn\u0105 histori\u0119<\/strong>Obecni byli nast\u0119puj\u0105cy cz\u0142onkowie<strong> sady, przedmie\u015bcia i schroniska<\/strong> muzu\u0142man\u00f3w; by\u0142 jednym z<strong> najs\u0142ynniejsze domy publiczne<\/strong> w basenie Morza \u015ar\u00f3dziemnego, najwi\u0119kszy i najwa\u017cniejszy <strong>klasztory<\/strong> miasta, gdzie <strong>arystokracja \u017cy\u0142a w luksusie<\/strong> a nast\u0119pnie sta\u0107 si\u0119 <strong>brudny i marginalny obszar<\/strong> podczas rewolucji przemys\u0142owej i jest obecnie jedn\u0105 z najwa\u017cniejszych dzielnic <strong>bardziej kolorowy i jowialny<\/strong> Walencji.<\/p>\n<p><!-- \/wp:paragraph --><!-- wp:paragraph --><\/p>\n<p>Jego g\u0142\u00f3wnymi ulicami, od samego pocz\u0105tku a\u017c do teraz, by\u0142y ulice Serranos i Caballeros, od kt\u00f3rych pochodzi dzielnica. <strong>zosta\u0142a podzielona na dwa sektory:<\/strong><\/p>\n<p><!-- \/wp:paragraph --><!-- wp:list --><\/p>\n<ul class=\"wp-block-list\"><!-- wp:list-item -->\n<li>Wn\u0119trze: po\u015bwi\u0119cone tekstyliom, gdzie po rekonkwi\u015bcie osiedlili si\u0119 \u015blusarze, kowale i miedznicy.<\/li>\n<!-- \/wp:list-item --><!-- wp:list-item -->\n<li>Na zewn\u0105trz: gdzie znajdowa\u0142y si\u0119 przedmie\u015bcia, takie jak Arrabal de Roters, Arrabal dels tints (nazwane tak ze wzgl\u0119du na wykorzystanie farbiarni), La Blanqueria (obszar garbarzy, r\u0119kawicznik\u00f3w i szewc\u00f3w) lub El Partit (regulowany dom publiczny).<\/li>\n<!-- \/wp:list-item --><\/ul>\n<p><!-- \/wp:list --><!-- wp:paragraph --><\/p>\n<p>Czy kiedykolwiek s\u0142ysza\u0142e\u015b wyra\u017cenie <em>pobyt na ksi\u0119\u017cycu w Walencji<\/em>?<\/p>\n<p><!-- \/wp:paragraph --><!-- wp:heading {\"level\":3} --><\/p>\t\t\t\t\t\t\t\t<\/div>\n\t\t\t\t<div class=\"elementor-element elementor-element-5e43e0d elementor-widget elementor-widget-text-editor\" data-id=\"5e43e0d\" data-element_type=\"widget\" data-e-type=\"widget\" data-widget_type=\"text-editor.default\">\n\t\t\t\t\t\t\t\t\t<p class=\"wp-block-heading\">\u017bycie miasta by\u0142o ukryte za tymi murami, gdzie o godzinie 22.00 zamykano bramy, aby chroni\u0107 si\u0119 w nocy, pozostawiaj\u0105c wszystkich, kt\u00f3rzy przybyli p\u00f3\u017ano, aby spali na zewn\u0105trz \u00bbw \u015bwietle ksi\u0119\u017cyca Walencji\u00bb obok mostu Serranos.<\/p>\n<p>\u00a0<\/p>\n<p><img fetchpriority=\"high\" decoding=\"async\" class=\"aligncenter wp-image-10183\" src=\"https:\/\/upgrade.valenciaandgo.com\/wp-content\/uploads\/2026\/03\/carmen.webp\" alt=\"\" width=\"400\" height=\"533\" srcset=\"https:\/\/upgrade.valenciaandgo.com\/wp-content\/uploads\/2026\/03\/carmen.webp 768w, https:\/\/upgrade.valenciaandgo.com\/wp-content\/uploads\/2026\/03\/carmen-9x12.webp 9w\" sizes=\"(max-width: 400px) 100vw, 400px\" \/><\/p>\n<p><!-- \/wp:heading --><!-- wp:image {\"id\":3287,\"align\":\"right\"} --><\/p>\n<p><!-- \/wp:paragraph --><!-- wp:heading {\"level\":3} --><\/p>\t\t\t\t\t\t\t\t<\/div>\n\t\t\t\t<\/div>\n\t\t\t\t<\/div>\n\t\t<div class=\"elementor-element elementor-element-9cc9072 e-con-full e-flex e-con e-child\" data-id=\"9cc9072\" data-element_type=\"container\" data-e-type=\"container\">\n\t\t<div class=\"elementor-element elementor-element-9181824 e-con-full e-flex e-con e-child\" data-id=\"9181824\" data-element_type=\"container\" data-e-type=\"container\">\n\t\t\t\t<div class=\"elementor-element elementor-element-1c87982 elementor-widget elementor-widget-heading\" data-id=\"1c87982\" data-element_type=\"widget\" data-e-type=\"widget\" data-widget_type=\"heading.default\">\n\t\t\t\t\t<h2 class=\"elementor-heading-title elementor-size-default\">Czego nie przegapi\u0107 w El Carmen<\/h2>\t\t\t\t<\/div>\n\t\t\t\t<\/div>\n\t\t<div class=\"elementor-element elementor-element-217f875 e-con-full e-flex e-con e-child\" data-id=\"217f875\" data-element_type=\"container\" data-e-type=\"container\">\n\t\t\t\t<div class=\"elementor-element elementor-element-538f92d elementor-widget elementor-widget-text-editor\" data-id=\"538f92d\" data-element_type=\"widget\" data-e-type=\"widget\" data-widget_type=\"text-editor.default\">\n\t\t\t\t\t\t\t\t\t<p>Spaceruj\u0105c po tej okolicy mo\u017cna znale\u017a\u0107 <strong>kilka najwa\u017cniejszych zabytk\u00f3w Walencji<\/strong> jako imponuj\u0105cy <strong>Serrano Towers<\/strong> lub wjazd do miasta <strong>Quart Towers<\/strong> inny z obszar\u00f3w \u015bciany <strong>Portal de la Valldigna<\/strong>, <strong>Plaza de la Virgen<\/strong>,<strong> Miguelete,<\/strong> w<strong> Katedra w Walencji<\/strong> lub<strong> Ko\u015bci\u00f3\u0142 San Nicol\u00e1s (tutaj mo\u017cna dowiedzie\u0107 si\u0119 wi\u0119cej na jego temat) <a href=\"https:\/\/valenciaandgo.com\/blog\/ciudad-de-valencia\/iglesia-san-nicolas-de-bari-y-san-pedro-martir\/\">Kaplica Syksty\u0144ska w Walencji)<\/a><\/strong><\/p>\n<p><!-- \/wp:paragraph --><!-- wp:paragraph --><\/p>\n<p>B\u0119dziesz w stanie odkry\u0107 <strong>historia miejskich schronisk,<\/strong> w\u0119drowa\u0107<strong> jego kolorowe i kr\u0119te alejki<\/strong> i znajdziesz nie tylko niezliczon\u0105 ilo\u015b\u0107<strong> street art<\/strong>, ale du\u017ca liczba <strong>muzea<\/strong> kt\u00f3re sprawi\u0105, \u017ce zanurzysz si\u0119 w historii tego wspania\u0142ego miasta:<\/p>\n<ul>\n<li>IVAM (Walencki Instytut Sztuki Wsp\u00f3\u0142czesnej)<\/li>\n<li>Centrum Kultury La Beneficencia: mie\u015bci Muzeum Prehistoryczne Walencji i Muzeum Etnologii Walencji).<\/li>\n<li>Dom-muzeum malarza Jos\u00e9 Benlliure'a<\/li>\n<li>Centre del Carme<\/li>\n<li>Muzeum Prehistoryczne w Walencji<\/li>\n<li>L'Iber, Muzeum Soldaditos de Plomo<\/li>\n<li>Muzeum Etnologiczne w Walencji<\/li>\n<li>Benlliure House-MuseumCorpus Museum-House of the Rocks<\/li>\n<\/ul>\n<p><!-- \/wp:list --><!-- wp:heading --><\/p>\n<p><!-- \/wp:paragraph --><!-- wp:heading {\"level\":3} --><\/p>\t\t\t\t\t\t\t\t<\/div>\n\t\t\t\t<\/div>\n\t\t\t\t<\/div>\n\t\t<div class=\"elementor-element elementor-element-ec9d5d1 e-con-full e-flex e-con e-child\" data-id=\"ec9d5d1\" data-element_type=\"container\" data-e-type=\"container\">\n\t\t<div class=\"elementor-element elementor-element-0759092 e-con-full e-flex e-con e-child\" data-id=\"0759092\" data-element_type=\"container\" data-e-type=\"container\">\n\t\t\t\t<div class=\"elementor-element elementor-element-b848eea elementor-widget elementor-widget-heading\" data-id=\"b848eea\" data-element_type=\"widget\" data-e-type=\"widget\" data-widget_type=\"heading.default\">\n\t\t\t\t\t<h2 class=\"elementor-heading-title elementor-size-default\">Gastronomia w El Carmen<\/h2>\t\t\t\t<\/div>\n\t\t\t\t<\/div>\n\t\t<div class=\"elementor-element elementor-element-0e8f696 e-con-full e-flex e-con e-child\" data-id=\"0e8f696\" data-element_type=\"container\" data-e-type=\"container\">\n\t\t\t\t<div class=\"elementor-element elementor-element-e25606a elementor-widget elementor-widget-text-editor\" data-id=\"e25606a\" data-element_type=\"widget\" data-e-type=\"widget\" data-widget_type=\"text-editor.default\">\n\t\t\t\t\t\t\t\t\t<p>Znajdziesz tu wszystko, od luksusowych restauracji po bary tapas z najwy\u017csz\u0105 jako\u015bci\u0105 i silnym naciskiem na kuchni\u0119 walenck\u0105 i hiszpa\u0144sk\u0105.<\/p>\n<p><!-- \/wp:paragraph --><!-- wp:paragraph --><\/p>\n<p>S\u0105 dwa, kt\u00f3rych nie mo\u017cna przegapi\u0107, je\u015bli jeste\u015b przejazdem, s\u0105 autentyczne i obowi\u0105zkowy przystanek, je\u015bli chcesz pozna\u0107 nasz\u0105 gastronomi\u0119:<\/p>\n<p><!-- \/wp:paragraph --><!-- wp:list --><\/p>\n<ul class=\"wp-block-list\"><!-- wp:list-item -->\n<li><a href=\"https:\/\/www.facebook.com\/victorarenasvergara\/\">Tasca Angel<\/a> (C\/ de la Pur\u00edsima 1): jest to tradycyjna tawerna ze \u015bwie\u017cymi produktami sezonowymi. Jest bardzo ma\u0142a, wi\u0119c trzeba i\u015b\u0107 wcze\u015bnie, aby zaj\u0105\u0107 miejsce, ale warto!<\/li>\n<!-- \/wp:list-item --><!-- wp:list-item -->\n<li><a href=\"https:\/\/refugiorestaurante.com\/\">El Refugio<\/a> (C\/de Dalt 42): restauracja z tradycyjnymi potrawami i niepowtarzaln\u0105 mieszank\u0105 fusion.<\/li>\n<!-- \/wp:list-item --><\/ul>\n<p><!-- \/wp:list --><!-- wp:heading --><\/p>\n<p><!-- \/wp:paragraph --><!-- wp:heading {\"level\":3} --><\/p>\t\t\t\t\t\t\t\t<\/div>\n\t\t\t\t<\/div>\n\t\t\t\t<\/div>\n\t\t<div class=\"elementor-element elementor-element-d16c2bc e-con-full e-flex e-con e-child\" data-id=\"d16c2bc\" data-element_type=\"container\" data-e-type=\"container\">\n\t\t<div class=\"elementor-element elementor-element-bad514c e-con-full e-flex e-con e-child\" data-id=\"bad514c\" data-element_type=\"container\" data-e-type=\"container\">\n\t\t\t\t<div class=\"elementor-element elementor-element-466b5e5 elementor-widget elementor-widget-heading\" data-id=\"466b5e5\" data-element_type=\"widget\" data-e-type=\"widget\" data-widget_type=\"heading.default\">\n\t\t\t\t\t<h2 class=\"elementor-heading-title elementor-size-default\">S\u0142ynne \"tardeo\" w dzielnicy Carmen<\/h2>\t\t\t\t<\/div>\n\t\t\t\t<\/div>\n\t\t<div class=\"elementor-element elementor-element-4b7c796 e-con-full e-flex e-con e-child\" data-id=\"4b7c796\" data-element_type=\"container\" data-e-type=\"container\">\n\t\t\t\t<div class=\"elementor-element elementor-element-6b6ddcc elementor-widget elementor-widget-text-editor\" data-id=\"6b6ddcc\" data-element_type=\"widget\" data-e-type=\"widget\" data-widget_type=\"text-editor.default\">\n\t\t\t\t\t\t\t\t\t<p>Jak wspomniano powy\u017cej, dzielnica ta jest obecnie<strong> s\u0142ynie z \u017cycia i atmosfery na swoich ulicach.<\/strong>. Jest to jeden z<strong> Najlepsze miejsca do jedzenia w Walencji i sp\u0119dzenia popo\u0142udnia.<\/strong> s\u0142uchaj\u0105c muzyki na \u017cywo lub ciesz\u0105c si\u0119 s\u0142o\u0144cem na jednym z taras\u00f3w.<\/p>\n<p><!-- \/wp:paragraph --><!-- wp:paragraph --><\/p>\n<p>I s\u0105 <strong>dwie kluczowe lokalizacje<\/strong>obszar<strong> Caballeros Street<\/strong> gdzie znajdziesz Unique, Bolser\u00eda i Fox Congo. I nasze ulubione miejsce par excellence:<strong> Plaza del Negrito<\/strong>, Pi\u0119kny plac z kilkoma barami, w kt\u00f3rych mo\u017cna usi\u0105\u015b\u0107 na relaksuj\u0105cego drinka lub pota\u0144czy\u0107 w \u015brodku. <strong>Ghecko<\/strong> kt\u00f3ry r\u00f3wnie\u017c ma bardzo oryginaln\u0105 dekoracj\u0119.<\/p>\n<p><!-- \/wp:paragraph --><!-- wp:heading --><\/p>\n<p><!-- \/wp:paragraph --><!-- wp:heading {\"level\":3} --><\/p>\t\t\t\t\t\t\t\t<\/div>\n\t\t\t\t<\/div>\n\t\t\t\t<\/div>\n\t\t<div class=\"elementor-element elementor-element-39a61a4 e-con-full e-flex e-con e-child\" data-id=\"39a61a4\" data-element_type=\"container\" data-e-type=\"container\">\n\t\t<div class=\"elementor-element elementor-element-ad95f7c e-con-full e-flex e-con e-child\" data-id=\"ad95f7c\" data-element_type=\"container\" data-e-type=\"container\">\n\t\t\t\t<div class=\"elementor-element elementor-element-e504b4e elementor-widget elementor-widget-heading\" data-id=\"e504b4e\" data-element_type=\"widget\" data-e-type=\"widget\" data-widget_type=\"heading.default\">\n\t\t\t\t\t<h2 class=\"elementor-heading-title elementor-size-default\">Twoje sklepy vintage<\/h2>\t\t\t\t<\/div>\n\t\t\t\t<\/div>\n\t\t<div class=\"elementor-element elementor-element-82ea6f9 e-con-full e-flex e-con e-child\" data-id=\"82ea6f9\" data-element_type=\"container\" data-e-type=\"container\">\n\t\t\t\t<div class=\"elementor-element elementor-element-2e87569 elementor-widget elementor-widget-text-editor\" data-id=\"2e87569\" data-element_type=\"widget\" data-e-type=\"widget\" data-widget_type=\"text-editor.default\">\n\t\t\t\t\t\t\t\t\t<p>AHHH nie zapomnij: znajdziesz wiele <strong>Sklepy w stylu vintage<\/strong> w okolicy w bardzo dobrych cenach. Oto kilka rekomendacji:<\/p>\n<p><!-- \/wp:paragraph --><!-- wp:list --><\/p>\n<ul class=\"wp-block-list\"><!-- wp:list-item -->\n<li><a href=\"https:\/\/www.vintagesoho.es\/\">SoHo del Carmen<\/a> (Carrer dels Drets 33)<\/li>\n<!-- \/wp:list-item --><!-- wp:list-item -->\n<li><a href=\"https:\/\/www.santospiritovintage.com\/\">Santo Spirito Vintage<\/a> (Carrer de Dalt, 22)<\/li>\n<!-- \/wp:list-item --><!-- wp:list-item -->\n<li><a href=\"https:\/\/pannonicavintage.wordpress.com\/\">Pannonica Vintage<\/a> (Carrer de Baix, 18)<\/li>\n<!-- \/wp:list-item --><!-- wp:list-item -->\n<li>Pani Henderson (Carrer de la Tapineria, 14)<\/li>\n<!-- \/wp:list-item --><\/ul>\n<p><!-- \/wp:list --><!-- wp:paragraph --><\/p>\n<p>Odwa\u017c si\u0119 w\u0119drowa\u0107 po ulicach, znajdziesz tu wiele dziwacznych sklep\u00f3w do odkrycia i b\u0119dzie to \u015bwietne do\u015bwiadczenie, je\u015bli interesujesz si\u0119 mod\u0105.<\/p>\n<p><!-- \/wp:paragraph --><!-- wp:heading --><\/p>\n<h2 class=\"wp-block-heading\">\u00a0<\/h2>\n<p><!-- \/wp:paragraph --><!-- wp:heading {\"level\":3} --><\/p>\t\t\t\t\t\t\t\t<\/div>\n\t\t\t\t<\/div>\n\t\t\t\t<\/div>\n\t\t<div class=\"elementor-element elementor-element-785bd7d e-con-full e-flex e-con e-child\" data-id=\"785bd7d\" data-element_type=\"container\" data-e-type=\"container\">\n\t\t<div class=\"elementor-element elementor-element-a880896 e-con-full e-flex e-con e-child\" data-id=\"a880896\" data-element_type=\"container\" data-e-type=\"container\">\n\t\t\t\t<div class=\"elementor-element elementor-element-e020c26 elementor-widget elementor-widget-heading\" data-id=\"e020c26\" data-element_type=\"widget\" data-e-type=\"widget\" data-widget_type=\"heading.default\">\n\t\t\t\t\t<h2 class=\"elementor-heading-title elementor-size-default\">Muzyka na \u017cywo w El Carmen<\/h2>\t\t\t\t<\/div>\n\t\t\t\t<\/div>\n\t\t<div class=\"elementor-element elementor-element-9f346fa e-con-full e-flex e-con e-child\" data-id=\"9f346fa\" data-element_type=\"container\" data-e-type=\"container\">\n\t\t\t\t<div class=\"elementor-element elementor-element-f66d731 elementor-widget elementor-widget-text-editor\" data-id=\"f66d731\" data-element_type=\"widget\" data-e-type=\"widget\" data-widget_type=\"text-editor.default\">\n\t\t\t\t\t\t\t\t\t<p>A \u017ceby nie by\u0107 gorszym, w nocy mo\u017cna r\u00f3wnie\u017c skorzysta\u0107 z okazji i pos\u0142ucha\u0107 muzyki na \u017cywo, w mie\u015bcie panuje ogromny ruch kulturalny...<\/p>\n<p><!-- \/wp:paragraph --><!-- wp:paragraph --><\/p>\n<p>Je\u015bli lubisz jazz, polecamy <a href=\"https:\/\/www.jimmyglassjazz.net\/\"><strong>Jimmy Glass<\/strong><\/a> A je\u015bli lubisz bardziej reggae, soul, drum and bass lub funky, nie mo\u017cesz przegapi\u0107 <strong><a href=\"https:\/\/radiocityvalencia.es\/\">Radio City<\/a>.<\/strong><\/p>\n<p><!-- \/wp:paragraph --><!-- wp:separator --><\/p>\n<hr class=\"wp-block-separator has-alpha-channel-opacity\" \/>\n<p><!-- \/wp:separator --><!-- wp:paragraph --><\/p>\n<p>OK, tak... w ko\u0144cu ci\u0119 nie policzyli\u015bmy. <strong>historia kot\u00f3w i to, co reprezentuj\u0105 w Walencji.<\/strong><\/p>\n<p><!-- \/wp:paragraph --><!-- wp:image {\"id\":3304,\"align\":\"left\"} --><\/p>\n<p><!-- \/wp:image --><!-- wp:paragraph --><\/p>\n<p><img decoding=\"async\" class=\"aligncenter wp-image-10184\" src=\"https:\/\/upgrade.valenciaandgo.com\/wp-content\/uploads\/2026\/03\/Casita-de-gatos.webp\" alt=\"\" width=\"500\" height=\"281\" srcset=\"https:\/\/upgrade.valenciaandgo.com\/wp-content\/uploads\/2026\/03\/Casita-de-gatos.webp 768w, https:\/\/upgrade.valenciaandgo.com\/wp-content\/uploads\/2026\/03\/Casita-de-gatos-18x10.webp 18w\" sizes=\"(max-width: 500px) 100vw, 500px\" \/><\/p>\n<p>Okazuje si\u0119, \u017ce na samej Museum Street znajdziemy <strong>dom kota<\/strong>, ale to nie jest zwyk\u0142y dom...<\/p>\n<p><!-- \/wp:paragraph --><!-- wp:paragraph --><\/p>\n<p>Wed\u0142ug mieszka\u0144c\u00f3w reaguje on na <strong>legenda z czas\u00f3w Cyda Campeadora<\/strong> i w kt\u00f3rym stwierdzono, \u017ce l<strong>atolicy zwykli uwa\u017ca\u0107 koty za diabelskie stworzenia<\/strong> co r\u00f3wnie\u017c przyci\u0105ga\u0142o pecha. Tak wi\u0119c <strong>Po rekonkwi\u015bcie Walencji postanowiono wyeliminowa\u0107 ich wszystkich.<\/strong> i \u017ce w mie\u015bcie nie pozosta\u0142 ani jeden.<\/p>\n<p><!-- \/wp:paragraph --><!-- wp:paragraph --><\/p>\n<p><strong>Ale cztery koty prze\u017cy\u0142y.<\/strong><\/p>\n<p><!-- \/wp:paragraph --><!-- wp:paragraph --><\/p>\n<p>Tak wi\u0119c z czasem artysta<strong> Alfonso Yuste Navarro<\/strong> postanowi\u0142 odda\u0107 ho\u0142d ocala\u0142ym, tworz\u0105c dla nich dom i wykorzystuj\u0105c jako punkt odniesienia <strong>rok 1094<\/strong> to w\u0142a\u015bnie z tego okresu pochodzi legenda o Cydach.<\/p>\n<p><!-- \/wp:paragraph --><!-- wp:paragraph --><\/p>\n<p>I od tego czasu jest tam, miejskie koty \u015bwietnie z niego korzystaj\u0105 i jest to jedno z miejsc, kt\u00f3re ciekawscy uwielbiaj\u0105 odwiedza\u0107.<\/p>\n<p><!-- \/wp:paragraph --><!-- wp:heading {\"level\":3} --><\/p>\n<p><!-- \/wp:paragraph --><!-- wp:heading {\"level\":3} --><\/p>\t\t\t\t\t\t\t\t<\/div>\n\t\t\t\t<\/div>\n\t\t\t\t<\/div>\n\t\t<div class=\"elementor-element elementor-element-a51d7dc e-con-full e-flex e-con e-child\" data-id=\"a51d7dc\" data-element_type=\"container\" data-e-type=\"container\">\n\t\t<div class=\"elementor-element elementor-element-7f0e421 e-con-full e-flex e-con e-child\" data-id=\"7f0e421\" data-element_type=\"container\" data-e-type=\"container\">\n\t\t\t\t<div class=\"elementor-element elementor-element-15069ab elementor-widget elementor-widget-text-editor\" data-id=\"15069ab\" data-element_type=\"widget\" data-e-type=\"widget\" data-widget_type=\"text-editor.default\">\n\t\t\t\t\t\t\t\t\t<h4 class=\"wp-block-heading\"><strong>Chcesz pozna\u0107 ich sekrety razem z nami?<\/strong> Do\u0142\u0105cz do nas\u00a0<a href=\"https:\/\/valenciaandgo.com\/tours-valencia\/tour-de-arte-y-arquitectura\/\">Wycieczka po sztuce i architekturze z biletami<\/a>\u00a0i odkryj pochodzenie Walencji.<\/h4>\n<p><!-- \/wp:heading --><!-- wp:paragraph --><\/p>\n<p>\u015aled\u017a nas na<a href=\"http:\/\/www.instagram.com\/valenciaandgo\"> Instagram<\/a> &amp; <a href=\"http:\/\/www.facebook.com\/valenciaandgo\">Facebook<\/a> aby dowiedzie\u0107 si\u0119 o wszystkich ciekawostkach i wydarzeniach w Walencji.<\/p>\n<p><!-- \/wp:paragraph --><!-- wp:heading {\"level\":3} --><\/p>\t\t\t\t\t\t\t\t<\/div>\n\t\t\t\t<\/div>\n\t\t\t\t<\/div>\n\t\t\t\t\t<\/div>\n\t\t\t\t<\/div>\n\t\t\t\t<\/div>","protected":false},"excerpt":{"rendered":"<p>El barrio m\u00e1s antiguo de Valencia conocido como el Barrio del Carmen contiene en su interior una de las calles con m\u00e1s historia: Calle del Museo, la cual tiene dos curiosidades que no te puedes perder\u2026. Una es que podr\u00e1s encontrar el origen del Carmen y el que le da nombre al barrio: el convento [&hellip;]<\/p>\n","protected":false},"author":1,"featured_media":714,"comment_status":"closed","ping_status":"closed","sticky":false,"template":"","format":"standard","meta":{"_acf_changed":false,"footnotes":""},"categories":[41],"tags":[26,32,45,46],"class_list":["post-452","post","type-post","status-publish","format-standard","has-post-thumbnail","hentry","category-que-ver","tag-barrios","tag-el-carmen","tag-patrimonio-cultural","tag-tour-arte-y-arquitectura"],"acf":[],"yoast_head":"<!-- This site is optimized with the Yoast SEO plugin v27.5 - https:\/\/yoast.com\/product\/yoast-seo-wordpress\/ -->\n<title>El barrio del Carmen de Valencia - Valencia&amp;Go<\/title>\n<meta name=\"description\" content=\"El coraz\u00f3n de Valencia: el barrio m\u00e1s colorido, que destaca por su rica gastronom\u00eda y sus secretos hist\u00f3ricos. \u00bfTe unes a descubrirlo?\" \/>\n<meta name=\"robots\" content=\"noindex, follow, max-snippet:-1, max-image-preview:large, max-video-preview:-1\" \/>\n<meta property=\"og:locale\" content=\"pl_PL\" \/>\n<meta property=\"og:type\" content=\"article\" \/>\n<meta property=\"og:title\" content=\"El barrio del Carmen de Valencia - Valencia&amp;Go\" \/>\n<meta property=\"og:description\" content=\"El coraz\u00f3n de Valencia: el barrio m\u00e1s colorido, que destaca por su rica gastronom\u00eda y sus secretos hist\u00f3ricos. \u00bfTe unes a descubrirlo?\" \/>\n<meta property=\"og:url\" content=\"https:\/\/upgrade.valenciaandgo.com\/pl\/dzielnica-carmen-w-walencji\/\" \/>\n<meta property=\"og:site_name\" content=\"Valencia&amp;Go\" \/>\n<meta property=\"article:publisher\" content=\"https:\/\/www.facebook.com\/valenciaandgo\/\" \/>\n<meta property=\"article:published_time\" content=\"2022-03-24T10:16:00+00:00\" \/>\n<meta property=\"article:modified_time\" content=\"2026-03-16T15:55:34+00:00\" \/>\n<meta property=\"og:image\" content=\"https:\/\/upgrade.valenciaandgo.com\/wp-content\/uploads\/2025\/11\/img-blog-barrio-carmen-valencia.webp\" \/>\n\t<meta property=\"og:image:width\" content=\"1170\" \/>\n\t<meta property=\"og:image:height\" content=\"783\" \/>\n\t<meta property=\"og:image:type\" content=\"image\/webp\" \/>\n<meta name=\"author\" content=\"Valencia &amp; Go\" \/>\n<meta name=\"twitter:card\" content=\"summary_large_image\" \/>\n<meta name=\"twitter:label1\" content=\"Napisane przez\" \/>\n\t<meta name=\"twitter:data1\" content=\"Valencia &amp; Go\" \/>\n\t<meta name=\"twitter:label2\" content=\"Szacowany czas czytania\" \/>\n\t<meta name=\"twitter:data2\" content=\"6 minut\" \/>\n<script type=\"application\/ld+json\" class=\"yoast-schema-graph\">{\"@context\":\"https:\\\/\\\/schema.org\",\"@graph\":[{\"@type\":\"Article\",\"@id\":\"https:\\\/\\\/upgrade.valenciaandgo.com\\\/barrio-del-carmen-de-valencia\\\/#article\",\"isPartOf\":{\"@id\":\"https:\\\/\\\/upgrade.valenciaandgo.com\\\/barrio-del-carmen-de-valencia\\\/\"},\"author\":{\"name\":\"Valencia &amp; Go\",\"@id\":\"https:\\\/\\\/upgrade.valenciaandgo.com\\\/it\\\/#\\\/schema\\\/person\\\/ca673553802eb937b57af07a6ce74908\"},\"headline\":\"El barrio del Carmen de Valencia\",\"datePublished\":\"2022-03-24T10:16:00+00:00\",\"dateModified\":\"2026-03-16T15:55:34+00:00\",\"mainEntityOfPage\":{\"@id\":\"https:\\\/\\\/upgrade.valenciaandgo.com\\\/barrio-del-carmen-de-valencia\\\/\"},\"wordCount\":1199,\"publisher\":{\"@id\":\"https:\\\/\\\/upgrade.valenciaandgo.com\\\/it\\\/#organization\"},\"image\":{\"@id\":\"https:\\\/\\\/upgrade.valenciaandgo.com\\\/barrio-del-carmen-de-valencia\\\/#primaryimage\"},\"thumbnailUrl\":\"https:\\\/\\\/upgrade.valenciaandgo.com\\\/wp-content\\\/uploads\\\/2025\\\/11\\\/img-blog-barrio-carmen-valencia.webp\",\"keywords\":[\"barrios\",\"el carmen\",\"patrimonio cultural\",\"tour arte y arquitectura\"],\"articleSection\":[\"Qu\u00e9 ver\"],\"inLanguage\":\"pl-PL\"},{\"@type\":\"WebPage\",\"@id\":\"https:\\\/\\\/upgrade.valenciaandgo.com\\\/barrio-del-carmen-de-valencia\\\/\",\"url\":\"https:\\\/\\\/upgrade.valenciaandgo.com\\\/barrio-del-carmen-de-valencia\\\/\",\"name\":\"El barrio del Carmen de Valencia - Valencia&amp;Go\",\"isPartOf\":{\"@id\":\"https:\\\/\\\/upgrade.valenciaandgo.com\\\/it\\\/#website\"},\"primaryImageOfPage\":{\"@id\":\"https:\\\/\\\/upgrade.valenciaandgo.com\\\/barrio-del-carmen-de-valencia\\\/#primaryimage\"},\"image\":{\"@id\":\"https:\\\/\\\/upgrade.valenciaandgo.com\\\/barrio-del-carmen-de-valencia\\\/#primaryimage\"},\"thumbnailUrl\":\"https:\\\/\\\/upgrade.valenciaandgo.com\\\/wp-content\\\/uploads\\\/2025\\\/11\\\/img-blog-barrio-carmen-valencia.webp\",\"datePublished\":\"2022-03-24T10:16:00+00:00\",\"dateModified\":\"2026-03-16T15:55:34+00:00\",\"description\":\"El coraz\u00f3n de Valencia: el barrio m\u00e1s colorido, que destaca por su rica gastronom\u00eda y sus secretos hist\u00f3ricos. \u00bfTe unes a descubrirlo?\",\"breadcrumb\":{\"@id\":\"https:\\\/\\\/upgrade.valenciaandgo.com\\\/barrio-del-carmen-de-valencia\\\/#breadcrumb\"},\"inLanguage\":\"pl-PL\",\"potentialAction\":[{\"@type\":\"ReadAction\",\"target\":[\"https:\\\/\\\/upgrade.valenciaandgo.com\\\/barrio-del-carmen-de-valencia\\\/\"]}]},{\"@type\":\"ImageObject\",\"inLanguage\":\"pl-PL\",\"@id\":\"https:\\\/\\\/upgrade.valenciaandgo.com\\\/barrio-del-carmen-de-valencia\\\/#primaryimage\",\"url\":\"https:\\\/\\\/upgrade.valenciaandgo.com\\\/wp-content\\\/uploads\\\/2025\\\/11\\\/img-blog-barrio-carmen-valencia.webp\",\"contentUrl\":\"https:\\\/\\\/upgrade.valenciaandgo.com\\\/wp-content\\\/uploads\\\/2025\\\/11\\\/img-blog-barrio-carmen-valencia.webp\",\"width\":1170,\"height\":783},{\"@type\":\"BreadcrumbList\",\"@id\":\"https:\\\/\\\/upgrade.valenciaandgo.com\\\/barrio-del-carmen-de-valencia\\\/#breadcrumb\",\"itemListElement\":[{\"@type\":\"ListItem\",\"position\":1,\"name\":\"Portada\",\"item\":\"https:\\\/\\\/upgrade.valenciaandgo.com\\\/\"},{\"@type\":\"ListItem\",\"position\":2,\"name\":\"El barrio del Carmen de Valencia\"}]},{\"@type\":\"WebSite\",\"@id\":\"https:\\\/\\\/upgrade.valenciaandgo.com\\\/it\\\/#website\",\"url\":\"https:\\\/\\\/upgrade.valenciaandgo.com\\\/it\\\/\",\"name\":\"Valencia&Go\",\"description\":\"Tours por Valencia y alrededores de ciudad.\",\"publisher\":{\"@id\":\"https:\\\/\\\/upgrade.valenciaandgo.com\\\/it\\\/#organization\"},\"potentialAction\":[{\"@type\":\"SearchAction\",\"target\":{\"@type\":\"EntryPoint\",\"urlTemplate\":\"https:\\\/\\\/upgrade.valenciaandgo.com\\\/it\\\/?s={search_term_string}\"},\"query-input\":{\"@type\":\"PropertyValueSpecification\",\"valueRequired\":true,\"valueName\":\"search_term_string\"}}],\"inLanguage\":\"pl-PL\"},{\"@type\":\"Organization\",\"@id\":\"https:\\\/\\\/upgrade.valenciaandgo.com\\\/it\\\/#organization\",\"name\":\"Valencia&Go\",\"url\":\"https:\\\/\\\/upgrade.valenciaandgo.com\\\/it\\\/\",\"logo\":{\"@type\":\"ImageObject\",\"inLanguage\":\"pl-PL\",\"@id\":\"https:\\\/\\\/upgrade.valenciaandgo.com\\\/it\\\/#\\\/schema\\\/logo\\\/image\\\/\",\"url\":\"https:\\\/\\\/upgrade.valenciaandgo.com\\\/wp-content\\\/uploads\\\/2025\\\/10\\\/valencia_go-svg-blnc-iso-naranja.svg\",\"contentUrl\":\"https:\\\/\\\/upgrade.valenciaandgo.com\\\/wp-content\\\/uploads\\\/2025\\\/10\\\/valencia_go-svg-blnc-iso-naranja.svg\",\"width\":434,\"height\":102,\"caption\":\"Valencia&Go\"},\"image\":{\"@id\":\"https:\\\/\\\/upgrade.valenciaandgo.com\\\/it\\\/#\\\/schema\\\/logo\\\/image\\\/\"},\"sameAs\":[\"https:\\\/\\\/www.facebook.com\\\/valenciaandgo\\\/\",\"https:\\\/\\\/www.instagram.com\\\/valenciaandgo\",\"https:\\\/\\\/www.linkedin.com\\\/company\\\/valencia-go\\\/\",\"https:\\\/\\\/www.tiktok.com\\\/@valenciaandgo\"]},{\"@type\":\"Person\",\"@id\":\"https:\\\/\\\/upgrade.valenciaandgo.com\\\/it\\\/#\\\/schema\\\/person\\\/ca673553802eb937b57af07a6ce74908\",\"name\":\"Valencia &amp; Go\",\"sameAs\":[\"https:\\\/\\\/valenciaandgo.com\"],\"url\":\"https:\\\/\\\/upgrade.valenciaandgo.com\\\/pl\\\/author\\\/valencia\\\/\"}]}<\/script>\n<!-- \/ Yoast SEO plugin. -->","yoast_head_json":{"title":"Dzielnica Carmen w Walencji - Valencia&amp;Go","description":"Serce Walencji: najbardziej kolorowa dzielnica, znana z bogatej gastronomii i historycznych sekret\u00f3w. Czy do\u0142\u0105czysz do nas, aby j\u0105 odkry\u0107?","robots":{"index":"noindex","follow":"follow","max-snippet":"max-snippet:-1","max-image-preview":"max-image-preview:large","max-video-preview":"max-video-preview:-1"},"og_locale":"pl_PL","og_type":"article","og_title":"El barrio del Carmen de Valencia - Valencia&amp;Go","og_description":"El coraz\u00f3n de Valencia: el barrio m\u00e1s colorido, que destaca por su rica gastronom\u00eda y sus secretos hist\u00f3ricos. \u00bfTe unes a descubrirlo?","og_url":"https:\/\/upgrade.valenciaandgo.com\/pl\/dzielnica-carmen-w-walencji\/","og_site_name":"Valencia&amp;Go","article_publisher":"https:\/\/www.facebook.com\/valenciaandgo\/","article_published_time":"2022-03-24T10:16:00+00:00","article_modified_time":"2026-03-16T15:55:34+00:00","og_image":[{"width":1170,"height":783,"url":"https:\/\/upgrade.valenciaandgo.com\/wp-content\/uploads\/2025\/11\/img-blog-barrio-carmen-valencia.webp","type":"image\/webp"}],"author":"Valencia &amp; Go","twitter_card":"summary_large_image","twitter_misc":{"Napisane przez":"Valencia &amp; Go","Szacowany czas czytania":"6 minut"},"schema":{"@context":"https:\/\/schema.org","@graph":[{"@type":"Article","@id":"https:\/\/upgrade.valenciaandgo.com\/barrio-del-carmen-de-valencia\/#article","isPartOf":{"@id":"https:\/\/upgrade.valenciaandgo.com\/barrio-del-carmen-de-valencia\/"},"author":{"name":"Valencia &amp; Go","@id":"https:\/\/upgrade.valenciaandgo.com\/it\/#\/schema\/person\/ca673553802eb937b57af07a6ce74908"},"headline":"El barrio del Carmen de Valencia","datePublished":"2022-03-24T10:16:00+00:00","dateModified":"2026-03-16T15:55:34+00:00","mainEntityOfPage":{"@id":"https:\/\/upgrade.valenciaandgo.com\/barrio-del-carmen-de-valencia\/"},"wordCount":1199,"publisher":{"@id":"https:\/\/upgrade.valenciaandgo.com\/it\/#organization"},"image":{"@id":"https:\/\/upgrade.valenciaandgo.com\/barrio-del-carmen-de-valencia\/#primaryimage"},"thumbnailUrl":"https:\/\/upgrade.valenciaandgo.com\/wp-content\/uploads\/2025\/11\/img-blog-barrio-carmen-valencia.webp","keywords":["barrios","el carmen","patrimonio cultural","tour arte y arquitectura"],"articleSection":["Qu\u00e9 ver"],"inLanguage":"pl-PL"},{"@type":"WebPage","@id":"https:\/\/upgrade.valenciaandgo.com\/barrio-del-carmen-de-valencia\/","url":"https:\/\/upgrade.valenciaandgo.com\/barrio-del-carmen-de-valencia\/","name":"Dzielnica Carmen w Walencji - Valencia&amp;Go","isPartOf":{"@id":"https:\/\/upgrade.valenciaandgo.com\/it\/#website"},"primaryImageOfPage":{"@id":"https:\/\/upgrade.valenciaandgo.com\/barrio-del-carmen-de-valencia\/#primaryimage"},"image":{"@id":"https:\/\/upgrade.valenciaandgo.com\/barrio-del-carmen-de-valencia\/#primaryimage"},"thumbnailUrl":"https:\/\/upgrade.valenciaandgo.com\/wp-content\/uploads\/2025\/11\/img-blog-barrio-carmen-valencia.webp","datePublished":"2022-03-24T10:16:00+00:00","dateModified":"2026-03-16T15:55:34+00:00","description":"Serce Walencji: najbardziej kolorowa dzielnica, znana z bogatej gastronomii i historycznych sekret\u00f3w. Czy do\u0142\u0105czysz do nas, aby j\u0105 odkry\u0107?","breadcrumb":{"@id":"https:\/\/upgrade.valenciaandgo.com\/barrio-del-carmen-de-valencia\/#breadcrumb"},"inLanguage":"pl-PL","potentialAction":[{"@type":"ReadAction","target":["https:\/\/upgrade.valenciaandgo.com\/barrio-del-carmen-de-valencia\/"]}]},{"@type":"ImageObject","inLanguage":"pl-PL","@id":"https:\/\/upgrade.valenciaandgo.com\/barrio-del-carmen-de-valencia\/#primaryimage","url":"https:\/\/upgrade.valenciaandgo.com\/wp-content\/uploads\/2025\/11\/img-blog-barrio-carmen-valencia.webp","contentUrl":"https:\/\/upgrade.valenciaandgo.com\/wp-content\/uploads\/2025\/11\/img-blog-barrio-carmen-valencia.webp","width":1170,"height":783},{"@type":"BreadcrumbList","@id":"https:\/\/upgrade.valenciaandgo.com\/barrio-del-carmen-de-valencia\/#breadcrumb","itemListElement":[{"@type":"ListItem","position":1,"name":"Portada","item":"https:\/\/upgrade.valenciaandgo.com\/"},{"@type":"ListItem","position":2,"name":"El barrio del Carmen de Valencia"}]},{"@type":"WebSite","@id":"https:\/\/upgrade.valenciaandgo.com\/it\/#website","url":"https:\/\/upgrade.valenciaandgo.com\/it\/","name":"Valencia&amp;Go","description":"Wycieczki po Walencji i okolicach.","publisher":{"@id":"https:\/\/upgrade.valenciaandgo.com\/it\/#organization"},"potentialAction":[{"@type":"SearchAction","target":{"@type":"EntryPoint","urlTemplate":"https:\/\/upgrade.valenciaandgo.com\/it\/?s={search_term_string}"},"query-input":{"@type":"PropertyValueSpecification","valueRequired":true,"valueName":"search_term_string"}}],"inLanguage":"pl-PL"},{"@type":"Organization","@id":"https:\/\/upgrade.valenciaandgo.com\/it\/#organization","name":"Valencia&amp;Go","url":"https:\/\/upgrade.valenciaandgo.com\/it\/","logo":{"@type":"ImageObject","inLanguage":"pl-PL","@id":"https:\/\/upgrade.valenciaandgo.com\/it\/#\/schema\/logo\/image\/","url":"https:\/\/upgrade.valenciaandgo.com\/wp-content\/uploads\/2025\/10\/valencia_go-svg-blnc-iso-naranja.svg","contentUrl":"https:\/\/upgrade.valenciaandgo.com\/wp-content\/uploads\/2025\/10\/valencia_go-svg-blnc-iso-naranja.svg","width":434,"height":102,"caption":"Valencia&Go"},"image":{"@id":"https:\/\/upgrade.valenciaandgo.com\/it\/#\/schema\/logo\/image\/"},"sameAs":["https:\/\/www.facebook.com\/valenciaandgo\/","https:\/\/www.instagram.com\/valenciaandgo","https:\/\/www.linkedin.com\/company\/valencia-go\/","https:\/\/www.tiktok.com\/@valenciaandgo"]},{"@type":"Person","@id":"https:\/\/upgrade.valenciaandgo.com\/it\/#\/schema\/person\/ca673553802eb937b57af07a6ce74908","name":"Valencia &amp; Go","sameAs":["https:\/\/valenciaandgo.com"],"url":"https:\/\/upgrade.valenciaandgo.com\/pl\/author\/valencia\/"}]}},"_links":{"self":[{"href":"https:\/\/upgrade.valenciaandgo.com\/pl\/wp-json\/wp\/v2\/posts\/452","targetHints":{"allow":["GET"]}}],"collection":[{"href":"https:\/\/upgrade.valenciaandgo.com\/pl\/wp-json\/wp\/v2\/posts"}],"about":[{"href":"https:\/\/upgrade.valenciaandgo.com\/pl\/wp-json\/wp\/v2\/types\/post"}],"author":[{"embeddable":true,"href":"https:\/\/upgrade.valenciaandgo.com\/pl\/wp-json\/wp\/v2\/users\/1"}],"replies":[{"embeddable":true,"href":"https:\/\/upgrade.valenciaandgo.com\/pl\/wp-json\/wp\/v2\/comments?post=452"}],"version-history":[{"count":0,"href":"https:\/\/upgrade.valenciaandgo.com\/pl\/wp-json\/wp\/v2\/posts\/452\/revisions"}],"wp:featuredmedia":[{"embeddable":true,"href":"https:\/\/upgrade.valenciaandgo.com\/pl\/wp-json\/wp\/v2\/media\/714"}],"wp:attachment":[{"href":"https:\/\/upgrade.valenciaandgo.com\/pl\/wp-json\/wp\/v2\/media?parent=452"}],"wp:term":[{"taxonomy":"category","embeddable":true,"href":"https:\/\/upgrade.valenciaandgo.com\/pl\/wp-json\/wp\/v2\/categories?post=452"},{"taxonomy":"post_tag","embeddable":true,"href":"https:\/\/upgrade.valenciaandgo.com\/pl\/wp-json\/wp\/v2\/tags?post=452"}],"curies":[{"name":"wp","href":"https:\/\/api.w.org\/{rel}","templated":true}]}}