{"id":448,"date":"2019-03-05T14:45:00","date_gmt":"2019-03-05T14:45:00","guid":{"rendered":"https:\/\/new.valenciaandgo.com\/?p=448"},"modified":"2026-03-16T16:00:01","modified_gmt":"2026-03-16T16:00:01","slug":"kosciol-swietego-mikolaja","status":"publish","type":"post","link":"https:\/\/upgrade.valenciaandgo.com\/pl\/iglesia-san-nicolas\/","title":{"rendered":"Kaplica Syksty\u0144ska w Walencji: ko\u015bci\u00f3\u0142 San Nicol\u00e1s"},"content":{"rendered":"<div data-elementor-type=\"wp-post\" data-elementor-id=\"448\" class=\"elementor elementor-448\" data-elementor-post-type=\"post\">\n\t\t\t\t<div class=\"elementor-element elementor-element-75f52950 e-flex e-con-boxed e-con e-parent\" data-id=\"75f52950\" data-element_type=\"container\" data-e-type=\"container\">\n\t\t\t\t\t<div class=\"e-con-inner\">\n\t\t<div class=\"elementor-element elementor-element-1b9b7dbd e-con-full e-flex e-con e-child\" data-id=\"1b9b7dbd\" data-element_type=\"container\" data-e-type=\"container\">\n\t\t\t\t<div class=\"elementor-element elementor-element-1909fd6f elementor-widget elementor-widget-text-editor\" data-id=\"1909fd6f\" data-element_type=\"widget\" data-e-type=\"widget\" data-widget_type=\"text-editor.default\">\n\t\t\t\t\t\t\t\t\t\n<p><strong>Ko\u015bci\u00f3\u0142 \u015bw. Miko\u0142aja z Bari i \u015bw. Piotra M\u0119czennika<\/strong>\u00a0jest tzw.\u00a0<strong>\u00bbKaplica Syksty\u0144ska w Walencji\u00bb.\u00bb<\/strong>, To sam Gianluigi Colalucci przeprowadzi\u0142 prace renowacyjne w ko\u015bciele, cz\u0142owiek, kt\u00f3ry odrestaurowa\u0142 prawdziw\u0105 Kaplic\u0119 Syksty\u0144sk\u0105! To w\u0142a\u015bnie wtedy, gdy zobaczy\u0142 j\u0105 uko\u0144czon\u0105, postanowi\u0142 ochrzci\u0107 j\u0105 tym mianem.<\/p>\n\t\t\t\t\t\t\t\t<\/div>\n\t\t\t\t<div class=\"elementor-element elementor-element-86bd45c elementor-widget elementor-widget-text-editor\" data-id=\"86bd45c\" data-element_type=\"widget\" data-e-type=\"widget\" data-widget_type=\"text-editor.default\">\n\t\t\t\t\t\t\t\t\t\n<p style=\"text-align: left;\">Nie ma on wiele wsp\u00f3lnego z Kaplic\u0105 Syksty\u0144sk\u0105 w Watykanie, poniewa\u017c ko\u015bci\u00f3\u0142 \u015bw.\u00a0<strong>Barok<\/strong>.\u00a0<strong>Ma prawie 2000 metr\u00f3w kwadratowych<\/strong>.<\/p>\n<p><\/p>\n<p>Z zewn\u0105trz jest to bardzo zwyczajny gotycki ko\u015bci\u00f3\u0142, ale dopiero po wej\u015bciu do \u015brodka jeste\u015bmy zaskoczeni.<\/p>\n<p><\/p>\n<p><strong>Jest to najlepszy przyk\u0142ad wsp\u00f3\u0142istnienia \u015bwi\u0105tyni z XV-wieczn\u0105 gotyck\u0105 struktur\u0105 z XVII-wieczn\u0105 barokow\u0105 dekoracj\u0105, jaki mo\u017cna znale\u017a\u0107 w Walencji.<\/strong><\/p>\n<p><\/p>\n\t\t\t\t\t\t\t\t<\/div>\n\t\t\t\t<\/div>\n\t\t<div class=\"elementor-element elementor-element-1d2e94e5 e-con-full e-flex e-con e-child\" data-id=\"1d2e94e5\" data-element_type=\"container\" data-e-type=\"container\">\n\t\t<div class=\"elementor-element elementor-element-642bc7ac e-con-full e-flex e-con e-child\" data-id=\"642bc7ac\" data-element_type=\"container\" data-e-type=\"container\">\n\t\t\t\t<div class=\"elementor-element elementor-element-24f87f1f elementor-widget elementor-widget-heading\" data-id=\"24f87f1f\" data-element_type=\"widget\" data-e-type=\"widget\" data-widget_type=\"heading.default\">\n\t\t\t\t\t<h2 class=\"elementor-heading-title elementor-size-default\">Historia<\/h2>\t\t\t\t<\/div>\n\t\t\t\t<\/div>\n\t\t<div class=\"elementor-element elementor-element-3f8c9845 e-con-full e-flex e-con e-child\" data-id=\"3f8c9845\" data-element_type=\"container\" data-e-type=\"container\">\n\t\t\t\t<div class=\"elementor-element elementor-element-1ac6e477 elementor-widget elementor-widget-text-editor\" data-id=\"1ac6e477\" data-element_type=\"widget\" data-e-type=\"widget\" data-widget_type=\"text-editor.default\">\n\t\t\t\t\t\t\t\t\t<p>Wr\u00f3\u0107my jednak do pocz\u0105tk\u00f3w za\u0142o\u017cenia Walencji, w czasach rzymskich, poniewa\u017c \u015bwi\u0105tynia ta ma d\u0142ug\u0105 histori\u0119.<\/p>\n<p><!-- \/wp:paragraph --><!-- wp:paragraph --><\/p>\n<p>Ko\u015bci\u00f3\u0142 znajduje si\u0119 na obszarze, kt\u00f3ry w okresie\u00a0<em><strong>Valentia Edetanorum<\/strong>,<\/em>\u00a0By\u0142 to obszar poza murami, a zatem znajdowa\u0142 si\u0119 blisko cmentarza.<\/p>\n<p><!-- \/wp:paragraph --><!-- wp:paragraph --><\/p>\n<p>Pierwszy budynek \u015bwi\u0105tyni zosta\u0142 zbudowany w czasach kr\u00f3la<strong>\u00a0James I<\/strong>, kr\u00f3l, kt\u00f3ry podbija miasto\u00a0<strong><em>Balansiya<\/em><\/strong>, Po rekonkwi\u015bcie podarowa\u0142 to miejsce towarzysz\u0105cym mu dominikanom.<\/p>\n<p><!-- \/wp:paragraph --><!-- wp:paragraph --><\/p>\n<p>To w\u0142a\u015bnie dominikanie po\u015bwi\u0119cili ko\u015bci\u00f3\u0142 patronowi zakonu, \u015bw. Miko\u0142ajowi, wznosz\u0105c tym samym jedn\u0105 z najwa\u017cniejszych budowli w Polsce.\u00a0<strong>Pierwsze ko\u015bcio\u0142y w mie\u015bcie powsta\u0142y w po\u0142owie XIII wieku.<\/strong><\/p>\n<p><!-- \/wp:paragraph --><!-- wp:heading --><\/p>\t\t\t\t\t\t\t\t<\/div>\n\t\t\t\t<\/div>\n\t\t\t\t<\/div>\n\t\t<div class=\"elementor-element elementor-element-c1226ab e-con-full e-flex e-con e-child\" data-id=\"c1226ab\" data-element_type=\"container\" data-e-type=\"container\">\n\t\t<div class=\"elementor-element elementor-element-7fe78d6 e-con-full e-flex e-con e-child\" data-id=\"7fe78d6\" data-element_type=\"container\" data-e-type=\"container\">\n\t\t\t\t<div class=\"elementor-element elementor-element-2e12b92 elementor-widget elementor-widget-heading\" data-id=\"2e12b92\" data-element_type=\"widget\" data-e-type=\"widget\" data-widget_type=\"heading.default\">\n\t\t\t\t\t<h2 class=\"elementor-heading-title elementor-size-default\">Arty\u015bci<\/h2>\t\t\t\t<\/div>\n\t\t\t\t<\/div>\n\t\t<div class=\"elementor-element elementor-element-802a0da e-con-full e-flex e-con e-child\" data-id=\"802a0da\" data-element_type=\"container\" data-e-type=\"container\">\n\t\t\t\t<div class=\"elementor-element elementor-element-2c881d0 elementor-widget elementor-widget-text-editor\" data-id=\"2c881d0\" data-element_type=\"widget\" data-e-type=\"widget\" data-widget_type=\"text-editor.default\">\n\t\t\t\t\t\t\t\t\t<p><strong>Antonio Palomino<\/strong>\u00a0Odwiedzi\u0142 Walencj\u0119, pozostawiaj\u0105c sw\u00f3j \u015blad w katedrze, bazylice i innych ko\u015bcio\u0142ach, w tym San Nicol\u00e1s.<br \/>Z r\u0119ki jego walenckiego ucznia,\u00a0<strong>Dion\u00eds Vidal<\/strong>, Te imponuj\u0105ce barokowe freski zosta\u0142y wykonane w 1700 roku.<\/p>\n<p><!-- \/wp:paragraph --><!-- wp:paragraph --><\/p>\n<p>Pokryli oni gotyckie sklepienia, filary i \u015bciany scenami z \u017cycia \u015bwi\u0119tego Miko\u0142aja z Bari i \u015bwi\u0119tego Piotra M\u0119czennika, wraz z alegoriami cn\u00f3t w \u015bmia\u0142ych skr\u00f3tach.<\/p>\t\t\t\t\t\t\t\t<\/div>\n\t\t\t\t<\/div>\n\t\t\t\t<\/div>\n\t\t<div class=\"elementor-element elementor-element-bae69fb e-con-full e-flex e-con e-child\" data-id=\"bae69fb\" data-element_type=\"container\" data-e-type=\"container\">\n\t\t<div class=\"elementor-element elementor-element-e3b6482 e-con-full e-flex e-con e-child\" data-id=\"e3b6482\" data-element_type=\"container\" data-e-type=\"container\">\n\t\t\t\t<div class=\"elementor-element elementor-element-9120ef9 elementor-widget elementor-widget-heading\" data-id=\"9120ef9\" data-element_type=\"widget\" data-e-type=\"widget\" data-widget_type=\"heading.default\">\n\t\t\t\t\t<h2 class=\"elementor-heading-title elementor-size-default\">Aktualno\u015bci<\/h2>\t\t\t\t<\/div>\n\t\t\t\t<\/div>\n\t\t<div class=\"elementor-element elementor-element-87805be e-con-full e-flex e-con e-child\" data-id=\"87805be\" data-element_type=\"container\" data-e-type=\"container\">\n\t\t\t\t<div class=\"elementor-element elementor-element-91e9670 elementor-widget elementor-widget-text-editor\" data-id=\"91e9670\" data-element_type=\"widget\" data-e-type=\"widget\" data-widget_type=\"text-editor.default\">\n\t\t\t\t\t\t\t\t\t<p>Niestety, Ko\u015bci\u00f3\u0142 zosta\u0142 surowo ukarany podczas<strong>&nbsp;hiszpa\u0144ska wojna domowa<\/strong>&nbsp;zosta\u0142 spl\u0105drowany, a wiele jego kaplic zosta\u0142o zniszczonych. Ponadto wentylacja nie by\u0142a optymalna dla konserwacji fresk\u00f3w, z powodu \u015bwiec freski pociemnia\u0142y i straci\u0142y ca\u0142e \u015bwiat\u0142o i kolor.<\/p>\n<p><!-- \/wp:paragraph --><!-- wp:paragraph --><\/p>\n<p>Wewn\u0105trz mo\u017cemy zobaczy\u0107 kilka XV-wiecznych gotyckich o\u0142tarzy, w wi\u0119kszo\u015bci autorstwa walenckiego malarza Juana de Juanesa.<\/p>\n<p><!-- \/wp:paragraph --><!-- wp:paragraph --><\/p>\n<p>Je\u015bli nie chcesz przegapi\u0107 \u017cadnego szczeg\u00f3\u0142u tego wspania\u0142ego ko\u015bcio\u0142a, zapraszamy na wycieczk\u0119 \u00abSztuka i architektura\u00bb z Valencia &amp; Go.<\/p><p><br><strong>Ujawniamy sekrety tego ko\u015bcio\u0142a i innych interesuj\u0105cych miejsc!<\/strong><\/p>\n<p><!-- \/wp:paragraph --><!-- wp:paragraph --><\/p>\n<p><\/p>\t\t\t\t\t\t\t\t<\/div>\n\t\t\t\t<\/div>\n\t\t\t\t<\/div>\n\t\t\t\t\t<\/div>\n\t\t\t\t<\/div>\n\t\t\t\t<\/div>","protected":false},"excerpt":{"rendered":"<p>La iglesia de San Nicol\u00e1s de Bari y San Pedro M\u00e1rtir\u00a0es la llamada\u00a0\u00bbCapilla Sixtina Valenciana\u00bb, el mism\u00edsimo Gianluigi Colalucci llevo a cabo las obras de restauraci\u00f3n de la iglesia. \u00a1Este se\u00f1or es el que restaur\u00f3 la verdadera Capilla Sixtina! Es cuando la ve acabada cuando decide bautizarla como tal. Poco tiene que ver con la [&hellip;]<\/p>\n","protected":false},"author":1,"featured_media":715,"comment_status":"closed","ping_status":"closed","sticky":false,"template":"","format":"standard","meta":{"_acf_changed":false,"footnotes":""},"categories":[41],"tags":[],"class_list":["post-448","post","type-post","status-publish","format-standard","has-post-thumbnail","hentry","category-que-ver"],"acf":[],"yoast_head":"<!-- This site is optimized with the Yoast SEO plugin v27.5 - https:\/\/yoast.com\/product\/yoast-seo-wordpress\/ -->\n<title>La capilla Sixtina valenciana: Iglesia de San Nicol\u00e1s - Valencia&amp;Go<\/title>\n<meta name=\"description\" content=\"La Iglesia de San Nicol\u00e1s conocida como &#039;&#039;la capilla Sixtina valenciana&#039;&#039; es una joya escondida de Valencia que te dejar\u00e1 sin aliento.\" \/>\n<meta name=\"robots\" content=\"noindex, follow, max-snippet:-1, max-image-preview:large, max-video-preview:-1\" \/>\n<meta property=\"og:locale\" content=\"pl_PL\" \/>\n<meta property=\"og:type\" content=\"article\" \/>\n<meta property=\"og:title\" content=\"La capilla Sixtina valenciana: Iglesia de San Nicol\u00e1s - Valencia&amp;Go\" \/>\n<meta property=\"og:description\" content=\"La Iglesia de San Nicol\u00e1s conocida como &#039;&#039;la capilla Sixtina valenciana&#039;&#039; es una joya escondida de Valencia que te dejar\u00e1 sin aliento.\" \/>\n<meta property=\"og:url\" content=\"https:\/\/upgrade.valenciaandgo.com\/pl\/kosciol-swietego-mikolaja\/\" \/>\n<meta property=\"og:site_name\" content=\"Valencia&amp;Go\" \/>\n<meta property=\"article:publisher\" content=\"https:\/\/www.facebook.com\/valenciaandgo\/\" \/>\n<meta property=\"article:published_time\" content=\"2019-03-05T14:45:00+00:00\" \/>\n<meta property=\"article:modified_time\" content=\"2026-03-16T16:00:01+00:00\" \/>\n<meta property=\"og:image\" content=\"https:\/\/upgrade.valenciaandgo.com\/wp-content\/uploads\/2025\/11\/img-blog-capilla-sixtina-valenciana-iglesia-san-nicolas.webp\" \/>\n\t<meta property=\"og:image:width\" content=\"1170\" \/>\n\t<meta property=\"og:image:height\" content=\"783\" \/>\n\t<meta property=\"og:image:type\" content=\"image\/webp\" \/>\n<meta name=\"author\" content=\"Valencia &amp; Go\" \/>\n<meta name=\"twitter:card\" content=\"summary_large_image\" \/>\n<meta name=\"twitter:label1\" content=\"Napisane przez\" \/>\n\t<meta name=\"twitter:data1\" content=\"Valencia &amp; Go\" \/>\n\t<meta name=\"twitter:label2\" content=\"Szacowany czas czytania\" \/>\n\t<meta name=\"twitter:data2\" content=\"2 minuty\" \/>\n<script type=\"application\/ld+json\" class=\"yoast-schema-graph\">{\"@context\":\"https:\\\/\\\/schema.org\",\"@graph\":[{\"@type\":\"Article\",\"@id\":\"https:\\\/\\\/upgrade.valenciaandgo.com\\\/iglesia-san-nicolas\\\/#article\",\"isPartOf\":{\"@id\":\"https:\\\/\\\/upgrade.valenciaandgo.com\\\/iglesia-san-nicolas\\\/\"},\"author\":{\"name\":\"Valencia &amp; Go\",\"@id\":\"https:\\\/\\\/upgrade.valenciaandgo.com\\\/it\\\/#\\\/schema\\\/person\\\/ca673553802eb937b57af07a6ce74908\"},\"headline\":\"La capilla Sixtina valenciana: Iglesia de San Nicol\u00e1s\",\"datePublished\":\"2019-03-05T14:45:00+00:00\",\"dateModified\":\"2026-03-16T16:00:01+00:00\",\"mainEntityOfPage\":{\"@id\":\"https:\\\/\\\/upgrade.valenciaandgo.com\\\/iglesia-san-nicolas\\\/\"},\"wordCount\":464,\"publisher\":{\"@id\":\"https:\\\/\\\/upgrade.valenciaandgo.com\\\/it\\\/#organization\"},\"image\":{\"@id\":\"https:\\\/\\\/upgrade.valenciaandgo.com\\\/iglesia-san-nicolas\\\/#primaryimage\"},\"thumbnailUrl\":\"https:\\\/\\\/upgrade.valenciaandgo.com\\\/wp-content\\\/uploads\\\/2025\\\/11\\\/img-blog-capilla-sixtina-valenciana-iglesia-san-nicolas.webp\",\"articleSection\":[\"Qu\u00e9 ver\"],\"inLanguage\":\"pl-PL\"},{\"@type\":\"WebPage\",\"@id\":\"https:\\\/\\\/upgrade.valenciaandgo.com\\\/iglesia-san-nicolas\\\/\",\"url\":\"https:\\\/\\\/upgrade.valenciaandgo.com\\\/iglesia-san-nicolas\\\/\",\"name\":\"La capilla Sixtina valenciana: Iglesia de San Nicol\u00e1s - Valencia&amp;Go\",\"isPartOf\":{\"@id\":\"https:\\\/\\\/upgrade.valenciaandgo.com\\\/it\\\/#website\"},\"primaryImageOfPage\":{\"@id\":\"https:\\\/\\\/upgrade.valenciaandgo.com\\\/iglesia-san-nicolas\\\/#primaryimage\"},\"image\":{\"@id\":\"https:\\\/\\\/upgrade.valenciaandgo.com\\\/iglesia-san-nicolas\\\/#primaryimage\"},\"thumbnailUrl\":\"https:\\\/\\\/upgrade.valenciaandgo.com\\\/wp-content\\\/uploads\\\/2025\\\/11\\\/img-blog-capilla-sixtina-valenciana-iglesia-san-nicolas.webp\",\"datePublished\":\"2019-03-05T14:45:00+00:00\",\"dateModified\":\"2026-03-16T16:00:01+00:00\",\"description\":\"La Iglesia de San Nicol\u00e1s conocida como ''la capilla Sixtina valenciana'' es una joya escondida de Valencia que te dejar\u00e1 sin aliento.\",\"breadcrumb\":{\"@id\":\"https:\\\/\\\/upgrade.valenciaandgo.com\\\/iglesia-san-nicolas\\\/#breadcrumb\"},\"inLanguage\":\"pl-PL\",\"potentialAction\":[{\"@type\":\"ReadAction\",\"target\":[\"https:\\\/\\\/upgrade.valenciaandgo.com\\\/iglesia-san-nicolas\\\/\"]}]},{\"@type\":\"ImageObject\",\"inLanguage\":\"pl-PL\",\"@id\":\"https:\\\/\\\/upgrade.valenciaandgo.com\\\/iglesia-san-nicolas\\\/#primaryimage\",\"url\":\"https:\\\/\\\/upgrade.valenciaandgo.com\\\/wp-content\\\/uploads\\\/2025\\\/11\\\/img-blog-capilla-sixtina-valenciana-iglesia-san-nicolas.webp\",\"contentUrl\":\"https:\\\/\\\/upgrade.valenciaandgo.com\\\/wp-content\\\/uploads\\\/2025\\\/11\\\/img-blog-capilla-sixtina-valenciana-iglesia-san-nicolas.webp\",\"width\":1170,\"height\":783},{\"@type\":\"BreadcrumbList\",\"@id\":\"https:\\\/\\\/upgrade.valenciaandgo.com\\\/iglesia-san-nicolas\\\/#breadcrumb\",\"itemListElement\":[{\"@type\":\"ListItem\",\"position\":1,\"name\":\"Portada\",\"item\":\"https:\\\/\\\/upgrade.valenciaandgo.com\\\/\"},{\"@type\":\"ListItem\",\"position\":2,\"name\":\"La capilla Sixtina valenciana: Iglesia de San Nicol\u00e1s\"}]},{\"@type\":\"WebSite\",\"@id\":\"https:\\\/\\\/upgrade.valenciaandgo.com\\\/it\\\/#website\",\"url\":\"https:\\\/\\\/upgrade.valenciaandgo.com\\\/it\\\/\",\"name\":\"Valencia&Go\",\"description\":\"Tours por Valencia y alrededores de ciudad.\",\"publisher\":{\"@id\":\"https:\\\/\\\/upgrade.valenciaandgo.com\\\/it\\\/#organization\"},\"potentialAction\":[{\"@type\":\"SearchAction\",\"target\":{\"@type\":\"EntryPoint\",\"urlTemplate\":\"https:\\\/\\\/upgrade.valenciaandgo.com\\\/it\\\/?s={search_term_string}\"},\"query-input\":{\"@type\":\"PropertyValueSpecification\",\"valueRequired\":true,\"valueName\":\"search_term_string\"}}],\"inLanguage\":\"pl-PL\"},{\"@type\":\"Organization\",\"@id\":\"https:\\\/\\\/upgrade.valenciaandgo.com\\\/it\\\/#organization\",\"name\":\"Valencia&Go\",\"url\":\"https:\\\/\\\/upgrade.valenciaandgo.com\\\/it\\\/\",\"logo\":{\"@type\":\"ImageObject\",\"inLanguage\":\"pl-PL\",\"@id\":\"https:\\\/\\\/upgrade.valenciaandgo.com\\\/it\\\/#\\\/schema\\\/logo\\\/image\\\/\",\"url\":\"https:\\\/\\\/upgrade.valenciaandgo.com\\\/wp-content\\\/uploads\\\/2025\\\/10\\\/valencia_go-svg-blnc-iso-naranja.svg\",\"contentUrl\":\"https:\\\/\\\/upgrade.valenciaandgo.com\\\/wp-content\\\/uploads\\\/2025\\\/10\\\/valencia_go-svg-blnc-iso-naranja.svg\",\"width\":434,\"height\":102,\"caption\":\"Valencia&Go\"},\"image\":{\"@id\":\"https:\\\/\\\/upgrade.valenciaandgo.com\\\/it\\\/#\\\/schema\\\/logo\\\/image\\\/\"},\"sameAs\":[\"https:\\\/\\\/www.facebook.com\\\/valenciaandgo\\\/\",\"https:\\\/\\\/www.instagram.com\\\/valenciaandgo\",\"https:\\\/\\\/www.linkedin.com\\\/company\\\/valencia-go\\\/\",\"https:\\\/\\\/www.tiktok.com\\\/@valenciaandgo\"]},{\"@type\":\"Person\",\"@id\":\"https:\\\/\\\/upgrade.valenciaandgo.com\\\/it\\\/#\\\/schema\\\/person\\\/ca673553802eb937b57af07a6ce74908\",\"name\":\"Valencia &amp; Go\",\"sameAs\":[\"https:\\\/\\\/valenciaandgo.com\"],\"url\":\"https:\\\/\\\/upgrade.valenciaandgo.com\\\/pl\\\/author\\\/valencia\\\/\"}]}<\/script>\n<!-- \/ Yoast SEO plugin. -->","yoast_head_json":{"title":"Kaplica Syksty\u0144ska w Walencji: ko\u015bci\u00f3\u0142 San Nicol\u00e1s - Valencia&amp;Go","description":"Ko\u015bci\u00f3\u0142 San Nicol\u00e1s znany jako 'Kaplica Syksty\u0144ska Walencji' to ukryty klejnot Walencji, kt\u00f3ry zapiera dech w piersiach.","robots":{"index":"noindex","follow":"follow","max-snippet":"max-snippet:-1","max-image-preview":"max-image-preview:large","max-video-preview":"max-video-preview:-1"},"og_locale":"pl_PL","og_type":"article","og_title":"La capilla Sixtina valenciana: Iglesia de San Nicol\u00e1s - Valencia&amp;Go","og_description":"La Iglesia de San Nicol\u00e1s conocida como ''la capilla Sixtina valenciana'' es una joya escondida de Valencia que te dejar\u00e1 sin aliento.","og_url":"https:\/\/upgrade.valenciaandgo.com\/pl\/kosciol-swietego-mikolaja\/","og_site_name":"Valencia&amp;Go","article_publisher":"https:\/\/www.facebook.com\/valenciaandgo\/","article_published_time":"2019-03-05T14:45:00+00:00","article_modified_time":"2026-03-16T16:00:01+00:00","og_image":[{"width":1170,"height":783,"url":"https:\/\/upgrade.valenciaandgo.com\/wp-content\/uploads\/2025\/11\/img-blog-capilla-sixtina-valenciana-iglesia-san-nicolas.webp","type":"image\/webp"}],"author":"Valencia &amp; Go","twitter_card":"summary_large_image","twitter_misc":{"Napisane przez":"Valencia &amp; Go","Szacowany czas czytania":"2 minuty"},"schema":{"@context":"https:\/\/schema.org","@graph":[{"@type":"Article","@id":"https:\/\/upgrade.valenciaandgo.com\/iglesia-san-nicolas\/#article","isPartOf":{"@id":"https:\/\/upgrade.valenciaandgo.com\/iglesia-san-nicolas\/"},"author":{"name":"Valencia &amp; Go","@id":"https:\/\/upgrade.valenciaandgo.com\/it\/#\/schema\/person\/ca673553802eb937b57af07a6ce74908"},"headline":"La capilla Sixtina valenciana: Iglesia de San Nicol\u00e1s","datePublished":"2019-03-05T14:45:00+00:00","dateModified":"2026-03-16T16:00:01+00:00","mainEntityOfPage":{"@id":"https:\/\/upgrade.valenciaandgo.com\/iglesia-san-nicolas\/"},"wordCount":464,"publisher":{"@id":"https:\/\/upgrade.valenciaandgo.com\/it\/#organization"},"image":{"@id":"https:\/\/upgrade.valenciaandgo.com\/iglesia-san-nicolas\/#primaryimage"},"thumbnailUrl":"https:\/\/upgrade.valenciaandgo.com\/wp-content\/uploads\/2025\/11\/img-blog-capilla-sixtina-valenciana-iglesia-san-nicolas.webp","articleSection":["Qu\u00e9 ver"],"inLanguage":"pl-PL"},{"@type":"WebPage","@id":"https:\/\/upgrade.valenciaandgo.com\/iglesia-san-nicolas\/","url":"https:\/\/upgrade.valenciaandgo.com\/iglesia-san-nicolas\/","name":"Kaplica Syksty\u0144ska w Walencji: ko\u015bci\u00f3\u0142 San Nicol\u00e1s - Valencia&amp;Go","isPartOf":{"@id":"https:\/\/upgrade.valenciaandgo.com\/it\/#website"},"primaryImageOfPage":{"@id":"https:\/\/upgrade.valenciaandgo.com\/iglesia-san-nicolas\/#primaryimage"},"image":{"@id":"https:\/\/upgrade.valenciaandgo.com\/iglesia-san-nicolas\/#primaryimage"},"thumbnailUrl":"https:\/\/upgrade.valenciaandgo.com\/wp-content\/uploads\/2025\/11\/img-blog-capilla-sixtina-valenciana-iglesia-san-nicolas.webp","datePublished":"2019-03-05T14:45:00+00:00","dateModified":"2026-03-16T16:00:01+00:00","description":"Ko\u015bci\u00f3\u0142 San Nicol\u00e1s znany jako 'Kaplica Syksty\u0144ska Walencji' to ukryty klejnot Walencji, kt\u00f3ry zapiera dech w piersiach.","breadcrumb":{"@id":"https:\/\/upgrade.valenciaandgo.com\/iglesia-san-nicolas\/#breadcrumb"},"inLanguage":"pl-PL","potentialAction":[{"@type":"ReadAction","target":["https:\/\/upgrade.valenciaandgo.com\/iglesia-san-nicolas\/"]}]},{"@type":"ImageObject","inLanguage":"pl-PL","@id":"https:\/\/upgrade.valenciaandgo.com\/iglesia-san-nicolas\/#primaryimage","url":"https:\/\/upgrade.valenciaandgo.com\/wp-content\/uploads\/2025\/11\/img-blog-capilla-sixtina-valenciana-iglesia-san-nicolas.webp","contentUrl":"https:\/\/upgrade.valenciaandgo.com\/wp-content\/uploads\/2025\/11\/img-blog-capilla-sixtina-valenciana-iglesia-san-nicolas.webp","width":1170,"height":783},{"@type":"BreadcrumbList","@id":"https:\/\/upgrade.valenciaandgo.com\/iglesia-san-nicolas\/#breadcrumb","itemListElement":[{"@type":"ListItem","position":1,"name":"Portada","item":"https:\/\/upgrade.valenciaandgo.com\/"},{"@type":"ListItem","position":2,"name":"La capilla Sixtina valenciana: Iglesia de San Nicol\u00e1s"}]},{"@type":"WebSite","@id":"https:\/\/upgrade.valenciaandgo.com\/it\/#website","url":"https:\/\/upgrade.valenciaandgo.com\/it\/","name":"Valencia&amp;Go","description":"Wycieczki po Walencji i okolicach.","publisher":{"@id":"https:\/\/upgrade.valenciaandgo.com\/it\/#organization"},"potentialAction":[{"@type":"SearchAction","target":{"@type":"EntryPoint","urlTemplate":"https:\/\/upgrade.valenciaandgo.com\/it\/?s={search_term_string}"},"query-input":{"@type":"PropertyValueSpecification","valueRequired":true,"valueName":"search_term_string"}}],"inLanguage":"pl-PL"},{"@type":"Organization","@id":"https:\/\/upgrade.valenciaandgo.com\/it\/#organization","name":"Valencia&amp;Go","url":"https:\/\/upgrade.valenciaandgo.com\/it\/","logo":{"@type":"ImageObject","inLanguage":"pl-PL","@id":"https:\/\/upgrade.valenciaandgo.com\/it\/#\/schema\/logo\/image\/","url":"https:\/\/upgrade.valenciaandgo.com\/wp-content\/uploads\/2025\/10\/valencia_go-svg-blnc-iso-naranja.svg","contentUrl":"https:\/\/upgrade.valenciaandgo.com\/wp-content\/uploads\/2025\/10\/valencia_go-svg-blnc-iso-naranja.svg","width":434,"height":102,"caption":"Valencia&Go"},"image":{"@id":"https:\/\/upgrade.valenciaandgo.com\/it\/#\/schema\/logo\/image\/"},"sameAs":["https:\/\/www.facebook.com\/valenciaandgo\/","https:\/\/www.instagram.com\/valenciaandgo","https:\/\/www.linkedin.com\/company\/valencia-go\/","https:\/\/www.tiktok.com\/@valenciaandgo"]},{"@type":"Person","@id":"https:\/\/upgrade.valenciaandgo.com\/it\/#\/schema\/person\/ca673553802eb937b57af07a6ce74908","name":"Valencia &amp; Go","sameAs":["https:\/\/valenciaandgo.com"],"url":"https:\/\/upgrade.valenciaandgo.com\/pl\/author\/valencia\/"}]}},"_links":{"self":[{"href":"https:\/\/upgrade.valenciaandgo.com\/pl\/wp-json\/wp\/v2\/posts\/448","targetHints":{"allow":["GET"]}}],"collection":[{"href":"https:\/\/upgrade.valenciaandgo.com\/pl\/wp-json\/wp\/v2\/posts"}],"about":[{"href":"https:\/\/upgrade.valenciaandgo.com\/pl\/wp-json\/wp\/v2\/types\/post"}],"author":[{"embeddable":true,"href":"https:\/\/upgrade.valenciaandgo.com\/pl\/wp-json\/wp\/v2\/users\/1"}],"replies":[{"embeddable":true,"href":"https:\/\/upgrade.valenciaandgo.com\/pl\/wp-json\/wp\/v2\/comments?post=448"}],"version-history":[{"count":0,"href":"https:\/\/upgrade.valenciaandgo.com\/pl\/wp-json\/wp\/v2\/posts\/448\/revisions"}],"wp:featuredmedia":[{"embeddable":true,"href":"https:\/\/upgrade.valenciaandgo.com\/pl\/wp-json\/wp\/v2\/media\/715"}],"wp:attachment":[{"href":"https:\/\/upgrade.valenciaandgo.com\/pl\/wp-json\/wp\/v2\/media?parent=448"}],"wp:term":[{"taxonomy":"category","embeddable":true,"href":"https:\/\/upgrade.valenciaandgo.com\/pl\/wp-json\/wp\/v2\/categories?post=448"},{"taxonomy":"post_tag","embeddable":true,"href":"https:\/\/upgrade.valenciaandgo.com\/pl\/wp-json\/wp\/v2\/tags?post=448"}],"curies":[{"name":"wp","href":"https:\/\/api.w.org\/{rel}","templated":true}]}}