{"id":14812,"date":"2026-04-15T11:50:11","date_gmt":"2026-04-15T11:50:11","guid":{"rendered":"https:\/\/www.valenciaandgo.com\/?p=14812"},"modified":"2026-04-15T14:08:28","modified_gmt":"2026-04-15T14:08:28","slug":"przeprowadzka-do-walencji-10-rzeczy-o-ktorych-nikt-nie-mowi-przed-przyjazdem","status":"publish","type":"post","link":"https:\/\/upgrade.valenciaandgo.com\/pl\/mudarse-a-valencia-10-cosas-que-nadie-te-dice-antes-de-llegar\/","title":{"rendered":"Przeprowadzka do Walencji: 10 rzeczy, o kt\u00f3rych nikt nie m\u00f3wi przed przyjazdem"},"content":{"rendered":"<div data-elementor-type=\"wp-post\" data-elementor-id=\"14812\" class=\"elementor elementor-14812\" data-elementor-post-type=\"post\">\n\t\t\t\t<div class=\"elementor-element elementor-element-6dfeedc1 e-flex e-con-boxed e-con e-parent\" data-id=\"6dfeedc1\" data-element_type=\"container\" data-e-type=\"container\" data-settings=\"{&quot;background_background&quot;:&quot;classic&quot;}\">\n\t\t\t\t\t<div class=\"e-con-inner\">\n\t\t\t\t<div class=\"elementor-element elementor-element-175ab9c1 elementor-widget elementor-widget-text-editor\" data-id=\"175ab9c1\" data-element_type=\"widget\" data-e-type=\"widget\" data-widget_type=\"text-editor.default\">\n\t\t\t\t\t\t\t\t\t\n<p class=\" translation-block\">Wyjazd na Erasmusa, nowy sta\u017c za granic\u0105, a mo\u017ce ca\u0142kowita zmiana otoczenia i nowe \u017cycie w pe\u0142nym s\u0142o\u0144ca hiszpa\u0144skim mie\u015bcie? Walencja to cel podr\u00f3\u017cy coraz wi\u0119kszej liczby Polak\u00f3w. Zanim jednak wpadniesz w hiszpa\u0144ski rytm, warto dobrze si\u0119 przygotowa\u0107.<\/p>\n\n<p>Jako lokalni eksperci z agencji <strong>Valencia And Go<\/strong>, zebrali\u015bmy dla Ciebie najwa\u017cniejsze praktyczne porady. Tego nie wyczytasz w zwyk\u0142ych przewodnikach!<\/p><\/p>\n\t\t\t\t\t\t\t\t<\/div>\n\t\t<div class=\"elementor-element elementor-element-3c493d4 e-con-full e-flex e-con e-child\" data-id=\"3c493d4\" data-element_type=\"container\" data-e-type=\"container\">\n\t\t<div class=\"elementor-element elementor-element-bedbc83 e-con-full e-flex e-con e-child\" data-id=\"bedbc83\" data-element_type=\"container\" data-e-type=\"container\">\n\t\t\t\t<div class=\"elementor-element elementor-element-3a059df elementor-widget elementor-widget-heading\" data-id=\"3a059df\" data-element_type=\"widget\" data-e-type=\"widget\" data-widget_type=\"heading.default\">\n\t\t\t\t\t<h2 class=\"elementor-heading-title elementor-size-default\">1. Szukanie mieszkania jest trudniejsze, ni\u017c my\u015blisz<\/h2>\t\t\t\t<\/div>\n\t\t\t\t<\/div>\n\t\t<div class=\"elementor-element elementor-element-c9d3c7a e-con-full e-flex e-con e-child\" data-id=\"c9d3c7a\" data-element_type=\"container\" data-e-type=\"container\">\n\t\t\t\t<div class=\"elementor-element elementor-element-1b01963 elementor-widget elementor-widget-text-editor\" data-id=\"1b01963\" data-element_type=\"widget\" data-e-type=\"widget\" data-widget_type=\"text-editor.default\">\n\t\t\t\t\t\t\t\t\t<p class=\"a-b-r-La\"><p>Zostawienie tego na ostatni\u0105 chwil\u0119 to najgorsze, co mo\u017cesz zrobi\u0107. Znalezienie sprawdzonego i dobrze wycenionego lokum w Walencji to nie przelewki. Jak si\u0119 za to zabra\u0107 z g\u0142ow\u0105, \u017ceby nie przep\u0142aci\u0107?<\/p>\n<ul>\u00a0<\/p>\n<ul>\n<li class=\" translation-block\"><strong>Idealista: <\/strong> Niekwestionowany kr\u00f3l portali nieruchomo\u015bci w Hiszpanii.<\/li>\n<li class=\" translation-block\"><strong>Porada: <\/strong> Zawsze wymagaj wirtualnej wycieczki na \u017cywo lub osobi\u015bcie.<\/li>\n<li class=\" translation-block\"><strong>Ostrze\u017cenie o oszustwie: <\/strong>Je\u015bli rzekomy w\u0142a\u015bciciel usunie og\u0142oszenie na Idealista, ale nadal b\u0119dzie nalega\u0142 na WhatsApp, prosz\u0105c o zaliczk\u0119 lub depozyt w ciemno... uciekaj bez ogl\u0105dania si\u0119 za siebie! Korzystanie z us\u0142ug certyfikowanej agencji nieruchomo\u015bci jest zawsze najbezpieczniejszym rozwi\u0105zaniem, nawet je\u015bli p\u0142acisz prowizj\u0119.<\/li>\n<li class=\" translation-block\"><strong>Spotahome:<\/strong> \u015awietna opcja na start. Dzia\u0142a jak zaufany po\u015brednik \u2013 pieni\u0105dze wp\u0142acasz bezpiecznie na platform\u0119, a nie bezpo\u015brednio do w\u0142a\u015bciciela.<\/li>\n<li class=\" translation-block\"><strong>Haczyk?<\/strong> Ceny potrafi\u0105 szale\u0107 przed wakacjami. W lutym za umow\u0119 zap\u0142acisz np. 800 \u20ac, ale w kwietniu ta sama oferta mo\u017ce skoczy\u0107 nawet do 1900 \u20ac!<\/li><\/li>\n<li class=\" translation-block\"><strong>Grupy na Facebooku:<\/strong> Szukaj grup typu \"Polacy w Walencji\". Dodaj kr\u00f3tki post o sobie z bud\u017cetem. Ale tu te\u017c musisz uwa\u017ca\u0107 na tzw. \"scamy\". Pytaj o szczeg\u00f3\u0142y i bezwzgl\u0119dnie umawiaj si\u0119 na obejrzenie mieszkania.<\/li>\n<\/ul><\/li>\n<\/ul>\t\t\t\t\t\t\t\t<\/div>\n\t\t\t\t<\/div>\n\t\t\t\t<\/div>\n\t\t<div class=\"elementor-element elementor-element-8a26cc6 e-con-full e-flex e-con e-child\" data-id=\"8a26cc6\" data-element_type=\"container\" data-e-type=\"container\">\n\t\t<div class=\"elementor-element elementor-element-44b83f1 e-con-full e-flex e-con e-child\" data-id=\"44b83f1\" data-element_type=\"container\" data-e-type=\"container\">\n\t\t\t\t<div class=\"elementor-element elementor-element-0325ef8 elementor-widget elementor-widget-heading\" data-id=\"0325ef8\" data-element_type=\"widget\" data-e-type=\"widget\" data-widget_type=\"heading.default\">\n\t\t\t\t\t<h2 class=\"elementor-heading-title elementor-size-default\">2. Komunikacja miejska w Walencji dzieli i rz\u0105dzi<\/h2>\t\t\t\t<\/div>\n\t\t\t\t<\/div>\n\t\t<div class=\"elementor-element elementor-element-c2927f2 e-con-full e-flex e-con e-child\" data-id=\"c2927f2\" data-element_type=\"container\" data-e-type=\"container\">\n\t\t\t\t<div class=\"elementor-element elementor-element-d3b6f0e elementor-widget elementor-widget-text-editor\" data-id=\"d3b6f0e\" data-element_type=\"widget\" data-e-type=\"widget\" data-widget_type=\"text-editor.default\">\n\t\t\t\t\t\t\t\t\t<p class=\"a-b-r-La translation-block\"><p>Po co Ci samoch\u00f3d, skoro transport publiczny jest tutaj znakomity i bardzo przyst\u0119pny cenowo? Do dyspozycji masz <strong>metro, tramwaje i autobusy<\/strong>.<\/p>\n<p>Je\u015bli masz <strong>mniej ni\u017c 30 lat<\/strong>, wyr\u00f3b sobie kart\u0119 (<em>Abono Joven<\/em>) za zaledwie <strong>15 \u20ac miesi\u0119cznie<\/strong>. Uprawnia Ci\u0119 ona do nielimitowanych przejazd\u00f3w. Ponadto miasto jest p\u0142askie jak st\u00f3\u0142 \u2013 sie\u0107 \u015bcie\u017cek rowerowych jest fenomenalna, a system rower\u00f3w miejskich (Valenbisi) bije rekordy popularno\u015bci. <\/p><\/p>\t\t\t\t\t\t\t\t<\/div>\n\t\t\t\t<\/div>\n\t\t\t\t<\/div>\n\t\t<div class=\"elementor-element elementor-element-9aefab1 e-con-full e-flex e-con e-child\" data-id=\"9aefab1\" data-element_type=\"container\" data-e-type=\"container\">\n\t\t<div class=\"elementor-element elementor-element-173aeb7 e-con-full e-flex e-con e-child\" data-id=\"173aeb7\" data-element_type=\"container\" data-e-type=\"container\">\n\t\t\t\t<div class=\"elementor-element elementor-element-21f9057 elementor-widget elementor-widget-heading\" data-id=\"21f9057\" data-element_type=\"widget\" data-e-type=\"widget\" data-widget_type=\"heading.default\">\n\t\t\t\t\t<h2 class=\"elementor-heading-title elementor-size-default\">3. W\u0142asne auto? Strata pieni\u0119dzy i nerw\u00f3w<\/h2>\t\t\t\t<\/div>\n\t\t\t\t<\/div>\n\t\t<div class=\"elementor-element elementor-element-1a41f69 e-con-full e-flex e-con e-child\" data-id=\"1a41f69\" data-element_type=\"container\" data-e-type=\"container\">\n\t\t\t\t<div class=\"elementor-element elementor-element-40c7cd1 elementor-widget elementor-widget-text-editor\" data-id=\"40c7cd1\" data-element_type=\"widget\" data-e-type=\"widget\" data-widget_type=\"text-editor.default\">\n\t\t\t\t\t\t\t\t\t<p class=\"a-b-r-La translation-block\"><p>My Polacy bardzo lubimy wsz\u0119dzie je\u017adzi\u0107 w\u0142asnym samochodem, ale mieszkaj\u0105c w Walencji lepiej o tym zapomnie\u0107. Korki bywaj\u0105 uci\u0105\u017cliwe, a znalezienie wolnego miejsca parkingowego (szczeg\u00f3lnie darmowego) graniczy z cudem i wymaga anielskiej cierpliwo\u015bci.<\/p> \n<p>Co wi\u0119cej, hiszpa\u0144ski styl parkowania \"na zderzak\" potrafi przyprawi\u0107 polskiego kierowc\u0119 o zawa\u0142. Zdecydowanie taniej i wygodniej wyjd\u0105 Ci\u0119 taks\u00f3wki, rowery lub rozsiane po mie\u015bcie hulajnogi elektryczne.<\/p><\/p>\t\t\t\t\t\t\t\t<\/div>\n\t\t\t\t<\/div>\n\t\t\t\t<\/div>\n\t\t<div class=\"elementor-element elementor-element-716f11d e-con-full e-flex e-con e-child\" data-id=\"716f11d\" data-element_type=\"container\" data-e-type=\"container\">\n\t\t<div class=\"elementor-element elementor-element-977beb3 e-con-full e-flex e-con e-child\" data-id=\"977beb3\" data-element_type=\"container\" data-e-type=\"container\">\n\t\t\t\t<div class=\"elementor-element elementor-element-eaf49c2 elementor-widget elementor-widget-heading\" data-id=\"eaf49c2\" data-element_type=\"widget\" data-e-type=\"widget\" data-widget_type=\"heading.default\">\n\t\t\t\t\t<h2 class=\"elementor-heading-title elementor-size-default\">4. Hiszpa\u0144ski to podstawa (a walencja\u0144ski to niespodzianka)<\/h2>\t\t\t\t<\/div>\n\t\t\t\t<\/div>\n\t\t<div class=\"elementor-element elementor-element-362bdb4 e-con-full e-flex e-con e-child\" data-id=\"362bdb4\" data-element_type=\"container\" data-e-type=\"container\">\n\t\t\t\t<div class=\"elementor-element elementor-element-6830caa elementor-widget elementor-widget-text-editor\" data-id=\"6830caa\" data-element_type=\"widget\" data-e-type=\"widget\" data-widget_type=\"text-editor.default\">\n\t\t\t\t\t\t\t\t\t<p class=\"a-b-r-La translation-block\"><p>Cho\u0107 turystyczny angielski jest powszechny, w urz\u0119dach (np. wyrabiaj\u0105c <strong>numer NIE<\/strong>, czyli miejscowy odpowiednik PESELu dla obcokrajowc\u00f3w), u lekarza czy w osiedlowym sklepie bez podstaw hiszpa\u0144skiego sobie nie poradzisz. <\/p><\/p>\n<p class=\"a-b-r-La translation-block\"><p>Warto r\u00f3wnie\u017c wiedzie\u0107, \u017ce region ma dwa oficjalne j\u0119zyki urz\u0119dowe. Obok hiszpa\u0144skiego wszechobecny jest <strong>j\u0119zyk walencja\u0144ski<\/strong> (wywodzi si\u0119 ze \u015bredniowiecza i jest bliski j\u0119zykowi katalo\u0144skiemu). Spotkasz go na szyldach, oficjalnych pismach i na uczelniach. Bez obaw \u2013 czysty hiszpa\u0144ski w zupe\u0142no\u015bci wystarczy do swobodnego \u017cycia!<\/p><\/p>\t\t\t\t\t\t\t\t<\/div>\n\t\t\t\t<\/div>\n\t\t\t\t<\/div>\n\t\t<div class=\"elementor-element elementor-element-0eb86c4 e-con-full e-flex e-con e-child\" data-id=\"0eb86c4\" data-element_type=\"container\" data-e-type=\"container\">\n\t\t<div class=\"elementor-element elementor-element-1f136e1 e-con-full e-flex e-con e-child\" data-id=\"1f136e1\" data-element_type=\"container\" data-e-type=\"container\">\n\t\t\t\t<div class=\"elementor-element elementor-element-1be42ae elementor-widget elementor-widget-heading\" data-id=\"1be42ae\" data-element_type=\"widget\" data-e-type=\"widget\" data-widget_type=\"heading.default\">\n\t\t\t\t\t<h2 class=\"elementor-heading-title elementor-size-default\">5. Zapomnij o polskich godzinach posi\u0142k\u00f3w<\/h2>\t\t\t\t<\/div>\n\t\t\t\t<\/div>\n\t\t<div class=\"elementor-element elementor-element-a641c45 e-con-full e-flex e-con e-child\" data-id=\"a641c45\" data-element_type=\"container\" data-e-type=\"container\">\n\t\t\t\t<div class=\"elementor-element elementor-element-78394a6 elementor-widget elementor-widget-text-editor\" data-id=\"78394a6\" data-element_type=\"widget\" data-e-type=\"widget\" data-widget_type=\"text-editor.default\">\n\t\t\t\t\t\t\t\t\t<p><p>To dla nas pot\u0119\u017cny szok kulturowy. Je\u015bli w Polsce od lat jesz obiad w samo po\u0142udnie, tutaj umrzesz z g\u0142odu.<\/p>\n<ul><\/p>\n<ul>\n<li class=\"a-b-r-La translation-block\">Polski obiad to tutaj <em>comida<\/em>, jednak zaczyna si\u0119 ona klasycznie wok\u00f3\u0142 <strong>14:00 - 15:30<\/strong>.<\/li><\/li>\n<li class=\"a-b-r-La translation-block\">Kolacja o 18:00? W Hiszpanii nie istnieje. Tutaj <em>cena<\/em> zaczyna si\u0119 punktualnie o <strong>21:00<\/strong> (lub nawet p\u00f3\u017aniej). <\/li><\/li>\n<\/ul>\n<p class=\"a-b-r-La translation-block\"><strong>Wa\u017cne:<\/strong> Wi\u0119kszo\u015b\u0107 restauracji zamyka g\u0142\u00f3wne kuchnie po 16:00 i otwiera je ponownie do serwisu wieczornego dopiero od godziny 19:30.<\/li>\n<\/ul><\/p>\t\t\t\t\t\t\t\t<\/div>\n\t\t\t\t<\/div>\n\t\t\t\t<\/div>\n\t\t<div class=\"elementor-element elementor-element-b4c70d9 e-con-full e-flex e-con e-child\" data-id=\"b4c70d9\" data-element_type=\"container\" data-e-type=\"container\">\n\t\t<div class=\"elementor-element elementor-element-f02744d e-con-full e-flex e-con e-child\" data-id=\"f02744d\" data-element_type=\"container\" data-e-type=\"container\">\n\t\t\t\t<div class=\"elementor-element elementor-element-82451a2 elementor-widget elementor-widget-heading\" data-id=\"82451a2\" data-element_type=\"widget\" data-e-type=\"widget\" data-widget_type=\"heading.default\">\n\t\t\t\t\t<h2 class=\"elementor-heading-title elementor-size-default\">6. Niedziele wolne od handlu<\/h2>\t\t\t\t<\/div>\n\t\t\t\t<\/div>\n\t\t<div class=\"elementor-element elementor-element-9b8f332 e-con-full e-flex e-con e-child\" data-id=\"9b8f332\" data-element_type=\"container\" data-e-type=\"container\">\n\t\t\t\t<div class=\"elementor-element elementor-element-0fd6795 elementor-widget elementor-widget-text-editor\" data-id=\"0fd6795\" data-element_type=\"widget\" data-e-type=\"widget\" data-widget_type=\"text-editor.default\">\n\t\t\t\t\t\t\t\t\t<p class=\"a-b-r-La\"><p>W Polsce jeste\u015bmy ju\u017c absolutnie przyzwyczajeni do niehandlowych niedziel i tu poczujesz si\u0119 jak w domu \u2013 w Walencji niedziela to dzie\u0144 odpoczynku. Du\u017ce markety znanych sieci oraz markety z elektronik\u0105 s\u0105 <strong>ca\u0142kowicie zamkni\u0119te<\/strong>.<\/p><\/p>\n<p class=\"a-b-r-La translation-block\"><p>Niezb\u0119dne zakupy zrobisz niemal wy\u0142\u0105cznie rano w ma\u0142ych sklepikach pokroju <strong>Carrefour Express<\/strong> czy lokalnym <strong>Consum<\/strong>. Dla pewno\u015bci, przed wyj\u015bciem sprawd\u017a godziny otwarcia w Google Maps. O pe\u0142ny \u017co\u0142\u0105dek nie musisz si\u0119 martwi\u0107 - restauracje dzia\u0142aj\u0105 w niedziel\u0119 na wysokich obrotach.<\/p><\/p>\t\t\t\t\t\t\t\t<\/div>\n\t\t\t\t<\/div>\n\t\t\t\t<\/div>\n\t\t<div class=\"elementor-element elementor-element-60362d4 e-con-full e-flex e-con e-child\" data-id=\"60362d4\" data-element_type=\"container\" data-e-type=\"container\">\n\t\t<div class=\"elementor-element elementor-element-b250305 e-con-full e-flex e-con e-child\" data-id=\"b250305\" data-element_type=\"container\" data-e-type=\"container\">\n\t\t\t\t<div class=\"elementor-element elementor-element-44d1951 elementor-widget elementor-widget-heading\" data-id=\"44d1951\" data-element_type=\"widget\" data-e-type=\"widget\" data-widget_type=\"heading.default\">\n\t\t\t\t\t<h2 class=\"elementor-heading-title elementor-size-default\">7. Mercadona - powiedz \"Cze\u015b\u0107\" swojej nowej Biedronce<\/h2>\t\t\t\t<\/div>\n\t\t\t\t<\/div>\n\t\t<div class=\"elementor-element elementor-element-8f8ede3 e-con-full e-flex e-con e-child\" data-id=\"8f8ede3\" data-element_type=\"container\" data-e-type=\"container\">\n\t\t\t\t<div class=\"elementor-element elementor-element-6149283 elementor-widget elementor-widget-text-editor\" data-id=\"6149283\" data-element_type=\"widget\" data-e-type=\"widget\" data-widget_type=\"text-editor.default\">\n\t\t\t\t\t\t\t\t\t<p class=\"a-b-r-La translation-block\"><p>Kr\u00f3lowa hiszpa\u0144skich zakup\u00f3w to <strong>Mercadona<\/strong>. Znajdziesz tam ogromny asortyment, doskona\u0142e marki w\u0142asne, a to wszystko w najlepszym stosunku jako\u015bci do ceny w Hiszpanii. To tutaj lokalsi za\u0142atwiaj\u0105 90% swoich zakup\u00f3w.<\/p><\/p>\n<p class=\"a-b-r-La\"><p>Zawsze mo\u017cesz i\u015b\u0107 do znajomych z Polski market\u00f3w <strong>Lidl czy Aldi<\/strong>, ale musisz pami\u0119ta\u0107, \u017ce poniewa\u017c du\u017ca cz\u0119\u015b\u0107 towar\u00f3w to import z zagranicy, ceny bywaj\u0105 nierzadko wy\u017csze ni\u017c te na p\u00f3\u0142kach u rodzimej Mercadony.<\/p><\/p>\t\t\t\t\t\t\t\t<\/div>\n\t\t\t\t<\/div>\n\t\t\t\t<\/div>\n\t\t<div class=\"elementor-element elementor-element-06784f8 e-con-full e-flex e-con e-child\" data-id=\"06784f8\" data-element_type=\"container\" data-e-type=\"container\">\n\t\t<div class=\"elementor-element elementor-element-cb4b96a e-con-full e-flex e-con e-child\" data-id=\"cb4b96a\" data-element_type=\"container\" data-e-type=\"container\">\n\t\t\t\t<div class=\"elementor-element elementor-element-663eb47 elementor-widget elementor-widget-heading\" data-id=\"663eb47\" data-element_type=\"widget\" data-e-type=\"widget\" data-widget_type=\"heading.default\">\n\t\t\t\t\t<h2 class=\"elementor-heading-title elementor-size-default\">8. Prawdziwa Paella nie ma nic wsp\u00f3lnego ze skarbami morza<\/h2>\t\t\t\t<\/div>\n\t\t\t\t<\/div>\n\t\t<div class=\"elementor-element elementor-element-14ba063 e-con-full e-flex e-con e-child\" data-id=\"14ba063\" data-element_type=\"container\" data-e-type=\"container\">\n\t\t\t\t<div class=\"elementor-element elementor-element-e408408 elementor-widget elementor-widget-text-editor\" data-id=\"e408408\" data-element_type=\"widget\" data-e-type=\"widget\" data-widget_type=\"text-editor.default\">\n\t\t\t\t\t\t\t\t\t<p class=\"a-b-r-La translation-block\"><p>Uwaga, kulinarny skandal! Tradycyjna <em>Paella Valenciana<\/em> uchodzi za symbol regionu, ale wbrew powszechnemu mitowi promowanemu na \u015bwiecie, <strong>nie przyrz\u0105dza si\u0119 jej z owoc\u00f3w morza!<\/strong> Prawdziwy walencja\u0144ski orygina\u0142 oparty jest na <strong>kurczaku, kr\u00f3liku i doskona\u0142ej lokalnej fasoli<\/strong>. Oczywi\u015bcie warianty z krewetkami znajdziesz na ka\u017cdym kroku, ale musisz spr\u00f3bowa\u0107 lokalnej klasyki.<\/p><\/p>\n<p class=\"a-b-r-La translation-block\"><p>Do popicia? Zapomnij o popularnej Sangrii. Koniecznie zam\u00f3w <strong>Agua de Valencia<\/strong> \u2013 pyszny (i zwodniczy!) koktajl bazuj\u0105cy na \u015bwie\u017cym walencja\u0144skim soku ze s\u0142odkich pomara\u0144czy, zmieszanym z Cav\u0105, w\u00f3dk\u0105 i ginem. <\/p><\/p>\t\t\t\t\t\t\t\t<\/div>\n\t\t\t\t<\/div>\n\t\t\t\t<\/div>\n\t\t<div class=\"elementor-element elementor-element-52398d6 e-con-full e-flex e-con e-child\" data-id=\"52398d6\" data-element_type=\"container\" data-e-type=\"container\">\n\t\t<div class=\"elementor-element elementor-element-3b17cb5 e-con-full e-flex e-con e-child\" data-id=\"3b17cb5\" data-element_type=\"container\" data-e-type=\"container\">\n\t\t\t\t<div class=\"elementor-element elementor-element-6e258c1 elementor-widget elementor-widget-heading\" data-id=\"6e258c1\" data-element_type=\"widget\" data-e-type=\"widget\" data-widget_type=\"heading.default\">\n\t\t\t\t\t<h2 class=\"elementor-heading-title elementor-size-default\">9. Las Fallas! Miejskie szale\u0144stwo, jakiego nie znasz<\/h2>\t\t\t\t<\/div>\n\t\t\t\t<\/div>\n\t\t<div class=\"elementor-element elementor-element-78db621 e-con-full e-flex e-con e-child\" data-id=\"78db621\" data-element_type=\"container\" data-e-type=\"container\">\n\t\t\t\t<div class=\"elementor-element elementor-element-732a98d elementor-widget elementor-widget-text-editor\" data-id=\"732a98d\" data-element_type=\"widget\" data-e-type=\"widget\" data-widget_type=\"text-editor.default\">\n\t\t\t\t\t\t\t\t\t<p class=\"a-b-r-La translation-block\"><p>Od 1 do 19 marca Walencja p\u0142onie \u2013 i to dos\u0142ownie. <strong>Las Fallas<\/strong> to docenione przez UNESCO gigantyczne \u015bwi\u0119to sztuki, huku i zabawy. Us\u0142yszysz petardy rano, w po\u0142udnie i w nocy.<\/p>\n<ul><\/p>\n<ul>\n<li class=\" translation-block\">Codziennie o 14:00 na Ratuszu odbywa si\u0119 <strong>Masclet\u00e0<\/strong> (imponuj\u0105cy dzienny koncert hukowy dla uszu, a nie oczu).<\/li><\/li>\n<li class=\"a-b-r-La translation-block\">Od 17 do 18 marca t\u0142umy w tradycyjnych strojach uczestnicz\u0105 w sk\u0142adaniu ho\u0142du patronce we wspania\u0142ej figurze stworzonej wy\u0142\u0105cznie z ci\u0119tych kwiat\u00f3w.<\/li><\/li>\n<li class=\"a-b-r-La translation-block\">Fina\u0142owego wieczoru (<strong>19 marca<\/strong>) dochodzi do punktu kulminacyjnego (La Crem\u00e0), podczas kt\u00f3rego pot\u0119\u017cne, misterne rze\u017aby uliczne s\u0105 uroczy\u015bcie spalane do zera na ulicach miasta.<\/li>\n<\/ul><\/li>\n<\/ul>\t\t\t\t\t\t\t\t<\/div>\n\t\t\t\t<\/div>\n\t\t\t\t<\/div>\n\t\t<div class=\"elementor-element elementor-element-91d8da0 e-con-full e-flex e-con e-child\" data-id=\"91d8da0\" data-element_type=\"container\" data-e-type=\"container\">\n\t\t<div class=\"elementor-element elementor-element-82aa022 e-con-full e-flex e-con e-child\" data-id=\"82aa022\" data-element_type=\"container\" data-e-type=\"container\">\n\t\t\t\t<div class=\"elementor-element elementor-element-436b3dc elementor-widget elementor-widget-heading\" data-id=\"436b3dc\" data-element_type=\"widget\" data-e-type=\"widget\" data-widget_type=\"heading.default\">\n\t\t\t\t\t<h2 class=\"elementor-heading-title elementor-size-default\">10. Mercadillos \u2013 lokalne targowiska pe\u0142ne ubra\u0144 i pyszno\u015bci<\/h2>\t\t\t\t<\/div>\n\t\t\t\t<\/div>\n\t\t<div class=\"elementor-element elementor-element-bf3fe3a e-con-full e-flex e-con e-child\" data-id=\"bf3fe3a\" data-element_type=\"container\" data-e-type=\"container\">\n\t\t\t\t<div class=\"elementor-element elementor-element-911d2f3 elementor-widget elementor-widget-text-editor\" data-id=\"911d2f3\" data-element_type=\"widget\" data-e-type=\"widget\" data-widget_type=\"text-editor.default\">\n\t\t\t\t\t\t\t\t\t<p class=\"a-b-r-La translation-block\"><p>Hiszpania s\u0142ynie z doskona\u0142ej kultury targowisk, zwanych potocznie <strong>Mercadillos<\/strong>. Je\u015bli szukasz tanich ubra\u0144 z wyprzeda\u017cy lub domowych akcesori\u00f3w w super cenach \u2013 pokochasz walencja\u0144skie <strong>Mercadillos<\/strong>. Targowiska te przemieszczaj\u0105 si\u0119 ka\u017cdego dnia w poszczeg\u00f3lnych rewirach miasta:<\/p>\n<ul><\/p>\n<ul>\n<li class=\"a-b-r-La translation-block\"><strong>Poniedzia\u0142ek: <\/strong> Paiporta, Moncada, Manises, Albal<\/li>\n<li class=\"a-b-r-La\"><strong>Wtorek:<\/strong> X\u00e0tiva, Alfafar, Paterna<\/li>\n<li class=\"a-b-r-La\"><strong>\u015aroda: <\/strong>Burjassot, Sagunto, El Grao<\/li>\n<li class=\"a-b-r-La\"><strong>Czwartek: <\/strong>Silla, Meliana, Alboraya<\/li>\n<li class=\"a-b-r-La\"><strong>Pi\u0105tek:<\/strong> Torrent, Sueca, Catarroja<\/li>\n<li class=\"a-b-r-La\"><strong>Sobota:<\/strong> Requena, Algemes\u00ed, Puerto de Sagunto<\/li>\n<li class=\"a-b-r-La\"><strong>Niedziela:<\/strong>\u00a0Riba-roja de T\u00faria, Montserrat, Ll\u00edria<\/li>\n<\/ul>\t\t\t\t\t\t\t\t<\/div>\n\t\t\t\t<\/div>\n\t\t\t\t<\/div>\n\t\t<div class=\"elementor-element elementor-element-243c408 e-con-full e-flex e-con e-child\" data-id=\"243c408\" data-element_type=\"container\" data-e-type=\"container\">\n\t\t<div class=\"elementor-element elementor-element-34ab9bd e-con-full e-flex e-con e-child\" data-id=\"34ab9bd\" data-element_type=\"container\" data-e-type=\"container\">\n\t\t\t\t<div class=\"elementor-element elementor-element-37925ca elementor-widget elementor-widget-heading\" data-id=\"37925ca\" data-element_type=\"widget\" data-e-type=\"widget\" data-widget_type=\"heading.default\">\n\t\t\t\t\t<h2 class=\"elementor-heading-title elementor-size-default\">Gotowi zdominowa\u0107 Valenci\u0119? My zajmiemy si\u0119 reszt\u0105!<\/h2>\t\t\t\t<\/div>\n\t\t\t\t<\/div>\n\t\t<div class=\"elementor-element elementor-element-94686f3 e-con-full e-flex e-con e-child\" data-id=\"94686f3\" data-element_type=\"container\" data-e-type=\"container\">\n\t\t\t\t<div class=\"elementor-element elementor-element-cb71e19 elementor-widget elementor-widget-text-editor\" data-id=\"cb71e19\" data-element_type=\"widget\" data-e-type=\"widget\" data-widget_type=\"text-editor.default\">\n\t\t\t\t\t\t\t\t\t<p class=\"a-b-r-La\"><p>Pocz\u0105tki w niesamowitym, ale i obcym mie\u015bcie potrafi\u0105 by\u0107 skomplikowane i z pozoru trudne. Najwa\u017cniejsze, \u017ceby jak najszybciej poczu\u0107 si\u0119 jak u siebie!<\/p><\/p>\n<p class=\"a-b-r-La translation-block\"><p>Dlatego, \u017ceby u\u0142atwi\u0107 i urozmaici\u0107 Ci wdro\u017cenie w nowy klimat, eksperci i lokalsi z <strong>Valencia And Go<\/strong> s\u0105 zawsze do Twojej dyspozycji. Kiedy ju\u017c odpoczniesz po zamieszaniu z walizkami, wybierz si\u0119 na jedn\u0105 z naszych profesjonalnych wycieczek. Poka\u017cemy Ci to pi\u0119kne miasto jak nikt inny, podzielimy si\u0119 miejscowymi sekretami i zadbamy o to, \u017ceby Twoja hiszpa\u0144ska przygoda by\u0142a od pierwszego dnia strza\u0142em w dziesi\u0105tk\u0119!<\/p><\/p>\t\t\t\t\t\t\t\t<\/div>\n\t\t\t\t<\/div>\n\t\t\t\t<\/div>\n\t\t\t\t\t<\/div>\n\t\t\t\t<\/div>\n\t\t\t\t<\/div>","protected":false},"excerpt":{"rendered":"<p>Ya sea que vengas para un intercambio universitario, unas pr\u00e1cticas profesionales o simplemente para empezar una nueva vida bajo el inagotable sol del Mediterr\u00e1neo, Valencia es el destino so\u00f1ado. Pero seamos sinceros: la transici\u00f3n a la vida en Espa\u00f1a puede ser extremadamente frustrante si no conoces sus reglas no escritas. \u00bfPor qu\u00e9 perder tus primeras [&hellip;]<\/p>\n","protected":false},"author":1,"featured_media":5609,"comment_status":"closed","ping_status":"closed","sticky":false,"template":"","format":"standard","meta":{"_acf_changed":false,"footnotes":""},"categories":[92,22],"tags":[],"class_list":["post-14812","post","type-post","status-publish","format-standard","has-post-thumbnail","hentry","category-consejos-de-vida","category-cultura-tradiciones"],"acf":[],"yoast_head":"<!-- This site is optimized with the Yoast SEO plugin v27.5 - https:\/\/yoast.com\/product\/yoast-seo-wordpress\/ -->\n<title>Mudarse a Valencia: 10 cosas que nadie te dice antes de llegar - Valencia&amp;Go<\/title>\n<meta name=\"description\" content=\"\u00bfPlaneas vivir en Valencia? Descubre 10 secretos vitales sobre c\u00f3mo encontrar piso sin estafas, el costo de vida y c\u00f3mo evitar las trampas para turistas.\" \/>\n<meta name=\"robots\" content=\"noindex, follow, max-snippet:-1, max-image-preview:large, max-video-preview:-1\" \/>\n<meta property=\"og:locale\" content=\"pl_PL\" \/>\n<meta property=\"og:type\" content=\"article\" \/>\n<meta property=\"og:title\" content=\"Mudarse a Valencia: 10 cosas que nadie te dice antes de llegar - Valencia&amp;Go\" \/>\n<meta property=\"og:description\" content=\"\u00bfPlaneas vivir en Valencia? Descubre 10 secretos vitales sobre c\u00f3mo encontrar piso sin estafas, el costo de vida y c\u00f3mo evitar las trampas para turistas.\" \/>\n<meta property=\"og:url\" content=\"https:\/\/upgrade.valenciaandgo.com\/pl\/przeprowadzka-do-walencji-10-rzeczy-o-ktorych-nikt-nie-mowi-przed-przyjazdem\/\" \/>\n<meta property=\"og:site_name\" content=\"Valencia&amp;Go\" \/>\n<meta property=\"article:publisher\" content=\"https:\/\/www.facebook.com\/valenciaandgo\/\" \/>\n<meta property=\"article:published_time\" content=\"2026-04-15T11:50:11+00:00\" \/>\n<meta property=\"article:modified_time\" content=\"2026-04-15T14:08:28+00:00\" \/>\n<meta property=\"og:image\" content=\"https:\/\/upgrade.valenciaandgo.com\/wp-content\/uploads\/tours-excursiones\/10-tour-privado\/tour-privado_2.webp\" \/>\n\t<meta property=\"og:image:width\" content=\"920\" \/>\n\t<meta property=\"og:image:height\" content=\"688\" \/>\n\t<meta property=\"og:image:type\" content=\"image\/webp\" \/>\n<meta name=\"author\" content=\"Valencia &amp; Go\" \/>\n<meta name=\"twitter:card\" content=\"summary_large_image\" \/>\n<meta name=\"twitter:label1\" content=\"Napisane przez\" \/>\n\t<meta name=\"twitter:data1\" content=\"Valencia &amp; Go\" \/>\n\t<meta name=\"twitter:label2\" content=\"Szacowany czas czytania\" \/>\n\t<meta name=\"twitter:data2\" content=\"7 minut\" \/>\n<script type=\"application\/ld+json\" class=\"yoast-schema-graph\">{\"@context\":\"https:\\\/\\\/schema.org\",\"@graph\":[{\"@type\":\"Article\",\"@id\":\"https:\\\/\\\/upgrade.valenciaandgo.com\\\/mudarse-a-valencia-10-cosas-que-nadie-te-dice-antes-de-llegar\\\/#article\",\"isPartOf\":{\"@id\":\"https:\\\/\\\/upgrade.valenciaandgo.com\\\/mudarse-a-valencia-10-cosas-que-nadie-te-dice-antes-de-llegar\\\/\"},\"author\":{\"name\":\"Valencia &amp; Go\",\"@id\":\"https:\\\/\\\/upgrade.valenciaandgo.com\\\/it\\\/#\\\/schema\\\/person\\\/ca673553802eb937b57af07a6ce74908\"},\"headline\":\"Mudarse a Valencia: 10 cosas que nadie te dice antes de llegar\",\"datePublished\":\"2026-04-15T11:50:11+00:00\",\"dateModified\":\"2026-04-15T14:08:28+00:00\",\"mainEntityOfPage\":{\"@id\":\"https:\\\/\\\/upgrade.valenciaandgo.com\\\/mudarse-a-valencia-10-cosas-que-nadie-te-dice-antes-de-llegar\\\/\"},\"wordCount\":1517,\"publisher\":{\"@id\":\"https:\\\/\\\/upgrade.valenciaandgo.com\\\/it\\\/#organization\"},\"image\":{\"@id\":\"https:\\\/\\\/upgrade.valenciaandgo.com\\\/mudarse-a-valencia-10-cosas-que-nadie-te-dice-antes-de-llegar\\\/#primaryimage\"},\"thumbnailUrl\":\"https:\\\/\\\/upgrade.valenciaandgo.com\\\/wp-content\\\/uploads\\\/tours-excursiones\\\/10-tour-privado\\\/tour-privado_2.webp\",\"articleSection\":[\"Consejos de vida\",\"Cultura y tradiciones\"],\"inLanguage\":\"pl-PL\"},{\"@type\":\"WebPage\",\"@id\":\"https:\\\/\\\/upgrade.valenciaandgo.com\\\/mudarse-a-valencia-10-cosas-que-nadie-te-dice-antes-de-llegar\\\/\",\"url\":\"https:\\\/\\\/upgrade.valenciaandgo.com\\\/mudarse-a-valencia-10-cosas-que-nadie-te-dice-antes-de-llegar\\\/\",\"name\":\"Mudarse a Valencia: 10 cosas que nadie te dice antes de llegar - Valencia&amp;Go\",\"isPartOf\":{\"@id\":\"https:\\\/\\\/upgrade.valenciaandgo.com\\\/it\\\/#website\"},\"primaryImageOfPage\":{\"@id\":\"https:\\\/\\\/upgrade.valenciaandgo.com\\\/mudarse-a-valencia-10-cosas-que-nadie-te-dice-antes-de-llegar\\\/#primaryimage\"},\"image\":{\"@id\":\"https:\\\/\\\/upgrade.valenciaandgo.com\\\/mudarse-a-valencia-10-cosas-que-nadie-te-dice-antes-de-llegar\\\/#primaryimage\"},\"thumbnailUrl\":\"https:\\\/\\\/upgrade.valenciaandgo.com\\\/wp-content\\\/uploads\\\/tours-excursiones\\\/10-tour-privado\\\/tour-privado_2.webp\",\"datePublished\":\"2026-04-15T11:50:11+00:00\",\"dateModified\":\"2026-04-15T14:08:28+00:00\",\"description\":\"\u00bfPlaneas vivir en Valencia? Descubre 10 secretos vitales sobre c\u00f3mo encontrar piso sin estafas, el costo de vida y c\u00f3mo evitar las trampas para turistas.\",\"breadcrumb\":{\"@id\":\"https:\\\/\\\/upgrade.valenciaandgo.com\\\/mudarse-a-valencia-10-cosas-que-nadie-te-dice-antes-de-llegar\\\/#breadcrumb\"},\"inLanguage\":\"pl-PL\",\"potentialAction\":[{\"@type\":\"ReadAction\",\"target\":[\"https:\\\/\\\/upgrade.valenciaandgo.com\\\/mudarse-a-valencia-10-cosas-que-nadie-te-dice-antes-de-llegar\\\/\"]}]},{\"@type\":\"ImageObject\",\"inLanguage\":\"pl-PL\",\"@id\":\"https:\\\/\\\/upgrade.valenciaandgo.com\\\/mudarse-a-valencia-10-cosas-que-nadie-te-dice-antes-de-llegar\\\/#primaryimage\",\"url\":\"https:\\\/\\\/upgrade.valenciaandgo.com\\\/wp-content\\\/uploads\\\/tours-excursiones\\\/10-tour-privado\\\/tour-privado_2.webp\",\"contentUrl\":\"https:\\\/\\\/upgrade.valenciaandgo.com\\\/wp-content\\\/uploads\\\/tours-excursiones\\\/10-tour-privado\\\/tour-privado_2.webp\",\"width\":920,\"height\":688,\"caption\":\"Centro hist\u00f3rico en el tour privado por Valencia\"},{\"@type\":\"BreadcrumbList\",\"@id\":\"https:\\\/\\\/upgrade.valenciaandgo.com\\\/mudarse-a-valencia-10-cosas-que-nadie-te-dice-antes-de-llegar\\\/#breadcrumb\",\"itemListElement\":[{\"@type\":\"ListItem\",\"position\":1,\"name\":\"Portada\",\"item\":\"https:\\\/\\\/upgrade.valenciaandgo.com\\\/\"},{\"@type\":\"ListItem\",\"position\":2,\"name\":\"Mudarse a Valencia: 10 cosas que nadie te dice antes de llegar\"}]},{\"@type\":\"WebSite\",\"@id\":\"https:\\\/\\\/upgrade.valenciaandgo.com\\\/it\\\/#website\",\"url\":\"https:\\\/\\\/upgrade.valenciaandgo.com\\\/it\\\/\",\"name\":\"Valencia&Go\",\"description\":\"Tours por Valencia y alrededores de ciudad.\",\"publisher\":{\"@id\":\"https:\\\/\\\/upgrade.valenciaandgo.com\\\/it\\\/#organization\"},\"potentialAction\":[{\"@type\":\"SearchAction\",\"target\":{\"@type\":\"EntryPoint\",\"urlTemplate\":\"https:\\\/\\\/upgrade.valenciaandgo.com\\\/it\\\/?s={search_term_string}\"},\"query-input\":{\"@type\":\"PropertyValueSpecification\",\"valueRequired\":true,\"valueName\":\"search_term_string\"}}],\"inLanguage\":\"pl-PL\"},{\"@type\":\"Organization\",\"@id\":\"https:\\\/\\\/upgrade.valenciaandgo.com\\\/it\\\/#organization\",\"name\":\"Valencia&Go\",\"url\":\"https:\\\/\\\/upgrade.valenciaandgo.com\\\/it\\\/\",\"logo\":{\"@type\":\"ImageObject\",\"inLanguage\":\"pl-PL\",\"@id\":\"https:\\\/\\\/upgrade.valenciaandgo.com\\\/it\\\/#\\\/schema\\\/logo\\\/image\\\/\",\"url\":\"https:\\\/\\\/upgrade.valenciaandgo.com\\\/wp-content\\\/uploads\\\/2025\\\/10\\\/valencia_go-svg-blnc-iso-naranja.svg\",\"contentUrl\":\"https:\\\/\\\/upgrade.valenciaandgo.com\\\/wp-content\\\/uploads\\\/2025\\\/10\\\/valencia_go-svg-blnc-iso-naranja.svg\",\"width\":434,\"height\":102,\"caption\":\"Valencia&Go\"},\"image\":{\"@id\":\"https:\\\/\\\/upgrade.valenciaandgo.com\\\/it\\\/#\\\/schema\\\/logo\\\/image\\\/\"},\"sameAs\":[\"https:\\\/\\\/www.facebook.com\\\/valenciaandgo\\\/\",\"https:\\\/\\\/www.instagram.com\\\/valenciaandgo\",\"https:\\\/\\\/www.linkedin.com\\\/company\\\/valencia-go\\\/\",\"https:\\\/\\\/www.tiktok.com\\\/@valenciaandgo\"]},{\"@type\":\"Person\",\"@id\":\"https:\\\/\\\/upgrade.valenciaandgo.com\\\/it\\\/#\\\/schema\\\/person\\\/ca673553802eb937b57af07a6ce74908\",\"name\":\"Valencia &amp; Go\",\"sameAs\":[\"https:\\\/\\\/valenciaandgo.com\"],\"url\":\"https:\\\/\\\/upgrade.valenciaandgo.com\\\/pl\\\/author\\\/valencia\\\/\"}]}<\/script>\n<!-- \/ Yoast SEO plugin. -->","yoast_head_json":{"title":"Przeprowadzka do Walencji: 10 rzeczy, o kt\u00f3rych nikt nie m\u00f3wi przed przyjazdem - Valencia&amp;Go","description":"Planujesz zamieszka\u0107 w Walencji? Odkryj 10 wa\u017cnych sekret\u00f3w, jak znale\u017a\u0107 mieszkanie bez oszustw, koszt\u00f3w \u017cycia i jak unikn\u0105\u0107 pu\u0142apek turystycznych.","robots":{"index":"noindex","follow":"follow","max-snippet":"max-snippet:-1","max-image-preview":"max-image-preview:large","max-video-preview":"max-video-preview:-1"},"og_locale":"pl_PL","og_type":"article","og_title":"Mudarse a Valencia: 10 cosas que nadie te dice antes de llegar - Valencia&amp;Go","og_description":"\u00bfPlaneas vivir en Valencia? Descubre 10 secretos vitales sobre c\u00f3mo encontrar piso sin estafas, el costo de vida y c\u00f3mo evitar las trampas para turistas.","og_url":"https:\/\/upgrade.valenciaandgo.com\/pl\/przeprowadzka-do-walencji-10-rzeczy-o-ktorych-nikt-nie-mowi-przed-przyjazdem\/","og_site_name":"Valencia&amp;Go","article_publisher":"https:\/\/www.facebook.com\/valenciaandgo\/","article_published_time":"2026-04-15T11:50:11+00:00","article_modified_time":"2026-04-15T14:08:28+00:00","og_image":[{"width":920,"height":688,"url":"https:\/\/upgrade.valenciaandgo.com\/wp-content\/uploads\/tours-excursiones\/10-tour-privado\/tour-privado_2.webp","type":"image\/webp"}],"author":"Valencia &amp; Go","twitter_card":"summary_large_image","twitter_misc":{"Napisane przez":"Valencia &amp; Go","Szacowany czas czytania":"7 minut"},"schema":{"@context":"https:\/\/schema.org","@graph":[{"@type":"Article","@id":"https:\/\/upgrade.valenciaandgo.com\/mudarse-a-valencia-10-cosas-que-nadie-te-dice-antes-de-llegar\/#article","isPartOf":{"@id":"https:\/\/upgrade.valenciaandgo.com\/mudarse-a-valencia-10-cosas-que-nadie-te-dice-antes-de-llegar\/"},"author":{"name":"Valencia &amp; Go","@id":"https:\/\/upgrade.valenciaandgo.com\/it\/#\/schema\/person\/ca673553802eb937b57af07a6ce74908"},"headline":"Mudarse a Valencia: 10 cosas que nadie te dice antes de llegar","datePublished":"2026-04-15T11:50:11+00:00","dateModified":"2026-04-15T14:08:28+00:00","mainEntityOfPage":{"@id":"https:\/\/upgrade.valenciaandgo.com\/mudarse-a-valencia-10-cosas-que-nadie-te-dice-antes-de-llegar\/"},"wordCount":1517,"publisher":{"@id":"https:\/\/upgrade.valenciaandgo.com\/it\/#organization"},"image":{"@id":"https:\/\/upgrade.valenciaandgo.com\/mudarse-a-valencia-10-cosas-que-nadie-te-dice-antes-de-llegar\/#primaryimage"},"thumbnailUrl":"https:\/\/upgrade.valenciaandgo.com\/wp-content\/uploads\/tours-excursiones\/10-tour-privado\/tour-privado_2.webp","articleSection":["Consejos de vida","Cultura y tradiciones"],"inLanguage":"pl-PL"},{"@type":"WebPage","@id":"https:\/\/upgrade.valenciaandgo.com\/mudarse-a-valencia-10-cosas-que-nadie-te-dice-antes-de-llegar\/","url":"https:\/\/upgrade.valenciaandgo.com\/mudarse-a-valencia-10-cosas-que-nadie-te-dice-antes-de-llegar\/","name":"Przeprowadzka do Walencji: 10 rzeczy, o kt\u00f3rych nikt nie m\u00f3wi przed przyjazdem - Valencia&amp;Go","isPartOf":{"@id":"https:\/\/upgrade.valenciaandgo.com\/it\/#website"},"primaryImageOfPage":{"@id":"https:\/\/upgrade.valenciaandgo.com\/mudarse-a-valencia-10-cosas-que-nadie-te-dice-antes-de-llegar\/#primaryimage"},"image":{"@id":"https:\/\/upgrade.valenciaandgo.com\/mudarse-a-valencia-10-cosas-que-nadie-te-dice-antes-de-llegar\/#primaryimage"},"thumbnailUrl":"https:\/\/upgrade.valenciaandgo.com\/wp-content\/uploads\/tours-excursiones\/10-tour-privado\/tour-privado_2.webp","datePublished":"2026-04-15T11:50:11+00:00","dateModified":"2026-04-15T14:08:28+00:00","description":"Planujesz zamieszka\u0107 w Walencji? Odkryj 10 wa\u017cnych sekret\u00f3w, jak znale\u017a\u0107 mieszkanie bez oszustw, koszt\u00f3w \u017cycia i jak unikn\u0105\u0107 pu\u0142apek turystycznych.","breadcrumb":{"@id":"https:\/\/upgrade.valenciaandgo.com\/mudarse-a-valencia-10-cosas-que-nadie-te-dice-antes-de-llegar\/#breadcrumb"},"inLanguage":"pl-PL","potentialAction":[{"@type":"ReadAction","target":["https:\/\/upgrade.valenciaandgo.com\/mudarse-a-valencia-10-cosas-que-nadie-te-dice-antes-de-llegar\/"]}]},{"@type":"ImageObject","inLanguage":"pl-PL","@id":"https:\/\/upgrade.valenciaandgo.com\/mudarse-a-valencia-10-cosas-que-nadie-te-dice-antes-de-llegar\/#primaryimage","url":"https:\/\/upgrade.valenciaandgo.com\/wp-content\/uploads\/tours-excursiones\/10-tour-privado\/tour-privado_2.webp","contentUrl":"https:\/\/upgrade.valenciaandgo.com\/wp-content\/uploads\/tours-excursiones\/10-tour-privado\/tour-privado_2.webp","width":920,"height":688,"caption":"Centro hist\u00f3rico en el tour privado por Valencia"},{"@type":"BreadcrumbList","@id":"https:\/\/upgrade.valenciaandgo.com\/mudarse-a-valencia-10-cosas-que-nadie-te-dice-antes-de-llegar\/#breadcrumb","itemListElement":[{"@type":"ListItem","position":1,"name":"Portada","item":"https:\/\/upgrade.valenciaandgo.com\/"},{"@type":"ListItem","position":2,"name":"Mudarse a Valencia: 10 cosas que nadie te dice antes de llegar"}]},{"@type":"WebSite","@id":"https:\/\/upgrade.valenciaandgo.com\/it\/#website","url":"https:\/\/upgrade.valenciaandgo.com\/it\/","name":"Valencia&amp;Go","description":"Wycieczki po Walencji i okolicach.","publisher":{"@id":"https:\/\/upgrade.valenciaandgo.com\/it\/#organization"},"potentialAction":[{"@type":"SearchAction","target":{"@type":"EntryPoint","urlTemplate":"https:\/\/upgrade.valenciaandgo.com\/it\/?s={search_term_string}"},"query-input":{"@type":"PropertyValueSpecification","valueRequired":true,"valueName":"search_term_string"}}],"inLanguage":"pl-PL"},{"@type":"Organization","@id":"https:\/\/upgrade.valenciaandgo.com\/it\/#organization","name":"Valencia&amp;Go","url":"https:\/\/upgrade.valenciaandgo.com\/it\/","logo":{"@type":"ImageObject","inLanguage":"pl-PL","@id":"https:\/\/upgrade.valenciaandgo.com\/it\/#\/schema\/logo\/image\/","url":"https:\/\/upgrade.valenciaandgo.com\/wp-content\/uploads\/2025\/10\/valencia_go-svg-blnc-iso-naranja.svg","contentUrl":"https:\/\/upgrade.valenciaandgo.com\/wp-content\/uploads\/2025\/10\/valencia_go-svg-blnc-iso-naranja.svg","width":434,"height":102,"caption":"Valencia&Go"},"image":{"@id":"https:\/\/upgrade.valenciaandgo.com\/it\/#\/schema\/logo\/image\/"},"sameAs":["https:\/\/www.facebook.com\/valenciaandgo\/","https:\/\/www.instagram.com\/valenciaandgo","https:\/\/www.linkedin.com\/company\/valencia-go\/","https:\/\/www.tiktok.com\/@valenciaandgo"]},{"@type":"Person","@id":"https:\/\/upgrade.valenciaandgo.com\/it\/#\/schema\/person\/ca673553802eb937b57af07a6ce74908","name":"Valencia &amp; Go","sameAs":["https:\/\/valenciaandgo.com"],"url":"https:\/\/upgrade.valenciaandgo.com\/pl\/author\/valencia\/"}]}},"_links":{"self":[{"href":"https:\/\/upgrade.valenciaandgo.com\/pl\/wp-json\/wp\/v2\/posts\/14812","targetHints":{"allow":["GET"]}}],"collection":[{"href":"https:\/\/upgrade.valenciaandgo.com\/pl\/wp-json\/wp\/v2\/posts"}],"about":[{"href":"https:\/\/upgrade.valenciaandgo.com\/pl\/wp-json\/wp\/v2\/types\/post"}],"author":[{"embeddable":true,"href":"https:\/\/upgrade.valenciaandgo.com\/pl\/wp-json\/wp\/v2\/users\/1"}],"replies":[{"embeddable":true,"href":"https:\/\/upgrade.valenciaandgo.com\/pl\/wp-json\/wp\/v2\/comments?post=14812"}],"version-history":[{"count":0,"href":"https:\/\/upgrade.valenciaandgo.com\/pl\/wp-json\/wp\/v2\/posts\/14812\/revisions"}],"wp:featuredmedia":[{"embeddable":true,"href":"https:\/\/upgrade.valenciaandgo.com\/pl\/wp-json\/wp\/v2\/media\/5609"}],"wp:attachment":[{"href":"https:\/\/upgrade.valenciaandgo.com\/pl\/wp-json\/wp\/v2\/media?parent=14812"}],"wp:term":[{"taxonomy":"category","embeddable":true,"href":"https:\/\/upgrade.valenciaandgo.com\/pl\/wp-json\/wp\/v2\/categories?post=14812"},{"taxonomy":"post_tag","embeddable":true,"href":"https:\/\/upgrade.valenciaandgo.com\/pl\/wp-json\/wp\/v2\/tags?post=14812"}],"curies":[{"name":"wp","href":"https:\/\/api.w.org\/{rel}","templated":true}]}}