{"id":571,"date":"2025-10-03T13:39:00","date_gmt":"2025-10-03T13:39:00","guid":{"rendered":"https:\/\/new.valenciaandgo.com\/?p=571"},"modified":"2026-03-14T13:01:26","modified_gmt":"2026-03-14T13:01:26","slug":"strade-arancioni-valencia","status":"publish","type":"post","link":"https:\/\/upgrade.valenciaandgo.com\/it\/calles-naranjos-valencia\/","title":{"rendered":"Perch\u00e9 non si possono mangiare le arance per le strade di Valencia"},"content":{"rendered":"<div data-elementor-type=\"wp-post\" data-elementor-id=\"571\" class=\"elementor elementor-571\" data-elementor-post-type=\"post\">\n\t\t\t\t<div class=\"elementor-element elementor-element-e696fc3 e-flex e-con-boxed e-con e-parent\" data-id=\"e696fc3\" data-element_type=\"container\" data-e-type=\"container\">\n\t\t\t\t\t<div class=\"e-con-inner\">\n\t\t<div class=\"elementor-element elementor-element-bbe7226 e-con-full e-flex e-con e-child\" data-id=\"bbe7226\" data-element_type=\"container\" data-e-type=\"container\">\n\t\t\t\t<div class=\"elementor-element elementor-element-98d35e9 elementor-widget elementor-widget-text-editor\" data-id=\"98d35e9\" data-element_type=\"widget\" data-e-type=\"widget\" data-widget_type=\"text-editor.default\">\n\t\t\t\t\t\t\t\t\t\n<p>Quando si passeggia per le pittoresche strade di Valencia, soprattutto in autunno, una delle prime cose che salta all'occhio (e al naso) \u00e8 la <strong>alberi di colore arancione vibrante<\/strong> che costeggiano viali, piazze e angoli storici. Ma vi siete mai chiesti perch\u00e9 si trovano l\u00ec, se le arance sono <strong>generi alimentari <\/strong>e cosa rappresentano realmente?<br \/>Parliamo della storia delle iconiche arance di strada di Valencia, un simbolo della citt\u00e0 che nasconde pi\u00f9 di quanto si possa immaginare dietro il suo dolce aroma.<\/p>\n\t\t\t\t\t\t\t\t<\/div>\n\t\t\t\t<\/div>\n\t\t<div class=\"elementor-element elementor-element-a6e469b e-con-full e-flex e-con e-child\" data-id=\"a6e469b\" data-element_type=\"container\" data-e-type=\"container\">\n\t\t<div class=\"elementor-element elementor-element-dcf411a e-con-full e-flex e-con e-child\" data-id=\"dcf411a\" data-element_type=\"container\" data-e-type=\"container\">\n\t\t\t\t<div class=\"elementor-element elementor-element-9af06dc elementor-widget elementor-widget-heading\" data-id=\"9af06dc\" data-element_type=\"widget\" data-e-type=\"widget\" data-widget_type=\"heading.default\">\n\t\t\t\t\t<h2 class=\"elementor-heading-title elementor-size-default\">Perch\u00e9 ci sono aranci a Valencia?<\/h2>\t\t\t\t<\/div>\n\t\t\t\t<\/div>\n\t\t<div class=\"elementor-element elementor-element-c06d890 e-con-full e-flex e-con e-child\" data-id=\"c06d890\" data-element_type=\"container\" data-e-type=\"container\">\n\t\t\t\t<div class=\"elementor-element elementor-element-387aeac elementor-widget elementor-widget-text-editor\" data-id=\"387aeac\" data-element_type=\"widget\" data-e-type=\"widget\" data-widget_type=\"text-editor.default\">\n\t\t\t\t\t\t\t\t\t<p>Valencia \u00e8 una delle principali regioni <strong>produttori di agrumi<\/strong> Europa, e il loro rapporto con le arance risale a secoli fa. Ma gli alberi che vedete nelle strade non sono piantati per raccogliere i frutti. <strong>commestibile<\/strong>: sono <strong>arance amare<\/strong> (<em>Citrus aurantium<\/em>), piantati dai loro <strong>bellezza decorativa<\/strong>, <strong>fiori profumati<\/strong> e il suo collegamento con il <strong>identit\u00e0 locale<\/strong>. Questi alberi fanno parte del paesaggio urbano grazie alle loro caratteristiche:<\/p>\n<p><!-- \/wp:paragraph --><!-- wp:list --><\/p>\n<ul class=\"wp-block-list\"><!-- wp:list-item -->\n<li><strong>Fogliame sempreverde<\/strong>: offrono verde tutto l'anno in citt\u00e0.<\/li>\n<!-- \/wp:list-item --><!-- wp:list-item -->\n<li><strong>Fiori d'arancio <\/strong>(fiori d'arancio): fioriscono ogni primavera con un profumo paradisiaco.<\/li>\n<!-- \/wp:list-item --><!-- wp:list-item -->\n<li><strong>Fascino mediterraneo<\/strong>Un cenno al patrimonio agricolo della regione e all'amore per il design che integra la natura.<\/li>\n<!-- \/wp:list-item --><\/ul>\n<p><!-- \/wp:list --><\/p>\n<p><img fetchpriority=\"high\" decoding=\"async\" class=\"alignnone size-full wp-image-3291\" src=\"https:\/\/valenciaandgo.com\/wp-content\/uploads\/2025\/12\/Relleno-generativo.webp\" alt=\"\" width=\"1920\" height=\"1080\" \/><\/p>\t\t\t\t\t\t\t\t<\/div>\n\t\t\t\t<\/div>\n\t\t\t\t<\/div>\n\t\t<div class=\"elementor-element elementor-element-a3cf560 e-con-full e-flex e-con e-child\" data-id=\"a3cf560\" data-element_type=\"container\" data-e-type=\"container\">\n\t\t<div class=\"elementor-element elementor-element-c8a9292 e-con-full e-flex e-con e-child\" data-id=\"c8a9292\" data-element_type=\"container\" data-e-type=\"container\">\n\t\t\t\t<div class=\"elementor-element elementor-element-4ca4e84 elementor-widget elementor-widget-heading\" data-id=\"4ca4e84\" data-element_type=\"widget\" data-e-type=\"widget\" data-widget_type=\"heading.default\">\n\t\t\t\t\t<h2 class=\"elementor-heading-title elementor-size-default\">Queste arance sono commestibili?<\/h2>\t\t\t\t<\/div>\n\t\t\t\t<\/div>\n\t\t<div class=\"elementor-element elementor-element-f66ebee e-con-full e-flex e-con e-child\" data-id=\"f66ebee\" data-element_type=\"container\" data-e-type=\"container\">\n\t\t\t\t<div class=\"elementor-element elementor-element-6eec3fa elementor-widget elementor-widget-text-editor\" data-id=\"6eec3fa\" data-element_type=\"widget\" data-e-type=\"widget\" data-widget_type=\"text-editor.default\">\n\t\t\t\t\t\t\t\t\t<p>Risposta breve: <strong>no<\/strong>, almeno non direttamente. Le arance di strada di Valencia sono estremamente amare e aspre. Non sono le arance dolci di Valencia utilizzate per il succo o per l'esportazione. Non si possono mangiare queste arance perch\u00e9:<\/p>\n<ul>\n<li><strong>Trattati con sostanze chimiche<\/strong>Gli aranci urbani sono spesso esposti a pesticidi e spray chimici e assorbono persino l'inquinamento.<\/li>\n<li><strong>Sono per lo pi\u00f9 ornamentali<\/strong>La citt\u00e0 (e molte citt\u00e0 spagnole) piantano questi alberi perch\u00e9 sono resistenti, richiedono poca manutenzione, tollerano la siccit\u00e0, sono perenni e sono di grande effetto visivo, soprattutto quando <strong>prosperare<\/strong> in primavera.<\/li>\n<li><strong>Utilizzato nei prodotti tradizionali<\/strong>, ma solo dopo un'attenta lavorazione. Vengono raccolti per produrre prodotti come <strong>marmellata di arance amare<\/strong>, liquori alle erbe e oli essenziali.<\/li>\n<\/ul>\n<ul class=\"wp-block-list\">\n<li style=\"list-style-type: none;\">\n<ul class=\"wp-block-list\"><!-- \/wp:list-item --><!-- wp:list-item --><!-- \/wp:list-item --><!-- wp:list-item --><\/ul>\n<\/li>\n<\/ul>\n<p><img decoding=\"async\" class=\"alignnone wp-image-3285 size-full\" src=\"https:\/\/valenciaandgo.com\/wp-content\/uploads\/2025\/12\/mermelada-naranja.webp\" alt=\"\" width=\"1920\" height=\"1080\" \/><\/p>\t\t\t\t\t\t\t\t<\/div>\n\t\t\t\t<\/div>\n\t\t\t\t<\/div>\n\t\t<div class=\"elementor-element elementor-element-c6c4cf4 e-con-full e-flex e-con e-child\" data-id=\"c6c4cf4\" data-element_type=\"container\" data-e-type=\"container\">\n\t\t<div class=\"elementor-element elementor-element-ef5b1c1 e-con-full e-flex e-con e-child\" data-id=\"ef5b1c1\" data-element_type=\"container\" data-e-type=\"container\">\n\t\t\t\t<div class=\"elementor-element elementor-element-fcc841a elementor-widget elementor-widget-heading\" data-id=\"fcc841a\" data-element_type=\"widget\" data-e-type=\"widget\" data-widget_type=\"heading.default\">\n\t\t\t\t\t<h2 class=\"elementor-heading-title elementor-size-default\">Un po' di storia<\/h2>\t\t\t\t<\/div>\n\t\t\t\t<\/div>\n\t\t<div class=\"elementor-element elementor-element-7f8122d e-con-full e-flex e-con e-child\" data-id=\"7f8122d\" data-element_type=\"container\" data-e-type=\"container\">\n\t\t\t\t<div class=\"elementor-element elementor-element-bc9a847 elementor-widget elementor-widget-text-editor\" data-id=\"bc9a847\" data-element_type=\"widget\" data-e-type=\"widget\" data-widget_type=\"text-editor.default\">\n\t\t\t\t\t\t\t\t\t<p>L'arancio amaro ha origini <strong>Mori <\/strong>in Spagna. Introdotta dagli arabi nel X secolo, veniva originariamente piantata nei cortili dei palazzi e delle moschee per le sue caratteristiche di <strong>valore ornamentale<\/strong> e il suo aroma rilassante.<\/p>\n<p>Valencia, con il suo clima caldo e la sua profonda <strong>Patrimonio islamico<\/strong>, divenne una casa ideale. Con il tempo, la tradizione si \u00e8 estesa agli spazi pubblici e oggi si vedono aranci ovunque in citt\u00e0.<br \/>Se volete fotografare o semplicemente godervi il fascino agrumato di Valencia, non perdetevi questi luoghi:<\/p>\n<p><!-- \/wp:paragraph --><!-- wp:paragraph --><\/p>\n<p><!-- \/wp:paragraph --><!-- wp:list --><\/p>\n<ul class=\"wp-block-list\"><!-- wp:list-item -->\n<li>Giardini del Turia<\/li>\n<!-- \/wp:list-item --><!-- wp:list-item -->\n<li>Plaza de la Virgen<\/li>\n<!-- \/wp:list-item --><!-- wp:list-item -->\n<li>Jardines del Real (Viveros)<\/li>\n<!-- \/wp:list-item --><!-- wp:list-item -->\n<li>La Borsa della Seta<\/li>\n<!-- \/wp:list-item --><!-- wp:list-item -->\n<li>L'area universitaria<\/li>\n<\/ul>\t\t\t\t\t\t\t\t<\/div>\n\t\t\t\t<\/div>\n\t\t\t\t<\/div>\n\t\t<div class=\"elementor-element elementor-element-65e3457 e-con-full e-flex e-con e-child\" data-id=\"65e3457\" data-element_type=\"container\" data-e-type=\"container\">\n\t\t<div class=\"elementor-element elementor-element-9872238 e-con-full e-flex e-con e-child\" data-id=\"9872238\" data-element_type=\"container\" data-e-type=\"container\">\n\t\t\t\t<div class=\"elementor-element elementor-element-c55b107 elementor-widget elementor-widget-heading\" data-id=\"c55b107\" data-element_type=\"widget\" data-e-type=\"widget\" data-widget_type=\"heading.default\">\n\t\t\t\t\t<h2 class=\"elementor-heading-title elementor-size-default\">Tradizioni dei fiori d'arancio<\/h2>\t\t\t\t<\/div>\n\t\t\t\t<\/div>\n\t\t<div class=\"elementor-element elementor-element-bf37dfc e-con-full e-flex e-con e-child\" data-id=\"bf37dfc\" data-element_type=\"container\" data-e-type=\"container\">\n\t\t\t\t<div class=\"elementor-element elementor-element-2e11a8a elementor-widget elementor-widget-text-editor\" data-id=\"2e11a8a\" data-element_type=\"widget\" data-e-type=\"widget\" data-widget_type=\"text-editor.default\">\n\t\t\t\t\t\t\t\t\t<p>I fiori d'arancio non sono solo un profumo, ma anche una\u00a0<strong>simbolo<\/strong>. Nella cultura valenciana, il fiore rappresenta\u00a0<strong>purezza<\/strong>,\u00a0<strong>amore\u00a0<\/strong>y\u00a0<strong>nuovi inizi<\/strong>. Per questo motivo viene comunemente utilizzato in:<\/p>\n<ul class=\"wp-block-list\">\n<li>Bouquet da sposa e cerimonie nuziali<\/li>\n<li>Le processioni della Settimana Santa, in particolare le decorazioni per i pasos<\/li>\n<li>Profumi e saponi locali venduti nei mercati tradizionali<\/li>\n<\/ul>\n<p><img decoding=\"async\" class=\"alignnone size-full wp-image-3290\" src=\"https:\/\/valenciaandgo.com\/wp-content\/uploads\/2025\/12\/Relleno-generativo-2.webp\" alt=\"\" width=\"1920\" height=\"1080\" \/><\/p>\t\t\t\t\t\t\t\t<\/div>\n\t\t\t\t<\/div>\n\t\t\t\t<\/div>\n\t\t<div class=\"elementor-element elementor-element-8d148be e-con-full e-flex e-con e-child\" data-id=\"8d148be\" data-element_type=\"container\" data-e-type=\"container\">\n\t\t<div class=\"elementor-element elementor-element-8eea6cc e-con-full e-flex e-con e-child\" data-id=\"8eea6cc\" data-element_type=\"container\" data-e-type=\"container\">\n\t\t\t\t<div class=\"elementor-element elementor-element-225d1c4 elementor-widget elementor-widget-heading\" data-id=\"225d1c4\" data-element_type=\"widget\" data-e-type=\"widget\" data-widget_type=\"heading.default\">\n\t\t\t\t\t<h2 class=\"elementor-heading-title elementor-size-default\">Lo sapevate che...?<\/h2>\t\t\t\t<\/div>\n\t\t\t\t<\/div>\n\t\t<div class=\"elementor-element elementor-element-f8f748a e-con-full e-flex e-con e-child\" data-id=\"f8f748a\" data-element_type=\"container\" data-e-type=\"container\">\n\t\t\t\t<div class=\"elementor-element elementor-element-ea3d246 elementor-widget elementor-widget-text-editor\" data-id=\"ea3d246\" data-element_type=\"widget\" data-e-type=\"widget\" data-widget_type=\"text-editor.default\">\n\t\t\t\t\t\t\t\t\t<ul class=\"wp-block-list\">\n<li>Valencia ha pi\u00f9 di <strong>16.000 aranci<\/strong> nel suo assetto urbano.<\/li>\n<!-- \/wp:list-item --><!-- wp:list-item -->\n<li>La citt\u00e0 spende migliaia di euro ogni anno per ripulire i marciapiedi dalla frutta caduta; pu\u00f2 essere sorprendentemente <strong>scivoloso<\/strong>!<\/li>\n<!-- \/wp:list-item --><!-- wp:list-item -->\n<li>Alcuni comuni hanno iniziato a donare le arance amare ad aziende che producono marmellate biologiche e prodotti per la pulizia.<\/li>\n<\/ul>\t\t\t\t\t\t\t\t<\/div>\n\t\t\t\t<\/div>\n\t\t\t\t<\/div>\n\t\t<div class=\"elementor-element elementor-element-d4b6dd4 e-con-full e-flex e-con e-child\" data-id=\"d4b6dd4\" data-element_type=\"container\" data-e-type=\"container\">\n\t\t<div class=\"elementor-element elementor-element-afb99e6 e-con-full e-flex e-con e-child\" data-id=\"afb99e6\" data-element_type=\"container\" data-e-type=\"container\">\n\t\t\t\t<div class=\"elementor-element elementor-element-4b934e6 elementor-widget elementor-widget-heading\" data-id=\"4b934e6\" data-element_type=\"widget\" data-e-type=\"widget\" data-widget_type=\"heading.default\">\n\t\t\t\t\t<h2 class=\"elementor-heading-title elementor-size-default\">Consigli utili per i visitatori<\/h2>\t\t\t\t<\/div>\n\t\t\t\t<\/div>\n\t\t<div class=\"elementor-element elementor-element-f86dd43 e-con-full e-flex e-con e-child\" data-id=\"f86dd43\" data-element_type=\"container\" data-e-type=\"container\">\n\t\t\t\t<div class=\"elementor-element elementor-element-48c959f elementor-widget elementor-widget-text-editor\" data-id=\"48c959f\" data-element_type=\"widget\" data-e-type=\"widget\" data-widget_type=\"text-editor.default\">\n\t\t\t\t\t\t\t\t\t<p>Quando \u00e8 il momento migliore per vedere i fiori d'arancio? <strong>Da fine marzo a met\u00e0 aprile<\/strong>. Vedrete la citt\u00e0 in pieno profumo, poco prima che inizino a formarsi le arance. Unitevi al nostro <a href=\"https:\/\/valenciaandgo.com\/excursiones\/huerto-naranjos\/\">escursione al frutteto di arance<\/a>, e scoprire il <strong>il vero paradiso<\/strong> dell'arancia valenciana. Accompagnatelo con il nostro <a href=\"https:\/\/valenciaandgo.com\/tours-valencia\/fallas-valencia-tour\/\">Tour del festival Las Fallas<\/a> a marzo e sperimentare il <strong>L'esperienza valenciana<\/strong> completo.<\/p>\n<p><!-- \/wp:paragraph --><!-- wp:paragraph --><\/p>\n<p>Valencia \u00e8 una citt\u00e0 in cui la natura incontra la storia ad ogni angolo, e i suoi aranci ne sono l'esempio perfetto. Non si limitano a decorare le strade, ma raccontano una storia di cultura, clima e tradizioni secolari.<\/p>\n<p><!-- \/wp:paragraph --><!-- wp:paragraph --><\/p>\n<p>Godetevi i panorami e gli odori! Scoprite altri tour ed escursioni: https:\/\/valenciaandgo.com\/tours<\/p>\n<p><!-- \/wp:paragraph --><!-- wp:paragraph --><\/p>\n<p>Scoprite tutti i progetti in citt\u00e0 e nei dintorni sui nostri social network! @valenciaandgo<\/p>\t\t\t\t\t\t\t\t<\/div>\n\t\t\t\t<\/div>\n\t\t\t\t<\/div>\n\t\t\t\t\t<\/div>\n\t\t\t\t<\/div>\n\t\t\t\t<\/div>","protected":false},"excerpt":{"rendered":"<p>Cuando caminas por las pintorescas calles de Valencia, especialmente en oto\u00f1o, una de las primeras cosas que llama tu atenci\u00f3n (y tu olfato) son los vibrantes naranjos que bordean bulevares, plazas y rincones hist\u00f3ricos. Pero, \u00bfte has preguntado alguna vez por qu\u00e9 est\u00e1n ah\u00ed, si las naranjas son comestibles y qu\u00e9 representan realmente?Hablemos de la [&hellip;]<\/p>\n","protected":false},"author":1,"featured_media":736,"comment_status":"closed","ping_status":"closed","sticky":false,"template":"","format":"standard","meta":{"_acf_changed":false,"footnotes":""},"categories":[21,23],"tags":[],"class_list":["post-571","post","type-post","status-publish","format-standard","has-post-thumbnail","hentry","category-consejos-vacaciones","category-gastronomia"],"acf":[],"yoast_head":"<!-- This site is optimized with the Yoast SEO plugin v27.5 - https:\/\/yoast.com\/product\/yoast-seo-wordpress\/ -->\n<title>Por qu\u00e9 no se comen las naranjas de la calle | Valencia &amp; Go<\/title>\n<meta name=\"description\" content=\"Descubre por qu\u00e9 no puedes comer las naranjas que se encuentran en las calles de Valencia y aprende m\u00e1s sobre estas frutas amargas.\" \/>\n<meta name=\"robots\" content=\"noindex, follow, max-snippet:-1, max-image-preview:large, max-video-preview:-1\" \/>\n<meta property=\"og:locale\" content=\"it_IT\" \/>\n<meta property=\"og:type\" content=\"article\" \/>\n<meta property=\"og:title\" content=\"Por qu\u00e9 no se comen las naranjas de la calle | Valencia &amp; Go\" \/>\n<meta property=\"og:description\" content=\"Descubre por qu\u00e9 no puedes comer las naranjas que se encuentran en las calles de Valencia y aprende m\u00e1s sobre estas frutas amargas.\" \/>\n<meta property=\"og:url\" content=\"https:\/\/upgrade.valenciaandgo.com\/it\/strade-arancioni-valencia\/\" \/>\n<meta property=\"og:site_name\" content=\"Valencia&amp;Go\" \/>\n<meta property=\"article:publisher\" content=\"https:\/\/www.facebook.com\/valenciaandgo\/\" \/>\n<meta property=\"article:published_time\" content=\"2025-10-03T13:39:00+00:00\" \/>\n<meta property=\"article:modified_time\" content=\"2026-03-14T13:01:26+00:00\" \/>\n<meta property=\"og:image\" content=\"https:\/\/upgrade.valenciaandgo.com\/wp-content\/uploads\/2025\/11\/img-blog-no-comer-naranjas-calles.webp\" \/>\n\t<meta property=\"og:image:width\" content=\"1170\" \/>\n\t<meta property=\"og:image:height\" content=\"781\" \/>\n\t<meta property=\"og:image:type\" content=\"image\/webp\" \/>\n<meta name=\"author\" content=\"Valencia &amp; Go\" \/>\n<meta name=\"twitter:card\" content=\"summary_large_image\" \/>\n<meta name=\"twitter:label1\" content=\"Scritto da\" \/>\n\t<meta name=\"twitter:data1\" content=\"Valencia &amp; Go\" \/>\n\t<meta name=\"twitter:label2\" content=\"Tempo di lettura stimato\" \/>\n\t<meta name=\"twitter:data2\" content=\"4 minuti\" \/>\n<script type=\"application\/ld+json\" class=\"yoast-schema-graph\">{\"@context\":\"https:\\\/\\\/schema.org\",\"@graph\":[{\"@type\":\"Article\",\"@id\":\"https:\\\/\\\/upgrade.valenciaandgo.com\\\/calles-naranjos-valencia\\\/#article\",\"isPartOf\":{\"@id\":\"https:\\\/\\\/upgrade.valenciaandgo.com\\\/calles-naranjos-valencia\\\/\"},\"author\":{\"name\":\"Valencia &amp; Go\",\"@id\":\"https:\\\/\\\/upgrade.valenciaandgo.com\\\/it\\\/#\\\/schema\\\/person\\\/ca673553802eb937b57af07a6ce74908\"},\"headline\":\"Por qu\u00e9 no puedes comer las naranjas de las calles de Valencia\",\"datePublished\":\"2025-10-03T13:39:00+00:00\",\"dateModified\":\"2026-03-14T13:01:26+00:00\",\"mainEntityOfPage\":{\"@id\":\"https:\\\/\\\/upgrade.valenciaandgo.com\\\/calles-naranjos-valencia\\\/\"},\"wordCount\":737,\"publisher\":{\"@id\":\"https:\\\/\\\/upgrade.valenciaandgo.com\\\/it\\\/#organization\"},\"image\":{\"@id\":\"https:\\\/\\\/upgrade.valenciaandgo.com\\\/calles-naranjos-valencia\\\/#primaryimage\"},\"thumbnailUrl\":\"https:\\\/\\\/upgrade.valenciaandgo.com\\\/wp-content\\\/uploads\\\/2025\\\/11\\\/img-blog-no-comer-naranjas-calles.webp\",\"articleSection\":[\"Consejos para tus vacaciones\",\"Gastronom\u00eda\"],\"inLanguage\":\"it-IT\"},{\"@type\":\"WebPage\",\"@id\":\"https:\\\/\\\/upgrade.valenciaandgo.com\\\/calles-naranjos-valencia\\\/\",\"url\":\"https:\\\/\\\/upgrade.valenciaandgo.com\\\/calles-naranjos-valencia\\\/\",\"name\":\"Por qu\u00e9 no se comen las naranjas de la calle | Valencia & Go\",\"isPartOf\":{\"@id\":\"https:\\\/\\\/upgrade.valenciaandgo.com\\\/it\\\/#website\"},\"primaryImageOfPage\":{\"@id\":\"https:\\\/\\\/upgrade.valenciaandgo.com\\\/calles-naranjos-valencia\\\/#primaryimage\"},\"image\":{\"@id\":\"https:\\\/\\\/upgrade.valenciaandgo.com\\\/calles-naranjos-valencia\\\/#primaryimage\"},\"thumbnailUrl\":\"https:\\\/\\\/upgrade.valenciaandgo.com\\\/wp-content\\\/uploads\\\/2025\\\/11\\\/img-blog-no-comer-naranjas-calles.webp\",\"datePublished\":\"2025-10-03T13:39:00+00:00\",\"dateModified\":\"2026-03-14T13:01:26+00:00\",\"description\":\"Descubre por qu\u00e9 no puedes comer las naranjas que se encuentran en las calles de Valencia y aprende m\u00e1s sobre estas frutas amargas.\",\"breadcrumb\":{\"@id\":\"https:\\\/\\\/upgrade.valenciaandgo.com\\\/calles-naranjos-valencia\\\/#breadcrumb\"},\"inLanguage\":\"it-IT\",\"potentialAction\":[{\"@type\":\"ReadAction\",\"target\":[\"https:\\\/\\\/upgrade.valenciaandgo.com\\\/calles-naranjos-valencia\\\/\"]}]},{\"@type\":\"ImageObject\",\"inLanguage\":\"it-IT\",\"@id\":\"https:\\\/\\\/upgrade.valenciaandgo.com\\\/calles-naranjos-valencia\\\/#primaryimage\",\"url\":\"https:\\\/\\\/upgrade.valenciaandgo.com\\\/wp-content\\\/uploads\\\/2025\\\/11\\\/img-blog-no-comer-naranjas-calles.webp\",\"contentUrl\":\"https:\\\/\\\/upgrade.valenciaandgo.com\\\/wp-content\\\/uploads\\\/2025\\\/11\\\/img-blog-no-comer-naranjas-calles.webp\",\"width\":1170,\"height\":781},{\"@type\":\"BreadcrumbList\",\"@id\":\"https:\\\/\\\/upgrade.valenciaandgo.com\\\/calles-naranjos-valencia\\\/#breadcrumb\",\"itemListElement\":[{\"@type\":\"ListItem\",\"position\":1,\"name\":\"Portada\",\"item\":\"https:\\\/\\\/upgrade.valenciaandgo.com\\\/\"},{\"@type\":\"ListItem\",\"position\":2,\"name\":\"Por qu\u00e9 no puedes comer las naranjas de las calles de Valencia\"}]},{\"@type\":\"WebSite\",\"@id\":\"https:\\\/\\\/upgrade.valenciaandgo.com\\\/it\\\/#website\",\"url\":\"https:\\\/\\\/upgrade.valenciaandgo.com\\\/it\\\/\",\"name\":\"Valencia&Go\",\"description\":\"Tours por Valencia y alrededores de ciudad.\",\"publisher\":{\"@id\":\"https:\\\/\\\/upgrade.valenciaandgo.com\\\/it\\\/#organization\"},\"potentialAction\":[{\"@type\":\"SearchAction\",\"target\":{\"@type\":\"EntryPoint\",\"urlTemplate\":\"https:\\\/\\\/upgrade.valenciaandgo.com\\\/it\\\/?s={search_term_string}\"},\"query-input\":{\"@type\":\"PropertyValueSpecification\",\"valueRequired\":true,\"valueName\":\"search_term_string\"}}],\"inLanguage\":\"it-IT\"},{\"@type\":\"Organization\",\"@id\":\"https:\\\/\\\/upgrade.valenciaandgo.com\\\/it\\\/#organization\",\"name\":\"Valencia&Go\",\"url\":\"https:\\\/\\\/upgrade.valenciaandgo.com\\\/it\\\/\",\"logo\":{\"@type\":\"ImageObject\",\"inLanguage\":\"it-IT\",\"@id\":\"https:\\\/\\\/upgrade.valenciaandgo.com\\\/it\\\/#\\\/schema\\\/logo\\\/image\\\/\",\"url\":\"https:\\\/\\\/upgrade.valenciaandgo.com\\\/wp-content\\\/uploads\\\/2025\\\/10\\\/valencia_go-svg-blnc-iso-naranja.svg\",\"contentUrl\":\"https:\\\/\\\/upgrade.valenciaandgo.com\\\/wp-content\\\/uploads\\\/2025\\\/10\\\/valencia_go-svg-blnc-iso-naranja.svg\",\"width\":434,\"height\":102,\"caption\":\"Valencia&Go\"},\"image\":{\"@id\":\"https:\\\/\\\/upgrade.valenciaandgo.com\\\/it\\\/#\\\/schema\\\/logo\\\/image\\\/\"},\"sameAs\":[\"https:\\\/\\\/www.facebook.com\\\/valenciaandgo\\\/\",\"https:\\\/\\\/www.instagram.com\\\/valenciaandgo\",\"https:\\\/\\\/www.linkedin.com\\\/company\\\/valencia-go\\\/\",\"https:\\\/\\\/www.tiktok.com\\\/@valenciaandgo\"]},{\"@type\":\"Person\",\"@id\":\"https:\\\/\\\/upgrade.valenciaandgo.com\\\/it\\\/#\\\/schema\\\/person\\\/ca673553802eb937b57af07a6ce74908\",\"name\":\"Valencia &amp; Go\",\"sameAs\":[\"https:\\\/\\\/valenciaandgo.com\"],\"url\":\"https:\\\/\\\/upgrade.valenciaandgo.com\\\/it\\\/author\\\/valencia\\\/\"}]}<\/script>\n<!-- \/ Yoast SEO plugin. -->","yoast_head_json":{"title":"Perch\u00e9 non mangiano le arance per strada | Valencia &amp; Go","description":"Scoprite perch\u00e9 non si possono mangiare le arance che si trovano per le strade di Valencia e imparate a conoscere meglio questi frutti amari.","robots":{"index":"noindex","follow":"follow","max-snippet":"max-snippet:-1","max-image-preview":"max-image-preview:large","max-video-preview":"max-video-preview:-1"},"og_locale":"it_IT","og_type":"article","og_title":"Por qu\u00e9 no se comen las naranjas de la calle | Valencia & Go","og_description":"Descubre por qu\u00e9 no puedes comer las naranjas que se encuentran en las calles de Valencia y aprende m\u00e1s sobre estas frutas amargas.","og_url":"https:\/\/upgrade.valenciaandgo.com\/it\/strade-arancioni-valencia\/","og_site_name":"Valencia&amp;Go","article_publisher":"https:\/\/www.facebook.com\/valenciaandgo\/","article_published_time":"2025-10-03T13:39:00+00:00","article_modified_time":"2026-03-14T13:01:26+00:00","og_image":[{"width":1170,"height":781,"url":"https:\/\/upgrade.valenciaandgo.com\/wp-content\/uploads\/2025\/11\/img-blog-no-comer-naranjas-calles.webp","type":"image\/webp"}],"author":"Valencia &amp; Go","twitter_card":"summary_large_image","twitter_misc":{"Scritto da":"Valencia &amp; Go","Tempo di lettura stimato":"4 minuti"},"schema":{"@context":"https:\/\/schema.org","@graph":[{"@type":"Article","@id":"https:\/\/upgrade.valenciaandgo.com\/calles-naranjos-valencia\/#article","isPartOf":{"@id":"https:\/\/upgrade.valenciaandgo.com\/calles-naranjos-valencia\/"},"author":{"name":"Valencia &amp; Go","@id":"https:\/\/upgrade.valenciaandgo.com\/it\/#\/schema\/person\/ca673553802eb937b57af07a6ce74908"},"headline":"Por qu\u00e9 no puedes comer las naranjas de las calles de Valencia","datePublished":"2025-10-03T13:39:00+00:00","dateModified":"2026-03-14T13:01:26+00:00","mainEntityOfPage":{"@id":"https:\/\/upgrade.valenciaandgo.com\/calles-naranjos-valencia\/"},"wordCount":737,"publisher":{"@id":"https:\/\/upgrade.valenciaandgo.com\/it\/#organization"},"image":{"@id":"https:\/\/upgrade.valenciaandgo.com\/calles-naranjos-valencia\/#primaryimage"},"thumbnailUrl":"https:\/\/upgrade.valenciaandgo.com\/wp-content\/uploads\/2025\/11\/img-blog-no-comer-naranjas-calles.webp","articleSection":["Consejos para tus vacaciones","Gastronom\u00eda"],"inLanguage":"it-IT"},{"@type":"WebPage","@id":"https:\/\/upgrade.valenciaandgo.com\/calles-naranjos-valencia\/","url":"https:\/\/upgrade.valenciaandgo.com\/calles-naranjos-valencia\/","name":"Perch\u00e9 non mangiano le arance per strada | Valencia &amp; Go","isPartOf":{"@id":"https:\/\/upgrade.valenciaandgo.com\/it\/#website"},"primaryImageOfPage":{"@id":"https:\/\/upgrade.valenciaandgo.com\/calles-naranjos-valencia\/#primaryimage"},"image":{"@id":"https:\/\/upgrade.valenciaandgo.com\/calles-naranjos-valencia\/#primaryimage"},"thumbnailUrl":"https:\/\/upgrade.valenciaandgo.com\/wp-content\/uploads\/2025\/11\/img-blog-no-comer-naranjas-calles.webp","datePublished":"2025-10-03T13:39:00+00:00","dateModified":"2026-03-14T13:01:26+00:00","description":"Scoprite perch\u00e9 non si possono mangiare le arance che si trovano per le strade di Valencia e imparate a conoscere meglio questi frutti amari.","breadcrumb":{"@id":"https:\/\/upgrade.valenciaandgo.com\/calles-naranjos-valencia\/#breadcrumb"},"inLanguage":"it-IT","potentialAction":[{"@type":"ReadAction","target":["https:\/\/upgrade.valenciaandgo.com\/calles-naranjos-valencia\/"]}]},{"@type":"ImageObject","inLanguage":"it-IT","@id":"https:\/\/upgrade.valenciaandgo.com\/calles-naranjos-valencia\/#primaryimage","url":"https:\/\/upgrade.valenciaandgo.com\/wp-content\/uploads\/2025\/11\/img-blog-no-comer-naranjas-calles.webp","contentUrl":"https:\/\/upgrade.valenciaandgo.com\/wp-content\/uploads\/2025\/11\/img-blog-no-comer-naranjas-calles.webp","width":1170,"height":781},{"@type":"BreadcrumbList","@id":"https:\/\/upgrade.valenciaandgo.com\/calles-naranjos-valencia\/#breadcrumb","itemListElement":[{"@type":"ListItem","position":1,"name":"Portada","item":"https:\/\/upgrade.valenciaandgo.com\/"},{"@type":"ListItem","position":2,"name":"Por qu\u00e9 no puedes comer las naranjas de las calles de Valencia"}]},{"@type":"WebSite","@id":"https:\/\/upgrade.valenciaandgo.com\/it\/#website","url":"https:\/\/upgrade.valenciaandgo.com\/it\/","name":"Valencia&amp;Go","description":"Tour di Valencia e dintorni.","publisher":{"@id":"https:\/\/upgrade.valenciaandgo.com\/it\/#organization"},"potentialAction":[{"@type":"SearchAction","target":{"@type":"EntryPoint","urlTemplate":"https:\/\/upgrade.valenciaandgo.com\/it\/?s={search_term_string}"},"query-input":{"@type":"PropertyValueSpecification","valueRequired":true,"valueName":"search_term_string"}}],"inLanguage":"it-IT"},{"@type":"Organization","@id":"https:\/\/upgrade.valenciaandgo.com\/it\/#organization","name":"Valencia&amp;Go","url":"https:\/\/upgrade.valenciaandgo.com\/it\/","logo":{"@type":"ImageObject","inLanguage":"it-IT","@id":"https:\/\/upgrade.valenciaandgo.com\/it\/#\/schema\/logo\/image\/","url":"https:\/\/upgrade.valenciaandgo.com\/wp-content\/uploads\/2025\/10\/valencia_go-svg-blnc-iso-naranja.svg","contentUrl":"https:\/\/upgrade.valenciaandgo.com\/wp-content\/uploads\/2025\/10\/valencia_go-svg-blnc-iso-naranja.svg","width":434,"height":102,"caption":"Valencia&Go"},"image":{"@id":"https:\/\/upgrade.valenciaandgo.com\/it\/#\/schema\/logo\/image\/"},"sameAs":["https:\/\/www.facebook.com\/valenciaandgo\/","https:\/\/www.instagram.com\/valenciaandgo","https:\/\/www.linkedin.com\/company\/valencia-go\/","https:\/\/www.tiktok.com\/@valenciaandgo"]},{"@type":"Person","@id":"https:\/\/upgrade.valenciaandgo.com\/it\/#\/schema\/person\/ca673553802eb937b57af07a6ce74908","name":"Valencia &amp; Go","sameAs":["https:\/\/valenciaandgo.com"],"url":"https:\/\/upgrade.valenciaandgo.com\/it\/author\/valencia\/"}]}},"_links":{"self":[{"href":"https:\/\/upgrade.valenciaandgo.com\/it\/wp-json\/wp\/v2\/posts\/571","targetHints":{"allow":["GET"]}}],"collection":[{"href":"https:\/\/upgrade.valenciaandgo.com\/it\/wp-json\/wp\/v2\/posts"}],"about":[{"href":"https:\/\/upgrade.valenciaandgo.com\/it\/wp-json\/wp\/v2\/types\/post"}],"author":[{"embeddable":true,"href":"https:\/\/upgrade.valenciaandgo.com\/it\/wp-json\/wp\/v2\/users\/1"}],"replies":[{"embeddable":true,"href":"https:\/\/upgrade.valenciaandgo.com\/it\/wp-json\/wp\/v2\/comments?post=571"}],"version-history":[{"count":0,"href":"https:\/\/upgrade.valenciaandgo.com\/it\/wp-json\/wp\/v2\/posts\/571\/revisions"}],"wp:featuredmedia":[{"embeddable":true,"href":"https:\/\/upgrade.valenciaandgo.com\/it\/wp-json\/wp\/v2\/media\/736"}],"wp:attachment":[{"href":"https:\/\/upgrade.valenciaandgo.com\/it\/wp-json\/wp\/v2\/media?parent=571"}],"wp:term":[{"taxonomy":"category","embeddable":true,"href":"https:\/\/upgrade.valenciaandgo.com\/it\/wp-json\/wp\/v2\/categories?post=571"},{"taxonomy":"post_tag","embeddable":true,"href":"https:\/\/upgrade.valenciaandgo.com\/it\/wp-json\/wp\/v2\/tags?post=571"}],"curies":[{"name":"wp","href":"https:\/\/api.w.org\/{rel}","templated":true}]}}