{"id":565,"date":"2025-08-07T09:43:00","date_gmt":"2025-08-07T09:43:00","guid":{"rendered":"https:\/\/new.valenciaandgo.com\/?p=565"},"modified":"2026-03-14T13:01:26","modified_gmt":"2026-03-14T13:01:26","slug":"la-guida-definitiva-allestate-a-valencia","status":"publish","type":"post","link":"https:\/\/upgrade.valenciaandgo.com\/it\/la-guia-definitiva-verano-en-valencia\/","title":{"rendered":"La guida definitiva per rinfrescarsi in estate a Valencia"},"content":{"rendered":"<div data-elementor-type=\"wp-post\" data-elementor-id=\"565\" class=\"elementor elementor-565\" data-elementor-post-type=\"post\">\n\t\t\t\t<div class=\"elementor-element elementor-element-52316c5 e-con-full e-flex e-con e-child\" data-id=\"52316c5\" data-element_type=\"container\" data-e-type=\"container\">\n\t\t\t\t<div class=\"elementor-element elementor-element-473ca3c elementor-widget elementor-widget-text-editor\" data-id=\"473ca3c\" data-element_type=\"widget\" data-e-type=\"widget\" data-widget_type=\"text-editor.default\">\n\t\t\t\t\t\t\t\t\t<p>Scoprite come sconfiggere il caldo a Valencia con i migliori programmi: spiagge con bandiera blu, beach bar in riva al mare, parchi ombreggiati e musei con aria condizionata, incluse attivit\u00e0 per bambini e opzioni di visita guidata!<\/p><p><!-- \/wp:paragraph --><\/p>\t\t\t\t\t\t\t\t<\/div>\n\t\t\t\t<\/div>\n\t\t<div class=\"elementor-element elementor-element-db70533 e-con-full e-flex e-con e-child\" data-id=\"db70533\" data-element_type=\"container\" data-e-type=\"container\">\n\t\t<div class=\"elementor-element elementor-element-2e38ab4 e-con-full e-flex e-con e-child\" data-id=\"2e38ab4\" data-element_type=\"container\" data-e-type=\"container\">\n\t\t\t\t<div class=\"elementor-element elementor-element-e5258b1 elementor-widget elementor-widget-heading\" data-id=\"e5258b1\" data-element_type=\"widget\" data-e-type=\"widget\" data-widget_type=\"heading.default\">\n\t\t\t\t\t<h2 class=\"elementor-heading-title elementor-size-default\">Spiagge da godere e rinfrescare<\/h2>\t\t\t\t<\/div>\n\t\t\t\t<\/div>\n\t\t<div class=\"elementor-element elementor-element-2534ecd e-con-full e-flex e-con e-child\" data-id=\"2534ecd\" data-element_type=\"container\" data-e-type=\"container\">\n\t\t\t\t<div class=\"elementor-element elementor-element-9211afb elementor-widget elementor-widget-text-editor\" data-id=\"9211afb\" data-element_type=\"widget\" data-e-type=\"widget\" data-widget_type=\"text-editor.default\">\n\t\t\t\t\t\t\t\t\t<p>Come gi\u00e0 sappiamo, la Comunit\u00e0 Valenciana \u00e8 famosa per il suo sole tutto l'anno e... per le sue spiagge! Ecco perch\u00e9 sono anche la prima risorsa per affrontare il caldo estivo. Ecco un elenco di alcune delle pi\u00f9 vicine alla citt\u00e0 di Valencia:<\/p><p><strong>Spiaggia di Malvarrosa:<\/strong>\u00a0Il pi\u00f9 emblematico, con un'ampia gamma di servizi e attivit\u00e0.<\/p><p><strong>Spiaggia di La Patacona:<\/strong>\u00a0Conosciuto per l'atmosfera familiare e la tranquillit\u00e0.<\/p><p><strong>Spiaggia di El Saler:<\/strong>\u00a0Situato nel Parco Naturale dell'Albufera, offre un ambiente pi\u00f9 naturale e meno affollato.<\/p><p><strong>Spiaggia di Pinedo:<\/strong>\u00a0Vicino alla citt\u00e0 e meno affollato, ideale per chi cerca pace e tranquillit\u00e0.<\/p><p><strong>Spiaggia di Meliana:<\/strong>\u00a0A soli 20 minuti dal centro, questa spiaggia incontaminata \u00e8 ideale per chi cerca tranquillit\u00e0 e natura.<\/p><p><strong>Spiaggia di Rabdells (Oliva):<\/strong>\u00a0Una delle spiagge pi\u00f9 incontaminate e tranquille della zona, circondata da dune e dotata di strutture sportive.<\/p><p><strong>Spiaggia del Faro a Cullera:<\/strong>\u00a0Con 100 metri di sabbia fine e acque pulite, \u00e8 perfetto per rilassarsi e godersi il paesaggio.<\/p>\t\t\t\t\t\t\t\t<\/div>\n\t\t\t\t<div class=\"elementor-element elementor-element-ac0cea9 elementor-widget elementor-widget-image\" data-id=\"ac0cea9\" data-element_type=\"widget\" data-e-type=\"widget\" data-widget_type=\"image.default\">\n\t\t\t\t\t\t\t\t\t\t\t\t\t\t\t<img decoding=\"async\" width=\"128\" height=\"72\" src=\"https:\/\/upgrade.valenciaandgo.com\/wp-content\/uploads\/2025\/12\/playas-valencia.webp\" class=\"attachment-thumbnail size-thumbnail wp-image-3289\" alt=\"\" \/>\t\t\t\t\t\t\t\t\t\t\t\t\t\t\t<\/div>\n\t\t\t\t<\/div>\n\t\t\t\t<\/div>\n\t\t<div class=\"elementor-element elementor-element-2310f6c e-con-full e-flex e-con e-child\" data-id=\"2310f6c\" data-element_type=\"container\" data-e-type=\"container\">\n\t\t<div class=\"elementor-element elementor-element-63b5382 e-con-full e-flex e-con e-child\" data-id=\"63b5382\" data-element_type=\"container\" data-e-type=\"container\">\n\t\t\t\t<div class=\"elementor-element elementor-element-00a2cb8 elementor-widget elementor-widget-heading\" data-id=\"00a2cb8\" data-element_type=\"widget\" data-e-type=\"widget\" data-widget_type=\"heading.default\">\n\t\t\t\t\t<h2 class=\"elementor-heading-title elementor-size-default\">Incantevoli bar sulla spiaggia per rilassarsi in riva al mare<\/h2>\t\t\t\t<\/div>\n\t\t\t\t<\/div>\n\t\t<div class=\"elementor-element elementor-element-208b6ef e-con-full e-flex e-con e-child\" data-id=\"208b6ef\" data-element_type=\"container\" data-e-type=\"container\">\n\t\t\t\t<div class=\"elementor-element elementor-element-ef025f6 elementor-widget elementor-widget-text-editor\" data-id=\"ef025f6\" data-element_type=\"widget\" data-e-type=\"widget\" data-widget_type=\"text-editor.default\">\n\t\t\t\t\t\t\t\t\t<p>Quale modo migliore di rinfrescarsi se non con un buon drink affacciato sul mare? Questi bar sulla spiaggia vi faranno godere della brezza marina e di un buon pasto:<\/p><ul class=\"wp-block-list\"><li><strong>La M\u00e1s Bonita (Patacona):<\/strong>\u00a0Famoso per la sua decorazione e la sua offerta gastronomica.<\/li><li><strong>Chiringuito El Ocho (Patacona):<\/strong>\u00a0Atmosfera rilassata e musica dal vivo.<\/li><li><strong>Oli Ba Ba:<\/strong>\u00a0Con un menu vario e cocktail rinfrescanti.<\/li><li><strong>Spiaggia di Portolito:<\/strong>\u00a0Situato sulla spiaggia di Las Arenas, offre un'esperienza gastronomica in riva al mare.<\/li><li><strong>Mikkonos Beach Club:<\/strong>\u00a0Situato sulla spiaggia di Malvarrosa, unisce musica e gastronomia in un ambiente unico.<\/li><\/ul>\t\t\t\t\t\t\t\t<\/div>\n\t\t\t\t<\/div>\n\t\t\t\t<\/div>\n\t\t<div class=\"elementor-element elementor-element-88606ca e-con-full e-flex e-con e-child\" data-id=\"88606ca\" data-element_type=\"container\" data-e-type=\"container\">\n\t\t<div class=\"elementor-element elementor-element-2d8c348 e-con-full e-flex e-con e-child\" data-id=\"2d8c348\" data-element_type=\"container\" data-e-type=\"container\">\n\t\t\t\t<div class=\"elementor-element elementor-element-7c1e4a6 elementor-widget elementor-widget-heading\" data-id=\"7c1e4a6\" data-element_type=\"widget\" data-e-type=\"widget\" data-widget_type=\"heading.default\">\n\t\t\t\t\t<h2 class=\"elementor-heading-title elementor-size-default\">Piani con i bambini per le giornate calde\n<\/h2>\t\t\t\t<\/div>\n\t\t\t\t<\/div>\n\t\t<div class=\"elementor-element elementor-element-7ce7345 e-con-full e-flex e-con e-child\" data-id=\"7ce7345\" data-element_type=\"container\" data-e-type=\"container\">\n\t\t\t\t<div class=\"elementor-element elementor-element-a3947d4 elementor-widget elementor-widget-text-editor\" data-id=\"a3947d4\" data-element_type=\"widget\" data-e-type=\"widget\" data-widget_type=\"text-editor.default\">\n\t\t\t\t\t\t\t\t\t<p>Se state visitando Valencia con la vostra famiglia, ecco un elenco di luoghi da visitare insieme durante i mesi pi\u00f9 caldi.<\/p><ul class=\"wp-block-list\"><li><strong>Parco Gulliver:<\/strong>\u00a0Uno dei parchi tematici pi\u00f9 famosi di Valencia, con scivoli e aree gioco.<\/li><li><strong>Parco di Cabecera:<\/strong>\u00a0Questo grande parco alla periferia della capitale ha un lago e ampie aree verdi, perfette per le famiglie.<\/li><li><strong>Giardini di Viveros:<\/strong>\u00a0Spazio verde con aree gioco e ombra, ideale per le gite in famiglia. Inoltre, offre programmi culturali durante tutto l'anno.<\/li><li><strong>Parco Pocoyo:<\/strong>\u00a0Ispirato al famoso personaggio per bambini, offre aree di gioco a tema.<\/li><li><strong>Parco Ovest:<\/strong>\u00a0Dispone di piscine e aree gioco all'aperto, perfette per sconfiggere il caldo.<\/li><\/ul>\t\t\t\t\t\t\t\t<\/div>\n\t\t\t\t<\/div>\n\t\t\t\t<\/div>\n\t\t<div class=\"elementor-element elementor-element-fbba8fa e-con-full e-flex e-con e-child\" data-id=\"fbba8fa\" data-element_type=\"container\" data-e-type=\"container\">\n\t\t<div class=\"elementor-element elementor-element-4390c29 e-con-full e-flex e-con e-child\" data-id=\"4390c29\" data-element_type=\"container\" data-e-type=\"container\">\n\t\t\t\t<div class=\"elementor-element elementor-element-7733049 elementor-widget elementor-widget-heading\" data-id=\"7733049\" data-element_type=\"widget\" data-e-type=\"widget\" data-widget_type=\"heading.default\">\n\t\t\t\t\t<h2 class=\"elementor-heading-title elementor-size-default\">Parchi per riposare all'ombra<\/h2>\t\t\t\t<\/div>\n\t\t\t\t<\/div>\n\t\t<div class=\"elementor-element elementor-element-be64272 e-con-full e-flex e-con e-child\" data-id=\"be64272\" data-element_type=\"container\" data-e-type=\"container\">\n\t\t\t\t<div class=\"elementor-element elementor-element-550abce elementor-widget elementor-widget-text-editor\" data-id=\"550abce\" data-element_type=\"widget\" data-e-type=\"widget\" data-widget_type=\"text-editor.default\">\n\t\t\t\t\t\t\t\t\t<p>Se Valencia \u00e8 famosa per qualcosa, \u00e8 per i suoi spazi verdi dove rilassarsi e godersi la natura. Godetevi la Capitale Verde Europea 2024 in alcuni di questi parchi:<\/p><ul class=\"wp-block-list\"><li><strong>Giardino del Turia:<\/strong>\u00a0Un vasto parco che attraversa la citt\u00e0, ideale per passeggiate e picnic.<\/li><li><strong>Central Park:<\/strong>\u00a0Moderno e con zone d'acqua per rinfrescarsi.<\/li><li><strong>Parco Cabecer<\/strong>a<\/li><\/ul>\t\t\t\t\t\t\t\t<\/div>\n\t\t\t\t<\/div>\n\t\t\t\t<\/div>\n\t\t<div class=\"elementor-element elementor-element-91902be e-con-full e-flex e-con e-child\" data-id=\"91902be\" data-element_type=\"container\" data-e-type=\"container\">\n\t\t<div class=\"elementor-element elementor-element-0880810 e-con-full e-flex e-con e-child\" data-id=\"0880810\" data-element_type=\"container\" data-e-type=\"container\">\n\t\t\t\t<div class=\"elementor-element elementor-element-96b9604 elementor-widget elementor-widget-heading\" data-id=\"96b9604\" data-element_type=\"widget\" data-e-type=\"widget\" data-widget_type=\"heading.default\">\n\t\t\t\t\t<h2 class=\"elementor-heading-title elementor-size-default\">Musei per le giornate calde<\/h2>\t\t\t\t<\/div>\n\t\t\t\t<\/div>\n\t\t<div class=\"elementor-element elementor-element-415fc7a e-con-full e-flex e-con e-child\" data-id=\"415fc7a\" data-element_type=\"container\" data-e-type=\"container\">\n\t\t\t\t<div class=\"elementor-element elementor-element-7dd62a5 elementor-widget elementor-widget-text-editor\" data-id=\"7dd62a5\" data-element_type=\"widget\" data-e-type=\"widget\" data-widget_type=\"text-editor.default\">\n\t\t\t\t\t\t\t\t\t<p>Un'altra possibilit\u00e0 per conoscere Valencia e la sua cultura \u00e8 quella di approfittare delle ore pi\u00f9 calde della giornata rifugiandosi in un museo:<\/p><ul class=\"wp-block-list\"><li><strong>Centro d'Arte Hortensia Herrero (CAHH):<\/strong>\u00a0Ospitato nel Palazzo Valeriola, ospita una collezione privata di arte contemporanea.<\/li><\/ul><ul class=\"wp-block-list\"><li><strong>Museo delle Scienze Principe Felipe:<\/strong>\u00a0Interattivo ed educativo, ideale per tutte le et\u00e0.<\/li><\/ul><ul class=\"wp-block-list\"><li><strong>Museo di Belle Arti di Valencia:<\/strong>\u00a0Con una vasta collezione di arte classica.<\/li><\/ul><ul class=\"wp-block-list\"><li><strong>Centro del Carme de Cultura Contempor\u00e1nea:<\/strong>\u00a0Spazio moderno con mostre temporanee.<\/li><\/ul>\t\t\t\t\t\t\t\t<\/div>\n\t\t\t\t<\/div>\n\t\t\t\t<\/div>\n\t\t<div class=\"elementor-element elementor-element-4b4c6de e-con-full e-flex e-con e-child\" data-id=\"4b4c6de\" data-element_type=\"container\" data-e-type=\"container\">\n\t\t<div class=\"elementor-element elementor-element-17dc31a e-con-full e-flex e-con e-child\" data-id=\"17dc31a\" data-element_type=\"container\" data-e-type=\"container\">\n\t\t\t\t<div class=\"elementor-element elementor-element-4fc8ecf elementor-widget elementor-widget-heading\" data-id=\"4fc8ecf\" data-element_type=\"widget\" data-e-type=\"widget\" data-widget_type=\"heading.default\">\n\t\t\t\t\t<h2 class=\"elementor-heading-title elementor-size-default\">Visite rinfrescanti con Valencia&amp;Go<\/h2>\t\t\t\t<\/div>\n\t\t\t\t<\/div>\n\t\t<div class=\"elementor-element elementor-element-da7ef73 e-con-full e-flex e-con e-child\" data-id=\"da7ef73\" data-element_type=\"container\" data-e-type=\"container\">\n\t\t\t\t<div class=\"elementor-element elementor-element-a866593 elementor-widget__width-initial elementor-widget elementor-widget-image\" data-id=\"a866593\" data-element_type=\"widget\" data-e-type=\"widget\" data-widget_type=\"image.default\">\n\t\t\t\t\t\t\t\t\t\t\t\t\t\t\t<img decoding=\"async\" width=\"128\" height=\"96\" src=\"https:\/\/upgrade.valenciaandgo.com\/wp-content\/uploads\/tours-excursiones\/02-cuevas-san-jose\/cuevas-san-jose_4.webp\" class=\"attachment-thumbnail size-thumbnail wp-image-5563\" alt=\"Tour in barca all&#039;interno delle grotte di San Jos\u00e9\" \/>\t\t\t\t\t\t\t\t\t\t\t\t\t\t\t<\/div>\n\t\t\t\t<div class=\"elementor-element elementor-element-ae71f04 elementor-widget elementor-widget-text-editor\" data-id=\"ae71f04\" data-element_type=\"widget\" data-e-type=\"widget\" data-widget_type=\"text-editor.default\">\n\t\t\t\t\t\t\t\t\t<p>Inoltre, se volete conoscere Valencia con guide ufficiali locali e non perdervi nulla, vi invitiamo a partecipare ai nostri tour ed escursioni:<\/p><ul class=\"wp-block-list\"><li><strong>Giro in barca dell'Albufera:<\/strong>\u00a0Navigate in questo parco naturale e godetevi la brezza marina (opzione mattina e pomeriggio).<\/li><li><strong>Escursione alle Grotte di San Jos\u00e9:<\/strong>\u00a0Esplorate il fiume sotterraneo navigabile pi\u00f9 lungo d'Europa.<\/li><li><strong>Escursione a Morella e Pe\u00f1\u00edscola<\/strong><\/li><\/ul><h3 class=\"wp-block-heading\">\u00a0<\/h3><p>Volete saperne di pi\u00f9 su Valencia e la sua storia? Potete trovare maggiori informazioni sui nostri social network.<\/p><p>Scoprite qui tutti i nostri tour, le escursioni e le attivit\u00e0:\u00a0<a class=\"\" href=\"https:\/\/valenciaandgo.com\/tours\">https:\/\/valenciaandgo.com\/tours<\/a><br \/>Vivete Valencia come un abitante del posto!<\/p>\t\t\t\t\t\t\t\t<\/div>\n\t\t\t\t<\/div>\n\t\t\t\t<\/div>\n\t\t\t\t<\/div>","protected":false},"excerpt":{"rendered":"<p>Descubre c\u00f3mo combatir el calor en Valencia con los mejores planes: playas con bandera azul, chiringuitos frente al mar, parques sombreados y museos con aire acondicionado. \u00a1Incluye actividades para ni\u00f1os y opciones de tours guiados! Playas para disfrutar y refrescarse Como ya sabemos la Comunidad Valenciana es famosa por el sol durante todo el a\u00f1o [&hellip;]<\/p>\n","protected":false},"author":1,"featured_media":725,"comment_status":"closed","ping_status":"closed","sticky":false,"template":"","format":"standard","meta":{"_acf_changed":false,"footnotes":""},"categories":[24,54],"tags":[63,53],"class_list":["post-565","post","type-post","status-publish","format-standard","has-post-thumbnail","hentry","category-noticias","category-que-hacer","tag-planes","tag-valencia"],"acf":[],"yoast_head":"<!-- This site is optimized with the Yoast SEO plugin v27.5 - https:\/\/yoast.com\/product\/yoast-seo-wordpress\/ -->\n<title>Planes refrescantes en Valencia: planes para el verano<\/title>\n<meta name=\"description\" content=\"Descubre c\u00f3mo combatir el calor en Valencia con los mejores planes: \u00a1incluye actividades para ni\u00f1os y opciones de tours guiados!\" \/>\n<meta name=\"robots\" content=\"noindex, follow, max-snippet:-1, max-image-preview:large, max-video-preview:-1\" \/>\n<meta property=\"og:locale\" content=\"it_IT\" \/>\n<meta property=\"og:type\" content=\"article\" \/>\n<meta property=\"og:title\" content=\"Planes refrescantes en Valencia: planes para el verano\" \/>\n<meta property=\"og:description\" content=\"Descubre c\u00f3mo combatir el calor en Valencia con los mejores planes: \u00a1incluye actividades para ni\u00f1os y opciones de tours guiados!\" \/>\n<meta property=\"og:url\" content=\"https:\/\/upgrade.valenciaandgo.com\/it\/la-guida-definitiva-allestate-a-valencia\/\" \/>\n<meta property=\"og:site_name\" content=\"Valencia&amp;Go\" \/>\n<meta property=\"article:publisher\" content=\"https:\/\/www.facebook.com\/valenciaandgo\/\" \/>\n<meta property=\"article:published_time\" content=\"2025-08-07T09:43:00+00:00\" \/>\n<meta property=\"article:modified_time\" content=\"2026-03-14T13:01:26+00:00\" \/>\n<meta property=\"og:image\" content=\"https:\/\/upgrade.valenciaandgo.com\/wp-content\/uploads\/2025\/11\/img-blog-guia-definitiva-verano-valencia.webp\" \/>\n\t<meta property=\"og:image:width\" content=\"1170\" \/>\n\t<meta property=\"og:image:height\" content=\"781\" \/>\n\t<meta property=\"og:image:type\" content=\"image\/webp\" \/>\n<meta name=\"author\" content=\"Valencia &amp; Go\" \/>\n<meta name=\"twitter:card\" content=\"summary_large_image\" \/>\n<meta name=\"twitter:label1\" content=\"Scritto da\" \/>\n\t<meta name=\"twitter:data1\" content=\"Valencia &amp; Go\" \/>\n\t<meta name=\"twitter:label2\" content=\"Tempo di lettura stimato\" \/>\n\t<meta name=\"twitter:data2\" content=\"4 minuti\" \/>\n<script type=\"application\/ld+json\" class=\"yoast-schema-graph\">{\"@context\":\"https:\\\/\\\/schema.org\",\"@graph\":[{\"@type\":\"Article\",\"@id\":\"https:\\\/\\\/upgrade.valenciaandgo.com\\\/la-guia-definitiva-verano-en-valencia\\\/#article\",\"isPartOf\":{\"@id\":\"https:\\\/\\\/upgrade.valenciaandgo.com\\\/la-guia-definitiva-verano-en-valencia\\\/\"},\"author\":{\"name\":\"Valencia &amp; Go\",\"@id\":\"https:\\\/\\\/upgrade.valenciaandgo.com\\\/it\\\/#\\\/schema\\\/person\\\/ca673553802eb937b57af07a6ce74908\"},\"headline\":\"La gu\u00eda definitiva para refrescarte en verano en Valencia\",\"datePublished\":\"2025-08-07T09:43:00+00:00\",\"dateModified\":\"2026-03-14T13:01:26+00:00\",\"mainEntityOfPage\":{\"@id\":\"https:\\\/\\\/upgrade.valenciaandgo.com\\\/la-guia-definitiva-verano-en-valencia\\\/\"},\"wordCount\":754,\"publisher\":{\"@id\":\"https:\\\/\\\/upgrade.valenciaandgo.com\\\/it\\\/#organization\"},\"image\":{\"@id\":\"https:\\\/\\\/upgrade.valenciaandgo.com\\\/la-guia-definitiva-verano-en-valencia\\\/#primaryimage\"},\"thumbnailUrl\":\"https:\\\/\\\/upgrade.valenciaandgo.com\\\/wp-content\\\/uploads\\\/2025\\\/11\\\/img-blog-guia-definitiva-verano-valencia.webp\",\"keywords\":[\"planes\",\"Valencia\"],\"articleSection\":[\"Noticias\",\"Qu\u00e9 hacer\"],\"inLanguage\":\"it-IT\"},{\"@type\":\"WebPage\",\"@id\":\"https:\\\/\\\/upgrade.valenciaandgo.com\\\/la-guia-definitiva-verano-en-valencia\\\/\",\"url\":\"https:\\\/\\\/upgrade.valenciaandgo.com\\\/la-guia-definitiva-verano-en-valencia\\\/\",\"name\":\"Planes refrescantes en Valencia: planes para el verano\",\"isPartOf\":{\"@id\":\"https:\\\/\\\/upgrade.valenciaandgo.com\\\/it\\\/#website\"},\"primaryImageOfPage\":{\"@id\":\"https:\\\/\\\/upgrade.valenciaandgo.com\\\/la-guia-definitiva-verano-en-valencia\\\/#primaryimage\"},\"image\":{\"@id\":\"https:\\\/\\\/upgrade.valenciaandgo.com\\\/la-guia-definitiva-verano-en-valencia\\\/#primaryimage\"},\"thumbnailUrl\":\"https:\\\/\\\/upgrade.valenciaandgo.com\\\/wp-content\\\/uploads\\\/2025\\\/11\\\/img-blog-guia-definitiva-verano-valencia.webp\",\"datePublished\":\"2025-08-07T09:43:00+00:00\",\"dateModified\":\"2026-03-14T13:01:26+00:00\",\"description\":\"Descubre c\u00f3mo combatir el calor en Valencia con los mejores planes: \u00a1incluye actividades para ni\u00f1os y opciones de tours guiados!\",\"breadcrumb\":{\"@id\":\"https:\\\/\\\/upgrade.valenciaandgo.com\\\/la-guia-definitiva-verano-en-valencia\\\/#breadcrumb\"},\"inLanguage\":\"it-IT\",\"potentialAction\":[{\"@type\":\"ReadAction\",\"target\":[\"https:\\\/\\\/upgrade.valenciaandgo.com\\\/la-guia-definitiva-verano-en-valencia\\\/\"]}]},{\"@type\":\"ImageObject\",\"inLanguage\":\"it-IT\",\"@id\":\"https:\\\/\\\/upgrade.valenciaandgo.com\\\/la-guia-definitiva-verano-en-valencia\\\/#primaryimage\",\"url\":\"https:\\\/\\\/upgrade.valenciaandgo.com\\\/wp-content\\\/uploads\\\/2025\\\/11\\\/img-blog-guia-definitiva-verano-valencia.webp\",\"contentUrl\":\"https:\\\/\\\/upgrade.valenciaandgo.com\\\/wp-content\\\/uploads\\\/2025\\\/11\\\/img-blog-guia-definitiva-verano-valencia.webp\",\"width\":1170,\"height\":781},{\"@type\":\"BreadcrumbList\",\"@id\":\"https:\\\/\\\/upgrade.valenciaandgo.com\\\/la-guia-definitiva-verano-en-valencia\\\/#breadcrumb\",\"itemListElement\":[{\"@type\":\"ListItem\",\"position\":1,\"name\":\"Portada\",\"item\":\"https:\\\/\\\/upgrade.valenciaandgo.com\\\/\"},{\"@type\":\"ListItem\",\"position\":2,\"name\":\"La gu\u00eda definitiva para refrescarte en verano en Valencia\"}]},{\"@type\":\"WebSite\",\"@id\":\"https:\\\/\\\/upgrade.valenciaandgo.com\\\/it\\\/#website\",\"url\":\"https:\\\/\\\/upgrade.valenciaandgo.com\\\/it\\\/\",\"name\":\"Valencia&Go\",\"description\":\"Tours por Valencia y alrededores de ciudad.\",\"publisher\":{\"@id\":\"https:\\\/\\\/upgrade.valenciaandgo.com\\\/it\\\/#organization\"},\"potentialAction\":[{\"@type\":\"SearchAction\",\"target\":{\"@type\":\"EntryPoint\",\"urlTemplate\":\"https:\\\/\\\/upgrade.valenciaandgo.com\\\/it\\\/?s={search_term_string}\"},\"query-input\":{\"@type\":\"PropertyValueSpecification\",\"valueRequired\":true,\"valueName\":\"search_term_string\"}}],\"inLanguage\":\"it-IT\"},{\"@type\":\"Organization\",\"@id\":\"https:\\\/\\\/upgrade.valenciaandgo.com\\\/it\\\/#organization\",\"name\":\"Valencia&Go\",\"url\":\"https:\\\/\\\/upgrade.valenciaandgo.com\\\/it\\\/\",\"logo\":{\"@type\":\"ImageObject\",\"inLanguage\":\"it-IT\",\"@id\":\"https:\\\/\\\/upgrade.valenciaandgo.com\\\/it\\\/#\\\/schema\\\/logo\\\/image\\\/\",\"url\":\"https:\\\/\\\/upgrade.valenciaandgo.com\\\/wp-content\\\/uploads\\\/2025\\\/10\\\/valencia_go-svg-blnc-iso-naranja.svg\",\"contentUrl\":\"https:\\\/\\\/upgrade.valenciaandgo.com\\\/wp-content\\\/uploads\\\/2025\\\/10\\\/valencia_go-svg-blnc-iso-naranja.svg\",\"width\":434,\"height\":102,\"caption\":\"Valencia&Go\"},\"image\":{\"@id\":\"https:\\\/\\\/upgrade.valenciaandgo.com\\\/it\\\/#\\\/schema\\\/logo\\\/image\\\/\"},\"sameAs\":[\"https:\\\/\\\/www.facebook.com\\\/valenciaandgo\\\/\",\"https:\\\/\\\/www.instagram.com\\\/valenciaandgo\",\"https:\\\/\\\/www.linkedin.com\\\/company\\\/valencia-go\\\/\",\"https:\\\/\\\/www.tiktok.com\\\/@valenciaandgo\"]},{\"@type\":\"Person\",\"@id\":\"https:\\\/\\\/upgrade.valenciaandgo.com\\\/it\\\/#\\\/schema\\\/person\\\/ca673553802eb937b57af07a6ce74908\",\"name\":\"Valencia &amp; Go\",\"sameAs\":[\"https:\\\/\\\/valenciaandgo.com\"],\"url\":\"https:\\\/\\\/upgrade.valenciaandgo.com\\\/it\\\/author\\\/valencia\\\/\"}]}<\/script>\n<!-- \/ Yoast SEO plugin. -->","yoast_head_json":{"title":"Piani di rinfresco a Valencia: progetti per l'estate","description":"Scoprite come sconfiggere il caldo a Valencia con i migliori programmi: incluse le attivit\u00e0 per bambini e le opzioni di visita guidata!","robots":{"index":"noindex","follow":"follow","max-snippet":"max-snippet:-1","max-image-preview":"max-image-preview:large","max-video-preview":"max-video-preview:-1"},"og_locale":"it_IT","og_type":"article","og_title":"Planes refrescantes en Valencia: planes para el verano","og_description":"Descubre c\u00f3mo combatir el calor en Valencia con los mejores planes: \u00a1incluye actividades para ni\u00f1os y opciones de tours guiados!","og_url":"https:\/\/upgrade.valenciaandgo.com\/it\/la-guida-definitiva-allestate-a-valencia\/","og_site_name":"Valencia&amp;Go","article_publisher":"https:\/\/www.facebook.com\/valenciaandgo\/","article_published_time":"2025-08-07T09:43:00+00:00","article_modified_time":"2026-03-14T13:01:26+00:00","og_image":[{"width":1170,"height":781,"url":"https:\/\/upgrade.valenciaandgo.com\/wp-content\/uploads\/2025\/11\/img-blog-guia-definitiva-verano-valencia.webp","type":"image\/webp"}],"author":"Valencia &amp; Go","twitter_card":"summary_large_image","twitter_misc":{"Scritto da":"Valencia &amp; Go","Tempo di lettura stimato":"4 minuti"},"schema":{"@context":"https:\/\/schema.org","@graph":[{"@type":"Article","@id":"https:\/\/upgrade.valenciaandgo.com\/la-guia-definitiva-verano-en-valencia\/#article","isPartOf":{"@id":"https:\/\/upgrade.valenciaandgo.com\/la-guia-definitiva-verano-en-valencia\/"},"author":{"name":"Valencia &amp; Go","@id":"https:\/\/upgrade.valenciaandgo.com\/it\/#\/schema\/person\/ca673553802eb937b57af07a6ce74908"},"headline":"La gu\u00eda definitiva para refrescarte en verano en Valencia","datePublished":"2025-08-07T09:43:00+00:00","dateModified":"2026-03-14T13:01:26+00:00","mainEntityOfPage":{"@id":"https:\/\/upgrade.valenciaandgo.com\/la-guia-definitiva-verano-en-valencia\/"},"wordCount":754,"publisher":{"@id":"https:\/\/upgrade.valenciaandgo.com\/it\/#organization"},"image":{"@id":"https:\/\/upgrade.valenciaandgo.com\/la-guia-definitiva-verano-en-valencia\/#primaryimage"},"thumbnailUrl":"https:\/\/upgrade.valenciaandgo.com\/wp-content\/uploads\/2025\/11\/img-blog-guia-definitiva-verano-valencia.webp","keywords":["planes","Valencia"],"articleSection":["Noticias","Qu\u00e9 hacer"],"inLanguage":"it-IT"},{"@type":"WebPage","@id":"https:\/\/upgrade.valenciaandgo.com\/la-guia-definitiva-verano-en-valencia\/","url":"https:\/\/upgrade.valenciaandgo.com\/la-guia-definitiva-verano-en-valencia\/","name":"Piani di rinfresco a Valencia: progetti per l'estate","isPartOf":{"@id":"https:\/\/upgrade.valenciaandgo.com\/it\/#website"},"primaryImageOfPage":{"@id":"https:\/\/upgrade.valenciaandgo.com\/la-guia-definitiva-verano-en-valencia\/#primaryimage"},"image":{"@id":"https:\/\/upgrade.valenciaandgo.com\/la-guia-definitiva-verano-en-valencia\/#primaryimage"},"thumbnailUrl":"https:\/\/upgrade.valenciaandgo.com\/wp-content\/uploads\/2025\/11\/img-blog-guia-definitiva-verano-valencia.webp","datePublished":"2025-08-07T09:43:00+00:00","dateModified":"2026-03-14T13:01:26+00:00","description":"Scoprite come sconfiggere il caldo a Valencia con i migliori programmi: incluse le attivit\u00e0 per bambini e le opzioni di visita guidata!","breadcrumb":{"@id":"https:\/\/upgrade.valenciaandgo.com\/la-guia-definitiva-verano-en-valencia\/#breadcrumb"},"inLanguage":"it-IT","potentialAction":[{"@type":"ReadAction","target":["https:\/\/upgrade.valenciaandgo.com\/la-guia-definitiva-verano-en-valencia\/"]}]},{"@type":"ImageObject","inLanguage":"it-IT","@id":"https:\/\/upgrade.valenciaandgo.com\/la-guia-definitiva-verano-en-valencia\/#primaryimage","url":"https:\/\/upgrade.valenciaandgo.com\/wp-content\/uploads\/2025\/11\/img-blog-guia-definitiva-verano-valencia.webp","contentUrl":"https:\/\/upgrade.valenciaandgo.com\/wp-content\/uploads\/2025\/11\/img-blog-guia-definitiva-verano-valencia.webp","width":1170,"height":781},{"@type":"BreadcrumbList","@id":"https:\/\/upgrade.valenciaandgo.com\/la-guia-definitiva-verano-en-valencia\/#breadcrumb","itemListElement":[{"@type":"ListItem","position":1,"name":"Portada","item":"https:\/\/upgrade.valenciaandgo.com\/"},{"@type":"ListItem","position":2,"name":"La gu\u00eda definitiva para refrescarte en verano en Valencia"}]},{"@type":"WebSite","@id":"https:\/\/upgrade.valenciaandgo.com\/it\/#website","url":"https:\/\/upgrade.valenciaandgo.com\/it\/","name":"Valencia&amp;Go","description":"Tour di Valencia e dintorni.","publisher":{"@id":"https:\/\/upgrade.valenciaandgo.com\/it\/#organization"},"potentialAction":[{"@type":"SearchAction","target":{"@type":"EntryPoint","urlTemplate":"https:\/\/upgrade.valenciaandgo.com\/it\/?s={search_term_string}"},"query-input":{"@type":"PropertyValueSpecification","valueRequired":true,"valueName":"search_term_string"}}],"inLanguage":"it-IT"},{"@type":"Organization","@id":"https:\/\/upgrade.valenciaandgo.com\/it\/#organization","name":"Valencia&amp;Go","url":"https:\/\/upgrade.valenciaandgo.com\/it\/","logo":{"@type":"ImageObject","inLanguage":"it-IT","@id":"https:\/\/upgrade.valenciaandgo.com\/it\/#\/schema\/logo\/image\/","url":"https:\/\/upgrade.valenciaandgo.com\/wp-content\/uploads\/2025\/10\/valencia_go-svg-blnc-iso-naranja.svg","contentUrl":"https:\/\/upgrade.valenciaandgo.com\/wp-content\/uploads\/2025\/10\/valencia_go-svg-blnc-iso-naranja.svg","width":434,"height":102,"caption":"Valencia&Go"},"image":{"@id":"https:\/\/upgrade.valenciaandgo.com\/it\/#\/schema\/logo\/image\/"},"sameAs":["https:\/\/www.facebook.com\/valenciaandgo\/","https:\/\/www.instagram.com\/valenciaandgo","https:\/\/www.linkedin.com\/company\/valencia-go\/","https:\/\/www.tiktok.com\/@valenciaandgo"]},{"@type":"Person","@id":"https:\/\/upgrade.valenciaandgo.com\/it\/#\/schema\/person\/ca673553802eb937b57af07a6ce74908","name":"Valencia &amp; Go","sameAs":["https:\/\/valenciaandgo.com"],"url":"https:\/\/upgrade.valenciaandgo.com\/it\/author\/valencia\/"}]}},"_links":{"self":[{"href":"https:\/\/upgrade.valenciaandgo.com\/it\/wp-json\/wp\/v2\/posts\/565","targetHints":{"allow":["GET"]}}],"collection":[{"href":"https:\/\/upgrade.valenciaandgo.com\/it\/wp-json\/wp\/v2\/posts"}],"about":[{"href":"https:\/\/upgrade.valenciaandgo.com\/it\/wp-json\/wp\/v2\/types\/post"}],"author":[{"embeddable":true,"href":"https:\/\/upgrade.valenciaandgo.com\/it\/wp-json\/wp\/v2\/users\/1"}],"replies":[{"embeddable":true,"href":"https:\/\/upgrade.valenciaandgo.com\/it\/wp-json\/wp\/v2\/comments?post=565"}],"version-history":[{"count":0,"href":"https:\/\/upgrade.valenciaandgo.com\/it\/wp-json\/wp\/v2\/posts\/565\/revisions"}],"wp:featuredmedia":[{"embeddable":true,"href":"https:\/\/upgrade.valenciaandgo.com\/it\/wp-json\/wp\/v2\/media\/725"}],"wp:attachment":[{"href":"https:\/\/upgrade.valenciaandgo.com\/it\/wp-json\/wp\/v2\/media?parent=565"}],"wp:term":[{"taxonomy":"category","embeddable":true,"href":"https:\/\/upgrade.valenciaandgo.com\/it\/wp-json\/wp\/v2\/categories?post=565"},{"taxonomy":"post_tag","embeddable":true,"href":"https:\/\/upgrade.valenciaandgo.com\/it\/wp-json\/wp\/v2\/tags?post=565"}],"curies":[{"name":"wp","href":"https:\/\/api.w.org\/{rel}","templated":true}]}}