{"id":538,"date":"2024-09-06T12:17:00","date_gmt":"2024-09-06T12:17:00","guid":{"rendered":"https:\/\/new.valenciaandgo.com\/?p=538"},"modified":"2026-03-14T13:01:26","modified_gmt":"2026-03-14T13:01:26","slug":"le-migliori-terrazze-sul-tetto-di-valencia-per-godere-del-tramonto","status":"publish","type":"post","link":"https:\/\/upgrade.valenciaandgo.com\/it\/mejores-terrazas-rooftops-valencia-disfrutar-atardecer\/","title":{"rendered":"I migliori tetti di Valencia per tramonti spettacolari"},"content":{"rendered":"<div data-elementor-type=\"wp-post\" data-elementor-id=\"538\" class=\"elementor elementor-538\" data-elementor-post-type=\"post\">\n\t\t\t\t<div class=\"elementor-element elementor-element-1bdc3311 e-flex e-con-boxed e-con e-parent\" data-id=\"1bdc3311\" data-element_type=\"container\" data-e-type=\"container\">\n\t\t\t\t\t<div class=\"e-con-inner\">\n\t\t<div class=\"elementor-element elementor-element-32a89ba e-con-full e-flex e-con e-child\" data-id=\"32a89ba\" data-element_type=\"container\" data-e-type=\"container\">\n\t\t\t\t<div class=\"elementor-element elementor-element-672a6667 elementor-widget elementor-widget-text-editor\" data-id=\"672a6667\" data-element_type=\"widget\" data-e-type=\"widget\" data-widget_type=\"text-editor.default\">\n\t\t\t\t\t\t\t\t\t\n<p>Con oltre 300 giorni di sole, un patrimonio architettonico impressionante e una scena culturale invidiabile, Valencia offre infinite opportunit\u00e0 per esplorarla in modo diverso. Una di queste arriva alla fine della giornata: quando il sole inizia a tramontare, non c'\u00e8 modo migliore di godersi la bellezza della citt\u00e0 che da una terrazza panoramica. Che siate buongustai, appassionati di cultura o amanti della scoperta di nuovi luoghi, i tetti di Valencia sono la cornice ideale per un tramonto indimenticabile. Da <a href=\"https:\/\/valenciaandgo.com\/\">Valencia&amp;Go<\/a> Vi proponiamo i migliori tetti per godere di tramonti spettacolari in questo gioiello del Mediterraneo. Continuate a leggere!<\/p>\n\t\t\t\t\t\t\t\t<\/div>\n\t\t\t\t<\/div>\n\t\t<div class=\"elementor-element elementor-element-1ce8f66a e-con-full e-flex e-con e-child\" data-id=\"1ce8f66a\" data-element_type=\"container\" data-e-type=\"container\">\n\t\t<div class=\"elementor-element elementor-element-14e1adfb e-con-full e-flex e-con e-child\" data-id=\"14e1adfb\" data-element_type=\"container\" data-e-type=\"container\">\n\t\t\t\t<div class=\"elementor-element elementor-element-4e0c24aa elementor-widget elementor-widget-heading\" data-id=\"4e0c24aa\" data-element_type=\"widget\" data-e-type=\"widget\" data-widget_type=\"heading.default\">\n\t\t\t\t\t<h2 class=\"elementor-heading-title elementor-size-default\">1. Il cielo di Athena<\/h2>\t\t\t\t<\/div>\n\t\t\t\t<\/div>\n\t\t<div class=\"elementor-element elementor-element-7d75c63 e-con-full e-flex e-con e-child\" data-id=\"7d75c63\" data-element_type=\"container\" data-e-type=\"container\">\n\t\t\t\t<div class=\"elementor-element elementor-element-749c1ec elementor-widget elementor-widget-text-editor\" data-id=\"749c1ec\" data-element_type=\"widget\" data-e-type=\"widget\" data-widget_type=\"text-editor.default\">\n\t\t\t\t\t\t\t\t\t<p>Situato all'ottavo piano dell'emblematico Ateneo Mercantil, vicino alla piazza del Municipio, il <a href=\"https:\/\/ateneasky.com\/\">Athena Sky<\/a> offre una vista a 360 gradi, ideale per catturare splendide foto al tramonto. Con il suo arredamento esuberante e l'atmosfera informale, \u00e8 il luogo perfetto per una serata chic nel cuore della citt\u00e0.<\/p>\t\t\t\t\t\t\t\t<\/div>\n\t\t\t\t<\/div>\n\t\t\t\t<\/div>\n\t\t<div class=\"elementor-element elementor-element-b08fb58 e-con-full e-flex e-con e-child\" data-id=\"b08fb58\" data-element_type=\"container\" data-e-type=\"container\">\n\t\t<div class=\"elementor-element elementor-element-6ec830f e-con-full e-flex e-con e-child\" data-id=\"6ec830f\" data-element_type=\"container\" data-e-type=\"container\">\n\t\t\t\t<div class=\"elementor-element elementor-element-eb66a06 elementor-widget elementor-widget-heading\" data-id=\"eb66a06\" data-element_type=\"widget\" data-e-type=\"widget\" data-widget_type=\"heading.default\">\n\t\t\t\t\t<h2 class=\"elementor-heading-title elementor-size-default\">2. SkyBar a 270\u00ba<\/h2>\t\t\t\t<\/div>\n\t\t\t\t<\/div>\n\t\t<div class=\"elementor-element elementor-element-7acfb5f e-con-full e-flex e-con e-child\" data-id=\"7acfb5f\" data-element_type=\"container\" data-e-type=\"container\">\n\t\t\t\t<div class=\"elementor-element elementor-element-672fd1e elementor-widget elementor-widget-text-editor\" data-id=\"672fd1e\" data-element_type=\"widget\" data-e-type=\"widget\" data-widget_type=\"text-editor.default\">\n\t\t\t\t\t\t\t\t\t<p>Dal <a href=\"https:\/\/www.instagram.com\/barcelovalencia\/?hl=es\">270\u00ba SkyBar<\/a>, Dal tetto dell'Hotel Barcel\u00f3 si pu\u00f2 ammirare una vista completa di Valencia, un paradiso per gli amanti della fotografia. Quando il sole scende sotto l'orizzonte, le luci della citt\u00e0 iniziano a brillare, creando una transizione ipnotica dal giorno alla notte. L'ambiente chic, unito alle sedute a bordo piscina, vi permetter\u00e0 di ammirare il tramonto sullo sfondo della Citt\u00e0 delle Arti e delle Scienze: uno scenario da sogno che non dimenticherete mai!<\/p>\t\t\t\t\t\t\t\t<\/div>\n\t\t\t\t<\/div>\n\t\t\t\t<\/div>\n\t\t<div class=\"elementor-element elementor-element-6c15e59 e-con-full e-flex e-con e-child\" data-id=\"6c15e59\" data-element_type=\"container\" data-e-type=\"container\">\n\t\t<div class=\"elementor-element elementor-element-e3e932f e-con-full e-flex e-con e-child\" data-id=\"e3e932f\" data-element_type=\"container\" data-e-type=\"container\">\n\t\t\t\t<div class=\"elementor-element elementor-element-dbb6f8a elementor-widget elementor-widget-heading\" data-id=\"dbb6f8a\" data-element_type=\"widget\" data-e-type=\"widget\" data-widget_type=\"heading.default\">\n\t\t\t\t\t<h2 class=\"elementor-heading-title elementor-size-default\">3. Amante della citt\u00e0<\/h2>\t\t\t\t<\/div>\n\t\t\t\t<\/div>\n\t\t<div class=\"elementor-element elementor-element-63ef62b e-con-full e-flex e-con e-child\" data-id=\"63ef62b\" data-element_type=\"container\" data-e-type=\"container\">\n\t\t\t\t<div class=\"elementor-element elementor-element-87883c7 elementor-widget elementor-widget-text-editor\" data-id=\"87883c7\" data-element_type=\"widget\" data-e-type=\"widget\" data-widget_type=\"text-editor.default\">\n\t\t\t\t\t\t\t\t\t<p>La terrazza sul tetto dell'Only YOU Hotel offre un ambiente sofisticato con viste spettacolari su Valencia, il tutto accompagnato da musica dal vivo. Questo bar elegante \u00e8 perfetto per chi cerca un'esperienza diversa e di alto livello al tramonto. L'evento <a href=\"https:\/\/www.onlyyouhotels.com\/hoteles\/only-you-hotel-valencia\/youniverse\/sunset-only-you-valencia\/\">Amante della citt\u00e0 al tramonto<\/a> si tiene ogni gioved\u00ec, venerd\u00ec, sabato e domenica d'estate a partire dalle ore 19:00.<\/p>\t\t\t\t\t\t\t\t<\/div>\n\t\t\t\t<\/div>\n\t\t\t\t<\/div>\n\t\t<div class=\"elementor-element elementor-element-7bf9972 e-con-full e-flex e-con e-child\" data-id=\"7bf9972\" data-element_type=\"container\" data-e-type=\"container\">\n\t\t<div class=\"elementor-element elementor-element-8c69d08 e-con-full e-flex e-con e-child\" data-id=\"8c69d08\" data-element_type=\"container\" data-e-type=\"container\">\n\t\t\t\t<div class=\"elementor-element elementor-element-a146bca elementor-widget elementor-widget-heading\" data-id=\"a146bca\" data-element_type=\"widget\" data-e-type=\"widget\" data-widget_type=\"heading.default\">\n\t\t\t\t\t<h2 class=\"elementor-heading-title elementor-size-default\">4. Soffitta<\/h2>\t\t\t\t<\/div>\n\t\t\t\t<\/div>\n\t\t<div class=\"elementor-element elementor-element-e5a70f9 e-con-full e-flex e-con e-child\" data-id=\"e5a70f9\" data-element_type=\"container\" data-e-type=\"container\">\n\t\t\t\t<div class=\"elementor-element elementor-element-57d6982 elementor-widget elementor-widget-text-editor\" data-id=\"57d6982\" data-element_type=\"widget\" data-e-type=\"widget\" data-widget_type=\"text-editor.default\">\n\t\t\t\t\t\t\t\t\t<p>Situato nel Palau Alameda, \u00e8 noto per il suo design moderno e l'atmosfera vibrante. Affacciato sui Giardini del Turia e sui monumenti simbolo della citt\u00e0, il <a href=\"https:\/\/palaualameda.com\/atic\/\">\u00c1tic<\/a> offre uno scenario dinamico per ammirare il tramonto. Il bar propone un menu vario di bevande e bocconcini gourmet, che rappresentano la conclusione perfetta della giornata.<\/p>\t\t\t\t\t\t\t\t<\/div>\n\t\t\t\t<\/div>\n\t\t\t\t<\/div>\n\t\t<div class=\"elementor-element elementor-element-a6a12e3 e-con-full e-flex e-con e-child\" data-id=\"a6a12e3\" data-element_type=\"container\" data-e-type=\"container\">\n\t\t<div class=\"elementor-element elementor-element-2e9c2cb e-con-full e-flex e-con e-child\" data-id=\"2e9c2cb\" data-element_type=\"container\" data-e-type=\"container\">\n\t\t\t\t<div class=\"elementor-element elementor-element-9494663 elementor-widget elementor-widget-heading\" data-id=\"9494663\" data-element_type=\"widget\" data-e-type=\"widget\" data-widget_type=\"heading.default\">\n\t\t\t\t\t<h2 class=\"elementor-heading-title elementor-size-default\">5. Sky Bar Sea You Port<\/h2>\t\t\t\t<\/div>\n\t\t\t\t<\/div>\n\t\t<div class=\"elementor-element elementor-element-919cd25 e-con-full e-flex e-con e-child\" data-id=\"919cd25\" data-element_type=\"container\" data-e-type=\"container\">\n\t\t\t\t<div class=\"elementor-element elementor-element-26227a4 elementor-widget elementor-widget-text-editor\" data-id=\"26227a4\" data-element_type=\"widget\" data-e-type=\"widget\" data-widget_type=\"text-editor.default\">\n\t\t\t\t\t\t\t\t\t<p>Nel <a href=\"https:\/\/www.seayouhotel.es\/sky-bar.html\">Sea You Port Hotel Sky Bar<\/a> \u00e8 possibile vivere un'esperienza unica con vista panoramica sul porto e sulla Marina della citt\u00e0. Situato all'ultimo piano dell'hotel, \u00e8 il luogo perfetto per rilassarsi e godersi uno spettacolare tramonto sul Mar Mediterraneo. La sua atmosfera accogliente e moderna, accompagnata da una selezione di cocktail esclusivi e musica dal vivo, crea un ambiente impareggiabile per una serata memorabile.<\/p>\t\t\t\t\t\t\t\t<\/div>\n\t\t\t\t<\/div>\n\t\t\t\t<\/div>\n\t\t<div class=\"elementor-element elementor-element-09a4b39 e-con-full e-flex e-con e-child\" data-id=\"09a4b39\" data-element_type=\"container\" data-e-type=\"container\">\n\t\t<div class=\"elementor-element elementor-element-4d7925d e-con-full e-flex e-con e-child\" data-id=\"4d7925d\" data-element_type=\"container\" data-e-type=\"container\">\n\t\t\t\t<div class=\"elementor-element elementor-element-56389e2 elementor-widget elementor-widget-heading\" data-id=\"56389e2\" data-element_type=\"widget\" data-e-type=\"widget\" data-widget_type=\"heading.default\">\n\t\t\t\t\t<h2 class=\"elementor-heading-title elementor-size-default\">Consigli per la visita ai tetti di Valencia<\/h2>\t\t\t\t<\/div>\n\t\t\t\t<\/div>\n\t\t<div class=\"elementor-element elementor-element-7ff79ec e-con-full e-flex e-con e-child\" data-id=\"7ff79ec\" data-element_type=\"container\" data-e-type=\"container\">\n\t\t\t\t<div class=\"elementor-element elementor-element-1888e06 elementor-widget elementor-widget-text-editor\" data-id=\"1888e06\" data-element_type=\"widget\" data-e-type=\"widget\" data-widget_type=\"text-editor.default\">\n\t\t\t\t\t\t\t\t\t<p>Per godere al massimo dell'esperienza del tramonto su una terrazza panoramica a Valencia, ci sono alcune cose da tenere a mente:<\/p>\n<p><!-- \/wp:paragraph --><!-- wp:list --><\/p>\n<ul class=\"wp-block-list\"><!-- wp:list-item -->\n<li><strong>Orario<\/strong><strong>:<\/strong> Informatevi sugli orari di apertura dei vari rooftop. Cercate di arrivare presto per assicurarvi il posto migliore e almeno un'ora prima del tramonto.<\/li>\n<!-- \/wp:list-item --><!-- wp:list-item -->\n<li><strong>Prenotazioni<\/strong><strong>:<\/strong> Se possibile, prenotate in anticipo. Molti rooftop bar permettono di prenotare un tavolo, garantendovi un posto privilegiato per godervi il tramonto.<\/li>\n<!-- \/wp:list-item --><!-- wp:list-item -->\n<li><strong>Meteorologia<\/strong><strong>:<\/strong> controllare in anticipo le previsioni del tempo. Sebbene Valencia goda di molte giornate di sole, \u00e8 meglio essere preparati a qualsiasi cambiamento improvviso del tempo.<\/li>\n<!-- \/wp:list-item --><!-- wp:list-item -->\n<li><strong>Chiedere consiglio<\/strong>I valenciani sono noti per la loro ospitalit\u00e0 e cordialit\u00e0. Interagire con loro per ottenere consigli su qualsiasi aspetto della citt\u00e0 migliorer\u00e0 notevolmente la vostra esperienza.\u00a0<\/li>\n<!-- \/wp:list-item --><\/ul>\n<p><!-- \/wp:list --><!-- wp:paragraph --><\/p>\n<p>Se i tetti di Valencia sono un must per ammirare il tramonto, la citt\u00e0 offre altri luoghi fantastici per concludere la giornata. A <a href=\"https:\/\/valenciaandgo.com\/tours-valencia\/ruta-en-bici-por-el-parque-del-rio-turia\/\">tour in bicicletta dei Giardini del fiume Turia<\/a> \u00e8 una scommessa sicura. In tutto il parco lussureggiante ci sono diversi punti per fare una pausa e guardare il tramonto. Se preferite immergervi nella natura selvaggia, esplorate la citt\u00e0 con i nostri <a href=\"https:\/\/valenciaandgo.com\/excursiones-desde-valencia\/excursion-al-parque-natural-de-la-albufera\/\">escursione al Parco Naturale dell'Albufera<\/a>, Vivete la magia di Valencia con Valencia&amp;Go!<\/p>\t\t\t\t\t\t\t\t<\/div>\n\t\t\t\t<\/div>\n\t\t\t\t<\/div>\n\t\t\t\t\t<\/div>\n\t\t\t\t<\/div>\n\t\t\t\t<\/div>","protected":false},"excerpt":{"rendered":"<p>Con m\u00e1s de 300 d\u00edas de sol, un impresionante patrimonio arquitect\u00f3nico y un ambiente cultural envidiable, Valencia ofrece infinitas oportunidades para explorarla de forma diferente. Una de ellas llega al final del d\u00eda: cuando el sol empieza a ponerse, no hay mejor manera de empaparse de la belleza de la ciudad que desde una azotea. [&hellip;]<\/p>\n","protected":false},"author":1,"featured_media":732,"comment_status":"closed","ping_status":"closed","sticky":false,"template":"","format":"standard","meta":{"_acf_changed":false,"footnotes":""},"categories":[54],"tags":[57,53],"class_list":["post-538","post","type-post","status-publish","format-standard","has-post-thumbnail","hentry","category-que-hacer","tag-planes-exterior","tag-valencia"],"acf":[],"yoast_head":"<!-- This site is optimized with the Yoast SEO plugin v27.5 - https:\/\/yoast.com\/product\/yoast-seo-wordpress\/ -->\n<title>Rooftops de Valencia para ver el atardecer | Blog Valencia&amp;Go<\/title>\n<meta name=\"description\" content=\"Te desvelamos los mejores rooftops de Valencia para disfrutar de un atardecer espectacular mientras degustas tu bebida favorita, en el blog de Valencia&amp;Go.\" \/>\n<meta name=\"robots\" content=\"noindex, follow, max-snippet:-1, max-image-preview:large, max-video-preview:-1\" \/>\n<meta property=\"og:locale\" content=\"it_IT\" \/>\n<meta property=\"og:type\" content=\"article\" \/>\n<meta property=\"og:title\" content=\"Rooftops de Valencia para ver el atardecer | Blog Valencia&amp;Go\" \/>\n<meta property=\"og:description\" content=\"Te desvelamos los mejores rooftops de Valencia para disfrutar de un atardecer espectacular mientras degustas tu bebida favorita, en el blog de Valencia&amp;Go.\" \/>\n<meta property=\"og:url\" content=\"https:\/\/upgrade.valenciaandgo.com\/it\/le-migliori-terrazze-sul-tetto-di-valencia-per-godere-del-tramonto\/\" \/>\n<meta property=\"og:site_name\" content=\"Valencia&amp;Go\" \/>\n<meta property=\"article:publisher\" content=\"https:\/\/www.facebook.com\/valenciaandgo\/\" \/>\n<meta property=\"article:published_time\" content=\"2024-09-06T12:17:00+00:00\" \/>\n<meta property=\"article:modified_time\" content=\"2026-03-14T13:01:26+00:00\" \/>\n<meta property=\"og:image\" content=\"https:\/\/upgrade.valenciaandgo.com\/wp-content\/uploads\/2025\/11\/img-blog-mejores-rooftops-valencia.webp\" \/>\n\t<meta property=\"og:image:width\" content=\"1170\" \/>\n\t<meta property=\"og:image:height\" content=\"781\" \/>\n\t<meta property=\"og:image:type\" content=\"image\/webp\" \/>\n<meta name=\"author\" content=\"Valencia &amp; Go\" \/>\n<meta name=\"twitter:card\" content=\"summary_large_image\" \/>\n<meta name=\"twitter:label1\" content=\"Scritto da\" \/>\n\t<meta name=\"twitter:data1\" content=\"Valencia &amp; Go\" \/>\n\t<meta name=\"twitter:label2\" content=\"Tempo di lettura stimato\" \/>\n\t<meta name=\"twitter:data2\" content=\"4 minuti\" \/>\n<script type=\"application\/ld+json\" class=\"yoast-schema-graph\">{\"@context\":\"https:\\\/\\\/schema.org\",\"@graph\":[{\"@type\":\"Article\",\"@id\":\"https:\\\/\\\/upgrade.valenciaandgo.com\\\/mejores-terrazas-rooftops-valencia-disfrutar-atardecer\\\/#article\",\"isPartOf\":{\"@id\":\"https:\\\/\\\/upgrade.valenciaandgo.com\\\/mejores-terrazas-rooftops-valencia-disfrutar-atardecer\\\/\"},\"author\":{\"name\":\"Valencia &amp; Go\",\"@id\":\"https:\\\/\\\/upgrade.valenciaandgo.com\\\/it\\\/#\\\/schema\\\/person\\\/ca673553802eb937b57af07a6ce74908\"},\"headline\":\"Los mejores rooftops de Valencia para disfrutar de atardeceres espectaculares\",\"datePublished\":\"2024-09-06T12:17:00+00:00\",\"dateModified\":\"2026-03-14T13:01:26+00:00\",\"mainEntityOfPage\":{\"@id\":\"https:\\\/\\\/upgrade.valenciaandgo.com\\\/mejores-terrazas-rooftops-valencia-disfrutar-atardecer\\\/\"},\"wordCount\":751,\"publisher\":{\"@id\":\"https:\\\/\\\/upgrade.valenciaandgo.com\\\/it\\\/#organization\"},\"image\":{\"@id\":\"https:\\\/\\\/upgrade.valenciaandgo.com\\\/mejores-terrazas-rooftops-valencia-disfrutar-atardecer\\\/#primaryimage\"},\"thumbnailUrl\":\"https:\\\/\\\/upgrade.valenciaandgo.com\\\/wp-content\\\/uploads\\\/2025\\\/11\\\/img-blog-mejores-rooftops-valencia.webp\",\"keywords\":[\"planes exterior\",\"Valencia\"],\"articleSection\":[\"Qu\u00e9 hacer\"],\"inLanguage\":\"it-IT\"},{\"@type\":\"WebPage\",\"@id\":\"https:\\\/\\\/upgrade.valenciaandgo.com\\\/mejores-terrazas-rooftops-valencia-disfrutar-atardecer\\\/\",\"url\":\"https:\\\/\\\/upgrade.valenciaandgo.com\\\/mejores-terrazas-rooftops-valencia-disfrutar-atardecer\\\/\",\"name\":\"Rooftops de Valencia para ver el atardecer | Blog Valencia&Go\",\"isPartOf\":{\"@id\":\"https:\\\/\\\/upgrade.valenciaandgo.com\\\/it\\\/#website\"},\"primaryImageOfPage\":{\"@id\":\"https:\\\/\\\/upgrade.valenciaandgo.com\\\/mejores-terrazas-rooftops-valencia-disfrutar-atardecer\\\/#primaryimage\"},\"image\":{\"@id\":\"https:\\\/\\\/upgrade.valenciaandgo.com\\\/mejores-terrazas-rooftops-valencia-disfrutar-atardecer\\\/#primaryimage\"},\"thumbnailUrl\":\"https:\\\/\\\/upgrade.valenciaandgo.com\\\/wp-content\\\/uploads\\\/2025\\\/11\\\/img-blog-mejores-rooftops-valencia.webp\",\"datePublished\":\"2024-09-06T12:17:00+00:00\",\"dateModified\":\"2026-03-14T13:01:26+00:00\",\"description\":\"Te desvelamos los mejores rooftops de Valencia para disfrutar de un atardecer espectacular mientras degustas tu bebida favorita, en el blog de Valencia&Go.\",\"breadcrumb\":{\"@id\":\"https:\\\/\\\/upgrade.valenciaandgo.com\\\/mejores-terrazas-rooftops-valencia-disfrutar-atardecer\\\/#breadcrumb\"},\"inLanguage\":\"it-IT\",\"potentialAction\":[{\"@type\":\"ReadAction\",\"target\":[\"https:\\\/\\\/upgrade.valenciaandgo.com\\\/mejores-terrazas-rooftops-valencia-disfrutar-atardecer\\\/\"]}]},{\"@type\":\"ImageObject\",\"inLanguage\":\"it-IT\",\"@id\":\"https:\\\/\\\/upgrade.valenciaandgo.com\\\/mejores-terrazas-rooftops-valencia-disfrutar-atardecer\\\/#primaryimage\",\"url\":\"https:\\\/\\\/upgrade.valenciaandgo.com\\\/wp-content\\\/uploads\\\/2025\\\/11\\\/img-blog-mejores-rooftops-valencia.webp\",\"contentUrl\":\"https:\\\/\\\/upgrade.valenciaandgo.com\\\/wp-content\\\/uploads\\\/2025\\\/11\\\/img-blog-mejores-rooftops-valencia.webp\",\"width\":1170,\"height\":781},{\"@type\":\"BreadcrumbList\",\"@id\":\"https:\\\/\\\/upgrade.valenciaandgo.com\\\/mejores-terrazas-rooftops-valencia-disfrutar-atardecer\\\/#breadcrumb\",\"itemListElement\":[{\"@type\":\"ListItem\",\"position\":1,\"name\":\"Portada\",\"item\":\"https:\\\/\\\/upgrade.valenciaandgo.com\\\/\"},{\"@type\":\"ListItem\",\"position\":2,\"name\":\"Los mejores rooftops de Valencia para disfrutar de atardeceres espectaculares\"}]},{\"@type\":\"WebSite\",\"@id\":\"https:\\\/\\\/upgrade.valenciaandgo.com\\\/it\\\/#website\",\"url\":\"https:\\\/\\\/upgrade.valenciaandgo.com\\\/it\\\/\",\"name\":\"Valencia&Go\",\"description\":\"Tours por Valencia y alrededores de ciudad.\",\"publisher\":{\"@id\":\"https:\\\/\\\/upgrade.valenciaandgo.com\\\/it\\\/#organization\"},\"potentialAction\":[{\"@type\":\"SearchAction\",\"target\":{\"@type\":\"EntryPoint\",\"urlTemplate\":\"https:\\\/\\\/upgrade.valenciaandgo.com\\\/it\\\/?s={search_term_string}\"},\"query-input\":{\"@type\":\"PropertyValueSpecification\",\"valueRequired\":true,\"valueName\":\"search_term_string\"}}],\"inLanguage\":\"it-IT\"},{\"@type\":\"Organization\",\"@id\":\"https:\\\/\\\/upgrade.valenciaandgo.com\\\/it\\\/#organization\",\"name\":\"Valencia&Go\",\"url\":\"https:\\\/\\\/upgrade.valenciaandgo.com\\\/it\\\/\",\"logo\":{\"@type\":\"ImageObject\",\"inLanguage\":\"it-IT\",\"@id\":\"https:\\\/\\\/upgrade.valenciaandgo.com\\\/it\\\/#\\\/schema\\\/logo\\\/image\\\/\",\"url\":\"https:\\\/\\\/upgrade.valenciaandgo.com\\\/wp-content\\\/uploads\\\/2025\\\/10\\\/valencia_go-svg-blnc-iso-naranja.svg\",\"contentUrl\":\"https:\\\/\\\/upgrade.valenciaandgo.com\\\/wp-content\\\/uploads\\\/2025\\\/10\\\/valencia_go-svg-blnc-iso-naranja.svg\",\"width\":434,\"height\":102,\"caption\":\"Valencia&Go\"},\"image\":{\"@id\":\"https:\\\/\\\/upgrade.valenciaandgo.com\\\/it\\\/#\\\/schema\\\/logo\\\/image\\\/\"},\"sameAs\":[\"https:\\\/\\\/www.facebook.com\\\/valenciaandgo\\\/\",\"https:\\\/\\\/www.instagram.com\\\/valenciaandgo\",\"https:\\\/\\\/www.linkedin.com\\\/company\\\/valencia-go\\\/\",\"https:\\\/\\\/www.tiktok.com\\\/@valenciaandgo\"]},{\"@type\":\"Person\",\"@id\":\"https:\\\/\\\/upgrade.valenciaandgo.com\\\/it\\\/#\\\/schema\\\/person\\\/ca673553802eb937b57af07a6ce74908\",\"name\":\"Valencia &amp; Go\",\"sameAs\":[\"https:\\\/\\\/valenciaandgo.com\"],\"url\":\"https:\\\/\\\/upgrade.valenciaandgo.com\\\/it\\\/author\\\/valencia\\\/\"}]}<\/script>\n<!-- \/ Yoast SEO plugin. -->","yoast_head_json":{"title":"I tetti di Valencia per ammirare il tramonto | Blog Valencia&amp;Go","description":"Nel blog di Valencia&amp;Go vi sveliamo i migliori tetti di Valencia per godervi un tramonto spettacolare mentre sorseggiate il vostro drink preferito.","robots":{"index":"noindex","follow":"follow","max-snippet":"max-snippet:-1","max-image-preview":"max-image-preview:large","max-video-preview":"max-video-preview:-1"},"og_locale":"it_IT","og_type":"article","og_title":"Rooftops de Valencia para ver el atardecer | Blog Valencia&Go","og_description":"Te desvelamos los mejores rooftops de Valencia para disfrutar de un atardecer espectacular mientras degustas tu bebida favorita, en el blog de Valencia&Go.","og_url":"https:\/\/upgrade.valenciaandgo.com\/it\/le-migliori-terrazze-sul-tetto-di-valencia-per-godere-del-tramonto\/","og_site_name":"Valencia&amp;Go","article_publisher":"https:\/\/www.facebook.com\/valenciaandgo\/","article_published_time":"2024-09-06T12:17:00+00:00","article_modified_time":"2026-03-14T13:01:26+00:00","og_image":[{"width":1170,"height":781,"url":"https:\/\/upgrade.valenciaandgo.com\/wp-content\/uploads\/2025\/11\/img-blog-mejores-rooftops-valencia.webp","type":"image\/webp"}],"author":"Valencia &amp; Go","twitter_card":"summary_large_image","twitter_misc":{"Scritto da":"Valencia &amp; Go","Tempo di lettura stimato":"4 minuti"},"schema":{"@context":"https:\/\/schema.org","@graph":[{"@type":"Article","@id":"https:\/\/upgrade.valenciaandgo.com\/mejores-terrazas-rooftops-valencia-disfrutar-atardecer\/#article","isPartOf":{"@id":"https:\/\/upgrade.valenciaandgo.com\/mejores-terrazas-rooftops-valencia-disfrutar-atardecer\/"},"author":{"name":"Valencia &amp; Go","@id":"https:\/\/upgrade.valenciaandgo.com\/it\/#\/schema\/person\/ca673553802eb937b57af07a6ce74908"},"headline":"Los mejores rooftops de Valencia para disfrutar de atardeceres espectaculares","datePublished":"2024-09-06T12:17:00+00:00","dateModified":"2026-03-14T13:01:26+00:00","mainEntityOfPage":{"@id":"https:\/\/upgrade.valenciaandgo.com\/mejores-terrazas-rooftops-valencia-disfrutar-atardecer\/"},"wordCount":751,"publisher":{"@id":"https:\/\/upgrade.valenciaandgo.com\/it\/#organization"},"image":{"@id":"https:\/\/upgrade.valenciaandgo.com\/mejores-terrazas-rooftops-valencia-disfrutar-atardecer\/#primaryimage"},"thumbnailUrl":"https:\/\/upgrade.valenciaandgo.com\/wp-content\/uploads\/2025\/11\/img-blog-mejores-rooftops-valencia.webp","keywords":["planes exterior","Valencia"],"articleSection":["Qu\u00e9 hacer"],"inLanguage":"it-IT"},{"@type":"WebPage","@id":"https:\/\/upgrade.valenciaandgo.com\/mejores-terrazas-rooftops-valencia-disfrutar-atardecer\/","url":"https:\/\/upgrade.valenciaandgo.com\/mejores-terrazas-rooftops-valencia-disfrutar-atardecer\/","name":"I tetti di Valencia per ammirare il tramonto | Blog Valencia&amp;Go","isPartOf":{"@id":"https:\/\/upgrade.valenciaandgo.com\/it\/#website"},"primaryImageOfPage":{"@id":"https:\/\/upgrade.valenciaandgo.com\/mejores-terrazas-rooftops-valencia-disfrutar-atardecer\/#primaryimage"},"image":{"@id":"https:\/\/upgrade.valenciaandgo.com\/mejores-terrazas-rooftops-valencia-disfrutar-atardecer\/#primaryimage"},"thumbnailUrl":"https:\/\/upgrade.valenciaandgo.com\/wp-content\/uploads\/2025\/11\/img-blog-mejores-rooftops-valencia.webp","datePublished":"2024-09-06T12:17:00+00:00","dateModified":"2026-03-14T13:01:26+00:00","description":"Nel blog di Valencia&amp;Go vi sveliamo i migliori tetti di Valencia per godervi un tramonto spettacolare mentre sorseggiate il vostro drink preferito.","breadcrumb":{"@id":"https:\/\/upgrade.valenciaandgo.com\/mejores-terrazas-rooftops-valencia-disfrutar-atardecer\/#breadcrumb"},"inLanguage":"it-IT","potentialAction":[{"@type":"ReadAction","target":["https:\/\/upgrade.valenciaandgo.com\/mejores-terrazas-rooftops-valencia-disfrutar-atardecer\/"]}]},{"@type":"ImageObject","inLanguage":"it-IT","@id":"https:\/\/upgrade.valenciaandgo.com\/mejores-terrazas-rooftops-valencia-disfrutar-atardecer\/#primaryimage","url":"https:\/\/upgrade.valenciaandgo.com\/wp-content\/uploads\/2025\/11\/img-blog-mejores-rooftops-valencia.webp","contentUrl":"https:\/\/upgrade.valenciaandgo.com\/wp-content\/uploads\/2025\/11\/img-blog-mejores-rooftops-valencia.webp","width":1170,"height":781},{"@type":"BreadcrumbList","@id":"https:\/\/upgrade.valenciaandgo.com\/mejores-terrazas-rooftops-valencia-disfrutar-atardecer\/#breadcrumb","itemListElement":[{"@type":"ListItem","position":1,"name":"Portada","item":"https:\/\/upgrade.valenciaandgo.com\/"},{"@type":"ListItem","position":2,"name":"Los mejores rooftops de Valencia para disfrutar de atardeceres espectaculares"}]},{"@type":"WebSite","@id":"https:\/\/upgrade.valenciaandgo.com\/it\/#website","url":"https:\/\/upgrade.valenciaandgo.com\/it\/","name":"Valencia&amp;Go","description":"Tour di Valencia e dintorni.","publisher":{"@id":"https:\/\/upgrade.valenciaandgo.com\/it\/#organization"},"potentialAction":[{"@type":"SearchAction","target":{"@type":"EntryPoint","urlTemplate":"https:\/\/upgrade.valenciaandgo.com\/it\/?s={search_term_string}"},"query-input":{"@type":"PropertyValueSpecification","valueRequired":true,"valueName":"search_term_string"}}],"inLanguage":"it-IT"},{"@type":"Organization","@id":"https:\/\/upgrade.valenciaandgo.com\/it\/#organization","name":"Valencia&amp;Go","url":"https:\/\/upgrade.valenciaandgo.com\/it\/","logo":{"@type":"ImageObject","inLanguage":"it-IT","@id":"https:\/\/upgrade.valenciaandgo.com\/it\/#\/schema\/logo\/image\/","url":"https:\/\/upgrade.valenciaandgo.com\/wp-content\/uploads\/2025\/10\/valencia_go-svg-blnc-iso-naranja.svg","contentUrl":"https:\/\/upgrade.valenciaandgo.com\/wp-content\/uploads\/2025\/10\/valencia_go-svg-blnc-iso-naranja.svg","width":434,"height":102,"caption":"Valencia&Go"},"image":{"@id":"https:\/\/upgrade.valenciaandgo.com\/it\/#\/schema\/logo\/image\/"},"sameAs":["https:\/\/www.facebook.com\/valenciaandgo\/","https:\/\/www.instagram.com\/valenciaandgo","https:\/\/www.linkedin.com\/company\/valencia-go\/","https:\/\/www.tiktok.com\/@valenciaandgo"]},{"@type":"Person","@id":"https:\/\/upgrade.valenciaandgo.com\/it\/#\/schema\/person\/ca673553802eb937b57af07a6ce74908","name":"Valencia &amp; Go","sameAs":["https:\/\/valenciaandgo.com"],"url":"https:\/\/upgrade.valenciaandgo.com\/it\/author\/valencia\/"}]}},"_links":{"self":[{"href":"https:\/\/upgrade.valenciaandgo.com\/it\/wp-json\/wp\/v2\/posts\/538","targetHints":{"allow":["GET"]}}],"collection":[{"href":"https:\/\/upgrade.valenciaandgo.com\/it\/wp-json\/wp\/v2\/posts"}],"about":[{"href":"https:\/\/upgrade.valenciaandgo.com\/it\/wp-json\/wp\/v2\/types\/post"}],"author":[{"embeddable":true,"href":"https:\/\/upgrade.valenciaandgo.com\/it\/wp-json\/wp\/v2\/users\/1"}],"replies":[{"embeddable":true,"href":"https:\/\/upgrade.valenciaandgo.com\/it\/wp-json\/wp\/v2\/comments?post=538"}],"version-history":[{"count":0,"href":"https:\/\/upgrade.valenciaandgo.com\/it\/wp-json\/wp\/v2\/posts\/538\/revisions"}],"wp:featuredmedia":[{"embeddable":true,"href":"https:\/\/upgrade.valenciaandgo.com\/it\/wp-json\/wp\/v2\/media\/732"}],"wp:attachment":[{"href":"https:\/\/upgrade.valenciaandgo.com\/it\/wp-json\/wp\/v2\/media?parent=538"}],"wp:term":[{"taxonomy":"category","embeddable":true,"href":"https:\/\/upgrade.valenciaandgo.com\/it\/wp-json\/wp\/v2\/categories?post=538"},{"taxonomy":"post_tag","embeddable":true,"href":"https:\/\/upgrade.valenciaandgo.com\/it\/wp-json\/wp\/v2\/tags?post=538"}],"curies":[{"name":"wp","href":"https:\/\/api.w.org\/{rel}","templated":true}]}}