{"id":534,"date":"2024-08-13T11:47:00","date_gmt":"2024-08-13T11:47:00","guid":{"rendered":"https:\/\/new.valenciaandgo.com\/?p=534"},"modified":"2026-03-14T13:01:26","modified_gmt":"2026-03-14T13:01:26","slug":"cosa-fare-a-valencia-per-i-bambini-vacanze-estive-perfette","status":"publish","type":"post","link":"https:\/\/upgrade.valenciaandgo.com\/it\/que-hacer-valencia-ninos-vacaciones-verano-perfectas\/","title":{"rendered":"Cosa fare a Valencia con i bambini per una perfetta vacanza estiva"},"content":{"rendered":"<div data-elementor-type=\"wp-post\" data-elementor-id=\"534\" class=\"elementor elementor-534\" data-elementor-post-type=\"post\">\n\t\t\t\t<div class=\"elementor-element elementor-element-208f9e64 e-flex e-con-boxed e-con e-parent\" data-id=\"208f9e64\" data-element_type=\"container\" data-e-type=\"container\">\n\t\t\t\t\t<div class=\"e-con-inner\">\n\t\t<div class=\"elementor-element elementor-element-631cb17c e-con-full e-flex e-con e-child\" data-id=\"631cb17c\" data-element_type=\"container\" data-e-type=\"container\">\n\t\t\t\t<div class=\"elementor-element elementor-element-1a00282f elementor-widget elementor-widget-text-editor\" data-id=\"1a00282f\" data-element_type=\"widget\" data-e-type=\"widget\" data-widget_type=\"text-editor.default\">\n\t\t\t\t\t\t\t\t\t<p>Se state pianificando la vostra prossima vacanza con la famiglia e non avete ancora deciso, da <a href=\"https:\/\/valenciaandgo.com\/\">Valencia&amp;Go<\/a> vi facilitiamo il compito: la risposta \u00e8 Valencia! Questa citt\u00e0, dove tradizione e modernit\u00e0 vanno di pari passo, offre un'ampia variet\u00e0 di attivit\u00e0 pensate per le famiglie. Che si tratti di esplorare grotte impressionanti o di godersi mostre interattive, vi proponiamo i migliori programmi per rendere indimenticabile la vostra vacanza a Valencia con i bambini.<\/p><p><!-- \/wp:paragraph --><\/p>\t\t\t\t\t\t\t\t<\/div>\n\t\t\t\t<\/div>\n\t\t<div class=\"elementor-element elementor-element-4128a507 e-con-full e-flex e-con e-child\" data-id=\"4128a507\" data-element_type=\"container\" data-e-type=\"container\">\n\t\t<div class=\"elementor-element elementor-element-2e5fe63 e-con-full e-flex e-con e-child\" data-id=\"2e5fe63\" data-element_type=\"container\" data-e-type=\"container\">\n\t\t\t\t<div class=\"elementor-element elementor-element-458ab904 elementor-widget elementor-widget-heading\" data-id=\"458ab904\" data-element_type=\"widget\" data-e-type=\"widget\" data-widget_type=\"heading.default\">\n\t\t\t\t\t<h2 class=\"elementor-heading-title elementor-size-default\">I migliori piani con bambini a Valencia<\/h2>\t\t\t\t<\/div>\n\t\t\t\t<\/div>\n\t\t<div class=\"elementor-element elementor-element-65434156 e-con-full e-flex e-con e-child\" data-id=\"65434156\" data-element_type=\"container\" data-e-type=\"container\">\n\t\t\t\t<div class=\"elementor-element elementor-element-30aae80f elementor-widget elementor-widget-text-editor\" data-id=\"30aae80f\" data-element_type=\"widget\" data-e-type=\"widget\" data-widget_type=\"text-editor.default\">\n\t\t\t\t\t\t\t\t\t<p><span style=\"font-weight: 300;\">Organizzare le valigie, far divertire i bambini e conoscere nuovi posti sembra una missione impossibile, ma niente di pi\u00f9 sbagliato! Valencia \u00e8 una <\/span><span style=\"font-weight: 400;\">citt\u00e0 ideale per le famiglie<\/span><span style=\"font-weight: 300;\">Giornate di sole, grandi parchi e una gastronomia che conquister\u00e0 i palati pi\u00f9 esigenti dei pi\u00f9 giovani. A Valencia&amp;Go siamo <\/span><span style=\"font-weight: 400;\">specialisti nella creazione di avventure per la famiglia, dalle visite ai musei alle attivit\u00e0 all'aria aperta<\/span><span style=\"font-weight: 300;\">.<\/span><\/p><p><!-- \/wp:paragraph --><!-- wp:paragraph --><\/p>\t\t\t\t\t\t\t\t<\/div>\n\t\t\t\t<\/div>\n\t\t\t\t<\/div>\n\t\t<div class=\"elementor-element elementor-element-7a80606 e-con-full e-flex e-con e-child\" data-id=\"7a80606\" data-element_type=\"container\" data-e-type=\"container\">\n\t\t<div class=\"elementor-element elementor-element-850941a e-con-full e-flex e-con e-child\" data-id=\"850941a\" data-element_type=\"container\" data-e-type=\"container\">\n\t\t\t\t<div class=\"elementor-element elementor-element-173d4fd elementor-widget elementor-widget-heading\" data-id=\"173d4fd\" data-element_type=\"widget\" data-e-type=\"widget\" data-widget_type=\"heading.default\">\n\t\t\t\t\t<h2 class=\"elementor-heading-title elementor-size-default\">Una gimkana per tutta la famiglia<\/h2>\t\t\t\t<\/div>\n\t\t\t\t<\/div>\n\t\t<div class=\"elementor-element elementor-element-71c4e1c e-con-full e-flex e-con e-child\" data-id=\"71c4e1c\" data-element_type=\"container\" data-e-type=\"container\">\n\t\t\t\t<div class=\"elementor-element elementor-element-ace7ab9 elementor-widget elementor-widget-text-editor\" data-id=\"ace7ab9\" data-element_type=\"widget\" data-e-type=\"widget\" data-widget_type=\"text-editor.default\">\n\t\t\t\t\t\t\t\t\t<p><span style=\"font-weight: 300;\">A senso unico <\/span><span style=\"font-weight: 400;\">originale e divertente<\/span><span style=\"font-weight: 300;\"> per scoprire il centro storico di Valencia. In questo <\/span><a href=\"https:\/\/valenciaandgo.com\/tours-valencia\/gincana-por-valencia\/\"><span style=\"font-weight: 400;\">gimkana<\/span><\/a><span style=\"font-weight: 300;\"> si tester\u00e0 il <\/span><span style=\"font-weight: 400;\">creativit\u00e0<\/span><span style=\"font-weight: 300;\"> e l'ingegno per superare una serie di sfide in famiglia.  I bambini non solo impareranno a conoscere la storia e l'architettura, ma verranno anche incoraggiati a <\/span><span style=\"font-weight: 400;\">lavoro di squadra<\/span><span style=\"font-weight: 300;\">.\u00a0<\/span><\/p><p><!-- \/wp:paragraph --><!-- wp:paragraph --><\/p>\t\t\t\t\t\t\t\t<\/div>\n\t\t\t\t<\/div>\n\t\t\t\t<\/div>\n\t\t<div class=\"elementor-element elementor-element-213a74c e-con-full e-flex e-con e-child\" data-id=\"213a74c\" data-element_type=\"container\" data-e-type=\"container\">\n\t\t<div class=\"elementor-element elementor-element-18359f6 e-con-full e-flex e-con e-child\" data-id=\"18359f6\" data-element_type=\"container\" data-e-type=\"container\">\n\t\t\t\t<div class=\"elementor-element elementor-element-8d833b6 elementor-widget elementor-widget-heading\" data-id=\"8d833b6\" data-element_type=\"widget\" data-e-type=\"widget\" data-widget_type=\"heading.default\">\n\t\t\t\t\t<h2 class=\"elementor-heading-title elementor-size-default\">Cuevas de San Jos\u00e9, un tesoro naturale<\/h2>\t\t\t\t<\/div>\n\t\t\t\t<\/div>\n\t\t<div class=\"elementor-element elementor-element-ed88e8f e-con-full e-flex e-con e-child\" data-id=\"ed88e8f\" data-element_type=\"container\" data-e-type=\"container\">\n\t\t\t\t<div class=\"elementor-element elementor-element-e15a1d0 elementor-widget elementor-widget-text-editor\" data-id=\"e15a1d0\" data-element_type=\"widget\" data-e-type=\"widget\" data-widget_type=\"text-editor.default\">\n\t\t\t\t\t\t\t\t\t<p><span style=\"font-weight: 300;\">Uno dei punti forti di Valencia per le famiglie \u00e8 il <\/span><a href=\"https:\/\/valenciaandgo.com\/excursiones-desde-valencia\/cuevas-de-san-jose\/\"><span style=\"font-weight: 400;\">visita alle Grotte di San Jos\u00e9<\/span><\/a><span style=\"font-weight: 300;\">. Queste impressionanti grotte naturali offrono un'affascinante <\/span><span style=\"font-weight: 400;\">viaggio nelle profondit\u00e0 della terra<\/span><span style=\"font-weight: 300;\">. Le visite guidate sono pensate per stupire i pi\u00f9 piccoli con spettacolari stalattiti, stalagmiti e fiumi sotterranei, fornendo al contempo informazioni sulla storia geologica della regione.<\/span><\/p><p><!-- \/wp:paragraph --><!-- wp:paragraph --><\/p>\t\t\t\t\t\t\t\t<\/div>\n\t\t\t\t<\/div>\n\t\t\t\t<\/div>\n\t\t<div class=\"elementor-element elementor-element-4c9fb31 e-con-full e-flex e-con e-child\" data-id=\"4c9fb31\" data-element_type=\"container\" data-e-type=\"container\">\n\t\t<div class=\"elementor-element elementor-element-86ccd1d e-con-full e-flex e-con e-child\" data-id=\"86ccd1d\" data-element_type=\"container\" data-e-type=\"container\">\n\t\t\t\t<div class=\"elementor-element elementor-element-c304b61 elementor-widget elementor-widget-heading\" data-id=\"c304b61\" data-element_type=\"widget\" data-e-type=\"widget\" data-widget_type=\"heading.default\">\n\t\t\t\t\t<h2 class=\"elementor-heading-title elementor-size-default\">La Albufera, un'escursione perfetta per le famiglie<\/h2>\t\t\t\t<\/div>\n\t\t\t\t<\/div>\n\t\t<div class=\"elementor-element elementor-element-7f35927 e-con-full e-flex e-con e-child\" data-id=\"7f35927\" data-element_type=\"container\" data-e-type=\"container\">\n\t\t\t\t<div class=\"elementor-element elementor-element-f57e369 elementor-widget elementor-widget-text-editor\" data-id=\"f57e369\" data-element_type=\"widget\" data-e-type=\"widget\" data-widget_type=\"text-editor.default\">\n\t\t\t\t\t\t\t\t\t<p><span style=\"font-weight: 300;\">Un'escursione alla <\/span><a href=\"https:\/\/valenciaandgo.com\/excursiones-desde-valencia\/excursion-al-parque-natural-de-la-albufera\/\"><span style=\"font-weight: 400;\">Parco Naturale dell'Albufera<\/span><\/a><span style=\"font-weight: 300;\"> \u00e8 una tappa obbligata per le famiglie che visitano Valencia. Questo importante sito ecologico \u00e8 <\/span><span style=\"font-weight: 400;\">ideale per insegnare ai bambini gli ecosistemi e la biodiversit\u00e0<\/span><span style=\"font-weight: 300;\">. Con una gita in barca sulla laguna per osservare gli uccelli nel loro habitat naturale, conoscere la coltivazione del riso e godere di uno dei pi\u00f9 bei tramonti.<\/span><\/p><p><!-- \/wp:paragraph --><!-- wp:paragraph --><\/p>\t\t\t\t\t\t\t\t<\/div>\n\t\t\t\t<\/div>\n\t\t\t\t<\/div>\n\t\t<div class=\"elementor-element elementor-element-9ee5be8 e-con-full e-flex e-con e-child\" data-id=\"9ee5be8\" data-element_type=\"container\" data-e-type=\"container\">\n\t\t<div class=\"elementor-element elementor-element-c327e8e e-con-full e-flex e-con e-child\" data-id=\"c327e8e\" data-element_type=\"container\" data-e-type=\"container\">\n\t\t\t\t<div class=\"elementor-element elementor-element-ed73816 elementor-widget elementor-widget-heading\" data-id=\"ed73816\" data-element_type=\"widget\" data-e-type=\"widget\" data-widget_type=\"heading.default\">\n\t\t\t\t\t<h2 class=\"elementor-heading-title elementor-size-default\">Valencia su due ruote<\/h2>\t\t\t\t<\/div>\n\t\t\t\t<\/div>\n\t\t<div class=\"elementor-element elementor-element-d5ad5ff e-con-full e-flex e-con e-child\" data-id=\"d5ad5ff\" data-element_type=\"container\" data-e-type=\"container\">\n\t\t\t\t<div class=\"elementor-element elementor-element-a2cd4bb elementor-widget elementor-widget-text-editor\" data-id=\"a2cd4bb\" data-element_type=\"widget\" data-e-type=\"widget\" data-widget_type=\"text-editor.default\">\n\t\t\t\t\t\t\t\t\t<p><span style=\"font-weight: 300;\">Un tour per bambini dagli 8 anni in su. <\/span><a href=\"https:\/\/valenciaandgo.com\/tours-valencia\/ruta-en-bici-por-el-parque-del-rio-turia\/\"><span style=\"font-weight: 400;\">tour in bicicletta<\/span><\/a><span style=\"font-weight: 400;\"> sicuro e pittoresco<\/span><span style=\"font-weight: 300;\"> attraverso le aree verdi che circondano il fiume Turia fino alla Citt\u00e0 delle Arti e delle Scienze. Un modo sano ed ecologico per conoscere la citt\u00e0 e trascorrere del tempo in famiglia.<\/span><\/p><p><!-- \/wp:paragraph --><!-- wp:paragraph --><\/p>\t\t\t\t\t\t\t\t<\/div>\n\t\t\t\t<\/div>\n\t\t\t\t<\/div>\n\t\t<div class=\"elementor-element elementor-element-a38a0e6 e-con-full e-flex e-con e-child\" data-id=\"a38a0e6\" data-element_type=\"container\" data-e-type=\"container\">\n\t\t<div class=\"elementor-element elementor-element-64a23de e-con-full e-flex e-con e-child\" data-id=\"64a23de\" data-element_type=\"container\" data-e-type=\"container\">\n\t\t\t\t<div class=\"elementor-element elementor-element-4808e11 elementor-widget elementor-widget-heading\" data-id=\"4808e11\" data-element_type=\"widget\" data-e-type=\"widget\" data-widget_type=\"heading.default\">\n\t\t\t\t\t<h2 class=\"elementor-heading-title elementor-size-default\">Visita privata della Citt\u00e0 delle Arti e delle Scienze<\/h2>\t\t\t\t<\/div>\n\t\t\t\t<\/div>\n\t\t<div class=\"elementor-element elementor-element-dddadbe e-con-full e-flex e-con e-child\" data-id=\"dddadbe\" data-element_type=\"container\" data-e-type=\"container\">\n\t\t\t\t<div class=\"elementor-element elementor-element-46a843a elementor-widget elementor-widget-text-editor\" data-id=\"46a843a\" data-element_type=\"widget\" data-e-type=\"widget\" data-widget_type=\"text-editor.default\">\n\t\t\t\t\t\t\t\t\t<p><span style=\"font-weight: 300;\">Nessuna visita a Valencia con bambini sarebbe completa senza esplorare la Citt\u00e0 delle Arti e delle Scienze. Scegliendo il <\/span><a href=\"https:\/\/valenciaandgo.com\/tours-valencia\/tour-privado-por-valencia\/\"><span style=\"font-weight: 400;\">tour privato<\/span><\/a><span style=\"font-weight: 400;\">, una guida locale accreditata<\/span><span style=\"font-weight: 300;\"> vi accompagner\u00e0 in ogni momento e al vostro ritmo. I bambini ameranno il <\/span><span style=\"font-weight: 400;\">Museo delle Scienze o l'Hemisf\u00e8ric<\/span><span style=\"font-weight: 300;\">, in cui vengono proiettati film educativi in una cupola gigante, dove i ragazzi saranno immersi in <\/span><span style=\"font-weight: 400;\">scienza e astronomia<\/span><span style=\"font-weight: 300;\">.<\/span><\/p><p><!-- \/wp:paragraph --><!-- wp:paragraph --><\/p>\t\t\t\t\t\t\t\t<\/div>\n\t\t\t\t<\/div>\n\t\t\t\t<\/div>\n\t\t<div class=\"elementor-element elementor-element-9ba39af e-con-full e-flex e-con e-child\" data-id=\"9ba39af\" data-element_type=\"container\" data-e-type=\"container\">\n\t\t<div class=\"elementor-element elementor-element-5882aec e-con-full e-flex e-con e-child\" data-id=\"5882aec\" data-element_type=\"container\" data-e-type=\"container\">\n\t\t\t\t<div class=\"elementor-element elementor-element-5df8ad3 elementor-widget elementor-widget-heading\" data-id=\"5df8ad3\" data-element_type=\"widget\" data-e-type=\"widget\" data-widget_type=\"heading.default\">\n\t\t\t\t\t<h2 class=\"elementor-heading-title elementor-size-default\">Attivit\u00e0 gratuite per bambini a Valencia<\/h2>\t\t\t\t<\/div>\n\t\t\t\t<\/div>\n\t\t<div class=\"elementor-element elementor-element-d2f915a e-con-full e-flex e-con e-child\" data-id=\"d2f915a\" data-element_type=\"container\" data-e-type=\"container\">\n\t\t\t\t<div class=\"elementor-element elementor-element-a506785 elementor-widget elementor-widget-text-editor\" data-id=\"a506785\" data-element_type=\"widget\" data-e-type=\"widget\" data-widget_type=\"text-editor.default\">\n\t\t\t\t\t\t\t\t\t<p><span style=\"font-weight: 300;\">La citt\u00e0 stessa \u00e8 un <\/span><span style=\"font-weight: 400;\">un parco giochi tutto da esplorare<\/span><span style=\"font-weight: 300;\">. I piccoli avventurieri ameranno scoprire angoli verdi e artistici che daranno sfogo alla loro immaginazione.<\/span><\/p><p><!-- \/wp:paragraph --><!-- wp:paragraph --><\/p>\t\t\t\t\t\t\t\t<\/div>\n\t\t\t\t<\/div>\n\t\t\t\t<\/div>\n\t\t<div class=\"elementor-element elementor-element-d38ccbd e-con-full e-flex e-con e-child\" data-id=\"d38ccbd\" data-element_type=\"container\" data-e-type=\"container\">\n\t\t<div class=\"elementor-element elementor-element-455f8e1 e-con-full e-flex e-con e-child\" data-id=\"455f8e1\" data-element_type=\"container\" data-e-type=\"container\">\n\t\t\t\t<div class=\"elementor-element elementor-element-afa75c7 elementor-widget elementor-widget-heading\" data-id=\"afa75c7\" data-element_type=\"widget\" data-e-type=\"widget\" data-widget_type=\"heading.default\">\n\t\t\t\t\t<h2 class=\"elementor-heading-title elementor-size-default\">Parchi e aree gioco<\/h2>\t\t\t\t<\/div>\n\t\t\t\t<\/div>\n\t\t<div class=\"elementor-element elementor-element-3c8071a e-con-full e-flex e-con e-child\" data-id=\"3c8071a\" data-element_type=\"container\" data-e-type=\"container\">\n\t\t\t\t<div class=\"elementor-element elementor-element-d1703e8 elementor-widget elementor-widget-text-editor\" data-id=\"d1703e8\" data-element_type=\"widget\" data-e-type=\"widget\" data-widget_type=\"text-editor.default\">\n\t\t\t\t\t\t\t\t\t<p><span style=\"font-weight: 300;\">Valencia \u00e8 costellata di <\/span><span style=\"font-weight: 400;\">numerosi parchi<\/span><span style=\"font-weight: 300;\"> che offrono molto spazio ai bambini per giocare senza sosta. Il <\/span><span style=\"font-weight: 400;\">Parco Gulliver<\/span><span style=\"font-weight: 300;\">, situato nei Giardini del Turia, ha una scultura gigante di Gulliver che funge da struttura per arrampicarsi e scivolo. Il <\/span><span style=\"font-weight: 400;\">Parco Ovest<\/span><span style=\"font-weight: 300;\">, L'Aquaval, con un impressionante aereo F-86 situato all'ingresso del cancello principale, offre diverse aree per bambini, mini-golf o le strutture dell'Aquaval con due piscine e un parco acquatico per i pi\u00f9 piccoli. Inoltre, il <\/span><span style=\"font-weight: 400;\">Parco Centrale<\/span><span style=\"font-weight: 300;\"> dispone di 7800 m\u00b2 di aree gioco per bambini con vari giochi, fontane, laghetti o pareti di arrampicata, altamente raccomandate per le famiglie attive.<\/span><\/p><p><!-- \/wp:paragraph --><!-- wp:paragraph --><\/p>\t\t\t\t\t\t\t\t<\/div>\n\t\t\t\t<\/div>\n\t\t\t\t<\/div>\n\t\t<div class=\"elementor-element elementor-element-dec8e4a e-con-full e-flex e-con e-child\" data-id=\"dec8e4a\" data-element_type=\"container\" data-e-type=\"container\">\n\t\t<div class=\"elementor-element elementor-element-85cba60 e-con-full e-flex e-con e-child\" data-id=\"85cba60\" data-element_type=\"container\" data-e-type=\"container\">\n\t\t\t\t<div class=\"elementor-element elementor-element-34ef86d elementor-widget elementor-widget-heading\" data-id=\"34ef86d\" data-element_type=\"widget\" data-e-type=\"widget\" data-widget_type=\"heading.default\">\n\t\t\t\t\t<h2 class=\"elementor-heading-title elementor-size-default\">Valencia a luglio<\/h2>\t\t\t\t<\/div>\n\t\t\t\t<\/div>\n\t\t<div class=\"elementor-element elementor-element-87397a6 e-con-full e-flex e-con e-child\" data-id=\"87397a6\" data-element_type=\"container\" data-e-type=\"container\">\n\t\t\t\t<div class=\"elementor-element elementor-element-7aad3f9 elementor-widget elementor-widget-text-editor\" data-id=\"7aad3f9\" data-element_type=\"widget\" data-e-type=\"widget\" data-widget_type=\"text-editor.default\">\n\t\t\t\t\t\t\t\t\t<p><span style=\"font-weight: 300;\">Durante il mese di luglio il <\/span><a href=\"https:\/\/valenciaandgo.com\/blog\/cultura-tradiciones\/feria-de-julio-valencia\/\"><span style=\"font-weight: 400;\">Grande Fiera di Valencia<\/span><\/a><span style=\"font-weight: 300;\"> che comprende <\/span><span style=\"font-weight: 400;\">attivit\u00e0 culturali gratuite<\/span><span style=\"font-weight: 300;\">, Una scusa perfetta per visitarla con la famiglia. <\/span><span style=\"font-weight: 300;\">Uno degli eventi da non perdere \u00e8 il <\/span><span style=\"font-weight: 400;\">spettacoli pirotecnici <\/span><span style=\"font-weight: 300;\">che si svolgono<\/span><span style=\"font-weight: 400;\"> ogni sabato<\/span><span style=\"font-weight: 300;\">. Questi lampi di luce e di colore sono un'esperienza unica che vi trasporter\u00e0 nel cuore della cultura valenciana. Inoltre, il <\/span><span style=\"font-weight: 400;\">20 luglio<\/span><span style=\"font-weight: 300;\"> si tiene il<\/span><span style=\"font-weight: 400;\"> Grande notte di luglio<\/span><span style=\"font-weight: 300;\">, una notte ricca di eventi musicali gratuiti in tutta la citt\u00e0. Il gran finale della Gran Fira sar\u00e0 il<\/span><span style=\"font-weight: 400;\"> Battaglia di fiori<\/span><span style=\"font-weight: 300;\">, La parata risale al XIX secolo: decine di carri, decorati con migliaia di fiori, percorrono le strade della citt\u00e0. <\/span><span style=\"font-weight: 400;\">Paseo de la Alameda<\/span><span style=\"font-weight: 300;\"> mentre i partecipanti lanciano fiori tra la folla, creando un'atmosfera di gioia e di festa.<\/span><span style=\"font-weight: 300;\"> Un mese intero da scegliere <\/span><span style=\"font-weight: 400;\">laboratori, giochi, attrazioni, spettacoli di magia, narrazione, musica di strada, teatro e festival<\/span><span style=\"font-weight: 300;\"> per il divertimento di adulti, adolescenti e bambini.<\/span><\/p><p><!-- \/wp:paragraph --><!-- wp:paragraph --><\/p>\t\t\t\t\t\t\t\t<\/div>\n\t\t\t\t<\/div>\n\t\t\t\t<\/div>\n\t\t<div class=\"elementor-element elementor-element-02b05b8 e-con-full e-flex e-con e-child\" data-id=\"02b05b8\" data-element_type=\"container\" data-e-type=\"container\">\n\t\t<div class=\"elementor-element elementor-element-cc0e74e e-con-full e-flex e-con e-child\" data-id=\"cc0e74e\" data-element_type=\"container\" data-e-type=\"container\">\n\t\t\t\t<div class=\"elementor-element elementor-element-07d9b19 elementor-widget elementor-widget-heading\" data-id=\"07d9b19\" data-element_type=\"widget\" data-e-type=\"widget\" data-widget_type=\"heading.default\">\n\t\t\t\t\t<h2 class=\"elementor-heading-title elementor-size-default\">Laboratori e mostre al CCC del Carme <\/h2>\t\t\t\t<\/div>\n\t\t\t\t<\/div>\n\t\t<div class=\"elementor-element elementor-element-bc20f6e e-con-full e-flex e-con e-child\" data-id=\"bc20f6e\" data-element_type=\"container\" data-e-type=\"container\">\n\t\t\t\t<div class=\"elementor-element elementor-element-a6d2c03 elementor-widget elementor-widget-text-editor\" data-id=\"a6d2c03\" data-element_type=\"widget\" data-e-type=\"widget\" data-widget_type=\"text-editor.default\">\n\t\t\t\t\t\t\t\t\t<p><span style=\"font-weight: 300;\">Il <\/span><a href=\"https:\/\/www.consorcimuseus.gva.es\/centro-del-carmen\/?lang=es\"><span style=\"font-weight: 400;\">Centro di cultura contemporanea del Carme<\/span><\/a><span style=\"font-weight: 400;\">,<\/span><span style=\"font-weight: 300;\"> adiacente al famoso <\/span><span style=\"font-weight: 400;\">Casa del gatto<\/span><span style=\"font-weight: 300;\">, Il centro, che ospita laboratori pensati esclusivamente per i bambini, \u00e8 un luogo dove \u00e8 possibile conoscere la storia e la cultura della citt\u00e0. \u00c8 un luogo dove <\/span><span style=\"font-weight: 400;\">l'arte e la cultura diventano accessibili<\/span><span style=\"font-weight: 300;\">, aiutando a coltivare i loro talenti creativi. Offre <\/span><span style=\"font-weight: 400;\">anche attivit\u00e0 per i pi\u00f9 piccoli<\/span><span style=\"font-weight: 300;\">, come il <\/span><span style=\"font-weight: 400;\">Espai de Telles<\/span><span style=\"font-weight: 300;\">, Uno spazio senza regole e con elementi che possono essere toccati e manipolati in modo che i bambini da 0 a 3 anni possano esplorare, scoprire e sperimentare liberamente.<\/span><\/p><p><!-- \/wp:paragraph --><!-- wp:paragraph --><\/p>\t\t\t\t\t\t\t\t<\/div>\n\t\t\t\t<\/div>\n\t\t\t\t<\/div>\n\t\t<div class=\"elementor-element elementor-element-329a853 e-con-full e-flex e-con e-child\" data-id=\"329a853\" data-element_type=\"container\" data-e-type=\"container\">\n\t\t<div class=\"elementor-element elementor-element-f23af79 e-con-full e-flex e-con e-child\" data-id=\"f23af79\" data-element_type=\"container\" data-e-type=\"container\">\n\t\t\t\t<div class=\"elementor-element elementor-element-b35d00e elementor-widget elementor-widget-heading\" data-id=\"b35d00e\" data-element_type=\"widget\" data-e-type=\"widget\" data-widget_type=\"heading.default\">\n\t\t\t\t\t<h2 class=\"elementor-heading-title elementor-size-default\">Consigli pratici per visitare Valencia con i bambini<\/h2>\t\t\t\t<\/div>\n\t\t\t\t<\/div>\n\t\t<div class=\"elementor-element elementor-element-7cab7e7 e-con-full e-flex e-con e-child\" data-id=\"7cab7e7\" data-element_type=\"container\" data-e-type=\"container\">\n\t\t\t\t<div class=\"elementor-element elementor-element-46eb931 elementor-widget elementor-widget-text-editor\" data-id=\"46eb931\" data-element_type=\"widget\" data-e-type=\"widget\" data-widget_type=\"text-editor.default\">\n\t\t\t\t\t\t\t\t\t<p><span style=\"font-weight: 300;\">Per assicurarvi che la vostra vacanza con i bambini si svolga senza problemi, vi consigliamo di preparare la valigia con i seguenti articoli <\/span><span style=\"font-weight: 400;\">abbigliamento leggero e traspirante<\/span><span style=\"font-weight: 300;\"> per far fronte al caldo, senza dimenticare la <\/span><span style=\"font-weight: 400;\">crema solare<\/span><span style=\"font-weight: 300;\"> e un <\/span><span style=\"font-weight: 400;\">cappello<\/span><span style=\"font-weight: 300;\">. Valencia \u00e8 una citt\u00e0 ideale per le passeggiate, ed \u00e8 per questo che una <\/span><span style=\"font-weight: 400;\">calzature comode<\/span><span style=\"font-weight: 300;\"> \u00e8 indispensabile. Per quanto riguarda i pasti, non preoccupatevi, perch\u00e9 ci sono numerosi <\/span><span style=\"font-weight: 400;\">stabilimenti con men\u00f9 per bambini, seggioloni e aree gioco. <\/span><span style=\"font-weight: 300;\">Inoltre, ci sono<\/span> <a href=\"https:\/\/quetalvalencia.com\/ubicacion-de-las-fuentes-agua-potable-y-refrigerada-en-valencia\/\"><span style=\"font-weight: 400;\">fonti di acqua potabile<\/span><\/a> <span style=\"font-weight: 300;\">Gli abbeveratoi della citt\u00e0 sono sparsi per tutta la citt\u00e0, in modo da potersi idratare in qualsiasi momento e gratuitamente. Quando si tratta di pianificare il <\/span><span style=\"font-weight: 400;\">escursioni all'aperto,<\/span><span style=\"font-weight: 300;\"> raccomandiamo <\/span><span style=\"font-weight: 400;\">evitate le ore pi\u00f9 calde, che vanno dalle 13 alle 18.<\/span><span style=\"font-weight: 300;\">. In questo senso, il <\/span><span style=\"font-weight: 400;\">escursioni alle Cuevas de San Jos\u00e9 o all'Albufera<\/span><span style=\"font-weight: 300;\"> sopra citati sono i<\/span><span style=\"font-weight: 400;\"> opzioni ideali per sfuggire al caldo<\/span><span style=\"font-weight: 300;\">, soprattutto quando si viaggia con i bambini. <\/span><span style=\"font-weight: 300;\">Valencia \u00e8 un tesoro di esperienze che vi assicureranno una magica vacanza estiva in famiglia. Siete <\/span><span style=\"font-weight: 400;\">pronto<\/span><span style=\"font-weight: 300;\">?<\/span><\/p><p><!-- \/wp:paragraph --><!-- wp:paragraph --><\/p>\t\t\t\t\t\t\t\t<\/div>\n\t\t\t\t<\/div>\n\t\t\t\t<\/div>\n\t\t\t\t\t<\/div>\n\t\t\t\t<\/div>\n\t\t\t\t<\/div>","protected":false},"excerpt":{"rendered":"<p>Si est\u00e1s planeando las pr\u00f3ximas vacaciones familiares y a\u00fan no te has decidido, desde Valencia&amp;Go te lo ponemos f\u00e1cil: \u00a1la respuesta es Valencia! Esta ciudad, donde tradici\u00f3n y modernidad van de la mano, ofrece una gran variedad de actividades dise\u00f1adas para familias. Ya sea explorar impresionantes cuevas o disfrutar de exposiciones interactivas, te traemos los [&hellip;]<\/p>\n","protected":false},"author":1,"featured_media":746,"comment_status":"closed","ping_status":"closed","sticky":false,"template":"","format":"standard","meta":{"_acf_changed":false,"footnotes":""},"categories":[21,54],"tags":[33,39,53,61],"class_list":["post-534","post","type-post","status-publish","format-standard","has-post-thumbnail","hentry","category-consejos-vacaciones","category-que-hacer","tag-eventos","tag-ninos","tag-valencia","tag-verano"],"acf":[],"yoast_head":"<!-- This site is optimized with the Yoast SEO plugin v27.5 - https:\/\/yoast.com\/product\/yoast-seo-wordpress\/ -->\n<title>\u00bfQu\u00e9 hacer en Valencia con ni\u00f1os? | Blog Valencia&amp;Go<\/title>\n<meta name=\"description\" content=\"Descubre los mejores planes con ni\u00f1os que ofrece la ciudad de Valencia y planifica unas vacaciones de verano en familia perfectas con Valencia&amp;Go.\" \/>\n<meta name=\"robots\" content=\"noindex, follow, max-snippet:-1, max-image-preview:large, max-video-preview:-1\" \/>\n<meta property=\"og:locale\" content=\"it_IT\" \/>\n<meta property=\"og:type\" content=\"article\" \/>\n<meta property=\"og:title\" content=\"\u00bfQu\u00e9 hacer en Valencia con ni\u00f1os? | Blog Valencia&amp;Go\" \/>\n<meta property=\"og:description\" content=\"Descubre los mejores planes con ni\u00f1os que ofrece la ciudad de Valencia y planifica unas vacaciones de verano en familia perfectas con Valencia&amp;Go.\" \/>\n<meta property=\"og:url\" content=\"https:\/\/upgrade.valenciaandgo.com\/it\/cosa-fare-a-valencia-per-i-bambini-vacanze-estive-perfette\/\" \/>\n<meta property=\"og:site_name\" content=\"Valencia&amp;Go\" \/>\n<meta property=\"article:publisher\" content=\"https:\/\/www.facebook.com\/valenciaandgo\/\" \/>\n<meta property=\"article:published_time\" content=\"2024-08-13T11:47:00+00:00\" \/>\n<meta property=\"article:modified_time\" content=\"2026-03-14T13:01:26+00:00\" \/>\n<meta property=\"og:image\" content=\"https:\/\/upgrade.valenciaandgo.com\/wp-content\/uploads\/2025\/11\/img-blog-que-hacer-valencia-ninos-vacaciones.webp\" \/>\n\t<meta property=\"og:image:width\" content=\"1170\" \/>\n\t<meta property=\"og:image:height\" content=\"783\" \/>\n\t<meta property=\"og:image:type\" content=\"image\/webp\" \/>\n<meta name=\"author\" content=\"Valencia &amp; Go\" \/>\n<meta name=\"twitter:card\" content=\"summary_large_image\" \/>\n<meta name=\"twitter:label1\" content=\"Scritto da\" \/>\n\t<meta name=\"twitter:data1\" content=\"Valencia &amp; Go\" \/>\n\t<meta name=\"twitter:label2\" content=\"Tempo di lettura stimato\" \/>\n\t<meta name=\"twitter:data2\" content=\"5 minuti\" \/>\n<script type=\"application\/ld+json\" class=\"yoast-schema-graph\">{\"@context\":\"https:\\\/\\\/schema.org\",\"@graph\":[{\"@type\":\"Article\",\"@id\":\"https:\\\/\\\/upgrade.valenciaandgo.com\\\/que-hacer-valencia-ninos-vacaciones-verano-perfectas\\\/#article\",\"isPartOf\":{\"@id\":\"https:\\\/\\\/upgrade.valenciaandgo.com\\\/que-hacer-valencia-ninos-vacaciones-verano-perfectas\\\/\"},\"author\":{\"name\":\"Valencia &amp; Go\",\"@id\":\"https:\\\/\\\/upgrade.valenciaandgo.com\\\/it\\\/#\\\/schema\\\/person\\\/ca673553802eb937b57af07a6ce74908\"},\"headline\":\"Qu\u00e9 hacer en Valencia con ni\u00f1os para unas vacaciones de verano perfectas\",\"datePublished\":\"2024-08-13T11:47:00+00:00\",\"dateModified\":\"2026-03-14T13:01:26+00:00\",\"mainEntityOfPage\":{\"@id\":\"https:\\\/\\\/upgrade.valenciaandgo.com\\\/que-hacer-valencia-ninos-vacaciones-verano-perfectas\\\/\"},\"wordCount\":1134,\"publisher\":{\"@id\":\"https:\\\/\\\/upgrade.valenciaandgo.com\\\/it\\\/#organization\"},\"image\":{\"@id\":\"https:\\\/\\\/upgrade.valenciaandgo.com\\\/que-hacer-valencia-ninos-vacaciones-verano-perfectas\\\/#primaryimage\"},\"thumbnailUrl\":\"https:\\\/\\\/upgrade.valenciaandgo.com\\\/wp-content\\\/uploads\\\/2025\\\/11\\\/img-blog-que-hacer-valencia-ninos-vacaciones.webp\",\"keywords\":[\"eventos\",\"ni\u00f1os\",\"Valencia\",\"verano\"],\"articleSection\":[\"Consejos para tus vacaciones\",\"Qu\u00e9 hacer\"],\"inLanguage\":\"it-IT\"},{\"@type\":\"WebPage\",\"@id\":\"https:\\\/\\\/upgrade.valenciaandgo.com\\\/que-hacer-valencia-ninos-vacaciones-verano-perfectas\\\/\",\"url\":\"https:\\\/\\\/upgrade.valenciaandgo.com\\\/que-hacer-valencia-ninos-vacaciones-verano-perfectas\\\/\",\"name\":\"\u00bfQu\u00e9 hacer en Valencia con ni\u00f1os? | Blog Valencia&Go\",\"isPartOf\":{\"@id\":\"https:\\\/\\\/upgrade.valenciaandgo.com\\\/it\\\/#website\"},\"primaryImageOfPage\":{\"@id\":\"https:\\\/\\\/upgrade.valenciaandgo.com\\\/que-hacer-valencia-ninos-vacaciones-verano-perfectas\\\/#primaryimage\"},\"image\":{\"@id\":\"https:\\\/\\\/upgrade.valenciaandgo.com\\\/que-hacer-valencia-ninos-vacaciones-verano-perfectas\\\/#primaryimage\"},\"thumbnailUrl\":\"https:\\\/\\\/upgrade.valenciaandgo.com\\\/wp-content\\\/uploads\\\/2025\\\/11\\\/img-blog-que-hacer-valencia-ninos-vacaciones.webp\",\"datePublished\":\"2024-08-13T11:47:00+00:00\",\"dateModified\":\"2026-03-14T13:01:26+00:00\",\"description\":\"Descubre los mejores planes con ni\u00f1os que ofrece la ciudad de Valencia y planifica unas vacaciones de verano en familia perfectas con Valencia&Go.\",\"breadcrumb\":{\"@id\":\"https:\\\/\\\/upgrade.valenciaandgo.com\\\/que-hacer-valencia-ninos-vacaciones-verano-perfectas\\\/#breadcrumb\"},\"inLanguage\":\"it-IT\",\"potentialAction\":[{\"@type\":\"ReadAction\",\"target\":[\"https:\\\/\\\/upgrade.valenciaandgo.com\\\/que-hacer-valencia-ninos-vacaciones-verano-perfectas\\\/\"]}]},{\"@type\":\"ImageObject\",\"inLanguage\":\"it-IT\",\"@id\":\"https:\\\/\\\/upgrade.valenciaandgo.com\\\/que-hacer-valencia-ninos-vacaciones-verano-perfectas\\\/#primaryimage\",\"url\":\"https:\\\/\\\/upgrade.valenciaandgo.com\\\/wp-content\\\/uploads\\\/2025\\\/11\\\/img-blog-que-hacer-valencia-ninos-vacaciones.webp\",\"contentUrl\":\"https:\\\/\\\/upgrade.valenciaandgo.com\\\/wp-content\\\/uploads\\\/2025\\\/11\\\/img-blog-que-hacer-valencia-ninos-vacaciones.webp\",\"width\":1170,\"height\":783},{\"@type\":\"BreadcrumbList\",\"@id\":\"https:\\\/\\\/upgrade.valenciaandgo.com\\\/que-hacer-valencia-ninos-vacaciones-verano-perfectas\\\/#breadcrumb\",\"itemListElement\":[{\"@type\":\"ListItem\",\"position\":1,\"name\":\"Portada\",\"item\":\"https:\\\/\\\/upgrade.valenciaandgo.com\\\/\"},{\"@type\":\"ListItem\",\"position\":2,\"name\":\"Qu\u00e9 hacer en Valencia con ni\u00f1os para unas vacaciones de verano perfectas\"}]},{\"@type\":\"WebSite\",\"@id\":\"https:\\\/\\\/upgrade.valenciaandgo.com\\\/it\\\/#website\",\"url\":\"https:\\\/\\\/upgrade.valenciaandgo.com\\\/it\\\/\",\"name\":\"Valencia&Go\",\"description\":\"Tours por Valencia y alrededores de ciudad.\",\"publisher\":{\"@id\":\"https:\\\/\\\/upgrade.valenciaandgo.com\\\/it\\\/#organization\"},\"potentialAction\":[{\"@type\":\"SearchAction\",\"target\":{\"@type\":\"EntryPoint\",\"urlTemplate\":\"https:\\\/\\\/upgrade.valenciaandgo.com\\\/it\\\/?s={search_term_string}\"},\"query-input\":{\"@type\":\"PropertyValueSpecification\",\"valueRequired\":true,\"valueName\":\"search_term_string\"}}],\"inLanguage\":\"it-IT\"},{\"@type\":\"Organization\",\"@id\":\"https:\\\/\\\/upgrade.valenciaandgo.com\\\/it\\\/#organization\",\"name\":\"Valencia&Go\",\"url\":\"https:\\\/\\\/upgrade.valenciaandgo.com\\\/it\\\/\",\"logo\":{\"@type\":\"ImageObject\",\"inLanguage\":\"it-IT\",\"@id\":\"https:\\\/\\\/upgrade.valenciaandgo.com\\\/it\\\/#\\\/schema\\\/logo\\\/image\\\/\",\"url\":\"https:\\\/\\\/upgrade.valenciaandgo.com\\\/wp-content\\\/uploads\\\/2025\\\/10\\\/valencia_go-svg-blnc-iso-naranja.svg\",\"contentUrl\":\"https:\\\/\\\/upgrade.valenciaandgo.com\\\/wp-content\\\/uploads\\\/2025\\\/10\\\/valencia_go-svg-blnc-iso-naranja.svg\",\"width\":434,\"height\":102,\"caption\":\"Valencia&Go\"},\"image\":{\"@id\":\"https:\\\/\\\/upgrade.valenciaandgo.com\\\/it\\\/#\\\/schema\\\/logo\\\/image\\\/\"},\"sameAs\":[\"https:\\\/\\\/www.facebook.com\\\/valenciaandgo\\\/\",\"https:\\\/\\\/www.instagram.com\\\/valenciaandgo\",\"https:\\\/\\\/www.linkedin.com\\\/company\\\/valencia-go\\\/\",\"https:\\\/\\\/www.tiktok.com\\\/@valenciaandgo\"]},{\"@type\":\"Person\",\"@id\":\"https:\\\/\\\/upgrade.valenciaandgo.com\\\/it\\\/#\\\/schema\\\/person\\\/ca673553802eb937b57af07a6ce74908\",\"name\":\"Valencia &amp; Go\",\"sameAs\":[\"https:\\\/\\\/valenciaandgo.com\"],\"url\":\"https:\\\/\\\/upgrade.valenciaandgo.com\\\/it\\\/author\\\/valencia\\\/\"}]}<\/script>\n<!-- \/ Yoast SEO plugin. -->","yoast_head_json":{"title":"Cosa fare a Valencia con i bambini | Valencia&amp;Go Blog","description":"Scoprite i migliori programmi per bambini che la citt\u00e0 di Valencia ha da offrire e pianificate una perfetta vacanza estiva in famiglia con Valencia&amp;Go.","robots":{"index":"noindex","follow":"follow","max-snippet":"max-snippet:-1","max-image-preview":"max-image-preview:large","max-video-preview":"max-video-preview:-1"},"og_locale":"it_IT","og_type":"article","og_title":"\u00bfQu\u00e9 hacer en Valencia con ni\u00f1os? | Blog Valencia&Go","og_description":"Descubre los mejores planes con ni\u00f1os que ofrece la ciudad de Valencia y planifica unas vacaciones de verano en familia perfectas con Valencia&Go.","og_url":"https:\/\/upgrade.valenciaandgo.com\/it\/cosa-fare-a-valencia-per-i-bambini-vacanze-estive-perfette\/","og_site_name":"Valencia&amp;Go","article_publisher":"https:\/\/www.facebook.com\/valenciaandgo\/","article_published_time":"2024-08-13T11:47:00+00:00","article_modified_time":"2026-03-14T13:01:26+00:00","og_image":[{"width":1170,"height":783,"url":"https:\/\/upgrade.valenciaandgo.com\/wp-content\/uploads\/2025\/11\/img-blog-que-hacer-valencia-ninos-vacaciones.webp","type":"image\/webp"}],"author":"Valencia &amp; Go","twitter_card":"summary_large_image","twitter_misc":{"Scritto da":"Valencia &amp; Go","Tempo di lettura stimato":"5 minuti"},"schema":{"@context":"https:\/\/schema.org","@graph":[{"@type":"Article","@id":"https:\/\/upgrade.valenciaandgo.com\/que-hacer-valencia-ninos-vacaciones-verano-perfectas\/#article","isPartOf":{"@id":"https:\/\/upgrade.valenciaandgo.com\/que-hacer-valencia-ninos-vacaciones-verano-perfectas\/"},"author":{"name":"Valencia &amp; Go","@id":"https:\/\/upgrade.valenciaandgo.com\/it\/#\/schema\/person\/ca673553802eb937b57af07a6ce74908"},"headline":"Qu\u00e9 hacer en Valencia con ni\u00f1os para unas vacaciones de verano perfectas","datePublished":"2024-08-13T11:47:00+00:00","dateModified":"2026-03-14T13:01:26+00:00","mainEntityOfPage":{"@id":"https:\/\/upgrade.valenciaandgo.com\/que-hacer-valencia-ninos-vacaciones-verano-perfectas\/"},"wordCount":1134,"publisher":{"@id":"https:\/\/upgrade.valenciaandgo.com\/it\/#organization"},"image":{"@id":"https:\/\/upgrade.valenciaandgo.com\/que-hacer-valencia-ninos-vacaciones-verano-perfectas\/#primaryimage"},"thumbnailUrl":"https:\/\/upgrade.valenciaandgo.com\/wp-content\/uploads\/2025\/11\/img-blog-que-hacer-valencia-ninos-vacaciones.webp","keywords":["eventos","ni\u00f1os","Valencia","verano"],"articleSection":["Consejos para tus vacaciones","Qu\u00e9 hacer"],"inLanguage":"it-IT"},{"@type":"WebPage","@id":"https:\/\/upgrade.valenciaandgo.com\/que-hacer-valencia-ninos-vacaciones-verano-perfectas\/","url":"https:\/\/upgrade.valenciaandgo.com\/que-hacer-valencia-ninos-vacaciones-verano-perfectas\/","name":"Cosa fare a Valencia con i bambini | Valencia&amp;Go Blog","isPartOf":{"@id":"https:\/\/upgrade.valenciaandgo.com\/it\/#website"},"primaryImageOfPage":{"@id":"https:\/\/upgrade.valenciaandgo.com\/que-hacer-valencia-ninos-vacaciones-verano-perfectas\/#primaryimage"},"image":{"@id":"https:\/\/upgrade.valenciaandgo.com\/que-hacer-valencia-ninos-vacaciones-verano-perfectas\/#primaryimage"},"thumbnailUrl":"https:\/\/upgrade.valenciaandgo.com\/wp-content\/uploads\/2025\/11\/img-blog-que-hacer-valencia-ninos-vacaciones.webp","datePublished":"2024-08-13T11:47:00+00:00","dateModified":"2026-03-14T13:01:26+00:00","description":"Scoprite i migliori programmi per bambini che la citt\u00e0 di Valencia ha da offrire e pianificate una perfetta vacanza estiva in famiglia con Valencia&amp;Go.","breadcrumb":{"@id":"https:\/\/upgrade.valenciaandgo.com\/que-hacer-valencia-ninos-vacaciones-verano-perfectas\/#breadcrumb"},"inLanguage":"it-IT","potentialAction":[{"@type":"ReadAction","target":["https:\/\/upgrade.valenciaandgo.com\/que-hacer-valencia-ninos-vacaciones-verano-perfectas\/"]}]},{"@type":"ImageObject","inLanguage":"it-IT","@id":"https:\/\/upgrade.valenciaandgo.com\/que-hacer-valencia-ninos-vacaciones-verano-perfectas\/#primaryimage","url":"https:\/\/upgrade.valenciaandgo.com\/wp-content\/uploads\/2025\/11\/img-blog-que-hacer-valencia-ninos-vacaciones.webp","contentUrl":"https:\/\/upgrade.valenciaandgo.com\/wp-content\/uploads\/2025\/11\/img-blog-que-hacer-valencia-ninos-vacaciones.webp","width":1170,"height":783},{"@type":"BreadcrumbList","@id":"https:\/\/upgrade.valenciaandgo.com\/que-hacer-valencia-ninos-vacaciones-verano-perfectas\/#breadcrumb","itemListElement":[{"@type":"ListItem","position":1,"name":"Portada","item":"https:\/\/upgrade.valenciaandgo.com\/"},{"@type":"ListItem","position":2,"name":"Qu\u00e9 hacer en Valencia con ni\u00f1os para unas vacaciones de verano perfectas"}]},{"@type":"WebSite","@id":"https:\/\/upgrade.valenciaandgo.com\/it\/#website","url":"https:\/\/upgrade.valenciaandgo.com\/it\/","name":"Valencia&amp;Go","description":"Tour di Valencia e dintorni.","publisher":{"@id":"https:\/\/upgrade.valenciaandgo.com\/it\/#organization"},"potentialAction":[{"@type":"SearchAction","target":{"@type":"EntryPoint","urlTemplate":"https:\/\/upgrade.valenciaandgo.com\/it\/?s={search_term_string}"},"query-input":{"@type":"PropertyValueSpecification","valueRequired":true,"valueName":"search_term_string"}}],"inLanguage":"it-IT"},{"@type":"Organization","@id":"https:\/\/upgrade.valenciaandgo.com\/it\/#organization","name":"Valencia&amp;Go","url":"https:\/\/upgrade.valenciaandgo.com\/it\/","logo":{"@type":"ImageObject","inLanguage":"it-IT","@id":"https:\/\/upgrade.valenciaandgo.com\/it\/#\/schema\/logo\/image\/","url":"https:\/\/upgrade.valenciaandgo.com\/wp-content\/uploads\/2025\/10\/valencia_go-svg-blnc-iso-naranja.svg","contentUrl":"https:\/\/upgrade.valenciaandgo.com\/wp-content\/uploads\/2025\/10\/valencia_go-svg-blnc-iso-naranja.svg","width":434,"height":102,"caption":"Valencia&Go"},"image":{"@id":"https:\/\/upgrade.valenciaandgo.com\/it\/#\/schema\/logo\/image\/"},"sameAs":["https:\/\/www.facebook.com\/valenciaandgo\/","https:\/\/www.instagram.com\/valenciaandgo","https:\/\/www.linkedin.com\/company\/valencia-go\/","https:\/\/www.tiktok.com\/@valenciaandgo"]},{"@type":"Person","@id":"https:\/\/upgrade.valenciaandgo.com\/it\/#\/schema\/person\/ca673553802eb937b57af07a6ce74908","name":"Valencia &amp; Go","sameAs":["https:\/\/valenciaandgo.com"],"url":"https:\/\/upgrade.valenciaandgo.com\/it\/author\/valencia\/"}]}},"_links":{"self":[{"href":"https:\/\/upgrade.valenciaandgo.com\/it\/wp-json\/wp\/v2\/posts\/534","targetHints":{"allow":["GET"]}}],"collection":[{"href":"https:\/\/upgrade.valenciaandgo.com\/it\/wp-json\/wp\/v2\/posts"}],"about":[{"href":"https:\/\/upgrade.valenciaandgo.com\/it\/wp-json\/wp\/v2\/types\/post"}],"author":[{"embeddable":true,"href":"https:\/\/upgrade.valenciaandgo.com\/it\/wp-json\/wp\/v2\/users\/1"}],"replies":[{"embeddable":true,"href":"https:\/\/upgrade.valenciaandgo.com\/it\/wp-json\/wp\/v2\/comments?post=534"}],"version-history":[{"count":0,"href":"https:\/\/upgrade.valenciaandgo.com\/it\/wp-json\/wp\/v2\/posts\/534\/revisions"}],"wp:featuredmedia":[{"embeddable":true,"href":"https:\/\/upgrade.valenciaandgo.com\/it\/wp-json\/wp\/v2\/media\/746"}],"wp:attachment":[{"href":"https:\/\/upgrade.valenciaandgo.com\/it\/wp-json\/wp\/v2\/media?parent=534"}],"wp:term":[{"taxonomy":"category","embeddable":true,"href":"https:\/\/upgrade.valenciaandgo.com\/it\/wp-json\/wp\/v2\/categories?post=534"},{"taxonomy":"post_tag","embeddable":true,"href":"https:\/\/upgrade.valenciaandgo.com\/it\/wp-json\/wp\/v2\/tags?post=534"}],"curies":[{"name":"wp","href":"https:\/\/api.w.org\/{rel}","templated":true}]}}