{"id":532,"date":"2024-06-18T12:21:00","date_gmt":"2024-06-18T12:21:00","guid":{"rendered":"https:\/\/new.valenciaandgo.com\/?p=532"},"modified":"2026-03-14T13:01:26","modified_gmt":"2026-03-14T13:01:26","slug":"perche-vale-la-pena-visitare-valencia","status":"publish","type":"post","link":"https:\/\/upgrade.valenciaandgo.com\/it\/por-que-merece-la-pena-visitar-valencia\/","title":{"rendered":"Perch\u00e9 vale la pena visitare Valencia? 10 motivi per venire"},"content":{"rendered":"<div data-elementor-type=\"wp-post\" data-elementor-id=\"532\" class=\"elementor elementor-532\" data-elementor-post-type=\"post\">\n\t\t\t\t<div class=\"elementor-element elementor-element-1ec0fa6 e-flex e-con-boxed e-con e-parent\" data-id=\"1ec0fa6\" data-element_type=\"container\" data-e-type=\"container\">\n\t\t\t\t\t<div class=\"e-con-inner\">\n\t\t<div class=\"elementor-element elementor-element-30c15ad e-con-full e-flex e-con e-child\" data-id=\"30c15ad\" data-element_type=\"container\" data-e-type=\"container\">\n\t\t\t\t<div class=\"elementor-element elementor-element-79d1dd6d elementor-widget elementor-widget-text-editor\" data-id=\"79d1dd6d\" data-element_type=\"widget\" data-e-type=\"widget\" data-widget_type=\"text-editor.default\">\n\t\t\t\t\t\t\t\t\t\n<p><span style=\"font-weight: 300;\">Bagnata dal litorale mediterraneo, Valencia offre ai suoi visitatori una combinazione unica di <\/span><span style=\"font-weight: 400;\">sole, tempo libero e cultura<\/span><span style=\"font-weight: 300;\">. Il <strong>pi\u00f9 di 300 giorni di sole all'anno<\/strong>, L'atmosfera accogliente e le strade ricche di storia ne fanno il luogo ideale per un soggiorno indimenticabile. Da <\/span><span style=\"color: #339966;\"><a style=\"color: #339966;\" href=\"https:\/\/valenciaandgo.com\"><span style=\"font-weight: 300;\">Valencia&amp;Go<\/span><\/a><\/span><span style=\"font-weight: 300;\"> vi scopriamo <\/span><span style=\"font-weight: 400;\">10 motivi per cui vale la pena visitare Valencia durante le prossime vacanze<\/span><span style=\"font-weight: 300;\">. Continuate a leggere!<\/span><\/p>\n\t\t\t\t\t\t\t\t<\/div>\n\t\t\t\t<\/div>\n\t\t<div class=\"elementor-element elementor-element-28576999 e-con-full e-flex e-con e-child\" data-id=\"28576999\" data-element_type=\"container\" data-e-type=\"container\">\n\t\t<div class=\"elementor-element elementor-element-3f34495b e-con-full e-flex e-con e-child\" data-id=\"3f34495b\" data-element_type=\"container\" data-e-type=\"container\">\n\t\t\t\t<div class=\"elementor-element elementor-element-fc0b876 elementor-widget elementor-widget-heading\" data-id=\"fc0b876\" data-element_type=\"widget\" data-e-type=\"widget\" data-widget_type=\"heading.default\">\n\t\t\t\t\t<h2 class=\"elementor-heading-title elementor-size-default\">\u00a01. Un paradiso per i buongustai<\/h2>\t\t\t\t<\/div>\n\t\t\t\t<\/div>\n\t\t<div class=\"elementor-element elementor-element-18156b67 e-con-full e-flex e-con e-child\" data-id=\"18156b67\" data-element_type=\"container\" data-e-type=\"container\">\n\t\t\t\t<div class=\"elementor-element elementor-element-afaadd4 elementor-widget elementor-widget-text-editor\" data-id=\"afaadd4\" data-element_type=\"widget\" data-e-type=\"widget\" data-widget_type=\"text-editor.default\">\n\t\t\t\t\t\t\t\t\t<p><span style=\"font-weight: 300;\">L'iconico <\/span><strong><a href=\"https:\/\/valenciaandgo.com\/blog\/ciudad-de-valencia\/paella\/\">paella<\/a><\/strong><span style=\"font-weight: 300;\"><strong>,<\/strong> Piatto valenciano per eccellenza, \u00e8 una sinfonia di sapori che comprende frutti di mare freschi, carni saporite e verdure di stagione. A <\/span><span style=\"color: #339966;\"><a style=\"color: #339966;\" href=\"https:\/\/www.elfamos.com\/\">La famiglia<\/a> <\/span><strong>o <\/strong><span style=\"color: #339966;\"><a style=\"color: #339966;\" href=\"https:\/\/alqueriadelpou.com\/\">L'Alqueria del Pou<\/a><\/span><span style=\"font-weight: 300;\"><span style=\"color: #339966;\">,<\/span> luoghi preferiti dai valenciani, vivrete un'esperienza autentica. Il <\/span><span style=\"color: #339966;\"><a style=\"color: #339966;\" href=\"https:\/\/barmistela.com\/\">Bar Mistela<\/a><\/span><span style=\"font-weight: 300;\"> \u00e8 il luogo perfetto per gustare delle gustose tapas insieme a una <\/span><span style=\"font-weight: 400;\">colpo di mistela<\/span><span style=\"font-weight: 300;\">, un altro <\/span><i><span style=\"font-weight: 300;\">mosto<\/span><\/i><span style=\"font-weight: 300;\"> durante la vostra visita. Ma Valencia offre molte altre prelibatezze, come il <\/span><span style=\"font-weight: 400;\">fideu\u00e0<\/span><span style=\"font-weight: 300;\">, una paella unica a base di tagliatelle, il <\/span><span style=\"font-weight: 400;\">esgarraet<\/span><span style=\"font-weight: 300;\">, un'insalata con peperoni rossi arrostiti, baccal\u00e0 e olio extravergine d'oliva, oppure il <\/span><span style=\"font-weight: 400;\">tutti i pebre<\/span><span style=\"font-weight: 300;\">, Un piatto sostanzioso di anguille con aglio e paprika, una vera specialit\u00e0 valenciana!<\/span><\/p>\t\t\t\t\t\t\t\t<\/div>\n\t\t\t\t<\/div>\n\t\t\t\t<\/div>\n\t\t<div class=\"elementor-element elementor-element-06ff186 e-con-full e-flex e-con e-child\" data-id=\"06ff186\" data-element_type=\"container\" data-e-type=\"container\">\n\t\t<div class=\"elementor-element elementor-element-1baba94 e-con-full e-flex e-con e-child\" data-id=\"1baba94\" data-element_type=\"container\" data-e-type=\"container\">\n\t\t\t\t<div class=\"elementor-element elementor-element-c4ef83b elementor-widget elementor-widget-heading\" data-id=\"c4ef83b\" data-element_type=\"widget\" data-e-type=\"widget\" data-widget_type=\"heading.default\">\n\t\t\t\t\t<h2 class=\"elementor-heading-title elementor-size-default\">2. Siti del patrimonio mondiale<\/h2>\t\t\t\t<\/div>\n\t\t\t\t<\/div>\n\t\t<div class=\"elementor-element elementor-element-ee685c6 e-con-full e-flex e-con e-child\" data-id=\"ee685c6\" data-element_type=\"container\" data-e-type=\"container\">\n\t\t\t\t<div class=\"elementor-element elementor-element-08608e4 elementor-widget elementor-widget-text-editor\" data-id=\"08608e4\" data-element_type=\"widget\" data-e-type=\"widget\" data-widget_type=\"text-editor.default\">\n\t\t\t\t\t\t\t\t\t<p><span style=\"font-weight: 300;\">Oltre al <\/span><span style=\"color: #339966;\"><a style=\"color: #339966;\" href=\"https:\/\/valenciaandgo.com\/tours-valencia\/tour-de-arte-y-arquitectura\/\">Cattedrale di Valencia<\/a><\/span><span style=\"font-weight: 300;\"><span style=\"color: #339966;\">,<\/span> dove la leggenda vuole che il vero <\/span><span style=\"font-weight: 400;\">Santo Graal<\/span><span style=\"font-weight: 300;\">, La citt\u00e0 ospita anche due tesori storici riconosciuti dall'UNESCO come <strong>Patrimonio dell'Umanit\u00e0:<\/strong><\/span><\/p>\n<p><!-- \/wp:paragraph --><!-- wp:list --><\/p>\n<ul class=\"wp-block-list\"><!-- wp:list-item -->\n<li><strong>La Borsa della Seta<\/strong><span style=\"font-weight: 300;\"><strong>,<\/strong> un edificio tardo gotico del XV secolo, era il centro del commercio della seta a Valencia durante il Medioevo.\u00a0<\/span><\/li>\n<!-- \/wp:list-item --><!-- wp:list-item -->\n<li><strong>Il Tribunale dell'acqua<\/strong><span style=\"font-weight: 300;\"><strong>,<\/strong> Fondato nel XIII secolo, \u00e8 il pi\u00f9 antico tribunale dell'acqua in funzione in Europa. Ogni gioved\u00ec alle 12:00, i contadini si riuniscono sotto la Porta degli Apostoli della Cattedrale per risolvere le dispute sull'acqua secondo un codice di giustizia secolare.<\/span><\/li>\n<\/ul>\t\t\t\t\t\t\t\t<\/div>\n\t\t\t\t<\/div>\n\t\t\t\t<\/div>\n\t\t<div class=\"elementor-element elementor-element-d8d6711 e-con-full e-flex e-con e-child\" data-id=\"d8d6711\" data-element_type=\"container\" data-e-type=\"container\">\n\t\t<div class=\"elementor-element elementor-element-682e91d e-con-full e-flex e-con e-child\" data-id=\"682e91d\" data-element_type=\"container\" data-e-type=\"container\">\n\t\t\t\t<div class=\"elementor-element elementor-element-d7cdf4c elementor-widget elementor-widget-heading\" data-id=\"d7cdf4c\" data-element_type=\"widget\" data-e-type=\"widget\" data-widget_type=\"heading.default\">\n\t\t\t\t\t<h2 class=\"elementor-heading-title elementor-size-default\">3. Festival e fiere vivaci<\/h2>\t\t\t\t<\/div>\n\t\t\t\t<\/div>\n\t\t<div class=\"elementor-element elementor-element-24c63b3 e-con-full e-flex e-con e-child\" data-id=\"24c63b3\" data-element_type=\"container\" data-e-type=\"container\">\n\t\t\t\t<div class=\"elementor-element elementor-element-264ce1a elementor-widget elementor-widget-text-editor\" data-id=\"264ce1a\" data-element_type=\"widget\" data-e-type=\"widget\" data-widget_type=\"text-editor.default\">\n\t\t\t\t\t\t\t\t\t<p><span style=\"font-weight: 300;\">Valencia offre un <\/span><span style=\"color: #339966;\"><a style=\"color: #339966;\" href=\"https:\/\/www.valencia.es\/val\/agenda-de-la-ciutat\">orario completo<\/a><\/span><span style=\"font-weight: 400;\"> da <strong>fiere e festival<\/strong><\/span><span style=\"font-weight: 300;\"><strong>,<\/strong> il pi\u00f9 famoso \u00e8 <\/span><span style=\"color: #339966;\"><a style=\"color: #339966;\" href=\"https:\/\/valenciaandgo.com\/tours-valencia\/fallas-tour\/\">i Fallas<\/a><\/span><span style=\"font-weight: 300;\">, <\/span><span style=\"font-weight: 400;\">Patrimonio culturale immateriale dell'umanit\u00e0 dal 2016<\/span><span style=\"font-weight: 300;\">. A marzo la citt\u00e0 si riempie di sculture satiriche monumentali che sfilano per le strade prima di essere bruciate. Con oltre 150 anni di tradizione, la <\/span><span style=\"color: #339966;\"><a style=\"color: #339966;\" href=\"https:\/\/valenciaandgo.com\/blog\/que-hacer\/feria-de-julio-valencia\/\">Grande Fiera di Valencia<\/a><\/span><span style=\"font-weight: 300;\"> \u00e8 un altro evento da non perdere, oltre ai numerosi <\/span><span style=\"font-weight: 400;\">festival di musica, arte o teatro<\/span><span style=\"font-weight: 300;\"> diffuso in tutto il <\/span><span style=\"font-weight: 400;\">tutto l'anno<\/span><span style=\"font-weight: 300;\">.<\/span><\/p>\n<p><!-- \/wp:paragraph --><!-- wp:heading --><\/p>\t\t\t\t\t\t\t\t<\/div>\n\t\t\t\t<\/div>\n\t\t\t\t<\/div>\n\t\t<div class=\"elementor-element elementor-element-af1156c e-con-full e-flex e-con e-child\" data-id=\"af1156c\" data-element_type=\"container\" data-e-type=\"container\">\n\t\t<div class=\"elementor-element elementor-element-2b3fbcd e-con-full e-flex e-con e-child\" data-id=\"2b3fbcd\" data-element_type=\"container\" data-e-type=\"container\">\n\t\t\t\t<div class=\"elementor-element elementor-element-4258078 elementor-widget elementor-widget-heading\" data-id=\"4258078\" data-element_type=\"widget\" data-e-type=\"widget\" data-widget_type=\"heading.default\">\n\t\t\t\t\t<h2 class=\"elementor-heading-title elementor-size-default\">4. Arte e creativit\u00e0<\/h2>\t\t\t\t<\/div>\n\t\t\t\t<\/div>\n\t\t<div class=\"elementor-element elementor-element-e5f1f11 e-con-full e-flex e-con e-child\" data-id=\"e5f1f11\" data-element_type=\"container\" data-e-type=\"container\">\n\t\t\t\t<div class=\"elementor-element elementor-element-b44f142 elementor-widget elementor-widget-text-editor\" data-id=\"b44f142\" data-element_type=\"widget\" data-e-type=\"widget\" data-widget_type=\"text-editor.default\">\n\t\t\t\t\t\t\t\t\t<p><span style=\"font-weight: 300;\">Il<strong> scena artistica<\/strong> La citt\u00e0 brilla di straordinario dinamismo e vivacit\u00e0. Il Museo di Belle Arti ospita opere di artisti locali come <\/span><span style=\"font-weight: 400;\">Joaqu\u00edn Sorolla<\/span><span style=\"font-weight: 300;\">, un maestro nel catturare la luce e il colore. Nel <\/span><span style=\"color: #339966;\"><a style=\"color: #339966;\" href=\"https:\/\/valenciaandgo.com\/tours-valencia\/tour-privado-por-valencia\/\"><span style=\"font-weight: 300;\">barrio del Carmen<\/span><\/a><\/span><span style=\"font-weight: 300;\">, il <\/span><span style=\"font-weight: 400;\">arte di strada<\/span><span style=\"font-weight: 300;\"> offre un contrappunto moderno all'architettura storica, riflesso del suo spirito creativo.<\/span><\/p>\n<p><!-- \/wp:paragraph --><!-- wp:heading --><\/p>\t\t\t\t\t\t\t\t<\/div>\n\t\t\t\t<\/div>\n\t\t\t\t<\/div>\n\t\t<div class=\"elementor-element elementor-element-6a15a6c e-con-full e-flex e-con e-child\" data-id=\"6a15a6c\" data-element_type=\"container\" data-e-type=\"container\">\n\t\t<div class=\"elementor-element elementor-element-4a7f473 e-con-full e-flex e-con e-child\" data-id=\"4a7f473\" data-element_type=\"container\" data-e-type=\"container\">\n\t\t\t\t<div class=\"elementor-element elementor-element-cf9c53d elementor-widget elementor-widget-heading\" data-id=\"cf9c53d\" data-element_type=\"widget\" data-e-type=\"widget\" data-widget_type=\"heading.default\">\n\t\t\t\t\t<h2 class=\"elementor-heading-title elementor-size-default\">5. Paesaggi naturali mozzafiato<\/h2>\t\t\t\t<\/div>\n\t\t\t\t<\/div>\n\t\t<div class=\"elementor-element elementor-element-9da72e3 e-con-full e-flex e-con e-child\" data-id=\"9da72e3\" data-element_type=\"container\" data-e-type=\"container\">\n\t\t\t\t<div class=\"elementor-element elementor-element-65401e6 elementor-widget elementor-widget-text-editor\" data-id=\"65401e6\" data-element_type=\"widget\" data-e-type=\"widget\" data-widget_type=\"text-editor.default\">\n\t\t\t\t\t\t\t\t\t<p><span style=\"font-weight: 300;\">Valencia \u00e8 stata nominata <\/span><strong>Capitale verde europea<\/strong><span style=\"font-weight: 300;\">, grazie alla sua <\/span><span style=\"font-weight: 400;\">cinque milioni di metri quadrati di spazio verde<\/span><span style=\"font-weight: 300;\"> sparsi per la citt\u00e0. Inoltre, a pochi chilometri di distanza si trova la <\/span><span style=\"color: #339966;\"><a style=\"color: #339966;\" href=\"https:\/\/valenciaandgo.com\/excursiones-desde-valencia\/excursion-al-parque-natural-de-la-albufera\/\"><span style=\"font-weight: 400;\">Parco Naturale dell'Albufera<\/span><\/a><\/span><span style=\"font-weight: 300;\">, Una riserva della biosfera con zone umide e lagune, perfetta per il birdwatching o per una gita in barca al tramonto, una vera oasi per gli amanti dell'ecoturismo!<\/span><\/p>\n<p><!-- \/wp:paragraph --><!-- wp:heading --><\/p>\t\t\t\t\t\t\t\t<\/div>\n\t\t\t\t<\/div>\n\t\t\t\t<\/div>\n\t\t<div class=\"elementor-element elementor-element-bf49b83 e-con-full e-flex e-con e-child\" data-id=\"bf49b83\" data-element_type=\"container\" data-e-type=\"container\">\n\t\t<div class=\"elementor-element elementor-element-7ed19c0 e-con-full e-flex e-con e-child\" data-id=\"7ed19c0\" data-element_type=\"container\" data-e-type=\"container\">\n\t\t\t\t<div class=\"elementor-element elementor-element-5e8c613 elementor-widget elementor-widget-heading\" data-id=\"5e8c613\" data-element_type=\"widget\" data-e-type=\"widget\" data-widget_type=\"heading.default\">\n\t\t\t\t\t<h2 class=\"elementor-heading-title elementor-size-default\">6. Attivit\u00e0 all'aperto<\/h2>\t\t\t\t<\/div>\n\t\t\t\t<\/div>\n\t\t<div class=\"elementor-element elementor-element-3395ee2 e-con-full e-flex e-con e-child\" data-id=\"3395ee2\" data-element_type=\"container\" data-e-type=\"container\">\n\t\t\t\t<div class=\"elementor-element elementor-element-0f8304c elementor-widget elementor-widget-text-editor\" data-id=\"0f8304c\" data-element_type=\"widget\" data-e-type=\"widget\" data-widget_type=\"text-editor.default\">\n\t\t\t\t\t\t\t\t\t<p><span style=\"font-weight: 300;\">Con il suo <\/span><strong>terreno pianeggiante e una vasta rete di piste ciclabili.<\/strong><span style=\"font-weight: 300;\">, Valencia \u00e8 una <\/span><span style=\"color: #339966;\"><a style=\"color: #339966;\" href=\"https:\/\/valenciaandgo.com\/tours-valencia\/ruta-en-bici-por-el-parque-del-rio-turia\/\"><span style=\"font-weight: 300;\">il paradiso dei ciclisti<\/span><\/a><\/span><span style=\"font-weight: 300;\"> y <\/span><i><span style=\"font-weight: 300;\">corridori<\/span><\/i><span style=\"font-weight: 300;\">. Il clima temperato \u00e8 ideale per la navigazione da diporto, la <\/span><i><span style=\"font-weight: 300;\">windsurf<\/span><\/i><span style=\"font-weight: 300;\"> e il <\/span><i><span style=\"font-weight: 300;\">kitesurf<\/span><\/i><span style=\"font-weight: 300;\"> lungo la costa. Gli amanti degli sport avventurosi possono avventurarsi in montagna o fare escursioni sulle cime per godere di spettacolari viste panoramiche.<\/span><\/p>\n<p><!-- \/wp:paragraph --><!-- wp:heading --><\/p>\t\t\t\t\t\t\t\t<\/div>\n\t\t\t\t<\/div>\n\t\t\t\t<\/div>\n\t\t<div class=\"elementor-element elementor-element-b062348 e-con-full e-flex e-con e-child\" data-id=\"b062348\" data-element_type=\"container\" data-e-type=\"container\">\n\t\t<div class=\"elementor-element elementor-element-58eb7d0 e-con-full e-flex e-con e-child\" data-id=\"58eb7d0\" data-element_type=\"container\" data-e-type=\"container\">\n\t\t\t\t<div class=\"elementor-element elementor-element-ae5ef88 elementor-widget elementor-widget-heading\" data-id=\"ae5ef88\" data-element_type=\"widget\" data-e-type=\"widget\" data-widget_type=\"heading.default\">\n\t\t\t\t\t<h2 class=\"elementor-heading-title elementor-size-default\">7. Atmosfera vivace<\/h2>\t\t\t\t<\/div>\n\t\t\t\t<\/div>\n\t\t<div class=\"elementor-element elementor-element-dc0fc65 e-con-full e-flex e-con e-child\" data-id=\"dc0fc65\" data-element_type=\"container\" data-e-type=\"container\">\n\t\t\t\t<div class=\"elementor-element elementor-element-e58cf32 elementor-widget elementor-widget-text-editor\" data-id=\"e58cf32\" data-element_type=\"widget\" data-e-type=\"widget\" data-widget_type=\"text-editor.default\">\n\t\t\t\t\t\t\t\t\t<p><span style=\"font-weight: 300;\">Il fascino di Valencia \u00e8 accentuato dai suoi <\/span><span style=\"font-weight: 400;\">atmosfera contagiosa<\/span><span style=\"font-weight: 300;\">. La giornata inizia con un <\/span><span style=\"font-weight: 400;\">pranzo tipico, il<em> esmorzaret,<\/em><\/span><span style=\"font-weight: 300;\"> su una terrazza soleggiata e, man mano che la giornata avanza, \u00e8 necessario avvicinarsi all'animata <\/span><span style=\"font-weight: 400;\">AREA PORTUALE<\/span><span style=\"font-weight: 300;\"> con bar e ristoranti vivaci. Sia che stiate prendendo il sole o che stiate godendo di una serata vivace, la <strong>energia positiva da Valencia<\/strong> vi conquister\u00e0.<\/span><\/p>\n<p><!-- \/wp:paragraph --><!-- wp:heading --><\/p>\t\t\t\t\t\t\t\t<\/div>\n\t\t\t\t<\/div>\n\t\t\t\t<\/div>\n\t\t<div class=\"elementor-element elementor-element-9ae85ba e-con-full e-flex e-con e-child\" data-id=\"9ae85ba\" data-element_type=\"container\" data-e-type=\"container\">\n\t\t<div class=\"elementor-element elementor-element-471c52e e-con-full e-flex e-con e-child\" data-id=\"471c52e\" data-element_type=\"container\" data-e-type=\"container\">\n\t\t\t\t<div class=\"elementor-element elementor-element-c14d183 elementor-widget elementor-widget-heading\" data-id=\"c14d183\" data-element_type=\"widget\" data-e-type=\"widget\" data-widget_type=\"heading.default\">\n\t\t\t\t\t<h2 class=\"elementor-heading-title elementor-size-default\">8. Ospitalit\u00e0 autentica<\/h2>\t\t\t\t<\/div>\n\t\t\t\t<\/div>\n\t\t<div class=\"elementor-element elementor-element-f8c2ecf e-con-full e-flex e-con e-child\" data-id=\"f8c2ecf\" data-element_type=\"container\" data-e-type=\"container\">\n\t\t\t\t<div class=\"elementor-element elementor-element-0842606 elementor-widget elementor-widget-text-editor\" data-id=\"0842606\" data-element_type=\"widget\" data-e-type=\"widget\" data-widget_type=\"text-editor.default\">\n\t\t\t\t\t\t\t\t\t<p><span style=\"font-weight: 300;\">I valenciani si distinguono per <\/span><strong>natura amichevole e vicina<\/strong><span style=\"font-weight: 300;\">. Nei bar e nelle terrazze le conversazioni scorrono naturalmente, creando un'atmosfera accogliente. Non esitate a iniziare una conversazione, <\/span><span style=\"font-weight: 400;\">vi far\u00e0 sentire a casa<\/span><span style=\"font-weight: 300;\"> e potrete anche scoprire luoghi di interesse che solo i locali conoscono.<\/span><\/p>\t\t\t\t\t\t\t\t<\/div>\n\t\t\t\t<\/div>\n\t\t\t\t<\/div>\n\t\t<div class=\"elementor-element elementor-element-71eb3b9 e-con-full e-flex e-con e-child\" data-id=\"71eb3b9\" data-element_type=\"container\" data-e-type=\"container\">\n\t\t<div class=\"elementor-element elementor-element-270797c e-con-full e-flex e-con e-child\" data-id=\"270797c\" data-element_type=\"container\" data-e-type=\"container\">\n\t\t\t\t<div class=\"elementor-element elementor-element-3ae876d elementor-widget elementor-widget-heading\" data-id=\"3ae876d\" data-element_type=\"widget\" data-e-type=\"widget\" data-widget_type=\"heading.default\">\n\t\t\t\t\t<h2 class=\"elementor-heading-title elementor-size-default\">9. Sicurezza e tranquillit\u00e0<\/h2>\t\t\t\t<\/div>\n\t\t\t\t<\/div>\n\t\t<div class=\"elementor-element elementor-element-f23d85d e-con-full e-flex e-con e-child\" data-id=\"f23d85d\" data-element_type=\"container\" data-e-type=\"container\">\n\t\t\t\t<div class=\"elementor-element elementor-element-e1dc685 elementor-widget elementor-widget-text-editor\" data-id=\"e1dc685\" data-element_type=\"widget\" data-e-type=\"widget\" data-widget_type=\"text-editor.default\">\n\t\t\t\t\t\t\t\t\t<p><span style=\"font-weight: 300;\">Essere <strong>una delle citt\u00e0 pi\u00f9 tranquille della Spagna,<\/strong> Valencia offre un <\/span><span style=\"font-weight: 400;\">ambiente sicuro<\/span><span style=\"font-weight: 300;\"> dove i visitatori possono <\/span><span style=\"font-weight: 400;\">passeggiare in pace e tranquillit\u00e0<\/span><span style=\"font-weight: 300;\">. Con un <\/span><span style=\"font-weight: 400;\">dimensioni perfette e ritmo di vita tranquillo<\/span><span style=\"font-weight: 300;\">, Il museo vi permetter\u00e0 di immergervi in un'atmosfera tranquilla, offrendovi una visita rilassata.<\/span><\/p>\n<p><!-- \/wp:paragraph --><!-- wp:heading --><\/p>\t\t\t\t\t\t\t\t<\/div>\n\t\t\t\t<\/div>\n\t\t\t\t<\/div>\n\t\t<div class=\"elementor-element elementor-element-bf5b63a e-con-full e-flex e-con e-child\" data-id=\"bf5b63a\" data-element_type=\"container\" data-e-type=\"container\">\n\t\t<div class=\"elementor-element elementor-element-ccd6aff e-con-full e-flex e-con e-child\" data-id=\"ccd6aff\" data-element_type=\"container\" data-e-type=\"container\">\n\t\t\t\t<div class=\"elementor-element elementor-element-d3bce34 elementor-widget elementor-widget-heading\" data-id=\"d3bce34\" data-element_type=\"widget\" data-e-type=\"widget\" data-widget_type=\"heading.default\">\n\t\t\t\t\t<h2 class=\"elementor-heading-title elementor-size-default\">10. Gite di un giorno da Valencia<\/h2>\t\t\t\t<\/div>\n\t\t\t\t<\/div>\n\t\t<div class=\"elementor-element elementor-element-66d13ef e-con-full e-flex e-con e-child\" data-id=\"66d13ef\" data-element_type=\"container\" data-e-type=\"container\">\n\t\t\t\t<div class=\"elementor-element elementor-element-cb6b0cf elementor-widget elementor-widget-text-editor\" data-id=\"cb6b0cf\" data-element_type=\"widget\" data-e-type=\"widget\" data-widget_type=\"text-editor.default\">\n\t\t\t\t\t\t\t\t\t<p><span style=\"font-weight: 300;\">Valencia si trova in una posizione privilegiata per <\/span><span style=\"color: #339966;\"><a href=\"https:\/\/valenciaandgo.com\/excursiones\/\"><span style=\"font-weight: 300;\">esplorare la regione<\/span><\/a><span style=\"font-weight: 300;\">. <\/span><a style=\"color: #339966;\" href=\"https:\/\/valenciaandgo.com\/excursiones-desde-valencia\/visita-sagunto\/\"><span style=\"font-weight: 400;\">Sagunto<\/span><\/a><\/span><span style=\"font-weight: 300;\"><span style=\"color: #339966;\">,<\/span> con il suo teatro romano e le mura medievali, si trova a breve distanza in auto. Il <\/span><span style=\"color: #339966;\"><a style=\"color: #339966;\" href=\"https:\/\/valenciaandgo.com\/excursiones-desde-valencia\/cuevas-de-san-jose\/\"><span style=\"font-weight: 400;\">Grotte di San Jos\u00e9<\/span><\/a> <\/span><span style=\"font-weight: 300;\">offrono un affascinante viaggio all'interno della terra, mentre <\/span><span style=\"color: #339966;\"><a style=\"color: #339966;\" href=\"https:\/\/valenciaandgo.com\/excursiones-desde-valencia\/morella-y-peniscola\/\"><span style=\"font-weight: 400;\">Morella e Pe\u00f1\u00edscola<\/span><\/a><\/span><span style=\"font-weight: 300;\"> sono mete ideali per gli amanti della storia e dell'architettura.<\/span><\/p>\n<p><!-- \/wp:paragraph --><!-- wp:paragraph --><\/p>\n<p><span style=\"font-weight: 300;\">Noi di Valencia&amp;Go siamo specializzati nell'offerta di servizi turistici con <\/span><span style=\"font-weight: 400;\">guide locali ufficiali<\/span><span style=\"font-weight: 300;\"> con una lunga storia. Ci adattiamo alle vostre preferenze con <\/span><span style=\"font-weight: 400;\">esperienze su misura<\/span><span style=\"font-weight: 300;\">. <\/span><strong><span style=\"color: #339966;\"><a style=\"color: #339966;\" href=\"https:\/\/valenciaandgo.com\/tours-valencia\/\">Prenotate con noi la vostra prossima avventura a Valencia<\/a><\/span><\/strong><span style=\"font-weight: 300;\">, Non ve ne pentirete!<\/span><\/p>\t\t\t\t\t\t\t\t<\/div>\n\t\t\t\t<\/div>\n\t\t\t\t<\/div>\n\t\t\t\t\t<\/div>\n\t\t\t\t<\/div>\n\t\t\t\t<\/div>","protected":false},"excerpt":{"rendered":"<p>Ba\u00f1ada por la costa mediterr\u00e1nea, Valencia ofrece a sus visitantes una combinaci\u00f3n \u00fanica de sol, ocio y cultura. Los m\u00e1s de 300 d\u00edas de sol al a\u00f1o, su ambiente acogedor y las calles llenas de historia, la hacen id\u00f3nea para una estancia inolvidable. Desde Valencia&amp;Go te descubrimos 10 razones por las que merece la pena [&hellip;]<\/p>\n","protected":false},"author":1,"featured_media":708,"comment_status":"closed","ping_status":"closed","sticky":true,"template":"","format":"standard","meta":{"_acf_changed":false,"footnotes":""},"categories":[54],"tags":[36,45,53],"class_list":["post-532","post","type-post","status-publish","format-standard","has-post-thumbnail","hentry","category-que-hacer","tag-gastronomia","tag-patrimonio-cultural","tag-valencia"],"acf":[],"yoast_head":"<!-- This site is optimized with the Yoast SEO plugin v27.5 - https:\/\/yoast.com\/product\/yoast-seo-wordpress\/ -->\n<title>\u00bfPor qu\u00e9 merece la pena visitar Valencia? 10 razones para venir - Valencia&amp;Go<\/title>\n<meta name=\"description\" content=\"Descubre las 10 razones por las que merece la pena visitar Valencia en el blog de Valencia&amp;Go. Sol, ocio y gastronom\u00eda, \u00a1atr\u00e9vete a explorar Valencia!\" \/>\n<meta name=\"robots\" content=\"noindex, follow, max-snippet:-1, max-image-preview:large, max-video-preview:-1\" \/>\n<meta property=\"og:locale\" content=\"it_IT\" \/>\n<meta property=\"og:type\" content=\"article\" \/>\n<meta property=\"og:title\" content=\"\u00bfPor qu\u00e9 merece la pena visitar Valencia? 10 razones para venir - Valencia&amp;Go\" \/>\n<meta property=\"og:description\" content=\"Descubre las 10 razones por las que merece la pena visitar Valencia en el blog de Valencia&amp;Go. Sol, ocio y gastronom\u00eda, \u00a1atr\u00e9vete a explorar Valencia!\" \/>\n<meta property=\"og:url\" content=\"https:\/\/upgrade.valenciaandgo.com\/it\/perche-vale-la-pena-visitare-valencia\/\" \/>\n<meta property=\"og:site_name\" content=\"Valencia&amp;Go\" \/>\n<meta property=\"article:publisher\" content=\"https:\/\/www.facebook.com\/valenciaandgo\/\" \/>\n<meta property=\"article:published_time\" content=\"2024-06-18T12:21:00+00:00\" \/>\n<meta property=\"article:modified_time\" content=\"2026-03-14T13:01:26+00:00\" \/>\n<meta property=\"og:image\" content=\"https:\/\/upgrade.valenciaandgo.com\/wp-content\/uploads\/2025\/11\/img-blog-10-razones-visitar-valencia.webp\" \/>\n\t<meta property=\"og:image:width\" content=\"1170\" \/>\n\t<meta property=\"og:image:height\" content=\"783\" \/>\n\t<meta property=\"og:image:type\" content=\"image\/webp\" \/>\n<meta name=\"author\" content=\"Valencia &amp; Go\" \/>\n<meta name=\"twitter:card\" content=\"summary_large_image\" \/>\n<meta name=\"twitter:label1\" content=\"Scritto da\" \/>\n\t<meta name=\"twitter:data1\" content=\"Valencia &amp; Go\" \/>\n\t<meta name=\"twitter:label2\" content=\"Tempo di lettura stimato\" \/>\n\t<meta name=\"twitter:data2\" content=\"4 minuti\" \/>\n<script type=\"application\/ld+json\" class=\"yoast-schema-graph\">{\"@context\":\"https:\\\/\\\/schema.org\",\"@graph\":[{\"@type\":\"Article\",\"@id\":\"https:\\\/\\\/upgrade.valenciaandgo.com\\\/por-que-merece-la-pena-visitar-valencia\\\/#article\",\"isPartOf\":{\"@id\":\"https:\\\/\\\/upgrade.valenciaandgo.com\\\/por-que-merece-la-pena-visitar-valencia\\\/\"},\"author\":{\"name\":\"Valencia &amp; Go\",\"@id\":\"https:\\\/\\\/upgrade.valenciaandgo.com\\\/it\\\/#\\\/schema\\\/person\\\/ca673553802eb937b57af07a6ce74908\"},\"headline\":\"\u00bfPor qu\u00e9 merece la pena visitar Valencia? 10 razones para venir\",\"datePublished\":\"2024-06-18T12:21:00+00:00\",\"dateModified\":\"2026-03-14T13:01:26+00:00\",\"mainEntityOfPage\":{\"@id\":\"https:\\\/\\\/upgrade.valenciaandgo.com\\\/por-que-merece-la-pena-visitar-valencia\\\/\"},\"wordCount\":906,\"publisher\":{\"@id\":\"https:\\\/\\\/upgrade.valenciaandgo.com\\\/it\\\/#organization\"},\"image\":{\"@id\":\"https:\\\/\\\/upgrade.valenciaandgo.com\\\/por-que-merece-la-pena-visitar-valencia\\\/#primaryimage\"},\"thumbnailUrl\":\"https:\\\/\\\/upgrade.valenciaandgo.com\\\/wp-content\\\/uploads\\\/2025\\\/11\\\/img-blog-10-razones-visitar-valencia.webp\",\"keywords\":[\"gastronomia\",\"patrimonio cultural\",\"Valencia\"],\"articleSection\":[\"Qu\u00e9 hacer\"],\"inLanguage\":\"it-IT\"},{\"@type\":\"WebPage\",\"@id\":\"https:\\\/\\\/upgrade.valenciaandgo.com\\\/por-que-merece-la-pena-visitar-valencia\\\/\",\"url\":\"https:\\\/\\\/upgrade.valenciaandgo.com\\\/por-que-merece-la-pena-visitar-valencia\\\/\",\"name\":\"\u00bfPor qu\u00e9 merece la pena visitar Valencia? 10 razones para venir - Valencia&amp;Go\",\"isPartOf\":{\"@id\":\"https:\\\/\\\/upgrade.valenciaandgo.com\\\/it\\\/#website\"},\"primaryImageOfPage\":{\"@id\":\"https:\\\/\\\/upgrade.valenciaandgo.com\\\/por-que-merece-la-pena-visitar-valencia\\\/#primaryimage\"},\"image\":{\"@id\":\"https:\\\/\\\/upgrade.valenciaandgo.com\\\/por-que-merece-la-pena-visitar-valencia\\\/#primaryimage\"},\"thumbnailUrl\":\"https:\\\/\\\/upgrade.valenciaandgo.com\\\/wp-content\\\/uploads\\\/2025\\\/11\\\/img-blog-10-razones-visitar-valencia.webp\",\"datePublished\":\"2024-06-18T12:21:00+00:00\",\"dateModified\":\"2026-03-14T13:01:26+00:00\",\"description\":\"Descubre las 10 razones por las que merece la pena visitar Valencia en el blog de Valencia&Go. Sol, ocio y gastronom\u00eda, \u00a1atr\u00e9vete a explorar Valencia!\",\"breadcrumb\":{\"@id\":\"https:\\\/\\\/upgrade.valenciaandgo.com\\\/por-que-merece-la-pena-visitar-valencia\\\/#breadcrumb\"},\"inLanguage\":\"it-IT\",\"potentialAction\":[{\"@type\":\"ReadAction\",\"target\":[\"https:\\\/\\\/upgrade.valenciaandgo.com\\\/por-que-merece-la-pena-visitar-valencia\\\/\"]}]},{\"@type\":\"ImageObject\",\"inLanguage\":\"it-IT\",\"@id\":\"https:\\\/\\\/upgrade.valenciaandgo.com\\\/por-que-merece-la-pena-visitar-valencia\\\/#primaryimage\",\"url\":\"https:\\\/\\\/upgrade.valenciaandgo.com\\\/wp-content\\\/uploads\\\/2025\\\/11\\\/img-blog-10-razones-visitar-valencia.webp\",\"contentUrl\":\"https:\\\/\\\/upgrade.valenciaandgo.com\\\/wp-content\\\/uploads\\\/2025\\\/11\\\/img-blog-10-razones-visitar-valencia.webp\",\"width\":1170,\"height\":783},{\"@type\":\"BreadcrumbList\",\"@id\":\"https:\\\/\\\/upgrade.valenciaandgo.com\\\/por-que-merece-la-pena-visitar-valencia\\\/#breadcrumb\",\"itemListElement\":[{\"@type\":\"ListItem\",\"position\":1,\"name\":\"Portada\",\"item\":\"https:\\\/\\\/upgrade.valenciaandgo.com\\\/\"},{\"@type\":\"ListItem\",\"position\":2,\"name\":\"\u00bfPor qu\u00e9 merece la pena visitar Valencia? 10 razones para venir\"}]},{\"@type\":\"WebSite\",\"@id\":\"https:\\\/\\\/upgrade.valenciaandgo.com\\\/it\\\/#website\",\"url\":\"https:\\\/\\\/upgrade.valenciaandgo.com\\\/it\\\/\",\"name\":\"Valencia&Go\",\"description\":\"Tours por Valencia y alrededores de ciudad.\",\"publisher\":{\"@id\":\"https:\\\/\\\/upgrade.valenciaandgo.com\\\/it\\\/#organization\"},\"potentialAction\":[{\"@type\":\"SearchAction\",\"target\":{\"@type\":\"EntryPoint\",\"urlTemplate\":\"https:\\\/\\\/upgrade.valenciaandgo.com\\\/it\\\/?s={search_term_string}\"},\"query-input\":{\"@type\":\"PropertyValueSpecification\",\"valueRequired\":true,\"valueName\":\"search_term_string\"}}],\"inLanguage\":\"it-IT\"},{\"@type\":\"Organization\",\"@id\":\"https:\\\/\\\/upgrade.valenciaandgo.com\\\/it\\\/#organization\",\"name\":\"Valencia&Go\",\"url\":\"https:\\\/\\\/upgrade.valenciaandgo.com\\\/it\\\/\",\"logo\":{\"@type\":\"ImageObject\",\"inLanguage\":\"it-IT\",\"@id\":\"https:\\\/\\\/upgrade.valenciaandgo.com\\\/it\\\/#\\\/schema\\\/logo\\\/image\\\/\",\"url\":\"https:\\\/\\\/upgrade.valenciaandgo.com\\\/wp-content\\\/uploads\\\/2025\\\/10\\\/valencia_go-svg-blnc-iso-naranja.svg\",\"contentUrl\":\"https:\\\/\\\/upgrade.valenciaandgo.com\\\/wp-content\\\/uploads\\\/2025\\\/10\\\/valencia_go-svg-blnc-iso-naranja.svg\",\"width\":434,\"height\":102,\"caption\":\"Valencia&Go\"},\"image\":{\"@id\":\"https:\\\/\\\/upgrade.valenciaandgo.com\\\/it\\\/#\\\/schema\\\/logo\\\/image\\\/\"},\"sameAs\":[\"https:\\\/\\\/www.facebook.com\\\/valenciaandgo\\\/\",\"https:\\\/\\\/www.instagram.com\\\/valenciaandgo\",\"https:\\\/\\\/www.linkedin.com\\\/company\\\/valencia-go\\\/\",\"https:\\\/\\\/www.tiktok.com\\\/@valenciaandgo\"]},{\"@type\":\"Person\",\"@id\":\"https:\\\/\\\/upgrade.valenciaandgo.com\\\/it\\\/#\\\/schema\\\/person\\\/ca673553802eb937b57af07a6ce74908\",\"name\":\"Valencia &amp; Go\",\"sameAs\":[\"https:\\\/\\\/valenciaandgo.com\"],\"url\":\"https:\\\/\\\/upgrade.valenciaandgo.com\\\/it\\\/author\\\/valencia\\\/\"}]}<\/script>\n<!-- \/ Yoast SEO plugin. -->","yoast_head_json":{"title":"Perch\u00e9 vale la pena visitare Valencia? 10 motivi per venire - Valencia&amp;Go","description":"Scoprite i 10 motivi per cui vale la pena visitare Valencia nel blog di Valencia&amp;Go. Sole, tempo libero e gastronomia, osate e scoprite Valencia!","robots":{"index":"noindex","follow":"follow","max-snippet":"max-snippet:-1","max-image-preview":"max-image-preview:large","max-video-preview":"max-video-preview:-1"},"og_locale":"it_IT","og_type":"article","og_title":"\u00bfPor qu\u00e9 merece la pena visitar Valencia? 10 razones para venir - Valencia&amp;Go","og_description":"Descubre las 10 razones por las que merece la pena visitar Valencia en el blog de Valencia&Go. Sol, ocio y gastronom\u00eda, \u00a1atr\u00e9vete a explorar Valencia!","og_url":"https:\/\/upgrade.valenciaandgo.com\/it\/perche-vale-la-pena-visitare-valencia\/","og_site_name":"Valencia&amp;Go","article_publisher":"https:\/\/www.facebook.com\/valenciaandgo\/","article_published_time":"2024-06-18T12:21:00+00:00","article_modified_time":"2026-03-14T13:01:26+00:00","og_image":[{"width":1170,"height":783,"url":"https:\/\/upgrade.valenciaandgo.com\/wp-content\/uploads\/2025\/11\/img-blog-10-razones-visitar-valencia.webp","type":"image\/webp"}],"author":"Valencia &amp; Go","twitter_card":"summary_large_image","twitter_misc":{"Scritto da":"Valencia &amp; Go","Tempo di lettura stimato":"4 minuti"},"schema":{"@context":"https:\/\/schema.org","@graph":[{"@type":"Article","@id":"https:\/\/upgrade.valenciaandgo.com\/por-que-merece-la-pena-visitar-valencia\/#article","isPartOf":{"@id":"https:\/\/upgrade.valenciaandgo.com\/por-que-merece-la-pena-visitar-valencia\/"},"author":{"name":"Valencia &amp; Go","@id":"https:\/\/upgrade.valenciaandgo.com\/it\/#\/schema\/person\/ca673553802eb937b57af07a6ce74908"},"headline":"\u00bfPor qu\u00e9 merece la pena visitar Valencia? 10 razones para venir","datePublished":"2024-06-18T12:21:00+00:00","dateModified":"2026-03-14T13:01:26+00:00","mainEntityOfPage":{"@id":"https:\/\/upgrade.valenciaandgo.com\/por-que-merece-la-pena-visitar-valencia\/"},"wordCount":906,"publisher":{"@id":"https:\/\/upgrade.valenciaandgo.com\/it\/#organization"},"image":{"@id":"https:\/\/upgrade.valenciaandgo.com\/por-que-merece-la-pena-visitar-valencia\/#primaryimage"},"thumbnailUrl":"https:\/\/upgrade.valenciaandgo.com\/wp-content\/uploads\/2025\/11\/img-blog-10-razones-visitar-valencia.webp","keywords":["gastronomia","patrimonio cultural","Valencia"],"articleSection":["Qu\u00e9 hacer"],"inLanguage":"it-IT"},{"@type":"WebPage","@id":"https:\/\/upgrade.valenciaandgo.com\/por-que-merece-la-pena-visitar-valencia\/","url":"https:\/\/upgrade.valenciaandgo.com\/por-que-merece-la-pena-visitar-valencia\/","name":"Perch\u00e9 vale la pena visitare Valencia? 10 motivi per venire - Valencia&amp;Go","isPartOf":{"@id":"https:\/\/upgrade.valenciaandgo.com\/it\/#website"},"primaryImageOfPage":{"@id":"https:\/\/upgrade.valenciaandgo.com\/por-que-merece-la-pena-visitar-valencia\/#primaryimage"},"image":{"@id":"https:\/\/upgrade.valenciaandgo.com\/por-que-merece-la-pena-visitar-valencia\/#primaryimage"},"thumbnailUrl":"https:\/\/upgrade.valenciaandgo.com\/wp-content\/uploads\/2025\/11\/img-blog-10-razones-visitar-valencia.webp","datePublished":"2024-06-18T12:21:00+00:00","dateModified":"2026-03-14T13:01:26+00:00","description":"Scoprite i 10 motivi per cui vale la pena visitare Valencia nel blog di Valencia&amp;Go. Sole, tempo libero e gastronomia, osate e scoprite Valencia!","breadcrumb":{"@id":"https:\/\/upgrade.valenciaandgo.com\/por-que-merece-la-pena-visitar-valencia\/#breadcrumb"},"inLanguage":"it-IT","potentialAction":[{"@type":"ReadAction","target":["https:\/\/upgrade.valenciaandgo.com\/por-que-merece-la-pena-visitar-valencia\/"]}]},{"@type":"ImageObject","inLanguage":"it-IT","@id":"https:\/\/upgrade.valenciaandgo.com\/por-que-merece-la-pena-visitar-valencia\/#primaryimage","url":"https:\/\/upgrade.valenciaandgo.com\/wp-content\/uploads\/2025\/11\/img-blog-10-razones-visitar-valencia.webp","contentUrl":"https:\/\/upgrade.valenciaandgo.com\/wp-content\/uploads\/2025\/11\/img-blog-10-razones-visitar-valencia.webp","width":1170,"height":783},{"@type":"BreadcrumbList","@id":"https:\/\/upgrade.valenciaandgo.com\/por-que-merece-la-pena-visitar-valencia\/#breadcrumb","itemListElement":[{"@type":"ListItem","position":1,"name":"Portada","item":"https:\/\/upgrade.valenciaandgo.com\/"},{"@type":"ListItem","position":2,"name":"\u00bfPor qu\u00e9 merece la pena visitar Valencia? 10 razones para venir"}]},{"@type":"WebSite","@id":"https:\/\/upgrade.valenciaandgo.com\/it\/#website","url":"https:\/\/upgrade.valenciaandgo.com\/it\/","name":"Valencia&amp;Go","description":"Tour di Valencia e dintorni.","publisher":{"@id":"https:\/\/upgrade.valenciaandgo.com\/it\/#organization"},"potentialAction":[{"@type":"SearchAction","target":{"@type":"EntryPoint","urlTemplate":"https:\/\/upgrade.valenciaandgo.com\/it\/?s={search_term_string}"},"query-input":{"@type":"PropertyValueSpecification","valueRequired":true,"valueName":"search_term_string"}}],"inLanguage":"it-IT"},{"@type":"Organization","@id":"https:\/\/upgrade.valenciaandgo.com\/it\/#organization","name":"Valencia&amp;Go","url":"https:\/\/upgrade.valenciaandgo.com\/it\/","logo":{"@type":"ImageObject","inLanguage":"it-IT","@id":"https:\/\/upgrade.valenciaandgo.com\/it\/#\/schema\/logo\/image\/","url":"https:\/\/upgrade.valenciaandgo.com\/wp-content\/uploads\/2025\/10\/valencia_go-svg-blnc-iso-naranja.svg","contentUrl":"https:\/\/upgrade.valenciaandgo.com\/wp-content\/uploads\/2025\/10\/valencia_go-svg-blnc-iso-naranja.svg","width":434,"height":102,"caption":"Valencia&Go"},"image":{"@id":"https:\/\/upgrade.valenciaandgo.com\/it\/#\/schema\/logo\/image\/"},"sameAs":["https:\/\/www.facebook.com\/valenciaandgo\/","https:\/\/www.instagram.com\/valenciaandgo","https:\/\/www.linkedin.com\/company\/valencia-go\/","https:\/\/www.tiktok.com\/@valenciaandgo"]},{"@type":"Person","@id":"https:\/\/upgrade.valenciaandgo.com\/it\/#\/schema\/person\/ca673553802eb937b57af07a6ce74908","name":"Valencia &amp; Go","sameAs":["https:\/\/valenciaandgo.com"],"url":"https:\/\/upgrade.valenciaandgo.com\/it\/author\/valencia\/"}]}},"_links":{"self":[{"href":"https:\/\/upgrade.valenciaandgo.com\/it\/wp-json\/wp\/v2\/posts\/532","targetHints":{"allow":["GET"]}}],"collection":[{"href":"https:\/\/upgrade.valenciaandgo.com\/it\/wp-json\/wp\/v2\/posts"}],"about":[{"href":"https:\/\/upgrade.valenciaandgo.com\/it\/wp-json\/wp\/v2\/types\/post"}],"author":[{"embeddable":true,"href":"https:\/\/upgrade.valenciaandgo.com\/it\/wp-json\/wp\/v2\/users\/1"}],"replies":[{"embeddable":true,"href":"https:\/\/upgrade.valenciaandgo.com\/it\/wp-json\/wp\/v2\/comments?post=532"}],"version-history":[{"count":0,"href":"https:\/\/upgrade.valenciaandgo.com\/it\/wp-json\/wp\/v2\/posts\/532\/revisions"}],"wp:featuredmedia":[{"embeddable":true,"href":"https:\/\/upgrade.valenciaandgo.com\/it\/wp-json\/wp\/v2\/media\/708"}],"wp:attachment":[{"href":"https:\/\/upgrade.valenciaandgo.com\/it\/wp-json\/wp\/v2\/media?parent=532"}],"wp:term":[{"taxonomy":"category","embeddable":true,"href":"https:\/\/upgrade.valenciaandgo.com\/it\/wp-json\/wp\/v2\/categories?post=532"},{"taxonomy":"post_tag","embeddable":true,"href":"https:\/\/upgrade.valenciaandgo.com\/it\/wp-json\/wp\/v2\/tags?post=532"}],"curies":[{"name":"wp","href":"https:\/\/api.w.org\/{rel}","templated":true}]}}