{"id":469,"date":"2022-04-14T14:20:00","date_gmt":"2022-04-14T14:20:00","guid":{"rendered":"https:\/\/new.valenciaandgo.com\/?p=469"},"modified":"2026-03-16T15:39:58","modified_gmt":"2026-03-16T15:39:58","slug":"11-semana-santa-valencia-piatti","status":"publish","type":"post","link":"https:\/\/upgrade.valenciaandgo.com\/it\/11-platos-semana-santa-valencia\/","title":{"rendered":"11 piatti tipici di Valencia a Pasqua"},"content":{"rendered":"<div data-elementor-type=\"wp-post\" data-elementor-id=\"469\" class=\"elementor elementor-469\" data-elementor-post-type=\"post\">\n\t\t\t\t<div class=\"elementor-element elementor-element-62934c2c e-flex e-con-boxed e-con e-parent\" data-id=\"62934c2c\" data-element_type=\"container\" data-e-type=\"container\">\n\t\t\t\t\t<div class=\"e-con-inner\">\n\t\t<div class=\"elementor-element elementor-element-5200c8ea e-con-full e-flex e-con e-child\" data-id=\"5200c8ea\" data-element_type=\"container\" data-e-type=\"container\">\n\t\t\t\t<div class=\"elementor-element elementor-element-43f66b15 elementor-widget elementor-widget-text-editor\" data-id=\"43f66b15\" data-element_type=\"widget\" data-e-type=\"widget\" data-widget_type=\"text-editor.default\">\n\t\t\t\t\t\t\t\t\t\n<p>La settimana di Pasqua a Valencia \u00e8 diversa da tutte le altre: si vive nei quartieri di pescatori per eccellenza, a El Cabanyal e ai Poblados Mar\u00edtimos.<br \/>E il fatto \u00e8 che qui si chiama <strong>\u00bbla Settimana Santa marinara\u00bb.\u00bb<\/strong>Dichiarata Festa di Interesse Turistico Nazionale, ospita circa 80 processioni che si svolgono tra venerd\u00ec 8 aprile e domenica 17 aprile.<\/p>\n<p>E naturalmente la gastronomia di queste date \u00e8 legata al pesce.<\/p>\n<p><\/p>\n\t\t\t\t\t\t\t\t<\/div>\n\t\t\t\t<\/div>\n\t\t<div class=\"elementor-element elementor-element-43473b6f e-con-full e-flex e-con e-child\" data-id=\"43473b6f\" data-element_type=\"container\" data-e-type=\"container\">\n\t\t<div class=\"elementor-element elementor-element-334ec68 e-con-full e-flex e-con e-child\" data-id=\"334ec68\" data-element_type=\"container\" data-e-type=\"container\">\n\t\t\t\t<div class=\"elementor-element elementor-element-317a3598 elementor-widget elementor-widget-heading\" data-id=\"317a3598\" data-element_type=\"widget\" data-e-type=\"widget\" data-widget_type=\"heading.default\">\n\t\t\t\t\t<h2 class=\"elementor-heading-title elementor-size-default\">I pepitos<\/h2>\t\t\t\t<\/div>\n\t\t\t\t<\/div>\n\t\t<div class=\"elementor-element elementor-element-360b583a e-con-full e-flex e-con e-child\" data-id=\"360b583a\" data-element_type=\"container\" data-e-type=\"container\">\n\t\t\t\t<div class=\"elementor-element elementor-element-7bd5bcff elementor-widget elementor-widget-text-editor\" data-id=\"7bd5bcff\" data-element_type=\"widget\" data-e-type=\"widget\" data-widget_type=\"text-editor.default\">\n\t\t\t\t\t\t\t\t\t<p>Una tapa poco conosciuta, nutriente e originale di Valencia.<br \/>Si tratta di un panino al latte a cui viene tolta la mollica e che viene riempito di titaina (altro piatto tipico).<br \/>Una volta riempite, vengono coperte con uno stuzzicadenti in modo che il ripieno non fuoriesca, immerse nel latte, immerse nell'uovo e fritte.<\/p>\n<p><img fetchpriority=\"high\" decoding=\"async\" class=\"aligncenter wp-image-10142 size-full\" src=\"https:\/\/upgrade.valenciaandgo.com\/wp-content\/uploads\/2026\/03\/Pepito.webp\" alt=\"\" width=\"300\" height=\"214\" srcset=\"https:\/\/upgrade.valenciaandgo.com\/wp-content\/uploads\/2026\/03\/Pepito.webp 300w, https:\/\/upgrade.valenciaandgo.com\/wp-content\/uploads\/2026\/03\/Pepito-18x12.webp 18w\" sizes=\"(max-width: 300px) 100vw, 300px\" \/><\/p>\n<p style=\"text-align: center;\"><em>Pepitos, guida edonista<\/em><\/p>\t\t\t\t\t\t\t\t<\/div>\n\t\t\t\t<\/div>\n\t\t\t\t<\/div>\n\t\t<div class=\"elementor-element elementor-element-7d002c2 e-con-full e-flex e-con e-child\" data-id=\"7d002c2\" data-element_type=\"container\" data-e-type=\"container\">\n\t\t<div class=\"elementor-element elementor-element-b80be53 e-con-full e-flex e-con e-child\" data-id=\"b80be53\" data-element_type=\"container\" data-e-type=\"container\">\n\t\t\t\t<div class=\"elementor-element elementor-element-a4dfc8c elementor-widget elementor-widget-heading\" data-id=\"a4dfc8c\" data-element_type=\"widget\" data-e-type=\"widget\" data-widget_type=\"heading.default\">\n\t\t\t\t\t<h2 class=\"elementor-heading-title elementor-size-default\">Titaine<\/h2>\t\t\t\t<\/div>\n\t\t\t\t<\/div>\n\t\t<div class=\"elementor-element elementor-element-5be0808 e-con-full e-flex e-con e-child\" data-id=\"5be0808\" data-element_type=\"container\" data-e-type=\"container\">\n\t\t\t\t<div class=\"elementor-element elementor-element-a2fdd6b elementor-widget elementor-widget-text-editor\" data-id=\"a2fdd6b\" data-element_type=\"widget\" data-e-type=\"widget\" data-widget_type=\"text-editor.default\">\n\t\t\t\t\t\t\t\t\t<div class=\"wp-block-column\">\n<p>Piatto forte de \u00bbla terreta\u00bb.<br \/>\u00c8 una sorta di ratatouille di pomodori e peperoni a cui vengono aggiunti pinoli, aglio e ventresca di tonno salata. Deliziosa.<\/p>\n<p>Di solito viene consumato su un piatto da intingere con il pane, oppure sotto forma di coca, che \u00e8 una pasta tipica del luogo.<\/p>\n<\/div>\n<div><img decoding=\"async\" class=\"aligncenter wp-image-10143 size-full\" src=\"https:\/\/upgrade.valenciaandgo.com\/wp-content\/uploads\/2026\/03\/Coca-con-titaina.webp\" alt=\"\" width=\"460\" height=\"307\" srcset=\"https:\/\/upgrade.valenciaandgo.com\/wp-content\/uploads\/2026\/03\/Coca-con-titaina.webp 460w, https:\/\/upgrade.valenciaandgo.com\/wp-content\/uploads\/2026\/03\/Coca-con-titaina-18x12.webp 18w\" sizes=\"(max-width: 460px) 100vw, 460px\" \/><\/div>\n<div class=\"wp-block-column\" style=\"text-align: center;\"><em>Coca con titaine<\/em><\/div>\t\t\t\t\t\t\t\t<\/div>\n\t\t\t\t<\/div>\n\t\t\t\t<\/div>\n\t\t<div class=\"elementor-element elementor-element-d3fdd01 e-con-full e-flex e-con e-child\" data-id=\"d3fdd01\" data-element_type=\"container\" data-e-type=\"container\">\n\t\t<div class=\"elementor-element elementor-element-880c248 e-con-full e-flex e-con e-child\" data-id=\"880c248\" data-element_type=\"container\" data-e-type=\"container\">\n\t\t\t\t<div class=\"elementor-element elementor-element-9bdf2b8 elementor-widget elementor-widget-heading\" data-id=\"9bdf2b8\" data-element_type=\"widget\" data-e-type=\"widget\" data-widget_type=\"heading.default\">\n\t\t\t\t\t<h2 class=\"elementor-heading-title elementor-size-default\">Crocchette di merluzzo<\/h2>\t\t\t\t<\/div>\n\t\t\t\t<\/div>\n\t\t<div class=\"elementor-element elementor-element-a1bd336 e-con-full e-flex e-con e-child\" data-id=\"a1bd336\" data-element_type=\"container\" data-e-type=\"container\">\n\t\t\t\t<div class=\"elementor-element elementor-element-fc039b8 elementor-widget elementor-widget-text-editor\" data-id=\"fc039b8\" data-element_type=\"widget\" data-e-type=\"widget\" data-widget_type=\"text-editor.default\">\n\t\t\t\t\t\t\t\t\t<p>Sebbene si possa trovare tutto l'anno nella maggior parte dei ristoranti della citt\u00e0, la sua origine risale alla Pasqua.<br \/>Nella maggior parte dei casi vengono chiamati \"bu\u00f1uelo de bacalao\", perch\u00e9 sebbene abbiano la forma di una crocchetta, il loro impasto e la loro consistenza sono diversi: hanno uova, patate e merluzzo sbriciolato che li rendono molto morbidi all'interno e croccanti all'esterno.<br \/>A differenza delle crocchette, non c'\u00e8 pangrattato.<\/p>\n<p><img decoding=\"async\" class=\"size-full wp-image-10145 aligncenter\" src=\"https:\/\/upgrade.valenciaandgo.com\/wp-content\/uploads\/2026\/03\/Bunuelos-de-bacalao.webp\" alt=\"\" width=\"460\" height=\"307\" srcset=\"https:\/\/upgrade.valenciaandgo.com\/wp-content\/uploads\/2026\/03\/Bunuelos-de-bacalao.webp 460w, https:\/\/upgrade.valenciaandgo.com\/wp-content\/uploads\/2026\/03\/Bunuelos-de-bacalao-18x12.webp 18w\" sizes=\"(max-width: 460px) 100vw, 460px\" \/><\/p>\n<p style=\"text-align: center;\"><em>Frittelle di baccal\u00e0, Bar Centrale<\/em><\/p>\t\t\t\t\t\t\t\t<\/div>\n\t\t\t\t<\/div>\n\t\t\t\t<\/div>\n\t\t<div class=\"elementor-element elementor-element-3ebc0f8 e-con-full e-flex e-con e-child\" data-id=\"3ebc0f8\" data-element_type=\"container\" data-e-type=\"container\">\n\t\t<div class=\"elementor-element elementor-element-3c4ef60 e-con-full e-flex e-con e-child\" data-id=\"3c4ef60\" data-element_type=\"container\" data-e-type=\"container\">\n\t\t\t\t<div class=\"elementor-element elementor-element-abb7975 elementor-widget elementor-widget-heading\" data-id=\"abb7975\" data-element_type=\"widget\" data-e-type=\"widget\" data-widget_type=\"heading.default\">\n\t\t\t\t\t<h2 class=\"elementor-heading-title elementor-size-default\">Stufato di veglia<\/h2>\t\t\t\t<\/div>\n\t\t\t\t<\/div>\n\t\t<div class=\"elementor-element elementor-element-67b32de e-con-full e-flex e-con e-child\" data-id=\"67b32de\" data-element_type=\"container\" data-e-type=\"container\">\n\t\t\t\t<div class=\"elementor-element elementor-element-17d7bbb elementor-widget elementor-widget-text-editor\" data-id=\"17d7bbb\" data-element_type=\"widget\" data-e-type=\"widget\" data-widget_type=\"text-editor.default\">\n\t\t\t\t\t\t\t\t\t<div class=\"wp-block-column\">\n<p>Ricetta tradizionale del Venerd\u00ec Santo.<br \/>Si tratta di uno stufato a base di ceci, merluzzo e spinaci. \u00c8 condito con un uovo sodo tritato. Un piatto al cucchiaio nutriente e gustoso che serve anche a riscaldare il corpo nelle giornate invernali pi\u00f9 fredde.<\/p>\n<\/div>\t\t\t\t\t\t\t\t<\/div>\n\t\t\t\t<\/div>\n\t\t\t\t<\/div>\n\t\t<div class=\"elementor-element elementor-element-db47c23 e-con-full e-flex e-con e-child\" data-id=\"db47c23\" data-element_type=\"container\" data-e-type=\"container\">\n\t\t<div class=\"elementor-element elementor-element-7f0f4ce e-con-full e-flex e-con e-child\" data-id=\"7f0f4ce\" data-element_type=\"container\" data-e-type=\"container\">\n\t\t\t\t<div class=\"elementor-element elementor-element-d041dee elementor-widget elementor-widget-heading\" data-id=\"d041dee\" data-element_type=\"widget\" data-e-type=\"widget\" data-widget_type=\"heading.default\">\n\t\t\t\t\t<h2 class=\"elementor-heading-title elementor-size-default\">Seppie con cipolle<\/h2>\t\t\t\t<\/div>\n\t\t\t\t<\/div>\n\t\t<div class=\"elementor-element elementor-element-f52032b e-con-full e-flex e-con e-child\" data-id=\"f52032b\" data-element_type=\"container\" data-e-type=\"container\">\n\t\t\t\t<div class=\"elementor-element elementor-element-ddfaf9f elementor-widget elementor-widget-text-editor\" data-id=\"ddfaf9f\" data-element_type=\"widget\" data-e-type=\"widget\" data-widget_type=\"text-editor.default\">\n\t\t\t\t\t\t\t\t\t<p>Questo piatto \u00e8 una vera prelibatezza per gli amanti delle seppie: le seppie vengono cotte con la cipolla a fuoco molto basso e vengono aggiunti olio d'oliva, pinoli, alloro e paprika.<br \/>I sapori sono integrati ed \u00e8 spettacolare, sano e semplice.<\/p>\t\t\t\t\t\t\t\t<\/div>\n\t\t\t\t<\/div>\n\t\t\t\t<\/div>\n\t\t<div class=\"elementor-element elementor-element-16ec241 e-con-full e-flex e-con e-child\" data-id=\"16ec241\" data-element_type=\"container\" data-e-type=\"container\">\n\t\t<div class=\"elementor-element elementor-element-0cb91bb e-con-full e-flex e-con e-child\" data-id=\"0cb91bb\" data-element_type=\"container\" data-e-type=\"container\">\n\t\t\t\t<div class=\"elementor-element elementor-element-7d0e74c elementor-widget elementor-widget-heading\" data-id=\"7d0e74c\" data-element_type=\"widget\" data-e-type=\"widget\" data-widget_type=\"heading.default\">\n\t\t\t\t\t<h2 class=\"elementor-heading-title elementor-size-default\">Marinata di sardine<\/h2>\t\t\t\t<\/div>\n\t\t\t\t<\/div>\n\t\t<div class=\"elementor-element elementor-element-9e3ed3d e-con-full e-flex e-con e-child\" data-id=\"9e3ed3d\" data-element_type=\"container\" data-e-type=\"container\">\n\t\t\t\t<div class=\"elementor-element elementor-element-51c8e56 elementor-widget elementor-widget-text-editor\" data-id=\"51c8e56\" data-element_type=\"widget\" data-e-type=\"widget\" data-widget_type=\"text-editor.default\">\n\t\t\t\t\t\t\t\t\t<div class=\"wp-block-columns\">\n<div class=\"wp-block-column\">\n<p>Ecco perch\u00e9 una buona escabeche di sardine non pu\u00f2 mancare sulla nostra tavola: la salsa tradizionale contiene carota, cipolla, paprika, alloro, vino bianco e aceto.<\/p>\n<p><img loading=\"lazy\" decoding=\"async\" class=\"size-full wp-image-10147 aligncenter\" src=\"https:\/\/upgrade.valenciaandgo.com\/wp-content\/uploads\/2026\/03\/Escabeche-de-sardina.webp\" alt=\"\" width=\"275\" height=\"183\" srcset=\"https:\/\/upgrade.valenciaandgo.com\/wp-content\/uploads\/2026\/03\/Escabeche-de-sardina.webp 275w, https:\/\/upgrade.valenciaandgo.com\/wp-content\/uploads\/2026\/03\/Escabeche-de-sardina-18x12.webp 18w\" sizes=\"(max-width: 275px) 100vw, 275px\" \/><\/p>\n<p style=\"text-align: center;\"><em>Marinata di sardine<\/em><\/p>\n<\/div>\n<\/div>\t\t\t\t\t\t\t\t<\/div>\n\t\t\t\t<\/div>\n\t\t\t\t<\/div>\n\t\t<div class=\"elementor-element elementor-element-692a52d e-con-full e-flex e-con e-child\" data-id=\"692a52d\" data-element_type=\"container\" data-e-type=\"container\">\n\t\t<div class=\"elementor-element elementor-element-ce0cffe e-con-full e-flex e-con e-child\" data-id=\"ce0cffe\" data-element_type=\"container\" data-e-type=\"container\">\n\t\t\t\t<div class=\"elementor-element elementor-element-81f2004 elementor-widget elementor-widget-heading\" data-id=\"81f2004\" data-element_type=\"widget\" data-e-type=\"widget\" data-widget_type=\"heading.default\">\n\t\t\t\t\t<h2 class=\"elementor-heading-title elementor-size-default\">Loganiza de Pascua<\/h2>\t\t\t\t<\/div>\n\t\t\t\t<\/div>\n\t\t<div class=\"elementor-element elementor-element-c530671 e-con-full e-flex e-con e-child\" data-id=\"c530671\" data-element_type=\"container\" data-e-type=\"container\">\n\t\t\t\t<div class=\"elementor-element elementor-element-647b8a4 elementor-widget elementor-widget-text-editor\" data-id=\"647b8a4\" data-element_type=\"widget\" data-e-type=\"widget\" data-widget_type=\"text-editor.default\">\n\t\t\t\t\t\t\t\t\t<div class=\"wp-block-column\">\n<p>\u00c8 una salsiccia che viene venduta soprattutto a Pasqua e deve essere mangiata una volta asciutta.<br \/>Si tratta di una salsiccia sottile, lunga e piccante che viene appesa a uno spago e lasciata essiccare per giorni, per poi essere mangiata a morsi.<\/p>\n<img loading=\"lazy\" decoding=\"async\" class=\"aligncenter wp-image-10148\" src=\"https:\/\/upgrade.valenciaandgo.com\/wp-content\/uploads\/2026\/03\/Lonzaniza-de-pascua.webp\" alt=\"\" width=\"300\" height=\"300\" srcset=\"https:\/\/upgrade.valenciaandgo.com\/wp-content\/uploads\/2026\/03\/Lonzaniza-de-pascua.webp 600w, https:\/\/upgrade.valenciaandgo.com\/wp-content\/uploads\/2026\/03\/Lonzaniza-de-pascua-12x12.webp 12w\" sizes=\"(max-width: 300px) 100vw, 300px\" \/><\/div>\n<div class=\"wp-block-column\" style=\"text-align: center;\"><em>Salsiccia longaniza classica di Pasqua, Bodegas Gargallo<\/em><\/div>\t\t\t\t\t\t\t\t<\/div>\n\t\t\t\t<\/div>\n\t\t\t\t<\/div>\n\t\t<div class=\"elementor-element elementor-element-7a3acff e-con-full e-flex e-con e-child\" data-id=\"7a3acff\" data-element_type=\"container\" data-e-type=\"container\">\n\t\t<div class=\"elementor-element elementor-element-d402849 e-con-full e-flex e-con e-child\" data-id=\"d402849\" data-element_type=\"container\" data-e-type=\"container\">\n\t\t\t\t<div class=\"elementor-element elementor-element-16e45f7 elementor-widget elementor-widget-heading\" data-id=\"16e45f7\" data-element_type=\"widget\" data-e-type=\"widget\" data-widget_type=\"heading.default\">\n\t\t\t\t\t<h2 class=\"elementor-heading-title elementor-size-default\">Stivale da sardina<\/h2>\t\t\t\t<\/div>\n\t\t\t\t<\/div>\n\t\t<div class=\"elementor-element elementor-element-f106d46 e-con-full e-flex e-con e-child\" data-id=\"f106d46\" data-element_type=\"container\" data-e-type=\"container\">\n\t\t\t\t<div class=\"elementor-element elementor-element-4139b94 elementor-widget elementor-widget-text-editor\" data-id=\"4139b94\" data-element_type=\"widget\" data-e-type=\"widget\" data-widget_type=\"text-editor.default\">\n\t\t\t\t\t\t\t\t\t<p>Il nome deriva dall'antica tradizione di schiacciare la sardina con il cardine della porta: questo veniva fatto per allentare le squame e la spina dorsale.<br \/>Tradizionalmente si mangiava con peperoni verdi e uova fritte.<\/p>\n<p><img loading=\"lazy\" decoding=\"async\" class=\"aligncenter wp-image-10151 size-full\" src=\"https:\/\/upgrade.valenciaandgo.com\/wp-content\/uploads\/2026\/03\/Sardina-de-bota.webp\" alt=\"\" width=\"460\" height=\"307\" srcset=\"https:\/\/upgrade.valenciaandgo.com\/wp-content\/uploads\/2026\/03\/Sardina-de-bota.webp 460w, https:\/\/upgrade.valenciaandgo.com\/wp-content\/uploads\/2026\/03\/Sardina-de-bota-18x12.webp 18w\" sizes=\"(max-width: 460px) 100vw, 460px\" \/><\/p>\n<p style=\"text-align: center;\"><em>Piatto completo con sardine, valenciaplaza.com<\/em><\/p>\t\t\t\t\t\t\t\t<\/div>\n\t\t\t\t<\/div>\n\t\t\t\t<\/div>\n\t\t<div class=\"elementor-element elementor-element-2586699 e-con-full e-flex e-con e-child\" data-id=\"2586699\" data-element_type=\"container\" data-e-type=\"container\">\n\t\t<div class=\"elementor-element elementor-element-77dd6cf e-con-full e-flex e-con e-child\" data-id=\"77dd6cf\" data-element_type=\"container\" data-e-type=\"container\">\n\t\t\t\t<div class=\"elementor-element elementor-element-2b94bef elementor-widget elementor-widget-heading\" data-id=\"2b94bef\" data-element_type=\"widget\" data-e-type=\"widget\" data-widget_type=\"heading.default\">\n\t\t\t\t\t<h2 class=\"elementor-heading-title elementor-size-default\">Pasqua Mona<\/h2>\t\t\t\t<\/div>\n\t\t\t\t<\/div>\n\t\t<div class=\"elementor-element elementor-element-5e9a9a0 e-con-full e-flex e-con e-child\" data-id=\"5e9a9a0\" data-element_type=\"container\" data-e-type=\"container\">\n\t\t\t\t<div class=\"elementor-element elementor-element-52bd120 elementor-widget elementor-widget-text-editor\" data-id=\"52bd120\" data-element_type=\"widget\" data-e-type=\"widget\" data-widget_type=\"text-editor.default\">\n\t\t\t\t\t\t\t\t\t<p>Chiamato anche panquemao, \u00e8 un dolce che si trova solo in questo periodo dell'anno e consiste in una pasta rotonda o a forma di animale con un uovo sodo all'interno.<br \/>Di solito si mangia in famiglia e si gioca a rompere l'uovo sulla testa dell'altro.<\/p>\n<p><!-- \/wp:paragraph --><\/p>\n<p><strong>Dove acquistare i migliori?<\/strong><\/p>\n<ul>\n<li>\n<h3><span style=\"color: #008080;\"><a style=\"color: #008080;\" href=\"https:\/\/www.facebook.com\/Horno-Vicente-Garc%C3%ADa-772523682868659\/\">Panificio-pasticceria Vicente Garc\u00eda<\/a><\/span><\/h3>\n<\/li>\n<li>\n<h3><span style=\"color: #008080;\"><a style=\"color: #008080;\" href=\"https:\/\/www.google.es\/maps\/place\/Horno+Pasteler%C3%ADa+Forn+Ll%C3%A0tzer\/@39.4857262,-0.4287856,13.21z\/data=!4m6!3m5!1s0xd604f619744ad71:0x66311cf1498c3e7a!8m2!3d39.4837585!4d-0.3974809!16s%2Fg%2F11cmg03h_s?hl=es&amp;entry=ttu&amp;g_ep=EgoyMDI0MTAxNi4wIKXMDSoASAFQAw%3D%3D\">Forn Llatzer<\/a><\/span><\/h3>\n<\/li>\n<li>\n<h3><span style=\"color: #008080;\"><a style=\"color: #008080;\" href=\"https:\/\/www.hornosanantonio.com\/\">Forno di San Antonio del Mercato Centrale<\/a><\/span><\/h3>\n<\/li>\n<li>\n<h3><a href=\"https:\/\/panquemadosmoscardo.com\/\"><span style=\"color: #008080;\">Panquemados Moscardo di Alberique<\/span><\/a><\/h3>\n<\/li>\n<\/ul>\n<p><img loading=\"lazy\" decoding=\"async\" class=\"aligncenter wp-image-709\" src=\"https:\/\/upgrade.valenciaandgo.com\/wp-content\/uploads\/2025\/11\/img-blog-11-platos-tipicos-valencia.webp\" alt=\"\" width=\"500\" height=\"335\" \/><\/p>\t\t\t\t\t\t\t\t<\/div>\n\t\t\t\t<\/div>\n\t\t\t\t<\/div>\n\t\t<div class=\"elementor-element elementor-element-b63b7ba e-con-full e-flex e-con e-child\" data-id=\"b63b7ba\" data-element_type=\"container\" data-e-type=\"container\">\n\t\t<div class=\"elementor-element elementor-element-c19b75f e-con-full e-flex e-con e-child\" data-id=\"c19b75f\" data-element_type=\"container\" data-e-type=\"container\">\n\t\t\t\t<div class=\"elementor-element elementor-element-5fc7105 elementor-widget elementor-widget-heading\" data-id=\"5fc7105\" data-element_type=\"widget\" data-e-type=\"widget\" data-widget_type=\"heading.default\">\n\t\t\t\t\t<h2 class=\"elementor-heading-title elementor-size-default\">Torrijas<\/h2>\t\t\t\t<\/div>\n\t\t\t\t<\/div>\n\t\t<div class=\"elementor-element elementor-element-0d4c3d2 e-con-full e-flex e-con e-child\" data-id=\"0d4c3d2\" data-element_type=\"container\" data-e-type=\"container\">\n\t\t\t\t<div class=\"elementor-element elementor-element-b7383dc elementor-widget elementor-widget-text-editor\" data-id=\"b7383dc\" data-element_type=\"widget\" data-e-type=\"widget\" data-widget_type=\"text-editor.default\">\n\t\t\t\t\t\t\t\t\t<p>Un classico, se mai ce n'\u00e8 stato uno, che si pu\u00f2 trovare tutto l'anno, ma questa \u00e8 una stagione da star.<br \/>Si tratta di pane raffermo che viene imbevuto di latte e poi fritto.<br \/>Ma a Valencia lo facciamo in modo diverso... <span style=\"color: #ff6600;\"><strong>lo immergiamo nell'horchata!<\/strong><\/span><\/p>\n<p><!-- wp:list --><\/p>\n<p><img loading=\"lazy\" decoding=\"async\" class=\"aligncenter wp-image-10154\" src=\"https:\/\/upgrade.valenciaandgo.com\/wp-content\/uploads\/2026\/03\/Torrija.webp\" alt=\"\" width=\"500\" height=\"375\" srcset=\"https:\/\/upgrade.valenciaandgo.com\/wp-content\/uploads\/2026\/03\/Torrija.webp 550w, https:\/\/upgrade.valenciaandgo.com\/wp-content\/uploads\/2026\/03\/Torrija-16x12.webp 16w\" sizes=\"(max-width: 500px) 100vw, 500px\" \/><\/p>\n<p><strong>Dove mangiare i migliori?<\/strong><\/p>\n<ul>\n<li>\n<h3><a href=\"https:\/\/bar-restaurante-rojas-clemente.eatbu.com\/?lang=en\">Bar Rojas Clemente (con cioccolato)<\/a><\/h3>\n<\/li>\n<li>\n<h3><a href=\"https:\/\/www.mercatbar.es\/\">MercatBar<\/a><\/h3>\n<\/li>\n<li>\n<h3><a href=\"https:\/\/m.canallabistro.com\/\">Canalla Bistr\u00f3 (french toast caramellato)<\/a><\/h3>\n<\/li>\n<li>\n<h3><a href=\"https:\/\/horchateria-daniel.es\/\">Horchater\u00eda Daniel<\/a><\/h3>\n<\/li>\n<li>\n<h3><a href=\"https:\/\/www.facebook.com\/Restaurant-Frida-178445273547\/?ref=bookmarks\">Ristorante Frida (con dulce de leche)<\/a><\/h3>\n<\/li>\n<\/ul>\n<p><!-- \/wp:list --><\/p>\t\t\t\t\t\t\t\t<\/div>\n\t\t\t\t<\/div>\n\t\t\t\t<\/div>\n\t\t<div class=\"elementor-element elementor-element-e686974 e-con-full e-flex e-con e-child\" data-id=\"e686974\" data-element_type=\"container\" data-e-type=\"container\">\n\t\t<div class=\"elementor-element elementor-element-8f4a4a0 e-con-full e-flex e-con e-child\" data-id=\"8f4a4a0\" data-element_type=\"container\" data-e-type=\"container\">\n\t\t\t\t<div class=\"elementor-element elementor-element-8eb15dc elementor-widget elementor-widget-heading\" data-id=\"8eb15dc\" data-element_type=\"widget\" data-e-type=\"widget\" data-widget_type=\"heading.default\">\n\t\t\t\t\t<h2 class=\"elementor-heading-title elementor-size-default\">Coca in llanda<\/h2>\t\t\t\t<\/div>\n\t\t\t\t<\/div>\n\t\t<div class=\"elementor-element elementor-element-04bbda0 e-con-full e-flex e-con e-child\" data-id=\"04bbda0\" data-element_type=\"container\" data-e-type=\"container\">\n\t\t\t\t<div class=\"elementor-element elementor-element-e076b0d elementor-widget elementor-widget-text-editor\" data-id=\"e076b0d\" data-element_type=\"widget\" data-e-type=\"widget\" data-widget_type=\"text-editor.default\">\n\t\t\t\t\t\t\t\t\t<p>Di origine araba, \u00e8 un pan di Spagna grasso a base di farina, uova e zucchero.<br \/>Molto tipico per uno spuntino accompagnato da mistela.<\/p>\n<p><em>Coca en llanda con mistela, l'Alquer\u00eda del Pou<\/em><\/p>\n<p>La variet\u00e0 della gastronomia valenciana non finir\u00e0 mai di sorprendervi... Ci sono ricette per ogni stagione, con una variet\u00e0 di ingredienti, sane e per tutti i gusti!<\/p>\n<p><img loading=\"lazy\" decoding=\"async\" class=\"aligncenter wp-image-10158 size-full\" src=\"https:\/\/upgrade.valenciaandgo.com\/wp-content\/uploads\/2026\/03\/Coca-en-llanda.webp\" alt=\"\" width=\"300\" height=\"300\" srcset=\"https:\/\/upgrade.valenciaandgo.com\/wp-content\/uploads\/2026\/03\/Coca-en-llanda.webp 300w, https:\/\/upgrade.valenciaandgo.com\/wp-content\/uploads\/2026\/03\/Coca-en-llanda-12x12.webp 12w\" sizes=\"(max-width: 300px) 100vw, 300px\" \/><\/p>\t\t\t\t\t\t\t\t<\/div>\n\t\t\t\t<\/div>\n\t\t\t\t<\/div>\n\t\t<div class=\"elementor-element elementor-element-af14588 e-con-full e-flex e-con e-child\" data-id=\"af14588\" data-element_type=\"container\" data-e-type=\"container\">\n\t\t<div class=\"elementor-element elementor-element-222c4c8 e-con-full e-flex e-con e-child\" data-id=\"222c4c8\" data-element_type=\"container\" data-e-type=\"container\">\n\t\t\t\t<div class=\"elementor-element elementor-element-cfef5f7 elementor-widget elementor-widget-text-editor\" data-id=\"cfef5f7\" data-element_type=\"widget\" data-e-type=\"widget\" data-widget_type=\"text-editor.default\">\n\t\t\t\t\t\t\t\t\t<h4>Volete conoscere le loro tradizioni con noi? Il nostro team di guide \u00e8 valenciano e ve lo racconter\u00e0 come nessun altro... <a href=\"https:\/\/valenciaandgo.com\/tours-valencia\/\">CONGIUNGERE<\/a><\/h4>\t\t\t\t\t\t\t\t<\/div>\n\t\t\t\t<\/div>\n\t\t\t\t<\/div>\n\t\t\t\t\t<\/div>\n\t\t\t\t<\/div>\n\t\t\t\t<\/div>","protected":false},"excerpt":{"rendered":"<p>La Semana Santa en Valencia es diferente a todas las dem\u00e1s: se vive desde los barrios de pescadores por excelencia, desde El Cabanyal y Poblados Mar\u00edtimosY es que, aqu\u00ed se llama \u00bbla Semana Santa marinera\u00bb: declarada Fiesta de Inter\u00e9s Tur\u00edstico Nacional, alberga unas 80 procesiones que se celebran entre el viernes 8 de abril y [&hellip;]<\/p>\n","protected":false},"author":1,"featured_media":709,"comment_status":"closed","ping_status":"closed","sticky":false,"template":"","format":"standard","meta":{"_acf_changed":false,"footnotes":""},"categories":[22,23],"tags":[26,30,36,44],"class_list":["post-469","post","type-post","status-publish","format-standard","has-post-thumbnail","hentry","category-cultura-tradiciones","category-gastronomia","tag-barrios","tag-dulces","tag-gastronomia","tag-pescados"],"acf":[],"yoast_head":"<!-- This site is optimized with the Yoast SEO plugin v27.5 - https:\/\/yoast.com\/product\/yoast-seo-wordpress\/ -->\n<title>11 platos t\u00edpicos de Valencia en Semana Santa - Valencia&amp;Go<\/title>\n<meta name=\"description\" content=\"En Valencia siempre se come de categor\u00eda, pero durante la Semana Santa los platos son especiales. \u00bfLos conoces?\" \/>\n<meta name=\"robots\" content=\"noindex, follow, max-snippet:-1, max-image-preview:large, max-video-preview:-1\" \/>\n<meta property=\"og:locale\" content=\"it_IT\" \/>\n<meta property=\"og:type\" content=\"article\" \/>\n<meta property=\"og:title\" content=\"11 platos t\u00edpicos de Valencia en Semana Santa - Valencia&amp;Go\" \/>\n<meta property=\"og:description\" content=\"En Valencia siempre se come de categor\u00eda, pero durante la Semana Santa los platos son especiales. \u00bfLos conoces?\" \/>\n<meta property=\"og:url\" content=\"https:\/\/upgrade.valenciaandgo.com\/it\/11-semana-santa-valencia-piatti\/\" \/>\n<meta property=\"og:site_name\" content=\"Valencia&amp;Go\" \/>\n<meta property=\"article:publisher\" content=\"https:\/\/www.facebook.com\/valenciaandgo\/\" \/>\n<meta property=\"article:published_time\" content=\"2022-04-14T14:20:00+00:00\" \/>\n<meta property=\"article:modified_time\" content=\"2026-03-16T15:39:58+00:00\" \/>\n<meta property=\"og:image\" content=\"https:\/\/upgrade.valenciaandgo.com\/wp-content\/uploads\/2025\/11\/img-blog-11-platos-tipicos-valencia.webp\" \/>\n\t<meta property=\"og:image:width\" content=\"1170\" \/>\n\t<meta property=\"og:image:height\" content=\"783\" \/>\n\t<meta property=\"og:image:type\" content=\"image\/webp\" \/>\n<meta name=\"author\" content=\"Valencia &amp; Go\" \/>\n<meta name=\"twitter:card\" content=\"summary_large_image\" \/>\n<meta name=\"twitter:label1\" content=\"Scritto da\" \/>\n\t<meta name=\"twitter:data1\" content=\"Valencia &amp; Go\" \/>\n\t<meta name=\"twitter:label2\" content=\"Tempo di lettura stimato\" \/>\n\t<meta name=\"twitter:data2\" content=\"6 minuti\" \/>\n<script type=\"application\/ld+json\" class=\"yoast-schema-graph\">{\"@context\":\"https:\\\/\\\/schema.org\",\"@graph\":[{\"@type\":\"Article\",\"@id\":\"https:\\\/\\\/upgrade.valenciaandgo.com\\\/11-platos-semana-santa-valencia\\\/#article\",\"isPartOf\":{\"@id\":\"https:\\\/\\\/upgrade.valenciaandgo.com\\\/11-platos-semana-santa-valencia\\\/\"},\"author\":{\"name\":\"Valencia &amp; Go\",\"@id\":\"https:\\\/\\\/upgrade.valenciaandgo.com\\\/it\\\/#\\\/schema\\\/person\\\/ca673553802eb937b57af07a6ce74908\"},\"headline\":\"11 platos t\u00edpicos de Valencia en Semana Santa\",\"datePublished\":\"2022-04-14T14:20:00+00:00\",\"dateModified\":\"2026-03-16T15:39:58+00:00\",\"mainEntityOfPage\":{\"@id\":\"https:\\\/\\\/upgrade.valenciaandgo.com\\\/11-platos-semana-santa-valencia\\\/\"},\"wordCount\":782,\"publisher\":{\"@id\":\"https:\\\/\\\/upgrade.valenciaandgo.com\\\/it\\\/#organization\"},\"image\":{\"@id\":\"https:\\\/\\\/upgrade.valenciaandgo.com\\\/11-platos-semana-santa-valencia\\\/#primaryimage\"},\"thumbnailUrl\":\"https:\\\/\\\/upgrade.valenciaandgo.com\\\/wp-content\\\/uploads\\\/2025\\\/11\\\/img-blog-11-platos-tipicos-valencia.webp\",\"keywords\":[\"barrios\",\"dulces\",\"gastronomia\",\"pescados\"],\"articleSection\":[\"Cultura y tradiciones\",\"Gastronom\u00eda\"],\"inLanguage\":\"it-IT\"},{\"@type\":\"WebPage\",\"@id\":\"https:\\\/\\\/upgrade.valenciaandgo.com\\\/11-platos-semana-santa-valencia\\\/\",\"url\":\"https:\\\/\\\/upgrade.valenciaandgo.com\\\/11-platos-semana-santa-valencia\\\/\",\"name\":\"11 platos t\u00edpicos de Valencia en Semana Santa - Valencia&amp;Go\",\"isPartOf\":{\"@id\":\"https:\\\/\\\/upgrade.valenciaandgo.com\\\/it\\\/#website\"},\"primaryImageOfPage\":{\"@id\":\"https:\\\/\\\/upgrade.valenciaandgo.com\\\/11-platos-semana-santa-valencia\\\/#primaryimage\"},\"image\":{\"@id\":\"https:\\\/\\\/upgrade.valenciaandgo.com\\\/11-platos-semana-santa-valencia\\\/#primaryimage\"},\"thumbnailUrl\":\"https:\\\/\\\/upgrade.valenciaandgo.com\\\/wp-content\\\/uploads\\\/2025\\\/11\\\/img-blog-11-platos-tipicos-valencia.webp\",\"datePublished\":\"2022-04-14T14:20:00+00:00\",\"dateModified\":\"2026-03-16T15:39:58+00:00\",\"description\":\"En Valencia siempre se come de categor\u00eda, pero durante la Semana Santa los platos son especiales. \u00bfLos conoces?\",\"breadcrumb\":{\"@id\":\"https:\\\/\\\/upgrade.valenciaandgo.com\\\/11-platos-semana-santa-valencia\\\/#breadcrumb\"},\"inLanguage\":\"it-IT\",\"potentialAction\":[{\"@type\":\"ReadAction\",\"target\":[\"https:\\\/\\\/upgrade.valenciaandgo.com\\\/11-platos-semana-santa-valencia\\\/\"]}]},{\"@type\":\"ImageObject\",\"inLanguage\":\"it-IT\",\"@id\":\"https:\\\/\\\/upgrade.valenciaandgo.com\\\/11-platos-semana-santa-valencia\\\/#primaryimage\",\"url\":\"https:\\\/\\\/upgrade.valenciaandgo.com\\\/wp-content\\\/uploads\\\/2025\\\/11\\\/img-blog-11-platos-tipicos-valencia.webp\",\"contentUrl\":\"https:\\\/\\\/upgrade.valenciaandgo.com\\\/wp-content\\\/uploads\\\/2025\\\/11\\\/img-blog-11-platos-tipicos-valencia.webp\",\"width\":1170,\"height\":783},{\"@type\":\"BreadcrumbList\",\"@id\":\"https:\\\/\\\/upgrade.valenciaandgo.com\\\/11-platos-semana-santa-valencia\\\/#breadcrumb\",\"itemListElement\":[{\"@type\":\"ListItem\",\"position\":1,\"name\":\"Portada\",\"item\":\"https:\\\/\\\/upgrade.valenciaandgo.com\\\/\"},{\"@type\":\"ListItem\",\"position\":2,\"name\":\"11 platos t\u00edpicos de Valencia en Semana Santa\"}]},{\"@type\":\"WebSite\",\"@id\":\"https:\\\/\\\/upgrade.valenciaandgo.com\\\/it\\\/#website\",\"url\":\"https:\\\/\\\/upgrade.valenciaandgo.com\\\/it\\\/\",\"name\":\"Valencia&Go\",\"description\":\"Tours por Valencia y alrededores de ciudad.\",\"publisher\":{\"@id\":\"https:\\\/\\\/upgrade.valenciaandgo.com\\\/it\\\/#organization\"},\"potentialAction\":[{\"@type\":\"SearchAction\",\"target\":{\"@type\":\"EntryPoint\",\"urlTemplate\":\"https:\\\/\\\/upgrade.valenciaandgo.com\\\/it\\\/?s={search_term_string}\"},\"query-input\":{\"@type\":\"PropertyValueSpecification\",\"valueRequired\":true,\"valueName\":\"search_term_string\"}}],\"inLanguage\":\"it-IT\"},{\"@type\":\"Organization\",\"@id\":\"https:\\\/\\\/upgrade.valenciaandgo.com\\\/it\\\/#organization\",\"name\":\"Valencia&Go\",\"url\":\"https:\\\/\\\/upgrade.valenciaandgo.com\\\/it\\\/\",\"logo\":{\"@type\":\"ImageObject\",\"inLanguage\":\"it-IT\",\"@id\":\"https:\\\/\\\/upgrade.valenciaandgo.com\\\/it\\\/#\\\/schema\\\/logo\\\/image\\\/\",\"url\":\"https:\\\/\\\/upgrade.valenciaandgo.com\\\/wp-content\\\/uploads\\\/2025\\\/10\\\/valencia_go-svg-blnc-iso-naranja.svg\",\"contentUrl\":\"https:\\\/\\\/upgrade.valenciaandgo.com\\\/wp-content\\\/uploads\\\/2025\\\/10\\\/valencia_go-svg-blnc-iso-naranja.svg\",\"width\":434,\"height\":102,\"caption\":\"Valencia&Go\"},\"image\":{\"@id\":\"https:\\\/\\\/upgrade.valenciaandgo.com\\\/it\\\/#\\\/schema\\\/logo\\\/image\\\/\"},\"sameAs\":[\"https:\\\/\\\/www.facebook.com\\\/valenciaandgo\\\/\",\"https:\\\/\\\/www.instagram.com\\\/valenciaandgo\",\"https:\\\/\\\/www.linkedin.com\\\/company\\\/valencia-go\\\/\",\"https:\\\/\\\/www.tiktok.com\\\/@valenciaandgo\"]},{\"@type\":\"Person\",\"@id\":\"https:\\\/\\\/upgrade.valenciaandgo.com\\\/it\\\/#\\\/schema\\\/person\\\/ca673553802eb937b57af07a6ce74908\",\"name\":\"Valencia &amp; Go\",\"sameAs\":[\"https:\\\/\\\/valenciaandgo.com\"],\"url\":\"https:\\\/\\\/upgrade.valenciaandgo.com\\\/it\\\/author\\\/valencia\\\/\"}]}<\/script>\n<!-- \/ Yoast SEO plugin. -->","yoast_head_json":{"title":"11 piatti tipici di Valencia durante la settimana di Pasqua - Valencia&amp;Go","description":"Valencia \u00e8 sempre un luogo ideale per mangiare, ma durante la Settimana Santa i piatti sono speciali: li conoscete?","robots":{"index":"noindex","follow":"follow","max-snippet":"max-snippet:-1","max-image-preview":"max-image-preview:large","max-video-preview":"max-video-preview:-1"},"og_locale":"it_IT","og_type":"article","og_title":"11 platos t\u00edpicos de Valencia en Semana Santa - Valencia&amp;Go","og_description":"En Valencia siempre se come de categor\u00eda, pero durante la Semana Santa los platos son especiales. \u00bfLos conoces?","og_url":"https:\/\/upgrade.valenciaandgo.com\/it\/11-semana-santa-valencia-piatti\/","og_site_name":"Valencia&amp;Go","article_publisher":"https:\/\/www.facebook.com\/valenciaandgo\/","article_published_time":"2022-04-14T14:20:00+00:00","article_modified_time":"2026-03-16T15:39:58+00:00","og_image":[{"width":1170,"height":783,"url":"https:\/\/upgrade.valenciaandgo.com\/wp-content\/uploads\/2025\/11\/img-blog-11-platos-tipicos-valencia.webp","type":"image\/webp"}],"author":"Valencia &amp; Go","twitter_card":"summary_large_image","twitter_misc":{"Scritto da":"Valencia &amp; Go","Tempo di lettura stimato":"6 minuti"},"schema":{"@context":"https:\/\/schema.org","@graph":[{"@type":"Article","@id":"https:\/\/upgrade.valenciaandgo.com\/11-platos-semana-santa-valencia\/#article","isPartOf":{"@id":"https:\/\/upgrade.valenciaandgo.com\/11-platos-semana-santa-valencia\/"},"author":{"name":"Valencia &amp; Go","@id":"https:\/\/upgrade.valenciaandgo.com\/it\/#\/schema\/person\/ca673553802eb937b57af07a6ce74908"},"headline":"11 platos t\u00edpicos de Valencia en Semana Santa","datePublished":"2022-04-14T14:20:00+00:00","dateModified":"2026-03-16T15:39:58+00:00","mainEntityOfPage":{"@id":"https:\/\/upgrade.valenciaandgo.com\/11-platos-semana-santa-valencia\/"},"wordCount":782,"publisher":{"@id":"https:\/\/upgrade.valenciaandgo.com\/it\/#organization"},"image":{"@id":"https:\/\/upgrade.valenciaandgo.com\/11-platos-semana-santa-valencia\/#primaryimage"},"thumbnailUrl":"https:\/\/upgrade.valenciaandgo.com\/wp-content\/uploads\/2025\/11\/img-blog-11-platos-tipicos-valencia.webp","keywords":["barrios","dulces","gastronomia","pescados"],"articleSection":["Cultura y tradiciones","Gastronom\u00eda"],"inLanguage":"it-IT"},{"@type":"WebPage","@id":"https:\/\/upgrade.valenciaandgo.com\/11-platos-semana-santa-valencia\/","url":"https:\/\/upgrade.valenciaandgo.com\/11-platos-semana-santa-valencia\/","name":"11 piatti tipici di Valencia durante la settimana di Pasqua - Valencia&amp;Go","isPartOf":{"@id":"https:\/\/upgrade.valenciaandgo.com\/it\/#website"},"primaryImageOfPage":{"@id":"https:\/\/upgrade.valenciaandgo.com\/11-platos-semana-santa-valencia\/#primaryimage"},"image":{"@id":"https:\/\/upgrade.valenciaandgo.com\/11-platos-semana-santa-valencia\/#primaryimage"},"thumbnailUrl":"https:\/\/upgrade.valenciaandgo.com\/wp-content\/uploads\/2025\/11\/img-blog-11-platos-tipicos-valencia.webp","datePublished":"2022-04-14T14:20:00+00:00","dateModified":"2026-03-16T15:39:58+00:00","description":"Valencia \u00e8 sempre un luogo ideale per mangiare, ma durante la Settimana Santa i piatti sono speciali: li conoscete?","breadcrumb":{"@id":"https:\/\/upgrade.valenciaandgo.com\/11-platos-semana-santa-valencia\/#breadcrumb"},"inLanguage":"it-IT","potentialAction":[{"@type":"ReadAction","target":["https:\/\/upgrade.valenciaandgo.com\/11-platos-semana-santa-valencia\/"]}]},{"@type":"ImageObject","inLanguage":"it-IT","@id":"https:\/\/upgrade.valenciaandgo.com\/11-platos-semana-santa-valencia\/#primaryimage","url":"https:\/\/upgrade.valenciaandgo.com\/wp-content\/uploads\/2025\/11\/img-blog-11-platos-tipicos-valencia.webp","contentUrl":"https:\/\/upgrade.valenciaandgo.com\/wp-content\/uploads\/2025\/11\/img-blog-11-platos-tipicos-valencia.webp","width":1170,"height":783},{"@type":"BreadcrumbList","@id":"https:\/\/upgrade.valenciaandgo.com\/11-platos-semana-santa-valencia\/#breadcrumb","itemListElement":[{"@type":"ListItem","position":1,"name":"Portada","item":"https:\/\/upgrade.valenciaandgo.com\/"},{"@type":"ListItem","position":2,"name":"11 platos t\u00edpicos de Valencia en Semana Santa"}]},{"@type":"WebSite","@id":"https:\/\/upgrade.valenciaandgo.com\/it\/#website","url":"https:\/\/upgrade.valenciaandgo.com\/it\/","name":"Valencia&amp;Go","description":"Tour di Valencia e dintorni.","publisher":{"@id":"https:\/\/upgrade.valenciaandgo.com\/it\/#organization"},"potentialAction":[{"@type":"SearchAction","target":{"@type":"EntryPoint","urlTemplate":"https:\/\/upgrade.valenciaandgo.com\/it\/?s={search_term_string}"},"query-input":{"@type":"PropertyValueSpecification","valueRequired":true,"valueName":"search_term_string"}}],"inLanguage":"it-IT"},{"@type":"Organization","@id":"https:\/\/upgrade.valenciaandgo.com\/it\/#organization","name":"Valencia&amp;Go","url":"https:\/\/upgrade.valenciaandgo.com\/it\/","logo":{"@type":"ImageObject","inLanguage":"it-IT","@id":"https:\/\/upgrade.valenciaandgo.com\/it\/#\/schema\/logo\/image\/","url":"https:\/\/upgrade.valenciaandgo.com\/wp-content\/uploads\/2025\/10\/valencia_go-svg-blnc-iso-naranja.svg","contentUrl":"https:\/\/upgrade.valenciaandgo.com\/wp-content\/uploads\/2025\/10\/valencia_go-svg-blnc-iso-naranja.svg","width":434,"height":102,"caption":"Valencia&Go"},"image":{"@id":"https:\/\/upgrade.valenciaandgo.com\/it\/#\/schema\/logo\/image\/"},"sameAs":["https:\/\/www.facebook.com\/valenciaandgo\/","https:\/\/www.instagram.com\/valenciaandgo","https:\/\/www.linkedin.com\/company\/valencia-go\/","https:\/\/www.tiktok.com\/@valenciaandgo"]},{"@type":"Person","@id":"https:\/\/upgrade.valenciaandgo.com\/it\/#\/schema\/person\/ca673553802eb937b57af07a6ce74908","name":"Valencia &amp; Go","sameAs":["https:\/\/valenciaandgo.com"],"url":"https:\/\/upgrade.valenciaandgo.com\/it\/author\/valencia\/"}]}},"_links":{"self":[{"href":"https:\/\/upgrade.valenciaandgo.com\/it\/wp-json\/wp\/v2\/posts\/469","targetHints":{"allow":["GET"]}}],"collection":[{"href":"https:\/\/upgrade.valenciaandgo.com\/it\/wp-json\/wp\/v2\/posts"}],"about":[{"href":"https:\/\/upgrade.valenciaandgo.com\/it\/wp-json\/wp\/v2\/types\/post"}],"author":[{"embeddable":true,"href":"https:\/\/upgrade.valenciaandgo.com\/it\/wp-json\/wp\/v2\/users\/1"}],"replies":[{"embeddable":true,"href":"https:\/\/upgrade.valenciaandgo.com\/it\/wp-json\/wp\/v2\/comments?post=469"}],"version-history":[{"count":0,"href":"https:\/\/upgrade.valenciaandgo.com\/it\/wp-json\/wp\/v2\/posts\/469\/revisions"}],"wp:featuredmedia":[{"embeddable":true,"href":"https:\/\/upgrade.valenciaandgo.com\/it\/wp-json\/wp\/v2\/media\/709"}],"wp:attachment":[{"href":"https:\/\/upgrade.valenciaandgo.com\/it\/wp-json\/wp\/v2\/media?parent=469"}],"wp:term":[{"taxonomy":"category","embeddable":true,"href":"https:\/\/upgrade.valenciaandgo.com\/it\/wp-json\/wp\/v2\/categories?post=469"},{"taxonomy":"post_tag","embeddable":true,"href":"https:\/\/upgrade.valenciaandgo.com\/it\/wp-json\/wp\/v2\/tags?post=469"}],"curies":[{"name":"wp","href":"https:\/\/api.w.org\/{rel}","templated":true}]}}