{"id":434,"date":"2019-03-05T12:27:00","date_gmt":"2019-03-05T12:27:00","guid":{"rendered":"https:\/\/new.valenciaandgo.com\/?p=434"},"modified":"2026-03-14T13:01:27","modified_gmt":"2026-03-14T13:01:27","slug":"i-fallimenti","status":"publish","type":"post","link":"https:\/\/upgrade.valenciaandgo.com\/it\/las-fallas\/","title":{"rendered":"Las Fallas"},"content":{"rendered":"<div data-elementor-type=\"wp-post\" data-elementor-id=\"434\" class=\"elementor elementor-434\" data-elementor-post-type=\"post\">\n\t\t\t\t<div class=\"elementor-element elementor-element-603b09be e-flex e-con-boxed e-con e-parent\" data-id=\"603b09be\" data-element_type=\"container\" data-e-type=\"container\">\n\t\t\t\t\t<div class=\"e-con-inner\">\n\t\t<div class=\"elementor-element elementor-element-3a851dc9 e-con-full e-flex e-con e-child\" data-id=\"3a851dc9\" data-element_type=\"container\" data-e-type=\"container\">\n\t\t\t\t<div class=\"elementor-element elementor-element-2332f63e elementor-widget elementor-widget-text-editor\" data-id=\"2332f63e\" data-element_type=\"widget\" data-e-type=\"widget\" data-widget_type=\"text-editor.default\">\n\t\t\t\t\t\t\t\t\t\n<p>Abbiamo appena lanciato il nostro nuovo sito web e non avremmo potuto scegliere un tema migliore di quello che abbiamo al centro del mese di\u00a0<strong>Marzo<\/strong>.<\/p>\n<p>In questo post vi lasciamo il calendario degli eventi Fallas (qui sotto).<\/p>\n\t\t\t\t\t\t\t\t<\/div>\n\t\t\t\t<\/div>\n\t\t<div class=\"elementor-element elementor-element-5d5b7e87 e-con-full e-flex e-con e-child\" data-id=\"5d5b7e87\" data-element_type=\"container\" data-e-type=\"container\">\n\t\t<div class=\"elementor-element elementor-element-6e849c55 e-con-full e-flex e-con e-child\" data-id=\"6e849c55\" data-element_type=\"container\" data-e-type=\"container\">\n\t\t\t\t<div class=\"elementor-element elementor-element-fac5075 elementor-widget elementor-widget-heading\" data-id=\"fac5075\" data-element_type=\"widget\" data-e-type=\"widget\" data-widget_type=\"heading.default\">\n\t\t\t\t\t<h2 class=\"elementor-heading-title elementor-size-default\">Casa<\/h2>\t\t\t\t<\/div>\n\t\t\t\t<\/div>\n\t\t<div class=\"elementor-element elementor-element-b49fcdb e-con-full e-flex e-con e-child\" data-id=\"b49fcdb\" data-element_type=\"container\" data-e-type=\"container\">\n\t\t\t\t<div class=\"elementor-element elementor-element-74b2a2e1 elementor-widget elementor-widget-text-editor\" data-id=\"74b2a2e1\" data-element_type=\"widget\" data-e-type=\"widget\" data-widget_type=\"text-editor.default\">\n\t\t\t\t\t\t\t\t\t<p><strong>I fallimenti<\/strong>\u00a0iniziano l'ultima domenica di febbraio, con la proclamazione a partire da\u00a0<strong>Torri di Serranos<\/strong>, Questa proclamazione \u00e8 nota come\u00a0<strong><em>crida<\/em><\/strong>, tutti i falleros e le falleras (e i valencianos e le valencianas!) si riuniscono per iniziare i festeggiamenti con un pomeriggio pieno di allegria.<\/p>\n<p><!-- \/wp:paragraph --><!-- wp:paragraph --><\/p>\n<p>Da questo momento iniziano i palpabili eventi di Fallas,\u00a0<strong><em>masclet\u00e1s\u00a0<\/em><\/strong>a mezzogiorno,\u00a0<em>masclet\u00e1s\u00a0<\/em>parate notturne, sfilate, bande musicali, parata del\u00a0<em>ninot<\/em>... e nella settimana di<strong>\u00a0Dal 15 al 19 febbraio \u00e8 l'apice dei festeggiamenti per le Fallas.<\/strong><\/p>\n<p><!-- \/wp:paragraph --><!-- wp:paragraph --><\/p>\n<p>La sera del 15 marzo, il\u00a0<em>pianta<\/em>\u00a0di tutti i fallimenti degli adulti.<\/p>\n<p><!-- \/wp:paragraph --><!-- wp:paragraph --><\/p>\n<p>A Valencia ci sono pi\u00f9 di 350 casales falleros, e ogni casal pianta 2 fallas, una per i bambini e una per la commissione di adulti, entrambe (e tutte, pi\u00f9 di 700) saranno bruciate la notte del 19 marzo, il giorno di\u00a0<strong>San Giuseppe, patrono dei falegnami.<\/strong><\/p>\n<p><!-- \/wp:paragraph --><!-- wp:paragraph --><\/p>\n<p>I festeggiamenti in quanto tali hanno iniziato a prendere forma nel 1920, ma la tradizione di accendere un fal\u00f2 risale a molto prima.<\/p>\n<p><!-- \/wp:paragraph --><!-- wp:paragraph --><\/p>\n<p>Nel 17\u00b0 secolo, le botteghe dei falegnami tiravano fuori le vecchie cianfrusaglie non pi\u00f9 utili e vi davano fuoco, un modo per lasciar andare il passato e iniziare un nuovo anno.<\/p>\n<p><!-- \/wp:paragraph --><!-- wp:paragraph --><\/p>\n<p><strong>Se volete saperne di pi\u00f9, conoscete tutti gli eventi che si svolgono in questo periodo, i significati di ogni cosa,<a href=\"https:\/\/valenciaandgo.com\/tours\/fallas-tour\/\">\u00a0non perdetevi il nostro Tour delle Fallas<\/a>, Entreremo anche attraverso una linea di faglia.<\/strong><\/p>\n<p><!-- \/wp:paragraph --><!-- wp:paragraph --><\/p>\n<p>Calendario degli eventi Fallas<\/p>\n<p><!-- \/wp:paragraph --><!-- wp:paragraph --><\/p>\n<p>VENERD\u00cc 15 MARZO<\/p>\n<p><!-- \/wp:paragraph --><!-- wp:list --><\/p>\n<ul class=\"wp-block-list\"><!-- wp:list-item -->\n<li>09:00 Plant\u00e1 di tutte le fallas dei bambini<\/li>\n<!-- \/wp:list-item --><!-- wp:list-item -->\n<li>14:00 Piazza del Municipio di Masclet\u00e1 (pirotecnica di Zarzoso)<\/li>\n<!-- \/wp:list-item --><!-- wp:list-item -->\n<li>17:00 Chiusura della mostra Ninot<\/li>\n<!-- \/wp:list-item --><!-- wp:list-item -->\n<li>17:30 Lettura del verdetto popolare e proclamazione del \u2018Ninot Indultat\u2019 2019.<\/li>\n<!-- \/wp:list-item --><!-- wp:list-item -->\n<li>17:45 Ritiro dei ninots indultats (tori incolti)<\/li>\n<!-- \/wp:list-item --><!-- wp:list-item -->\n<li>00:00 Spettacolo pirotecnico notturno (masclet\u00e1 di notte nella piazza del Municipio).<\/li>\n<!-- \/wp:list-item --><\/ul>\n<p><!-- \/wp:list --><!-- wp:paragraph --><\/p>\n<p>SABATO 16 MARZO<\/p>\n<p><!-- \/wp:paragraph --><!-- wp:list --><\/p>\n<ul class=\"wp-block-list\"><!-- wp:list-item -->\n<li>08:00 La Plant\u00e1 de todas las fallas (La pianta di tutte le fallas)<\/li>\n<!-- \/wp:list-item --><!-- wp:list-item -->\n<li>14:00 Piazza del Municipio di Masclet\u00e1 a cura della Pirotecnica Caballer<\/li>\n<!-- \/wp:list-item --><!-- wp:list-item -->\n<li>16:30 Distribuzione dei premi nella tribuna della Piazza del Municipio<\/li>\n<!-- \/wp:list-item --><!-- wp:list-item -->\n<li>Durante il pomeriggio verranno letti i premi per le fallas. Quelli della sezione speciale saranno annunciati a partire dalle ore 21:00.<\/li>\n<!-- \/wp:list-item --><!-- wp:list-item -->\n<li>00:00 Fuochi d'artificio nel Paseo de la Alameda (antico corso del fiume Turia)<\/li>\n<!-- \/wp:list-item --><\/ul>\n<p><!-- \/wp:list --><!-- wp:paragraph --><\/p>\n<p>DOMENICA 17 MARZO<\/p>\n<p><!-- \/wp:paragraph --><!-- wp:paragraph --><\/p>\n<p>09:00 Distribuzione dei premi vinti dalle fallas. Per sezioni.<\/p>\n<p><!-- \/wp:paragraph --><!-- wp:paragraph --><\/p>\n<p>14:00 Masclet\u00e1 in Piazza del Municipio<\/p>\n<p><!-- \/wp:paragraph --><!-- wp:paragraph --><\/p>\n<p>15:30 inizio dell'offerta di fiori alla Virgen Mar\u00eda de los Desamparados.<\/p>\n<p><!-- \/wp:paragraph --><!-- wp:paragraph --><\/p>\n<p>VIA SAN VICENTE<\/p>\n<p><!-- \/wp:paragraph --><!-- wp:list --><\/p>\n<ul class=\"wp-block-list\"><!-- wp:list-item -->\n<li>15:30: Quart de Poblet - Xirivella<\/li>\n<!-- \/wp:list-item --><!-- wp:list-item -->\n<li>17:00: Ges\u00f9<\/li>\n<!-- \/wp:list-item --><!-- wp:list-item -->\n<li>18:15: Mislata<\/li>\n<!-- \/wp:list-item --><!-- wp:list-item -->\n<li>19:30: Creu Coberta<\/li>\n<!-- \/wp:list-item --><!-- wp:list-item -->\n<li>20:45: Pilar - Sant Francesc<\/li>\n<!-- \/wp:list-item --><!-- wp:list-item -->\n<li>21:45: Patraix<\/li>\n<!-- \/wp:list-item --><!-- wp:list-item -->\n<li>23:00: La Seu - El Mercat<\/li>\n<!-- \/wp:list-item --><!-- wp:list-item -->\n<li>23:30: Botanico - La Petxina<\/li>\n<!-- \/wp:list-item --><!-- wp:list-item -->\n<li>00:30: Case regionali<\/li>\n<!-- \/wp:list-item --><!-- wp:list-item -->\n<li>00:40: Incontri locali<\/li>\n<!-- \/wp:list-item --><!-- wp:list-item -->\n<li>00:50: Falla Jos\u00e9 M\u00aa Bayarri - Los Isidros<\/li>\n<!-- \/wp:list-item --><!-- wp:list-item -->\n<li>00:55: Fallera mayor infantil de Val\u00e8ncia e Corte d'Onore<\/li>\n<!-- \/wp:list-item --><\/ul>\n<p><!-- \/wp:list --><!-- wp:paragraph --><\/p>\n<p>VIA DELLA PACE<\/p>\n<p><!-- \/wp:paragraph --><!-- wp:list --><\/p>\n<ul class=\"wp-block-list\"><!-- wp:list-item -->\n<li>15:30: Camins al Grau<\/li>\n<!-- \/wp:list-item --><!-- wp:list-item -->\n<li>17:15: Russafa A<\/li>\n<!-- \/wp:list-item --><!-- wp:list-item -->\n<li>18:15: Russafa B<\/li>\n<!-- \/wp:list-item --><!-- wp:list-item -->\n<li>19:00: Pla del Reial - Benimaclet<\/li>\n<!-- \/wp:list-item --><!-- wp:list-item -->\n<li>20:45: Canyamelar - Grao - Nazaret<\/li>\n<!-- \/wp:list-item --><!-- wp:list-item -->\n<li>21:45: La Xerea<\/li>\n<!-- \/wp:list-item --><!-- wp:list-item -->\n<li>22:15: Rascanya<\/li>\n<!-- \/wp:list-item --><\/ul>\n<p><!-- \/wp:list --><!-- wp:paragraph --><\/p>\n<p>01:00 h. Spettacolo pirotecnico sul lungomare Alameda.<\/p>\n<p><!-- \/wp:paragraph --><!-- wp:paragraph --><\/p>\n<p>LUNED\u00cc 18 MARZO<\/p>\n<p><!-- \/wp:paragraph --><!-- wp:paragraph --><\/p>\n<p>Ore 10:30 Omaggio al poeta Maximili\u00e0 Thous, all'incrocio delle strade di\u00a0<em>Sagunto e Maximil\u00e0 Thous.<\/em><\/p>\n<p><!-- \/wp:paragraph --><!-- wp:paragraph --><\/p>\n<p>12:00 Omaggio al Maestro Serrano, Avenida Reino de Valencia<\/p>\n<p><!-- \/wp:paragraph --><!-- wp:paragraph --><\/p>\n<p>14:00 Mascleta (Pirotecnica Valenciana)<\/p>\n<p><!-- \/wp:paragraph --><!-- wp:paragraph --><\/p>\n<p>15:30 continua l'offerta di fiori<\/p>\n<p><!-- \/wp:paragraph --><!-- wp:paragraph --><\/p>\n<p>VIA SAN VICENTE<\/p>\n<p><!-- \/wp:paragraph --><!-- wp:list --><\/p>\n<ul class=\"wp-block-list\"><!-- wp:list-item -->\n<li>15:30: Benicalap<\/li>\n<!-- \/wp:list-item --><!-- wp:list-item -->\n<li>16:45: Campanar<\/li>\n<!-- \/wp:list-item --><!-- wp:list-item -->\n<li>17:45: La Roqueta - Arrancapins<\/li>\n<!-- \/wp:list-item --><!-- wp:list-item -->\n<li>19:15: Olivereta<\/li>\n<!-- \/wp:list-item --><!-- wp:list-item -->\n<li>21:00: La Sa\u00efdia<\/li>\n<!-- \/wp:list-item --><!-- wp:list-item -->\n<li>22:30: El Carme<\/li>\n<!-- \/wp:list-item --><!-- wp:list-item -->\n<li>23:15: Case regionali e organizzazioni invitate<\/li>\n<!-- \/wp:list-item --><!-- wp:list-item -->\n<li>00:45: Falla Barrio de San Jos\u00e9<\/li>\n<!-- \/wp:list-item --><!-- wp:list-item -->\n<li>00:55: Fallera sindaco di Val\u00e8ncia e corte d'onore<\/li>\n<!-- \/wp:list-item --><\/ul>\n<p><!-- \/wp:list --><!-- wp:paragraph --><\/p>\n<p>VIA DELLA PACE<\/p>\n<p><!-- \/wp:paragraph --><!-- wp:list --><\/p>\n<ul class=\"wp-block-list\"><!-- wp:list-item -->\n<li>15:30: Quatre Carreres<\/li>\n<!-- \/wp:list-item --><!-- wp:list-item -->\n<li>17:00: Pla del Remei - Gran Via<\/li>\n<!-- \/wp:list-item --><!-- wp:list-item -->\n<li>18:15: Benimamet- Burjassot - Beniferri<\/li>\n<!-- \/wp:list-item --><!-- wp:list-item -->\n<li>20:00: Malvarrosa - Cabanyal - Beter\u00f3<\/li>\n<!-- \/wp:list-item --><!-- wp:list-item -->\n<li>21:15: Algiros<\/li>\n<!-- \/wp:list-item --><!-- wp:list-item -->\n<li>22:15: Poblats Al Sud<\/li>\n<!-- \/wp:list-item --><\/ul>\n<p><!-- \/wp:list --><!-- wp:paragraph --><\/p>\n<p>01:30 Nit de Foc al Paseo de la Alameda, nell'antico alveo del Turia (Pirotecnica Ricasa - Ricardo Caballer)<\/p>\n<p><!-- \/wp:paragraph --><!-- wp:paragraph --><\/p>\n<p>DOMENICA 17 MARZO<\/p>\n<p><!-- \/wp:paragraph --><!-- wp:paragraph --><\/p>\n<p>Ultimo giorno delle fallas e della nit de la crem\u00e0 (notte di fuoco)<\/p>\n<p><!-- \/wp:paragraph --><!-- wp:list --><\/p>\n<ul class=\"wp-block-list\"><!-- wp:list-item -->\n<li>11:00. Sul ponte di San Jos\u00e9, le Falleras Mayores di Valencia e le loro Cortes de Honor faranno un'offerta di fiori davanti all'immagine del patriarca con la collaborazione speciale del Falla Doctor Ol\u00f3riz-Arzobispo Fabi\u00e1n y Fuero. Al termine dell'atto, masclet\u00e0.<\/li>\n<!-- \/wp:list-item --><!-- wp:list-item -->\n<li>12:00. Messa in onore di San Giuseppe nella Seu de Valencia, officiata dall'Arcivescovo di Valencia, Monsignor Antonio Ca\u00f1izares, offerta dalla Junta Central Fallera e dalla Corporazione dei Falegnami, con la presenza delle Falleras Mayores de Valencia e dei loro Tribunali d'Onore.<\/li>\n<!-- \/wp:list-item --><!-- wp:list-item -->\n<li>14:00 Ultima masclet\u00e1 nella piazza del Municipio da parte del famoso Ricardo Caballer.<\/li>\n<!-- \/wp:list-item --><!-- wp:list-item -->\n<li>19:00 Sfilata di fal\u00f2 lungo Calle Col\u00f3n, da Calle Ruzafa a Plaza de la Puerta de la Mar.<\/li>\n<!-- \/wp:list-item --><!-- wp:list-item -->\n<li>22:00\u00a0<em>crem\u00e1\u00a0<\/em>delle falle dei bambini.<\/li>\n<!-- \/wp:list-item --><!-- wp:list-item -->\n<li>22:30\u00a0<em>crem\u00e1<\/em>\u00a0della falla per bambini che ha vinto il primo premio.<\/li>\n<!-- \/wp:list-item --><!-- wp:list-item -->\n<li>23:00\u00a0<em>crem\u00e1<\/em>\u00a0della falla per bambini del municipio.<\/li>\n<!-- \/wp:list-item --><!-- wp:list-item -->\n<li>00:00 crem\u00e1 di tutte le fallas-.<\/li>\n<!-- \/wp:list-item --><!-- wp:list-item -->\n<li>00:30\u00a0<em>c<\/em><em>rem\u00e0<\/em>\u00a0della falla che ha vinto il primo premio della sezione speciale<\/li>\n<!-- \/wp:list-item --><!-- wp:list-item -->\n<li>01:00 Fuochi d'artificio aerei in piazza del Municipio e\u00a0<em>crem\u00e0<\/em>\u00a0del fallimento comunale.<\/li>\n<\/ul>\t\t\t\t\t\t\t\t<\/div>\n\t\t\t\t<\/div>\n\t\t\t\t<\/div>\n\t\t<div class=\"elementor-element elementor-element-3f01eff e-con-full e-flex e-con e-child\" data-id=\"3f01eff\" data-element_type=\"container\" data-e-type=\"container\">\n\t\t<div class=\"elementor-element elementor-element-8e67ba7 e-con-full e-flex e-con e-child\" data-id=\"8e67ba7\" data-element_type=\"container\" data-e-type=\"container\">\n\t\t\t\t<div class=\"elementor-element elementor-element-7370a58 elementor-widget elementor-widget-heading\" data-id=\"7370a58\" data-element_type=\"widget\" data-e-type=\"widget\" data-widget_type=\"heading.default\">\n\t\t\t\t\t<h2 class=\"elementor-heading-title elementor-size-default\">Fine dei festeggiamenti<\/h2>\t\t\t\t<\/div>\n\t\t\t\t<\/div>\n\t\t<div class=\"elementor-element elementor-element-e433283 e-con-full e-flex e-con e-child\" data-id=\"e433283\" data-element_type=\"container\" data-e-type=\"container\">\n\t\t\t\t<div class=\"elementor-element elementor-element-303cc94 elementor-widget elementor-widget-text-editor\" data-id=\"303cc94\" data-element_type=\"widget\" data-e-type=\"widget\" data-widget_type=\"text-editor.default\">\n\t\t\t\t\t\t\t\t\t<p><strong>Ci auguriamo che vi piacciano, perch\u00e9 sono unici, per tutti e dell'UNESCO.<\/strong><\/p>\t\t\t\t\t\t\t\t<\/div>\n\t\t\t\t<\/div>\n\t\t\t\t<\/div>\n\t\t\t\t\t<\/div>\n\t\t\t\t<\/div>\n\t\t\t\t<\/div>","protected":false},"excerpt":{"rendered":"<p>Reci\u00e9n estrenamos p\u00e1gina web y no podemos escoger un mejor tema que el que tenemos en pleno mes de\u00a0marzo. En esta entrada os dejamos el calendario de eventos falleros (m\u00e1s abajo). Inicio Las fallas\u00a0comienzan el \u00faltimo domingo de febrero, haciendo el preg\u00f3n desde las\u00a0Torres de Serranos, este preg\u00f3n se le conoce como la\u00a0crid\u00e1, todos los [&hellip;]<\/p>\n","protected":false},"author":1,"featured_media":722,"comment_status":"closed","ping_status":"closed","sticky":false,"template":"","format":"standard","meta":{"_acf_changed":false,"footnotes":""},"categories":[22],"tags":[],"class_list":["post-434","post","type-post","status-publish","format-standard","has-post-thumbnail","hentry","category-cultura-tradiciones"],"acf":[],"yoast_head":"<!-- This site is optimized with the Yoast SEO plugin v27.5 - https:\/\/yoast.com\/product\/yoast-seo-wordpress\/ -->\n<title>Las Fallas - Valencia&amp;Go<\/title>\n<meta name=\"description\" content=\"Las Fallas son una celebraci\u00f3n \u00fanica y original de Valencia basada en los petardos, los fuegos artificiales y la libertad de expresi\u00f3n hecha arte.\" \/>\n<meta name=\"robots\" content=\"noindex, follow, max-snippet:-1, max-image-preview:large, max-video-preview:-1\" \/>\n<meta property=\"og:locale\" content=\"it_IT\" \/>\n<meta property=\"og:type\" content=\"article\" \/>\n<meta property=\"og:title\" content=\"Las Fallas - Valencia&amp;Go\" \/>\n<meta property=\"og:description\" content=\"Las Fallas son una celebraci\u00f3n \u00fanica y original de Valencia basada en los petardos, los fuegos artificiales y la libertad de expresi\u00f3n hecha arte.\" \/>\n<meta property=\"og:url\" content=\"https:\/\/upgrade.valenciaandgo.com\/it\/i-fallimenti\/\" \/>\n<meta property=\"og:site_name\" content=\"Valencia&amp;Go\" \/>\n<meta property=\"article:publisher\" content=\"https:\/\/www.facebook.com\/valenciaandgo\/\" \/>\n<meta property=\"article:published_time\" content=\"2019-03-05T12:27:00+00:00\" \/>\n<meta property=\"article:modified_time\" content=\"2026-03-14T13:01:27+00:00\" \/>\n<meta property=\"og:image\" content=\"https:\/\/upgrade.valenciaandgo.com\/wp-content\/uploads\/2025\/11\/img-blog-fallas.webp\" \/>\n\t<meta property=\"og:image:width\" content=\"1170\" \/>\n\t<meta property=\"og:image:height\" content=\"783\" \/>\n\t<meta property=\"og:image:type\" content=\"image\/webp\" \/>\n<meta name=\"author\" content=\"Valencia &amp; Go\" \/>\n<meta name=\"twitter:card\" content=\"summary_large_image\" \/>\n<meta name=\"twitter:label1\" content=\"Scritto da\" \/>\n\t<meta name=\"twitter:data1\" content=\"Valencia &amp; Go\" \/>\n\t<meta name=\"twitter:label2\" content=\"Tempo di lettura stimato\" \/>\n\t<meta name=\"twitter:data2\" content=\"5 minuti\" \/>\n<script type=\"application\/ld+json\" class=\"yoast-schema-graph\">{\"@context\":\"https:\\\/\\\/schema.org\",\"@graph\":[{\"@type\":\"Article\",\"@id\":\"https:\\\/\\\/upgrade.valenciaandgo.com\\\/las-fallas\\\/#article\",\"isPartOf\":{\"@id\":\"https:\\\/\\\/upgrade.valenciaandgo.com\\\/las-fallas\\\/\"},\"author\":{\"name\":\"Valencia &amp; Go\",\"@id\":\"https:\\\/\\\/upgrade.valenciaandgo.com\\\/it\\\/#\\\/schema\\\/person\\\/ca673553802eb937b57af07a6ce74908\"},\"headline\":\"Las Fallas\",\"datePublished\":\"2019-03-05T12:27:00+00:00\",\"dateModified\":\"2026-03-14T13:01:27+00:00\",\"mainEntityOfPage\":{\"@id\":\"https:\\\/\\\/upgrade.valenciaandgo.com\\\/las-fallas\\\/\"},\"wordCount\":875,\"publisher\":{\"@id\":\"https:\\\/\\\/upgrade.valenciaandgo.com\\\/it\\\/#organization\"},\"image\":{\"@id\":\"https:\\\/\\\/upgrade.valenciaandgo.com\\\/las-fallas\\\/#primaryimage\"},\"thumbnailUrl\":\"https:\\\/\\\/upgrade.valenciaandgo.com\\\/wp-content\\\/uploads\\\/2025\\\/11\\\/img-blog-fallas.webp\",\"articleSection\":[\"Cultura y tradiciones\"],\"inLanguage\":\"it-IT\"},{\"@type\":\"WebPage\",\"@id\":\"https:\\\/\\\/upgrade.valenciaandgo.com\\\/las-fallas\\\/\",\"url\":\"https:\\\/\\\/upgrade.valenciaandgo.com\\\/las-fallas\\\/\",\"name\":\"Las Fallas - Valencia&amp;Go\",\"isPartOf\":{\"@id\":\"https:\\\/\\\/upgrade.valenciaandgo.com\\\/it\\\/#website\"},\"primaryImageOfPage\":{\"@id\":\"https:\\\/\\\/upgrade.valenciaandgo.com\\\/las-fallas\\\/#primaryimage\"},\"image\":{\"@id\":\"https:\\\/\\\/upgrade.valenciaandgo.com\\\/las-fallas\\\/#primaryimage\"},\"thumbnailUrl\":\"https:\\\/\\\/upgrade.valenciaandgo.com\\\/wp-content\\\/uploads\\\/2025\\\/11\\\/img-blog-fallas.webp\",\"datePublished\":\"2019-03-05T12:27:00+00:00\",\"dateModified\":\"2026-03-14T13:01:27+00:00\",\"description\":\"Las Fallas son una celebraci\u00f3n \u00fanica y original de Valencia basada en los petardos, los fuegos artificiales y la libertad de expresi\u00f3n hecha arte.\",\"breadcrumb\":{\"@id\":\"https:\\\/\\\/upgrade.valenciaandgo.com\\\/las-fallas\\\/#breadcrumb\"},\"inLanguage\":\"it-IT\",\"potentialAction\":[{\"@type\":\"ReadAction\",\"target\":[\"https:\\\/\\\/upgrade.valenciaandgo.com\\\/las-fallas\\\/\"]}]},{\"@type\":\"ImageObject\",\"inLanguage\":\"it-IT\",\"@id\":\"https:\\\/\\\/upgrade.valenciaandgo.com\\\/las-fallas\\\/#primaryimage\",\"url\":\"https:\\\/\\\/upgrade.valenciaandgo.com\\\/wp-content\\\/uploads\\\/2025\\\/11\\\/img-blog-fallas.webp\",\"contentUrl\":\"https:\\\/\\\/upgrade.valenciaandgo.com\\\/wp-content\\\/uploads\\\/2025\\\/11\\\/img-blog-fallas.webp\",\"width\":1170,\"height\":783},{\"@type\":\"BreadcrumbList\",\"@id\":\"https:\\\/\\\/upgrade.valenciaandgo.com\\\/las-fallas\\\/#breadcrumb\",\"itemListElement\":[{\"@type\":\"ListItem\",\"position\":1,\"name\":\"Portada\",\"item\":\"https:\\\/\\\/upgrade.valenciaandgo.com\\\/\"},{\"@type\":\"ListItem\",\"position\":2,\"name\":\"Las Fallas\"}]},{\"@type\":\"WebSite\",\"@id\":\"https:\\\/\\\/upgrade.valenciaandgo.com\\\/it\\\/#website\",\"url\":\"https:\\\/\\\/upgrade.valenciaandgo.com\\\/it\\\/\",\"name\":\"Valencia&Go\",\"description\":\"Tours por Valencia y alrededores de ciudad.\",\"publisher\":{\"@id\":\"https:\\\/\\\/upgrade.valenciaandgo.com\\\/it\\\/#organization\"},\"potentialAction\":[{\"@type\":\"SearchAction\",\"target\":{\"@type\":\"EntryPoint\",\"urlTemplate\":\"https:\\\/\\\/upgrade.valenciaandgo.com\\\/it\\\/?s={search_term_string}\"},\"query-input\":{\"@type\":\"PropertyValueSpecification\",\"valueRequired\":true,\"valueName\":\"search_term_string\"}}],\"inLanguage\":\"it-IT\"},{\"@type\":\"Organization\",\"@id\":\"https:\\\/\\\/upgrade.valenciaandgo.com\\\/it\\\/#organization\",\"name\":\"Valencia&Go\",\"url\":\"https:\\\/\\\/upgrade.valenciaandgo.com\\\/it\\\/\",\"logo\":{\"@type\":\"ImageObject\",\"inLanguage\":\"it-IT\",\"@id\":\"https:\\\/\\\/upgrade.valenciaandgo.com\\\/it\\\/#\\\/schema\\\/logo\\\/image\\\/\",\"url\":\"https:\\\/\\\/upgrade.valenciaandgo.com\\\/wp-content\\\/uploads\\\/2025\\\/10\\\/valencia_go-svg-blnc-iso-naranja.svg\",\"contentUrl\":\"https:\\\/\\\/upgrade.valenciaandgo.com\\\/wp-content\\\/uploads\\\/2025\\\/10\\\/valencia_go-svg-blnc-iso-naranja.svg\",\"width\":434,\"height\":102,\"caption\":\"Valencia&Go\"},\"image\":{\"@id\":\"https:\\\/\\\/upgrade.valenciaandgo.com\\\/it\\\/#\\\/schema\\\/logo\\\/image\\\/\"},\"sameAs\":[\"https:\\\/\\\/www.facebook.com\\\/valenciaandgo\\\/\",\"https:\\\/\\\/www.instagram.com\\\/valenciaandgo\",\"https:\\\/\\\/www.linkedin.com\\\/company\\\/valencia-go\\\/\",\"https:\\\/\\\/www.tiktok.com\\\/@valenciaandgo\"]},{\"@type\":\"Person\",\"@id\":\"https:\\\/\\\/upgrade.valenciaandgo.com\\\/it\\\/#\\\/schema\\\/person\\\/ca673553802eb937b57af07a6ce74908\",\"name\":\"Valencia &amp; Go\",\"sameAs\":[\"https:\\\/\\\/valenciaandgo.com\"],\"url\":\"https:\\\/\\\/upgrade.valenciaandgo.com\\\/it\\\/author\\\/valencia\\\/\"}]}<\/script>\n<!-- \/ Yoast SEO plugin. -->","yoast_head_json":{"title":"Las Fallas - Valencia&amp;Go","description":"Las Fallas \u00e8 una celebrazione unica e originale a Valencia basata su petardi, fuochi d'artificio e libert\u00e0 di espressione fatta arte.","robots":{"index":"noindex","follow":"follow","max-snippet":"max-snippet:-1","max-image-preview":"max-image-preview:large","max-video-preview":"max-video-preview:-1"},"og_locale":"it_IT","og_type":"article","og_title":"Las Fallas - Valencia&amp;Go","og_description":"Las Fallas son una celebraci\u00f3n \u00fanica y original de Valencia basada en los petardos, los fuegos artificiales y la libertad de expresi\u00f3n hecha arte.","og_url":"https:\/\/upgrade.valenciaandgo.com\/it\/i-fallimenti\/","og_site_name":"Valencia&amp;Go","article_publisher":"https:\/\/www.facebook.com\/valenciaandgo\/","article_published_time":"2019-03-05T12:27:00+00:00","article_modified_time":"2026-03-14T13:01:27+00:00","og_image":[{"width":1170,"height":783,"url":"https:\/\/upgrade.valenciaandgo.com\/wp-content\/uploads\/2025\/11\/img-blog-fallas.webp","type":"image\/webp"}],"author":"Valencia &amp; Go","twitter_card":"summary_large_image","twitter_misc":{"Scritto da":"Valencia &amp; Go","Tempo di lettura stimato":"5 minuti"},"schema":{"@context":"https:\/\/schema.org","@graph":[{"@type":"Article","@id":"https:\/\/upgrade.valenciaandgo.com\/las-fallas\/#article","isPartOf":{"@id":"https:\/\/upgrade.valenciaandgo.com\/las-fallas\/"},"author":{"name":"Valencia &amp; Go","@id":"https:\/\/upgrade.valenciaandgo.com\/it\/#\/schema\/person\/ca673553802eb937b57af07a6ce74908"},"headline":"Las Fallas","datePublished":"2019-03-05T12:27:00+00:00","dateModified":"2026-03-14T13:01:27+00:00","mainEntityOfPage":{"@id":"https:\/\/upgrade.valenciaandgo.com\/las-fallas\/"},"wordCount":875,"publisher":{"@id":"https:\/\/upgrade.valenciaandgo.com\/it\/#organization"},"image":{"@id":"https:\/\/upgrade.valenciaandgo.com\/las-fallas\/#primaryimage"},"thumbnailUrl":"https:\/\/upgrade.valenciaandgo.com\/wp-content\/uploads\/2025\/11\/img-blog-fallas.webp","articleSection":["Cultura y tradiciones"],"inLanguage":"it-IT"},{"@type":"WebPage","@id":"https:\/\/upgrade.valenciaandgo.com\/las-fallas\/","url":"https:\/\/upgrade.valenciaandgo.com\/las-fallas\/","name":"Las Fallas - Valencia&amp;Go","isPartOf":{"@id":"https:\/\/upgrade.valenciaandgo.com\/it\/#website"},"primaryImageOfPage":{"@id":"https:\/\/upgrade.valenciaandgo.com\/las-fallas\/#primaryimage"},"image":{"@id":"https:\/\/upgrade.valenciaandgo.com\/las-fallas\/#primaryimage"},"thumbnailUrl":"https:\/\/upgrade.valenciaandgo.com\/wp-content\/uploads\/2025\/11\/img-blog-fallas.webp","datePublished":"2019-03-05T12:27:00+00:00","dateModified":"2026-03-14T13:01:27+00:00","description":"Las Fallas \u00e8 una celebrazione unica e originale a Valencia basata su petardi, fuochi d'artificio e libert\u00e0 di espressione fatta arte.","breadcrumb":{"@id":"https:\/\/upgrade.valenciaandgo.com\/las-fallas\/#breadcrumb"},"inLanguage":"it-IT","potentialAction":[{"@type":"ReadAction","target":["https:\/\/upgrade.valenciaandgo.com\/las-fallas\/"]}]},{"@type":"ImageObject","inLanguage":"it-IT","@id":"https:\/\/upgrade.valenciaandgo.com\/las-fallas\/#primaryimage","url":"https:\/\/upgrade.valenciaandgo.com\/wp-content\/uploads\/2025\/11\/img-blog-fallas.webp","contentUrl":"https:\/\/upgrade.valenciaandgo.com\/wp-content\/uploads\/2025\/11\/img-blog-fallas.webp","width":1170,"height":783},{"@type":"BreadcrumbList","@id":"https:\/\/upgrade.valenciaandgo.com\/las-fallas\/#breadcrumb","itemListElement":[{"@type":"ListItem","position":1,"name":"Portada","item":"https:\/\/upgrade.valenciaandgo.com\/"},{"@type":"ListItem","position":2,"name":"Las Fallas"}]},{"@type":"WebSite","@id":"https:\/\/upgrade.valenciaandgo.com\/it\/#website","url":"https:\/\/upgrade.valenciaandgo.com\/it\/","name":"Valencia&amp;Go","description":"Tour di Valencia e dintorni.","publisher":{"@id":"https:\/\/upgrade.valenciaandgo.com\/it\/#organization"},"potentialAction":[{"@type":"SearchAction","target":{"@type":"EntryPoint","urlTemplate":"https:\/\/upgrade.valenciaandgo.com\/it\/?s={search_term_string}"},"query-input":{"@type":"PropertyValueSpecification","valueRequired":true,"valueName":"search_term_string"}}],"inLanguage":"it-IT"},{"@type":"Organization","@id":"https:\/\/upgrade.valenciaandgo.com\/it\/#organization","name":"Valencia&amp;Go","url":"https:\/\/upgrade.valenciaandgo.com\/it\/","logo":{"@type":"ImageObject","inLanguage":"it-IT","@id":"https:\/\/upgrade.valenciaandgo.com\/it\/#\/schema\/logo\/image\/","url":"https:\/\/upgrade.valenciaandgo.com\/wp-content\/uploads\/2025\/10\/valencia_go-svg-blnc-iso-naranja.svg","contentUrl":"https:\/\/upgrade.valenciaandgo.com\/wp-content\/uploads\/2025\/10\/valencia_go-svg-blnc-iso-naranja.svg","width":434,"height":102,"caption":"Valencia&Go"},"image":{"@id":"https:\/\/upgrade.valenciaandgo.com\/it\/#\/schema\/logo\/image\/"},"sameAs":["https:\/\/www.facebook.com\/valenciaandgo\/","https:\/\/www.instagram.com\/valenciaandgo","https:\/\/www.linkedin.com\/company\/valencia-go\/","https:\/\/www.tiktok.com\/@valenciaandgo"]},{"@type":"Person","@id":"https:\/\/upgrade.valenciaandgo.com\/it\/#\/schema\/person\/ca673553802eb937b57af07a6ce74908","name":"Valencia &amp; Go","sameAs":["https:\/\/valenciaandgo.com"],"url":"https:\/\/upgrade.valenciaandgo.com\/it\/author\/valencia\/"}]}},"_links":{"self":[{"href":"https:\/\/upgrade.valenciaandgo.com\/it\/wp-json\/wp\/v2\/posts\/434","targetHints":{"allow":["GET"]}}],"collection":[{"href":"https:\/\/upgrade.valenciaandgo.com\/it\/wp-json\/wp\/v2\/posts"}],"about":[{"href":"https:\/\/upgrade.valenciaandgo.com\/it\/wp-json\/wp\/v2\/types\/post"}],"author":[{"embeddable":true,"href":"https:\/\/upgrade.valenciaandgo.com\/it\/wp-json\/wp\/v2\/users\/1"}],"replies":[{"embeddable":true,"href":"https:\/\/upgrade.valenciaandgo.com\/it\/wp-json\/wp\/v2\/comments?post=434"}],"version-history":[{"count":0,"href":"https:\/\/upgrade.valenciaandgo.com\/it\/wp-json\/wp\/v2\/posts\/434\/revisions"}],"wp:featuredmedia":[{"embeddable":true,"href":"https:\/\/upgrade.valenciaandgo.com\/it\/wp-json\/wp\/v2\/media\/722"}],"wp:attachment":[{"href":"https:\/\/upgrade.valenciaandgo.com\/it\/wp-json\/wp\/v2\/media?parent=434"}],"wp:term":[{"taxonomy":"category","embeddable":true,"href":"https:\/\/upgrade.valenciaandgo.com\/it\/wp-json\/wp\/v2\/categories?post=434"},{"taxonomy":"post_tag","embeddable":true,"href":"https:\/\/upgrade.valenciaandgo.com\/it\/wp-json\/wp\/v2\/tags?post=434"}],"curies":[{"name":"wp","href":"https:\/\/api.w.org\/{rel}","templated":true}]}}