{"id":571,"date":"2025-10-03T13:39:00","date_gmt":"2025-10-03T13:39:00","guid":{"rendered":"https:\/\/new.valenciaandgo.com\/?p=571"},"modified":"2026-03-14T13:01:26","modified_gmt":"2026-03-14T13:01:26","slug":"rues-orangers-valencia","status":"publish","type":"post","link":"https:\/\/upgrade.valenciaandgo.com\/fr\/calles-naranjos-valencia\/","title":{"rendered":"Pourquoi ne pouvez-vous pas manger les oranges de rue de Valence ?"},"content":{"rendered":"<div data-elementor-type=\"wp-post\" data-elementor-id=\"571\" class=\"elementor elementor-571\" data-elementor-post-type=\"post\">\n\t\t\t\t<div class=\"elementor-element elementor-element-e696fc3 e-flex e-con-boxed e-con e-parent\" data-id=\"e696fc3\" data-element_type=\"container\" data-e-type=\"container\">\n\t\t\t\t\t<div class=\"e-con-inner\">\n\t\t<div class=\"elementor-element elementor-element-bbe7226 e-con-full e-flex e-con e-child\" data-id=\"bbe7226\" data-element_type=\"container\" data-e-type=\"container\">\n\t\t\t\t<div class=\"elementor-element elementor-element-98d35e9 elementor-widget elementor-widget-text-editor\" data-id=\"98d35e9\" data-element_type=\"widget\" data-e-type=\"widget\" data-widget_type=\"text-editor.default\">\n\t\t\t\t\t\t\t\t\t\n<p>Lorsque vous vous promenez dans les rues pittoresques de Valence, surtout en automne, l'une des premi\u00e8res choses qui attire votre regard (et votre nez) est la <strong>des arbres d'un orange \u00e9clatant<\/strong> Ils bordent les boulevards, les places et les coins historiques. Mais vous \u00eates-vous d\u00e9j\u00e0 demand\u00e9 pourquoi ils sont l\u00e0, si les oranges sont des produits de luxe ? <strong>\u00e9picerie <\/strong>et que repr\u00e9sentent-ils vraiment ?<br \/>Parlons de l'histoire des oranges de rue embl\u00e9matiques de Valence, un symbole de la ville qui cache plus que vous ne l'imaginez derri\u00e8re son ar\u00f4me sucr\u00e9.<\/p>\n\t\t\t\t\t\t\t\t<\/div>\n\t\t\t\t<\/div>\n\t\t<div class=\"elementor-element elementor-element-a6e469b e-con-full e-flex e-con e-child\" data-id=\"a6e469b\" data-element_type=\"container\" data-e-type=\"container\">\n\t\t<div class=\"elementor-element elementor-element-dcf411a e-con-full e-flex e-con e-child\" data-id=\"dcf411a\" data-element_type=\"container\" data-e-type=\"container\">\n\t\t\t\t<div class=\"elementor-element elementor-element-9af06dc elementor-widget elementor-widget-heading\" data-id=\"9af06dc\" data-element_type=\"widget\" data-e-type=\"widget\" data-widget_type=\"heading.default\">\n\t\t\t\t\t<h2 class=\"elementor-heading-title elementor-size-default\">Pourquoi y a-t-il des orangers \u00e0 Valence ?<\/h2>\t\t\t\t<\/div>\n\t\t\t\t<\/div>\n\t\t<div class=\"elementor-element elementor-element-c06d890 e-con-full e-flex e-con e-child\" data-id=\"c06d890\" data-element_type=\"container\" data-e-type=\"container\">\n\t\t\t\t<div class=\"elementor-element elementor-element-387aeac elementor-widget elementor-widget-text-editor\" data-id=\"387aeac\" data-element_type=\"widget\" data-e-type=\"widget\" data-widget_type=\"text-editor.default\">\n\t\t\t\t\t\t\t\t\t<p>Valence est l'une des principales r\u00e9gions <strong>producteurs d'agrumes<\/strong> L'Europe a une relation avec les oranges qui remonte \u00e0 plusieurs si\u00e8cles. Mais les arbres que vous voyez dans les rues ne sont pas plant\u00e9s pour r\u00e9colter des fruits. <strong>comestible<\/strong>: ils sont <strong>oranges am\u00e8res<\/strong> (<em>Citrus aurantium<\/em>), plant\u00e9s par leur <strong>beaut\u00e9 d\u00e9corative<\/strong>, <strong>fleurs parfum\u00e9es<\/strong> et son lien avec la <strong>l'identit\u00e9 locale<\/strong>. Ces arbres font partie du paysage urbain gr\u00e2ce \u00e0 leur :<\/p>\n<p><!-- \/wp:paragraph --><!-- wp:list --><\/p>\n<ul class=\"wp-block-list\"><!-- wp:list-item -->\n<li><strong>Feuillage persistant<\/strong>: ils offrent de la verdure tout au long de l'ann\u00e9e dans la ville.<\/li>\n<!-- \/wp:list-item --><!-- wp:list-item -->\n<li><strong>Fleur d'oranger <\/strong>(fleur d'oranger) : elle fleurit chaque printemps et d\u00e9gage un parfum c\u00e9leste.<\/li>\n<!-- \/wp:list-item --><!-- wp:list-item -->\n<li><strong>Le charme m\u00e9diterran\u00e9en<\/strong>Un clin d'\u0153il au patrimoine agricole de la r\u00e9gion et \u00e0 l'amour du design qui int\u00e8gre la nature.<\/li>\n<!-- \/wp:list-item --><\/ul>\n<p><!-- \/wp:list --><\/p>\n<p><img fetchpriority=\"high\" decoding=\"async\" class=\"alignnone size-full wp-image-3291\" src=\"https:\/\/valenciaandgo.com\/wp-content\/uploads\/2025\/12\/Relleno-generativo.webp\" alt=\"\" width=\"1920\" height=\"1080\" \/><\/p>\t\t\t\t\t\t\t\t<\/div>\n\t\t\t\t<\/div>\n\t\t\t\t<\/div>\n\t\t<div class=\"elementor-element elementor-element-a3cf560 e-con-full e-flex e-con e-child\" data-id=\"a3cf560\" data-element_type=\"container\" data-e-type=\"container\">\n\t\t<div class=\"elementor-element elementor-element-c8a9292 e-con-full e-flex e-con e-child\" data-id=\"c8a9292\" data-element_type=\"container\" data-e-type=\"container\">\n\t\t\t\t<div class=\"elementor-element elementor-element-4ca4e84 elementor-widget elementor-widget-heading\" data-id=\"4ca4e84\" data-element_type=\"widget\" data-e-type=\"widget\" data-widget_type=\"heading.default\">\n\t\t\t\t\t<h2 class=\"elementor-heading-title elementor-size-default\">Ces oranges sont-elles comestibles ?<\/h2>\t\t\t\t<\/div>\n\t\t\t\t<\/div>\n\t\t<div class=\"elementor-element elementor-element-f66ebee e-con-full e-flex e-con e-child\" data-id=\"f66ebee\" data-element_type=\"container\" data-e-type=\"container\">\n\t\t\t\t<div class=\"elementor-element elementor-element-6eec3fa elementor-widget elementor-widget-text-editor\" data-id=\"6eec3fa\" data-element_type=\"widget\" data-e-type=\"widget\" data-widget_type=\"text-editor.default\">\n\t\t\t\t\t\t\t\t\t<p>R\u00e9ponse courte : <strong>non<\/strong>, du moins pas directement. Les oranges de rue de Valence sont extr\u00eamement am\u00e8res et acides. Il ne s'agit pas des oranges douces de Valence utilis\u00e9es pour le jus ou l'exportation. Vous ne pouvez pas manger ces oranges pour les raisons suivantes :<\/p>\n<ul>\n<li><strong>Trait\u00e9s avec des produits chimiques<\/strong>Les orangers urbains sont fr\u00e9quemment expos\u00e9s aux pesticides et aux pulv\u00e9risations de produits chimiques, et absorbent m\u00eame la pollution.<\/li>\n<li><strong>Elles sont surtout ornementales<\/strong>La ville (et de nombreuses villes espagnoles) plante ces arbres parce qu'ils sont rustiques, n\u00e9cessitent peu d'entretien, sont tol\u00e9rants \u00e0 la s\u00e9cheresse, sont vivaces et sont visuellement impressionnants, en particulier lorsqu'ils sont plant\u00e9s dans des arbres \u00e0 feuilles caduques. <strong>prosp\u00e9rer<\/strong> au printemps.<\/li>\n<li><strong>Utilis\u00e9 dans les produits traditionnels<\/strong>, mais seulement apr\u00e8s un traitement minutieux. Elles sont r\u00e9colt\u00e9es pour fabriquer des produits tels que <strong>marmelade d'orange am\u00e8re<\/strong>, les liqueurs \u00e0 base de plantes et les huiles essentielles.<\/li>\n<\/ul>\n<ul class=\"wp-block-list\">\n<li style=\"list-style-type: none;\">\n<ul class=\"wp-block-list\"><!-- \/wp:list-item --><!-- wp:list-item --><!-- \/wp:list-item --><!-- wp:list-item --><\/ul>\n<\/li>\n<\/ul>\n<p><img decoding=\"async\" class=\"alignnone wp-image-3285 size-full\" src=\"https:\/\/valenciaandgo.com\/wp-content\/uploads\/2025\/12\/mermelada-naranja.webp\" alt=\"\" width=\"1920\" height=\"1080\" \/><\/p>\t\t\t\t\t\t\t\t<\/div>\n\t\t\t\t<\/div>\n\t\t\t\t<\/div>\n\t\t<div class=\"elementor-element elementor-element-c6c4cf4 e-con-full e-flex e-con e-child\" data-id=\"c6c4cf4\" data-element_type=\"container\" data-e-type=\"container\">\n\t\t<div class=\"elementor-element elementor-element-ef5b1c1 e-con-full e-flex e-con e-child\" data-id=\"ef5b1c1\" data-element_type=\"container\" data-e-type=\"container\">\n\t\t\t\t<div class=\"elementor-element elementor-element-fcc841a elementor-widget elementor-widget-heading\" data-id=\"fcc841a\" data-element_type=\"widget\" data-e-type=\"widget\" data-widget_type=\"heading.default\">\n\t\t\t\t\t<h2 class=\"elementor-heading-title elementor-size-default\">Un peu d'histoire<\/h2>\t\t\t\t<\/div>\n\t\t\t\t<\/div>\n\t\t<div class=\"elementor-element elementor-element-7f8122d e-con-full e-flex e-con e-child\" data-id=\"7f8122d\" data-element_type=\"container\" data-e-type=\"container\">\n\t\t\t\t<div class=\"elementor-element elementor-element-bc9a847 elementor-widget elementor-widget-text-editor\" data-id=\"bc9a847\" data-element_type=\"widget\" data-e-type=\"widget\" data-widget_type=\"text-editor.default\">\n\t\t\t\t\t\t\t\t\t<p>Le bigaradier a des origines <strong>Landes <\/strong>en Espagne. Introduit par les Arabes au Xe si\u00e8cle, il \u00e9tait \u00e0 l'origine plant\u00e9 dans les cours des palais et des mosqu\u00e9es en raison de ses qualit\u00e9s de r\u00e9sistance. <strong>valeur ornementale<\/strong> et son ar\u00f4me apaisant.<\/p>\n<p>Valence, avec son climat chaud et ses profondes <strong>Patrimoine islamique<\/strong>, est devenu un lieu de vie id\u00e9al. Au fil du temps, la tradition s'est \u00e9tendue aux espaces publics et, aujourd'hui, on trouve des orangers partout dans la ville.<br \/>Si vous cherchez \u00e0 photographier ou simplement \u00e0 profiter du charme des agrumes de Valence, ne manquez pas ces lieux :<\/p>\n<p><!-- \/wp:paragraph --><!-- wp:paragraph --><\/p>\n<p><!-- \/wp:paragraph --><!-- wp:list --><\/p>\n<ul class=\"wp-block-list\"><!-- wp:list-item -->\n<li>Jardins de Turia<\/li>\n<!-- \/wp:list-item --><!-- wp:list-item -->\n<li>Plaza de la Virgen<\/li>\n<!-- \/wp:list-item --><!-- wp:list-item -->\n<li>Jardines del Real (Viveros)<\/li>\n<!-- \/wp:list-item --><!-- wp:list-item -->\n<li>La bourse de la soie<\/li>\n<!-- \/wp:list-item --><!-- wp:list-item -->\n<li>L'espace universitaire<\/li>\n<\/ul>\t\t\t\t\t\t\t\t<\/div>\n\t\t\t\t<\/div>\n\t\t\t\t<\/div>\n\t\t<div class=\"elementor-element elementor-element-65e3457 e-con-full e-flex e-con e-child\" data-id=\"65e3457\" data-element_type=\"container\" data-e-type=\"container\">\n\t\t<div class=\"elementor-element elementor-element-9872238 e-con-full e-flex e-con e-child\" data-id=\"9872238\" data-element_type=\"container\" data-e-type=\"container\">\n\t\t\t\t<div class=\"elementor-element elementor-element-c55b107 elementor-widget elementor-widget-heading\" data-id=\"c55b107\" data-element_type=\"widget\" data-e-type=\"widget\" data-widget_type=\"heading.default\">\n\t\t\t\t\t<h2 class=\"elementor-heading-title elementor-size-default\">Les traditions de la fleur d'oranger<\/h2>\t\t\t\t<\/div>\n\t\t\t\t<\/div>\n\t\t<div class=\"elementor-element elementor-element-bf37dfc e-con-full e-flex e-con e-child\" data-id=\"bf37dfc\" data-element_type=\"container\" data-e-type=\"container\">\n\t\t\t\t<div class=\"elementor-element elementor-element-2e11a8a elementor-widget elementor-widget-text-editor\" data-id=\"2e11a8a\" data-element_type=\"widget\" data-e-type=\"widget\" data-widget_type=\"text-editor.default\">\n\t\t\t\t\t\t\t\t\t<p>La fleur d'oranger n'est pas seulement un parfum, c'est une\u00a0<strong>symbole<\/strong>. Dans la culture valencienne, la fleur repr\u00e9sente\u00a0<strong>puret\u00e9<\/strong>,\u00a0<strong>amour\u00a0<\/strong>y\u00a0<strong>nouveaux d\u00e9parts<\/strong>. Il est donc couramment utilis\u00e9 dans :<\/p>\n<ul class=\"wp-block-list\">\n<li>Bouquets de mari\u00e9e et c\u00e9r\u00e9monies de mariage<\/li>\n<li>Les processions de la Semaine sainte, en particulier les d\u00e9corations pour les pasos<\/li>\n<li>Parfums et savons locaux vendus sur les march\u00e9s traditionnels<\/li>\n<\/ul>\n<p><img decoding=\"async\" class=\"alignnone size-full wp-image-3290\" src=\"https:\/\/valenciaandgo.com\/wp-content\/uploads\/2025\/12\/Relleno-generativo-2.webp\" alt=\"\" width=\"1920\" height=\"1080\" \/><\/p>\t\t\t\t\t\t\t\t<\/div>\n\t\t\t\t<\/div>\n\t\t\t\t<\/div>\n\t\t<div class=\"elementor-element elementor-element-8d148be e-con-full e-flex e-con e-child\" data-id=\"8d148be\" data-element_type=\"container\" data-e-type=\"container\">\n\t\t<div class=\"elementor-element elementor-element-8eea6cc e-con-full e-flex e-con e-child\" data-id=\"8eea6cc\" data-element_type=\"container\" data-e-type=\"container\">\n\t\t\t\t<div class=\"elementor-element elementor-element-225d1c4 elementor-widget elementor-widget-heading\" data-id=\"225d1c4\" data-element_type=\"widget\" data-e-type=\"widget\" data-widget_type=\"heading.default\">\n\t\t\t\t\t<h2 class=\"elementor-heading-title elementor-size-default\">Saviez-vous que... ?<\/h2>\t\t\t\t<\/div>\n\t\t\t\t<\/div>\n\t\t<div class=\"elementor-element elementor-element-f8f748a e-con-full e-flex e-con e-child\" data-id=\"f8f748a\" data-element_type=\"container\" data-e-type=\"container\">\n\t\t\t\t<div class=\"elementor-element elementor-element-ea3d246 elementor-widget elementor-widget-text-editor\" data-id=\"ea3d246\" data-element_type=\"widget\" data-e-type=\"widget\" data-widget_type=\"text-editor.default\">\n\t\t\t\t\t\t\t\t\t<ul class=\"wp-block-list\">\n<li>Valence compte plus de <strong>16 000 orangers<\/strong> dans son am\u00e9nagement urbain.<\/li>\n<!-- \/wp:list-item --><!-- wp:list-item -->\n<li>La ville d\u00e9pense chaque ann\u00e9e des milliers d'euros pour nettoyer les fruits tomb\u00e9s sur les trottoirs. <strong>glissant<\/strong>!<\/li>\n<!-- \/wp:list-item --><!-- wp:list-item -->\n<li>Certaines municipalit\u00e9s ont commenc\u00e9 \u00e0 donner les oranges am\u00e8res \u00e0 des entreprises produisant des confitures et des produits de nettoyage biologiques.<\/li>\n<\/ul>\t\t\t\t\t\t\t\t<\/div>\n\t\t\t\t<\/div>\n\t\t\t\t<\/div>\n\t\t<div class=\"elementor-element elementor-element-d4b6dd4 e-con-full e-flex e-con e-child\" data-id=\"d4b6dd4\" data-element_type=\"container\" data-e-type=\"container\">\n\t\t<div class=\"elementor-element elementor-element-afb99e6 e-con-full e-flex e-con e-child\" data-id=\"afb99e6\" data-element_type=\"container\" data-e-type=\"container\">\n\t\t\t\t<div class=\"elementor-element elementor-element-4b934e6 elementor-widget elementor-widget-heading\" data-id=\"4b934e6\" data-element_type=\"widget\" data-e-type=\"widget\" data-widget_type=\"heading.default\">\n\t\t\t\t\t<h2 class=\"elementor-heading-title elementor-size-default\">Conseil utile pour les visiteurs<\/h2>\t\t\t\t<\/div>\n\t\t\t\t<\/div>\n\t\t<div class=\"elementor-element elementor-element-f86dd43 e-con-full e-flex e-con e-child\" data-id=\"f86dd43\" data-element_type=\"container\" data-e-type=\"container\">\n\t\t\t\t<div class=\"elementor-element elementor-element-48c959f elementor-widget elementor-widget-text-editor\" data-id=\"48c959f\" data-element_type=\"widget\" data-e-type=\"widget\" data-widget_type=\"text-editor.default\">\n\t\t\t\t\t\t\t\t\t<p>Quelle est la meilleure p\u00e9riode pour voir la fleur d'oranger ? <strong>Fin mars \u00e0 mi-avril<\/strong>. Vous verrez la ville en plein parfum, juste avant que les oranges ne commencent \u00e0 se former. Rejoignez notre <a href=\"https:\/\/valenciaandgo.com\/excursiones\/huerto-naranjos\/\">excursion \u00e0 l'orangerie<\/a>, et d\u00e9couvrez les <strong>le vrai paradis<\/strong> de l'orange de Valence. Accompagnez-la de notre <a href=\"https:\/\/valenciaandgo.com\/tours-valencia\/fallas-valencia-tour\/\">Tourn\u00e9e du festival Las Fallas<\/a> en mars et de vivre l'exp\u00e9rience de la <strong>L'exp\u00e9rience valencienne<\/strong> complet.<\/p>\n<p><!-- \/wp:paragraph --><!-- wp:paragraph --><\/p>\n<p>Valence est une ville o\u00f9 la nature rencontre l'histoire \u00e0 chaque instant, et ses orangers en sont le parfait exemple. Ils ne se contentent pas de d\u00e9corer les rues, ils racontent une histoire de culture, de climat et de traditions s\u00e9culaires.<\/p>\n<p><!-- \/wp:paragraph --><!-- wp:paragraph --><\/p>\n<p>Appr\u00e9ciez les paysages et les odeurs ! Pour en savoir plus sur nos visites et excursions : https:\/\/valenciaandgo.com\/tours<\/p>\n<p><!-- \/wp:paragraph --><!-- wp:paragraph --><\/p>\n<p>D\u00e9couvrez tous les plans dans et autour de la ville sur nos r\u00e9seaux sociaux ! @valenciaandgo<\/p>\t\t\t\t\t\t\t\t<\/div>\n\t\t\t\t<\/div>\n\t\t\t\t<\/div>\n\t\t\t\t\t<\/div>\n\t\t\t\t<\/div>\n\t\t\t\t<\/div>","protected":false},"excerpt":{"rendered":"<p>Cuando caminas por las pintorescas calles de Valencia, especialmente en oto\u00f1o, una de las primeras cosas que llama tu atenci\u00f3n (y tu olfato) son los vibrantes naranjos que bordean bulevares, plazas y rincones hist\u00f3ricos. Pero, \u00bfte has preguntado alguna vez por qu\u00e9 est\u00e1n ah\u00ed, si las naranjas son comestibles y qu\u00e9 representan realmente?Hablemos de la [&hellip;]<\/p>\n","protected":false},"author":1,"featured_media":736,"comment_status":"closed","ping_status":"closed","sticky":false,"template":"","format":"standard","meta":{"_acf_changed":false,"footnotes":""},"categories":[21,23],"tags":[],"class_list":["post-571","post","type-post","status-publish","format-standard","has-post-thumbnail","hentry","category-consejos-vacaciones","category-gastronomia"],"acf":[],"yoast_head":"<!-- This site is optimized with the Yoast SEO plugin v27.5 - https:\/\/yoast.com\/product\/yoast-seo-wordpress\/ -->\n<title>Por qu\u00e9 no se comen las naranjas de la calle | Valencia &amp; Go<\/title>\n<meta name=\"description\" content=\"Descubre por qu\u00e9 no puedes comer las naranjas que se encuentran en las calles de Valencia y aprende m\u00e1s sobre estas frutas amargas.\" \/>\n<meta name=\"robots\" content=\"noindex, follow, max-snippet:-1, max-image-preview:large, max-video-preview:-1\" \/>\n<meta property=\"og:locale\" content=\"fr_FR\" \/>\n<meta property=\"og:type\" content=\"article\" \/>\n<meta property=\"og:title\" content=\"Por qu\u00e9 no se comen las naranjas de la calle | Valencia &amp; Go\" \/>\n<meta property=\"og:description\" content=\"Descubre por qu\u00e9 no puedes comer las naranjas que se encuentran en las calles de Valencia y aprende m\u00e1s sobre estas frutas amargas.\" \/>\n<meta property=\"og:url\" content=\"https:\/\/upgrade.valenciaandgo.com\/fr\/rues-orangers-valencia\/\" \/>\n<meta property=\"og:site_name\" content=\"Valencia&amp;Go\" \/>\n<meta property=\"article:publisher\" content=\"https:\/\/www.facebook.com\/valenciaandgo\/\" \/>\n<meta property=\"article:published_time\" content=\"2025-10-03T13:39:00+00:00\" \/>\n<meta property=\"article:modified_time\" content=\"2026-03-14T13:01:26+00:00\" \/>\n<meta property=\"og:image\" content=\"https:\/\/upgrade.valenciaandgo.com\/wp-content\/uploads\/2025\/11\/img-blog-no-comer-naranjas-calles.webp\" \/>\n\t<meta property=\"og:image:width\" content=\"1170\" \/>\n\t<meta property=\"og:image:height\" content=\"781\" \/>\n\t<meta property=\"og:image:type\" content=\"image\/webp\" \/>\n<meta name=\"author\" content=\"Valencia &amp; Go\" \/>\n<meta name=\"twitter:card\" content=\"summary_large_image\" \/>\n<meta name=\"twitter:label1\" content=\"\u00c9crit par\" \/>\n\t<meta name=\"twitter:data1\" content=\"Valencia &amp; Go\" \/>\n\t<meta name=\"twitter:label2\" content=\"Dur\u00e9e de lecture estim\u00e9e\" \/>\n\t<meta name=\"twitter:data2\" content=\"4 minutes\" \/>\n<script type=\"application\/ld+json\" class=\"yoast-schema-graph\">{\"@context\":\"https:\\\/\\\/schema.org\",\"@graph\":[{\"@type\":\"Article\",\"@id\":\"https:\\\/\\\/upgrade.valenciaandgo.com\\\/calles-naranjos-valencia\\\/#article\",\"isPartOf\":{\"@id\":\"https:\\\/\\\/upgrade.valenciaandgo.com\\\/calles-naranjos-valencia\\\/\"},\"author\":{\"name\":\"Valencia &amp; Go\",\"@id\":\"https:\\\/\\\/upgrade.valenciaandgo.com\\\/it\\\/#\\\/schema\\\/person\\\/ca673553802eb937b57af07a6ce74908\"},\"headline\":\"Por qu\u00e9 no puedes comer las naranjas de las calles de Valencia\",\"datePublished\":\"2025-10-03T13:39:00+00:00\",\"dateModified\":\"2026-03-14T13:01:26+00:00\",\"mainEntityOfPage\":{\"@id\":\"https:\\\/\\\/upgrade.valenciaandgo.com\\\/calles-naranjos-valencia\\\/\"},\"wordCount\":737,\"publisher\":{\"@id\":\"https:\\\/\\\/upgrade.valenciaandgo.com\\\/it\\\/#organization\"},\"image\":{\"@id\":\"https:\\\/\\\/upgrade.valenciaandgo.com\\\/calles-naranjos-valencia\\\/#primaryimage\"},\"thumbnailUrl\":\"https:\\\/\\\/upgrade.valenciaandgo.com\\\/wp-content\\\/uploads\\\/2025\\\/11\\\/img-blog-no-comer-naranjas-calles.webp\",\"articleSection\":[\"Consejos para tus vacaciones\",\"Gastronom\u00eda\"],\"inLanguage\":\"fr-FR\"},{\"@type\":\"WebPage\",\"@id\":\"https:\\\/\\\/upgrade.valenciaandgo.com\\\/calles-naranjos-valencia\\\/\",\"url\":\"https:\\\/\\\/upgrade.valenciaandgo.com\\\/calles-naranjos-valencia\\\/\",\"name\":\"Por qu\u00e9 no se comen las naranjas de la calle | Valencia & Go\",\"isPartOf\":{\"@id\":\"https:\\\/\\\/upgrade.valenciaandgo.com\\\/it\\\/#website\"},\"primaryImageOfPage\":{\"@id\":\"https:\\\/\\\/upgrade.valenciaandgo.com\\\/calles-naranjos-valencia\\\/#primaryimage\"},\"image\":{\"@id\":\"https:\\\/\\\/upgrade.valenciaandgo.com\\\/calles-naranjos-valencia\\\/#primaryimage\"},\"thumbnailUrl\":\"https:\\\/\\\/upgrade.valenciaandgo.com\\\/wp-content\\\/uploads\\\/2025\\\/11\\\/img-blog-no-comer-naranjas-calles.webp\",\"datePublished\":\"2025-10-03T13:39:00+00:00\",\"dateModified\":\"2026-03-14T13:01:26+00:00\",\"description\":\"Descubre por qu\u00e9 no puedes comer las naranjas que se encuentran en las calles de Valencia y aprende m\u00e1s sobre estas frutas amargas.\",\"breadcrumb\":{\"@id\":\"https:\\\/\\\/upgrade.valenciaandgo.com\\\/calles-naranjos-valencia\\\/#breadcrumb\"},\"inLanguage\":\"fr-FR\",\"potentialAction\":[{\"@type\":\"ReadAction\",\"target\":[\"https:\\\/\\\/upgrade.valenciaandgo.com\\\/calles-naranjos-valencia\\\/\"]}]},{\"@type\":\"ImageObject\",\"inLanguage\":\"fr-FR\",\"@id\":\"https:\\\/\\\/upgrade.valenciaandgo.com\\\/calles-naranjos-valencia\\\/#primaryimage\",\"url\":\"https:\\\/\\\/upgrade.valenciaandgo.com\\\/wp-content\\\/uploads\\\/2025\\\/11\\\/img-blog-no-comer-naranjas-calles.webp\",\"contentUrl\":\"https:\\\/\\\/upgrade.valenciaandgo.com\\\/wp-content\\\/uploads\\\/2025\\\/11\\\/img-blog-no-comer-naranjas-calles.webp\",\"width\":1170,\"height\":781},{\"@type\":\"BreadcrumbList\",\"@id\":\"https:\\\/\\\/upgrade.valenciaandgo.com\\\/calles-naranjos-valencia\\\/#breadcrumb\",\"itemListElement\":[{\"@type\":\"ListItem\",\"position\":1,\"name\":\"Portada\",\"item\":\"https:\\\/\\\/upgrade.valenciaandgo.com\\\/\"},{\"@type\":\"ListItem\",\"position\":2,\"name\":\"Por qu\u00e9 no puedes comer las naranjas de las calles de Valencia\"}]},{\"@type\":\"WebSite\",\"@id\":\"https:\\\/\\\/upgrade.valenciaandgo.com\\\/it\\\/#website\",\"url\":\"https:\\\/\\\/upgrade.valenciaandgo.com\\\/it\\\/\",\"name\":\"Valencia&Go\",\"description\":\"Tours por Valencia y alrededores de ciudad.\",\"publisher\":{\"@id\":\"https:\\\/\\\/upgrade.valenciaandgo.com\\\/it\\\/#organization\"},\"potentialAction\":[{\"@type\":\"SearchAction\",\"target\":{\"@type\":\"EntryPoint\",\"urlTemplate\":\"https:\\\/\\\/upgrade.valenciaandgo.com\\\/it\\\/?s={search_term_string}\"},\"query-input\":{\"@type\":\"PropertyValueSpecification\",\"valueRequired\":true,\"valueName\":\"search_term_string\"}}],\"inLanguage\":\"fr-FR\"},{\"@type\":\"Organization\",\"@id\":\"https:\\\/\\\/upgrade.valenciaandgo.com\\\/it\\\/#organization\",\"name\":\"Valencia&Go\",\"url\":\"https:\\\/\\\/upgrade.valenciaandgo.com\\\/it\\\/\",\"logo\":{\"@type\":\"ImageObject\",\"inLanguage\":\"fr-FR\",\"@id\":\"https:\\\/\\\/upgrade.valenciaandgo.com\\\/it\\\/#\\\/schema\\\/logo\\\/image\\\/\",\"url\":\"https:\\\/\\\/upgrade.valenciaandgo.com\\\/wp-content\\\/uploads\\\/2025\\\/10\\\/valencia_go-svg-blnc-iso-naranja.svg\",\"contentUrl\":\"https:\\\/\\\/upgrade.valenciaandgo.com\\\/wp-content\\\/uploads\\\/2025\\\/10\\\/valencia_go-svg-blnc-iso-naranja.svg\",\"width\":434,\"height\":102,\"caption\":\"Valencia&Go\"},\"image\":{\"@id\":\"https:\\\/\\\/upgrade.valenciaandgo.com\\\/it\\\/#\\\/schema\\\/logo\\\/image\\\/\"},\"sameAs\":[\"https:\\\/\\\/www.facebook.com\\\/valenciaandgo\\\/\",\"https:\\\/\\\/www.instagram.com\\\/valenciaandgo\",\"https:\\\/\\\/www.linkedin.com\\\/company\\\/valencia-go\\\/\",\"https:\\\/\\\/www.tiktok.com\\\/@valenciaandgo\"]},{\"@type\":\"Person\",\"@id\":\"https:\\\/\\\/upgrade.valenciaandgo.com\\\/it\\\/#\\\/schema\\\/person\\\/ca673553802eb937b57af07a6ce74908\",\"name\":\"Valencia &amp; Go\",\"sameAs\":[\"https:\\\/\\\/valenciaandgo.com\"],\"url\":\"https:\\\/\\\/upgrade.valenciaandgo.com\\\/fr\\\/author\\\/valencia\\\/\"}]}<\/script>\n<!-- \/ Yoast SEO plugin. -->","yoast_head_json":{"title":"Pourquoi ils ne mangent pas les oranges dans la rue | Valencia &amp; Go","description":"D\u00e9couvrez pourquoi vous ne pouvez pas manger les oranges que l'on trouve dans les rues de Valence et apprenez-en plus sur ces fruits amers.","robots":{"index":"noindex","follow":"follow","max-snippet":"max-snippet:-1","max-image-preview":"max-image-preview:large","max-video-preview":"max-video-preview:-1"},"og_locale":"fr_FR","og_type":"article","og_title":"Por qu\u00e9 no se comen las naranjas de la calle | Valencia & Go","og_description":"Descubre por qu\u00e9 no puedes comer las naranjas que se encuentran en las calles de Valencia y aprende m\u00e1s sobre estas frutas amargas.","og_url":"https:\/\/upgrade.valenciaandgo.com\/fr\/rues-orangers-valencia\/","og_site_name":"Valencia&amp;Go","article_publisher":"https:\/\/www.facebook.com\/valenciaandgo\/","article_published_time":"2025-10-03T13:39:00+00:00","article_modified_time":"2026-03-14T13:01:26+00:00","og_image":[{"width":1170,"height":781,"url":"https:\/\/upgrade.valenciaandgo.com\/wp-content\/uploads\/2025\/11\/img-blog-no-comer-naranjas-calles.webp","type":"image\/webp"}],"author":"Valencia &amp; Go","twitter_card":"summary_large_image","twitter_misc":{"\u00c9crit par":"Valencia &amp; Go","Dur\u00e9e de lecture estim\u00e9e":"4 minutes"},"schema":{"@context":"https:\/\/schema.org","@graph":[{"@type":"Article","@id":"https:\/\/upgrade.valenciaandgo.com\/calles-naranjos-valencia\/#article","isPartOf":{"@id":"https:\/\/upgrade.valenciaandgo.com\/calles-naranjos-valencia\/"},"author":{"name":"Valencia &amp; Go","@id":"https:\/\/upgrade.valenciaandgo.com\/it\/#\/schema\/person\/ca673553802eb937b57af07a6ce74908"},"headline":"Por qu\u00e9 no puedes comer las naranjas de las calles de Valencia","datePublished":"2025-10-03T13:39:00+00:00","dateModified":"2026-03-14T13:01:26+00:00","mainEntityOfPage":{"@id":"https:\/\/upgrade.valenciaandgo.com\/calles-naranjos-valencia\/"},"wordCount":737,"publisher":{"@id":"https:\/\/upgrade.valenciaandgo.com\/it\/#organization"},"image":{"@id":"https:\/\/upgrade.valenciaandgo.com\/calles-naranjos-valencia\/#primaryimage"},"thumbnailUrl":"https:\/\/upgrade.valenciaandgo.com\/wp-content\/uploads\/2025\/11\/img-blog-no-comer-naranjas-calles.webp","articleSection":["Consejos para tus vacaciones","Gastronom\u00eda"],"inLanguage":"fr-FR"},{"@type":"WebPage","@id":"https:\/\/upgrade.valenciaandgo.com\/calles-naranjos-valencia\/","url":"https:\/\/upgrade.valenciaandgo.com\/calles-naranjos-valencia\/","name":"Pourquoi ils ne mangent pas les oranges dans la rue | Valencia &amp; Go","isPartOf":{"@id":"https:\/\/upgrade.valenciaandgo.com\/it\/#website"},"primaryImageOfPage":{"@id":"https:\/\/upgrade.valenciaandgo.com\/calles-naranjos-valencia\/#primaryimage"},"image":{"@id":"https:\/\/upgrade.valenciaandgo.com\/calles-naranjos-valencia\/#primaryimage"},"thumbnailUrl":"https:\/\/upgrade.valenciaandgo.com\/wp-content\/uploads\/2025\/11\/img-blog-no-comer-naranjas-calles.webp","datePublished":"2025-10-03T13:39:00+00:00","dateModified":"2026-03-14T13:01:26+00:00","description":"D\u00e9couvrez pourquoi vous ne pouvez pas manger les oranges que l'on trouve dans les rues de Valence et apprenez-en plus sur ces fruits amers.","breadcrumb":{"@id":"https:\/\/upgrade.valenciaandgo.com\/calles-naranjos-valencia\/#breadcrumb"},"inLanguage":"fr-FR","potentialAction":[{"@type":"ReadAction","target":["https:\/\/upgrade.valenciaandgo.com\/calles-naranjos-valencia\/"]}]},{"@type":"ImageObject","inLanguage":"fr-FR","@id":"https:\/\/upgrade.valenciaandgo.com\/calles-naranjos-valencia\/#primaryimage","url":"https:\/\/upgrade.valenciaandgo.com\/wp-content\/uploads\/2025\/11\/img-blog-no-comer-naranjas-calles.webp","contentUrl":"https:\/\/upgrade.valenciaandgo.com\/wp-content\/uploads\/2025\/11\/img-blog-no-comer-naranjas-calles.webp","width":1170,"height":781},{"@type":"BreadcrumbList","@id":"https:\/\/upgrade.valenciaandgo.com\/calles-naranjos-valencia\/#breadcrumb","itemListElement":[{"@type":"ListItem","position":1,"name":"Portada","item":"https:\/\/upgrade.valenciaandgo.com\/"},{"@type":"ListItem","position":2,"name":"Por qu\u00e9 no puedes comer las naranjas de las calles de Valencia"}]},{"@type":"WebSite","@id":"https:\/\/upgrade.valenciaandgo.com\/it\/#website","url":"https:\/\/upgrade.valenciaandgo.com\/it\/","name":"Valencia&amp;Go","description":"Visites de Valence et de ses environs.","publisher":{"@id":"https:\/\/upgrade.valenciaandgo.com\/it\/#organization"},"potentialAction":[{"@type":"SearchAction","target":{"@type":"EntryPoint","urlTemplate":"https:\/\/upgrade.valenciaandgo.com\/it\/?s={search_term_string}"},"query-input":{"@type":"PropertyValueSpecification","valueRequired":true,"valueName":"search_term_string"}}],"inLanguage":"fr-FR"},{"@type":"Organization","@id":"https:\/\/upgrade.valenciaandgo.com\/it\/#organization","name":"Valencia&amp;Go","url":"https:\/\/upgrade.valenciaandgo.com\/it\/","logo":{"@type":"ImageObject","inLanguage":"fr-FR","@id":"https:\/\/upgrade.valenciaandgo.com\/it\/#\/schema\/logo\/image\/","url":"https:\/\/upgrade.valenciaandgo.com\/wp-content\/uploads\/2025\/10\/valencia_go-svg-blnc-iso-naranja.svg","contentUrl":"https:\/\/upgrade.valenciaandgo.com\/wp-content\/uploads\/2025\/10\/valencia_go-svg-blnc-iso-naranja.svg","width":434,"height":102,"caption":"Valencia&Go"},"image":{"@id":"https:\/\/upgrade.valenciaandgo.com\/it\/#\/schema\/logo\/image\/"},"sameAs":["https:\/\/www.facebook.com\/valenciaandgo\/","https:\/\/www.instagram.com\/valenciaandgo","https:\/\/www.linkedin.com\/company\/valencia-go\/","https:\/\/www.tiktok.com\/@valenciaandgo"]},{"@type":"Person","@id":"https:\/\/upgrade.valenciaandgo.com\/it\/#\/schema\/person\/ca673553802eb937b57af07a6ce74908","name":"Valence &amp; Go","sameAs":["https:\/\/valenciaandgo.com"],"url":"https:\/\/upgrade.valenciaandgo.com\/fr\/author\/valencia\/"}]}},"_links":{"self":[{"href":"https:\/\/upgrade.valenciaandgo.com\/fr\/wp-json\/wp\/v2\/posts\/571","targetHints":{"allow":["GET"]}}],"collection":[{"href":"https:\/\/upgrade.valenciaandgo.com\/fr\/wp-json\/wp\/v2\/posts"}],"about":[{"href":"https:\/\/upgrade.valenciaandgo.com\/fr\/wp-json\/wp\/v2\/types\/post"}],"author":[{"embeddable":true,"href":"https:\/\/upgrade.valenciaandgo.com\/fr\/wp-json\/wp\/v2\/users\/1"}],"replies":[{"embeddable":true,"href":"https:\/\/upgrade.valenciaandgo.com\/fr\/wp-json\/wp\/v2\/comments?post=571"}],"version-history":[{"count":0,"href":"https:\/\/upgrade.valenciaandgo.com\/fr\/wp-json\/wp\/v2\/posts\/571\/revisions"}],"wp:featuredmedia":[{"embeddable":true,"href":"https:\/\/upgrade.valenciaandgo.com\/fr\/wp-json\/wp\/v2\/media\/736"}],"wp:attachment":[{"href":"https:\/\/upgrade.valenciaandgo.com\/fr\/wp-json\/wp\/v2\/media?parent=571"}],"wp:term":[{"taxonomy":"category","embeddable":true,"href":"https:\/\/upgrade.valenciaandgo.com\/fr\/wp-json\/wp\/v2\/categories?post=571"},{"taxonomy":"post_tag","embeddable":true,"href":"https:\/\/upgrade.valenciaandgo.com\/fr\/wp-json\/wp\/v2\/tags?post=571"}],"curies":[{"name":"wp","href":"https:\/\/api.w.org\/{rel}","templated":true}]}}