{"id":567,"date":"2025-09-02T09:03:00","date_gmt":"2025-09-02T09:03:00","guid":{"rendered":"https:\/\/new.valenciaandgo.com\/?p=567"},"modified":"2026-03-14T13:01:26","modified_gmt":"2026-03-14T13:01:26","slug":"excursion-vin-de-valence-requena","status":"publish","type":"post","link":"https:\/\/upgrade.valenciaandgo.com\/fr\/vino-valencia-excursion-requena\/","title":{"rendered":"Le vin le plus m\u00e9connu au monde se trouve \u00e0 Valence (et voici comment le d\u00e9guster)"},"content":{"rendered":"<div data-elementor-type=\"wp-post\" data-elementor-id=\"567\" class=\"elementor elementor-567\" data-elementor-post-type=\"post\">\n\t\t\t\t<div class=\"elementor-element elementor-element-359fbaeb e-flex e-con-boxed e-con e-parent\" data-id=\"359fbaeb\" data-element_type=\"container\" data-e-type=\"container\">\n\t\t\t\t\t<div class=\"e-con-inner\">\n\t\t<div class=\"elementor-element elementor-element-31284a96 e-con-full e-flex e-con e-child\" data-id=\"31284a96\" data-element_type=\"container\" data-e-type=\"container\">\n\t\t\t\t<div class=\"elementor-element elementor-element-477e3560 elementor-widget elementor-widget-text-editor\" data-id=\"477e3560\" data-element_type=\"widget\" data-e-type=\"widget\" data-widget_type=\"text-editor.default\">\n\t\t\t\t\t\t\t\t\t\n<p>Lorsque l'on parle de vins espagnols, la premi\u00e8re chose qui vient \u00e0 l'esprit est g\u00e9n\u00e9ralement la Rioja ou la Ribera del Duero. Mais au c\u0153ur de la Communaut\u00e9 valencienne, on cultive un raisin indig\u00e8ne, ancien et surprenant : le <strong>Bobal<\/strong>. Un vin avec du corps, de la personnalit\u00e9 et beaucoup d'histoire... m\u00eame si peu de gens le savent.<\/p>\n<p><\/p>\n<p>Et c'est ce qui le rend encore plus sp\u00e9cial. Voici comment vous pouvez l'essayer.<\/p>\n\t\t\t\t\t\t\t\t<\/div>\n\t\t\t\t<\/div>\n\t\t<div class=\"elementor-element elementor-element-2f8b161e e-con-full e-flex e-con e-child\" data-id=\"2f8b161e\" data-element_type=\"container\" data-e-type=\"container\">\n\t\t<div class=\"elementor-element elementor-element-1f59d2c e-con-full e-flex e-con e-child\" data-id=\"1f59d2c\" data-element_type=\"container\" data-e-type=\"container\">\n\t\t\t\t<div class=\"elementor-element elementor-element-2d5b78b5 elementor-widget elementor-widget-heading\" data-id=\"2d5b78b5\" data-element_type=\"widget\" data-e-type=\"widget\" data-widget_type=\"heading.default\">\n\t\t\t\t\t<h2 class=\"elementor-heading-title elementor-size-default\">Bobal : le tr\u00e9sor cach\u00e9 du vin de Valence<\/h2>\t\t\t\t<\/div>\n\t\t\t\t<\/div>\n\t\t<div class=\"elementor-element elementor-element-1891c228 e-con-full e-flex e-con e-child\" data-id=\"1891c228\" data-element_type=\"container\" data-e-type=\"container\">\n\t\t\t\t<div class=\"elementor-element elementor-element-2e8bb84f elementor-widget elementor-widget-text-editor\" data-id=\"2e8bb84f\" data-element_type=\"widget\" data-e-type=\"widget\" data-widget_type=\"text-editor.default\">\n\t\t\t\t\t\t\t\t\t<p>Originaire de la r\u00e9gion <strong>Utiel-Requena<\/strong>, les <strong>Bobal<\/strong> est un c\u00e9page rouge dont la tradition remonte \u00e0 plusieurs si\u00e8cles. Il s'adapte parfaitement au climat m\u00e9diterran\u00e9en et donne naissance \u00e0 des vins de qualit\u00e9. <strong>des vins intenses, avec des notes fruit\u00e9es et une acidit\u00e9 rafra\u00eechissante<\/strong>. Malgr\u00e9 son \u00e9norme potentiel, le Bobal a \u00e9t\u00e9 pendant des ann\u00e9es le c\u00e9page oubli\u00e9 de la sc\u00e8ne viticole internationale.<\/p>\n<p><!-- \/wp:paragraph --><!-- wp:paragraph --><\/p>\n<p>Mais les choses sont en train de changer. Aujourd'hui, <strong>petits domaines viticoles familiaux<\/strong> r\u00e9cup\u00e8rent l'identit\u00e9 de ce vin gr\u00e2ce \u00e0 une production soign\u00e9e, \u00e0 des processus durables et \u00e0 des propositions \u0153nologiques de haute qualit\u00e9.<\/p>\n<p><img fetchpriority=\"high\" decoding=\"async\" class=\"alignnone size-full wp-image-3295\" src=\"https:\/\/valenciaandgo.com\/wp-content\/uploads\/2025\/12\/vino-valenciano.webp\" alt=\"\" width=\"1920\" height=\"1080\" \/><\/p>\t\t\t\t\t\t\t\t<\/div>\n\t\t\t\t<\/div>\n\t\t\t\t<\/div>\n\t\t<div class=\"elementor-element elementor-element-3354382 e-con-full e-flex e-con e-child\" data-id=\"3354382\" data-element_type=\"container\" data-e-type=\"container\">\n\t\t<div class=\"elementor-element elementor-element-ac4459d e-con-full e-flex e-con e-child\" data-id=\"ac4459d\" data-element_type=\"container\" data-e-type=\"container\">\n\t\t\t\t<div class=\"elementor-element elementor-element-486e6da elementor-widget elementor-widget-heading\" data-id=\"486e6da\" data-element_type=\"widget\" data-e-type=\"widget\" data-widget_type=\"heading.default\">\n\t\t\t\t\t<h2 class=\"elementor-heading-title elementor-size-default\">Pourquoi devriez-vous essayer le vin de Bobal au moins une fois dans votre vie ?<\/h2>\t\t\t\t<\/div>\n\t\t\t\t<\/div>\n\t\t<div class=\"elementor-element elementor-element-543c376 e-con-full e-flex e-con e-child\" data-id=\"543c376\" data-element_type=\"container\" data-e-type=\"container\">\n\t\t\t\t<div class=\"elementor-element elementor-element-3eba5c4 elementor-widget elementor-widget-text-editor\" data-id=\"3eba5c4\" data-element_type=\"widget\" data-e-type=\"widget\" data-widget_type=\"text-editor.default\">\n\t\t\t\t\t\t\t\t\t<p>Parce que <strong>ce n'est pas qu'une boisson<\/strong>, est l'histoire liquide d'une terre qui a su rester authentique. Bobal ne cherche pas \u00e0 impressionner avec des \u00e9tiquettes tape-\u00e0-l'\u0153il ou des campagnes mondiales. <strong>saveur franche, son caract\u00e8re rustique et son lien avec le territoire<\/strong>. Chaque verre \u00e9voque des si\u00e8cles de tradition, des vendanges familiales et une culture du vin qui m\u00e9rite d'\u00eatre d\u00e9couverte.<\/p>\n<p><!-- \/wp:paragraph --><!-- wp:paragraph --><\/p>\n<p>En outre, sa faible teneur en sulfites et la mani\u00e8re artisanale dont il est produit dans de nombreuses caves en font l'un des vins les plus populaires au monde. <strong>option naturelle et saine<\/strong> pour les palais les plus curieux.<\/p>\t\t\t\t\t\t\t\t<\/div>\n\t\t\t\t<\/div>\n\t\t\t\t<\/div>\n\t\t<div class=\"elementor-element elementor-element-dd98e29 e-con-full e-flex e-con e-child\" data-id=\"dd98e29\" data-element_type=\"container\" data-e-type=\"container\">\n\t\t<div class=\"elementor-element elementor-element-f0b2546 e-con-full e-flex e-con e-child\" data-id=\"f0b2546\" data-element_type=\"container\" data-e-type=\"container\">\n\t\t\t\t<div class=\"elementor-element elementor-element-5d665ce elementor-widget elementor-widget-heading\" data-id=\"5d665ce\" data-element_type=\"widget\" data-e-type=\"widget\" data-widget_type=\"heading.default\">\n\t\t\t\t\t<h2 class=\"elementor-heading-title elementor-size-default\">Une exp\u00e9rience vinicole (et bien plus encore) \u00e0 une heure de Valence<\/h2>\t\t\t\t<\/div>\n\t\t\t\t<\/div>\n\t\t<div class=\"elementor-element elementor-element-99ee666 e-con-full e-flex e-con e-child\" data-id=\"99ee666\" data-element_type=\"container\" data-e-type=\"container\">\n\t\t\t\t<div class=\"elementor-element elementor-element-d50daa2 elementor-widget elementor-widget-text-editor\" data-id=\"d50daa2\" data-element_type=\"widget\" data-e-type=\"widget\" data-widget_type=\"text-editor.default\">\n\t\t\t\t\t\t\t\t\t<p>Si vous avez envie de vivre une exp\u00e9rience gastronomique diff\u00e9rente lors de votre visite \u00e0 Valence, nous avons le plan parfait : un <strong>Excursion d'une demi-journ\u00e9e \u00e0 Requena<\/strong>, o\u00f9 le vin, l'histoire et le paysage se fondent en une seule boisson.<\/p>\n<p><!-- \/wp:paragraph --><!-- wp:paragraph --><\/p>\n<p>Cet itin\u00e9raire comprend<\/p>\n<ul>\n<li>Visiter le site <strong>deux vignobles locaux<\/strong> tr\u00e8s diff\u00e9rentes, chacune avec son style, son charme et son histoire.<\/li>\n<li><strong>Deux d\u00e9gustations de vin<\/strong> avec des en-cas locaux.<\/li>\n<li>Une promenade dans le centre historique de <strong>Requena<\/strong> et une visite des grottes souterraines creus\u00e9es dans la roche o\u00f9 l'on conservait autrefois le vin.<\/li>\n<li><strong>Transport<\/strong> de Valence inclus.<\/li>\n<li>Et, comme toujours, un <strong>guide local officiel <\/strong>tout au long de l'excursion.<\/li>\n<\/ul>\n<ul class=\"wp-block-list\">\n<li style=\"list-style-type: none;\">\n<ul class=\"wp-block-list\"><!-- \/wp:list-item --><!-- wp:list-item --><!-- \/wp:list-item --><!-- wp:list-item --><!-- \/wp:list-item --><!-- wp:list-item --><!-- \/wp:list-item --><!-- wp:list-item --><\/ul>\n<\/li>\n<\/ul>\n<p><strong><img decoding=\"async\" class=\"alignnone size-full wp-image-3275\" src=\"https:\/\/valenciaandgo.com\/wp-content\/uploads\/2025\/12\/bodegas-valencia.webp\" alt=\"\" width=\"1920\" height=\"1080\" \/><\/strong><\/p>\n<p><strong>Et si vous venez \u00e0 partir de septembre, il se peut que vous deviez r\u00e9colter les raisins vous-m\u00eame.<\/strong><\/p>\n<p><!-- \/wp:paragraph --><!-- wp:paragraph --><\/p>\n<p>Une mani\u00e8re ludique et authentique de comprendre l'ensemble du processus, de la vigne au verre !<\/p>\n<p><!-- \/wp:paragraph --><!-- wp:paragraph --><\/p>\n<p><strong>R\u00e9servez votre place d\u00e8s maintenant et d\u00e9bouchez Valence avec nous.<\/strong><\/p>\n<p><!-- \/wp:paragraph --><!-- wp:paragraph --><\/p>\n<p><!-- \/wp:paragraph --><!-- wp:paragraph --><\/p>\n<p>Vous souhaitez en savoir plus sur Valence et son histoire ? Vous trouverez plus d'informations sur nos r\u00e9seaux sociaux.<\/p>\n<p><!-- \/wp:paragraph --><!-- wp:paragraph {\"className\":\"\"} --><\/p>\n<p>Consultez toutes nos visites, excursions et activit\u00e9s ici : <a class=\"\" href=\"https:\/\/valenciaandgo.com\/tours\">https:\/\/valenciaandgo.com\/tours<\/a><br \/>D\u00e9couvrez Valence comme un habitant de la r\u00e9gion !<\/p>\t\t\t\t\t\t\t\t<\/div>\n\t\t\t\t<\/div>\n\t\t\t\t<\/div>\n\t\t\t\t\t<\/div>\n\t\t\t\t<\/div>\n\t\t\t\t<\/div>","protected":false},"excerpt":{"rendered":"<p>Cuando hablamos de vinos espa\u00f1oles, lo primero que viene a la mente suele ser Rioja o Ribera del Duero. Pero en el coraz\u00f3n de la Comunidad Valenciana se cultiva una uva aut\u00f3ctona, antigua y sorprendente: la Bobal. Un vino con cuerpo, personalidad y mucha historia&#8230; aunque muy pocos lo conocen. Y eso lo hace todav\u00eda [&hellip;]<\/p>\n","protected":false},"author":1,"featured_media":752,"comment_status":"closed","ping_status":"closed","sticky":false,"template":"","format":"standard","meta":{"_acf_changed":false,"footnotes":""},"categories":[23,24,54],"tags":[63,53],"class_list":["post-567","post","type-post","status-publish","format-standard","has-post-thumbnail","hentry","category-gastronomia","category-noticias","category-que-hacer","tag-planes","tag-valencia"],"acf":[],"yoast_head":"<!-- This site is optimized with the Yoast SEO plugin v27.5 - https:\/\/yoast.com\/product\/yoast-seo-wordpress\/ -->\n<title>El vino m\u00e1s desconocido del mundo est\u00e1 en Valencia<\/title>\n<meta name=\"description\" content=\"\u00bfTe gustar\u00eda degustar un vino \u00fanico entre cuevas, vi\u00f1as y bodegas hist\u00f3ricas? Descubre la excursi\u00f3n con la que podr\u00e1s disfrutarlo.\" \/>\n<meta name=\"robots\" content=\"noindex, follow, max-snippet:-1, max-image-preview:large, max-video-preview:-1\" \/>\n<meta property=\"og:locale\" content=\"fr_FR\" \/>\n<meta property=\"og:type\" content=\"article\" \/>\n<meta property=\"og:title\" content=\"El vino m\u00e1s desconocido del mundo est\u00e1 en Valencia\" \/>\n<meta property=\"og:description\" content=\"\u00bfTe gustar\u00eda degustar un vino \u00fanico entre cuevas, vi\u00f1as y bodegas hist\u00f3ricas? Descubre la excursi\u00f3n con la que podr\u00e1s disfrutarlo.\" \/>\n<meta property=\"og:url\" content=\"https:\/\/upgrade.valenciaandgo.com\/fr\/excursion-vin-de-valence-requena\/\" \/>\n<meta property=\"og:site_name\" content=\"Valencia&amp;Go\" \/>\n<meta property=\"article:publisher\" content=\"https:\/\/www.facebook.com\/valenciaandgo\/\" \/>\n<meta property=\"article:published_time\" content=\"2025-09-02T09:03:00+00:00\" \/>\n<meta property=\"article:modified_time\" content=\"2026-03-14T13:01:26+00:00\" \/>\n<meta property=\"og:image\" content=\"https:\/\/upgrade.valenciaandgo.com\/wp-content\/uploads\/2025\/11\/img-blog-vino-mas-desconocido.webp\" \/>\n\t<meta property=\"og:image:width\" content=\"1170\" \/>\n\t<meta property=\"og:image:height\" content=\"783\" \/>\n\t<meta property=\"og:image:type\" content=\"image\/webp\" \/>\n<meta name=\"author\" content=\"Valencia &amp; Go\" \/>\n<meta name=\"twitter:card\" content=\"summary_large_image\" \/>\n<meta name=\"twitter:label1\" content=\"\u00c9crit par\" \/>\n\t<meta name=\"twitter:data1\" content=\"Valencia &amp; Go\" \/>\n\t<meta name=\"twitter:label2\" content=\"Dur\u00e9e de lecture estim\u00e9e\" \/>\n\t<meta name=\"twitter:data2\" content=\"3 minutes\" \/>\n<script type=\"application\/ld+json\" class=\"yoast-schema-graph\">{\"@context\":\"https:\\\/\\\/schema.org\",\"@graph\":[{\"@type\":\"Article\",\"@id\":\"https:\\\/\\\/upgrade.valenciaandgo.com\\\/vino-valencia-excursion-requena\\\/#article\",\"isPartOf\":{\"@id\":\"https:\\\/\\\/upgrade.valenciaandgo.com\\\/vino-valencia-excursion-requena\\\/\"},\"author\":{\"name\":\"Valencia &amp; Go\",\"@id\":\"https:\\\/\\\/upgrade.valenciaandgo.com\\\/it\\\/#\\\/schema\\\/person\\\/ca673553802eb937b57af07a6ce74908\"},\"headline\":\"El vino m\u00e1s desconocido del mundo est\u00e1 en Valencia (y as\u00ed puedes probarlo)\",\"datePublished\":\"2025-09-02T09:03:00+00:00\",\"dateModified\":\"2026-03-14T13:01:26+00:00\",\"mainEntityOfPage\":{\"@id\":\"https:\\\/\\\/upgrade.valenciaandgo.com\\\/vino-valencia-excursion-requena\\\/\"},\"wordCount\":502,\"publisher\":{\"@id\":\"https:\\\/\\\/upgrade.valenciaandgo.com\\\/it\\\/#organization\"},\"image\":{\"@id\":\"https:\\\/\\\/upgrade.valenciaandgo.com\\\/vino-valencia-excursion-requena\\\/#primaryimage\"},\"thumbnailUrl\":\"https:\\\/\\\/upgrade.valenciaandgo.com\\\/wp-content\\\/uploads\\\/2025\\\/11\\\/img-blog-vino-mas-desconocido.webp\",\"keywords\":[\"planes\",\"Valencia\"],\"articleSection\":[\"Gastronom\u00eda\",\"Noticias\",\"Qu\u00e9 hacer\"],\"inLanguage\":\"fr-FR\"},{\"@type\":\"WebPage\",\"@id\":\"https:\\\/\\\/upgrade.valenciaandgo.com\\\/vino-valencia-excursion-requena\\\/\",\"url\":\"https:\\\/\\\/upgrade.valenciaandgo.com\\\/vino-valencia-excursion-requena\\\/\",\"name\":\"El vino m\u00e1s desconocido del mundo est\u00e1 en Valencia\",\"isPartOf\":{\"@id\":\"https:\\\/\\\/upgrade.valenciaandgo.com\\\/it\\\/#website\"},\"primaryImageOfPage\":{\"@id\":\"https:\\\/\\\/upgrade.valenciaandgo.com\\\/vino-valencia-excursion-requena\\\/#primaryimage\"},\"image\":{\"@id\":\"https:\\\/\\\/upgrade.valenciaandgo.com\\\/vino-valencia-excursion-requena\\\/#primaryimage\"},\"thumbnailUrl\":\"https:\\\/\\\/upgrade.valenciaandgo.com\\\/wp-content\\\/uploads\\\/2025\\\/11\\\/img-blog-vino-mas-desconocido.webp\",\"datePublished\":\"2025-09-02T09:03:00+00:00\",\"dateModified\":\"2026-03-14T13:01:26+00:00\",\"description\":\"\u00bfTe gustar\u00eda degustar un vino \u00fanico entre cuevas, vi\u00f1as y bodegas hist\u00f3ricas? Descubre la excursi\u00f3n con la que podr\u00e1s disfrutarlo.\",\"breadcrumb\":{\"@id\":\"https:\\\/\\\/upgrade.valenciaandgo.com\\\/vino-valencia-excursion-requena\\\/#breadcrumb\"},\"inLanguage\":\"fr-FR\",\"potentialAction\":[{\"@type\":\"ReadAction\",\"target\":[\"https:\\\/\\\/upgrade.valenciaandgo.com\\\/vino-valencia-excursion-requena\\\/\"]}]},{\"@type\":\"ImageObject\",\"inLanguage\":\"fr-FR\",\"@id\":\"https:\\\/\\\/upgrade.valenciaandgo.com\\\/vino-valencia-excursion-requena\\\/#primaryimage\",\"url\":\"https:\\\/\\\/upgrade.valenciaandgo.com\\\/wp-content\\\/uploads\\\/2025\\\/11\\\/img-blog-vino-mas-desconocido.webp\",\"contentUrl\":\"https:\\\/\\\/upgrade.valenciaandgo.com\\\/wp-content\\\/uploads\\\/2025\\\/11\\\/img-blog-vino-mas-desconocido.webp\",\"width\":1170,\"height\":783},{\"@type\":\"BreadcrumbList\",\"@id\":\"https:\\\/\\\/upgrade.valenciaandgo.com\\\/vino-valencia-excursion-requena\\\/#breadcrumb\",\"itemListElement\":[{\"@type\":\"ListItem\",\"position\":1,\"name\":\"Portada\",\"item\":\"https:\\\/\\\/upgrade.valenciaandgo.com\\\/\"},{\"@type\":\"ListItem\",\"position\":2,\"name\":\"El vino m\u00e1s desconocido del mundo est\u00e1 en Valencia (y as\u00ed puedes probarlo)\"}]},{\"@type\":\"WebSite\",\"@id\":\"https:\\\/\\\/upgrade.valenciaandgo.com\\\/it\\\/#website\",\"url\":\"https:\\\/\\\/upgrade.valenciaandgo.com\\\/it\\\/\",\"name\":\"Valencia&Go\",\"description\":\"Tours por Valencia y alrededores de ciudad.\",\"publisher\":{\"@id\":\"https:\\\/\\\/upgrade.valenciaandgo.com\\\/it\\\/#organization\"},\"potentialAction\":[{\"@type\":\"SearchAction\",\"target\":{\"@type\":\"EntryPoint\",\"urlTemplate\":\"https:\\\/\\\/upgrade.valenciaandgo.com\\\/it\\\/?s={search_term_string}\"},\"query-input\":{\"@type\":\"PropertyValueSpecification\",\"valueRequired\":true,\"valueName\":\"search_term_string\"}}],\"inLanguage\":\"fr-FR\"},{\"@type\":\"Organization\",\"@id\":\"https:\\\/\\\/upgrade.valenciaandgo.com\\\/it\\\/#organization\",\"name\":\"Valencia&Go\",\"url\":\"https:\\\/\\\/upgrade.valenciaandgo.com\\\/it\\\/\",\"logo\":{\"@type\":\"ImageObject\",\"inLanguage\":\"fr-FR\",\"@id\":\"https:\\\/\\\/upgrade.valenciaandgo.com\\\/it\\\/#\\\/schema\\\/logo\\\/image\\\/\",\"url\":\"https:\\\/\\\/upgrade.valenciaandgo.com\\\/wp-content\\\/uploads\\\/2025\\\/10\\\/valencia_go-svg-blnc-iso-naranja.svg\",\"contentUrl\":\"https:\\\/\\\/upgrade.valenciaandgo.com\\\/wp-content\\\/uploads\\\/2025\\\/10\\\/valencia_go-svg-blnc-iso-naranja.svg\",\"width\":434,\"height\":102,\"caption\":\"Valencia&Go\"},\"image\":{\"@id\":\"https:\\\/\\\/upgrade.valenciaandgo.com\\\/it\\\/#\\\/schema\\\/logo\\\/image\\\/\"},\"sameAs\":[\"https:\\\/\\\/www.facebook.com\\\/valenciaandgo\\\/\",\"https:\\\/\\\/www.instagram.com\\\/valenciaandgo\",\"https:\\\/\\\/www.linkedin.com\\\/company\\\/valencia-go\\\/\",\"https:\\\/\\\/www.tiktok.com\\\/@valenciaandgo\"]},{\"@type\":\"Person\",\"@id\":\"https:\\\/\\\/upgrade.valenciaandgo.com\\\/it\\\/#\\\/schema\\\/person\\\/ca673553802eb937b57af07a6ce74908\",\"name\":\"Valencia &amp; Go\",\"sameAs\":[\"https:\\\/\\\/valenciaandgo.com\"],\"url\":\"https:\\\/\\\/upgrade.valenciaandgo.com\\\/fr\\\/author\\\/valencia\\\/\"}]}<\/script>\n<!-- \/ Yoast SEO plugin. -->","yoast_head_json":{"title":"Le vin le plus m\u00e9connu au monde se trouve \u00e0 Valence","description":"Vous souhaitez d\u00e9guster un vin unique entre grottes, vignobles et caves historiques ? D\u00e9couvrez l'excursion qui vous permettra d'en profiter.","robots":{"index":"noindex","follow":"follow","max-snippet":"max-snippet:-1","max-image-preview":"max-image-preview:large","max-video-preview":"max-video-preview:-1"},"og_locale":"fr_FR","og_type":"article","og_title":"El vino m\u00e1s desconocido del mundo est\u00e1 en Valencia","og_description":"\u00bfTe gustar\u00eda degustar un vino \u00fanico entre cuevas, vi\u00f1as y bodegas hist\u00f3ricas? Descubre la excursi\u00f3n con la que podr\u00e1s disfrutarlo.","og_url":"https:\/\/upgrade.valenciaandgo.com\/fr\/excursion-vin-de-valence-requena\/","og_site_name":"Valencia&amp;Go","article_publisher":"https:\/\/www.facebook.com\/valenciaandgo\/","article_published_time":"2025-09-02T09:03:00+00:00","article_modified_time":"2026-03-14T13:01:26+00:00","og_image":[{"width":1170,"height":783,"url":"https:\/\/upgrade.valenciaandgo.com\/wp-content\/uploads\/2025\/11\/img-blog-vino-mas-desconocido.webp","type":"image\/webp"}],"author":"Valencia &amp; Go","twitter_card":"summary_large_image","twitter_misc":{"\u00c9crit par":"Valencia &amp; Go","Dur\u00e9e de lecture estim\u00e9e":"3 minutes"},"schema":{"@context":"https:\/\/schema.org","@graph":[{"@type":"Article","@id":"https:\/\/upgrade.valenciaandgo.com\/vino-valencia-excursion-requena\/#article","isPartOf":{"@id":"https:\/\/upgrade.valenciaandgo.com\/vino-valencia-excursion-requena\/"},"author":{"name":"Valencia &amp; Go","@id":"https:\/\/upgrade.valenciaandgo.com\/it\/#\/schema\/person\/ca673553802eb937b57af07a6ce74908"},"headline":"El vino m\u00e1s desconocido del mundo est\u00e1 en Valencia (y as\u00ed puedes probarlo)","datePublished":"2025-09-02T09:03:00+00:00","dateModified":"2026-03-14T13:01:26+00:00","mainEntityOfPage":{"@id":"https:\/\/upgrade.valenciaandgo.com\/vino-valencia-excursion-requena\/"},"wordCount":502,"publisher":{"@id":"https:\/\/upgrade.valenciaandgo.com\/it\/#organization"},"image":{"@id":"https:\/\/upgrade.valenciaandgo.com\/vino-valencia-excursion-requena\/#primaryimage"},"thumbnailUrl":"https:\/\/upgrade.valenciaandgo.com\/wp-content\/uploads\/2025\/11\/img-blog-vino-mas-desconocido.webp","keywords":["planes","Valencia"],"articleSection":["Gastronom\u00eda","Noticias","Qu\u00e9 hacer"],"inLanguage":"fr-FR"},{"@type":"WebPage","@id":"https:\/\/upgrade.valenciaandgo.com\/vino-valencia-excursion-requena\/","url":"https:\/\/upgrade.valenciaandgo.com\/vino-valencia-excursion-requena\/","name":"Le vin le plus m\u00e9connu au monde se trouve \u00e0 Valence","isPartOf":{"@id":"https:\/\/upgrade.valenciaandgo.com\/it\/#website"},"primaryImageOfPage":{"@id":"https:\/\/upgrade.valenciaandgo.com\/vino-valencia-excursion-requena\/#primaryimage"},"image":{"@id":"https:\/\/upgrade.valenciaandgo.com\/vino-valencia-excursion-requena\/#primaryimage"},"thumbnailUrl":"https:\/\/upgrade.valenciaandgo.com\/wp-content\/uploads\/2025\/11\/img-blog-vino-mas-desconocido.webp","datePublished":"2025-09-02T09:03:00+00:00","dateModified":"2026-03-14T13:01:26+00:00","description":"Vous souhaitez d\u00e9guster un vin unique entre grottes, vignobles et caves historiques ? D\u00e9couvrez l'excursion qui vous permettra d'en profiter.","breadcrumb":{"@id":"https:\/\/upgrade.valenciaandgo.com\/vino-valencia-excursion-requena\/#breadcrumb"},"inLanguage":"fr-FR","potentialAction":[{"@type":"ReadAction","target":["https:\/\/upgrade.valenciaandgo.com\/vino-valencia-excursion-requena\/"]}]},{"@type":"ImageObject","inLanguage":"fr-FR","@id":"https:\/\/upgrade.valenciaandgo.com\/vino-valencia-excursion-requena\/#primaryimage","url":"https:\/\/upgrade.valenciaandgo.com\/wp-content\/uploads\/2025\/11\/img-blog-vino-mas-desconocido.webp","contentUrl":"https:\/\/upgrade.valenciaandgo.com\/wp-content\/uploads\/2025\/11\/img-blog-vino-mas-desconocido.webp","width":1170,"height":783},{"@type":"BreadcrumbList","@id":"https:\/\/upgrade.valenciaandgo.com\/vino-valencia-excursion-requena\/#breadcrumb","itemListElement":[{"@type":"ListItem","position":1,"name":"Portada","item":"https:\/\/upgrade.valenciaandgo.com\/"},{"@type":"ListItem","position":2,"name":"El vino m\u00e1s desconocido del mundo est\u00e1 en Valencia (y as\u00ed puedes probarlo)"}]},{"@type":"WebSite","@id":"https:\/\/upgrade.valenciaandgo.com\/it\/#website","url":"https:\/\/upgrade.valenciaandgo.com\/it\/","name":"Valencia&amp;Go","description":"Visites de Valence et de ses environs.","publisher":{"@id":"https:\/\/upgrade.valenciaandgo.com\/it\/#organization"},"potentialAction":[{"@type":"SearchAction","target":{"@type":"EntryPoint","urlTemplate":"https:\/\/upgrade.valenciaandgo.com\/it\/?s={search_term_string}"},"query-input":{"@type":"PropertyValueSpecification","valueRequired":true,"valueName":"search_term_string"}}],"inLanguage":"fr-FR"},{"@type":"Organization","@id":"https:\/\/upgrade.valenciaandgo.com\/it\/#organization","name":"Valencia&amp;Go","url":"https:\/\/upgrade.valenciaandgo.com\/it\/","logo":{"@type":"ImageObject","inLanguage":"fr-FR","@id":"https:\/\/upgrade.valenciaandgo.com\/it\/#\/schema\/logo\/image\/","url":"https:\/\/upgrade.valenciaandgo.com\/wp-content\/uploads\/2025\/10\/valencia_go-svg-blnc-iso-naranja.svg","contentUrl":"https:\/\/upgrade.valenciaandgo.com\/wp-content\/uploads\/2025\/10\/valencia_go-svg-blnc-iso-naranja.svg","width":434,"height":102,"caption":"Valencia&Go"},"image":{"@id":"https:\/\/upgrade.valenciaandgo.com\/it\/#\/schema\/logo\/image\/"},"sameAs":["https:\/\/www.facebook.com\/valenciaandgo\/","https:\/\/www.instagram.com\/valenciaandgo","https:\/\/www.linkedin.com\/company\/valencia-go\/","https:\/\/www.tiktok.com\/@valenciaandgo"]},{"@type":"Person","@id":"https:\/\/upgrade.valenciaandgo.com\/it\/#\/schema\/person\/ca673553802eb937b57af07a6ce74908","name":"Valence &amp; Go","sameAs":["https:\/\/valenciaandgo.com"],"url":"https:\/\/upgrade.valenciaandgo.com\/fr\/author\/valencia\/"}]}},"_links":{"self":[{"href":"https:\/\/upgrade.valenciaandgo.com\/fr\/wp-json\/wp\/v2\/posts\/567","targetHints":{"allow":["GET"]}}],"collection":[{"href":"https:\/\/upgrade.valenciaandgo.com\/fr\/wp-json\/wp\/v2\/posts"}],"about":[{"href":"https:\/\/upgrade.valenciaandgo.com\/fr\/wp-json\/wp\/v2\/types\/post"}],"author":[{"embeddable":true,"href":"https:\/\/upgrade.valenciaandgo.com\/fr\/wp-json\/wp\/v2\/users\/1"}],"replies":[{"embeddable":true,"href":"https:\/\/upgrade.valenciaandgo.com\/fr\/wp-json\/wp\/v2\/comments?post=567"}],"version-history":[{"count":0,"href":"https:\/\/upgrade.valenciaandgo.com\/fr\/wp-json\/wp\/v2\/posts\/567\/revisions"}],"wp:featuredmedia":[{"embeddable":true,"href":"https:\/\/upgrade.valenciaandgo.com\/fr\/wp-json\/wp\/v2\/media\/752"}],"wp:attachment":[{"href":"https:\/\/upgrade.valenciaandgo.com\/fr\/wp-json\/wp\/v2\/media?parent=567"}],"wp:term":[{"taxonomy":"category","embeddable":true,"href":"https:\/\/upgrade.valenciaandgo.com\/fr\/wp-json\/wp\/v2\/categories?post=567"},{"taxonomy":"post_tag","embeddable":true,"href":"https:\/\/upgrade.valenciaandgo.com\/fr\/wp-json\/wp\/v2\/tags?post=567"}],"curies":[{"name":"wp","href":"https:\/\/api.w.org\/{rel}","templated":true}]}}