{"id":565,"date":"2025-08-07T09:43:00","date_gmt":"2025-08-07T09:43:00","guid":{"rendered":"https:\/\/new.valenciaandgo.com\/?p=565"},"modified":"2026-03-14T13:01:26","modified_gmt":"2026-03-14T13:01:26","slug":"le-guide-definitif-de-lete-a-valence","status":"publish","type":"post","link":"https:\/\/upgrade.valenciaandgo.com\/fr\/la-guia-definitiva-verano-en-valencia\/","title":{"rendered":"Le guide d\u00e9finitif pour se rafra\u00eechir en \u00e9t\u00e9 \u00e0 Valence"},"content":{"rendered":"<div data-elementor-type=\"wp-post\" data-elementor-id=\"565\" class=\"elementor elementor-565\" data-elementor-post-type=\"post\">\n\t\t\t\t<div class=\"elementor-element elementor-element-52316c5 e-con-full e-flex e-con e-child\" data-id=\"52316c5\" data-element_type=\"container\" data-e-type=\"container\">\n\t\t\t\t<div class=\"elementor-element elementor-element-473ca3c elementor-widget elementor-widget-text-editor\" data-id=\"473ca3c\" data-element_type=\"widget\" data-e-type=\"widget\" data-widget_type=\"text-editor.default\">\n\t\t\t\t\t\t\t\t\t<p>D\u00e9couvrez comment lutter contre la chaleur \u00e0 Valence avec les meilleurs plans : plages labellis\u00e9es, bars de plage en bord de mer, parcs ombrag\u00e9s et mus\u00e9es climatis\u00e9s, y compris des activit\u00e9s pour les enfants et des options de visites guid\u00e9es !<\/p><p><!-- \/wp:paragraph --><\/p>\t\t\t\t\t\t\t\t<\/div>\n\t\t\t\t<\/div>\n\t\t<div class=\"elementor-element elementor-element-db70533 e-con-full e-flex e-con e-child\" data-id=\"db70533\" data-element_type=\"container\" data-e-type=\"container\">\n\t\t<div class=\"elementor-element elementor-element-2e38ab4 e-con-full e-flex e-con e-child\" data-id=\"2e38ab4\" data-element_type=\"container\" data-e-type=\"container\">\n\t\t\t\t<div class=\"elementor-element elementor-element-e5258b1 elementor-widget elementor-widget-heading\" data-id=\"e5258b1\" data-element_type=\"widget\" data-e-type=\"widget\" data-widget_type=\"heading.default\">\n\t\t\t\t\t<h2 class=\"elementor-heading-title elementor-size-default\">Des plages pour s'amuser et se rafra\u00eechir<\/h2>\t\t\t\t<\/div>\n\t\t\t\t<\/div>\n\t\t<div class=\"elementor-element elementor-element-2534ecd e-con-full e-flex e-con e-child\" data-id=\"2534ecd\" data-element_type=\"container\" data-e-type=\"container\">\n\t\t\t\t<div class=\"elementor-element elementor-element-9211afb elementor-widget elementor-widget-text-editor\" data-id=\"9211afb\" data-element_type=\"widget\" data-e-type=\"widget\" data-widget_type=\"text-editor.default\">\n\t\t\t\t\t\t\t\t\t<p>Comme nous le savons d\u00e9j\u00e0, la Communaut\u00e9 valencienne est r\u00e9put\u00e9e pour son ensoleillement tout au long de l'ann\u00e9e et... ses plages ! C'est pourquoi elles sont aussi la premi\u00e8re ressource \u00e0 affronter la chaleur de l'\u00e9t\u00e9. Voici une liste des plages les plus proches de la ville de Valence :<\/p><p><strong>Plage de Malvarrosa :<\/strong>\u00a0Le plus embl\u00e9matique, avec une large gamme de services et d'activit\u00e9s.<\/p><p><strong>Plage de La Patacona :<\/strong>\u00a0Connu pour son ambiance familiale et sa tranquillit\u00e9.<\/p><p><strong>Plage d'El Saler :<\/strong>\u00a0Situ\u00e9 dans le parc naturel de l'Albufera, il offre un environnement plus naturel et moins fr\u00e9quent\u00e9.<\/p><p><strong>Plage de Pinedo :<\/strong>\u00a0Proche de la ville et moins fr\u00e9quent\u00e9e, elle est id\u00e9ale pour ceux qui recherchent le calme et la tranquillit\u00e9.<\/p><p><strong>Plage de Meliana :<\/strong>\u00a0\u00c0 seulement 20 minutes du centre, cette plage pr\u00e9serv\u00e9e est id\u00e9ale pour ceux qui recherchent la tranquillit\u00e9 et la nature.<\/p><p><strong>Plage de Rabdells (Oliva) :<\/strong>\u00a0L'une des plages les plus pr\u00e9serv\u00e9es et les plus tranquilles de la r\u00e9gion, entour\u00e9e de dunes et dot\u00e9e d'installations sportives.<\/p><p><strong>Plage du phare \u00e0 Cullera :<\/strong>\u00a0Avec 100 m\u00e8tres de sable fin et des eaux propres, il est id\u00e9al pour se d\u00e9tendre et profiter du paysage.<\/p>\t\t\t\t\t\t\t\t<\/div>\n\t\t\t\t<div class=\"elementor-element elementor-element-ac0cea9 elementor-widget elementor-widget-image\" data-id=\"ac0cea9\" data-element_type=\"widget\" data-e-type=\"widget\" data-widget_type=\"image.default\">\n\t\t\t\t\t\t\t\t\t\t\t\t\t\t\t<img decoding=\"async\" width=\"128\" height=\"72\" src=\"https:\/\/upgrade.valenciaandgo.com\/wp-content\/uploads\/2025\/12\/playas-valencia.webp\" class=\"attachment-thumbnail size-thumbnail wp-image-3289\" alt=\"\" \/>\t\t\t\t\t\t\t\t\t\t\t\t\t\t\t<\/div>\n\t\t\t\t<\/div>\n\t\t\t\t<\/div>\n\t\t<div class=\"elementor-element elementor-element-2310f6c e-con-full e-flex e-con e-child\" data-id=\"2310f6c\" data-element_type=\"container\" data-e-type=\"container\">\n\t\t<div class=\"elementor-element elementor-element-63b5382 e-con-full e-flex e-con e-child\" data-id=\"63b5382\" data-element_type=\"container\" data-e-type=\"container\">\n\t\t\t\t<div class=\"elementor-element elementor-element-00a2cb8 elementor-widget elementor-widget-heading\" data-id=\"00a2cb8\" data-element_type=\"widget\" data-e-type=\"widget\" data-widget_type=\"heading.default\">\n\t\t\t\t\t<h2 class=\"elementor-heading-title elementor-size-default\">Des bars de plage charmants pour se d\u00e9tendre au bord de la mer<\/h2>\t\t\t\t<\/div>\n\t\t\t\t<\/div>\n\t\t<div class=\"elementor-element elementor-element-208b6ef e-con-full e-flex e-con e-child\" data-id=\"208b6ef\" data-element_type=\"container\" data-e-type=\"container\">\n\t\t\t\t<div class=\"elementor-element elementor-element-ef025f6 elementor-widget elementor-widget-text-editor\" data-id=\"ef025f6\" data-element_type=\"widget\" data-e-type=\"widget\" data-widget_type=\"text-editor.default\">\n\t\t\t\t\t\t\t\t\t<p>Quoi de mieux pour se rafra\u00eechir qu'un bon verre avec vue sur la mer ? Ces bars de plage vous feront profiter de la brise marine et d'un bon repas :<\/p><ul class=\"wp-block-list\"><li><strong>La M\u00e1s Bonita (Patacona) :<\/strong>\u00a0C\u00e9l\u00e8bre pour sa d\u00e9coration et son offre gastronomique.<\/li><li><strong>Chiringuito El Ocho (Patacona) :<\/strong>\u00a0Ambiance d\u00e9tendue et musique live.<\/li><li><strong>Oli Ba Ba :<\/strong>\u00a0Avec un menu vari\u00e9 et des cocktails rafra\u00eechissants.<\/li><li><strong>Plage de Portolito :<\/strong>\u00a0Situ\u00e9 sur la plage de Las Arenas, il offre une exp\u00e9rience gastronomique en bord de mer.<\/li><li><strong>Mikkonos Beach Club :<\/strong>\u00a0Situ\u00e9 sur la plage de Malvarrosa, il allie musique et gastronomie dans un cadre unique.<\/li><\/ul>\t\t\t\t\t\t\t\t<\/div>\n\t\t\t\t<\/div>\n\t\t\t\t<\/div>\n\t\t<div class=\"elementor-element elementor-element-88606ca e-con-full e-flex e-con e-child\" data-id=\"88606ca\" data-element_type=\"container\" data-e-type=\"container\">\n\t\t<div class=\"elementor-element elementor-element-2d8c348 e-con-full e-flex e-con e-child\" data-id=\"2d8c348\" data-element_type=\"container\" data-e-type=\"container\">\n\t\t\t\t<div class=\"elementor-element elementor-element-7c1e4a6 elementor-widget elementor-widget-heading\" data-id=\"7c1e4a6\" data-element_type=\"widget\" data-e-type=\"widget\" data-widget_type=\"heading.default\">\n\t\t\t\t\t<h2 class=\"elementor-heading-title elementor-size-default\">Plans avec enfants pour les journ\u00e9es chaudes\n<\/h2>\t\t\t\t<\/div>\n\t\t\t\t<\/div>\n\t\t<div class=\"elementor-element elementor-element-7ce7345 e-con-full e-flex e-con e-child\" data-id=\"7ce7345\" data-element_type=\"container\" data-e-type=\"container\">\n\t\t\t\t<div class=\"elementor-element elementor-element-a3947d4 elementor-widget elementor-widget-text-editor\" data-id=\"a3947d4\" data-element_type=\"widget\" data-e-type=\"widget\" data-widget_type=\"text-editor.default\">\n\t\t\t\t\t\t\t\t\t<p>Si vous visitez Valence en famille, voici une liste de lieux \u00e0 visiter ensemble pendant les mois les plus chauds.<\/p><ul class=\"wp-block-list\"><li><strong>Parc Gulliver :<\/strong>\u00a0L'un des parcs \u00e0 th\u00e8me les plus c\u00e9l\u00e8bres de Valence, avec des toboggans et des aires de jeux.<\/li><li><strong>Parque de Cabecera :<\/strong>\u00a0Ce grand parc situ\u00e9 \u00e0 la p\u00e9riph\u00e9rie de la capitale dispose d'un lac et de vastes espaces verts, parfaits pour les familles.<\/li><li><strong>Jardins de Viveros :<\/strong>\u00a0Espace vert avec des aires de jeux et de l'ombre, id\u00e9al pour les sorties en famille. Il propose \u00e9galement des programmes culturels tout au long de l'ann\u00e9e.<\/li><li><strong>Parc Pocoyo :<\/strong>\u00a0Inspir\u00e9 par le c\u00e9l\u00e8bre personnage pour enfants, il propose des aires de jeux \u00e0 th\u00e8me.<\/li><li><strong>Parc de l'Ouest :<\/strong>\u00a0Il dispose de piscines ext\u00e9rieures et d'aires de jeux, parfaites pour lutter contre la chaleur.<\/li><\/ul>\t\t\t\t\t\t\t\t<\/div>\n\t\t\t\t<\/div>\n\t\t\t\t<\/div>\n\t\t<div class=\"elementor-element elementor-element-fbba8fa e-con-full e-flex e-con e-child\" data-id=\"fbba8fa\" data-element_type=\"container\" data-e-type=\"container\">\n\t\t<div class=\"elementor-element elementor-element-4390c29 e-con-full e-flex e-con e-child\" data-id=\"4390c29\" data-element_type=\"container\" data-e-type=\"container\">\n\t\t\t\t<div class=\"elementor-element elementor-element-7733049 elementor-widget elementor-widget-heading\" data-id=\"7733049\" data-element_type=\"widget\" data-e-type=\"widget\" data-widget_type=\"heading.default\">\n\t\t\t\t\t<h2 class=\"elementor-heading-title elementor-size-default\">Des parcs pour se reposer \u00e0 l'ombre<\/h2>\t\t\t\t<\/div>\n\t\t\t\t<\/div>\n\t\t<div class=\"elementor-element elementor-element-be64272 e-con-full e-flex e-con e-child\" data-id=\"be64272\" data-element_type=\"container\" data-e-type=\"container\">\n\t\t\t\t<div class=\"elementor-element elementor-element-550abce elementor-widget elementor-widget-text-editor\" data-id=\"550abce\" data-element_type=\"widget\" data-e-type=\"widget\" data-widget_type=\"text-editor.default\">\n\t\t\t\t\t\t\t\t\t<p>Si Valence est c\u00e9l\u00e8bre pour quelque chose, c'est pour ses espaces verts o\u00f9 vous pouvez vous d\u00e9tendre et profiter de la nature. Profitez de la Capitale verte de l'Europe 2024 dans certains de ces parcs :<\/p><ul class=\"wp-block-list\"><li><strong>Jardin de Turia :<\/strong>\u00a0Un vaste parc traversant la ville, id\u00e9al pour les promenades et les pique-niques.<\/li><li><strong>Central Park :<\/strong>\u00a0Modernes et dot\u00e9s de plans d'eau pour se rafra\u00eechir.<\/li><li><strong>Parc Cabecer<\/strong>a<\/li><\/ul>\t\t\t\t\t\t\t\t<\/div>\n\t\t\t\t<\/div>\n\t\t\t\t<\/div>\n\t\t<div class=\"elementor-element elementor-element-91902be e-con-full e-flex e-con e-child\" data-id=\"91902be\" data-element_type=\"container\" data-e-type=\"container\">\n\t\t<div class=\"elementor-element elementor-element-0880810 e-con-full e-flex e-con e-child\" data-id=\"0880810\" data-element_type=\"container\" data-e-type=\"container\">\n\t\t\t\t<div class=\"elementor-element elementor-element-96b9604 elementor-widget elementor-widget-heading\" data-id=\"96b9604\" data-element_type=\"widget\" data-e-type=\"widget\" data-widget_type=\"heading.default\">\n\t\t\t\t\t<h2 class=\"elementor-heading-title elementor-size-default\">Mus\u00e9es pour les journ\u00e9es chaudes<\/h2>\t\t\t\t<\/div>\n\t\t\t\t<\/div>\n\t\t<div class=\"elementor-element elementor-element-415fc7a e-con-full e-flex e-con e-child\" data-id=\"415fc7a\" data-element_type=\"container\" data-e-type=\"container\">\n\t\t\t\t<div class=\"elementor-element elementor-element-7dd62a5 elementor-widget elementor-widget-text-editor\" data-id=\"7dd62a5\" data-element_type=\"widget\" data-e-type=\"widget\" data-widget_type=\"text-editor.default\">\n\t\t\t\t\t\t\t\t\t<p>Une autre option pour d\u00e9couvrir Valence et sa culture est de profiter des heures les plus chaudes de la journ\u00e9e pour se r\u00e9fugier dans un mus\u00e9e :<\/p><ul class=\"wp-block-list\"><li><strong>Centre d'art Hortensia Herrero (CAHH) :<\/strong>\u00a0Install\u00e9 dans le Palazzo Valeriola, il abrite une collection priv\u00e9e d'art contemporain.<\/li><\/ul><ul class=\"wp-block-list\"><li><strong>Mus\u00e9e scientifique Pr\u00edncipe Felipe :<\/strong>\u00a0Interactif et \u00e9ducatif, id\u00e9al pour tous les \u00e2ges.<\/li><\/ul><ul class=\"wp-block-list\"><li><strong>Mus\u00e9e des beaux-arts de Valence :<\/strong>\u00a0Avec une vaste collection d'art classique.<\/li><\/ul><ul class=\"wp-block-list\"><li><strong>Centre del Carme de Cultura Contempor\u00e1nea :<\/strong>\u00a0Espace moderne avec des expositions temporaires.<\/li><\/ul>\t\t\t\t\t\t\t\t<\/div>\n\t\t\t\t<\/div>\n\t\t\t\t<\/div>\n\t\t<div class=\"elementor-element elementor-element-4b4c6de e-con-full e-flex e-con e-child\" data-id=\"4b4c6de\" data-element_type=\"container\" data-e-type=\"container\">\n\t\t<div class=\"elementor-element elementor-element-17dc31a e-con-full e-flex e-con e-child\" data-id=\"17dc31a\" data-element_type=\"container\" data-e-type=\"container\">\n\t\t\t\t<div class=\"elementor-element elementor-element-4fc8ecf elementor-widget elementor-widget-heading\" data-id=\"4fc8ecf\" data-element_type=\"widget\" data-e-type=\"widget\" data-widget_type=\"heading.default\">\n\t\t\t\t\t<h2 class=\"elementor-heading-title elementor-size-default\">Visites rafra\u00eechissantes avec Valencia&amp;Go<\/h2>\t\t\t\t<\/div>\n\t\t\t\t<\/div>\n\t\t<div class=\"elementor-element elementor-element-da7ef73 e-con-full e-flex e-con e-child\" data-id=\"da7ef73\" data-element_type=\"container\" data-e-type=\"container\">\n\t\t\t\t<div class=\"elementor-element elementor-element-a866593 elementor-widget__width-initial elementor-widget elementor-widget-image\" data-id=\"a866593\" data-element_type=\"widget\" data-e-type=\"widget\" data-widget_type=\"image.default\">\n\t\t\t\t\t\t\t\t\t\t\t\t\t\t\t<img decoding=\"async\" width=\"128\" height=\"96\" src=\"https:\/\/upgrade.valenciaandgo.com\/wp-content\/uploads\/tours-excursiones\/02-cuevas-san-jose\/cuevas-san-jose_4.webp\" class=\"attachment-thumbnail size-thumbnail wp-image-5563\" alt=\"Visite en bateau de l&#039;int\u00e9rieur des grottes de San Jos\u00e9\" \/>\t\t\t\t\t\t\t\t\t\t\t\t\t\t\t<\/div>\n\t\t\t\t<div class=\"elementor-element elementor-element-ae71f04 elementor-widget elementor-widget-text-editor\" data-id=\"ae71f04\" data-element_type=\"widget\" data-e-type=\"widget\" data-widget_type=\"text-editor.default\">\n\t\t\t\t\t\t\t\t\t<p>De plus, si vous souhaitez d\u00e9couvrir Valence avec des guides officiels locaux et ne rien manquer, nous vous invitons \u00e0 participer \u00e0 nos visites et excursions :<\/p><ul class=\"wp-block-list\"><li><strong>Excursion en bateau dans l'Albufera :<\/strong>\u00a0Naviguez dans ce parc naturel et profitez de la brise marine (option matin et apr\u00e8s-midi).<\/li><li><strong>Excursion aux grottes de San Jos\u00e9 :<\/strong>\u00a0Explorez la plus longue rivi\u00e8re souterraine navigable d'Europe.<\/li><li><strong>Excursion \u00e0 Morella et Pe\u00f1\u00edscola<\/strong><\/li><\/ul><h3 class=\"wp-block-heading\">\u00a0<\/h3><p>Vous souhaitez en savoir plus sur Valence et son histoire ? Vous trouverez plus d'informations sur nos r\u00e9seaux sociaux.<\/p><p>Consultez toutes nos visites, excursions et activit\u00e9s ici :\u00a0<a class=\"\" href=\"https:\/\/valenciaandgo.com\/tours\">https:\/\/valenciaandgo.com\/tours<\/a><br \/>D\u00e9couvrez Valence comme un habitant de la r\u00e9gion !<\/p>\t\t\t\t\t\t\t\t<\/div>\n\t\t\t\t<\/div>\n\t\t\t\t<\/div>\n\t\t\t\t<\/div>","protected":false},"excerpt":{"rendered":"<p>Descubre c\u00f3mo combatir el calor en Valencia con los mejores planes: playas con bandera azul, chiringuitos frente al mar, parques sombreados y museos con aire acondicionado. \u00a1Incluye actividades para ni\u00f1os y opciones de tours guiados! Playas para disfrutar y refrescarse Como ya sabemos la Comunidad Valenciana es famosa por el sol durante todo el a\u00f1o [&hellip;]<\/p>\n","protected":false},"author":1,"featured_media":725,"comment_status":"closed","ping_status":"closed","sticky":false,"template":"","format":"standard","meta":{"_acf_changed":false,"footnotes":""},"categories":[24,54],"tags":[63,53],"class_list":["post-565","post","type-post","status-publish","format-standard","has-post-thumbnail","hentry","category-noticias","category-que-hacer","tag-planes","tag-valencia"],"acf":[],"yoast_head":"<!-- This site is optimized with the Yoast SEO plugin v27.5 - https:\/\/yoast.com\/product\/yoast-seo-wordpress\/ -->\n<title>Planes refrescantes en Valencia: planes para el verano<\/title>\n<meta name=\"description\" content=\"Descubre c\u00f3mo combatir el calor en Valencia con los mejores planes: \u00a1incluye actividades para ni\u00f1os y opciones de tours guiados!\" \/>\n<meta name=\"robots\" content=\"noindex, follow, max-snippet:-1, max-image-preview:large, max-video-preview:-1\" \/>\n<meta property=\"og:locale\" content=\"fr_FR\" \/>\n<meta property=\"og:type\" content=\"article\" \/>\n<meta property=\"og:title\" content=\"Planes refrescantes en Valencia: planes para el verano\" \/>\n<meta property=\"og:description\" content=\"Descubre c\u00f3mo combatir el calor en Valencia con los mejores planes: \u00a1incluye actividades para ni\u00f1os y opciones de tours guiados!\" \/>\n<meta property=\"og:url\" content=\"https:\/\/upgrade.valenciaandgo.com\/fr\/le-guide-definitif-de-lete-a-valence\/\" \/>\n<meta property=\"og:site_name\" content=\"Valencia&amp;Go\" \/>\n<meta property=\"article:publisher\" content=\"https:\/\/www.facebook.com\/valenciaandgo\/\" \/>\n<meta property=\"article:published_time\" content=\"2025-08-07T09:43:00+00:00\" \/>\n<meta property=\"article:modified_time\" content=\"2026-03-14T13:01:26+00:00\" \/>\n<meta property=\"og:image\" content=\"https:\/\/upgrade.valenciaandgo.com\/wp-content\/uploads\/2025\/11\/img-blog-guia-definitiva-verano-valencia.webp\" \/>\n\t<meta property=\"og:image:width\" content=\"1170\" \/>\n\t<meta property=\"og:image:height\" content=\"781\" \/>\n\t<meta property=\"og:image:type\" content=\"image\/webp\" \/>\n<meta name=\"author\" content=\"Valencia &amp; Go\" \/>\n<meta name=\"twitter:card\" content=\"summary_large_image\" \/>\n<meta name=\"twitter:label1\" content=\"\u00c9crit par\" \/>\n\t<meta name=\"twitter:data1\" content=\"Valencia &amp; Go\" \/>\n\t<meta name=\"twitter:label2\" content=\"Dur\u00e9e de lecture estim\u00e9e\" \/>\n\t<meta name=\"twitter:data2\" content=\"4 minutes\" \/>\n<script type=\"application\/ld+json\" class=\"yoast-schema-graph\">{\"@context\":\"https:\\\/\\\/schema.org\",\"@graph\":[{\"@type\":\"Article\",\"@id\":\"https:\\\/\\\/upgrade.valenciaandgo.com\\\/la-guia-definitiva-verano-en-valencia\\\/#article\",\"isPartOf\":{\"@id\":\"https:\\\/\\\/upgrade.valenciaandgo.com\\\/la-guia-definitiva-verano-en-valencia\\\/\"},\"author\":{\"name\":\"Valencia &amp; Go\",\"@id\":\"https:\\\/\\\/upgrade.valenciaandgo.com\\\/it\\\/#\\\/schema\\\/person\\\/ca673553802eb937b57af07a6ce74908\"},\"headline\":\"La gu\u00eda definitiva para refrescarte en verano en Valencia\",\"datePublished\":\"2025-08-07T09:43:00+00:00\",\"dateModified\":\"2026-03-14T13:01:26+00:00\",\"mainEntityOfPage\":{\"@id\":\"https:\\\/\\\/upgrade.valenciaandgo.com\\\/la-guia-definitiva-verano-en-valencia\\\/\"},\"wordCount\":754,\"publisher\":{\"@id\":\"https:\\\/\\\/upgrade.valenciaandgo.com\\\/it\\\/#organization\"},\"image\":{\"@id\":\"https:\\\/\\\/upgrade.valenciaandgo.com\\\/la-guia-definitiva-verano-en-valencia\\\/#primaryimage\"},\"thumbnailUrl\":\"https:\\\/\\\/upgrade.valenciaandgo.com\\\/wp-content\\\/uploads\\\/2025\\\/11\\\/img-blog-guia-definitiva-verano-valencia.webp\",\"keywords\":[\"planes\",\"Valencia\"],\"articleSection\":[\"Noticias\",\"Qu\u00e9 hacer\"],\"inLanguage\":\"fr-FR\"},{\"@type\":\"WebPage\",\"@id\":\"https:\\\/\\\/upgrade.valenciaandgo.com\\\/la-guia-definitiva-verano-en-valencia\\\/\",\"url\":\"https:\\\/\\\/upgrade.valenciaandgo.com\\\/la-guia-definitiva-verano-en-valencia\\\/\",\"name\":\"Planes refrescantes en Valencia: planes para el verano\",\"isPartOf\":{\"@id\":\"https:\\\/\\\/upgrade.valenciaandgo.com\\\/it\\\/#website\"},\"primaryImageOfPage\":{\"@id\":\"https:\\\/\\\/upgrade.valenciaandgo.com\\\/la-guia-definitiva-verano-en-valencia\\\/#primaryimage\"},\"image\":{\"@id\":\"https:\\\/\\\/upgrade.valenciaandgo.com\\\/la-guia-definitiva-verano-en-valencia\\\/#primaryimage\"},\"thumbnailUrl\":\"https:\\\/\\\/upgrade.valenciaandgo.com\\\/wp-content\\\/uploads\\\/2025\\\/11\\\/img-blog-guia-definitiva-verano-valencia.webp\",\"datePublished\":\"2025-08-07T09:43:00+00:00\",\"dateModified\":\"2026-03-14T13:01:26+00:00\",\"description\":\"Descubre c\u00f3mo combatir el calor en Valencia con los mejores planes: \u00a1incluye actividades para ni\u00f1os y opciones de tours guiados!\",\"breadcrumb\":{\"@id\":\"https:\\\/\\\/upgrade.valenciaandgo.com\\\/la-guia-definitiva-verano-en-valencia\\\/#breadcrumb\"},\"inLanguage\":\"fr-FR\",\"potentialAction\":[{\"@type\":\"ReadAction\",\"target\":[\"https:\\\/\\\/upgrade.valenciaandgo.com\\\/la-guia-definitiva-verano-en-valencia\\\/\"]}]},{\"@type\":\"ImageObject\",\"inLanguage\":\"fr-FR\",\"@id\":\"https:\\\/\\\/upgrade.valenciaandgo.com\\\/la-guia-definitiva-verano-en-valencia\\\/#primaryimage\",\"url\":\"https:\\\/\\\/upgrade.valenciaandgo.com\\\/wp-content\\\/uploads\\\/2025\\\/11\\\/img-blog-guia-definitiva-verano-valencia.webp\",\"contentUrl\":\"https:\\\/\\\/upgrade.valenciaandgo.com\\\/wp-content\\\/uploads\\\/2025\\\/11\\\/img-blog-guia-definitiva-verano-valencia.webp\",\"width\":1170,\"height\":781},{\"@type\":\"BreadcrumbList\",\"@id\":\"https:\\\/\\\/upgrade.valenciaandgo.com\\\/la-guia-definitiva-verano-en-valencia\\\/#breadcrumb\",\"itemListElement\":[{\"@type\":\"ListItem\",\"position\":1,\"name\":\"Portada\",\"item\":\"https:\\\/\\\/upgrade.valenciaandgo.com\\\/\"},{\"@type\":\"ListItem\",\"position\":2,\"name\":\"La gu\u00eda definitiva para refrescarte en verano en Valencia\"}]},{\"@type\":\"WebSite\",\"@id\":\"https:\\\/\\\/upgrade.valenciaandgo.com\\\/it\\\/#website\",\"url\":\"https:\\\/\\\/upgrade.valenciaandgo.com\\\/it\\\/\",\"name\":\"Valencia&Go\",\"description\":\"Tours por Valencia y alrededores de ciudad.\",\"publisher\":{\"@id\":\"https:\\\/\\\/upgrade.valenciaandgo.com\\\/it\\\/#organization\"},\"potentialAction\":[{\"@type\":\"SearchAction\",\"target\":{\"@type\":\"EntryPoint\",\"urlTemplate\":\"https:\\\/\\\/upgrade.valenciaandgo.com\\\/it\\\/?s={search_term_string}\"},\"query-input\":{\"@type\":\"PropertyValueSpecification\",\"valueRequired\":true,\"valueName\":\"search_term_string\"}}],\"inLanguage\":\"fr-FR\"},{\"@type\":\"Organization\",\"@id\":\"https:\\\/\\\/upgrade.valenciaandgo.com\\\/it\\\/#organization\",\"name\":\"Valencia&Go\",\"url\":\"https:\\\/\\\/upgrade.valenciaandgo.com\\\/it\\\/\",\"logo\":{\"@type\":\"ImageObject\",\"inLanguage\":\"fr-FR\",\"@id\":\"https:\\\/\\\/upgrade.valenciaandgo.com\\\/it\\\/#\\\/schema\\\/logo\\\/image\\\/\",\"url\":\"https:\\\/\\\/upgrade.valenciaandgo.com\\\/wp-content\\\/uploads\\\/2025\\\/10\\\/valencia_go-svg-blnc-iso-naranja.svg\",\"contentUrl\":\"https:\\\/\\\/upgrade.valenciaandgo.com\\\/wp-content\\\/uploads\\\/2025\\\/10\\\/valencia_go-svg-blnc-iso-naranja.svg\",\"width\":434,\"height\":102,\"caption\":\"Valencia&Go\"},\"image\":{\"@id\":\"https:\\\/\\\/upgrade.valenciaandgo.com\\\/it\\\/#\\\/schema\\\/logo\\\/image\\\/\"},\"sameAs\":[\"https:\\\/\\\/www.facebook.com\\\/valenciaandgo\\\/\",\"https:\\\/\\\/www.instagram.com\\\/valenciaandgo\",\"https:\\\/\\\/www.linkedin.com\\\/company\\\/valencia-go\\\/\",\"https:\\\/\\\/www.tiktok.com\\\/@valenciaandgo\"]},{\"@type\":\"Person\",\"@id\":\"https:\\\/\\\/upgrade.valenciaandgo.com\\\/it\\\/#\\\/schema\\\/person\\\/ca673553802eb937b57af07a6ce74908\",\"name\":\"Valencia &amp; Go\",\"sameAs\":[\"https:\\\/\\\/valenciaandgo.com\"],\"url\":\"https:\\\/\\\/upgrade.valenciaandgo.com\\\/fr\\\/author\\\/valencia\\\/\"}]}<\/script>\n<!-- \/ Yoast SEO plugin. -->","yoast_head_json":{"title":"Plans de rafra\u00eechissement \u00e0 Valence : plans pour l'\u00e9t\u00e9","description":"D\u00e9couvrez comment lutter contre la chaleur \u00e0 Valence avec les meilleurs plans : y compris des activit\u00e9s pour les enfants et des options de visites guid\u00e9es !","robots":{"index":"noindex","follow":"follow","max-snippet":"max-snippet:-1","max-image-preview":"max-image-preview:large","max-video-preview":"max-video-preview:-1"},"og_locale":"fr_FR","og_type":"article","og_title":"Planes refrescantes en Valencia: planes para el verano","og_description":"Descubre c\u00f3mo combatir el calor en Valencia con los mejores planes: \u00a1incluye actividades para ni\u00f1os y opciones de tours guiados!","og_url":"https:\/\/upgrade.valenciaandgo.com\/fr\/le-guide-definitif-de-lete-a-valence\/","og_site_name":"Valencia&amp;Go","article_publisher":"https:\/\/www.facebook.com\/valenciaandgo\/","article_published_time":"2025-08-07T09:43:00+00:00","article_modified_time":"2026-03-14T13:01:26+00:00","og_image":[{"width":1170,"height":781,"url":"https:\/\/upgrade.valenciaandgo.com\/wp-content\/uploads\/2025\/11\/img-blog-guia-definitiva-verano-valencia.webp","type":"image\/webp"}],"author":"Valencia &amp; Go","twitter_card":"summary_large_image","twitter_misc":{"\u00c9crit par":"Valencia &amp; Go","Dur\u00e9e de lecture estim\u00e9e":"4 minutes"},"schema":{"@context":"https:\/\/schema.org","@graph":[{"@type":"Article","@id":"https:\/\/upgrade.valenciaandgo.com\/la-guia-definitiva-verano-en-valencia\/#article","isPartOf":{"@id":"https:\/\/upgrade.valenciaandgo.com\/la-guia-definitiva-verano-en-valencia\/"},"author":{"name":"Valencia &amp; Go","@id":"https:\/\/upgrade.valenciaandgo.com\/it\/#\/schema\/person\/ca673553802eb937b57af07a6ce74908"},"headline":"La gu\u00eda definitiva para refrescarte en verano en Valencia","datePublished":"2025-08-07T09:43:00+00:00","dateModified":"2026-03-14T13:01:26+00:00","mainEntityOfPage":{"@id":"https:\/\/upgrade.valenciaandgo.com\/la-guia-definitiva-verano-en-valencia\/"},"wordCount":754,"publisher":{"@id":"https:\/\/upgrade.valenciaandgo.com\/it\/#organization"},"image":{"@id":"https:\/\/upgrade.valenciaandgo.com\/la-guia-definitiva-verano-en-valencia\/#primaryimage"},"thumbnailUrl":"https:\/\/upgrade.valenciaandgo.com\/wp-content\/uploads\/2025\/11\/img-blog-guia-definitiva-verano-valencia.webp","keywords":["planes","Valencia"],"articleSection":["Noticias","Qu\u00e9 hacer"],"inLanguage":"fr-FR"},{"@type":"WebPage","@id":"https:\/\/upgrade.valenciaandgo.com\/la-guia-definitiva-verano-en-valencia\/","url":"https:\/\/upgrade.valenciaandgo.com\/la-guia-definitiva-verano-en-valencia\/","name":"Plans de rafra\u00eechissement \u00e0 Valence : plans pour l'\u00e9t\u00e9","isPartOf":{"@id":"https:\/\/upgrade.valenciaandgo.com\/it\/#website"},"primaryImageOfPage":{"@id":"https:\/\/upgrade.valenciaandgo.com\/la-guia-definitiva-verano-en-valencia\/#primaryimage"},"image":{"@id":"https:\/\/upgrade.valenciaandgo.com\/la-guia-definitiva-verano-en-valencia\/#primaryimage"},"thumbnailUrl":"https:\/\/upgrade.valenciaandgo.com\/wp-content\/uploads\/2025\/11\/img-blog-guia-definitiva-verano-valencia.webp","datePublished":"2025-08-07T09:43:00+00:00","dateModified":"2026-03-14T13:01:26+00:00","description":"D\u00e9couvrez comment lutter contre la chaleur \u00e0 Valence avec les meilleurs plans : y compris des activit\u00e9s pour les enfants et des options de visites guid\u00e9es !","breadcrumb":{"@id":"https:\/\/upgrade.valenciaandgo.com\/la-guia-definitiva-verano-en-valencia\/#breadcrumb"},"inLanguage":"fr-FR","potentialAction":[{"@type":"ReadAction","target":["https:\/\/upgrade.valenciaandgo.com\/la-guia-definitiva-verano-en-valencia\/"]}]},{"@type":"ImageObject","inLanguage":"fr-FR","@id":"https:\/\/upgrade.valenciaandgo.com\/la-guia-definitiva-verano-en-valencia\/#primaryimage","url":"https:\/\/upgrade.valenciaandgo.com\/wp-content\/uploads\/2025\/11\/img-blog-guia-definitiva-verano-valencia.webp","contentUrl":"https:\/\/upgrade.valenciaandgo.com\/wp-content\/uploads\/2025\/11\/img-blog-guia-definitiva-verano-valencia.webp","width":1170,"height":781},{"@type":"BreadcrumbList","@id":"https:\/\/upgrade.valenciaandgo.com\/la-guia-definitiva-verano-en-valencia\/#breadcrumb","itemListElement":[{"@type":"ListItem","position":1,"name":"Portada","item":"https:\/\/upgrade.valenciaandgo.com\/"},{"@type":"ListItem","position":2,"name":"La gu\u00eda definitiva para refrescarte en verano en Valencia"}]},{"@type":"WebSite","@id":"https:\/\/upgrade.valenciaandgo.com\/it\/#website","url":"https:\/\/upgrade.valenciaandgo.com\/it\/","name":"Valencia&amp;Go","description":"Visites de Valence et de ses environs.","publisher":{"@id":"https:\/\/upgrade.valenciaandgo.com\/it\/#organization"},"potentialAction":[{"@type":"SearchAction","target":{"@type":"EntryPoint","urlTemplate":"https:\/\/upgrade.valenciaandgo.com\/it\/?s={search_term_string}"},"query-input":{"@type":"PropertyValueSpecification","valueRequired":true,"valueName":"search_term_string"}}],"inLanguage":"fr-FR"},{"@type":"Organization","@id":"https:\/\/upgrade.valenciaandgo.com\/it\/#organization","name":"Valencia&amp;Go","url":"https:\/\/upgrade.valenciaandgo.com\/it\/","logo":{"@type":"ImageObject","inLanguage":"fr-FR","@id":"https:\/\/upgrade.valenciaandgo.com\/it\/#\/schema\/logo\/image\/","url":"https:\/\/upgrade.valenciaandgo.com\/wp-content\/uploads\/2025\/10\/valencia_go-svg-blnc-iso-naranja.svg","contentUrl":"https:\/\/upgrade.valenciaandgo.com\/wp-content\/uploads\/2025\/10\/valencia_go-svg-blnc-iso-naranja.svg","width":434,"height":102,"caption":"Valencia&Go"},"image":{"@id":"https:\/\/upgrade.valenciaandgo.com\/it\/#\/schema\/logo\/image\/"},"sameAs":["https:\/\/www.facebook.com\/valenciaandgo\/","https:\/\/www.instagram.com\/valenciaandgo","https:\/\/www.linkedin.com\/company\/valencia-go\/","https:\/\/www.tiktok.com\/@valenciaandgo"]},{"@type":"Person","@id":"https:\/\/upgrade.valenciaandgo.com\/it\/#\/schema\/person\/ca673553802eb937b57af07a6ce74908","name":"Valence &amp; Go","sameAs":["https:\/\/valenciaandgo.com"],"url":"https:\/\/upgrade.valenciaandgo.com\/fr\/author\/valencia\/"}]}},"_links":{"self":[{"href":"https:\/\/upgrade.valenciaandgo.com\/fr\/wp-json\/wp\/v2\/posts\/565","targetHints":{"allow":["GET"]}}],"collection":[{"href":"https:\/\/upgrade.valenciaandgo.com\/fr\/wp-json\/wp\/v2\/posts"}],"about":[{"href":"https:\/\/upgrade.valenciaandgo.com\/fr\/wp-json\/wp\/v2\/types\/post"}],"author":[{"embeddable":true,"href":"https:\/\/upgrade.valenciaandgo.com\/fr\/wp-json\/wp\/v2\/users\/1"}],"replies":[{"embeddable":true,"href":"https:\/\/upgrade.valenciaandgo.com\/fr\/wp-json\/wp\/v2\/comments?post=565"}],"version-history":[{"count":0,"href":"https:\/\/upgrade.valenciaandgo.com\/fr\/wp-json\/wp\/v2\/posts\/565\/revisions"}],"wp:featuredmedia":[{"embeddable":true,"href":"https:\/\/upgrade.valenciaandgo.com\/fr\/wp-json\/wp\/v2\/media\/725"}],"wp:attachment":[{"href":"https:\/\/upgrade.valenciaandgo.com\/fr\/wp-json\/wp\/v2\/media?parent=565"}],"wp:term":[{"taxonomy":"category","embeddable":true,"href":"https:\/\/upgrade.valenciaandgo.com\/fr\/wp-json\/wp\/v2\/categories?post=565"},{"taxonomy":"post_tag","embeddable":true,"href":"https:\/\/upgrade.valenciaandgo.com\/fr\/wp-json\/wp\/v2\/tags?post=565"}],"curies":[{"name":"wp","href":"https:\/\/api.w.org\/{rel}","templated":true}]}}