{"id":563,"date":"2025-05-16T11:14:00","date_gmt":"2025-05-16T11:14:00","guid":{"rendered":"https:\/\/new.valenciaandgo.com\/?p=563"},"modified":"2026-03-14T13:01:26","modified_gmt":"2026-03-14T13:01:26","slug":"plans-essentiels-a-valencia-pour-mai-2025","status":"publish","type":"post","link":"https:\/\/upgrade.valenciaandgo.com\/fr\/planes-imprescindibles-en-valencia-para-mayo-2025\/","title":{"rendered":"Plans essentiels \u00e0 Valence pour mai 2025 : culture, musique et escapades uniques"},"content":{"rendered":"<div data-elementor-type=\"wp-post\" data-elementor-id=\"563\" class=\"elementor elementor-563\" data-elementor-post-type=\"post\">\n\t\t\t\t<div class=\"elementor-element elementor-element-3b44300e e-flex e-con-boxed e-con e-parent\" data-id=\"3b44300e\" data-element_type=\"container\" data-e-type=\"container\">\n\t\t\t\t\t<div class=\"e-con-inner\">\n\t\t<div class=\"elementor-element elementor-element-6f02d5a4 e-con-full e-flex e-con e-child\" data-id=\"6f02d5a4\" data-element_type=\"container\" data-e-type=\"container\">\n\t\t\t\t<div class=\"elementor-element elementor-element-5a11dc0a elementor-widget elementor-widget-text-editor\" data-id=\"5a11dc0a\" data-element_type=\"widget\" data-e-type=\"widget\" data-widget_type=\"text-editor.default\">\n\t\t\t\t\t\t\t\t\t\n<p>Valence, la ville aux projets infinis, nous pr\u00e9sente un mois plein d'activit\u00e9s pour tous les \u00e2ges : de la musique aux excursions pour profiter du printemps. Voici une liste de quelques-unes des activit\u00e9s que vous pourrez r\u00e9aliser au cours des prochains jours et d'autres que vous pourrez faire tout au long de l'ann\u00e9e !<\/p>\n\t\t\t\t\t\t\t\t<\/div>\n\t\t\t\t<\/div>\n\t\t<div class=\"elementor-element elementor-element-57b798b2 e-con-full e-flex e-con e-child\" data-id=\"57b798b2\" data-element_type=\"container\" data-e-type=\"container\">\n\t\t<div class=\"elementor-element elementor-element-400f5cf4 e-con-full e-flex e-con e-child\" data-id=\"400f5cf4\" data-element_type=\"container\" data-e-type=\"container\">\n\t\t\t\t<div class=\"elementor-element elementor-element-39f3814b elementor-widget elementor-widget-heading\" data-id=\"39f3814b\" data-element_type=\"widget\" data-e-type=\"widget\" data-widget_type=\"heading.default\">\n\t\t\t\t\t<h2 class=\"elementor-heading-title elementor-size-default\">Culture et festivals<\/h2>\t\t\t\t<\/div>\n\t\t\t\t<\/div>\n\t\t<div class=\"elementor-element elementor-element-16b222b0 e-con-full e-flex e-con e-child\" data-id=\"16b222b0\" data-element_type=\"container\" data-e-type=\"container\">\n\t\t\t\t<div class=\"elementor-element elementor-element-7766d67b elementor-widget elementor-widget-text-editor\" data-id=\"7766d67b\" data-element_type=\"widget\" data-e-type=\"widget\" data-widget_type=\"text-editor.default\">\n\t\t\t\t\t\t\t\t\t<h3 class=\"wp-block-heading\"><strong>Festival \u00cdntim de Cabanyal<\/strong><\/h3>\n<p><img fetchpriority=\"high\" decoding=\"async\" class=\"alignnone size-full wp-image-3276\" src=\"https:\/\/valenciaandgo.com\/wp-content\/uploads\/2025\/12\/cabanyal-intim.webp\" alt=\"\" width=\"1912\" height=\"1069\" \/><\/p>\n<ul>\n<li>15 au 18 mai<\/li>\n<li>Quartier de Cabanyal, Valence<\/li>\n<li>Billets : 8-14 \u20ac.<\/li>\n<li><a href=\"https:\/\/cabanyalintim.com\/\">cabanyalintim.com<\/a><\/li>\n<\/ul>\n<p>Le festival Cabanyal \u00cdntim c\u00e9l\u00e8bre sa 13e \u00e9dition sous le slogan \u00abEl H\u00e1bitat\u00bb, r\u00e9fl\u00e9chissant \u00e0 l'embourgeoisement et \u00e0 la perte du foyer par le biais du th\u00e9\u00e2tre, de la danse, de la musique et de repr\u00e9sentations dans des espaces uniques du quartier.<\/p>\n<p><!-- \/wp:paragraph --><\/p>\n<p><!-- wp:heading {\"level\":3} --><\/p>\n<h3 class=\"wp-block-heading\"><strong style=\"letter-spacing: 1.4px;\">Journ\u00e9e internationale des mus\u00e9es \u00e0 X\u00e0tiva<\/strong><\/h3>\n<div>\n<h3 class=\"wp-block-heading\"><strong><img decoding=\"async\" class=\"alignnone size-full wp-image-3286\" src=\"https:\/\/valenciaandgo.com\/wp-content\/uploads\/2025\/12\/museo-bellas-artes.webp\" alt=\"\" width=\"1920\" height=\"1080\" \/><\/strong><\/h3>\n<\/div>\n<ul>\n<li>18 mai<\/li>\n<li>Mus\u00e9e des beaux-arts et mus\u00e9e d'arch\u00e9ologie de l'Almod\u00ed, X\u00e0tiva<\/li>\n<li>Entr\u00e9e gratuite<\/li>\n<\/ul>\n<p><!-- \/wp:paragraph --><\/p>\n<p><!-- wp:paragraph --><\/p>\n<p>X\u00e0tiva propose une entr\u00e9e gratuite dans ses mus\u00e9es municipaux et des activit\u00e9s sp\u00e9ciales telles qu'une visite th\u00e9\u00e2tralis\u00e9e le 24 mai et un concert gratuit le 1er juin.<\/p>\t\t\t\t\t\t\t\t<\/div>\n\t\t\t\t<\/div>\n\t\t\t\t<\/div>\n\t\t<div class=\"elementor-element elementor-element-8e64eab e-con-full e-flex e-con e-child\" data-id=\"8e64eab\" data-element_type=\"container\" data-e-type=\"container\">\n\t\t<div class=\"elementor-element elementor-element-a4c53d9 e-con-full e-flex e-con e-child\" data-id=\"a4c53d9\" data-element_type=\"container\" data-e-type=\"container\">\n\t\t\t\t<div class=\"elementor-element elementor-element-0e65d84 elementor-widget elementor-widget-heading\" data-id=\"0e65d84\" data-element_type=\"widget\" data-e-type=\"widget\" data-widget_type=\"heading.default\">\n\t\t\t\t\t<h2 class=\"elementor-heading-title elementor-size-default\">Musique live<\/h2>\t\t\t\t<\/div>\n\t\t\t\t<\/div>\n\t\t<div class=\"elementor-element elementor-element-2d95c50 e-con-full e-flex e-con e-child\" data-id=\"2d95c50\" data-element_type=\"container\" data-e-type=\"container\">\n\t\t\t\t<div class=\"elementor-element elementor-element-70f076a elementor-widget elementor-widget-text-editor\" data-id=\"70f076a\" data-element_type=\"widget\" data-e-type=\"widget\" data-widget_type=\"text-editor.default\">\n\t\t\t\t\t\t\t\t\t<h3 class=\"wp-block-heading\"><strong>Festival Surforama 2025<\/strong><\/h3>\n<p><img decoding=\"async\" class=\"alignnone size-full wp-image-3292\" src=\"https:\/\/valenciaandgo.com\/wp-content\/uploads\/2025\/12\/surforama-25.webp\" alt=\"\" width=\"1920\" height=\"560\" \/><\/p>\n<ul>\n<li>23 et 24 mai<\/li>\n<li>La Rambleta, Valence<\/li>\n<li>Billets : v\u00e9rifier sur<br \/><a href=\"https:\/\/festivalsurforama.es\/?utm_source=chatgpt.com\" target=\"_blank\" rel=\"noreferrer noopener\">festivalsurforama.es<\/a><!-- \/wp:paragraph --><!-- wp:paragraph --><\/li>\n<\/ul>\n<p>Le festival Surforama c\u00e9l\u00e8bre sa 21e \u00e9dition avec de la musique surf et rock \u00e0 La Rambleta, avec notamment le spectacle de JD McPherson.<\/p>\n<h3 class=\"wp-block-heading\"><strong>Concert de La Ra\u00edz<\/strong><\/h3>\n<ul>\n<li>24 mai<\/li>\n<li>Champ de foire de Mislata, Valence<\/li>\n<li>Billets : disponibles \u00e0 l'adresse suivante <a href=\"https:\/\/www.enterticket.es\/eventos\/la-raiz-valencia-159182\">enterticket.co.uk<\/a><\/li>\n<\/ul>\n<p><!-- \/wp:paragraph --><!-- wp:paragraph --><\/p>\n<p>Le groupe valencien La Ra\u00edz donne un concert tr\u00e8s attendu \u00e0 Mislata.<\/p>\n<h3 class=\"wp-block-heading\"><strong>Un lac de concerts<\/strong><\/h3>\n<p><img loading=\"lazy\" decoding=\"async\" class=\"alignnone size-full wp-image-3277\" src=\"https:\/\/valenciaandgo.com\/wp-content\/uploads\/2025\/12\/conciertos-valencia.webp\" alt=\"\" width=\"1920\" height=\"1080\" \/><\/p>\n<ul>\n<li>23 mai<\/li>\n<li>Devant le Museu de les Ci\u00e8ncies Pr\u00edncipe Felipe, Valence<\/li>\n<li>Entr\u00e9e gratuite<br \/><a href=\"https:\/\/valencia.berklee.edu\/events\/un-lago-de-conciertos-spring-2025\">valencia.berklee.edu<\/a><\/li>\n<\/ul>\n<p>Berklee Valencia et la Cit\u00e9 des Arts et des Sciences pr\u00e9sentent cette s\u00e9rie de concerts gratuits avec des groupes form\u00e9s par des \u00e9tudiants de Berklee, interpr\u00e9tant un large \u00e9ventail de styles.<\/p>\t\t\t\t\t\t\t\t<\/div>\n\t\t\t\t<\/div>\n\t\t\t\t<\/div>\n\t\t<div class=\"elementor-element elementor-element-cab6b15 e-con-full e-flex e-con e-child\" data-id=\"cab6b15\" data-element_type=\"container\" data-e-type=\"container\">\n\t\t<div class=\"elementor-element elementor-element-65c2cce e-con-full e-flex e-con e-child\" data-id=\"65c2cce\" data-element_type=\"container\" data-e-type=\"container\">\n\t\t\t\t<div class=\"elementor-element elementor-element-9884626 elementor-widget elementor-widget-heading\" data-id=\"9884626\" data-element_type=\"widget\" data-e-type=\"widget\" data-widget_type=\"heading.default\">\n\t\t\t\t\t<h2 class=\"elementor-heading-title elementor-size-default\">March\u00e9s et foires<\/h2>\t\t\t\t<\/div>\n\t\t\t\t<\/div>\n\t\t<div class=\"elementor-element elementor-element-c145847 e-con-full e-flex e-con e-child\" data-id=\"c145847\" data-element_type=\"container\" data-e-type=\"container\">\n\t\t\t\t<div class=\"elementor-element elementor-element-9588179 elementor-widget elementor-widget-text-editor\" data-id=\"9588179\" data-element_type=\"widget\" data-e-type=\"widget\" data-widget_type=\"text-editor.default\">\n\t\t\t\t\t\t\t\t\t<h3 class=\"wp-block-heading\">March\u00e9 aux puces \u00e0 <strong>March\u00e9 de Valvanera<\/strong><\/h3>\n<p><img loading=\"lazy\" decoding=\"async\" class=\"alignnone size-full wp-image-3279\" src=\"https:\/\/valenciaandgo.com\/wp-content\/uploads\/2025\/12\/flea-market.webp\" alt=\"\" width=\"866\" height=\"1080\" \/><\/p>\n<ul>\n<li>18 mai<\/li>\n<li>Place Santiago Su\u00e1rez, La Creu Coberta, Valence<\/li>\n<li>Entr\u00e9e : 1 \u20ac (de 11h00 \u00e0 18h00), gratuit de 18h00 \u00e0 19h00<br \/><a href=\"https:\/\/www.valenciabonita.es\/2025\/05\/13\/mercado-segunda-mano-todo-1-euro-18-mayo-2025\/\">valenciabonita.es<\/a><\/li>\n<\/ul>\n<p><!-- \/wp:paragraph --><!-- wp:paragraph --><\/p>\n<p>Ce march\u00e9 d'occasion propose tous les articles \u00e0 1 euro, ce qui en fait une excellente occasion de trouver des bonnes affaires et des objets uniques.<\/p>\t\t\t\t\t\t\t\t<\/div>\n\t\t\t\t<\/div>\n\t\t\t\t<\/div>\n\t\t<div class=\"elementor-element elementor-element-e5eadeb e-con-full e-flex e-con e-child\" data-id=\"e5eadeb\" data-element_type=\"container\" data-e-type=\"container\">\n\t\t<div class=\"elementor-element elementor-element-2cca48b e-con-full e-flex e-con e-child\" data-id=\"2cca48b\" data-element_type=\"container\" data-e-type=\"container\">\n\t\t\t\t<div class=\"elementor-element elementor-element-6e01594 elementor-widget elementor-widget-heading\" data-id=\"6e01594\" data-element_type=\"widget\" data-e-type=\"widget\" data-widget_type=\"heading.default\">\n\t\t\t\t\t<h2 class=\"elementor-heading-title elementor-size-default\">Manifestations sportives<\/h2>\t\t\t\t<\/div>\n\t\t\t\t<\/div>\n\t\t<div class=\"elementor-element elementor-element-6cd1205 e-con-full e-flex e-con e-child\" data-id=\"6cd1205\" data-element_type=\"container\" data-e-type=\"container\">\n\t\t\t\t<div class=\"elementor-element elementor-element-9dd9ff3 elementor-widget elementor-widget-text-editor\" data-id=\"9dd9ff3\" data-element_type=\"widget\" data-e-type=\"widget\" data-widget_type=\"text-editor.default\">\n\t\t\t\t\t\t\t\t\t<h3 class=\"wp-block-heading\"><strong>Volta a Peu Val\u00e8ncia 2025<\/strong><\/h3>\n<p><img loading=\"lazy\" decoding=\"async\" class=\"alignnone size-full wp-image-3296\" src=\"https:\/\/valenciaandgo.com\/wp-content\/uploads\/2025\/12\/volta-a-peu.webp\" alt=\"\" width=\"1920\" height=\"902\" \/><\/p>\n<ul>\n<li>18 mai, 10h00<\/li>\n<li>D\u00e9part et arriv\u00e9e \u00e0 l'Alameda, Valence<\/li>\n<li>Frais d'inscription : 3 \u20ac.<br \/><a href=\"https:\/\/www.valenciaciudaddelrunning.com\/evento\/volta-a-peu-valencia-2025\/\">valenciaciudaddelrunning.com<\/a><\/li>\n<\/ul>\n<p><!-- \/wp:paragraph --><!-- wp:paragraph --><\/p>\n<p>La course la plus populaire parmi les Valenciens, avec un parcours de 6 200 m\u00e8tres, id\u00e9al pour tous les \u00e2ges et tous les niveaux.<\/p>\n<p><!-- \/wp:paragraph --><!-- wp:heading {\"level\":3} --><\/p>\n<h3 class=\"wp-block-heading\"><strong>Triathlon MTRI Valence 2025<\/strong><\/h3>\n<p><img loading=\"lazy\" decoding=\"async\" class=\"alignnone size-full wp-image-3294\" src=\"https:\/\/valenciaandgo.com\/wp-content\/uploads\/2025\/12\/triatlon-mtri.webp\" alt=\"\" width=\"1920\" height=\"1080\" \/><\/p>\n<ul>\n<li>31 mai et 1er juin<\/li>\n<li>Plage de la Malvarrosa, Valence<\/li>\n<li>Inscription : \u00e0 partir de 15<br \/><a href=\"https:\/\/www.mediterraneatriatlon.com\/home\/mtri-valencia-2\/\">mediterraneatriatlon.com<\/a><\/li>\n<\/ul>\n<p><!-- \/wp:paragraph --><!-- wp:paragraph --><\/p>\n<p>Comp\u00e9tition de triathlon qui attire des athl\u00e8tes nationaux et internationaux, avec des modalit\u00e9s sprint, olympique et supersprint.<\/p>\t\t\t\t\t\t\t\t<\/div>\n\t\t\t\t<\/div>\n\t\t\t\t<\/div>\n\t\t<div class=\"elementor-element elementor-element-92ec5f8 e-con-full e-flex e-con e-child\" data-id=\"92ec5f8\" data-element_type=\"container\" data-e-type=\"container\">\n\t\t<div class=\"elementor-element elementor-element-07510d3 e-con-full e-flex e-con e-child\" data-id=\"07510d3\" data-element_type=\"container\" data-e-type=\"container\">\n\t\t\t\t<div class=\"elementor-element elementor-element-4267c1a elementor-widget elementor-widget-heading\" data-id=\"4267c1a\" data-element_type=\"widget\" data-e-type=\"widget\" data-widget_type=\"heading.default\">\n\t\t\t\t\t<h2 class=\"elementor-heading-title elementor-size-default\">Exp\u00e9riences Valencia &amp; Go<\/h2>\t\t\t\t<\/div>\n\t\t\t\t<\/div>\n\t\t<div class=\"elementor-element elementor-element-4bb3b81 e-con-full e-flex e-con e-child\" data-id=\"4bb3b81\" data-element_type=\"container\" data-e-type=\"container\">\n\t\t\t\t<div class=\"elementor-element elementor-element-84c2171 elementor-widget elementor-widget-text-editor\" data-id=\"84c2171\" data-element_type=\"widget\" data-e-type=\"widget\" data-widget_type=\"text-editor.default\">\n\t\t\t\t\t\t\t\t\t<h3 class=\"wp-block-heading\"><strong>Gymkhana urbain : d\u00e9couvrir Valence en jouant<\/strong><\/h3>\n<p><!-- \/wp:heading --><!-- wp:paragraph --><\/p>\n<p>Une fa\u00e7on amusante d'explorer Valence \u00e0 travers des indices et des d\u00e9fis, id\u00e9ale pour les groupes, les familles et les \u00e9v\u00e9nements d'entreprise.<\/p>\n<p><img loading=\"lazy\" decoding=\"async\" class=\"alignnone size-full wp-image-3280\" src=\"https:\/\/valenciaandgo.com\/wp-content\/uploads\/2025\/12\/gincana-urbana.webp\" alt=\"\" width=\"1920\" height=\"1080\" \/><\/p>\n<h3 class=\"wp-block-heading\"><strong>Excursion dans les vignobles d'Utiel-Requena<\/strong><\/h3>\n<p><!-- \/wp:heading --><!-- wp:paragraph --><\/p>\n<p>Demi-journ\u00e9e d'exploration de caves traditionnelles, avec d\u00e9gustation de vins et accords mets-vins. Transport depuis Valence inclus.<\/p>\n<h3 class=\"wp-block-heading\"><strong><img loading=\"lazy\" decoding=\"async\" class=\"alignnone size-full wp-image-3274\" src=\"https:\/\/valenciaandgo.com\/wp-content\/uploads\/2025\/12\/bodegas-requena.webp\" alt=\"\" width=\"1920\" height=\"1080\" \/><\/strong><\/h3>\n<h3 class=\"wp-block-heading\"><strong>Tour de l'Albufera<\/strong><\/h3>\n<p><!-- \/wp:heading --><!-- wp:paragraph --><\/p>\n<p>Promenade du matin ou du soir, avec excursion en bateau et visite du parc naturel. Une exp\u00e9rience unique au contact de la nature.<\/p>\n<p><img loading=\"lazy\" decoding=\"async\" class=\"alignnone size-full wp-image-3288\" src=\"https:\/\/valenciaandgo.com\/wp-content\/uploads\/2025\/12\/parque-albufera.webp\" alt=\"\" width=\"1920\" height=\"1080\" \/><\/p>\n<p>Vous souhaitez en savoir plus sur Valence et son histoire ? Vous trouverez plus d'informations sur nos r\u00e9seaux sociaux.<\/p>\n<p>Consultez toutes nos visites, excursions et activit\u00e9s ici : <a class=\"\" href=\"https:\/\/valenciaandgo.com\/tours\">https:\/\/valenciaandgo.com\/tours<\/a><br \/>D\u00e9couvrez Valence comme un habitant de la r\u00e9gion !<\/p>\t\t\t\t\t\t\t\t<\/div>\n\t\t\t\t<\/div>\n\t\t\t\t<\/div>\n\t\t\t\t\t<\/div>\n\t\t\t\t<\/div>\n\t\t\t\t<\/div>","protected":false},"excerpt":{"rendered":"<p>Valencia, la ciudad de los planes infinitos nos presenta un mes cargado de actividades para todas las edades: desde m\u00fasica hasta excursiones para disfrutar de la \u00e9poca primaveral. A continuaci\u00f3n dejamos un listado de algunas de las actividades que podr\u00e1s hacer durante los pr\u00f3ximos d\u00edas y \u00a1otras que puedes hacer durante todo el a\u00f1o! Cultura [&hellip;]<\/p>\n","protected":false},"author":1,"featured_media":729,"comment_status":"closed","ping_status":"closed","sticky":false,"template":"","format":"standard","meta":{"_acf_changed":false,"footnotes":""},"categories":[24,54],"tags":[63,53],"class_list":["post-563","post","type-post","status-publish","format-standard","has-post-thumbnail","hentry","category-noticias","category-que-hacer","tag-planes","tag-valencia"],"acf":[],"yoast_head":"<!-- This site is optimized with the Yoast SEO plugin v27.5 - https:\/\/yoast.com\/product\/yoast-seo-wordpress\/ -->\n<title>Los mejores planes en Valencia este mayo<\/title>\n<meta name=\"description\" content=\"Vive este mayo con los mejores planes en Valencia y alrededores. Desde mercadillos hasta festivales gratuitos.\" \/>\n<meta name=\"robots\" content=\"noindex, follow, max-snippet:-1, max-image-preview:large, max-video-preview:-1\" \/>\n<meta property=\"og:locale\" content=\"fr_FR\" \/>\n<meta property=\"og:type\" content=\"article\" \/>\n<meta property=\"og:title\" content=\"Los mejores planes en Valencia este mayo\" \/>\n<meta property=\"og:description\" content=\"Vive este mayo con los mejores planes en Valencia y alrededores. Desde mercadillos hasta festivales gratuitos.\" \/>\n<meta property=\"og:url\" content=\"https:\/\/upgrade.valenciaandgo.com\/fr\/plans-essentiels-a-valencia-pour-mai-2025\/\" \/>\n<meta property=\"og:site_name\" content=\"Valencia&amp;Go\" \/>\n<meta property=\"article:publisher\" content=\"https:\/\/www.facebook.com\/valenciaandgo\/\" \/>\n<meta property=\"article:published_time\" content=\"2025-05-16T11:14:00+00:00\" \/>\n<meta property=\"article:modified_time\" content=\"2026-03-14T13:01:26+00:00\" \/>\n<meta property=\"og:image\" content=\"https:\/\/upgrade.valenciaandgo.com\/wp-content\/uploads\/2025\/11\/img-blog-ideas-septiembre.webp\" \/>\n\t<meta property=\"og:image:width\" content=\"1170\" \/>\n\t<meta property=\"og:image:height\" content=\"783\" \/>\n\t<meta property=\"og:image:type\" content=\"image\/webp\" \/>\n<meta name=\"author\" content=\"Valencia &amp; Go\" \/>\n<meta name=\"twitter:card\" content=\"summary_large_image\" \/>\n<meta name=\"twitter:label1\" content=\"\u00c9crit par\" \/>\n\t<meta name=\"twitter:data1\" content=\"Valencia &amp; Go\" \/>\n\t<meta name=\"twitter:label2\" content=\"Dur\u00e9e de lecture estim\u00e9e\" \/>\n\t<meta name=\"twitter:data2\" content=\"5 minutes\" \/>\n<script type=\"application\/ld+json\" class=\"yoast-schema-graph\">{\"@context\":\"https:\\\/\\\/schema.org\",\"@graph\":[{\"@type\":\"Article\",\"@id\":\"https:\\\/\\\/upgrade.valenciaandgo.com\\\/planes-imprescindibles-en-valencia-para-mayo-2025\\\/#article\",\"isPartOf\":{\"@id\":\"https:\\\/\\\/upgrade.valenciaandgo.com\\\/planes-imprescindibles-en-valencia-para-mayo-2025\\\/\"},\"author\":{\"name\":\"Valencia &amp; Go\",\"@id\":\"https:\\\/\\\/upgrade.valenciaandgo.com\\\/it\\\/#\\\/schema\\\/person\\\/ca673553802eb937b57af07a6ce74908\"},\"headline\":\"Planes imprescindibles en Valencia para mayo 2025: cultura, m\u00fasica y escapadas \u00fanicas\",\"datePublished\":\"2025-05-16T11:14:00+00:00\",\"dateModified\":\"2026-03-14T13:01:26+00:00\",\"mainEntityOfPage\":{\"@id\":\"https:\\\/\\\/upgrade.valenciaandgo.com\\\/planes-imprescindibles-en-valencia-para-mayo-2025\\\/\"},\"wordCount\":556,\"publisher\":{\"@id\":\"https:\\\/\\\/upgrade.valenciaandgo.com\\\/it\\\/#organization\"},\"image\":{\"@id\":\"https:\\\/\\\/upgrade.valenciaandgo.com\\\/planes-imprescindibles-en-valencia-para-mayo-2025\\\/#primaryimage\"},\"thumbnailUrl\":\"https:\\\/\\\/upgrade.valenciaandgo.com\\\/wp-content\\\/uploads\\\/2025\\\/11\\\/img-blog-ideas-septiembre.webp\",\"keywords\":[\"planes\",\"Valencia\"],\"articleSection\":[\"Noticias\",\"Qu\u00e9 hacer\"],\"inLanguage\":\"fr-FR\"},{\"@type\":\"WebPage\",\"@id\":\"https:\\\/\\\/upgrade.valenciaandgo.com\\\/planes-imprescindibles-en-valencia-para-mayo-2025\\\/\",\"url\":\"https:\\\/\\\/upgrade.valenciaandgo.com\\\/planes-imprescindibles-en-valencia-para-mayo-2025\\\/\",\"name\":\"Los mejores planes en Valencia este mayo\",\"isPartOf\":{\"@id\":\"https:\\\/\\\/upgrade.valenciaandgo.com\\\/it\\\/#website\"},\"primaryImageOfPage\":{\"@id\":\"https:\\\/\\\/upgrade.valenciaandgo.com\\\/planes-imprescindibles-en-valencia-para-mayo-2025\\\/#primaryimage\"},\"image\":{\"@id\":\"https:\\\/\\\/upgrade.valenciaandgo.com\\\/planes-imprescindibles-en-valencia-para-mayo-2025\\\/#primaryimage\"},\"thumbnailUrl\":\"https:\\\/\\\/upgrade.valenciaandgo.com\\\/wp-content\\\/uploads\\\/2025\\\/11\\\/img-blog-ideas-septiembre.webp\",\"datePublished\":\"2025-05-16T11:14:00+00:00\",\"dateModified\":\"2026-03-14T13:01:26+00:00\",\"description\":\"Vive este mayo con los mejores planes en Valencia y alrededores. Desde mercadillos hasta festivales gratuitos.\",\"breadcrumb\":{\"@id\":\"https:\\\/\\\/upgrade.valenciaandgo.com\\\/planes-imprescindibles-en-valencia-para-mayo-2025\\\/#breadcrumb\"},\"inLanguage\":\"fr-FR\",\"potentialAction\":[{\"@type\":\"ReadAction\",\"target\":[\"https:\\\/\\\/upgrade.valenciaandgo.com\\\/planes-imprescindibles-en-valencia-para-mayo-2025\\\/\"]}]},{\"@type\":\"ImageObject\",\"inLanguage\":\"fr-FR\",\"@id\":\"https:\\\/\\\/upgrade.valenciaandgo.com\\\/planes-imprescindibles-en-valencia-para-mayo-2025\\\/#primaryimage\",\"url\":\"https:\\\/\\\/upgrade.valenciaandgo.com\\\/wp-content\\\/uploads\\\/2025\\\/11\\\/img-blog-ideas-septiembre.webp\",\"contentUrl\":\"https:\\\/\\\/upgrade.valenciaandgo.com\\\/wp-content\\\/uploads\\\/2025\\\/11\\\/img-blog-ideas-septiembre.webp\",\"width\":1170,\"height\":783},{\"@type\":\"BreadcrumbList\",\"@id\":\"https:\\\/\\\/upgrade.valenciaandgo.com\\\/planes-imprescindibles-en-valencia-para-mayo-2025\\\/#breadcrumb\",\"itemListElement\":[{\"@type\":\"ListItem\",\"position\":1,\"name\":\"Portada\",\"item\":\"https:\\\/\\\/upgrade.valenciaandgo.com\\\/\"},{\"@type\":\"ListItem\",\"position\":2,\"name\":\"Planes imprescindibles en Valencia para mayo 2025: cultura, m\u00fasica y escapadas \u00fanicas\"}]},{\"@type\":\"WebSite\",\"@id\":\"https:\\\/\\\/upgrade.valenciaandgo.com\\\/it\\\/#website\",\"url\":\"https:\\\/\\\/upgrade.valenciaandgo.com\\\/it\\\/\",\"name\":\"Valencia&Go\",\"description\":\"Tours por Valencia y alrededores de ciudad.\",\"publisher\":{\"@id\":\"https:\\\/\\\/upgrade.valenciaandgo.com\\\/it\\\/#organization\"},\"potentialAction\":[{\"@type\":\"SearchAction\",\"target\":{\"@type\":\"EntryPoint\",\"urlTemplate\":\"https:\\\/\\\/upgrade.valenciaandgo.com\\\/it\\\/?s={search_term_string}\"},\"query-input\":{\"@type\":\"PropertyValueSpecification\",\"valueRequired\":true,\"valueName\":\"search_term_string\"}}],\"inLanguage\":\"fr-FR\"},{\"@type\":\"Organization\",\"@id\":\"https:\\\/\\\/upgrade.valenciaandgo.com\\\/it\\\/#organization\",\"name\":\"Valencia&Go\",\"url\":\"https:\\\/\\\/upgrade.valenciaandgo.com\\\/it\\\/\",\"logo\":{\"@type\":\"ImageObject\",\"inLanguage\":\"fr-FR\",\"@id\":\"https:\\\/\\\/upgrade.valenciaandgo.com\\\/it\\\/#\\\/schema\\\/logo\\\/image\\\/\",\"url\":\"https:\\\/\\\/upgrade.valenciaandgo.com\\\/wp-content\\\/uploads\\\/2025\\\/10\\\/valencia_go-svg-blnc-iso-naranja.svg\",\"contentUrl\":\"https:\\\/\\\/upgrade.valenciaandgo.com\\\/wp-content\\\/uploads\\\/2025\\\/10\\\/valencia_go-svg-blnc-iso-naranja.svg\",\"width\":434,\"height\":102,\"caption\":\"Valencia&Go\"},\"image\":{\"@id\":\"https:\\\/\\\/upgrade.valenciaandgo.com\\\/it\\\/#\\\/schema\\\/logo\\\/image\\\/\"},\"sameAs\":[\"https:\\\/\\\/www.facebook.com\\\/valenciaandgo\\\/\",\"https:\\\/\\\/www.instagram.com\\\/valenciaandgo\",\"https:\\\/\\\/www.linkedin.com\\\/company\\\/valencia-go\\\/\",\"https:\\\/\\\/www.tiktok.com\\\/@valenciaandgo\"]},{\"@type\":\"Person\",\"@id\":\"https:\\\/\\\/upgrade.valenciaandgo.com\\\/it\\\/#\\\/schema\\\/person\\\/ca673553802eb937b57af07a6ce74908\",\"name\":\"Valencia &amp; Go\",\"sameAs\":[\"https:\\\/\\\/valenciaandgo.com\"],\"url\":\"https:\\\/\\\/upgrade.valenciaandgo.com\\\/fr\\\/author\\\/valencia\\\/\"}]}<\/script>\n<!-- \/ Yoast SEO plugin. -->","yoast_head_json":{"title":"Les meilleurs plans \u00e0 Valence en mai","description":"Vivez ce mois de mai avec les meilleurs plans \u00e0 Valence et dans les environs. Des march\u00e9s de rue aux festivals gratuits.","robots":{"index":"noindex","follow":"follow","max-snippet":"max-snippet:-1","max-image-preview":"max-image-preview:large","max-video-preview":"max-video-preview:-1"},"og_locale":"fr_FR","og_type":"article","og_title":"Los mejores planes en Valencia este mayo","og_description":"Vive este mayo con los mejores planes en Valencia y alrededores. Desde mercadillos hasta festivales gratuitos.","og_url":"https:\/\/upgrade.valenciaandgo.com\/fr\/plans-essentiels-a-valencia-pour-mai-2025\/","og_site_name":"Valencia&amp;Go","article_publisher":"https:\/\/www.facebook.com\/valenciaandgo\/","article_published_time":"2025-05-16T11:14:00+00:00","article_modified_time":"2026-03-14T13:01:26+00:00","og_image":[{"width":1170,"height":783,"url":"https:\/\/upgrade.valenciaandgo.com\/wp-content\/uploads\/2025\/11\/img-blog-ideas-septiembre.webp","type":"image\/webp"}],"author":"Valencia &amp; Go","twitter_card":"summary_large_image","twitter_misc":{"\u00c9crit par":"Valencia &amp; Go","Dur\u00e9e de lecture estim\u00e9e":"5 minutes"},"schema":{"@context":"https:\/\/schema.org","@graph":[{"@type":"Article","@id":"https:\/\/upgrade.valenciaandgo.com\/planes-imprescindibles-en-valencia-para-mayo-2025\/#article","isPartOf":{"@id":"https:\/\/upgrade.valenciaandgo.com\/planes-imprescindibles-en-valencia-para-mayo-2025\/"},"author":{"name":"Valencia &amp; Go","@id":"https:\/\/upgrade.valenciaandgo.com\/it\/#\/schema\/person\/ca673553802eb937b57af07a6ce74908"},"headline":"Planes imprescindibles en Valencia para mayo 2025: cultura, m\u00fasica y escapadas \u00fanicas","datePublished":"2025-05-16T11:14:00+00:00","dateModified":"2026-03-14T13:01:26+00:00","mainEntityOfPage":{"@id":"https:\/\/upgrade.valenciaandgo.com\/planes-imprescindibles-en-valencia-para-mayo-2025\/"},"wordCount":556,"publisher":{"@id":"https:\/\/upgrade.valenciaandgo.com\/it\/#organization"},"image":{"@id":"https:\/\/upgrade.valenciaandgo.com\/planes-imprescindibles-en-valencia-para-mayo-2025\/#primaryimage"},"thumbnailUrl":"https:\/\/upgrade.valenciaandgo.com\/wp-content\/uploads\/2025\/11\/img-blog-ideas-septiembre.webp","keywords":["planes","Valencia"],"articleSection":["Noticias","Qu\u00e9 hacer"],"inLanguage":"fr-FR"},{"@type":"WebPage","@id":"https:\/\/upgrade.valenciaandgo.com\/planes-imprescindibles-en-valencia-para-mayo-2025\/","url":"https:\/\/upgrade.valenciaandgo.com\/planes-imprescindibles-en-valencia-para-mayo-2025\/","name":"Les meilleurs plans \u00e0 Valence en mai","isPartOf":{"@id":"https:\/\/upgrade.valenciaandgo.com\/it\/#website"},"primaryImageOfPage":{"@id":"https:\/\/upgrade.valenciaandgo.com\/planes-imprescindibles-en-valencia-para-mayo-2025\/#primaryimage"},"image":{"@id":"https:\/\/upgrade.valenciaandgo.com\/planes-imprescindibles-en-valencia-para-mayo-2025\/#primaryimage"},"thumbnailUrl":"https:\/\/upgrade.valenciaandgo.com\/wp-content\/uploads\/2025\/11\/img-blog-ideas-septiembre.webp","datePublished":"2025-05-16T11:14:00+00:00","dateModified":"2026-03-14T13:01:26+00:00","description":"Vivez ce mois de mai avec les meilleurs plans \u00e0 Valence et dans les environs. Des march\u00e9s de rue aux festivals gratuits.","breadcrumb":{"@id":"https:\/\/upgrade.valenciaandgo.com\/planes-imprescindibles-en-valencia-para-mayo-2025\/#breadcrumb"},"inLanguage":"fr-FR","potentialAction":[{"@type":"ReadAction","target":["https:\/\/upgrade.valenciaandgo.com\/planes-imprescindibles-en-valencia-para-mayo-2025\/"]}]},{"@type":"ImageObject","inLanguage":"fr-FR","@id":"https:\/\/upgrade.valenciaandgo.com\/planes-imprescindibles-en-valencia-para-mayo-2025\/#primaryimage","url":"https:\/\/upgrade.valenciaandgo.com\/wp-content\/uploads\/2025\/11\/img-blog-ideas-septiembre.webp","contentUrl":"https:\/\/upgrade.valenciaandgo.com\/wp-content\/uploads\/2025\/11\/img-blog-ideas-septiembre.webp","width":1170,"height":783},{"@type":"BreadcrumbList","@id":"https:\/\/upgrade.valenciaandgo.com\/planes-imprescindibles-en-valencia-para-mayo-2025\/#breadcrumb","itemListElement":[{"@type":"ListItem","position":1,"name":"Portada","item":"https:\/\/upgrade.valenciaandgo.com\/"},{"@type":"ListItem","position":2,"name":"Planes imprescindibles en Valencia para mayo 2025: cultura, m\u00fasica y escapadas \u00fanicas"}]},{"@type":"WebSite","@id":"https:\/\/upgrade.valenciaandgo.com\/it\/#website","url":"https:\/\/upgrade.valenciaandgo.com\/it\/","name":"Valencia&amp;Go","description":"Visites de Valence et de ses environs.","publisher":{"@id":"https:\/\/upgrade.valenciaandgo.com\/it\/#organization"},"potentialAction":[{"@type":"SearchAction","target":{"@type":"EntryPoint","urlTemplate":"https:\/\/upgrade.valenciaandgo.com\/it\/?s={search_term_string}"},"query-input":{"@type":"PropertyValueSpecification","valueRequired":true,"valueName":"search_term_string"}}],"inLanguage":"fr-FR"},{"@type":"Organization","@id":"https:\/\/upgrade.valenciaandgo.com\/it\/#organization","name":"Valencia&amp;Go","url":"https:\/\/upgrade.valenciaandgo.com\/it\/","logo":{"@type":"ImageObject","inLanguage":"fr-FR","@id":"https:\/\/upgrade.valenciaandgo.com\/it\/#\/schema\/logo\/image\/","url":"https:\/\/upgrade.valenciaandgo.com\/wp-content\/uploads\/2025\/10\/valencia_go-svg-blnc-iso-naranja.svg","contentUrl":"https:\/\/upgrade.valenciaandgo.com\/wp-content\/uploads\/2025\/10\/valencia_go-svg-blnc-iso-naranja.svg","width":434,"height":102,"caption":"Valencia&Go"},"image":{"@id":"https:\/\/upgrade.valenciaandgo.com\/it\/#\/schema\/logo\/image\/"},"sameAs":["https:\/\/www.facebook.com\/valenciaandgo\/","https:\/\/www.instagram.com\/valenciaandgo","https:\/\/www.linkedin.com\/company\/valencia-go\/","https:\/\/www.tiktok.com\/@valenciaandgo"]},{"@type":"Person","@id":"https:\/\/upgrade.valenciaandgo.com\/it\/#\/schema\/person\/ca673553802eb937b57af07a6ce74908","name":"Valence &amp; Go","sameAs":["https:\/\/valenciaandgo.com"],"url":"https:\/\/upgrade.valenciaandgo.com\/fr\/author\/valencia\/"}]}},"_links":{"self":[{"href":"https:\/\/upgrade.valenciaandgo.com\/fr\/wp-json\/wp\/v2\/posts\/563","targetHints":{"allow":["GET"]}}],"collection":[{"href":"https:\/\/upgrade.valenciaandgo.com\/fr\/wp-json\/wp\/v2\/posts"}],"about":[{"href":"https:\/\/upgrade.valenciaandgo.com\/fr\/wp-json\/wp\/v2\/types\/post"}],"author":[{"embeddable":true,"href":"https:\/\/upgrade.valenciaandgo.com\/fr\/wp-json\/wp\/v2\/users\/1"}],"replies":[{"embeddable":true,"href":"https:\/\/upgrade.valenciaandgo.com\/fr\/wp-json\/wp\/v2\/comments?post=563"}],"version-history":[{"count":0,"href":"https:\/\/upgrade.valenciaandgo.com\/fr\/wp-json\/wp\/v2\/posts\/563\/revisions"}],"wp:featuredmedia":[{"embeddable":true,"href":"https:\/\/upgrade.valenciaandgo.com\/fr\/wp-json\/wp\/v2\/media\/729"}],"wp:attachment":[{"href":"https:\/\/upgrade.valenciaandgo.com\/fr\/wp-json\/wp\/v2\/media?parent=563"}],"wp:term":[{"taxonomy":"category","embeddable":true,"href":"https:\/\/upgrade.valenciaandgo.com\/fr\/wp-json\/wp\/v2\/categories?post=563"},{"taxonomy":"post_tag","embeddable":true,"href":"https:\/\/upgrade.valenciaandgo.com\/fr\/wp-json\/wp\/v2\/tags?post=563"}],"curies":[{"name":"wp","href":"https:\/\/api.w.org\/{rel}","templated":true}]}}