{"id":538,"date":"2024-09-06T12:17:00","date_gmt":"2024-09-06T12:17:00","guid":{"rendered":"https:\/\/new.valenciaandgo.com\/?p=538"},"modified":"2026-03-14T13:01:26","modified_gmt":"2026-03-14T13:01:26","slug":"les-meilleures-terrasses-sur-les-toits-de-valence-pour-profiter-du-coucher-de-soleil","status":"publish","type":"post","link":"https:\/\/upgrade.valenciaandgo.com\/fr\/mejores-terrazas-rooftops-valencia-disfrutar-atardecer\/","title":{"rendered":"Les meilleurs toits de Valence pour des couchers de soleil spectaculaires"},"content":{"rendered":"<div data-elementor-type=\"wp-post\" data-elementor-id=\"538\" class=\"elementor elementor-538\" data-elementor-post-type=\"post\">\n\t\t\t\t<div class=\"elementor-element elementor-element-1bdc3311 e-flex e-con-boxed e-con e-parent\" data-id=\"1bdc3311\" data-element_type=\"container\" data-e-type=\"container\">\n\t\t\t\t\t<div class=\"e-con-inner\">\n\t\t<div class=\"elementor-element elementor-element-32a89ba e-con-full e-flex e-con e-child\" data-id=\"32a89ba\" data-element_type=\"container\" data-e-type=\"container\">\n\t\t\t\t<div class=\"elementor-element elementor-element-672a6667 elementor-widget elementor-widget-text-editor\" data-id=\"672a6667\" data-element_type=\"widget\" data-e-type=\"widget\" data-widget_type=\"text-editor.default\">\n\t\t\t\t\t\t\t\t\t\n<p>Avec plus de 300 jours d'ensoleillement, un patrimoine architectural impressionnant et une sc\u00e8ne culturelle enviable, Valence offre d'innombrables occasions de la d\u00e9couvrir d'une mani\u00e8re diff\u00e9rente. L'une d'entre elles se pr\u00e9sente en fin de journ\u00e9e : lorsque le soleil commence \u00e0 se coucher, il n'y a pas de meilleure fa\u00e7on de s'impr\u00e9gner de la beaut\u00e9 de la ville que depuis un toit-terrasse. Que vous soyez gourmand, amateur de culture ou passionn\u00e9 de d\u00e9couverte, les toits de Valence offrent un cadre id\u00e9al pour un coucher de soleil inoubliable. A partir de <a href=\"https:\/\/valenciaandgo.com\/\">Valencia&amp;Go<\/a> Nous vous pr\u00e9sentons les meilleurs toits pour profiter des couchers de soleil spectaculaires dans ce joyau m\u00e9diterran\u00e9en.<\/p>\n\t\t\t\t\t\t\t\t<\/div>\n\t\t\t\t<\/div>\n\t\t<div class=\"elementor-element elementor-element-1ce8f66a e-con-full e-flex e-con e-child\" data-id=\"1ce8f66a\" data-element_type=\"container\" data-e-type=\"container\">\n\t\t<div class=\"elementor-element elementor-element-14e1adfb e-con-full e-flex e-con e-child\" data-id=\"14e1adfb\" data-element_type=\"container\" data-e-type=\"container\">\n\t\t\t\t<div class=\"elementor-element elementor-element-4e0c24aa elementor-widget elementor-widget-heading\" data-id=\"4e0c24aa\" data-element_type=\"widget\" data-e-type=\"widget\" data-widget_type=\"heading.default\">\n\t\t\t\t\t<h2 class=\"elementor-heading-title elementor-size-default\">1. le ciel d'Ath\u00e9na<\/h2>\t\t\t\t<\/div>\n\t\t\t\t<\/div>\n\t\t<div class=\"elementor-element elementor-element-7d75c63 e-con-full e-flex e-con e-child\" data-id=\"7d75c63\" data-element_type=\"container\" data-e-type=\"container\">\n\t\t\t\t<div class=\"elementor-element elementor-element-749c1ec elementor-widget elementor-widget-text-editor\" data-id=\"749c1ec\" data-element_type=\"widget\" data-e-type=\"widget\" data-widget_type=\"text-editor.default\">\n\t\t\t\t\t\t\t\t\t<p>Situ\u00e9 au huiti\u00e8me \u00e9tage de l'embl\u00e9matique Ateneo Mercantil, \u00e0 proximit\u00e9 de la Plaza del Ayuntamiento, le <a href=\"https:\/\/ateneasky.com\/\">Athena Sky<\/a> offre une vue \u00e0 360 degr\u00e9s, ce qui en fait un lieu id\u00e9al pour prendre de superbes photos au coucher du soleil. Avec son d\u00e9cor exub\u00e9rant et son atmosph\u00e8re d\u00e9contract\u00e9e, c'est l'endroit id\u00e9al pour une soir\u00e9e chic au c\u0153ur de la ville.<\/p>\t\t\t\t\t\t\t\t<\/div>\n\t\t\t\t<\/div>\n\t\t\t\t<\/div>\n\t\t<div class=\"elementor-element elementor-element-b08fb58 e-con-full e-flex e-con e-child\" data-id=\"b08fb58\" data-element_type=\"container\" data-e-type=\"container\">\n\t\t<div class=\"elementor-element elementor-element-6ec830f e-con-full e-flex e-con e-child\" data-id=\"6ec830f\" data-element_type=\"container\" data-e-type=\"container\">\n\t\t\t\t<div class=\"elementor-element elementor-element-eb66a06 elementor-widget elementor-widget-heading\" data-id=\"eb66a06\" data-element_type=\"widget\" data-e-type=\"widget\" data-widget_type=\"heading.default\">\n\t\t\t\t\t<h2 class=\"elementor-heading-title elementor-size-default\">2. 270\u00ba SkyBar<\/h2>\t\t\t\t<\/div>\n\t\t\t\t<\/div>\n\t\t<div class=\"elementor-element elementor-element-7acfb5f e-con-full e-flex e-con e-child\" data-id=\"7acfb5f\" data-element_type=\"container\" data-e-type=\"container\">\n\t\t\t\t<div class=\"elementor-element elementor-element-672fd1e elementor-widget elementor-widget-text-editor\" data-id=\"672fd1e\" data-element_type=\"widget\" data-e-type=\"widget\" data-widget_type=\"text-editor.default\">\n\t\t\t\t\t\t\t\t\t<p>A partir de la <a href=\"https:\/\/www.instagram.com\/barcelovalencia\/?hl=es\">270\u00ba SkyBar<\/a>, Le toit de l'h\u00f4tel Barcel\u00f3 offre une vue compl\u00e8te de Valence, ce qui en fait un paradis pour les amateurs de photographie. Lorsque le soleil descend sous l'horizon, les lumi\u00e8res de la ville commencent \u00e0 briller, cr\u00e9ant une transition fascinante entre le jour et la nuit. Son ambiance chic, combin\u00e9e \u00e0 des si\u00e8ges au bord de la piscine, vous permettra de regarder le coucher de soleil avec la ville des arts et des sciences en toile de fond - un cadre de r\u00eave que vous n'oublierez pas !<\/p>\t\t\t\t\t\t\t\t<\/div>\n\t\t\t\t<\/div>\n\t\t\t\t<\/div>\n\t\t<div class=\"elementor-element elementor-element-6c15e59 e-con-full e-flex e-con e-child\" data-id=\"6c15e59\" data-element_type=\"container\" data-e-type=\"container\">\n\t\t<div class=\"elementor-element elementor-element-e3e932f e-con-full e-flex e-con e-child\" data-id=\"e3e932f\" data-element_type=\"container\" data-e-type=\"container\">\n\t\t\t\t<div class=\"elementor-element elementor-element-dbb6f8a elementor-widget elementor-widget-heading\" data-id=\"dbb6f8a\" data-element_type=\"widget\" data-e-type=\"widget\" data-widget_type=\"heading.default\">\n\t\t\t\t\t<h2 class=\"elementor-heading-title elementor-size-default\">3. Amoureux de la ville<\/h2>\t\t\t\t<\/div>\n\t\t\t\t<\/div>\n\t\t<div class=\"elementor-element elementor-element-63ef62b e-con-full e-flex e-con e-child\" data-id=\"63ef62b\" data-element_type=\"container\" data-e-type=\"container\">\n\t\t\t\t<div class=\"elementor-element elementor-element-87883c7 elementor-widget elementor-widget-text-editor\" data-id=\"87883c7\" data-element_type=\"widget\" data-e-type=\"widget\" data-widget_type=\"text-editor.default\">\n\t\t\t\t\t\t\t\t\t<p>Le toit-terrasse de l'h\u00f4tel Only YOU offre un cadre sophistiqu\u00e9 avec des vues spectaculaires sur Valence, le tout accompagn\u00e9 de musique live. Ce bar \u00e9l\u00e9gant est parfait pour ceux qui recherchent une exp\u00e9rience diff\u00e9rente et haut de gamme au coucher du soleil. L'\u00e9v\u00e9nement <a href=\"https:\/\/www.onlyyouhotels.com\/hoteles\/only-you-hotel-valencia\/youniverse\/sunset-only-you-valencia\/\">Coucher de soleil sur la ville<\/a> a lieu tous les jeudis, vendredis, samedis et dimanches d'\u00e9t\u00e9 \u00e0 partir de 19h00.<\/p>\t\t\t\t\t\t\t\t<\/div>\n\t\t\t\t<\/div>\n\t\t\t\t<\/div>\n\t\t<div class=\"elementor-element elementor-element-7bf9972 e-con-full e-flex e-con e-child\" data-id=\"7bf9972\" data-element_type=\"container\" data-e-type=\"container\">\n\t\t<div class=\"elementor-element elementor-element-8c69d08 e-con-full e-flex e-con e-child\" data-id=\"8c69d08\" data-element_type=\"container\" data-e-type=\"container\">\n\t\t\t\t<div class=\"elementor-element elementor-element-a146bca elementor-widget elementor-widget-heading\" data-id=\"a146bca\" data-element_type=\"widget\" data-e-type=\"widget\" data-widget_type=\"heading.default\">\n\t\t\t\t\t<h2 class=\"elementor-heading-title elementor-size-default\">4. le grenier<\/h2>\t\t\t\t<\/div>\n\t\t\t\t<\/div>\n\t\t<div class=\"elementor-element elementor-element-e5a70f9 e-con-full e-flex e-con e-child\" data-id=\"e5a70f9\" data-element_type=\"container\" data-e-type=\"container\">\n\t\t\t\t<div class=\"elementor-element elementor-element-57d6982 elementor-widget elementor-widget-text-editor\" data-id=\"57d6982\" data-element_type=\"widget\" data-e-type=\"widget\" data-widget_type=\"text-editor.default\">\n\t\t\t\t\t\t\t\t\t<p>Situ\u00e9 dans le Palau Alameda, il est connu pour son design moderne et son atmosph\u00e8re vibrante. Surplombant les jardins de Turia et les monuments embl\u00e9matiques de la ville, le <a href=\"https:\/\/palaualameda.com\/atic\/\">\u00c1tic<\/a> offre une toile de fond dynamique pour admirer le coucher du soleil. Le bar propose une carte vari\u00e9e de boissons et de bouch\u00e9es gastronomiques, pour terminer la journ\u00e9e en beaut\u00e9.<\/p>\t\t\t\t\t\t\t\t<\/div>\n\t\t\t\t<\/div>\n\t\t\t\t<\/div>\n\t\t<div class=\"elementor-element elementor-element-a6a12e3 e-con-full e-flex e-con e-child\" data-id=\"a6a12e3\" data-element_type=\"container\" data-e-type=\"container\">\n\t\t<div class=\"elementor-element elementor-element-2e9c2cb e-con-full e-flex e-con e-child\" data-id=\"2e9c2cb\" data-element_type=\"container\" data-e-type=\"container\">\n\t\t\t\t<div class=\"elementor-element elementor-element-9494663 elementor-widget elementor-widget-heading\" data-id=\"9494663\" data-element_type=\"widget\" data-e-type=\"widget\" data-widget_type=\"heading.default\">\n\t\t\t\t\t<h2 class=\"elementor-heading-title elementor-size-default\">5. Sky Bar Sea You Port<\/h2>\t\t\t\t<\/div>\n\t\t\t\t<\/div>\n\t\t<div class=\"elementor-element elementor-element-919cd25 e-con-full e-flex e-con e-child\" data-id=\"919cd25\" data-element_type=\"container\" data-e-type=\"container\">\n\t\t\t\t<div class=\"elementor-element elementor-element-26227a4 elementor-widget elementor-widget-text-editor\" data-id=\"26227a4\" data-element_type=\"widget\" data-e-type=\"widget\" data-widget_type=\"text-editor.default\">\n\t\t\t\t\t\t\t\t\t<p>Dans le cadre de la <a href=\"https:\/\/www.seayouhotel.es\/sky-bar.html\">Sea You Port Hotel Sky Bar<\/a> vous pouvez vivre une exp\u00e9rience unique avec des vues panoramiques sur le port et la marina de la ville. Situ\u00e9 au dernier \u00e9tage de l'h\u00f4tel, c'est l'endroit id\u00e9al pour se d\u00e9tendre et profiter d'un spectaculaire coucher de soleil sur la mer M\u00e9diterran\u00e9e. Son atmosph\u00e8re chaleureuse et moderne, accompagn\u00e9e d'une s\u00e9lection de cocktails exclusifs et de musique live, cr\u00e9e un cadre in\u00e9gal\u00e9 pour une soir\u00e9e m\u00e9morable.<\/p>\t\t\t\t\t\t\t\t<\/div>\n\t\t\t\t<\/div>\n\t\t\t\t<\/div>\n\t\t<div class=\"elementor-element elementor-element-09a4b39 e-con-full e-flex e-con e-child\" data-id=\"09a4b39\" data-element_type=\"container\" data-e-type=\"container\">\n\t\t<div class=\"elementor-element elementor-element-4d7925d e-con-full e-flex e-con e-child\" data-id=\"4d7925d\" data-element_type=\"container\" data-e-type=\"container\">\n\t\t\t\t<div class=\"elementor-element elementor-element-56389e2 elementor-widget elementor-widget-heading\" data-id=\"56389e2\" data-element_type=\"widget\" data-e-type=\"widget\" data-widget_type=\"heading.default\">\n\t\t\t\t\t<h2 class=\"elementor-heading-title elementor-size-default\">Conseils pour la visite des toits de Valence<\/h2>\t\t\t\t<\/div>\n\t\t\t\t<\/div>\n\t\t<div class=\"elementor-element elementor-element-7ff79ec e-con-full e-flex e-con e-child\" data-id=\"7ff79ec\" data-element_type=\"container\" data-e-type=\"container\">\n\t\t\t\t<div class=\"elementor-element elementor-element-1888e06 elementor-widget elementor-widget-text-editor\" data-id=\"1888e06\" data-element_type=\"widget\" data-e-type=\"widget\" data-widget_type=\"text-editor.default\">\n\t\t\t\t\t\t\t\t\t<p>Pour profiter au maximum de votre coucher de soleil sur un toit-terrasse \u00e0 Valence, il y a quelques points \u00e0 garder \u00e0 l'esprit :<\/p>\n<p><!-- \/wp:paragraph --><!-- wp:list --><\/p>\n<ul class=\"wp-block-list\"><!-- wp:list-item -->\n<li><strong>Calendrier<\/strong><strong>:<\/strong> Renseignez-vous sur les heures d'ouverture des diff\u00e9rents rooftops. Essayez d'arriver t\u00f4t pour vous assurer la meilleure place et au moins une heure avant le coucher du soleil.<\/li>\n<!-- \/wp:list-item --><!-- wp:list-item -->\n<li><strong>R\u00e9servations<\/strong><strong>:<\/strong> Si possible, r\u00e9servez \u00e0 l'avance. De nombreux bars sur les toits vous permettent de r\u00e9server une table, ce qui vous garantit une place de choix pour profiter du coucher de soleil.<\/li>\n<!-- \/wp:list-item --><!-- wp:list-item -->\n<li><strong>M\u00e9t\u00e9orologie<\/strong><strong>:<\/strong> v\u00e9rifier les pr\u00e9visions m\u00e9t\u00e9orologiques \u00e0 l'avance. Bien que Valence b\u00e9n\u00e9ficie de nombreuses journ\u00e9es ensoleill\u00e9es, il est pr\u00e9f\u00e9rable de se pr\u00e9parer \u00e0 tout changement soudain du temps.<\/li>\n<!-- \/wp:list-item --><!-- wp:list-item -->\n<li><strong>Demander des conseils<\/strong>Les Valenciens sont connus pour leur hospitalit\u00e9 et leur gentillesse. Le fait de dialoguer avec eux pour obtenir des conseils sur n'importe quel aspect de la ville am\u00e9liorera grandement votre exp\u00e9rience.\u00a0<\/li>\n<!-- \/wp:list-item --><\/ul>\n<p><!-- \/wp:list --><!-- wp:paragraph --><\/p>\n<p>Si les toits de Valence sont incontournables pour admirer le coucher du soleil, la ville compte d'autres endroits fantastiques pour terminer la journ\u00e9e. A <a href=\"https:\/\/valenciaandgo.com\/tours-valencia\/ruta-en-bici-por-el-parque-del-rio-turia\/\">visite \u00e0 v\u00e9lo des jardins de la rivi\u00e8re Turia<\/a> est une valeur s\u00fbre. Tout au long du parc luxuriant, il y a plusieurs endroits o\u00f9 faire une pause et regarder le coucher du soleil. Si vous pr\u00e9f\u00e9rez vous enfoncer dans la nature, explorez les environs de la ville gr\u00e2ce \u00e0 nos <a href=\"https:\/\/valenciaandgo.com\/excursiones-desde-valencia\/excursion-al-parque-natural-de-la-albufera\/\">excursion dans le parc naturel de l'Albufera<\/a>, D\u00e9couvrez la magie de Valence avec Valencia&amp;Go !<\/p>\t\t\t\t\t\t\t\t<\/div>\n\t\t\t\t<\/div>\n\t\t\t\t<\/div>\n\t\t\t\t\t<\/div>\n\t\t\t\t<\/div>\n\t\t\t\t<\/div>","protected":false},"excerpt":{"rendered":"<p>Con m\u00e1s de 300 d\u00edas de sol, un impresionante patrimonio arquitect\u00f3nico y un ambiente cultural envidiable, Valencia ofrece infinitas oportunidades para explorarla de forma diferente. Una de ellas llega al final del d\u00eda: cuando el sol empieza a ponerse, no hay mejor manera de empaparse de la belleza de la ciudad que desde una azotea. [&hellip;]<\/p>\n","protected":false},"author":1,"featured_media":732,"comment_status":"closed","ping_status":"closed","sticky":false,"template":"","format":"standard","meta":{"_acf_changed":false,"footnotes":""},"categories":[54],"tags":[57,53],"class_list":["post-538","post","type-post","status-publish","format-standard","has-post-thumbnail","hentry","category-que-hacer","tag-planes-exterior","tag-valencia"],"acf":[],"yoast_head":"<!-- This site is optimized with the Yoast SEO plugin v27.5 - https:\/\/yoast.com\/product\/yoast-seo-wordpress\/ -->\n<title>Rooftops de Valencia para ver el atardecer | Blog Valencia&amp;Go<\/title>\n<meta name=\"description\" content=\"Te desvelamos los mejores rooftops de Valencia para disfrutar de un atardecer espectacular mientras degustas tu bebida favorita, en el blog de Valencia&amp;Go.\" \/>\n<meta name=\"robots\" content=\"noindex, follow, max-snippet:-1, max-image-preview:large, max-video-preview:-1\" \/>\n<meta property=\"og:locale\" content=\"fr_FR\" \/>\n<meta property=\"og:type\" content=\"article\" \/>\n<meta property=\"og:title\" content=\"Rooftops de Valencia para ver el atardecer | Blog Valencia&amp;Go\" \/>\n<meta property=\"og:description\" content=\"Te desvelamos los mejores rooftops de Valencia para disfrutar de un atardecer espectacular mientras degustas tu bebida favorita, en el blog de Valencia&amp;Go.\" \/>\n<meta property=\"og:url\" content=\"https:\/\/upgrade.valenciaandgo.com\/fr\/les-meilleures-terrasses-sur-les-toits-de-valence-pour-profiter-du-coucher-de-soleil\/\" \/>\n<meta property=\"og:site_name\" content=\"Valencia&amp;Go\" \/>\n<meta property=\"article:publisher\" content=\"https:\/\/www.facebook.com\/valenciaandgo\/\" \/>\n<meta property=\"article:published_time\" content=\"2024-09-06T12:17:00+00:00\" \/>\n<meta property=\"article:modified_time\" content=\"2026-03-14T13:01:26+00:00\" \/>\n<meta property=\"og:image\" content=\"https:\/\/upgrade.valenciaandgo.com\/wp-content\/uploads\/2025\/11\/img-blog-mejores-rooftops-valencia.webp\" \/>\n\t<meta property=\"og:image:width\" content=\"1170\" \/>\n\t<meta property=\"og:image:height\" content=\"781\" \/>\n\t<meta property=\"og:image:type\" content=\"image\/webp\" \/>\n<meta name=\"author\" content=\"Valencia &amp; Go\" \/>\n<meta name=\"twitter:card\" content=\"summary_large_image\" \/>\n<meta name=\"twitter:label1\" content=\"\u00c9crit par\" \/>\n\t<meta name=\"twitter:data1\" content=\"Valencia &amp; Go\" \/>\n\t<meta name=\"twitter:label2\" content=\"Dur\u00e9e de lecture estim\u00e9e\" \/>\n\t<meta name=\"twitter:data2\" content=\"4 minutes\" \/>\n<script type=\"application\/ld+json\" class=\"yoast-schema-graph\">{\"@context\":\"https:\\\/\\\/schema.org\",\"@graph\":[{\"@type\":\"Article\",\"@id\":\"https:\\\/\\\/upgrade.valenciaandgo.com\\\/mejores-terrazas-rooftops-valencia-disfrutar-atardecer\\\/#article\",\"isPartOf\":{\"@id\":\"https:\\\/\\\/upgrade.valenciaandgo.com\\\/mejores-terrazas-rooftops-valencia-disfrutar-atardecer\\\/\"},\"author\":{\"name\":\"Valencia &amp; Go\",\"@id\":\"https:\\\/\\\/upgrade.valenciaandgo.com\\\/it\\\/#\\\/schema\\\/person\\\/ca673553802eb937b57af07a6ce74908\"},\"headline\":\"Los mejores rooftops de Valencia para disfrutar de atardeceres espectaculares\",\"datePublished\":\"2024-09-06T12:17:00+00:00\",\"dateModified\":\"2026-03-14T13:01:26+00:00\",\"mainEntityOfPage\":{\"@id\":\"https:\\\/\\\/upgrade.valenciaandgo.com\\\/mejores-terrazas-rooftops-valencia-disfrutar-atardecer\\\/\"},\"wordCount\":751,\"publisher\":{\"@id\":\"https:\\\/\\\/upgrade.valenciaandgo.com\\\/it\\\/#organization\"},\"image\":{\"@id\":\"https:\\\/\\\/upgrade.valenciaandgo.com\\\/mejores-terrazas-rooftops-valencia-disfrutar-atardecer\\\/#primaryimage\"},\"thumbnailUrl\":\"https:\\\/\\\/upgrade.valenciaandgo.com\\\/wp-content\\\/uploads\\\/2025\\\/11\\\/img-blog-mejores-rooftops-valencia.webp\",\"keywords\":[\"planes exterior\",\"Valencia\"],\"articleSection\":[\"Qu\u00e9 hacer\"],\"inLanguage\":\"fr-FR\"},{\"@type\":\"WebPage\",\"@id\":\"https:\\\/\\\/upgrade.valenciaandgo.com\\\/mejores-terrazas-rooftops-valencia-disfrutar-atardecer\\\/\",\"url\":\"https:\\\/\\\/upgrade.valenciaandgo.com\\\/mejores-terrazas-rooftops-valencia-disfrutar-atardecer\\\/\",\"name\":\"Rooftops de Valencia para ver el atardecer | Blog Valencia&Go\",\"isPartOf\":{\"@id\":\"https:\\\/\\\/upgrade.valenciaandgo.com\\\/it\\\/#website\"},\"primaryImageOfPage\":{\"@id\":\"https:\\\/\\\/upgrade.valenciaandgo.com\\\/mejores-terrazas-rooftops-valencia-disfrutar-atardecer\\\/#primaryimage\"},\"image\":{\"@id\":\"https:\\\/\\\/upgrade.valenciaandgo.com\\\/mejores-terrazas-rooftops-valencia-disfrutar-atardecer\\\/#primaryimage\"},\"thumbnailUrl\":\"https:\\\/\\\/upgrade.valenciaandgo.com\\\/wp-content\\\/uploads\\\/2025\\\/11\\\/img-blog-mejores-rooftops-valencia.webp\",\"datePublished\":\"2024-09-06T12:17:00+00:00\",\"dateModified\":\"2026-03-14T13:01:26+00:00\",\"description\":\"Te desvelamos los mejores rooftops de Valencia para disfrutar de un atardecer espectacular mientras degustas tu bebida favorita, en el blog de Valencia&Go.\",\"breadcrumb\":{\"@id\":\"https:\\\/\\\/upgrade.valenciaandgo.com\\\/mejores-terrazas-rooftops-valencia-disfrutar-atardecer\\\/#breadcrumb\"},\"inLanguage\":\"fr-FR\",\"potentialAction\":[{\"@type\":\"ReadAction\",\"target\":[\"https:\\\/\\\/upgrade.valenciaandgo.com\\\/mejores-terrazas-rooftops-valencia-disfrutar-atardecer\\\/\"]}]},{\"@type\":\"ImageObject\",\"inLanguage\":\"fr-FR\",\"@id\":\"https:\\\/\\\/upgrade.valenciaandgo.com\\\/mejores-terrazas-rooftops-valencia-disfrutar-atardecer\\\/#primaryimage\",\"url\":\"https:\\\/\\\/upgrade.valenciaandgo.com\\\/wp-content\\\/uploads\\\/2025\\\/11\\\/img-blog-mejores-rooftops-valencia.webp\",\"contentUrl\":\"https:\\\/\\\/upgrade.valenciaandgo.com\\\/wp-content\\\/uploads\\\/2025\\\/11\\\/img-blog-mejores-rooftops-valencia.webp\",\"width\":1170,\"height\":781},{\"@type\":\"BreadcrumbList\",\"@id\":\"https:\\\/\\\/upgrade.valenciaandgo.com\\\/mejores-terrazas-rooftops-valencia-disfrutar-atardecer\\\/#breadcrumb\",\"itemListElement\":[{\"@type\":\"ListItem\",\"position\":1,\"name\":\"Portada\",\"item\":\"https:\\\/\\\/upgrade.valenciaandgo.com\\\/\"},{\"@type\":\"ListItem\",\"position\":2,\"name\":\"Los mejores rooftops de Valencia para disfrutar de atardeceres espectaculares\"}]},{\"@type\":\"WebSite\",\"@id\":\"https:\\\/\\\/upgrade.valenciaandgo.com\\\/it\\\/#website\",\"url\":\"https:\\\/\\\/upgrade.valenciaandgo.com\\\/it\\\/\",\"name\":\"Valencia&Go\",\"description\":\"Tours por Valencia y alrededores de ciudad.\",\"publisher\":{\"@id\":\"https:\\\/\\\/upgrade.valenciaandgo.com\\\/it\\\/#organization\"},\"potentialAction\":[{\"@type\":\"SearchAction\",\"target\":{\"@type\":\"EntryPoint\",\"urlTemplate\":\"https:\\\/\\\/upgrade.valenciaandgo.com\\\/it\\\/?s={search_term_string}\"},\"query-input\":{\"@type\":\"PropertyValueSpecification\",\"valueRequired\":true,\"valueName\":\"search_term_string\"}}],\"inLanguage\":\"fr-FR\"},{\"@type\":\"Organization\",\"@id\":\"https:\\\/\\\/upgrade.valenciaandgo.com\\\/it\\\/#organization\",\"name\":\"Valencia&Go\",\"url\":\"https:\\\/\\\/upgrade.valenciaandgo.com\\\/it\\\/\",\"logo\":{\"@type\":\"ImageObject\",\"inLanguage\":\"fr-FR\",\"@id\":\"https:\\\/\\\/upgrade.valenciaandgo.com\\\/it\\\/#\\\/schema\\\/logo\\\/image\\\/\",\"url\":\"https:\\\/\\\/upgrade.valenciaandgo.com\\\/wp-content\\\/uploads\\\/2025\\\/10\\\/valencia_go-svg-blnc-iso-naranja.svg\",\"contentUrl\":\"https:\\\/\\\/upgrade.valenciaandgo.com\\\/wp-content\\\/uploads\\\/2025\\\/10\\\/valencia_go-svg-blnc-iso-naranja.svg\",\"width\":434,\"height\":102,\"caption\":\"Valencia&Go\"},\"image\":{\"@id\":\"https:\\\/\\\/upgrade.valenciaandgo.com\\\/it\\\/#\\\/schema\\\/logo\\\/image\\\/\"},\"sameAs\":[\"https:\\\/\\\/www.facebook.com\\\/valenciaandgo\\\/\",\"https:\\\/\\\/www.instagram.com\\\/valenciaandgo\",\"https:\\\/\\\/www.linkedin.com\\\/company\\\/valencia-go\\\/\",\"https:\\\/\\\/www.tiktok.com\\\/@valenciaandgo\"]},{\"@type\":\"Person\",\"@id\":\"https:\\\/\\\/upgrade.valenciaandgo.com\\\/it\\\/#\\\/schema\\\/person\\\/ca673553802eb937b57af07a6ce74908\",\"name\":\"Valencia &amp; Go\",\"sameAs\":[\"https:\\\/\\\/valenciaandgo.com\"],\"url\":\"https:\\\/\\\/upgrade.valenciaandgo.com\\\/fr\\\/author\\\/valencia\\\/\"}]}<\/script>\n<!-- \/ Yoast SEO plugin. -->","yoast_head_json":{"title":"Les toits de Valence pour admirer le coucher du soleil | Valencia&amp;Go Blog","description":"Nous vous d\u00e9voilons les meilleurs toits de Valence pour profiter d'un coucher de soleil spectaculaire tout en d\u00e9gustant votre boisson pr\u00e9f\u00e9r\u00e9e, dans le blog Valencia&amp;Go.","robots":{"index":"noindex","follow":"follow","max-snippet":"max-snippet:-1","max-image-preview":"max-image-preview:large","max-video-preview":"max-video-preview:-1"},"og_locale":"fr_FR","og_type":"article","og_title":"Rooftops de Valencia para ver el atardecer | Blog Valencia&Go","og_description":"Te desvelamos los mejores rooftops de Valencia para disfrutar de un atardecer espectacular mientras degustas tu bebida favorita, en el blog de Valencia&Go.","og_url":"https:\/\/upgrade.valenciaandgo.com\/fr\/les-meilleures-terrasses-sur-les-toits-de-valence-pour-profiter-du-coucher-de-soleil\/","og_site_name":"Valencia&amp;Go","article_publisher":"https:\/\/www.facebook.com\/valenciaandgo\/","article_published_time":"2024-09-06T12:17:00+00:00","article_modified_time":"2026-03-14T13:01:26+00:00","og_image":[{"width":1170,"height":781,"url":"https:\/\/upgrade.valenciaandgo.com\/wp-content\/uploads\/2025\/11\/img-blog-mejores-rooftops-valencia.webp","type":"image\/webp"}],"author":"Valencia &amp; Go","twitter_card":"summary_large_image","twitter_misc":{"\u00c9crit par":"Valencia &amp; Go","Dur\u00e9e de lecture estim\u00e9e":"4 minutes"},"schema":{"@context":"https:\/\/schema.org","@graph":[{"@type":"Article","@id":"https:\/\/upgrade.valenciaandgo.com\/mejores-terrazas-rooftops-valencia-disfrutar-atardecer\/#article","isPartOf":{"@id":"https:\/\/upgrade.valenciaandgo.com\/mejores-terrazas-rooftops-valencia-disfrutar-atardecer\/"},"author":{"name":"Valencia &amp; Go","@id":"https:\/\/upgrade.valenciaandgo.com\/it\/#\/schema\/person\/ca673553802eb937b57af07a6ce74908"},"headline":"Los mejores rooftops de Valencia para disfrutar de atardeceres espectaculares","datePublished":"2024-09-06T12:17:00+00:00","dateModified":"2026-03-14T13:01:26+00:00","mainEntityOfPage":{"@id":"https:\/\/upgrade.valenciaandgo.com\/mejores-terrazas-rooftops-valencia-disfrutar-atardecer\/"},"wordCount":751,"publisher":{"@id":"https:\/\/upgrade.valenciaandgo.com\/it\/#organization"},"image":{"@id":"https:\/\/upgrade.valenciaandgo.com\/mejores-terrazas-rooftops-valencia-disfrutar-atardecer\/#primaryimage"},"thumbnailUrl":"https:\/\/upgrade.valenciaandgo.com\/wp-content\/uploads\/2025\/11\/img-blog-mejores-rooftops-valencia.webp","keywords":["planes exterior","Valencia"],"articleSection":["Qu\u00e9 hacer"],"inLanguage":"fr-FR"},{"@type":"WebPage","@id":"https:\/\/upgrade.valenciaandgo.com\/mejores-terrazas-rooftops-valencia-disfrutar-atardecer\/","url":"https:\/\/upgrade.valenciaandgo.com\/mejores-terrazas-rooftops-valencia-disfrutar-atardecer\/","name":"Les toits de Valence pour admirer le coucher du soleil | Valencia&amp;Go Blog","isPartOf":{"@id":"https:\/\/upgrade.valenciaandgo.com\/it\/#website"},"primaryImageOfPage":{"@id":"https:\/\/upgrade.valenciaandgo.com\/mejores-terrazas-rooftops-valencia-disfrutar-atardecer\/#primaryimage"},"image":{"@id":"https:\/\/upgrade.valenciaandgo.com\/mejores-terrazas-rooftops-valencia-disfrutar-atardecer\/#primaryimage"},"thumbnailUrl":"https:\/\/upgrade.valenciaandgo.com\/wp-content\/uploads\/2025\/11\/img-blog-mejores-rooftops-valencia.webp","datePublished":"2024-09-06T12:17:00+00:00","dateModified":"2026-03-14T13:01:26+00:00","description":"Nous vous d\u00e9voilons les meilleurs toits de Valence pour profiter d'un coucher de soleil spectaculaire tout en d\u00e9gustant votre boisson pr\u00e9f\u00e9r\u00e9e, dans le blog Valencia&amp;Go.","breadcrumb":{"@id":"https:\/\/upgrade.valenciaandgo.com\/mejores-terrazas-rooftops-valencia-disfrutar-atardecer\/#breadcrumb"},"inLanguage":"fr-FR","potentialAction":[{"@type":"ReadAction","target":["https:\/\/upgrade.valenciaandgo.com\/mejores-terrazas-rooftops-valencia-disfrutar-atardecer\/"]}]},{"@type":"ImageObject","inLanguage":"fr-FR","@id":"https:\/\/upgrade.valenciaandgo.com\/mejores-terrazas-rooftops-valencia-disfrutar-atardecer\/#primaryimage","url":"https:\/\/upgrade.valenciaandgo.com\/wp-content\/uploads\/2025\/11\/img-blog-mejores-rooftops-valencia.webp","contentUrl":"https:\/\/upgrade.valenciaandgo.com\/wp-content\/uploads\/2025\/11\/img-blog-mejores-rooftops-valencia.webp","width":1170,"height":781},{"@type":"BreadcrumbList","@id":"https:\/\/upgrade.valenciaandgo.com\/mejores-terrazas-rooftops-valencia-disfrutar-atardecer\/#breadcrumb","itemListElement":[{"@type":"ListItem","position":1,"name":"Portada","item":"https:\/\/upgrade.valenciaandgo.com\/"},{"@type":"ListItem","position":2,"name":"Los mejores rooftops de Valencia para disfrutar de atardeceres espectaculares"}]},{"@type":"WebSite","@id":"https:\/\/upgrade.valenciaandgo.com\/it\/#website","url":"https:\/\/upgrade.valenciaandgo.com\/it\/","name":"Valencia&amp;Go","description":"Visites de Valence et de ses environs.","publisher":{"@id":"https:\/\/upgrade.valenciaandgo.com\/it\/#organization"},"potentialAction":[{"@type":"SearchAction","target":{"@type":"EntryPoint","urlTemplate":"https:\/\/upgrade.valenciaandgo.com\/it\/?s={search_term_string}"},"query-input":{"@type":"PropertyValueSpecification","valueRequired":true,"valueName":"search_term_string"}}],"inLanguage":"fr-FR"},{"@type":"Organization","@id":"https:\/\/upgrade.valenciaandgo.com\/it\/#organization","name":"Valencia&amp;Go","url":"https:\/\/upgrade.valenciaandgo.com\/it\/","logo":{"@type":"ImageObject","inLanguage":"fr-FR","@id":"https:\/\/upgrade.valenciaandgo.com\/it\/#\/schema\/logo\/image\/","url":"https:\/\/upgrade.valenciaandgo.com\/wp-content\/uploads\/2025\/10\/valencia_go-svg-blnc-iso-naranja.svg","contentUrl":"https:\/\/upgrade.valenciaandgo.com\/wp-content\/uploads\/2025\/10\/valencia_go-svg-blnc-iso-naranja.svg","width":434,"height":102,"caption":"Valencia&Go"},"image":{"@id":"https:\/\/upgrade.valenciaandgo.com\/it\/#\/schema\/logo\/image\/"},"sameAs":["https:\/\/www.facebook.com\/valenciaandgo\/","https:\/\/www.instagram.com\/valenciaandgo","https:\/\/www.linkedin.com\/company\/valencia-go\/","https:\/\/www.tiktok.com\/@valenciaandgo"]},{"@type":"Person","@id":"https:\/\/upgrade.valenciaandgo.com\/it\/#\/schema\/person\/ca673553802eb937b57af07a6ce74908","name":"Valence &amp; Go","sameAs":["https:\/\/valenciaandgo.com"],"url":"https:\/\/upgrade.valenciaandgo.com\/fr\/author\/valencia\/"}]}},"_links":{"self":[{"href":"https:\/\/upgrade.valenciaandgo.com\/fr\/wp-json\/wp\/v2\/posts\/538","targetHints":{"allow":["GET"]}}],"collection":[{"href":"https:\/\/upgrade.valenciaandgo.com\/fr\/wp-json\/wp\/v2\/posts"}],"about":[{"href":"https:\/\/upgrade.valenciaandgo.com\/fr\/wp-json\/wp\/v2\/types\/post"}],"author":[{"embeddable":true,"href":"https:\/\/upgrade.valenciaandgo.com\/fr\/wp-json\/wp\/v2\/users\/1"}],"replies":[{"embeddable":true,"href":"https:\/\/upgrade.valenciaandgo.com\/fr\/wp-json\/wp\/v2\/comments?post=538"}],"version-history":[{"count":0,"href":"https:\/\/upgrade.valenciaandgo.com\/fr\/wp-json\/wp\/v2\/posts\/538\/revisions"}],"wp:featuredmedia":[{"embeddable":true,"href":"https:\/\/upgrade.valenciaandgo.com\/fr\/wp-json\/wp\/v2\/media\/732"}],"wp:attachment":[{"href":"https:\/\/upgrade.valenciaandgo.com\/fr\/wp-json\/wp\/v2\/media?parent=538"}],"wp:term":[{"taxonomy":"category","embeddable":true,"href":"https:\/\/upgrade.valenciaandgo.com\/fr\/wp-json\/wp\/v2\/categories?post=538"},{"taxonomy":"post_tag","embeddable":true,"href":"https:\/\/upgrade.valenciaandgo.com\/fr\/wp-json\/wp\/v2\/tags?post=538"}],"curies":[{"name":"wp","href":"https:\/\/api.w.org\/{rel}","templated":true}]}}