{"id":534,"date":"2024-08-13T11:47:00","date_gmt":"2024-08-13T11:47:00","guid":{"rendered":"https:\/\/new.valenciaandgo.com\/?p=534"},"modified":"2026-03-14T13:01:26","modified_gmt":"2026-03-14T13:01:26","slug":"que-faire-a-valence-pour-des-vacances-dete-parfaites-pour-les-enfants","status":"publish","type":"post","link":"https:\/\/upgrade.valenciaandgo.com\/fr\/que-hacer-valencia-ninos-vacaciones-verano-perfectas\/","title":{"rendered":"Que faire \u00e0 Valence avec des enfants pour des vacances d'\u00e9t\u00e9 parfaites ?"},"content":{"rendered":"<div data-elementor-type=\"wp-post\" data-elementor-id=\"534\" class=\"elementor elementor-534\" data-elementor-post-type=\"post\">\n\t\t\t\t<div class=\"elementor-element elementor-element-208f9e64 e-flex e-con-boxed e-con e-parent\" data-id=\"208f9e64\" data-element_type=\"container\" data-e-type=\"container\">\n\t\t\t\t\t<div class=\"e-con-inner\">\n\t\t<div class=\"elementor-element elementor-element-631cb17c e-con-full e-flex e-con e-child\" data-id=\"631cb17c\" data-element_type=\"container\" data-e-type=\"container\">\n\t\t\t\t<div class=\"elementor-element elementor-element-1a00282f elementor-widget elementor-widget-text-editor\" data-id=\"1a00282f\" data-element_type=\"widget\" data-e-type=\"widget\" data-widget_type=\"text-editor.default\">\n\t\t\t\t\t\t\t\t\t<p>Si vous planifiez vos prochaines vacances en famille et que vous n'avez pas encore pris votre d\u00e9cision, de <a href=\"https:\/\/valenciaandgo.com\/\">Valencia&amp;Go<\/a> nous vous facilitons la t\u00e2che : la r\u00e9ponse est Valence ! Cette ville, o\u00f9 tradition et modernit\u00e9 vont de pair, offre une grande vari\u00e9t\u00e9 d'activit\u00e9s con\u00e7ues pour les familles. Qu'il s'agisse d'explorer des grottes impressionnantes ou de profiter d'expositions interactives, nous vous proposons les meilleurs plans pour que vos vacances \u00e0 Valence avec des enfants soient inoubliables.<\/p><p><!-- \/wp:paragraph --><\/p>\t\t\t\t\t\t\t\t<\/div>\n\t\t\t\t<\/div>\n\t\t<div class=\"elementor-element elementor-element-4128a507 e-con-full e-flex e-con e-child\" data-id=\"4128a507\" data-element_type=\"container\" data-e-type=\"container\">\n\t\t<div class=\"elementor-element elementor-element-2e5fe63 e-con-full e-flex e-con e-child\" data-id=\"2e5fe63\" data-element_type=\"container\" data-e-type=\"container\">\n\t\t\t\t<div class=\"elementor-element elementor-element-458ab904 elementor-widget elementor-widget-heading\" data-id=\"458ab904\" data-element_type=\"widget\" data-e-type=\"widget\" data-widget_type=\"heading.default\">\n\t\t\t\t\t<h2 class=\"elementor-heading-title elementor-size-default\">Les meilleurs plans avec enfants \u00e0 Valence<\/h2>\t\t\t\t<\/div>\n\t\t\t\t<\/div>\n\t\t<div class=\"elementor-element elementor-element-65434156 e-con-full e-flex e-con e-child\" data-id=\"65434156\" data-element_type=\"container\" data-e-type=\"container\">\n\t\t\t\t<div class=\"elementor-element elementor-element-30aae80f elementor-widget elementor-widget-text-editor\" data-id=\"30aae80f\" data-element_type=\"widget\" data-e-type=\"widget\" data-widget_type=\"text-editor.default\">\n\t\t\t\t\t\t\t\t\t<p><span style=\"font-weight: 300;\">Organiser ses valises, divertir les enfants et d\u00e9couvrir de nouveaux endroits semble \u00eatre une mission impossible, mais rien n'est moins vrai ! Valence est une <\/span><span style=\"font-weight: 400;\">ville id\u00e9ale pour les familles<\/span><span style=\"font-weight: 300;\">Des journ\u00e9es ensoleill\u00e9es, de grands parcs et une gastronomie qui saura conqu\u00e9rir les palais les plus exigeants des plus jeunes. \u00c0 Valencia&amp;Go, nous sommes <\/span><span style=\"font-weight: 400;\">des sp\u00e9cialistes de la cr\u00e9ation d'aventures familiales, des visites de mus\u00e9es aux activit\u00e9s de plein air<\/span><span style=\"font-weight: 300;\">.<\/span><\/p><p><!-- \/wp:paragraph --><!-- wp:paragraph --><\/p>\t\t\t\t\t\t\t\t<\/div>\n\t\t\t\t<\/div>\n\t\t\t\t<\/div>\n\t\t<div class=\"elementor-element elementor-element-7a80606 e-con-full e-flex e-con e-child\" data-id=\"7a80606\" data-element_type=\"container\" data-e-type=\"container\">\n\t\t<div class=\"elementor-element elementor-element-850941a e-con-full e-flex e-con e-child\" data-id=\"850941a\" data-element_type=\"container\" data-e-type=\"container\">\n\t\t\t\t<div class=\"elementor-element elementor-element-173d4fd elementor-widget elementor-widget-heading\" data-id=\"173d4fd\" data-element_type=\"widget\" data-e-type=\"widget\" data-widget_type=\"heading.default\">\n\t\t\t\t\t<h2 class=\"elementor-heading-title elementor-size-default\">Gymkhana pour toute la famille<\/h2>\t\t\t\t<\/div>\n\t\t\t\t<\/div>\n\t\t<div class=\"elementor-element elementor-element-71c4e1c e-con-full e-flex e-con e-child\" data-id=\"71c4e1c\" data-element_type=\"container\" data-e-type=\"container\">\n\t\t\t\t<div class=\"elementor-element elementor-element-ace7ab9 elementor-widget elementor-widget-text-editor\" data-id=\"ace7ab9\" data-element_type=\"widget\" data-e-type=\"widget\" data-widget_type=\"text-editor.default\">\n\t\t\t\t\t\t\t\t\t<p><span style=\"font-weight: 300;\">Dans un seul sens <\/span><span style=\"font-weight: 400;\">original et amusant<\/span><span style=\"font-weight: 300;\"> pour d\u00e9couvrir la vieille ville de Valence. Dans cette <\/span><a href=\"https:\/\/valenciaandgo.com\/tours-valencia\/gincana-por-valencia\/\"><span style=\"font-weight: 400;\">gymkhana<\/span><\/a><span style=\"font-weight: 300;\"> vous testerez le <\/span><span style=\"font-weight: 400;\">la cr\u00e9ativit\u00e9<\/span><span style=\"font-weight: 300;\"> et de l'ing\u00e9niosit\u00e9 pour surmonter une s\u00e9rie de d\u00e9fis en famille.  Les enfants n'apprendront pas seulement l'histoire et l'architecture, mais seront \u00e9galement encourag\u00e9s \u00e0 <\/span><span style=\"font-weight: 400;\">travail d'\u00e9quipe<\/span><span style=\"font-weight: 300;\">.\u00a0<\/span><\/p><p><!-- \/wp:paragraph --><!-- wp:paragraph --><\/p>\t\t\t\t\t\t\t\t<\/div>\n\t\t\t\t<\/div>\n\t\t\t\t<\/div>\n\t\t<div class=\"elementor-element elementor-element-213a74c e-con-full e-flex e-con e-child\" data-id=\"213a74c\" data-element_type=\"container\" data-e-type=\"container\">\n\t\t<div class=\"elementor-element elementor-element-18359f6 e-con-full e-flex e-con e-child\" data-id=\"18359f6\" data-element_type=\"container\" data-e-type=\"container\">\n\t\t\t\t<div class=\"elementor-element elementor-element-8d833b6 elementor-widget elementor-widget-heading\" data-id=\"8d833b6\" data-element_type=\"widget\" data-e-type=\"widget\" data-widget_type=\"heading.default\">\n\t\t\t\t\t<h2 class=\"elementor-heading-title elementor-size-default\">Cuevas de San Jos\u00e9, un tr\u00e9sor naturel<\/h2>\t\t\t\t<\/div>\n\t\t\t\t<\/div>\n\t\t<div class=\"elementor-element elementor-element-ed88e8f e-con-full e-flex e-con e-child\" data-id=\"ed88e8f\" data-element_type=\"container\" data-e-type=\"container\">\n\t\t\t\t<div class=\"elementor-element elementor-element-e15a1d0 elementor-widget elementor-widget-text-editor\" data-id=\"e15a1d0\" data-element_type=\"widget\" data-e-type=\"widget\" data-widget_type=\"text-editor.default\">\n\t\t\t\t\t\t\t\t\t<p><span style=\"font-weight: 300;\">L'un des points forts de Valence pour les familles est la visite d'un mus\u00e9e. <\/span><a href=\"https:\/\/valenciaandgo.com\/excursiones-desde-valencia\/cuevas-de-san-jose\/\"><span style=\"font-weight: 400;\">visite des grottes de San Jos\u00e9<\/span><\/a><span style=\"font-weight: 300;\">. Ces impressionnantes grottes naturelles offrent une <\/span><span style=\"font-weight: 400;\">voyage dans les profondeurs de la terre<\/span><span style=\"font-weight: 300;\">. Les visites guid\u00e9es sont con\u00e7ues pour \u00e9merveiller les plus petits avec des stalactites, des stalagmites et des rivi\u00e8res souterraines spectaculaires, tout en fournissant des informations sur l'histoire g\u00e9ologique de la r\u00e9gion.<\/span><\/p><p><!-- \/wp:paragraph --><!-- wp:paragraph --><\/p>\t\t\t\t\t\t\t\t<\/div>\n\t\t\t\t<\/div>\n\t\t\t\t<\/div>\n\t\t<div class=\"elementor-element elementor-element-4c9fb31 e-con-full e-flex e-con e-child\" data-id=\"4c9fb31\" data-element_type=\"container\" data-e-type=\"container\">\n\t\t<div class=\"elementor-element elementor-element-86ccd1d e-con-full e-flex e-con e-child\" data-id=\"86ccd1d\" data-element_type=\"container\" data-e-type=\"container\">\n\t\t\t\t<div class=\"elementor-element elementor-element-c304b61 elementor-widget elementor-widget-heading\" data-id=\"c304b61\" data-element_type=\"widget\" data-e-type=\"widget\" data-widget_type=\"heading.default\">\n\t\t\t\t\t<h2 class=\"elementor-heading-title elementor-size-default\">La Albufera, une excursion parfaite pour les familles<\/h2>\t\t\t\t<\/div>\n\t\t\t\t<\/div>\n\t\t<div class=\"elementor-element elementor-element-7f35927 e-con-full e-flex e-con e-child\" data-id=\"7f35927\" data-element_type=\"container\" data-e-type=\"container\">\n\t\t\t\t<div class=\"elementor-element elementor-element-f57e369 elementor-widget elementor-widget-text-editor\" data-id=\"f57e369\" data-element_type=\"widget\" data-e-type=\"widget\" data-widget_type=\"text-editor.default\">\n\t\t\t\t\t\t\t\t\t<p><span style=\"font-weight: 300;\">Une excursion \u00e0 la <\/span><a href=\"https:\/\/valenciaandgo.com\/excursiones-desde-valencia\/excursion-al-parque-natural-de-la-albufera\/\"><span style=\"font-weight: 400;\">Parc naturel de l'Albufera<\/span><\/a><span style=\"font-weight: 300;\"> est un lieu incontournable pour les familles qui visitent Valence. Ce site \u00e9cologique important est <\/span><span style=\"font-weight: 400;\">id\u00e9al pour enseigner aux enfants les \u00e9cosyst\u00e8mes et la biodiversit\u00e9<\/span><span style=\"font-weight: 300;\">. Avec une excursion en bateau sur la lagune pour observer les oiseaux dans leur habitat naturel, apprendre la culture du riz et profiter de l'un des plus beaux couchers de soleil.<\/span><\/p><p><!-- \/wp:paragraph --><!-- wp:paragraph --><\/p>\t\t\t\t\t\t\t\t<\/div>\n\t\t\t\t<\/div>\n\t\t\t\t<\/div>\n\t\t<div class=\"elementor-element elementor-element-9ee5be8 e-con-full e-flex e-con e-child\" data-id=\"9ee5be8\" data-element_type=\"container\" data-e-type=\"container\">\n\t\t<div class=\"elementor-element elementor-element-c327e8e e-con-full e-flex e-con e-child\" data-id=\"c327e8e\" data-element_type=\"container\" data-e-type=\"container\">\n\t\t\t\t<div class=\"elementor-element elementor-element-ed73816 elementor-widget elementor-widget-heading\" data-id=\"ed73816\" data-element_type=\"widget\" data-e-type=\"widget\" data-widget_type=\"heading.default\">\n\t\t\t\t\t<h2 class=\"elementor-heading-title elementor-size-default\">Valence sur deux roues<\/h2>\t\t\t\t<\/div>\n\t\t\t\t<\/div>\n\t\t<div class=\"elementor-element elementor-element-d5ad5ff e-con-full e-flex e-con e-child\" data-id=\"d5ad5ff\" data-element_type=\"container\" data-e-type=\"container\">\n\t\t\t\t<div class=\"elementor-element elementor-element-a2cd4bb elementor-widget elementor-widget-text-editor\" data-id=\"a2cd4bb\" data-element_type=\"widget\" data-e-type=\"widget\" data-widget_type=\"text-editor.default\">\n\t\t\t\t\t\t\t\t\t<p><span style=\"font-weight: 300;\">Une visite pour les enfants \u00e0 partir de 8 ans. <\/span><a href=\"https:\/\/valenciaandgo.com\/tours-valencia\/ruta-en-bici-por-el-parque-del-rio-turia\/\"><span style=\"font-weight: 400;\">tour en v\u00e9lo<\/span><\/a><span style=\"font-weight: 400;\"> s\u00fbr et pittoresque<\/span><span style=\"font-weight: 300;\"> \u00e0 travers les espaces verts entourant le fleuve Turia jusqu'\u00e0 la Cit\u00e9 des arts et des sciences. Une mani\u00e8re saine et \u00e9cologique de d\u00e9couvrir la ville tout en passant du bon temps en famille.<\/span><\/p><p><!-- \/wp:paragraph --><!-- wp:paragraph --><\/p>\t\t\t\t\t\t\t\t<\/div>\n\t\t\t\t<\/div>\n\t\t\t\t<\/div>\n\t\t<div class=\"elementor-element elementor-element-a38a0e6 e-con-full e-flex e-con e-child\" data-id=\"a38a0e6\" data-element_type=\"container\" data-e-type=\"container\">\n\t\t<div class=\"elementor-element elementor-element-64a23de e-con-full e-flex e-con e-child\" data-id=\"64a23de\" data-element_type=\"container\" data-e-type=\"container\">\n\t\t\t\t<div class=\"elementor-element elementor-element-4808e11 elementor-widget elementor-widget-heading\" data-id=\"4808e11\" data-element_type=\"widget\" data-e-type=\"widget\" data-widget_type=\"heading.default\">\n\t\t\t\t\t<h2 class=\"elementor-heading-title elementor-size-default\">Visite priv\u00e9e de la Cit\u00e9 des Arts et des Sciences<\/h2>\t\t\t\t<\/div>\n\t\t\t\t<\/div>\n\t\t<div class=\"elementor-element elementor-element-dddadbe e-con-full e-flex e-con e-child\" data-id=\"dddadbe\" data-element_type=\"container\" data-e-type=\"container\">\n\t\t\t\t<div class=\"elementor-element elementor-element-46a843a elementor-widget elementor-widget-text-editor\" data-id=\"46a843a\" data-element_type=\"widget\" data-e-type=\"widget\" data-widget_type=\"text-editor.default\">\n\t\t\t\t\t\t\t\t\t<p><span style=\"font-weight: 300;\">Aucune visite \u00e0 Valence avec des enfants ne serait compl\u00e8te sans la d\u00e9couverte de la Cit\u00e9 des Arts et des Sciences. En choisissant la <\/span><a href=\"https:\/\/valenciaandgo.com\/tours-valencia\/tour-privado-por-valencia\/\"><span style=\"font-weight: 400;\">visite priv\u00e9e<\/span><\/a><span style=\"font-weight: 400;\">, un guide local accr\u00e9dit\u00e9<\/span><span style=\"font-weight: 300;\"> vous accompagnera \u00e0 tout moment et \u00e0 votre rythme. Les enfants adoreront les <\/span><span style=\"font-weight: 400;\">Mus\u00e9e des sciences ou l'Hemisf\u00e8ric<\/span><span style=\"font-weight: 300;\">, o\u00f9 des films \u00e9ducatifs sont projet\u00e9s dans un d\u00f4me g\u00e9ant, o\u00f9 ils seront immerg\u00e9s dans la vie de l'entreprise. <\/span><span style=\"font-weight: 400;\">science et astronomie<\/span><span style=\"font-weight: 300;\">.<\/span><\/p><p><!-- \/wp:paragraph --><!-- wp:paragraph --><\/p>\t\t\t\t\t\t\t\t<\/div>\n\t\t\t\t<\/div>\n\t\t\t\t<\/div>\n\t\t<div class=\"elementor-element elementor-element-9ba39af e-con-full e-flex e-con e-child\" data-id=\"9ba39af\" data-element_type=\"container\" data-e-type=\"container\">\n\t\t<div class=\"elementor-element elementor-element-5882aec e-con-full e-flex e-con e-child\" data-id=\"5882aec\" data-element_type=\"container\" data-e-type=\"container\">\n\t\t\t\t<div class=\"elementor-element elementor-element-5df8ad3 elementor-widget elementor-widget-heading\" data-id=\"5df8ad3\" data-element_type=\"widget\" data-e-type=\"widget\" data-widget_type=\"heading.default\">\n\t\t\t\t\t<h2 class=\"elementor-heading-title elementor-size-default\">Activit\u00e9s gratuites pour les enfants \u00e0 Valence<\/h2>\t\t\t\t<\/div>\n\t\t\t\t<\/div>\n\t\t<div class=\"elementor-element elementor-element-d2f915a e-con-full e-flex e-con e-child\" data-id=\"d2f915a\" data-element_type=\"container\" data-e-type=\"container\">\n\t\t\t\t<div class=\"elementor-element elementor-element-a506785 elementor-widget elementor-widget-text-editor\" data-id=\"a506785\" data-element_type=\"widget\" data-e-type=\"widget\" data-widget_type=\"text-editor.default\">\n\t\t\t\t\t\t\t\t\t<p><span style=\"font-weight: 300;\">La ville elle-m\u00eame est un <\/span><span style=\"font-weight: 400;\">un terrain de jeu \u00e0 explorer<\/span><span style=\"font-weight: 300;\">. Les petits aventuriers aimeront d\u00e9couvrir des coins verts et artistiques qui laisseront libre cours \u00e0 leur imagination.<\/span><\/p><p><!-- \/wp:paragraph --><!-- wp:paragraph --><\/p>\t\t\t\t\t\t\t\t<\/div>\n\t\t\t\t<\/div>\n\t\t\t\t<\/div>\n\t\t<div class=\"elementor-element elementor-element-d38ccbd e-con-full e-flex e-con e-child\" data-id=\"d38ccbd\" data-element_type=\"container\" data-e-type=\"container\">\n\t\t<div class=\"elementor-element elementor-element-455f8e1 e-con-full e-flex e-con e-child\" data-id=\"455f8e1\" data-element_type=\"container\" data-e-type=\"container\">\n\t\t\t\t<div class=\"elementor-element elementor-element-afa75c7 elementor-widget elementor-widget-heading\" data-id=\"afa75c7\" data-element_type=\"widget\" data-e-type=\"widget\" data-widget_type=\"heading.default\">\n\t\t\t\t\t<h2 class=\"elementor-heading-title elementor-size-default\">Parcs et terrains de jeux<\/h2>\t\t\t\t<\/div>\n\t\t\t\t<\/div>\n\t\t<div class=\"elementor-element elementor-element-3c8071a e-con-full e-flex e-con e-child\" data-id=\"3c8071a\" data-element_type=\"container\" data-e-type=\"container\">\n\t\t\t\t<div class=\"elementor-element elementor-element-d1703e8 elementor-widget elementor-widget-text-editor\" data-id=\"d1703e8\" data-element_type=\"widget\" data-e-type=\"widget\" data-widget_type=\"text-editor.default\">\n\t\t\t\t\t\t\t\t\t<p><span style=\"font-weight: 300;\">Valence est parsem\u00e9e de <\/span><span style=\"font-weight: 400;\">de nombreux parcs<\/span><span style=\"font-weight: 300;\"> qui offrent beaucoup d'espace pour que les enfants puissent jouer sans s'arr\u00eater. Les <\/span><span style=\"font-weight: 400;\">Parc Gulliver<\/span><span style=\"font-weight: 300;\">, situ\u00e9 dans les jardins du Turia, poss\u00e8de une sculpture g\u00e9ante de Gulliver qui sert de cadre d'escalade et de toboggan. Les <\/span><span style=\"font-weight: 400;\">Parc Ouest<\/span><span style=\"font-weight: 300;\">, L'Aquaval, avec un impressionnant avion F-86 situ\u00e9 \u00e0 l'entr\u00e9e de la porte principale, propose plusieurs espaces pour les enfants, un mini-golf ou les installations de l'Aquaval avec deux piscines et un parc aquatique pour les plus petits. En outre, le <\/span><span style=\"font-weight: 400;\">Central Park<\/span><span style=\"font-weight: 300;\"> dispose de 7800 m\u00b2 d'aires de jeux pour enfants avec divers jeux, fontaines, \u00e9tangs ou murs d'escalade, tr\u00e8s recommand\u00e9s pour les familles actives.<\/span><\/p><p><!-- \/wp:paragraph --><!-- wp:paragraph --><\/p>\t\t\t\t\t\t\t\t<\/div>\n\t\t\t\t<\/div>\n\t\t\t\t<\/div>\n\t\t<div class=\"elementor-element elementor-element-dec8e4a e-con-full e-flex e-con e-child\" data-id=\"dec8e4a\" data-element_type=\"container\" data-e-type=\"container\">\n\t\t<div class=\"elementor-element elementor-element-85cba60 e-con-full e-flex e-con e-child\" data-id=\"85cba60\" data-element_type=\"container\" data-e-type=\"container\">\n\t\t\t\t<div class=\"elementor-element elementor-element-34ef86d elementor-widget elementor-widget-heading\" data-id=\"34ef86d\" data-element_type=\"widget\" data-e-type=\"widget\" data-widget_type=\"heading.default\">\n\t\t\t\t\t<h2 class=\"elementor-heading-title elementor-size-default\">Valence en juillet<\/h2>\t\t\t\t<\/div>\n\t\t\t\t<\/div>\n\t\t<div class=\"elementor-element elementor-element-87397a6 e-con-full e-flex e-con e-child\" data-id=\"87397a6\" data-element_type=\"container\" data-e-type=\"container\">\n\t\t\t\t<div class=\"elementor-element elementor-element-7aad3f9 elementor-widget elementor-widget-text-editor\" data-id=\"7aad3f9\" data-element_type=\"widget\" data-e-type=\"widget\" data-widget_type=\"text-editor.default\">\n\t\t\t\t\t\t\t\t\t<p><span style=\"font-weight: 300;\">Au cours du mois de juillet, le <\/span><a href=\"https:\/\/valenciaandgo.com\/blog\/cultura-tradiciones\/feria-de-julio-valencia\/\"><span style=\"font-weight: 400;\">Grande foire de Valence<\/span><\/a><span style=\"font-weight: 300;\"> qui comprend <\/span><span style=\"font-weight: 400;\">activit\u00e9s culturelles gratuites<\/span><span style=\"font-weight: 300;\">, L'excuse parfaite pour le visiter en famille. <\/span><span style=\"font-weight: 300;\">L'un des \u00e9v\u00e9nements \u00e0 ne pas manquer est la conf\u00e9rence de la <\/span><span style=\"font-weight: 400;\">feux d'artifice <\/span><span style=\"font-weight: 300;\">qui ont lieu<\/span><span style=\"font-weight: 400;\"> tous les samedis<\/span><span style=\"font-weight: 300;\">. Ces \u00e9clairs de lumi\u00e8re et de couleur constituent une exp\u00e9rience unique qui vous transportera au c\u0153ur de la culture valencienne. En outre, les <\/span><span style=\"font-weight: 400;\">20 juillet<\/span><span style=\"font-weight: 300;\"> se tient le<\/span><span style=\"font-weight: 400;\"> Grande nuit de juillet<\/span><span style=\"font-weight: 300;\">, une nuit remplie d'\u00e9v\u00e9nements musicaux gratuits dans toute la ville. La grande finale de la Gran Fira sera la c\u00e9r\u00e9monie de cl\u00f4ture de l'\u00e9v\u00e9nement.<\/span><span style=\"font-weight: 400;\"> Bataille de fleurs<\/span><span style=\"font-weight: 300;\">, Le d\u00e9fil\u00e9 remonte au XIXe si\u00e8cle : des dizaines de chars, d\u00e9cor\u00e9s de milliers de fleurs, parcourent les rues de la ville. <\/span><span style=\"font-weight: 400;\">Paseo de la Alameda<\/span><span style=\"font-weight: 300;\"> les participants lancent des fleurs dans la foule, cr\u00e9ant ainsi une atmosph\u00e8re de joie et de c\u00e9l\u00e9bration.<\/span><span style=\"font-weight: 300;\"> Un mois entier \u00e0 choisir <\/span><span style=\"font-weight: 400;\">ateliers, jeux, attractions, spectacles de magie, contes, musique de rue, th\u00e9\u00e2tre et festivals<\/span><span style=\"font-weight: 300;\"> pour le plaisir des adultes, des adolescents et des enfants.<\/span><\/p><p><!-- \/wp:paragraph --><!-- wp:paragraph --><\/p>\t\t\t\t\t\t\t\t<\/div>\n\t\t\t\t<\/div>\n\t\t\t\t<\/div>\n\t\t<div class=\"elementor-element elementor-element-02b05b8 e-con-full e-flex e-con e-child\" data-id=\"02b05b8\" data-element_type=\"container\" data-e-type=\"container\">\n\t\t<div class=\"elementor-element elementor-element-cc0e74e e-con-full e-flex e-con e-child\" data-id=\"cc0e74e\" data-element_type=\"container\" data-e-type=\"container\">\n\t\t\t\t<div class=\"elementor-element elementor-element-07d9b19 elementor-widget elementor-widget-heading\" data-id=\"07d9b19\" data-element_type=\"widget\" data-e-type=\"widget\" data-widget_type=\"heading.default\">\n\t\t\t\t\t<h2 class=\"elementor-heading-title elementor-size-default\">Ateliers et expositions au CCC del Carme <\/h2>\t\t\t\t<\/div>\n\t\t\t\t<\/div>\n\t\t<div class=\"elementor-element elementor-element-bc20f6e e-con-full e-flex e-con e-child\" data-id=\"bc20f6e\" data-element_type=\"container\" data-e-type=\"container\">\n\t\t\t\t<div class=\"elementor-element elementor-element-a6d2c03 elementor-widget elementor-widget-text-editor\" data-id=\"a6d2c03\" data-element_type=\"widget\" data-e-type=\"widget\" data-widget_type=\"text-editor.default\">\n\t\t\t\t\t\t\t\t\t<p><span style=\"font-weight: 300;\">Les <\/span><a href=\"https:\/\/www.consorcimuseus.gva.es\/centro-del-carmen\/?lang=es\"><span style=\"font-weight: 400;\">Centre del Carme Contemporary Culture<\/span><\/a><span style=\"font-weight: 400;\">,<\/span><span style=\"font-weight: 300;\"> adjacente \u00e0 la c\u00e9l\u00e8bre <\/span><span style=\"font-weight: 400;\">La maison du chat<\/span><span style=\"font-weight: 300;\">, Le centre, qui abrite des ateliers exclusivement destin\u00e9s aux enfants, est un lieu o\u00f9 l'on peut d\u00e9couvrir l'histoire et la culture de la ville. C'est un lieu o\u00f9 <\/span><span style=\"font-weight: 400;\">l'art et la culture deviennent accessibles<\/span><span style=\"font-weight: 300;\">, en les aidant \u00e0 d\u00e9velopper leurs talents cr\u00e9atifs. Il propose <\/span><span style=\"font-weight: 400;\">\u00e9galement des activit\u00e9s pour les plus petits<\/span><span style=\"font-weight: 300;\">, en tant que <\/span><span style=\"font-weight: 400;\">Espai de Telles<\/span><span style=\"font-weight: 300;\">, Un espace sans r\u00e8gles et avec des \u00e9l\u00e9ments \u00e0 toucher et \u00e0 manipuler pour que les enfants de 0 \u00e0 3 ans puissent explorer, d\u00e9couvrir et exp\u00e9rimenter librement.<\/span><\/p><p><!-- \/wp:paragraph --><!-- wp:paragraph --><\/p>\t\t\t\t\t\t\t\t<\/div>\n\t\t\t\t<\/div>\n\t\t\t\t<\/div>\n\t\t<div class=\"elementor-element elementor-element-329a853 e-con-full e-flex e-con e-child\" data-id=\"329a853\" data-element_type=\"container\" data-e-type=\"container\">\n\t\t<div class=\"elementor-element elementor-element-f23af79 e-con-full e-flex e-con e-child\" data-id=\"f23af79\" data-element_type=\"container\" data-e-type=\"container\">\n\t\t\t\t<div class=\"elementor-element elementor-element-b35d00e elementor-widget elementor-widget-heading\" data-id=\"b35d00e\" data-element_type=\"widget\" data-e-type=\"widget\" data-widget_type=\"heading.default\">\n\t\t\t\t\t<h2 class=\"elementor-heading-title elementor-size-default\">Conseils pratiques pour visiter Valence avec des enfants<\/h2>\t\t\t\t<\/div>\n\t\t\t\t<\/div>\n\t\t<div class=\"elementor-element elementor-element-7cab7e7 e-con-full e-flex e-con e-child\" data-id=\"7cab7e7\" data-element_type=\"container\" data-e-type=\"container\">\n\t\t\t\t<div class=\"elementor-element elementor-element-46eb931 elementor-widget elementor-widget-text-editor\" data-id=\"46eb931\" data-element_type=\"widget\" data-e-type=\"widget\" data-widget_type=\"text-editor.default\">\n\t\t\t\t\t\t\t\t\t<p><span style=\"font-weight: 300;\">Pour que vos vacances avec vos enfants se d\u00e9roulent au mieux, nous vous recommandons de pr\u00e9parer votre valise avec les \u00e9l\u00e9ments suivants <\/span><span style=\"font-weight: 400;\">des v\u00eatements l\u00e9gers et respirants<\/span><span style=\"font-weight: 300;\"> pour faire face \u00e0 la chaleur, sans oublier les <\/span><span style=\"font-weight: 400;\">cr\u00e8me solaire<\/span><span style=\"font-weight: 300;\"> et un <\/span><span style=\"font-weight: 400;\">chapeau<\/span><span style=\"font-weight: 300;\">. Valence est une ville id\u00e9ale pour les promenades, c'est pourquoi un <\/span><span style=\"font-weight: 400;\">des chaussures confortables<\/span><span style=\"font-weight: 300;\"> est indispensable. Pour les repas, ne vous inqui\u00e9tez pas, il existe de nombreuses possibilit\u00e9s. <\/span><span style=\"font-weight: 400;\">\u00e9tablissements proposant des menus pour enfants, des chaises hautes et des aires de jeux. <\/span><span style=\"font-weight: 300;\">En outre, il existe<\/span> <a href=\"https:\/\/quetalvalencia.com\/ubicacion-de-las-fuentes-agua-potable-y-refrigerada-en-valencia\/\"><span style=\"font-weight: 400;\">les sources d'eau potable<\/span><\/a> <span style=\"font-weight: 300;\">Les points d'eau de la ville sont diss\u00e9min\u00e9s dans toute la ville afin que vous puissiez vous hydrater \u00e0 tout moment et gratuitement. Lorsqu'il s'agit de planifier la <\/span><span style=\"font-weight: 400;\">des excursions en plein air,<\/span><span style=\"font-weight: 300;\"> nous recommandons <\/span><span style=\"font-weight: 400;\">\u00e9viter les heures les plus chaudes, qui vont de 13h \u00e0 18h.<\/span><span style=\"font-weight: 300;\">. En ce sens, le <\/span><span style=\"font-weight: 400;\">excursions aux grottes de San Jos\u00e9 ou \u00e0 l'Albufera<\/span><span style=\"font-weight: 300;\"> mentionn\u00e9s ci-dessus sont les<\/span><span style=\"font-weight: 400;\"> des options id\u00e9ales pour \u00e9chapper \u00e0 la chaleur<\/span><span style=\"font-weight: 300;\">, surtout lorsqu'ils voyagent avec des enfants. <\/span><span style=\"font-weight: 300;\">Valence est un tr\u00e9sor d'exp\u00e9riences qui vous permettront de passer des vacances d'\u00e9t\u00e9 magiques en famille. <\/span><span style=\"font-weight: 400;\">pr\u00eat<\/span><span style=\"font-weight: 300;\">?<\/span><\/p><p><!-- \/wp:paragraph --><!-- wp:paragraph --><\/p>\t\t\t\t\t\t\t\t<\/div>\n\t\t\t\t<\/div>\n\t\t\t\t<\/div>\n\t\t\t\t\t<\/div>\n\t\t\t\t<\/div>\n\t\t\t\t<\/div>","protected":false},"excerpt":{"rendered":"<p>Si est\u00e1s planeando las pr\u00f3ximas vacaciones familiares y a\u00fan no te has decidido, desde Valencia&amp;Go te lo ponemos f\u00e1cil: \u00a1la respuesta es Valencia! Esta ciudad, donde tradici\u00f3n y modernidad van de la mano, ofrece una gran variedad de actividades dise\u00f1adas para familias. Ya sea explorar impresionantes cuevas o disfrutar de exposiciones interactivas, te traemos los [&hellip;]<\/p>\n","protected":false},"author":1,"featured_media":746,"comment_status":"closed","ping_status":"closed","sticky":false,"template":"","format":"standard","meta":{"_acf_changed":false,"footnotes":""},"categories":[21,54],"tags":[33,39,53,61],"class_list":["post-534","post","type-post","status-publish","format-standard","has-post-thumbnail","hentry","category-consejos-vacaciones","category-que-hacer","tag-eventos","tag-ninos","tag-valencia","tag-verano"],"acf":[],"yoast_head":"<!-- This site is optimized with the Yoast SEO plugin v27.5 - https:\/\/yoast.com\/product\/yoast-seo-wordpress\/ -->\n<title>\u00bfQu\u00e9 hacer en Valencia con ni\u00f1os? | Blog Valencia&amp;Go<\/title>\n<meta name=\"description\" content=\"Descubre los mejores planes con ni\u00f1os que ofrece la ciudad de Valencia y planifica unas vacaciones de verano en familia perfectas con Valencia&amp;Go.\" \/>\n<meta name=\"robots\" content=\"noindex, follow, max-snippet:-1, max-image-preview:large, max-video-preview:-1\" \/>\n<meta property=\"og:locale\" content=\"fr_FR\" \/>\n<meta property=\"og:type\" content=\"article\" \/>\n<meta property=\"og:title\" content=\"\u00bfQu\u00e9 hacer en Valencia con ni\u00f1os? | Blog Valencia&amp;Go\" \/>\n<meta property=\"og:description\" content=\"Descubre los mejores planes con ni\u00f1os que ofrece la ciudad de Valencia y planifica unas vacaciones de verano en familia perfectas con Valencia&amp;Go.\" \/>\n<meta property=\"og:url\" content=\"https:\/\/upgrade.valenciaandgo.com\/fr\/que-faire-a-valence-pour-des-vacances-dete-parfaites-pour-les-enfants\/\" \/>\n<meta property=\"og:site_name\" content=\"Valencia&amp;Go\" \/>\n<meta property=\"article:publisher\" content=\"https:\/\/www.facebook.com\/valenciaandgo\/\" \/>\n<meta property=\"article:published_time\" content=\"2024-08-13T11:47:00+00:00\" \/>\n<meta property=\"article:modified_time\" content=\"2026-03-14T13:01:26+00:00\" \/>\n<meta property=\"og:image\" content=\"https:\/\/upgrade.valenciaandgo.com\/wp-content\/uploads\/2025\/11\/img-blog-que-hacer-valencia-ninos-vacaciones.webp\" \/>\n\t<meta property=\"og:image:width\" content=\"1170\" \/>\n\t<meta property=\"og:image:height\" content=\"783\" \/>\n\t<meta property=\"og:image:type\" content=\"image\/webp\" \/>\n<meta name=\"author\" content=\"Valencia &amp; Go\" \/>\n<meta name=\"twitter:card\" content=\"summary_large_image\" \/>\n<meta name=\"twitter:label1\" content=\"\u00c9crit par\" \/>\n\t<meta name=\"twitter:data1\" content=\"Valencia &amp; Go\" \/>\n\t<meta name=\"twitter:label2\" content=\"Dur\u00e9e de lecture estim\u00e9e\" \/>\n\t<meta name=\"twitter:data2\" content=\"5 minutes\" \/>\n<script type=\"application\/ld+json\" class=\"yoast-schema-graph\">{\"@context\":\"https:\\\/\\\/schema.org\",\"@graph\":[{\"@type\":\"Article\",\"@id\":\"https:\\\/\\\/upgrade.valenciaandgo.com\\\/que-hacer-valencia-ninos-vacaciones-verano-perfectas\\\/#article\",\"isPartOf\":{\"@id\":\"https:\\\/\\\/upgrade.valenciaandgo.com\\\/que-hacer-valencia-ninos-vacaciones-verano-perfectas\\\/\"},\"author\":{\"name\":\"Valencia &amp; Go\",\"@id\":\"https:\\\/\\\/upgrade.valenciaandgo.com\\\/it\\\/#\\\/schema\\\/person\\\/ca673553802eb937b57af07a6ce74908\"},\"headline\":\"Qu\u00e9 hacer en Valencia con ni\u00f1os para unas vacaciones de verano perfectas\",\"datePublished\":\"2024-08-13T11:47:00+00:00\",\"dateModified\":\"2026-03-14T13:01:26+00:00\",\"mainEntityOfPage\":{\"@id\":\"https:\\\/\\\/upgrade.valenciaandgo.com\\\/que-hacer-valencia-ninos-vacaciones-verano-perfectas\\\/\"},\"wordCount\":1134,\"publisher\":{\"@id\":\"https:\\\/\\\/upgrade.valenciaandgo.com\\\/it\\\/#organization\"},\"image\":{\"@id\":\"https:\\\/\\\/upgrade.valenciaandgo.com\\\/que-hacer-valencia-ninos-vacaciones-verano-perfectas\\\/#primaryimage\"},\"thumbnailUrl\":\"https:\\\/\\\/upgrade.valenciaandgo.com\\\/wp-content\\\/uploads\\\/2025\\\/11\\\/img-blog-que-hacer-valencia-ninos-vacaciones.webp\",\"keywords\":[\"eventos\",\"ni\u00f1os\",\"Valencia\",\"verano\"],\"articleSection\":[\"Consejos para tus vacaciones\",\"Qu\u00e9 hacer\"],\"inLanguage\":\"fr-FR\"},{\"@type\":\"WebPage\",\"@id\":\"https:\\\/\\\/upgrade.valenciaandgo.com\\\/que-hacer-valencia-ninos-vacaciones-verano-perfectas\\\/\",\"url\":\"https:\\\/\\\/upgrade.valenciaandgo.com\\\/que-hacer-valencia-ninos-vacaciones-verano-perfectas\\\/\",\"name\":\"\u00bfQu\u00e9 hacer en Valencia con ni\u00f1os? | Blog Valencia&Go\",\"isPartOf\":{\"@id\":\"https:\\\/\\\/upgrade.valenciaandgo.com\\\/it\\\/#website\"},\"primaryImageOfPage\":{\"@id\":\"https:\\\/\\\/upgrade.valenciaandgo.com\\\/que-hacer-valencia-ninos-vacaciones-verano-perfectas\\\/#primaryimage\"},\"image\":{\"@id\":\"https:\\\/\\\/upgrade.valenciaandgo.com\\\/que-hacer-valencia-ninos-vacaciones-verano-perfectas\\\/#primaryimage\"},\"thumbnailUrl\":\"https:\\\/\\\/upgrade.valenciaandgo.com\\\/wp-content\\\/uploads\\\/2025\\\/11\\\/img-blog-que-hacer-valencia-ninos-vacaciones.webp\",\"datePublished\":\"2024-08-13T11:47:00+00:00\",\"dateModified\":\"2026-03-14T13:01:26+00:00\",\"description\":\"Descubre los mejores planes con ni\u00f1os que ofrece la ciudad de Valencia y planifica unas vacaciones de verano en familia perfectas con Valencia&Go.\",\"breadcrumb\":{\"@id\":\"https:\\\/\\\/upgrade.valenciaandgo.com\\\/que-hacer-valencia-ninos-vacaciones-verano-perfectas\\\/#breadcrumb\"},\"inLanguage\":\"fr-FR\",\"potentialAction\":[{\"@type\":\"ReadAction\",\"target\":[\"https:\\\/\\\/upgrade.valenciaandgo.com\\\/que-hacer-valencia-ninos-vacaciones-verano-perfectas\\\/\"]}]},{\"@type\":\"ImageObject\",\"inLanguage\":\"fr-FR\",\"@id\":\"https:\\\/\\\/upgrade.valenciaandgo.com\\\/que-hacer-valencia-ninos-vacaciones-verano-perfectas\\\/#primaryimage\",\"url\":\"https:\\\/\\\/upgrade.valenciaandgo.com\\\/wp-content\\\/uploads\\\/2025\\\/11\\\/img-blog-que-hacer-valencia-ninos-vacaciones.webp\",\"contentUrl\":\"https:\\\/\\\/upgrade.valenciaandgo.com\\\/wp-content\\\/uploads\\\/2025\\\/11\\\/img-blog-que-hacer-valencia-ninos-vacaciones.webp\",\"width\":1170,\"height\":783},{\"@type\":\"BreadcrumbList\",\"@id\":\"https:\\\/\\\/upgrade.valenciaandgo.com\\\/que-hacer-valencia-ninos-vacaciones-verano-perfectas\\\/#breadcrumb\",\"itemListElement\":[{\"@type\":\"ListItem\",\"position\":1,\"name\":\"Portada\",\"item\":\"https:\\\/\\\/upgrade.valenciaandgo.com\\\/\"},{\"@type\":\"ListItem\",\"position\":2,\"name\":\"Qu\u00e9 hacer en Valencia con ni\u00f1os para unas vacaciones de verano perfectas\"}]},{\"@type\":\"WebSite\",\"@id\":\"https:\\\/\\\/upgrade.valenciaandgo.com\\\/it\\\/#website\",\"url\":\"https:\\\/\\\/upgrade.valenciaandgo.com\\\/it\\\/\",\"name\":\"Valencia&Go\",\"description\":\"Tours por Valencia y alrededores de ciudad.\",\"publisher\":{\"@id\":\"https:\\\/\\\/upgrade.valenciaandgo.com\\\/it\\\/#organization\"},\"potentialAction\":[{\"@type\":\"SearchAction\",\"target\":{\"@type\":\"EntryPoint\",\"urlTemplate\":\"https:\\\/\\\/upgrade.valenciaandgo.com\\\/it\\\/?s={search_term_string}\"},\"query-input\":{\"@type\":\"PropertyValueSpecification\",\"valueRequired\":true,\"valueName\":\"search_term_string\"}}],\"inLanguage\":\"fr-FR\"},{\"@type\":\"Organization\",\"@id\":\"https:\\\/\\\/upgrade.valenciaandgo.com\\\/it\\\/#organization\",\"name\":\"Valencia&Go\",\"url\":\"https:\\\/\\\/upgrade.valenciaandgo.com\\\/it\\\/\",\"logo\":{\"@type\":\"ImageObject\",\"inLanguage\":\"fr-FR\",\"@id\":\"https:\\\/\\\/upgrade.valenciaandgo.com\\\/it\\\/#\\\/schema\\\/logo\\\/image\\\/\",\"url\":\"https:\\\/\\\/upgrade.valenciaandgo.com\\\/wp-content\\\/uploads\\\/2025\\\/10\\\/valencia_go-svg-blnc-iso-naranja.svg\",\"contentUrl\":\"https:\\\/\\\/upgrade.valenciaandgo.com\\\/wp-content\\\/uploads\\\/2025\\\/10\\\/valencia_go-svg-blnc-iso-naranja.svg\",\"width\":434,\"height\":102,\"caption\":\"Valencia&Go\"},\"image\":{\"@id\":\"https:\\\/\\\/upgrade.valenciaandgo.com\\\/it\\\/#\\\/schema\\\/logo\\\/image\\\/\"},\"sameAs\":[\"https:\\\/\\\/www.facebook.com\\\/valenciaandgo\\\/\",\"https:\\\/\\\/www.instagram.com\\\/valenciaandgo\",\"https:\\\/\\\/www.linkedin.com\\\/company\\\/valencia-go\\\/\",\"https:\\\/\\\/www.tiktok.com\\\/@valenciaandgo\"]},{\"@type\":\"Person\",\"@id\":\"https:\\\/\\\/upgrade.valenciaandgo.com\\\/it\\\/#\\\/schema\\\/person\\\/ca673553802eb937b57af07a6ce74908\",\"name\":\"Valencia &amp; Go\",\"sameAs\":[\"https:\\\/\\\/valenciaandgo.com\"],\"url\":\"https:\\\/\\\/upgrade.valenciaandgo.com\\\/fr\\\/author\\\/valencia\\\/\"}]}<\/script>\n<!-- \/ Yoast SEO plugin. -->","yoast_head_json":{"title":"Que faire \u00e0 Valence avec des enfants ? | Valencia&amp;Go Blog","description":"D\u00e9couvrez les meilleurs plans avec enfants que la ville de Valence a \u00e0 offrir et planifiez des vacances d'\u00e9t\u00e9 parfaites en famille avec Valencia&amp;Go.","robots":{"index":"noindex","follow":"follow","max-snippet":"max-snippet:-1","max-image-preview":"max-image-preview:large","max-video-preview":"max-video-preview:-1"},"og_locale":"fr_FR","og_type":"article","og_title":"\u00bfQu\u00e9 hacer en Valencia con ni\u00f1os? | Blog Valencia&Go","og_description":"Descubre los mejores planes con ni\u00f1os que ofrece la ciudad de Valencia y planifica unas vacaciones de verano en familia perfectas con Valencia&Go.","og_url":"https:\/\/upgrade.valenciaandgo.com\/fr\/que-faire-a-valence-pour-des-vacances-dete-parfaites-pour-les-enfants\/","og_site_name":"Valencia&amp;Go","article_publisher":"https:\/\/www.facebook.com\/valenciaandgo\/","article_published_time":"2024-08-13T11:47:00+00:00","article_modified_time":"2026-03-14T13:01:26+00:00","og_image":[{"width":1170,"height":783,"url":"https:\/\/upgrade.valenciaandgo.com\/wp-content\/uploads\/2025\/11\/img-blog-que-hacer-valencia-ninos-vacaciones.webp","type":"image\/webp"}],"author":"Valencia &amp; Go","twitter_card":"summary_large_image","twitter_misc":{"\u00c9crit par":"Valencia &amp; Go","Dur\u00e9e de lecture estim\u00e9e":"5 minutes"},"schema":{"@context":"https:\/\/schema.org","@graph":[{"@type":"Article","@id":"https:\/\/upgrade.valenciaandgo.com\/que-hacer-valencia-ninos-vacaciones-verano-perfectas\/#article","isPartOf":{"@id":"https:\/\/upgrade.valenciaandgo.com\/que-hacer-valencia-ninos-vacaciones-verano-perfectas\/"},"author":{"name":"Valencia &amp; Go","@id":"https:\/\/upgrade.valenciaandgo.com\/it\/#\/schema\/person\/ca673553802eb937b57af07a6ce74908"},"headline":"Qu\u00e9 hacer en Valencia con ni\u00f1os para unas vacaciones de verano perfectas","datePublished":"2024-08-13T11:47:00+00:00","dateModified":"2026-03-14T13:01:26+00:00","mainEntityOfPage":{"@id":"https:\/\/upgrade.valenciaandgo.com\/que-hacer-valencia-ninos-vacaciones-verano-perfectas\/"},"wordCount":1134,"publisher":{"@id":"https:\/\/upgrade.valenciaandgo.com\/it\/#organization"},"image":{"@id":"https:\/\/upgrade.valenciaandgo.com\/que-hacer-valencia-ninos-vacaciones-verano-perfectas\/#primaryimage"},"thumbnailUrl":"https:\/\/upgrade.valenciaandgo.com\/wp-content\/uploads\/2025\/11\/img-blog-que-hacer-valencia-ninos-vacaciones.webp","keywords":["eventos","ni\u00f1os","Valencia","verano"],"articleSection":["Consejos para tus vacaciones","Qu\u00e9 hacer"],"inLanguage":"fr-FR"},{"@type":"WebPage","@id":"https:\/\/upgrade.valenciaandgo.com\/que-hacer-valencia-ninos-vacaciones-verano-perfectas\/","url":"https:\/\/upgrade.valenciaandgo.com\/que-hacer-valencia-ninos-vacaciones-verano-perfectas\/","name":"Que faire \u00e0 Valence avec des enfants ? | Valencia&amp;Go Blog","isPartOf":{"@id":"https:\/\/upgrade.valenciaandgo.com\/it\/#website"},"primaryImageOfPage":{"@id":"https:\/\/upgrade.valenciaandgo.com\/que-hacer-valencia-ninos-vacaciones-verano-perfectas\/#primaryimage"},"image":{"@id":"https:\/\/upgrade.valenciaandgo.com\/que-hacer-valencia-ninos-vacaciones-verano-perfectas\/#primaryimage"},"thumbnailUrl":"https:\/\/upgrade.valenciaandgo.com\/wp-content\/uploads\/2025\/11\/img-blog-que-hacer-valencia-ninos-vacaciones.webp","datePublished":"2024-08-13T11:47:00+00:00","dateModified":"2026-03-14T13:01:26+00:00","description":"D\u00e9couvrez les meilleurs plans avec enfants que la ville de Valence a \u00e0 offrir et planifiez des vacances d'\u00e9t\u00e9 parfaites en famille avec Valencia&amp;Go.","breadcrumb":{"@id":"https:\/\/upgrade.valenciaandgo.com\/que-hacer-valencia-ninos-vacaciones-verano-perfectas\/#breadcrumb"},"inLanguage":"fr-FR","potentialAction":[{"@type":"ReadAction","target":["https:\/\/upgrade.valenciaandgo.com\/que-hacer-valencia-ninos-vacaciones-verano-perfectas\/"]}]},{"@type":"ImageObject","inLanguage":"fr-FR","@id":"https:\/\/upgrade.valenciaandgo.com\/que-hacer-valencia-ninos-vacaciones-verano-perfectas\/#primaryimage","url":"https:\/\/upgrade.valenciaandgo.com\/wp-content\/uploads\/2025\/11\/img-blog-que-hacer-valencia-ninos-vacaciones.webp","contentUrl":"https:\/\/upgrade.valenciaandgo.com\/wp-content\/uploads\/2025\/11\/img-blog-que-hacer-valencia-ninos-vacaciones.webp","width":1170,"height":783},{"@type":"BreadcrumbList","@id":"https:\/\/upgrade.valenciaandgo.com\/que-hacer-valencia-ninos-vacaciones-verano-perfectas\/#breadcrumb","itemListElement":[{"@type":"ListItem","position":1,"name":"Portada","item":"https:\/\/upgrade.valenciaandgo.com\/"},{"@type":"ListItem","position":2,"name":"Qu\u00e9 hacer en Valencia con ni\u00f1os para unas vacaciones de verano perfectas"}]},{"@type":"WebSite","@id":"https:\/\/upgrade.valenciaandgo.com\/it\/#website","url":"https:\/\/upgrade.valenciaandgo.com\/it\/","name":"Valencia&amp;Go","description":"Visites de Valence et de ses environs.","publisher":{"@id":"https:\/\/upgrade.valenciaandgo.com\/it\/#organization"},"potentialAction":[{"@type":"SearchAction","target":{"@type":"EntryPoint","urlTemplate":"https:\/\/upgrade.valenciaandgo.com\/it\/?s={search_term_string}"},"query-input":{"@type":"PropertyValueSpecification","valueRequired":true,"valueName":"search_term_string"}}],"inLanguage":"fr-FR"},{"@type":"Organization","@id":"https:\/\/upgrade.valenciaandgo.com\/it\/#organization","name":"Valencia&amp;Go","url":"https:\/\/upgrade.valenciaandgo.com\/it\/","logo":{"@type":"ImageObject","inLanguage":"fr-FR","@id":"https:\/\/upgrade.valenciaandgo.com\/it\/#\/schema\/logo\/image\/","url":"https:\/\/upgrade.valenciaandgo.com\/wp-content\/uploads\/2025\/10\/valencia_go-svg-blnc-iso-naranja.svg","contentUrl":"https:\/\/upgrade.valenciaandgo.com\/wp-content\/uploads\/2025\/10\/valencia_go-svg-blnc-iso-naranja.svg","width":434,"height":102,"caption":"Valencia&Go"},"image":{"@id":"https:\/\/upgrade.valenciaandgo.com\/it\/#\/schema\/logo\/image\/"},"sameAs":["https:\/\/www.facebook.com\/valenciaandgo\/","https:\/\/www.instagram.com\/valenciaandgo","https:\/\/www.linkedin.com\/company\/valencia-go\/","https:\/\/www.tiktok.com\/@valenciaandgo"]},{"@type":"Person","@id":"https:\/\/upgrade.valenciaandgo.com\/it\/#\/schema\/person\/ca673553802eb937b57af07a6ce74908","name":"Valence &amp; Go","sameAs":["https:\/\/valenciaandgo.com"],"url":"https:\/\/upgrade.valenciaandgo.com\/fr\/author\/valencia\/"}]}},"_links":{"self":[{"href":"https:\/\/upgrade.valenciaandgo.com\/fr\/wp-json\/wp\/v2\/posts\/534","targetHints":{"allow":["GET"]}}],"collection":[{"href":"https:\/\/upgrade.valenciaandgo.com\/fr\/wp-json\/wp\/v2\/posts"}],"about":[{"href":"https:\/\/upgrade.valenciaandgo.com\/fr\/wp-json\/wp\/v2\/types\/post"}],"author":[{"embeddable":true,"href":"https:\/\/upgrade.valenciaandgo.com\/fr\/wp-json\/wp\/v2\/users\/1"}],"replies":[{"embeddable":true,"href":"https:\/\/upgrade.valenciaandgo.com\/fr\/wp-json\/wp\/v2\/comments?post=534"}],"version-history":[{"count":0,"href":"https:\/\/upgrade.valenciaandgo.com\/fr\/wp-json\/wp\/v2\/posts\/534\/revisions"}],"wp:featuredmedia":[{"embeddable":true,"href":"https:\/\/upgrade.valenciaandgo.com\/fr\/wp-json\/wp\/v2\/media\/746"}],"wp:attachment":[{"href":"https:\/\/upgrade.valenciaandgo.com\/fr\/wp-json\/wp\/v2\/media?parent=534"}],"wp:term":[{"taxonomy":"category","embeddable":true,"href":"https:\/\/upgrade.valenciaandgo.com\/fr\/wp-json\/wp\/v2\/categories?post=534"},{"taxonomy":"post_tag","embeddable":true,"href":"https:\/\/upgrade.valenciaandgo.com\/fr\/wp-json\/wp\/v2\/tags?post=534"}],"curies":[{"name":"wp","href":"https:\/\/api.w.org\/{rel}","templated":true}]}}