{"id":532,"date":"2024-06-18T12:21:00","date_gmt":"2024-06-18T12:21:00","guid":{"rendered":"https:\/\/new.valenciaandgo.com\/?p=532"},"modified":"2026-03-14T13:01:26","modified_gmt":"2026-03-14T13:01:26","slug":"pourquoi-il-vaut-la-peine-de-visiter-valencia","status":"publish","type":"post","link":"https:\/\/upgrade.valenciaandgo.com\/fr\/por-que-merece-la-pena-visitar-valencia\/","title":{"rendered":"Pourquoi Valence vaut-elle la peine d'\u00eatre visit\u00e9e ? 10 raisons de venir"},"content":{"rendered":"<div data-elementor-type=\"wp-post\" data-elementor-id=\"532\" class=\"elementor elementor-532\" data-elementor-post-type=\"post\">\n\t\t\t\t<div class=\"elementor-element elementor-element-1ec0fa6 e-flex e-con-boxed e-con e-parent\" data-id=\"1ec0fa6\" data-element_type=\"container\" data-e-type=\"container\">\n\t\t\t\t\t<div class=\"e-con-inner\">\n\t\t<div class=\"elementor-element elementor-element-30c15ad e-con-full e-flex e-con e-child\" data-id=\"30c15ad\" data-element_type=\"container\" data-e-type=\"container\">\n\t\t\t\t<div class=\"elementor-element elementor-element-79d1dd6d elementor-widget elementor-widget-text-editor\" data-id=\"79d1dd6d\" data-element_type=\"widget\" data-e-type=\"widget\" data-widget_type=\"text-editor.default\">\n\t\t\t\t\t\t\t\t\t\n<p><span style=\"font-weight: 300;\">Baign\u00e9e par le littoral m\u00e9diterran\u00e9en, Valence offre \u00e0 ses visiteurs une combinaison unique de <\/span><span style=\"font-weight: 400;\">soleil, loisirs et culture<\/span><span style=\"font-weight: 300;\">. Les <strong>plus de 300 jours de soleil par an<\/strong>, Son atmosph\u00e8re chaleureuse et ses rues charg\u00e9es d'histoire en font le lieu id\u00e9al pour un s\u00e9jour inoubliable. A partir de <\/span><span style=\"color: #339966;\"><a style=\"color: #339966;\" href=\"https:\/\/valenciaandgo.com\"><span style=\"font-weight: 300;\">Valencia&amp;Go<\/span><\/a><\/span><span style=\"font-weight: 300;\"> nous vous d\u00e9couvrons <\/span><span style=\"font-weight: 400;\">10 raisons de visiter Valence lors de vos prochaines vacances<\/span><span style=\"font-weight: 300;\">. Lire la suite !<\/span><\/p>\n\t\t\t\t\t\t\t\t<\/div>\n\t\t\t\t<\/div>\n\t\t<div class=\"elementor-element elementor-element-28576999 e-con-full e-flex e-con e-child\" data-id=\"28576999\" data-element_type=\"container\" data-e-type=\"container\">\n\t\t<div class=\"elementor-element elementor-element-3f34495b e-con-full e-flex e-con e-child\" data-id=\"3f34495b\" data-element_type=\"container\" data-e-type=\"container\">\n\t\t\t\t<div class=\"elementor-element elementor-element-fc0b876 elementor-widget elementor-widget-heading\" data-id=\"fc0b876\" data-element_type=\"widget\" data-e-type=\"widget\" data-widget_type=\"heading.default\">\n\t\t\t\t\t<h2 class=\"elementor-heading-title elementor-size-default\">\u00a01. un paradis pour les gourmets<\/h2>\t\t\t\t<\/div>\n\t\t\t\t<\/div>\n\t\t<div class=\"elementor-element elementor-element-18156b67 e-con-full e-flex e-con e-child\" data-id=\"18156b67\" data-element_type=\"container\" data-e-type=\"container\">\n\t\t\t\t<div class=\"elementor-element elementor-element-afaadd4 elementor-widget elementor-widget-text-editor\" data-id=\"afaadd4\" data-element_type=\"widget\" data-e-type=\"widget\" data-widget_type=\"text-editor.default\">\n\t\t\t\t\t\t\t\t\t<p><span style=\"font-weight: 300;\">L'embl\u00e9matique <\/span><strong><a href=\"https:\/\/valenciaandgo.com\/blog\/ciudad-de-valencia\/paella\/\">paella<\/a><\/strong><span style=\"font-weight: 300;\"><strong>,<\/strong> Plat valencien par excellence, c'est une symphonie de saveurs qui comprend des fruits de mer frais, des viandes savoureuses et des l\u00e9gumes de saison. A l'heure actuelle <\/span><span style=\"color: #339966;\"><a style=\"color: #339966;\" href=\"https:\/\/www.elfamos.com\/\">Les Fam\u00f3s<\/a> <\/span><strong>o <\/strong><span style=\"color: #339966;\"><a style=\"color: #339966;\" href=\"https:\/\/alqueriadelpou.com\/\">L'Alqueria del Pou<\/a><\/span><span style=\"font-weight: 300;\"><span style=\"color: #339966;\">,<\/span> Dans les lieux pr\u00e9f\u00e9r\u00e9s des Valenciens, vous vivrez une exp\u00e9rience authentique. Les <\/span><span style=\"color: #339966;\"><a style=\"color: #339966;\" href=\"https:\/\/barmistela.com\/\">Mistela Bar<\/a><\/span><span style=\"font-weight: 300;\"> est id\u00e9al pour d\u00e9guster de savoureuses tapas en compagnie d'un <\/span><span style=\"font-weight: 400;\">photo de mistela<\/span><span style=\"font-weight: 300;\">, autre <\/span><i><span style=\"font-weight: 300;\">doit<\/span><\/i><span style=\"font-weight: 300;\"> lors de votre visite. Mais Valence a bien d'autres d\u00e9lices, comme le <\/span><span style=\"font-weight: 400;\">fideu\u00e0<\/span><span style=\"font-weight: 300;\">, une paella unique \u00e0 base de nouilles, le <\/span><span style=\"font-weight: 400;\">esgarraet<\/span><span style=\"font-weight: 300;\">, une salade de poivrons rouges grill\u00e9s, de cabillaud et d'huile d'olive extra vierge, ou le <\/span><span style=\"font-weight: 400;\">all i pebre<\/span><span style=\"font-weight: 300;\">, Un plat copieux d'anguilles \u00e0 l'ail et au paprika, une v\u00e9ritable sp\u00e9cialit\u00e9 valencienne !<\/span><\/p>\t\t\t\t\t\t\t\t<\/div>\n\t\t\t\t<\/div>\n\t\t\t\t<\/div>\n\t\t<div class=\"elementor-element elementor-element-06ff186 e-con-full e-flex e-con e-child\" data-id=\"06ff186\" data-element_type=\"container\" data-e-type=\"container\">\n\t\t<div class=\"elementor-element elementor-element-1baba94 e-con-full e-flex e-con e-child\" data-id=\"1baba94\" data-element_type=\"container\" data-e-type=\"container\">\n\t\t\t\t<div class=\"elementor-element elementor-element-c4ef83b elementor-widget elementor-widget-heading\" data-id=\"c4ef83b\" data-element_type=\"widget\" data-e-type=\"widget\" data-widget_type=\"heading.default\">\n\t\t\t\t\t<h2 class=\"elementor-heading-title elementor-size-default\">2. Sites du patrimoine mondial<\/h2>\t\t\t\t<\/div>\n\t\t\t\t<\/div>\n\t\t<div class=\"elementor-element elementor-element-ee685c6 e-con-full e-flex e-con e-child\" data-id=\"ee685c6\" data-element_type=\"container\" data-e-type=\"container\">\n\t\t\t\t<div class=\"elementor-element elementor-element-08608e4 elementor-widget elementor-widget-text-editor\" data-id=\"08608e4\" data-element_type=\"widget\" data-e-type=\"widget\" data-widget_type=\"text-editor.default\">\n\t\t\t\t\t\t\t\t\t<p><span style=\"font-weight: 300;\">En plus de la <\/span><span style=\"color: #339966;\"><a style=\"color: #339966;\" href=\"https:\/\/valenciaandgo.com\/tours-valencia\/tour-de-arte-y-arquitectura\/\">Cath\u00e9drale de Valence<\/a><\/span><span style=\"font-weight: 300;\"><span style=\"color: #339966;\">,<\/span> o\u00f9 quelle l\u00e9gende veut que le vrai <\/span><span style=\"font-weight: 400;\">Le Saint Graal<\/span><span style=\"font-weight: 300;\">, La ville abrite \u00e9galement deux tr\u00e9sors historiques reconnus par l'UNESCO, \u00e0 savoir <strong>Site du patrimoine mondial :<\/strong><\/span><\/p>\n<p><!-- \/wp:paragraph --><!-- wp:list --><\/p>\n<ul class=\"wp-block-list\"><!-- wp:list-item -->\n<li><strong>La bourse de la soie<\/strong><span style=\"font-weight: 300;\"><strong>,<\/strong> un b\u00e2timent de style gothique tardif datant du XVe si\u00e8cle, \u00e9tait le centre du commerce de la soie \u00e0 Valence au Moyen \u00c2ge.\u00a0<\/span><\/li>\n<!-- \/wp:list-item --><!-- wp:list-item -->\n<li><strong>Le Tribunal des eaux<\/strong><span style=\"font-weight: 300;\"><strong>,<\/strong> Fond\u00e9 au XIIIe si\u00e8cle, c'est le plus ancien tribunal de l'eau en activit\u00e9 en Europe. Tous les jeudis \u00e0 12 heures, les agriculteurs se r\u00e9unissent sous la porte des Ap\u00f4tres de la cath\u00e9drale pour r\u00e9gler les litiges li\u00e9s \u00e0 l'eau selon un code de justice vieux de plusieurs si\u00e8cles.<\/span><\/li>\n<\/ul>\t\t\t\t\t\t\t\t<\/div>\n\t\t\t\t<\/div>\n\t\t\t\t<\/div>\n\t\t<div class=\"elementor-element elementor-element-d8d6711 e-con-full e-flex e-con e-child\" data-id=\"d8d6711\" data-element_type=\"container\" data-e-type=\"container\">\n\t\t<div class=\"elementor-element elementor-element-682e91d e-con-full e-flex e-con e-child\" data-id=\"682e91d\" data-element_type=\"container\" data-e-type=\"container\">\n\t\t\t\t<div class=\"elementor-element elementor-element-d7cdf4c elementor-widget elementor-widget-heading\" data-id=\"d7cdf4c\" data-element_type=\"widget\" data-e-type=\"widget\" data-widget_type=\"heading.default\">\n\t\t\t\t\t<h2 class=\"elementor-heading-title elementor-size-default\">3. Des festivals et des foires dynamiques<\/h2>\t\t\t\t<\/div>\n\t\t\t\t<\/div>\n\t\t<div class=\"elementor-element elementor-element-24c63b3 e-con-full e-flex e-con e-child\" data-id=\"24c63b3\" data-element_type=\"container\" data-e-type=\"container\">\n\t\t\t\t<div class=\"elementor-element elementor-element-264ce1a elementor-widget elementor-widget-text-editor\" data-id=\"264ce1a\" data-element_type=\"widget\" data-e-type=\"widget\" data-widget_type=\"text-editor.default\">\n\t\t\t\t\t\t\t\t\t<p><span style=\"font-weight: 300;\">Valence offre une <\/span><span style=\"color: #339966;\"><a style=\"color: #339966;\" href=\"https:\/\/www.valencia.es\/val\/agenda-de-la-ciutat\">horaire complet<\/a><\/span><span style=\"font-weight: 400;\"> de <strong>foires et festivals<\/strong><\/span><span style=\"font-weight: 300;\"><strong>,<\/strong> les plus c\u00e9l\u00e8bres \u00e9tant <\/span><span style=\"color: #339966;\"><a style=\"color: #339966;\" href=\"https:\/\/valenciaandgo.com\/tours-valencia\/fallas-tour\/\">les Fallas<\/a><\/span><span style=\"font-weight: 300;\">, <\/span><span style=\"font-weight: 400;\">Patrimoine culturel immat\u00e9riel de l'humanit\u00e9 depuis 2016<\/span><span style=\"font-weight: 300;\">. En mars, la ville est remplie de sculptures satiriques monumentales qui d\u00e9filent dans les rues avant d'\u00eatre br\u00fbl\u00e9es. Avec plus de 150 ans de tradition, le <\/span><span style=\"color: #339966;\"><a style=\"color: #339966;\" href=\"https:\/\/valenciaandgo.com\/blog\/que-hacer\/feria-de-julio-valencia\/\">Grande foire de Valence<\/a><\/span><span style=\"font-weight: 300;\"> est un autre \u00e9v\u00e9nement \u00e0 ne pas manquer, en plus des nombreuses manifestations organis\u00e9es par la Commission europ\u00e9enne. <\/span><span style=\"font-weight: 400;\">les festivals de musique, d'art ou de th\u00e9\u00e2tre<\/span><span style=\"font-weight: 300;\"> se r\u00e9pandent dans l'ensemble <\/span><span style=\"font-weight: 400;\">toute l'ann\u00e9e<\/span><span style=\"font-weight: 300;\">.<\/span><\/p>\n<p><!-- \/wp:paragraph --><!-- wp:heading --><\/p>\t\t\t\t\t\t\t\t<\/div>\n\t\t\t\t<\/div>\n\t\t\t\t<\/div>\n\t\t<div class=\"elementor-element elementor-element-af1156c e-con-full e-flex e-con e-child\" data-id=\"af1156c\" data-element_type=\"container\" data-e-type=\"container\">\n\t\t<div class=\"elementor-element elementor-element-2b3fbcd e-con-full e-flex e-con e-child\" data-id=\"2b3fbcd\" data-element_type=\"container\" data-e-type=\"container\">\n\t\t\t\t<div class=\"elementor-element elementor-element-4258078 elementor-widget elementor-widget-heading\" data-id=\"4258078\" data-element_type=\"widget\" data-e-type=\"widget\" data-widget_type=\"heading.default\">\n\t\t\t\t\t<h2 class=\"elementor-heading-title elementor-size-default\">4. Art et cr\u00e9ativit\u00e9<\/h2>\t\t\t\t<\/div>\n\t\t\t\t<\/div>\n\t\t<div class=\"elementor-element elementor-element-e5f1f11 e-con-full e-flex e-con e-child\" data-id=\"e5f1f11\" data-element_type=\"container\" data-e-type=\"container\">\n\t\t\t\t<div class=\"elementor-element elementor-element-b44f142 elementor-widget elementor-widget-text-editor\" data-id=\"b44f142\" data-element_type=\"widget\" data-e-type=\"widget\" data-widget_type=\"text-editor.default\">\n\t\t\t\t\t\t\t\t\t<p><span style=\"font-weight: 300;\">Le<strong> sc\u00e8ne artistique<\/strong> La ville brille d'un dynamisme et d'une vitalit\u00e9 extraordinaires. Le mus\u00e9e des beaux-arts abrite des \u0153uvres d'artistes locaux tels que <\/span><span style=\"font-weight: 400;\">Joaqu\u00edn Sorolla<\/span><span style=\"font-weight: 300;\">, un ma\u00eetre dans l'art de capturer la lumi\u00e8re et les couleurs. Dans le <\/span><span style=\"color: #339966;\"><a style=\"color: #339966;\" href=\"https:\/\/valenciaandgo.com\/tours-valencia\/tour-privado-por-valencia\/\"><span style=\"font-weight: 300;\">barrio del Carmen<\/span><\/a><\/span><span style=\"font-weight: 300;\">, les <\/span><span style=\"font-weight: 400;\">art de la rue<\/span><span style=\"font-weight: 300;\"> offre un contrepoint moderne \u00e0 l'architecture historique, reflet de son esprit cr\u00e9atif.<\/span><\/p>\n<p><!-- \/wp:paragraph --><!-- wp:heading --><\/p>\t\t\t\t\t\t\t\t<\/div>\n\t\t\t\t<\/div>\n\t\t\t\t<\/div>\n\t\t<div class=\"elementor-element elementor-element-6a15a6c e-con-full e-flex e-con e-child\" data-id=\"6a15a6c\" data-element_type=\"container\" data-e-type=\"container\">\n\t\t<div class=\"elementor-element elementor-element-4a7f473 e-con-full e-flex e-con e-child\" data-id=\"4a7f473\" data-element_type=\"container\" data-e-type=\"container\">\n\t\t\t\t<div class=\"elementor-element elementor-element-cf9c53d elementor-widget elementor-widget-heading\" data-id=\"cf9c53d\" data-element_type=\"widget\" data-e-type=\"widget\" data-widget_type=\"heading.default\">\n\t\t\t\t\t<h2 class=\"elementor-heading-title elementor-size-default\">5. Des paysages naturels \u00e9poustouflants<\/h2>\t\t\t\t<\/div>\n\t\t\t\t<\/div>\n\t\t<div class=\"elementor-element elementor-element-9da72e3 e-con-full e-flex e-con e-child\" data-id=\"9da72e3\" data-element_type=\"container\" data-e-type=\"container\">\n\t\t\t\t<div class=\"elementor-element elementor-element-65401e6 elementor-widget elementor-widget-text-editor\" data-id=\"65401e6\" data-element_type=\"widget\" data-e-type=\"widget\" data-widget_type=\"text-editor.default\">\n\t\t\t\t\t\t\t\t\t<p><span style=\"font-weight: 300;\">Valence a \u00e9t\u00e9 nomm\u00e9e <\/span><strong>Capitale verte de l'Europe<\/strong><span style=\"font-weight: 300;\">, gr\u00e2ce \u00e0 son <\/span><span style=\"font-weight: 400;\">cinq millions de m\u00e8tres carr\u00e9s d'espaces verts<\/span><span style=\"font-weight: 300;\"> diss\u00e9min\u00e9s dans la ville. En outre, \u00e0 quelques kilom\u00e8tres de l\u00e0, se trouve la <\/span><span style=\"color: #339966;\"><a style=\"color: #339966;\" href=\"https:\/\/valenciaandgo.com\/excursiones-desde-valencia\/excursion-al-parque-natural-de-la-albufera\/\"><span style=\"font-weight: 400;\">Parc naturel de l'Albufera<\/span><\/a><\/span><span style=\"font-weight: 300;\">, Une r\u00e9serve de biosph\u00e8re avec des zones humides et des lagunes, parfaites pour l'observation des oiseaux ou une promenade en bateau au coucher du soleil, une v\u00e9ritable oasis pour les amateurs d'\u00e9cotourisme !<\/span><\/p>\n<p><!-- \/wp:paragraph --><!-- wp:heading --><\/p>\t\t\t\t\t\t\t\t<\/div>\n\t\t\t\t<\/div>\n\t\t\t\t<\/div>\n\t\t<div class=\"elementor-element elementor-element-bf49b83 e-con-full e-flex e-con e-child\" data-id=\"bf49b83\" data-element_type=\"container\" data-e-type=\"container\">\n\t\t<div class=\"elementor-element elementor-element-7ed19c0 e-con-full e-flex e-con e-child\" data-id=\"7ed19c0\" data-element_type=\"container\" data-e-type=\"container\">\n\t\t\t\t<div class=\"elementor-element elementor-element-5e8c613 elementor-widget elementor-widget-heading\" data-id=\"5e8c613\" data-element_type=\"widget\" data-e-type=\"widget\" data-widget_type=\"heading.default\">\n\t\t\t\t\t<h2 class=\"elementor-heading-title elementor-size-default\">6. Activit\u00e9s de plein air<\/h2>\t\t\t\t<\/div>\n\t\t\t\t<\/div>\n\t\t<div class=\"elementor-element elementor-element-3395ee2 e-con-full e-flex e-con e-child\" data-id=\"3395ee2\" data-element_type=\"container\" data-e-type=\"container\">\n\t\t\t\t<div class=\"elementor-element elementor-element-0f8304c elementor-widget elementor-widget-text-editor\" data-id=\"0f8304c\" data-element_type=\"widget\" data-e-type=\"widget\" data-widget_type=\"text-editor.default\">\n\t\t\t\t\t\t\t\t\t<p><span style=\"font-weight: 300;\">Avec son <\/span><strong>un terrain plat et un vaste r\u00e9seau de pistes cyclables.<\/strong><span style=\"font-weight: 300;\">, Valence est une <\/span><span style=\"color: #339966;\"><a style=\"color: #339966;\" href=\"https:\/\/valenciaandgo.com\/tours-valencia\/ruta-en-bici-por-el-parque-del-rio-turia\/\"><span style=\"font-weight: 300;\">le paradis des cyclistes<\/span><\/a><\/span><span style=\"font-weight: 300;\"> y <\/span><i><span style=\"font-weight: 300;\">coureurs<\/span><\/i><span style=\"font-weight: 300;\">. Le climat temp\u00e9r\u00e9 est id\u00e9al pour la navigation de plaisance, la <\/span><i><span style=\"font-weight: 300;\">planche \u00e0 voile<\/span><\/i><span style=\"font-weight: 300;\"> et le <\/span><i><span style=\"font-weight: 300;\">kitesurf<\/span><\/i><span style=\"font-weight: 300;\"> le long de la c\u00f4te. Les amateurs de sports d'aventure peuvent s'aventurer dans les montagnes ou faire de la randonn\u00e9e sur les sommets pour profiter de vues panoramiques spectaculaires.<\/span><\/p>\n<p><!-- \/wp:paragraph --><!-- wp:heading --><\/p>\t\t\t\t\t\t\t\t<\/div>\n\t\t\t\t<\/div>\n\t\t\t\t<\/div>\n\t\t<div class=\"elementor-element elementor-element-b062348 e-con-full e-flex e-con e-child\" data-id=\"b062348\" data-element_type=\"container\" data-e-type=\"container\">\n\t\t<div class=\"elementor-element elementor-element-58eb7d0 e-con-full e-flex e-con e-child\" data-id=\"58eb7d0\" data-element_type=\"container\" data-e-type=\"container\">\n\t\t\t\t<div class=\"elementor-element elementor-element-ae5ef88 elementor-widget elementor-widget-heading\" data-id=\"ae5ef88\" data-element_type=\"widget\" data-e-type=\"widget\" data-widget_type=\"heading.default\">\n\t\t\t\t\t<h2 class=\"elementor-heading-title elementor-size-default\">7. Atmosph\u00e8re anim\u00e9e<\/h2>\t\t\t\t<\/div>\n\t\t\t\t<\/div>\n\t\t<div class=\"elementor-element elementor-element-dc0fc65 e-con-full e-flex e-con e-child\" data-id=\"dc0fc65\" data-element_type=\"container\" data-e-type=\"container\">\n\t\t\t\t<div class=\"elementor-element elementor-element-e58cf32 elementor-widget elementor-widget-text-editor\" data-id=\"e58cf32\" data-element_type=\"widget\" data-e-type=\"widget\" data-widget_type=\"text-editor.default\">\n\t\t\t\t\t\t\t\t\t<p><span style=\"font-weight: 300;\">Le charme de Valence est accentu\u00e9 par son <\/span><span style=\"font-weight: 400;\">atmosph\u00e8re contagieuse<\/span><span style=\"font-weight: 300;\">. La journ\u00e9e commence par un <\/span><span style=\"font-weight: 400;\">d\u00e9jeuner typique, le<em> esmorzaret,<\/em><\/span><span style=\"font-weight: 300;\"> sur une terrasse ensoleill\u00e9e et, au fur et \u00e0 mesure que la journ\u00e9e avance, il faut se rapprocher de l'animation de la ville. <\/span><span style=\"font-weight: 400;\">ZONE PORTUAIRE<\/span><span style=\"font-weight: 300;\"> avec des bars et des restaurants anim\u00e9s. Que vous souhaitiez profiter du soleil ou d'une soir\u00e9e anim\u00e9e, les <strong>l'\u00e9nergie positive de Valence<\/strong> vous s\u00e9duira.<\/span><\/p>\n<p><!-- \/wp:paragraph --><!-- wp:heading --><\/p>\t\t\t\t\t\t\t\t<\/div>\n\t\t\t\t<\/div>\n\t\t\t\t<\/div>\n\t\t<div class=\"elementor-element elementor-element-9ae85ba e-con-full e-flex e-con e-child\" data-id=\"9ae85ba\" data-element_type=\"container\" data-e-type=\"container\">\n\t\t<div class=\"elementor-element elementor-element-471c52e e-con-full e-flex e-con e-child\" data-id=\"471c52e\" data-element_type=\"container\" data-e-type=\"container\">\n\t\t\t\t<div class=\"elementor-element elementor-element-c14d183 elementor-widget elementor-widget-heading\" data-id=\"c14d183\" data-element_type=\"widget\" data-e-type=\"widget\" data-widget_type=\"heading.default\">\n\t\t\t\t\t<h2 class=\"elementor-heading-title elementor-size-default\">8. Une v\u00e9ritable hospitalit\u00e9<\/h2>\t\t\t\t<\/div>\n\t\t\t\t<\/div>\n\t\t<div class=\"elementor-element elementor-element-f8c2ecf e-con-full e-flex e-con e-child\" data-id=\"f8c2ecf\" data-element_type=\"container\" data-e-type=\"container\">\n\t\t\t\t<div class=\"elementor-element elementor-element-0842606 elementor-widget elementor-widget-text-editor\" data-id=\"0842606\" data-element_type=\"widget\" data-e-type=\"widget\" data-widget_type=\"text-editor.default\">\n\t\t\t\t\t\t\t\t\t<p><span style=\"font-weight: 300;\">Les Valenciens se distinguent par leur <\/span><strong>une nature accueillante et proche<\/strong><span style=\"font-weight: 300;\">. Dans les bars et sur les terrasses, les conversations vont bon train, cr\u00e9ant une atmosph\u00e8re chaleureuse. N'h\u00e9sitez pas \u00e0 engager la conversation, <\/span><span style=\"font-weight: 400;\">Vous vous sentirez comme chez vous<\/span><span style=\"font-weight: 300;\"> et vous pourrez m\u00eame d\u00e9couvrir des lieux d'int\u00e9r\u00eat que seuls les locaux connaissent.<\/span><\/p>\t\t\t\t\t\t\t\t<\/div>\n\t\t\t\t<\/div>\n\t\t\t\t<\/div>\n\t\t<div class=\"elementor-element elementor-element-71eb3b9 e-con-full e-flex e-con e-child\" data-id=\"71eb3b9\" data-element_type=\"container\" data-e-type=\"container\">\n\t\t<div class=\"elementor-element elementor-element-270797c e-con-full e-flex e-con e-child\" data-id=\"270797c\" data-element_type=\"container\" data-e-type=\"container\">\n\t\t\t\t<div class=\"elementor-element elementor-element-3ae876d elementor-widget elementor-widget-heading\" data-id=\"3ae876d\" data-element_type=\"widget\" data-e-type=\"widget\" data-widget_type=\"heading.default\">\n\t\t\t\t\t<h2 class=\"elementor-heading-title elementor-size-default\">9. S\u00e9curit\u00e9 et tranquillit\u00e9 d'esprit<\/h2>\t\t\t\t<\/div>\n\t\t\t\t<\/div>\n\t\t<div class=\"elementor-element elementor-element-f23d85d e-con-full e-flex e-con e-child\" data-id=\"f23d85d\" data-element_type=\"container\" data-e-type=\"container\">\n\t\t\t\t<div class=\"elementor-element elementor-element-e1dc685 elementor-widget elementor-widget-text-editor\" data-id=\"e1dc685\" data-element_type=\"widget\" data-e-type=\"widget\" data-widget_type=\"text-editor.default\">\n\t\t\t\t\t\t\t\t\t<p><span style=\"font-weight: 300;\">\u00catre <strong>l'une des villes les plus calmes d'Espagne,<\/strong> Valence offre une <\/span><span style=\"font-weight: 400;\">environnement s\u00fbr<\/span><span style=\"font-weight: 300;\"> o\u00f9 les visiteurs peuvent <\/span><span style=\"font-weight: 400;\">se promener en toute tranquillit\u00e9<\/span><span style=\"font-weight: 300;\">. Avec un <\/span><span style=\"font-weight: 400;\">taille id\u00e9ale et rythme de vie calme<\/span><span style=\"font-weight: 300;\">, Le mus\u00e9e vous permettra de vous impr\u00e9gner de son atmosph\u00e8re paisible et vous offrira une visite d\u00e9tendue.<\/span><\/p>\n<p><!-- \/wp:paragraph --><!-- wp:heading --><\/p>\t\t\t\t\t\t\t\t<\/div>\n\t\t\t\t<\/div>\n\t\t\t\t<\/div>\n\t\t<div class=\"elementor-element elementor-element-bf5b63a e-con-full e-flex e-con e-child\" data-id=\"bf5b63a\" data-element_type=\"container\" data-e-type=\"container\">\n\t\t<div class=\"elementor-element elementor-element-ccd6aff e-con-full e-flex e-con e-child\" data-id=\"ccd6aff\" data-element_type=\"container\" data-e-type=\"container\">\n\t\t\t\t<div class=\"elementor-element elementor-element-d3bce34 elementor-widget elementor-widget-heading\" data-id=\"d3bce34\" data-element_type=\"widget\" data-e-type=\"widget\" data-widget_type=\"heading.default\">\n\t\t\t\t\t<h2 class=\"elementor-heading-title elementor-size-default\">10. Excursions \u00e0 partir de Valence<\/h2>\t\t\t\t<\/div>\n\t\t\t\t<\/div>\n\t\t<div class=\"elementor-element elementor-element-66d13ef e-con-full e-flex e-con e-child\" data-id=\"66d13ef\" data-element_type=\"container\" data-e-type=\"container\">\n\t\t\t\t<div class=\"elementor-element elementor-element-cb6b0cf elementor-widget elementor-widget-text-editor\" data-id=\"cb6b0cf\" data-element_type=\"widget\" data-e-type=\"widget\" data-widget_type=\"text-editor.default\">\n\t\t\t\t\t\t\t\t\t<p><span style=\"font-weight: 300;\">Valence b\u00e9n\u00e9ficie d'une situation privil\u00e9gi\u00e9e pour <\/span><span style=\"color: #339966;\"><a href=\"https:\/\/valenciaandgo.com\/excursiones\/\"><span style=\"font-weight: 300;\">explorer la r\u00e9gion<\/span><\/a><span style=\"font-weight: 300;\">. <\/span><a style=\"color: #339966;\" href=\"https:\/\/valenciaandgo.com\/excursiones-desde-valencia\/visita-sagunto\/\"><span style=\"font-weight: 400;\">Sagunto<\/span><\/a><\/span><span style=\"font-weight: 300;\"><span style=\"color: #339966;\">,<\/span> avec son th\u00e9\u00e2tre romain et ses remparts m\u00e9di\u00e9vaux, n'est qu'\u00e0 une courte distance en voiture. L'h\u00f4tel <\/span><span style=\"color: #339966;\"><a style=\"color: #339966;\" href=\"https:\/\/valenciaandgo.com\/excursiones-desde-valencia\/cuevas-de-san-jose\/\"><span style=\"font-weight: 400;\">Grottes de San Jos\u00e9<\/span><\/a> <\/span><span style=\"font-weight: 300;\">offrent un voyage fascinant \u00e0 l'int\u00e9rieur de la terre, tandis que les <\/span><span style=\"color: #339966;\"><a style=\"color: #339966;\" href=\"https:\/\/valenciaandgo.com\/excursiones-desde-valencia\/morella-y-peniscola\/\"><span style=\"font-weight: 400;\">Morella et Pe\u00f1\u00edscola<\/span><\/a><\/span><span style=\"font-weight: 300;\"> sont des destinations id\u00e9ales pour les amateurs d'histoire et d'architecture.<\/span><\/p>\n<p><!-- \/wp:paragraph --><!-- wp:paragraph --><\/p>\n<p><span style=\"font-weight: 300;\">\u00c0 Valencia&amp;Go, nous sommes sp\u00e9cialis\u00e9s dans l'offre de services touristiques avec <\/span><span style=\"font-weight: 400;\">les guides locaux officiels<\/span><span style=\"font-weight: 300;\"> avec une longue histoire. Nous nous adaptons \u00e0 vos pr\u00e9f\u00e9rences avec <\/span><span style=\"font-weight: 400;\">exp\u00e9riences sur mesure<\/span><span style=\"font-weight: 300;\">. <\/span><strong><span style=\"color: #339966;\"><a style=\"color: #339966;\" href=\"https:\/\/valenciaandgo.com\/tours-valencia\/\">R\u00e9servez votre prochaine aventure \u00e0 Valence avec nous<\/a><\/span><\/strong><span style=\"font-weight: 300;\">, Vous ne le regretterez pas !<\/span><\/p>\t\t\t\t\t\t\t\t<\/div>\n\t\t\t\t<\/div>\n\t\t\t\t<\/div>\n\t\t\t\t\t<\/div>\n\t\t\t\t<\/div>\n\t\t\t\t<\/div>","protected":false},"excerpt":{"rendered":"<p>Ba\u00f1ada por la costa mediterr\u00e1nea, Valencia ofrece a sus visitantes una combinaci\u00f3n \u00fanica de sol, ocio y cultura. Los m\u00e1s de 300 d\u00edas de sol al a\u00f1o, su ambiente acogedor y las calles llenas de historia, la hacen id\u00f3nea para una estancia inolvidable. Desde Valencia&amp;Go te descubrimos 10 razones por las que merece la pena [&hellip;]<\/p>\n","protected":false},"author":1,"featured_media":708,"comment_status":"closed","ping_status":"closed","sticky":true,"template":"","format":"standard","meta":{"_acf_changed":false,"footnotes":""},"categories":[54],"tags":[36,45,53],"class_list":["post-532","post","type-post","status-publish","format-standard","has-post-thumbnail","hentry","category-que-hacer","tag-gastronomia","tag-patrimonio-cultural","tag-valencia"],"acf":[],"yoast_head":"<!-- This site is optimized with the Yoast SEO plugin v27.5 - https:\/\/yoast.com\/product\/yoast-seo-wordpress\/ -->\n<title>\u00bfPor qu\u00e9 merece la pena visitar Valencia? 10 razones para venir - Valencia&amp;Go<\/title>\n<meta name=\"description\" content=\"Descubre las 10 razones por las que merece la pena visitar Valencia en el blog de Valencia&amp;Go. Sol, ocio y gastronom\u00eda, \u00a1atr\u00e9vete a explorar Valencia!\" \/>\n<meta name=\"robots\" content=\"noindex, follow, max-snippet:-1, max-image-preview:large, max-video-preview:-1\" \/>\n<meta property=\"og:locale\" content=\"fr_FR\" \/>\n<meta property=\"og:type\" content=\"article\" \/>\n<meta property=\"og:title\" content=\"\u00bfPor qu\u00e9 merece la pena visitar Valencia? 10 razones para venir - Valencia&amp;Go\" \/>\n<meta property=\"og:description\" content=\"Descubre las 10 razones por las que merece la pena visitar Valencia en el blog de Valencia&amp;Go. Sol, ocio y gastronom\u00eda, \u00a1atr\u00e9vete a explorar Valencia!\" \/>\n<meta property=\"og:url\" content=\"https:\/\/upgrade.valenciaandgo.com\/fr\/pourquoi-il-vaut-la-peine-de-visiter-valencia\/\" \/>\n<meta property=\"og:site_name\" content=\"Valencia&amp;Go\" \/>\n<meta property=\"article:publisher\" content=\"https:\/\/www.facebook.com\/valenciaandgo\/\" \/>\n<meta property=\"article:published_time\" content=\"2024-06-18T12:21:00+00:00\" \/>\n<meta property=\"article:modified_time\" content=\"2026-03-14T13:01:26+00:00\" \/>\n<meta property=\"og:image\" content=\"https:\/\/upgrade.valenciaandgo.com\/wp-content\/uploads\/2025\/11\/img-blog-10-razones-visitar-valencia.webp\" \/>\n\t<meta property=\"og:image:width\" content=\"1170\" \/>\n\t<meta property=\"og:image:height\" content=\"783\" \/>\n\t<meta property=\"og:image:type\" content=\"image\/webp\" \/>\n<meta name=\"author\" content=\"Valencia &amp; Go\" \/>\n<meta name=\"twitter:card\" content=\"summary_large_image\" \/>\n<meta name=\"twitter:label1\" content=\"\u00c9crit par\" \/>\n\t<meta name=\"twitter:data1\" content=\"Valencia &amp; Go\" \/>\n\t<meta name=\"twitter:label2\" content=\"Dur\u00e9e de lecture estim\u00e9e\" \/>\n\t<meta name=\"twitter:data2\" content=\"4 minutes\" \/>\n<script type=\"application\/ld+json\" class=\"yoast-schema-graph\">{\"@context\":\"https:\\\/\\\/schema.org\",\"@graph\":[{\"@type\":\"Article\",\"@id\":\"https:\\\/\\\/upgrade.valenciaandgo.com\\\/por-que-merece-la-pena-visitar-valencia\\\/#article\",\"isPartOf\":{\"@id\":\"https:\\\/\\\/upgrade.valenciaandgo.com\\\/por-que-merece-la-pena-visitar-valencia\\\/\"},\"author\":{\"name\":\"Valencia &amp; Go\",\"@id\":\"https:\\\/\\\/upgrade.valenciaandgo.com\\\/it\\\/#\\\/schema\\\/person\\\/ca673553802eb937b57af07a6ce74908\"},\"headline\":\"\u00bfPor qu\u00e9 merece la pena visitar Valencia? 10 razones para venir\",\"datePublished\":\"2024-06-18T12:21:00+00:00\",\"dateModified\":\"2026-03-14T13:01:26+00:00\",\"mainEntityOfPage\":{\"@id\":\"https:\\\/\\\/upgrade.valenciaandgo.com\\\/por-que-merece-la-pena-visitar-valencia\\\/\"},\"wordCount\":906,\"publisher\":{\"@id\":\"https:\\\/\\\/upgrade.valenciaandgo.com\\\/it\\\/#organization\"},\"image\":{\"@id\":\"https:\\\/\\\/upgrade.valenciaandgo.com\\\/por-que-merece-la-pena-visitar-valencia\\\/#primaryimage\"},\"thumbnailUrl\":\"https:\\\/\\\/upgrade.valenciaandgo.com\\\/wp-content\\\/uploads\\\/2025\\\/11\\\/img-blog-10-razones-visitar-valencia.webp\",\"keywords\":[\"gastronomia\",\"patrimonio cultural\",\"Valencia\"],\"articleSection\":[\"Qu\u00e9 hacer\"],\"inLanguage\":\"fr-FR\"},{\"@type\":\"WebPage\",\"@id\":\"https:\\\/\\\/upgrade.valenciaandgo.com\\\/por-que-merece-la-pena-visitar-valencia\\\/\",\"url\":\"https:\\\/\\\/upgrade.valenciaandgo.com\\\/por-que-merece-la-pena-visitar-valencia\\\/\",\"name\":\"\u00bfPor qu\u00e9 merece la pena visitar Valencia? 10 razones para venir - Valencia&amp;Go\",\"isPartOf\":{\"@id\":\"https:\\\/\\\/upgrade.valenciaandgo.com\\\/it\\\/#website\"},\"primaryImageOfPage\":{\"@id\":\"https:\\\/\\\/upgrade.valenciaandgo.com\\\/por-que-merece-la-pena-visitar-valencia\\\/#primaryimage\"},\"image\":{\"@id\":\"https:\\\/\\\/upgrade.valenciaandgo.com\\\/por-que-merece-la-pena-visitar-valencia\\\/#primaryimage\"},\"thumbnailUrl\":\"https:\\\/\\\/upgrade.valenciaandgo.com\\\/wp-content\\\/uploads\\\/2025\\\/11\\\/img-blog-10-razones-visitar-valencia.webp\",\"datePublished\":\"2024-06-18T12:21:00+00:00\",\"dateModified\":\"2026-03-14T13:01:26+00:00\",\"description\":\"Descubre las 10 razones por las que merece la pena visitar Valencia en el blog de Valencia&Go. Sol, ocio y gastronom\u00eda, \u00a1atr\u00e9vete a explorar Valencia!\",\"breadcrumb\":{\"@id\":\"https:\\\/\\\/upgrade.valenciaandgo.com\\\/por-que-merece-la-pena-visitar-valencia\\\/#breadcrumb\"},\"inLanguage\":\"fr-FR\",\"potentialAction\":[{\"@type\":\"ReadAction\",\"target\":[\"https:\\\/\\\/upgrade.valenciaandgo.com\\\/por-que-merece-la-pena-visitar-valencia\\\/\"]}]},{\"@type\":\"ImageObject\",\"inLanguage\":\"fr-FR\",\"@id\":\"https:\\\/\\\/upgrade.valenciaandgo.com\\\/por-que-merece-la-pena-visitar-valencia\\\/#primaryimage\",\"url\":\"https:\\\/\\\/upgrade.valenciaandgo.com\\\/wp-content\\\/uploads\\\/2025\\\/11\\\/img-blog-10-razones-visitar-valencia.webp\",\"contentUrl\":\"https:\\\/\\\/upgrade.valenciaandgo.com\\\/wp-content\\\/uploads\\\/2025\\\/11\\\/img-blog-10-razones-visitar-valencia.webp\",\"width\":1170,\"height\":783},{\"@type\":\"BreadcrumbList\",\"@id\":\"https:\\\/\\\/upgrade.valenciaandgo.com\\\/por-que-merece-la-pena-visitar-valencia\\\/#breadcrumb\",\"itemListElement\":[{\"@type\":\"ListItem\",\"position\":1,\"name\":\"Portada\",\"item\":\"https:\\\/\\\/upgrade.valenciaandgo.com\\\/\"},{\"@type\":\"ListItem\",\"position\":2,\"name\":\"\u00bfPor qu\u00e9 merece la pena visitar Valencia? 10 razones para venir\"}]},{\"@type\":\"WebSite\",\"@id\":\"https:\\\/\\\/upgrade.valenciaandgo.com\\\/it\\\/#website\",\"url\":\"https:\\\/\\\/upgrade.valenciaandgo.com\\\/it\\\/\",\"name\":\"Valencia&Go\",\"description\":\"Tours por Valencia y alrededores de ciudad.\",\"publisher\":{\"@id\":\"https:\\\/\\\/upgrade.valenciaandgo.com\\\/it\\\/#organization\"},\"potentialAction\":[{\"@type\":\"SearchAction\",\"target\":{\"@type\":\"EntryPoint\",\"urlTemplate\":\"https:\\\/\\\/upgrade.valenciaandgo.com\\\/it\\\/?s={search_term_string}\"},\"query-input\":{\"@type\":\"PropertyValueSpecification\",\"valueRequired\":true,\"valueName\":\"search_term_string\"}}],\"inLanguage\":\"fr-FR\"},{\"@type\":\"Organization\",\"@id\":\"https:\\\/\\\/upgrade.valenciaandgo.com\\\/it\\\/#organization\",\"name\":\"Valencia&Go\",\"url\":\"https:\\\/\\\/upgrade.valenciaandgo.com\\\/it\\\/\",\"logo\":{\"@type\":\"ImageObject\",\"inLanguage\":\"fr-FR\",\"@id\":\"https:\\\/\\\/upgrade.valenciaandgo.com\\\/it\\\/#\\\/schema\\\/logo\\\/image\\\/\",\"url\":\"https:\\\/\\\/upgrade.valenciaandgo.com\\\/wp-content\\\/uploads\\\/2025\\\/10\\\/valencia_go-svg-blnc-iso-naranja.svg\",\"contentUrl\":\"https:\\\/\\\/upgrade.valenciaandgo.com\\\/wp-content\\\/uploads\\\/2025\\\/10\\\/valencia_go-svg-blnc-iso-naranja.svg\",\"width\":434,\"height\":102,\"caption\":\"Valencia&Go\"},\"image\":{\"@id\":\"https:\\\/\\\/upgrade.valenciaandgo.com\\\/it\\\/#\\\/schema\\\/logo\\\/image\\\/\"},\"sameAs\":[\"https:\\\/\\\/www.facebook.com\\\/valenciaandgo\\\/\",\"https:\\\/\\\/www.instagram.com\\\/valenciaandgo\",\"https:\\\/\\\/www.linkedin.com\\\/company\\\/valencia-go\\\/\",\"https:\\\/\\\/www.tiktok.com\\\/@valenciaandgo\"]},{\"@type\":\"Person\",\"@id\":\"https:\\\/\\\/upgrade.valenciaandgo.com\\\/it\\\/#\\\/schema\\\/person\\\/ca673553802eb937b57af07a6ce74908\",\"name\":\"Valencia &amp; Go\",\"sameAs\":[\"https:\\\/\\\/valenciaandgo.com\"],\"url\":\"https:\\\/\\\/upgrade.valenciaandgo.com\\\/fr\\\/author\\\/valencia\\\/\"}]}<\/script>\n<!-- \/ Yoast SEO plugin. -->","yoast_head_json":{"title":"Pourquoi Valence vaut-elle la peine d'\u00eatre visit\u00e9e ? 10 raisons de venir - Valencia&amp;Go","description":"D\u00e9couvrez les 10 raisons pour lesquelles Valence vaut la peine d'\u00eatre visit\u00e9e dans le blog Valencia&amp;Go. Soleil, loisirs et gastronomie, osez explorer Valence !","robots":{"index":"noindex","follow":"follow","max-snippet":"max-snippet:-1","max-image-preview":"max-image-preview:large","max-video-preview":"max-video-preview:-1"},"og_locale":"fr_FR","og_type":"article","og_title":"\u00bfPor qu\u00e9 merece la pena visitar Valencia? 10 razones para venir - Valencia&amp;Go","og_description":"Descubre las 10 razones por las que merece la pena visitar Valencia en el blog de Valencia&Go. Sol, ocio y gastronom\u00eda, \u00a1atr\u00e9vete a explorar Valencia!","og_url":"https:\/\/upgrade.valenciaandgo.com\/fr\/pourquoi-il-vaut-la-peine-de-visiter-valencia\/","og_site_name":"Valencia&amp;Go","article_publisher":"https:\/\/www.facebook.com\/valenciaandgo\/","article_published_time":"2024-06-18T12:21:00+00:00","article_modified_time":"2026-03-14T13:01:26+00:00","og_image":[{"width":1170,"height":783,"url":"https:\/\/upgrade.valenciaandgo.com\/wp-content\/uploads\/2025\/11\/img-blog-10-razones-visitar-valencia.webp","type":"image\/webp"}],"author":"Valencia &amp; Go","twitter_card":"summary_large_image","twitter_misc":{"\u00c9crit par":"Valencia &amp; Go","Dur\u00e9e de lecture estim\u00e9e":"4 minutes"},"schema":{"@context":"https:\/\/schema.org","@graph":[{"@type":"Article","@id":"https:\/\/upgrade.valenciaandgo.com\/por-que-merece-la-pena-visitar-valencia\/#article","isPartOf":{"@id":"https:\/\/upgrade.valenciaandgo.com\/por-que-merece-la-pena-visitar-valencia\/"},"author":{"name":"Valencia &amp; Go","@id":"https:\/\/upgrade.valenciaandgo.com\/it\/#\/schema\/person\/ca673553802eb937b57af07a6ce74908"},"headline":"\u00bfPor qu\u00e9 merece la pena visitar Valencia? 10 razones para venir","datePublished":"2024-06-18T12:21:00+00:00","dateModified":"2026-03-14T13:01:26+00:00","mainEntityOfPage":{"@id":"https:\/\/upgrade.valenciaandgo.com\/por-que-merece-la-pena-visitar-valencia\/"},"wordCount":906,"publisher":{"@id":"https:\/\/upgrade.valenciaandgo.com\/it\/#organization"},"image":{"@id":"https:\/\/upgrade.valenciaandgo.com\/por-que-merece-la-pena-visitar-valencia\/#primaryimage"},"thumbnailUrl":"https:\/\/upgrade.valenciaandgo.com\/wp-content\/uploads\/2025\/11\/img-blog-10-razones-visitar-valencia.webp","keywords":["gastronomia","patrimonio cultural","Valencia"],"articleSection":["Qu\u00e9 hacer"],"inLanguage":"fr-FR"},{"@type":"WebPage","@id":"https:\/\/upgrade.valenciaandgo.com\/por-que-merece-la-pena-visitar-valencia\/","url":"https:\/\/upgrade.valenciaandgo.com\/por-que-merece-la-pena-visitar-valencia\/","name":"Pourquoi Valence vaut-elle la peine d'\u00eatre visit\u00e9e ? 10 raisons de venir - Valencia&amp;Go","isPartOf":{"@id":"https:\/\/upgrade.valenciaandgo.com\/it\/#website"},"primaryImageOfPage":{"@id":"https:\/\/upgrade.valenciaandgo.com\/por-que-merece-la-pena-visitar-valencia\/#primaryimage"},"image":{"@id":"https:\/\/upgrade.valenciaandgo.com\/por-que-merece-la-pena-visitar-valencia\/#primaryimage"},"thumbnailUrl":"https:\/\/upgrade.valenciaandgo.com\/wp-content\/uploads\/2025\/11\/img-blog-10-razones-visitar-valencia.webp","datePublished":"2024-06-18T12:21:00+00:00","dateModified":"2026-03-14T13:01:26+00:00","description":"D\u00e9couvrez les 10 raisons pour lesquelles Valence vaut la peine d'\u00eatre visit\u00e9e dans le blog Valencia&amp;Go. Soleil, loisirs et gastronomie, osez explorer Valence !","breadcrumb":{"@id":"https:\/\/upgrade.valenciaandgo.com\/por-que-merece-la-pena-visitar-valencia\/#breadcrumb"},"inLanguage":"fr-FR","potentialAction":[{"@type":"ReadAction","target":["https:\/\/upgrade.valenciaandgo.com\/por-que-merece-la-pena-visitar-valencia\/"]}]},{"@type":"ImageObject","inLanguage":"fr-FR","@id":"https:\/\/upgrade.valenciaandgo.com\/por-que-merece-la-pena-visitar-valencia\/#primaryimage","url":"https:\/\/upgrade.valenciaandgo.com\/wp-content\/uploads\/2025\/11\/img-blog-10-razones-visitar-valencia.webp","contentUrl":"https:\/\/upgrade.valenciaandgo.com\/wp-content\/uploads\/2025\/11\/img-blog-10-razones-visitar-valencia.webp","width":1170,"height":783},{"@type":"BreadcrumbList","@id":"https:\/\/upgrade.valenciaandgo.com\/por-que-merece-la-pena-visitar-valencia\/#breadcrumb","itemListElement":[{"@type":"ListItem","position":1,"name":"Portada","item":"https:\/\/upgrade.valenciaandgo.com\/"},{"@type":"ListItem","position":2,"name":"\u00bfPor qu\u00e9 merece la pena visitar Valencia? 10 razones para venir"}]},{"@type":"WebSite","@id":"https:\/\/upgrade.valenciaandgo.com\/it\/#website","url":"https:\/\/upgrade.valenciaandgo.com\/it\/","name":"Valencia&amp;Go","description":"Visites de Valence et de ses environs.","publisher":{"@id":"https:\/\/upgrade.valenciaandgo.com\/it\/#organization"},"potentialAction":[{"@type":"SearchAction","target":{"@type":"EntryPoint","urlTemplate":"https:\/\/upgrade.valenciaandgo.com\/it\/?s={search_term_string}"},"query-input":{"@type":"PropertyValueSpecification","valueRequired":true,"valueName":"search_term_string"}}],"inLanguage":"fr-FR"},{"@type":"Organization","@id":"https:\/\/upgrade.valenciaandgo.com\/it\/#organization","name":"Valencia&amp;Go","url":"https:\/\/upgrade.valenciaandgo.com\/it\/","logo":{"@type":"ImageObject","inLanguage":"fr-FR","@id":"https:\/\/upgrade.valenciaandgo.com\/it\/#\/schema\/logo\/image\/","url":"https:\/\/upgrade.valenciaandgo.com\/wp-content\/uploads\/2025\/10\/valencia_go-svg-blnc-iso-naranja.svg","contentUrl":"https:\/\/upgrade.valenciaandgo.com\/wp-content\/uploads\/2025\/10\/valencia_go-svg-blnc-iso-naranja.svg","width":434,"height":102,"caption":"Valencia&Go"},"image":{"@id":"https:\/\/upgrade.valenciaandgo.com\/it\/#\/schema\/logo\/image\/"},"sameAs":["https:\/\/www.facebook.com\/valenciaandgo\/","https:\/\/www.instagram.com\/valenciaandgo","https:\/\/www.linkedin.com\/company\/valencia-go\/","https:\/\/www.tiktok.com\/@valenciaandgo"]},{"@type":"Person","@id":"https:\/\/upgrade.valenciaandgo.com\/it\/#\/schema\/person\/ca673553802eb937b57af07a6ce74908","name":"Valence &amp; Go","sameAs":["https:\/\/valenciaandgo.com"],"url":"https:\/\/upgrade.valenciaandgo.com\/fr\/author\/valencia\/"}]}},"_links":{"self":[{"href":"https:\/\/upgrade.valenciaandgo.com\/fr\/wp-json\/wp\/v2\/posts\/532","targetHints":{"allow":["GET"]}}],"collection":[{"href":"https:\/\/upgrade.valenciaandgo.com\/fr\/wp-json\/wp\/v2\/posts"}],"about":[{"href":"https:\/\/upgrade.valenciaandgo.com\/fr\/wp-json\/wp\/v2\/types\/post"}],"author":[{"embeddable":true,"href":"https:\/\/upgrade.valenciaandgo.com\/fr\/wp-json\/wp\/v2\/users\/1"}],"replies":[{"embeddable":true,"href":"https:\/\/upgrade.valenciaandgo.com\/fr\/wp-json\/wp\/v2\/comments?post=532"}],"version-history":[{"count":0,"href":"https:\/\/upgrade.valenciaandgo.com\/fr\/wp-json\/wp\/v2\/posts\/532\/revisions"}],"wp:featuredmedia":[{"embeddable":true,"href":"https:\/\/upgrade.valenciaandgo.com\/fr\/wp-json\/wp\/v2\/media\/708"}],"wp:attachment":[{"href":"https:\/\/upgrade.valenciaandgo.com\/fr\/wp-json\/wp\/v2\/media?parent=532"}],"wp:term":[{"taxonomy":"category","embeddable":true,"href":"https:\/\/upgrade.valenciaandgo.com\/fr\/wp-json\/wp\/v2\/categories?post=532"},{"taxonomy":"post_tag","embeddable":true,"href":"https:\/\/upgrade.valenciaandgo.com\/fr\/wp-json\/wp\/v2\/tags?post=532"}],"curies":[{"name":"wp","href":"https:\/\/api.w.org\/{rel}","templated":true}]}}