{"id":471,"date":"2022-05-05T14:24:00","date_gmt":"2022-05-05T14:24:00","guid":{"rendered":"https:\/\/new.valenciaandgo.com\/?p=471"},"modified":"2026-03-16T14:46:11","modified_gmt":"2026-03-16T14:46:11","slug":"denia-et-javea","status":"publish","type":"post","link":"https:\/\/upgrade.valenciaandgo.com\/fr\/denia-y-javea\/","title":{"rendered":"24 heures entre les plus belles villes : D\u00e9nia et J\u00e1vea"},"content":{"rendered":"<div data-elementor-type=\"wp-post\" data-elementor-id=\"471\" class=\"elementor elementor-471\" data-elementor-post-type=\"post\">\n\t\t\t\t<div class=\"elementor-element elementor-element-7eca40e e-flex e-con-boxed e-con e-parent\" data-id=\"7eca40e\" data-element_type=\"container\" data-e-type=\"container\">\n\t\t\t\t\t<div class=\"e-con-inner\">\n\t\t<div class=\"elementor-element elementor-element-3618b6e7 e-con-full e-flex e-con e-child\" data-id=\"3618b6e7\" data-element_type=\"container\" data-e-type=\"container\">\n\t\t\t\t<div class=\"elementor-element elementor-element-495147ba elementor-widget elementor-widget-text-editor\" data-id=\"495147ba\" data-element_type=\"widget\" data-e-type=\"widget\" data-widget_type=\"text-editor.default\">\n\t\t\t\t\t\t\t\t\t\n<p>Valence est entour\u00e9e de mer et de montagnes. La nature se m\u00eale \u00e0 ses pieds pour offrir un large \u00e9ventail de possibilit\u00e9s d'activit\u00e9s quotidiennes. De plus, les villages les plus beaux et les plus pittoresques se trouvent dans les environs.<\/p>\n<p><\/p>\n<p>Si vous \u00eates en ville et que vous avez le temps, n'h\u00e9sitez pas \u00e0 prendre un verre.<strong> route vers Alicante :<\/strong> <strong>Ses plages sont les meilleures de la Communaut\u00e9 valencienne.<\/strong><\/p>\n\t\t\t\t\t\t\t\t<\/div>\n\t\t\t\t<\/div>\n\t\t<div class=\"elementor-element elementor-element-7630be1b e-con-full e-flex e-con e-child\" data-id=\"7630be1b\" data-element_type=\"container\" data-e-type=\"container\">\n\t\t<div class=\"elementor-element elementor-element-73e3c941 e-con-full e-flex e-con e-child\" data-id=\"73e3c941\" data-element_type=\"container\" data-e-type=\"container\">\n\t\t\t\t<div class=\"elementor-element elementor-element-621bb15a elementor-widget elementor-widget-heading\" data-id=\"621bb15a\" data-element_type=\"widget\" data-e-type=\"widget\" data-widget_type=\"heading.default\">\n\t\t\t\t\t<h2 class=\"elementor-heading-title elementor-size-default\">Court s\u00e9jour pr\u00e8s de Valence : D\u00e9nia et J\u00e1vea, les joyaux d'Alicante<\/h2>\t\t\t\t<\/div>\n\t\t\t\t<\/div>\n\t\t<div class=\"elementor-element elementor-element-16e512e1 e-con-full e-flex e-con e-child\" data-id=\"16e512e1\" data-element_type=\"container\" data-e-type=\"container\">\n\t\t\t\t<div class=\"elementor-element elementor-element-1a4f2974 elementor-widget elementor-widget-text-editor\" data-id=\"1a4f2974\" data-element_type=\"widget\" data-e-type=\"widget\" data-widget_type=\"text-editor.default\">\n\t\t\t\t\t\t\t\t\t<p>Sur la c\u00f4te d'Alicante, vous trouverez<strong> de merveilleuses criques, m\u00eal\u00e9es \u00e0 des massifs montagneux pour de grandes randonn\u00e9es<\/strong>.<br \/>\u00c0 une heure de Valence, vous trouverez deux des plus belles villes de la c\u00f4te m\u00e9diterran\u00e9enne : Denia et J\u00e1vea.<\/p>\n<p><!-- \/wp:paragraph --><!-- wp:paragraph --><\/p>\n<p>Nous proposons aujourd'hui une <strong>voie express<\/strong>, pour ceux qui n'ont pas beaucoup de temps, mais aussi extensible : si vous aimez, je resterai plus longtemps !<\/p>\n<p><!-- \/wp:paragraph --><!-- wp:paragraph --><\/p>\n<p>Nous allons vous pr\u00e9senter les lieux incontournables de Denia et de J\u00e0vea et vous expliquer pourquoi nous pensons qu'ils le sont.<strong> le couple id\u00e9al pour une escapade.<\/strong><\/p>\n<p><!-- \/wp:paragraph --><!-- wp:paragraph --><\/p>\t\t\t\t\t\t\t\t<\/div>\n\t\t\t\t<\/div>\n\t\t\t\t<\/div>\n\t\t<div class=\"elementor-element elementor-element-514533a e-con-full e-flex e-con e-child\" data-id=\"514533a\" data-element_type=\"container\" data-e-type=\"container\">\n\t\t<div class=\"elementor-element elementor-element-3086c85 e-con-full e-flex e-con e-child\" data-id=\"3086c85\" data-element_type=\"container\" data-e-type=\"container\">\n\t\t\t\t<div class=\"elementor-element elementor-element-30eddea elementor-widget elementor-widget-heading\" data-id=\"30eddea\" data-element_type=\"widget\" data-e-type=\"widget\" data-widget_type=\"heading.default\">\n\t\t\t\t\t<h2 class=\"elementor-heading-title elementor-size-default\">L'un compl\u00e8te l'autre<\/h2>\t\t\t\t<\/div>\n\t\t\t\t<\/div>\n\t\t<div class=\"elementor-element elementor-element-ed010fd e-con-full e-flex e-con e-child\" data-id=\"ed010fd\" data-element_type=\"container\" data-e-type=\"container\">\n\t\t\t\t<div class=\"elementor-element elementor-element-1a0fbf8 elementor-widget elementor-widget-text-editor\" data-id=\"1a0fbf8\" data-element_type=\"widget\" data-e-type=\"widget\" data-widget_type=\"text-editor.default\">\n\t\t\t\t\t\t\t\t\t<p>Nous aimons dire qu'ils se compl\u00e8tent, car ils s'embo\u00eetent comme les pi\u00e8ces d'un puzzle.<br \/>L'un a le calme, l'autre l'animation, l'un a les criques les plus cach\u00e9es, l'autre a le plus beau port, l'un est plus cher, l'autre est moins cher, et ainsi de suite.<\/p>\t\t\t\t\t\t\t\t<\/div>\n\t\t\t\t<\/div>\n\t\t\t\t<\/div>\n\t\t<div class=\"elementor-element elementor-element-5850d75 e-con-full e-flex e-con e-child\" data-id=\"5850d75\" data-element_type=\"container\" data-e-type=\"container\">\n\t\t<div class=\"elementor-element elementor-element-4579e9e e-con-full e-flex e-con e-child\" data-id=\"4579e9e\" data-element_type=\"container\" data-e-type=\"container\">\n\t\t\t\t<div class=\"elementor-element elementor-element-4d40b4a elementor-widget elementor-widget-heading\" data-id=\"4d40b4a\" data-element_type=\"widget\" data-e-type=\"widget\" data-widget_type=\"heading.default\">\n\t\t\t\t\t<h2 class=\"elementor-heading-title elementor-size-default\">J\u00e0vea, l'Ibiza de la p\u00e9ninsule<\/h2>\t\t\t\t<\/div>\n\t\t\t\t<\/div>\n\t\t<div class=\"elementor-element elementor-element-5d8eaca e-con-full e-flex e-con e-child\" data-id=\"5d8eaca\" data-element_type=\"container\" data-e-type=\"container\">\n\t\t\t\t<div class=\"elementor-element elementor-element-2292aa6 elementor-widget elementor-widget-text-editor\" data-id=\"2292aa6\" data-element_type=\"widget\" data-e-type=\"widget\" data-widget_type=\"text-editor.default\">\n\t\t\t\t\t\t\t\t\t<p>J\u00e0vea poss\u00e8de les plus belles criques d'Ibiza, avec une eau turquoise cristalline et des paysages de r\u00eave. Pour acc\u00e9der aux criques, il faut marcher et emprunter un petit chemin \u00e0 travers les montagnes, car elles sont cach\u00e9es dans les falaises.<\/p>\n<p><!-- \/wp:paragraph --><!-- wp:paragraph --><\/p>\n<p>La promenade est belle, calme, \u00e9l\u00e9gante. La nourriture est bonne, bien qu'elle soit plus ch\u00e8re que celle de la ville voisine de Denia.<\/p>\n<p><!-- \/wp:paragraph --><!-- wp:paragraph --><\/p>\n<p><br \/>Les deux peuples sont divis\u00e9s par la<strong> Montg\u00f3<\/strong>, <strong>l'une des plus hautes montagnes pr\u00e8s de la mer que vous trouverez<\/strong>.<\/p>\n<p><!-- \/wp:paragraph --><\/p>\t\t\t\t\t\t\t\t<\/div>\n\t\t\t\t<\/div>\n\t\t\t\t<\/div>\n\t\t<div class=\"elementor-element elementor-element-c8557a8 e-con-full e-flex e-con e-child\" data-id=\"c8557a8\" data-element_type=\"container\" data-e-type=\"container\">\n\t\t<div class=\"elementor-element elementor-element-33c646a e-con-full e-flex e-con e-child\" data-id=\"33c646a\" data-element_type=\"container\" data-e-type=\"container\">\n\t\t\t\t<div class=\"elementor-element elementor-element-44ad297 elementor-widget elementor-widget-heading\" data-id=\"44ad297\" data-element_type=\"widget\" data-e-type=\"widget\" data-widget_type=\"heading.default\">\n\t\t\t\t\t<h2 class=\"elementor-heading-title elementor-size-default\">Le village des merveilles<\/h2>\t\t\t\t<\/div>\n\t\t\t\t<\/div>\n\t\t<div class=\"elementor-element elementor-element-e3c4bb2 e-con-full e-flex e-con e-child\" data-id=\"e3c4bb2\" data-element_type=\"container\" data-e-type=\"container\">\n\t\t\t\t<div class=\"elementor-element elementor-element-7d2ae7b elementor-widget elementor-widget-text-editor\" data-id=\"7d2ae7b\" data-element_type=\"widget\" data-e-type=\"widget\" data-widget_type=\"text-editor.default\">\n\t\t\t\t\t\t\t\t\t<p>Si vous arrivez \u00e0 la promenade de J\u00e1vea, sur la plage principale \u00bbel Arenal\u00bb et que vous montez un peu vers la montagne, il y a une petite maison cach\u00e9e appel\u00e9e : <strong><a href=\"https:\/\/www.google.es\/maps\/place\/Villa+Dora+(Only+adults)\/@38.7976254,0.1766185,17z\/data=!4m9!3m8!1s0x129e0f26800dcb0b:0x6d288f7cac02aa1b!5m2!4m1!1i2!8m2!3d38.7976212!4d0.1791934!16s%2Fg%2F11rfr7dt37?hl=es&amp;entry=ttu&amp;g_ep=EgoyMDI0MTAxNi4wIKXMDSoASAFQAw%3D%3D\">Villa Dora<\/a><\/strong>Le paradis pour ceux qui recherchent la tranquillit\u00e9 absolue.<\/p>\n<p><!-- \/wp:paragraph --><!-- wp:paragraph --><\/p>\n<p>Il surplombe toute la baie de J\u00e0vea, tout en \u00e9tant entour\u00e9 de pins et situ\u00e9 \u00e0 une hauteur consid\u00e9rable pour s'\u00e9loigner de la foule.<\/p>\n<p><!-- \/wp:paragraph --><!-- wp:paragraph --><\/p>\n<p>Compos\u00e9 de 9 chambres et d\u00e9cor\u00e9 d'objets d'autres \u00e9poques. <strong>vous transporte dans une \u00eele paradisiaque des ann\u00e9es 1960.<\/strong>Vos probl\u00e8mes prennent fin lorsque vous franchissez la porte d'entr\u00e9e. En m\u00eame temps, vous vous sentirez comme chez vous, le traitement est tr\u00e8s proche et la propri\u00e9taire, Heidi, est une personne adorable qui rendra votre s\u00e9jour chaleureux et confortable.<\/p>\n<p><!-- \/wp:paragraph --><!-- wp:paragraph --><\/p>\n<p>\u00c0 l'\u00e9tage, les salons, l'espace d\u00e9tente, la cuisine et la salle \u00e0 manger (le petit d\u00e9jeuner est TOP).<br \/>En bas, piscine et suites avec terrasse priv\u00e9e, spectaculaires.<\/p>\n<p><!-- \/wp:paragraph --><!-- wp:paragraph --><\/p>\n<p>Une fois install\u00e9s dans ce havre de paix pour l'\u00e2me, nous sommes all\u00e9s d\u00e9jeuner \u00e0 Denia.<\/p>\n<p><!-- \/wp:paragraph --><\/p>\t\t\t\t\t\t\t\t<\/div>\n\t\t\t\t<\/div>\n\t\t\t\t<\/div>\n\t\t<div class=\"elementor-element elementor-element-721e087 e-con-full e-flex e-con e-child\" data-id=\"721e087\" data-element_type=\"container\" data-e-type=\"container\">\n\t\t<div class=\"elementor-element elementor-element-79a5827 e-con-full e-flex e-con e-child\" data-id=\"79a5827\" data-element_type=\"container\" data-e-type=\"container\">\n\t\t\t\t<div class=\"elementor-element elementor-element-bf22af6 elementor-widget elementor-widget-heading\" data-id=\"bf22af6\" data-element_type=\"widget\" data-e-type=\"widget\" data-widget_type=\"heading.default\">\n\t\t\t\t\t<h2 class=\"elementor-heading-title elementor-size-default\">D\u00e9jeuner dans le vert des vergers<\/h2>\t\t\t\t<\/div>\n\t\t\t\t<\/div>\n\t\t<div class=\"elementor-element elementor-element-3e38f7f e-con-full e-flex e-con e-child\" data-id=\"3e38f7f\" data-element_type=\"container\" data-e-type=\"container\">\n\t\t\t\t<div class=\"elementor-element elementor-element-3eded97 elementor-widget elementor-widget-text-editor\" data-id=\"3eded97\" data-element_type=\"widget\" data-e-type=\"widget\" data-widget_type=\"text-editor.default\">\n\t\t\t\t\t\t\t\t\t<p>Pour se rendre \u00e0 Denia, il faut prendre la voiture et cela prend environ 15\/20 minutes. C'est une route magnifique car vous devez traverser le Montg\u00f3 et descendre jusqu'\u00e0 la baie, les vues sont incroyables.<br \/>Nous avons d\u00e9cid\u00e9 de nous rendre dans un endroit l\u00e9gendaire pour ses cocas : <strong><a href=\"https:\/\/www.pontsec.com\/\">PontSec<\/a><\/strong>.<\/p>\n<p><!-- \/wp:paragraph --><!-- wp:paragraph --><\/p>\n<p>Il est situ\u00e9 dans les chemins du verger \u00e0 la p\u00e9riph\u00e9rie de Denia, un endroit id\u00e9al pour manger sur la terrasse lors d'une journ\u00e9e ensoleill\u00e9e.<\/p>\n<p><!-- \/wp:paragraph --><!-- wp:paragraph --><\/p>\n<p><strong>Ils sont r\u00e9put\u00e9s pour leur potager et leurs \"cocas\",<\/strong> Chez PontSec, vous obtiendrez presque tout ce que vous commandez, et ce \u00e0 bon prix.<br \/>Le jardin potager se trouve juste \u00e0 c\u00f4t\u00e9 du restaurant, vous pouvez aller y jeter un coup d'\u0153il.<\/p>\n<p><!-- \/wp:paragraph --><!-- wp:paragraph --><\/p>\n<p>Les \"cocas\" sont un m\u00e9lange de tradition et de modernit\u00e9 : les chefs testent constamment leurs farines pour cr\u00e9er des p\u00e2tes toujours meilleures et combinent les cocas avec des ingr\u00e9dients tels que la sardina de bota, un classique, avec d'autres \u00e0 base de sobrassada et de miel ou de fromage de ch\u00e8vre avec des \u00e9pinards et des pignons.<\/p>\n<p><!-- \/wp:paragraph --><!-- wp:paragraph --><\/p>\n<p>Mais aussi, <strong>les plats de riz et les fideu\u00e0s sont scandaleux,<\/strong> et ils ont un gril o\u00f9 ils font cuire toutes sortes de viandes et de poissons.<\/p>\n<p><!-- \/wp:paragraph --><!-- wp:paragraph --><\/p>\n<p>Il s'agit d'un lieu traditionnel, qui utilise des ingr\u00e9dients de qualit\u00e9. <strong>Les recettes de grand-m\u00e8re combin\u00e9es \u00e0 une touche d'avant-garde.<\/strong><\/p>\n<p><!-- \/wp:paragraph --><!-- wp:paragraph --><\/p>\n<p>Le coca est la reine de la maison, et ils les font aussi bien sucr\u00e9s que sal\u00e9s : il faut aussi essayer celui au chocolat, avec du gros sel et de l'huile, une v\u00e9ritable explosion de saveur !<\/p>\n<p><img fetchpriority=\"high\" decoding=\"async\" class=\"aligncenter wp-image-10128\" src=\"https:\/\/upgrade.valenciaandgo.com\/wp-content\/uploads\/2026\/03\/Cocas.webp\" alt=\"\" width=\"500\" height=\"375\" srcset=\"https:\/\/upgrade.valenciaandgo.com\/wp-content\/uploads\/2026\/03\/Cocas.webp 1536w, https:\/\/upgrade.valenciaandgo.com\/wp-content\/uploads\/2026\/03\/Cocas-16x12.webp 16w\" sizes=\"(max-width: 500px) 100vw, 500px\" \/><\/p>\n<p><!-- \/wp:paragraph --><\/p>\t\t\t\t\t\t\t\t<\/div>\n\t\t\t\t<\/div>\n\t\t\t\t<\/div>\n\t\t<div class=\"elementor-element elementor-element-dd9b866 e-con-full e-flex e-con e-child\" data-id=\"dd9b866\" data-element_type=\"container\" data-e-type=\"container\">\n\t\t<div class=\"elementor-element elementor-element-5e1230a e-con-full e-flex e-con e-child\" data-id=\"5e1230a\" data-element_type=\"container\" data-e-type=\"container\">\n\t\t\t\t<div class=\"elementor-element elementor-element-633c2dc elementor-widget elementor-widget-heading\" data-id=\"633c2dc\" data-element_type=\"widget\" data-e-type=\"widget\" data-widget_type=\"heading.default\">\n\t\t\t\t\t<h2 class=\"elementor-heading-title elementor-size-default\">Romantique Denia<\/h2>\t\t\t\t<\/div>\n\t\t\t\t<\/div>\n\t\t<div class=\"elementor-element elementor-element-8799a77 e-con-full e-flex e-con e-child\" data-id=\"8799a77\" data-element_type=\"container\" data-e-type=\"container\">\n\t\t\t\t<div class=\"elementor-element elementor-element-37cc03a elementor-widget elementor-widget-text-editor\" data-id=\"37cc03a\" data-element_type=\"widget\" data-e-type=\"widget\" data-widget_type=\"text-editor.default\">\n\t\t\t\t\t\t\t\t\t<p>Apr\u00e8s un bon repas, il est pr\u00e9f\u00e9rable de l'accompagner d'un digestif ou d'un gin tonic. <strong>promenade du front de mer<\/strong> pour profiter du soleil, se promener et dig\u00e9rer le festin.<\/p>\n<p><!-- \/wp:paragraph --><!-- wp:paragraph --><\/p>\n<p>Le port de Denia est sportif, beau et tranquille. Plein de couleurs, de palmiers et de bars de plage o\u00f9 l'on peut prendre un verre. C'est un plaisir de se promener en contemplant le Montg\u00f3 \u00e0 votre droite, si imposant.<br \/>L'un des sites les plus embl\u00e9matiques est le <a href=\"https:\/\/malavitadenia.com\/\"><strong>Mala Vita<\/strong>:<\/a> d\u00e9cor\u00e9e avec des d\u00e9tails, des lumi\u00e8res, une musique d'ambiance et la mer \u00e0 vos pieds.<\/p>\n<p><!-- \/wp:paragraph --><!-- wp:paragraph --><\/p>\n<p><br \/>Prochaine \u00e9tape : le <strong>la vieille ville. <\/strong>Nous n'en avions pas parl\u00e9, mais elle n'est pas loin derri\u00e8re le port : Denia est une ville tr\u00e8s compl\u00e8te, combinant des lieux plus traditionnels et historiques, avec des zones modernes et une nature sauvage. Une promenade dans la vieille ville \u00e0 la tomb\u00e9e de la nuit est id\u00e9ale.<\/p>\n<p><!-- \/wp:paragraph --><!-- wp:paragraph --><\/p>\n<p>Les petites maisons de la vieille ville sont des maisons color\u00e9es classiques \u00e0 deux \u00e9tages de la r\u00e9gion de Valence, semblables au quartier de Caba\u00f1al \u00e0 Valence.<\/p>\n<p><!-- \/wp:paragraph --><!-- wp:paragraph --><\/p>\n<p>Le quartier regorge de restaurants et de bars et la plupart d'entre eux ne sont pas seulement bons, ils sont TRES BONS !,<strong> La gastronomie est sans doute son point fort :<\/strong> le poisson frais du march\u00e9 aux poissons, les bons plats de riz, les \"cocas\"... rien ne manque.<\/p>\n<p><!-- \/wp:paragraph --><!-- wp:paragraph --><\/p>\n<p>Vous pouvez \u00e9galement visiter <strong>son ch\u00e2teau<\/strong> et d\u00e9ambuler dans les rues \u00e0 la d\u00e9couverte de boutiques hippies, de maisons pittoresques et de bars authentiques.<\/p>\n<p><!-- \/wp:paragraph --><!-- wp:paragraph --><\/p>\n<p><br \/>Enfin, nous passons par <strong>els <a href=\"https:\/\/elsmagazinos.com\/\">Magazins,<\/a><\/strong> Il s'agit d'une zone o\u00f9 l'on trouve des stands de nourriture du monde entier, de la musique, des \u00e9v\u00e9nements... o\u00f9 l'ambiance est tr\u00e8s bonne et o\u00f9 l'on peut encore d\u00e9guster des tapas.<\/p>\n<p><!-- \/wp:paragraph --><!-- wp:paragraph --><\/p>\n<p>En bref, les deux villes offrent suffisamment d'activit\u00e9s de loisirs pour un jour, deux, trois et une semaine si vous le souhaitez. Voici l'essentiel au cas o\u00f9 vous d\u00e9cideriez de rester plus longtemps :<\/p>\n<p><!-- \/wp:paragraph --><!-- wp:paragraph --><\/p>\n<p>AHHH et n'oubliez pas de faire un parcours \u00e0 travers les <strong>Parc naturel du Montg\u00f3.<\/strong><\/p>\n<p><!-- \/wp:paragraph --><!-- wp:paragraph --><\/p>\n<p>Vous ne pouvez pas manquer <strong>J\u00e1vea...<\/strong><\/p>\n<p><!-- \/wp:paragraph --><!-- wp:paragraph --><\/p>\n<p>-Cala Granadella<br \/>-Cala Tang\u00f3<br \/>-Cala Ambolo<br \/>-La crique de Portitxol<br \/>-Cala Blanca<br \/>-Cala Moraig<br \/>-Llebeig Cove et la route des falaises<\/p>\n<p><!-- \/wp:paragraph --><!-- wp:paragraph --><\/p>\n<p>Vous ne pouvez pas manquer<strong> Denia...<\/strong><\/p>\n<p><!-- \/wp:paragraph --><!-- wp:list --><\/p>\n<ul class=\"wp-block-list\"><!-- wp:list-item -->\n<li><a href=\"https:\/\/www.facebook.com\/Helios.Denia\/\">HELIOS bar Denia<\/a> (coucher de soleil comme vous ne l'avez jamais vu)<\/li>\n<!-- \/wp:list-item --><!-- wp:list-item -->\n<li><a href=\"https:\/\/cndenia.es\/\">Club de voile de Denia <\/a>(qualit\u00e9 supr\u00eame des plats \u00e0 base de riz)<\/li>\n<!-- \/wp:list-item --><!-- wp:list-item -->\n<li><a href=\"https:\/\/www.facebook.com\/chiringuitoclubnauticodenia\">Bar de la plage du Denia Yacht Club<\/a> (poisson grill\u00e9, \u00e0 c\u00f4t\u00e9 du port, \u00e0 un bon prix)<\/li>\n<!-- \/wp:list-item --><!-- wp:list-item -->\n<li><a href=\"https:\/\/nyascoca.com\/\">NyasCoca !<\/a>, appartiennent \u00e0 PontSec<\/li>\n<!-- \/wp:list-item --><!-- wp:list-item -->\n<li><a href=\"https:\/\/calapepateresa.com\/\">Ca Pepa Teresa<\/a> (menus traditionnels, qualit\u00e9 r\u00e9elle)<\/li>\n<!-- \/wp:list-item --><!-- wp:list-item -->\n<li><a href=\"https:\/\/www.google.es\/search?q=restaurante%20el%20pegoli&amp;sxsrf=ALiCzsbTelDw3Nihd3xv9fn2CxqT1IRj_w:1651827327138&amp;ei=ZOJ0Yq-DKYK-kwWH3anYBg&amp;ved=2ahUKEwjtpsGowMr3AhWC5KQKHQ34CdwQvS56BAgLEAE&amp;uact=5&amp;oq=restaurante+el+pegoli&amp;gs_lcp=Cgdnd3Mtd2l6EAMyBQgAEMsBMgsILhDHARCvARDLATIFCAAQywEyBQgAEMsBMgYIABAWEB4yBggAEBYQHjIGCAAQFhAeMgYIABAWEB4yBggAEBYQHjIGCAAQFhAeOgcIABBHELADOgQIIxAnOgUIABCRAjoECAAQQzoOCC4QgAQQxwEQ0QMQ1AI6BQgAEIAEOgUILhCABDoLCC4QgAQQxwEQ0QM6BwgAEMkDEEM6BQgAEJIDOggIABDJAxCRAjoKCC4QxwEQrwEQJzoKCAAQyQMQQxCLAzoICAAQywEQiwM6BwgAEEMQiwNKBAhBGABKBAhGGABQ5wJY0RZgxBhoAXABeACAAbgFiAHIG5IBCzAuMy4yLjMuMi4xmAEAoAEByAEIuAECwAEB&amp;sclient=gws-wiz&amp;tbs=lf:1,lf_ui:9&amp;tbm=lcl&amp;rflfq=1&amp;num=10&amp;rldimm=1985525961344786143&amp;lqi=ChVyZXN0YXVyYW50ZSBlbCBwZWdvbGlIz4qi1OWAgIAIWicQABABEAIYABgBGAIiFXJlc3RhdXJhbnRlIGVsIHBlZ29saTICZXOSARhtZWRpdGVycmFuZWFuX3Jlc3RhdXJhbnQ&amp;phdesc=AESV29OSdPU&amp;sa=X&amp;rlst=f\">Restaurant El Pegol\u00ed<\/a><\/li>\n<!-- \/wp:list-item --><!-- wp:list-item -->\n<li><a href=\"https:\/\/www.quiquedacosta.es\/\">Restaurant Quique Dacosta<\/a>, l'un des meilleurs chefs d'Espagne<\/li>\n<!-- \/wp:list-item --><!-- wp:list-item -->\n<li>Plage de Las Marinas<\/li>\n<!-- \/wp:list-item --><!-- wp:list-item -->\n<li>Ch\u00e2teau de Denia<\/li>\n<!-- \/wp:list-item --><!-- wp:list-item -->\n<li>La Cova Tallada<\/li>\n<!-- \/wp:list-item --><!-- wp:list-item -->\n<li>Tour Gerro<\/li>\n<!-- \/wp:list-item --><\/ul>\n<p><img decoding=\"async\" class=\"aligncenter wp-image-10129\" src=\"https:\/\/upgrade.valenciaandgo.com\/wp-content\/uploads\/2026\/03\/Puerto-de-denia.webp\" alt=\"\" width=\"400\" height=\"533\" srcset=\"https:\/\/upgrade.valenciaandgo.com\/wp-content\/uploads\/2026\/03\/Puerto-de-denia.webp 768w, https:\/\/upgrade.valenciaandgo.com\/wp-content\/uploads\/2026\/03\/Puerto-de-denia-9x12.webp 9w\" sizes=\"(max-width: 400px) 100vw, 400px\" \/><\/p>\n<p><!-- \/wp:list --><!-- wp:heading --><\/p>\t\t\t\t\t\t\t\t<\/div>\n\t\t\t\t<\/div>\n\t\t\t\t<\/div>\n\t\t<div class=\"elementor-element elementor-element-071af75 e-con-full e-flex e-con e-child\" data-id=\"071af75\" data-element_type=\"container\" data-e-type=\"container\">\n\t\t<div class=\"elementor-element elementor-element-9b4ca60 e-con-full e-flex e-con e-child\" data-id=\"9b4ca60\" data-element_type=\"container\" data-e-type=\"container\">\n\t\t\t\t<div class=\"elementor-element elementor-element-3f7ce34 elementor-widget elementor-widget-heading\" data-id=\"3f7ce34\" data-element_type=\"widget\" data-e-type=\"widget\" data-widget_type=\"heading.default\">\n\t\t\t\t\t<h2 class=\"elementor-heading-title elementor-size-default\">Galerie photos, 24h entre D\u00e9nia et J\u00e0vea : gastronomie, mer M\u00e9diterran\u00e9e, paix et beaucoup d'amour.<\/h2>\t\t\t\t<\/div>\n\t\t\t\t<\/div>\n\t\t<div class=\"elementor-element elementor-element-4eb4203 e-con-full e-flex e-con e-child\" data-id=\"4eb4203\" data-element_type=\"container\" data-e-type=\"container\">\n\t\t\t\t<div class=\"elementor-element elementor-element-6a70f33 elementor-widget elementor-widget-image\" data-id=\"6a70f33\" data-element_type=\"widget\" data-e-type=\"widget\" data-widget_type=\"image.default\">\n\t\t\t\t\t\t\t\t\t\t\t\t\t\t\t<img decoding=\"async\" src=\"https:\/\/upgrade.valenciaandgo.com\/wp-content\/uploads\/elementor\/thumbs\/puerto-deportivo-Denia-rkliwa9sptek51hlzh16a5yos22rbt1fkmhqhs7b12.webp\" title=\"Port de plaisance de D\u00e9nia\" alt=\"Port de plaisance de D\u00e9nia\" loading=\"lazy\" \/>\t\t\t\t\t\t\t\t\t\t\t\t\t\t\t<\/div>\n\t\t\t\t<\/div>\n\t\t<div class=\"elementor-element elementor-element-52b5a1e e-con-full e-flex e-con e-child\" data-id=\"52b5a1e\" data-element_type=\"container\" data-e-type=\"container\">\n\t\t\t\t<div class=\"elementor-element elementor-element-dcec903 elementor-widget elementor-widget-image\" data-id=\"dcec903\" data-element_type=\"widget\" data-e-type=\"widget\" data-widget_type=\"image.default\">\n\t\t\t\t\t\t\t\t\t\t\t\t\t\t\t<img decoding=\"async\" src=\"https:\/\/upgrade.valenciaandgo.com\/wp-content\/uploads\/elementor\/thumbs\/Gin-tonic-Mala-Vita-rkliwq91y00fmeuee5xtyjxivlvzynsvatkznhjm3a.webp\" title=\"Gin et tonic Mala Vita\" alt=\"Gin et tonic Mala Vita\" loading=\"lazy\" \/>\t\t\t\t\t\t\t\t\t\t\t\t\t\t\t<\/div>\n\t\t\t\t<\/div>\n\t\t\t\t<\/div>\n\t\t\t\t\t<\/div>\n\t\t\t\t<\/div>\n\t\t\t\t<\/div>","protected":false},"excerpt":{"rendered":"<p>Valencia est\u00e1 rodeada de mar y monta\u00f1a. La naturaleza se funde a sus pies para ofrecer una gran abanico de posibilidades que hacer cada d\u00eda. Y no s\u00f3lo eso, los pueblos m\u00e1s bonitos y pintorescos los encontrar\u00e1s en sus alrededores. Si est\u00e1s en la ciudad, y tienes tiempo, no dudes en hacerte una ruta hasta [&hellip;]<\/p>\n","protected":false},"author":1,"featured_media":711,"comment_status":"closed","ping_status":"closed","sticky":false,"template":"","format":"standard","meta":{"_acf_changed":false,"footnotes":""},"categories":[41],"tags":[25,36,51,52],"class_list":["post-471","post","type-post","status-publish","format-standard","has-post-thumbnail","hentry","category-que-ver","tag-alicante","tag-gastronomia","tag-playa","tag-pueblos-valencia"],"acf":[],"yoast_head":"<!-- This site is optimized with the Yoast SEO plugin v27.5 - https:\/\/yoast.com\/product\/yoast-seo-wordpress\/ -->\n<title>24 horas entre los pueblos m\u00e1s bellos: D\u00e9nia y J\u00e1vea - Valencia&amp;Go<\/title>\n<meta name=\"description\" content=\"\u00bfQuieres hacer una escapada cerca de Valencia? Te presentamos las aut\u00e9nticas joyas del mediterr\u00e1neo: D\u00e9nia y J\u00e0vea.\" \/>\n<meta name=\"robots\" content=\"noindex, follow, max-snippet:-1, max-image-preview:large, max-video-preview:-1\" \/>\n<meta property=\"og:locale\" content=\"fr_FR\" \/>\n<meta property=\"og:type\" content=\"article\" \/>\n<meta property=\"og:title\" content=\"24 horas entre los pueblos m\u00e1s bellos: D\u00e9nia y J\u00e1vea - Valencia&amp;Go\" \/>\n<meta property=\"og:description\" content=\"\u00bfQuieres hacer una escapada cerca de Valencia? Te presentamos las aut\u00e9nticas joyas del mediterr\u00e1neo: D\u00e9nia y J\u00e0vea.\" \/>\n<meta property=\"og:url\" content=\"https:\/\/upgrade.valenciaandgo.com\/fr\/denia-et-javea\/\" \/>\n<meta property=\"og:site_name\" content=\"Valencia&amp;Go\" \/>\n<meta property=\"article:publisher\" content=\"https:\/\/www.facebook.com\/valenciaandgo\/\" \/>\n<meta property=\"article:published_time\" content=\"2022-05-05T14:24:00+00:00\" \/>\n<meta property=\"article:modified_time\" content=\"2026-03-16T14:46:11+00:00\" \/>\n<meta property=\"og:image\" content=\"https:\/\/upgrade.valenciaandgo.com\/wp-content\/uploads\/2025\/11\/img-blog-24-horas-denia-javea.webp\" \/>\n\t<meta property=\"og:image:width\" content=\"1170\" \/>\n\t<meta property=\"og:image:height\" content=\"783\" \/>\n\t<meta property=\"og:image:type\" content=\"image\/webp\" \/>\n<meta name=\"author\" content=\"Valencia &amp; Go\" \/>\n<meta name=\"twitter:card\" content=\"summary_large_image\" \/>\n<meta name=\"twitter:label1\" content=\"\u00c9crit par\" \/>\n\t<meta name=\"twitter:data1\" content=\"Valencia &amp; Go\" \/>\n\t<meta name=\"twitter:label2\" content=\"Dur\u00e9e de lecture estim\u00e9e\" \/>\n\t<meta name=\"twitter:data2\" content=\"6 minutes\" \/>\n<script type=\"application\/ld+json\" class=\"yoast-schema-graph\">{\"@context\":\"https:\\\/\\\/schema.org\",\"@graph\":[{\"@type\":\"Article\",\"@id\":\"https:\\\/\\\/upgrade.valenciaandgo.com\\\/denia-y-javea\\\/#article\",\"isPartOf\":{\"@id\":\"https:\\\/\\\/upgrade.valenciaandgo.com\\\/denia-y-javea\\\/\"},\"author\":{\"name\":\"Valencia &amp; Go\",\"@id\":\"https:\\\/\\\/upgrade.valenciaandgo.com\\\/it\\\/#\\\/schema\\\/person\\\/ca673553802eb937b57af07a6ce74908\"},\"headline\":\"24 horas entre los pueblos m\u00e1s bellos: D\u00e9nia y J\u00e1vea\",\"datePublished\":\"2022-05-05T14:24:00+00:00\",\"dateModified\":\"2026-03-16T14:46:11+00:00\",\"mainEntityOfPage\":{\"@id\":\"https:\\\/\\\/upgrade.valenciaandgo.com\\\/denia-y-javea\\\/\"},\"wordCount\":1255,\"publisher\":{\"@id\":\"https:\\\/\\\/upgrade.valenciaandgo.com\\\/it\\\/#organization\"},\"image\":{\"@id\":\"https:\\\/\\\/upgrade.valenciaandgo.com\\\/denia-y-javea\\\/#primaryimage\"},\"thumbnailUrl\":\"https:\\\/\\\/upgrade.valenciaandgo.com\\\/wp-content\\\/uploads\\\/2025\\\/11\\\/img-blog-24-horas-denia-javea.webp\",\"keywords\":[\"Alicante\",\"gastronomia\",\"playa\",\"pueblos Valencia\"],\"articleSection\":[\"Qu\u00e9 ver\"],\"inLanguage\":\"fr-FR\"},{\"@type\":\"WebPage\",\"@id\":\"https:\\\/\\\/upgrade.valenciaandgo.com\\\/denia-y-javea\\\/\",\"url\":\"https:\\\/\\\/upgrade.valenciaandgo.com\\\/denia-y-javea\\\/\",\"name\":\"24 horas entre los pueblos m\u00e1s bellos: D\u00e9nia y J\u00e1vea - Valencia&amp;Go\",\"isPartOf\":{\"@id\":\"https:\\\/\\\/upgrade.valenciaandgo.com\\\/it\\\/#website\"},\"primaryImageOfPage\":{\"@id\":\"https:\\\/\\\/upgrade.valenciaandgo.com\\\/denia-y-javea\\\/#primaryimage\"},\"image\":{\"@id\":\"https:\\\/\\\/upgrade.valenciaandgo.com\\\/denia-y-javea\\\/#primaryimage\"},\"thumbnailUrl\":\"https:\\\/\\\/upgrade.valenciaandgo.com\\\/wp-content\\\/uploads\\\/2025\\\/11\\\/img-blog-24-horas-denia-javea.webp\",\"datePublished\":\"2022-05-05T14:24:00+00:00\",\"dateModified\":\"2026-03-16T14:46:11+00:00\",\"description\":\"\u00bfQuieres hacer una escapada cerca de Valencia? Te presentamos las aut\u00e9nticas joyas del mediterr\u00e1neo: D\u00e9nia y J\u00e0vea.\",\"breadcrumb\":{\"@id\":\"https:\\\/\\\/upgrade.valenciaandgo.com\\\/denia-y-javea\\\/#breadcrumb\"},\"inLanguage\":\"fr-FR\",\"potentialAction\":[{\"@type\":\"ReadAction\",\"target\":[\"https:\\\/\\\/upgrade.valenciaandgo.com\\\/denia-y-javea\\\/\"]}]},{\"@type\":\"ImageObject\",\"inLanguage\":\"fr-FR\",\"@id\":\"https:\\\/\\\/upgrade.valenciaandgo.com\\\/denia-y-javea\\\/#primaryimage\",\"url\":\"https:\\\/\\\/upgrade.valenciaandgo.com\\\/wp-content\\\/uploads\\\/2025\\\/11\\\/img-blog-24-horas-denia-javea.webp\",\"contentUrl\":\"https:\\\/\\\/upgrade.valenciaandgo.com\\\/wp-content\\\/uploads\\\/2025\\\/11\\\/img-blog-24-horas-denia-javea.webp\",\"width\":1170,\"height\":783},{\"@type\":\"BreadcrumbList\",\"@id\":\"https:\\\/\\\/upgrade.valenciaandgo.com\\\/denia-y-javea\\\/#breadcrumb\",\"itemListElement\":[{\"@type\":\"ListItem\",\"position\":1,\"name\":\"Portada\",\"item\":\"https:\\\/\\\/upgrade.valenciaandgo.com\\\/\"},{\"@type\":\"ListItem\",\"position\":2,\"name\":\"24 horas entre los pueblos m\u00e1s bellos: D\u00e9nia y J\u00e1vea\"}]},{\"@type\":\"WebSite\",\"@id\":\"https:\\\/\\\/upgrade.valenciaandgo.com\\\/it\\\/#website\",\"url\":\"https:\\\/\\\/upgrade.valenciaandgo.com\\\/it\\\/\",\"name\":\"Valencia&Go\",\"description\":\"Tours por Valencia y alrededores de ciudad.\",\"publisher\":{\"@id\":\"https:\\\/\\\/upgrade.valenciaandgo.com\\\/it\\\/#organization\"},\"potentialAction\":[{\"@type\":\"SearchAction\",\"target\":{\"@type\":\"EntryPoint\",\"urlTemplate\":\"https:\\\/\\\/upgrade.valenciaandgo.com\\\/it\\\/?s={search_term_string}\"},\"query-input\":{\"@type\":\"PropertyValueSpecification\",\"valueRequired\":true,\"valueName\":\"search_term_string\"}}],\"inLanguage\":\"fr-FR\"},{\"@type\":\"Organization\",\"@id\":\"https:\\\/\\\/upgrade.valenciaandgo.com\\\/it\\\/#organization\",\"name\":\"Valencia&Go\",\"url\":\"https:\\\/\\\/upgrade.valenciaandgo.com\\\/it\\\/\",\"logo\":{\"@type\":\"ImageObject\",\"inLanguage\":\"fr-FR\",\"@id\":\"https:\\\/\\\/upgrade.valenciaandgo.com\\\/it\\\/#\\\/schema\\\/logo\\\/image\\\/\",\"url\":\"https:\\\/\\\/upgrade.valenciaandgo.com\\\/wp-content\\\/uploads\\\/2025\\\/10\\\/valencia_go-svg-blnc-iso-naranja.svg\",\"contentUrl\":\"https:\\\/\\\/upgrade.valenciaandgo.com\\\/wp-content\\\/uploads\\\/2025\\\/10\\\/valencia_go-svg-blnc-iso-naranja.svg\",\"width\":434,\"height\":102,\"caption\":\"Valencia&Go\"},\"image\":{\"@id\":\"https:\\\/\\\/upgrade.valenciaandgo.com\\\/it\\\/#\\\/schema\\\/logo\\\/image\\\/\"},\"sameAs\":[\"https:\\\/\\\/www.facebook.com\\\/valenciaandgo\\\/\",\"https:\\\/\\\/www.instagram.com\\\/valenciaandgo\",\"https:\\\/\\\/www.linkedin.com\\\/company\\\/valencia-go\\\/\",\"https:\\\/\\\/www.tiktok.com\\\/@valenciaandgo\"]},{\"@type\":\"Person\",\"@id\":\"https:\\\/\\\/upgrade.valenciaandgo.com\\\/it\\\/#\\\/schema\\\/person\\\/ca673553802eb937b57af07a6ce74908\",\"name\":\"Valencia &amp; Go\",\"sameAs\":[\"https:\\\/\\\/valenciaandgo.com\"],\"url\":\"https:\\\/\\\/upgrade.valenciaandgo.com\\\/fr\\\/author\\\/valencia\\\/\"}]}<\/script>\n<!-- \/ Yoast SEO plugin. -->","yoast_head_json":{"title":"24 heures entre les plus belles villes : D\u00e9nia et J\u00e1vea - Valencia&amp;Go","description":"Vous souhaitez faire une escapade pr\u00e8s de Valence ? Nous vous pr\u00e9sentons les v\u00e9ritables joyaux de la M\u00e9diterran\u00e9e : D\u00e9nia et J\u00e0vea.","robots":{"index":"noindex","follow":"follow","max-snippet":"max-snippet:-1","max-image-preview":"max-image-preview:large","max-video-preview":"max-video-preview:-1"},"og_locale":"fr_FR","og_type":"article","og_title":"24 horas entre los pueblos m\u00e1s bellos: D\u00e9nia y J\u00e1vea - Valencia&amp;Go","og_description":"\u00bfQuieres hacer una escapada cerca de Valencia? Te presentamos las aut\u00e9nticas joyas del mediterr\u00e1neo: D\u00e9nia y J\u00e0vea.","og_url":"https:\/\/upgrade.valenciaandgo.com\/fr\/denia-et-javea\/","og_site_name":"Valencia&amp;Go","article_publisher":"https:\/\/www.facebook.com\/valenciaandgo\/","article_published_time":"2022-05-05T14:24:00+00:00","article_modified_time":"2026-03-16T14:46:11+00:00","og_image":[{"width":1170,"height":783,"url":"https:\/\/upgrade.valenciaandgo.com\/wp-content\/uploads\/2025\/11\/img-blog-24-horas-denia-javea.webp","type":"image\/webp"}],"author":"Valencia &amp; Go","twitter_card":"summary_large_image","twitter_misc":{"\u00c9crit par":"Valencia &amp; Go","Dur\u00e9e de lecture estim\u00e9e":"6 minutes"},"schema":{"@context":"https:\/\/schema.org","@graph":[{"@type":"Article","@id":"https:\/\/upgrade.valenciaandgo.com\/denia-y-javea\/#article","isPartOf":{"@id":"https:\/\/upgrade.valenciaandgo.com\/denia-y-javea\/"},"author":{"name":"Valencia &amp; Go","@id":"https:\/\/upgrade.valenciaandgo.com\/it\/#\/schema\/person\/ca673553802eb937b57af07a6ce74908"},"headline":"24 horas entre los pueblos m\u00e1s bellos: D\u00e9nia y J\u00e1vea","datePublished":"2022-05-05T14:24:00+00:00","dateModified":"2026-03-16T14:46:11+00:00","mainEntityOfPage":{"@id":"https:\/\/upgrade.valenciaandgo.com\/denia-y-javea\/"},"wordCount":1255,"publisher":{"@id":"https:\/\/upgrade.valenciaandgo.com\/it\/#organization"},"image":{"@id":"https:\/\/upgrade.valenciaandgo.com\/denia-y-javea\/#primaryimage"},"thumbnailUrl":"https:\/\/upgrade.valenciaandgo.com\/wp-content\/uploads\/2025\/11\/img-blog-24-horas-denia-javea.webp","keywords":["Alicante","gastronomia","playa","pueblos Valencia"],"articleSection":["Qu\u00e9 ver"],"inLanguage":"fr-FR"},{"@type":"WebPage","@id":"https:\/\/upgrade.valenciaandgo.com\/denia-y-javea\/","url":"https:\/\/upgrade.valenciaandgo.com\/denia-y-javea\/","name":"24 heures entre les plus belles villes : D\u00e9nia et J\u00e1vea - Valencia&amp;Go","isPartOf":{"@id":"https:\/\/upgrade.valenciaandgo.com\/it\/#website"},"primaryImageOfPage":{"@id":"https:\/\/upgrade.valenciaandgo.com\/denia-y-javea\/#primaryimage"},"image":{"@id":"https:\/\/upgrade.valenciaandgo.com\/denia-y-javea\/#primaryimage"},"thumbnailUrl":"https:\/\/upgrade.valenciaandgo.com\/wp-content\/uploads\/2025\/11\/img-blog-24-horas-denia-javea.webp","datePublished":"2022-05-05T14:24:00+00:00","dateModified":"2026-03-16T14:46:11+00:00","description":"Vous souhaitez faire une escapade pr\u00e8s de Valence ? Nous vous pr\u00e9sentons les v\u00e9ritables joyaux de la M\u00e9diterran\u00e9e : D\u00e9nia et J\u00e0vea.","breadcrumb":{"@id":"https:\/\/upgrade.valenciaandgo.com\/denia-y-javea\/#breadcrumb"},"inLanguage":"fr-FR","potentialAction":[{"@type":"ReadAction","target":["https:\/\/upgrade.valenciaandgo.com\/denia-y-javea\/"]}]},{"@type":"ImageObject","inLanguage":"fr-FR","@id":"https:\/\/upgrade.valenciaandgo.com\/denia-y-javea\/#primaryimage","url":"https:\/\/upgrade.valenciaandgo.com\/wp-content\/uploads\/2025\/11\/img-blog-24-horas-denia-javea.webp","contentUrl":"https:\/\/upgrade.valenciaandgo.com\/wp-content\/uploads\/2025\/11\/img-blog-24-horas-denia-javea.webp","width":1170,"height":783},{"@type":"BreadcrumbList","@id":"https:\/\/upgrade.valenciaandgo.com\/denia-y-javea\/#breadcrumb","itemListElement":[{"@type":"ListItem","position":1,"name":"Portada","item":"https:\/\/upgrade.valenciaandgo.com\/"},{"@type":"ListItem","position":2,"name":"24 horas entre los pueblos m\u00e1s bellos: D\u00e9nia y J\u00e1vea"}]},{"@type":"WebSite","@id":"https:\/\/upgrade.valenciaandgo.com\/it\/#website","url":"https:\/\/upgrade.valenciaandgo.com\/it\/","name":"Valencia&amp;Go","description":"Visites de Valence et de ses environs.","publisher":{"@id":"https:\/\/upgrade.valenciaandgo.com\/it\/#organization"},"potentialAction":[{"@type":"SearchAction","target":{"@type":"EntryPoint","urlTemplate":"https:\/\/upgrade.valenciaandgo.com\/it\/?s={search_term_string}"},"query-input":{"@type":"PropertyValueSpecification","valueRequired":true,"valueName":"search_term_string"}}],"inLanguage":"fr-FR"},{"@type":"Organization","@id":"https:\/\/upgrade.valenciaandgo.com\/it\/#organization","name":"Valencia&amp;Go","url":"https:\/\/upgrade.valenciaandgo.com\/it\/","logo":{"@type":"ImageObject","inLanguage":"fr-FR","@id":"https:\/\/upgrade.valenciaandgo.com\/it\/#\/schema\/logo\/image\/","url":"https:\/\/upgrade.valenciaandgo.com\/wp-content\/uploads\/2025\/10\/valencia_go-svg-blnc-iso-naranja.svg","contentUrl":"https:\/\/upgrade.valenciaandgo.com\/wp-content\/uploads\/2025\/10\/valencia_go-svg-blnc-iso-naranja.svg","width":434,"height":102,"caption":"Valencia&Go"},"image":{"@id":"https:\/\/upgrade.valenciaandgo.com\/it\/#\/schema\/logo\/image\/"},"sameAs":["https:\/\/www.facebook.com\/valenciaandgo\/","https:\/\/www.instagram.com\/valenciaandgo","https:\/\/www.linkedin.com\/company\/valencia-go\/","https:\/\/www.tiktok.com\/@valenciaandgo"]},{"@type":"Person","@id":"https:\/\/upgrade.valenciaandgo.com\/it\/#\/schema\/person\/ca673553802eb937b57af07a6ce74908","name":"Valence &amp; Go","sameAs":["https:\/\/valenciaandgo.com"],"url":"https:\/\/upgrade.valenciaandgo.com\/fr\/author\/valencia\/"}]}},"_links":{"self":[{"href":"https:\/\/upgrade.valenciaandgo.com\/fr\/wp-json\/wp\/v2\/posts\/471","targetHints":{"allow":["GET"]}}],"collection":[{"href":"https:\/\/upgrade.valenciaandgo.com\/fr\/wp-json\/wp\/v2\/posts"}],"about":[{"href":"https:\/\/upgrade.valenciaandgo.com\/fr\/wp-json\/wp\/v2\/types\/post"}],"author":[{"embeddable":true,"href":"https:\/\/upgrade.valenciaandgo.com\/fr\/wp-json\/wp\/v2\/users\/1"}],"replies":[{"embeddable":true,"href":"https:\/\/upgrade.valenciaandgo.com\/fr\/wp-json\/wp\/v2\/comments?post=471"}],"version-history":[{"count":0,"href":"https:\/\/upgrade.valenciaandgo.com\/fr\/wp-json\/wp\/v2\/posts\/471\/revisions"}],"wp:featuredmedia":[{"embeddable":true,"href":"https:\/\/upgrade.valenciaandgo.com\/fr\/wp-json\/wp\/v2\/media\/711"}],"wp:attachment":[{"href":"https:\/\/upgrade.valenciaandgo.com\/fr\/wp-json\/wp\/v2\/media?parent=471"}],"wp:term":[{"taxonomy":"category","embeddable":true,"href":"https:\/\/upgrade.valenciaandgo.com\/fr\/wp-json\/wp\/v2\/categories?post=471"},{"taxonomy":"post_tag","embeddable":true,"href":"https:\/\/upgrade.valenciaandgo.com\/fr\/wp-json\/wp\/v2\/tags?post=471"}],"curies":[{"name":"wp","href":"https:\/\/api.w.org\/{rel}","templated":true}]}}