{"id":469,"date":"2022-04-14T14:20:00","date_gmt":"2022-04-14T14:20:00","guid":{"rendered":"https:\/\/new.valenciaandgo.com\/?p=469"},"modified":"2026-03-16T15:39:58","modified_gmt":"2026-03-16T15:39:58","slug":"11-semana-santa-valencia-plats","status":"publish","type":"post","link":"https:\/\/upgrade.valenciaandgo.com\/fr\/11-platos-semana-santa-valencia\/","title":{"rendered":"11 plats typiques de Valence \u00e0 P\u00e2ques"},"content":{"rendered":"<div data-elementor-type=\"wp-post\" data-elementor-id=\"469\" class=\"elementor elementor-469\" data-elementor-post-type=\"post\">\n\t\t\t\t<div class=\"elementor-element elementor-element-62934c2c e-flex e-con-boxed e-con e-parent\" data-id=\"62934c2c\" data-element_type=\"container\" data-e-type=\"container\">\n\t\t\t\t\t<div class=\"e-con-inner\">\n\t\t<div class=\"elementor-element elementor-element-5200c8ea e-con-full e-flex e-con e-child\" data-id=\"5200c8ea\" data-element_type=\"container\" data-e-type=\"container\">\n\t\t\t\t<div class=\"elementor-element elementor-element-43f66b15 elementor-widget elementor-widget-text-editor\" data-id=\"43f66b15\" data-element_type=\"widget\" data-e-type=\"widget\" data-widget_type=\"text-editor.default\">\n\t\t\t\t\t\t\t\t\t\n<p>La semaine de P\u00e2ques \u00e0 Valence est diff\u00e9rente de toutes les autres : elle se vit dans les quartiers de p\u00eacheurs par excellence, \u00e0 El Cabanyal et Poblados Mar\u00edtimos.<br \/>Et le fait est qu'il s'appelle <strong>\u00bbla semaine sainte des marins\u00bb.\u00bb<\/strong>D\u00e9clar\u00e9e F\u00eate d'int\u00e9r\u00eat touristique national, elle accueille quelque 80 d\u00e9fil\u00e9s qui se d\u00e9roulent entre le vendredi 8 avril et le dimanche 17 avril.<\/p>\n<p>Et bien s\u00fbr, la gastronomie de ces dates est li\u00e9e au poisson.<\/p>\n<p><\/p>\n\t\t\t\t\t\t\t\t<\/div>\n\t\t\t\t<\/div>\n\t\t<div class=\"elementor-element elementor-element-43473b6f e-con-full e-flex e-con e-child\" data-id=\"43473b6f\" data-element_type=\"container\" data-e-type=\"container\">\n\t\t<div class=\"elementor-element elementor-element-334ec68 e-con-full e-flex e-con e-child\" data-id=\"334ec68\" data-element_type=\"container\" data-e-type=\"container\">\n\t\t\t\t<div class=\"elementor-element elementor-element-317a3598 elementor-widget elementor-widget-heading\" data-id=\"317a3598\" data-element_type=\"widget\" data-e-type=\"widget\" data-widget_type=\"heading.default\">\n\t\t\t\t\t<h2 class=\"elementor-heading-title elementor-size-default\">Les pepitos<\/h2>\t\t\t\t<\/div>\n\t\t\t\t<\/div>\n\t\t<div class=\"elementor-element elementor-element-360b583a e-con-full e-flex e-con e-child\" data-id=\"360b583a\" data-element_type=\"container\" data-e-type=\"container\">\n\t\t\t\t<div class=\"elementor-element elementor-element-7bd5bcff elementor-widget elementor-widget-text-editor\" data-id=\"7bd5bcff\" data-element_type=\"widget\" data-e-type=\"widget\" data-widget_type=\"text-editor.default\">\n\t\t\t\t\t\t\t\t\t<p>Une tapa peu connue, nutritive et originale de Valence.<br \/>Il s'agit d'un petit pain au lait dont on retire les miettes et que l'on remplit de titaina (un autre plat typique).<br \/>Une fois remplis, ils sont recouverts d'un cure-dent afin que la garniture ne s'\u00e9coule pas, tremp\u00e9s dans du lait, tremp\u00e9s dans un \u0153uf et frits.<\/p>\n<p><img fetchpriority=\"high\" decoding=\"async\" class=\"aligncenter wp-image-10142 size-full\" src=\"https:\/\/upgrade.valenciaandgo.com\/wp-content\/uploads\/2026\/03\/Pepito.webp\" alt=\"\" width=\"300\" height=\"214\" srcset=\"https:\/\/upgrade.valenciaandgo.com\/wp-content\/uploads\/2026\/03\/Pepito.webp 300w, https:\/\/upgrade.valenciaandgo.com\/wp-content\/uploads\/2026\/03\/Pepito-18x12.webp 18w\" sizes=\"(max-width: 300px) 100vw, 300px\" \/><\/p>\n<p style=\"text-align: center;\"><em>Pepitos, guide de l'h\u00e9doniste<\/em><\/p>\t\t\t\t\t\t\t\t<\/div>\n\t\t\t\t<\/div>\n\t\t\t\t<\/div>\n\t\t<div class=\"elementor-element elementor-element-7d002c2 e-con-full e-flex e-con e-child\" data-id=\"7d002c2\" data-element_type=\"container\" data-e-type=\"container\">\n\t\t<div class=\"elementor-element elementor-element-b80be53 e-con-full e-flex e-con e-child\" data-id=\"b80be53\" data-element_type=\"container\" data-e-type=\"container\">\n\t\t\t\t<div class=\"elementor-element elementor-element-a4dfc8c elementor-widget elementor-widget-heading\" data-id=\"a4dfc8c\" data-element_type=\"widget\" data-e-type=\"widget\" data-widget_type=\"heading.default\">\n\t\t\t\t\t<h2 class=\"elementor-heading-title elementor-size-default\">Titaine<\/h2>\t\t\t\t<\/div>\n\t\t\t\t<\/div>\n\t\t<div class=\"elementor-element elementor-element-5be0808 e-con-full e-flex e-con e-child\" data-id=\"5be0808\" data-element_type=\"container\" data-e-type=\"container\">\n\t\t\t\t<div class=\"elementor-element elementor-element-a2fdd6b elementor-widget elementor-widget-text-editor\" data-id=\"a2fdd6b\" data-element_type=\"widget\" data-e-type=\"widget\" data-widget_type=\"text-editor.default\">\n\t\t\t\t\t\t\t\t\t<div class=\"wp-block-column\">\n<p>Plat vedette de la \u00bbterreta\u00bb.<br \/>Il s'agit d'une sorte de ratatouille de tomates et de poivrons \u00e0 laquelle on ajoute des pignons de pin, de l'ail et de la poitrine de thon sal\u00e9e. D\u00e9licieux.<\/p>\n<p>Il est g\u00e9n\u00e9ralement consomm\u00e9 sur une assiette \u00e0 tremper avec du pain, ou sous forme de coca, qui est une p\u00e2te typique de la r\u00e9gion.<\/p>\n<\/div>\n<div><img decoding=\"async\" class=\"aligncenter wp-image-10143 size-full\" src=\"https:\/\/upgrade.valenciaandgo.com\/wp-content\/uploads\/2026\/03\/Coca-con-titaina.webp\" alt=\"\" width=\"460\" height=\"307\" srcset=\"https:\/\/upgrade.valenciaandgo.com\/wp-content\/uploads\/2026\/03\/Coca-con-titaina.webp 460w, https:\/\/upgrade.valenciaandgo.com\/wp-content\/uploads\/2026\/03\/Coca-con-titaina-18x12.webp 18w\" sizes=\"(max-width: 460px) 100vw, 460px\" \/><\/div>\n<div class=\"wp-block-column\" style=\"text-align: center;\"><em>Coca avec titaine<\/em><\/div>\t\t\t\t\t\t\t\t<\/div>\n\t\t\t\t<\/div>\n\t\t\t\t<\/div>\n\t\t<div class=\"elementor-element elementor-element-d3fdd01 e-con-full e-flex e-con e-child\" data-id=\"d3fdd01\" data-element_type=\"container\" data-e-type=\"container\">\n\t\t<div class=\"elementor-element elementor-element-880c248 e-con-full e-flex e-con e-child\" data-id=\"880c248\" data-element_type=\"container\" data-e-type=\"container\">\n\t\t\t\t<div class=\"elementor-element elementor-element-9bdf2b8 elementor-widget elementor-widget-heading\" data-id=\"9bdf2b8\" data-element_type=\"widget\" data-e-type=\"widget\" data-widget_type=\"heading.default\">\n\t\t\t\t\t<h2 class=\"elementor-heading-title elementor-size-default\">Croquettes de cabillaud<\/h2>\t\t\t\t<\/div>\n\t\t\t\t<\/div>\n\t\t<div class=\"elementor-element elementor-element-a1bd336 e-con-full e-flex e-con e-child\" data-id=\"a1bd336\" data-element_type=\"container\" data-e-type=\"container\">\n\t\t\t\t<div class=\"elementor-element elementor-element-fc039b8 elementor-widget elementor-widget-text-editor\" data-id=\"fc039b8\" data-element_type=\"widget\" data-e-type=\"widget\" data-widget_type=\"text-editor.default\">\n\t\t\t\t\t\t\t\t\t<p>Bien que vous puissiez le trouver toute l'ann\u00e9e dans la plupart des restaurants de la ville, son origine remonte \u00e0 P\u00e2ques.<br \/>Dans la plupart des cas, elles sont appel\u00e9es \"bu\u00f1uelo de bacalao\", car bien qu'elles aient la forme d'une croquette, leur p\u00e2te et leur texture sont diff\u00e9rentes : elles contiennent de l'\u0153uf, de la pomme de terre et de la morue \u00e9miett\u00e9e qui les rendent tr\u00e8s moelleuses \u00e0 l'int\u00e9rieur et croustillantes \u00e0 l'ext\u00e9rieur.<br \/>Contrairement aux croquettes, il n'y a pas de chapelure.<\/p>\n<p><img decoding=\"async\" class=\"size-full wp-image-10145 aligncenter\" src=\"https:\/\/upgrade.valenciaandgo.com\/wp-content\/uploads\/2026\/03\/Bunuelos-de-bacalao.webp\" alt=\"\" width=\"460\" height=\"307\" srcset=\"https:\/\/upgrade.valenciaandgo.com\/wp-content\/uploads\/2026\/03\/Bunuelos-de-bacalao.webp 460w, https:\/\/upgrade.valenciaandgo.com\/wp-content\/uploads\/2026\/03\/Bunuelos-de-bacalao-18x12.webp 18w\" sizes=\"(max-width: 460px) 100vw, 460px\" \/><\/p>\n<p style=\"text-align: center;\"><em>Beignets de morue, Central Bar<\/em><\/p>\t\t\t\t\t\t\t\t<\/div>\n\t\t\t\t<\/div>\n\t\t\t\t<\/div>\n\t\t<div class=\"elementor-element elementor-element-3ebc0f8 e-con-full e-flex e-con e-child\" data-id=\"3ebc0f8\" data-element_type=\"container\" data-e-type=\"container\">\n\t\t<div class=\"elementor-element elementor-element-3c4ef60 e-con-full e-flex e-con e-child\" data-id=\"3c4ef60\" data-element_type=\"container\" data-e-type=\"container\">\n\t\t\t\t<div class=\"elementor-element elementor-element-abb7975 elementor-widget elementor-widget-heading\" data-id=\"abb7975\" data-element_type=\"widget\" data-e-type=\"widget\" data-widget_type=\"heading.default\">\n\t\t\t\t\t<h2 class=\"elementor-heading-title elementor-size-default\">Mouton de veill\u00e9e<\/h2>\t\t\t\t<\/div>\n\t\t\t\t<\/div>\n\t\t<div class=\"elementor-element elementor-element-67b32de e-con-full e-flex e-con e-child\" data-id=\"67b32de\" data-element_type=\"container\" data-e-type=\"container\">\n\t\t\t\t<div class=\"elementor-element elementor-element-17d7bbb elementor-widget elementor-widget-text-editor\" data-id=\"17d7bbb\" data-element_type=\"widget\" data-e-type=\"widget\" data-widget_type=\"text-editor.default\">\n\t\t\t\t\t\t\t\t\t<div class=\"wp-block-column\">\n<p>Recette traditionnelle du Vendredi saint.<br \/>Il s'agit d'un rago\u00fbt \u00e0 base de pois chiches, de cabillaud et d'\u00e9pinards. Il est garni d'un \u0153uf dur hach\u00e9. Un plat \u00e0 la cuill\u00e8re nutritif et savoureux qui sert \u00e9galement \u00e0 r\u00e9chauffer le corps pendant les journ\u00e9es les plus froides de l'hiver.<\/p>\n<\/div>\t\t\t\t\t\t\t\t<\/div>\n\t\t\t\t<\/div>\n\t\t\t\t<\/div>\n\t\t<div class=\"elementor-element elementor-element-db47c23 e-con-full e-flex e-con e-child\" data-id=\"db47c23\" data-element_type=\"container\" data-e-type=\"container\">\n\t\t<div class=\"elementor-element elementor-element-7f0f4ce e-con-full e-flex e-con e-child\" data-id=\"7f0f4ce\" data-element_type=\"container\" data-e-type=\"container\">\n\t\t\t\t<div class=\"elementor-element elementor-element-d041dee elementor-widget elementor-widget-heading\" data-id=\"d041dee\" data-element_type=\"widget\" data-e-type=\"widget\" data-widget_type=\"heading.default\">\n\t\t\t\t\t<h2 class=\"elementor-heading-title elementor-size-default\">Seiche aux oignons<\/h2>\t\t\t\t<\/div>\n\t\t\t\t<\/div>\n\t\t<div class=\"elementor-element elementor-element-f52032b e-con-full e-flex e-con e-child\" data-id=\"f52032b\" data-element_type=\"container\" data-e-type=\"container\">\n\t\t\t\t<div class=\"elementor-element elementor-element-ddfaf9f elementor-widget elementor-widget-text-editor\" data-id=\"ddfaf9f\" data-element_type=\"widget\" data-e-type=\"widget\" data-widget_type=\"text-editor.default\">\n\t\t\t\t\t\t\t\t\t<p>Ce plat est un v\u00e9ritable d\u00e9lice pour les amateurs de seiche : la seiche est cuite avec l'oignon \u00e0 feu tr\u00e8s doux et on y ajoute de l'huile d'olive, des pignons de pin, du laurier et du paprika.<br \/>Les saveurs sont int\u00e9gr\u00e9es et c'est spectaculaire, sain et simple.<\/p>\t\t\t\t\t\t\t\t<\/div>\n\t\t\t\t<\/div>\n\t\t\t\t<\/div>\n\t\t<div class=\"elementor-element elementor-element-16ec241 e-con-full e-flex e-con e-child\" data-id=\"16ec241\" data-element_type=\"container\" data-e-type=\"container\">\n\t\t<div class=\"elementor-element elementor-element-0cb91bb e-con-full e-flex e-con e-child\" data-id=\"0cb91bb\" data-element_type=\"container\" data-e-type=\"container\">\n\t\t\t\t<div class=\"elementor-element elementor-element-7d0e74c elementor-widget elementor-widget-heading\" data-id=\"7d0e74c\" data-element_type=\"widget\" data-e-type=\"widget\" data-widget_type=\"heading.default\">\n\t\t\t\t\t<h2 class=\"elementor-heading-title elementor-size-default\">Marinade de sardines<\/h2>\t\t\t\t<\/div>\n\t\t\t\t<\/div>\n\t\t<div class=\"elementor-element elementor-element-9e3ed3d e-con-full e-flex e-con e-child\" data-id=\"9e3ed3d\" data-element_type=\"container\" data-e-type=\"container\">\n\t\t\t\t<div class=\"elementor-element elementor-element-51c8e56 elementor-widget elementor-widget-text-editor\" data-id=\"51c8e56\" data-element_type=\"widget\" data-e-type=\"widget\" data-widget_type=\"text-editor.default\">\n\t\t\t\t\t\t\t\t\t<div class=\"wp-block-columns\">\n<div class=\"wp-block-column\">\n<p>C'est pourquoi un bon escab\u00e8che de sardines est un must sur notre table : la sauce traditionnelle contient des carottes, des oignons, du paprika, du laurier, du vin blanc et du vinaigre.<\/p>\n<p><img loading=\"lazy\" decoding=\"async\" class=\"size-full wp-image-10147 aligncenter\" src=\"https:\/\/upgrade.valenciaandgo.com\/wp-content\/uploads\/2026\/03\/Escabeche-de-sardina.webp\" alt=\"\" width=\"275\" height=\"183\" srcset=\"https:\/\/upgrade.valenciaandgo.com\/wp-content\/uploads\/2026\/03\/Escabeche-de-sardina.webp 275w, https:\/\/upgrade.valenciaandgo.com\/wp-content\/uploads\/2026\/03\/Escabeche-de-sardina-18x12.webp 18w\" sizes=\"(max-width: 275px) 100vw, 275px\" \/><\/p>\n<p style=\"text-align: center;\"><em>Marinade de sardines<\/em><\/p>\n<\/div>\n<\/div>\t\t\t\t\t\t\t\t<\/div>\n\t\t\t\t<\/div>\n\t\t\t\t<\/div>\n\t\t<div class=\"elementor-element elementor-element-692a52d e-con-full e-flex e-con e-child\" data-id=\"692a52d\" data-element_type=\"container\" data-e-type=\"container\">\n\t\t<div class=\"elementor-element elementor-element-ce0cffe e-con-full e-flex e-con e-child\" data-id=\"ce0cffe\" data-element_type=\"container\" data-e-type=\"container\">\n\t\t\t\t<div class=\"elementor-element elementor-element-81f2004 elementor-widget elementor-widget-heading\" data-id=\"81f2004\" data-element_type=\"widget\" data-e-type=\"widget\" data-widget_type=\"heading.default\">\n\t\t\t\t\t<h2 class=\"elementor-heading-title elementor-size-default\">Loganiza de Pascua<\/h2>\t\t\t\t<\/div>\n\t\t\t\t<\/div>\n\t\t<div class=\"elementor-element elementor-element-c530671 e-con-full e-flex e-con e-child\" data-id=\"c530671\" data-element_type=\"container\" data-e-type=\"container\">\n\t\t\t\t<div class=\"elementor-element elementor-element-647b8a4 elementor-widget elementor-widget-text-editor\" data-id=\"647b8a4\" data-element_type=\"widget\" data-e-type=\"widget\" data-widget_type=\"text-editor.default\">\n\t\t\t\t\t\t\t\t\t<div class=\"wp-block-column\">\n<p>Il s'agit d'une saucisse vendue surtout \u00e0 P\u00e2ques et qui doit \u00eatre consomm\u00e9e une fois s\u00e8che.<br \/>Il s'agit d'une saucisse fine, longue et \u00e9pic\u00e9e qui est suspendue \u00e0 une ficelle et laiss\u00e9e \u00e0 s\u00e9cher pendant des jours, avant d'\u00eatre consomm\u00e9e par bouch\u00e9es.<\/p>\n<img loading=\"lazy\" decoding=\"async\" class=\"aligncenter wp-image-10148\" src=\"https:\/\/upgrade.valenciaandgo.com\/wp-content\/uploads\/2026\/03\/Lonzaniza-de-pascua.webp\" alt=\"\" width=\"300\" height=\"300\" srcset=\"https:\/\/upgrade.valenciaandgo.com\/wp-content\/uploads\/2026\/03\/Lonzaniza-de-pascua.webp 600w, https:\/\/upgrade.valenciaandgo.com\/wp-content\/uploads\/2026\/03\/Lonzaniza-de-pascua-12x12.webp 12w\" sizes=\"(max-width: 300px) 100vw, 300px\" \/><\/div>\n<div class=\"wp-block-column\" style=\"text-align: center;\"><em>Saucisse de P\u00e2ques classique \u00e0 la longaniza, Bodegas Gargallo<\/em><\/div>\t\t\t\t\t\t\t\t<\/div>\n\t\t\t\t<\/div>\n\t\t\t\t<\/div>\n\t\t<div class=\"elementor-element elementor-element-7a3acff e-con-full e-flex e-con e-child\" data-id=\"7a3acff\" data-element_type=\"container\" data-e-type=\"container\">\n\t\t<div class=\"elementor-element elementor-element-d402849 e-con-full e-flex e-con e-child\" data-id=\"d402849\" data-element_type=\"container\" data-e-type=\"container\">\n\t\t\t\t<div class=\"elementor-element elementor-element-16e45f7 elementor-widget elementor-widget-heading\" data-id=\"16e45f7\" data-element_type=\"widget\" data-e-type=\"widget\" data-widget_type=\"heading.default\">\n\t\t\t\t\t<h2 class=\"elementor-heading-title elementor-size-default\">Botte de sardines<\/h2>\t\t\t\t<\/div>\n\t\t\t\t<\/div>\n\t\t<div class=\"elementor-element elementor-element-f106d46 e-con-full e-flex e-con e-child\" data-id=\"f106d46\" data-element_type=\"container\" data-e-type=\"container\">\n\t\t\t\t<div class=\"elementor-element elementor-element-4139b94 elementor-widget elementor-widget-text-editor\" data-id=\"4139b94\" data-element_type=\"widget\" data-e-type=\"widget\" data-widget_type=\"text-editor.default\">\n\t\t\t\t\t\t\t\t\t<p>Le nom vient de l'ancienne tradition qui consistait \u00e0 \u00e9craser la sardine avec la charni\u00e8re de la porte : cela permettait de d\u00e9tacher les \u00e9cailles et la colonne vert\u00e9brale.<br \/>Il \u00e9tait traditionnellement consomm\u00e9 avec des poivrons verts et des \u0153ufs au plat.<\/p>\n<p><img loading=\"lazy\" decoding=\"async\" class=\"aligncenter wp-image-10151 size-full\" src=\"https:\/\/upgrade.valenciaandgo.com\/wp-content\/uploads\/2026\/03\/Sardina-de-bota.webp\" alt=\"\" width=\"460\" height=\"307\" srcset=\"https:\/\/upgrade.valenciaandgo.com\/wp-content\/uploads\/2026\/03\/Sardina-de-bota.webp 460w, https:\/\/upgrade.valenciaandgo.com\/wp-content\/uploads\/2026\/03\/Sardina-de-bota-18x12.webp 18w\" sizes=\"(max-width: 460px) 100vw, 460px\" \/><\/p>\n<p style=\"text-align: center;\"><em>Plat complet avec des sardines, valenciaplaza.com<\/em><\/p>\t\t\t\t\t\t\t\t<\/div>\n\t\t\t\t<\/div>\n\t\t\t\t<\/div>\n\t\t<div class=\"elementor-element elementor-element-2586699 e-con-full e-flex e-con e-child\" data-id=\"2586699\" data-element_type=\"container\" data-e-type=\"container\">\n\t\t<div class=\"elementor-element elementor-element-77dd6cf e-con-full e-flex e-con e-child\" data-id=\"77dd6cf\" data-element_type=\"container\" data-e-type=\"container\">\n\t\t\t\t<div class=\"elementor-element elementor-element-2b94bef elementor-widget elementor-widget-heading\" data-id=\"2b94bef\" data-element_type=\"widget\" data-e-type=\"widget\" data-widget_type=\"heading.default\">\n\t\t\t\t\t<h2 class=\"elementor-heading-title elementor-size-default\">P\u00e2ques Mona<\/h2>\t\t\t\t<\/div>\n\t\t\t\t<\/div>\n\t\t<div class=\"elementor-element elementor-element-5e9a9a0 e-con-full e-flex e-con e-child\" data-id=\"5e9a9a0\" data-element_type=\"container\" data-e-type=\"container\">\n\t\t\t\t<div class=\"elementor-element elementor-element-52bd120 elementor-widget elementor-widget-text-editor\" data-id=\"52bd120\" data-element_type=\"widget\" data-e-type=\"widget\" data-widget_type=\"text-editor.default\">\n\t\t\t\t\t\t\t\t\t<p>\u00c9galement appel\u00e9 panquemao, il s'agit d'une friandise que l'on ne trouve qu'\u00e0 cette p\u00e9riode de l'ann\u00e9e et qui consiste en une p\u00e2te ronde ou en forme d'animal \u00e0 l'int\u00e9rieur de laquelle se trouve un \u0153uf dur.<br \/>Il est g\u00e9n\u00e9ralement bu en famille et les participants s'amusent \u00e0 casser l'\u0153uf sur la t\u00eate des autres.<\/p>\n<p><!-- \/wp:paragraph --><\/p>\n<p><strong>O\u00f9 acheter les meilleurs ?<\/strong><\/p>\n<ul>\n<li>\n<h3><span style=\"color: #008080;\"><a style=\"color: #008080;\" href=\"https:\/\/www.facebook.com\/Horno-Vicente-Garc%C3%ADa-772523682868659\/\">Boulangerie Vicente Garc\u00eda boulangerie<\/a><\/span><\/h3>\n<\/li>\n<li>\n<h3><span style=\"color: #008080;\"><a style=\"color: #008080;\" href=\"https:\/\/www.google.es\/maps\/place\/Horno+Pasteler%C3%ADa+Forn+Ll%C3%A0tzer\/@39.4857262,-0.4287856,13.21z\/data=!4m6!3m5!1s0xd604f619744ad71:0x66311cf1498c3e7a!8m2!3d39.4837585!4d-0.3974809!16s%2Fg%2F11cmg03h_s?hl=es&amp;entry=ttu&amp;g_ep=EgoyMDI0MTAxNi4wIKXMDSoASAFQAw%3D%3D\">Forn Llatzer<\/a><\/span><\/h3>\n<\/li>\n<li>\n<h3><span style=\"color: #008080;\"><a style=\"color: #008080;\" href=\"https:\/\/www.hornosanantonio.com\/\">San Antonio Four du march\u00e9 central<\/a><\/span><\/h3>\n<\/li>\n<li>\n<h3><a href=\"https:\/\/panquemadosmoscardo.com\/\"><span style=\"color: #008080;\">Panquemados Moscardo de Alberique<\/span><\/a><\/h3>\n<\/li>\n<\/ul>\n<p><img loading=\"lazy\" decoding=\"async\" class=\"aligncenter wp-image-709\" src=\"https:\/\/upgrade.valenciaandgo.com\/wp-content\/uploads\/2025\/11\/img-blog-11-platos-tipicos-valencia.webp\" alt=\"\" width=\"500\" height=\"335\" \/><\/p>\t\t\t\t\t\t\t\t<\/div>\n\t\t\t\t<\/div>\n\t\t\t\t<\/div>\n\t\t<div class=\"elementor-element elementor-element-b63b7ba e-con-full e-flex e-con e-child\" data-id=\"b63b7ba\" data-element_type=\"container\" data-e-type=\"container\">\n\t\t<div class=\"elementor-element elementor-element-c19b75f e-con-full e-flex e-con e-child\" data-id=\"c19b75f\" data-element_type=\"container\" data-e-type=\"container\">\n\t\t\t\t<div class=\"elementor-element elementor-element-5fc7105 elementor-widget elementor-widget-heading\" data-id=\"5fc7105\" data-element_type=\"widget\" data-e-type=\"widget\" data-widget_type=\"heading.default\">\n\t\t\t\t\t<h2 class=\"elementor-heading-title elementor-size-default\">Torrijas<\/h2>\t\t\t\t<\/div>\n\t\t\t\t<\/div>\n\t\t<div class=\"elementor-element elementor-element-0d4c3d2 e-con-full e-flex e-con e-child\" data-id=\"0d4c3d2\" data-element_type=\"container\" data-e-type=\"container\">\n\t\t\t\t<div class=\"elementor-element elementor-element-b7383dc elementor-widget elementor-widget-text-editor\" data-id=\"b7383dc\" data-element_type=\"widget\" data-e-type=\"widget\" data-widget_type=\"text-editor.default\">\n\t\t\t\t\t\t\t\t\t<p>Un classique s'il en est, que l'on trouve tout au long de l'ann\u00e9e, mais en cette saison, c'est la saison des stars.<br \/>Il s'agit de pain rassis, tremp\u00e9 dans du lait puis frit.<br \/>Mais \u00e0 Valence, nous proc\u00e9dons diff\u00e9remment... <span style=\"color: #ff6600;\"><strong>nous les trempons dans l'horchata !<\/strong><\/span><\/p>\n<p><!-- wp:list --><\/p>\n<p><img loading=\"lazy\" decoding=\"async\" class=\"aligncenter wp-image-10154\" src=\"https:\/\/upgrade.valenciaandgo.com\/wp-content\/uploads\/2026\/03\/Torrija.webp\" alt=\"\" width=\"500\" height=\"375\" srcset=\"https:\/\/upgrade.valenciaandgo.com\/wp-content\/uploads\/2026\/03\/Torrija.webp 550w, https:\/\/upgrade.valenciaandgo.com\/wp-content\/uploads\/2026\/03\/Torrija-16x12.webp 16w\" sizes=\"(max-width: 500px) 100vw, 500px\" \/><\/p>\n<p><strong>O\u00f9 manger les meilleurs ?<\/strong><\/p>\n<ul>\n<li>\n<h3><a href=\"https:\/\/bar-restaurante-rojas-clemente.eatbu.com\/?lang=en\">Bar Rojas Clemente (avec chocolat)<\/a><\/h3>\n<\/li>\n<li>\n<h3><a href=\"https:\/\/www.mercatbar.es\/\">MercatBar<\/a><\/h3>\n<\/li>\n<li>\n<h3><a href=\"https:\/\/m.canallabistro.com\/\">Canalla Bistr\u00f3 (pain perdu caram\u00e9lis\u00e9)<\/a><\/h3>\n<\/li>\n<li>\n<h3><a href=\"https:\/\/horchateria-daniel.es\/\">Horchater\u00eda Daniel<\/a><\/h3>\n<\/li>\n<li>\n<h3><a href=\"https:\/\/www.facebook.com\/Restaurant-Frida-178445273547\/?ref=bookmarks\">Restaurant Frida (avec dulce de leche)<\/a><\/h3>\n<\/li>\n<\/ul>\n<p><!-- \/wp:list --><\/p>\t\t\t\t\t\t\t\t<\/div>\n\t\t\t\t<\/div>\n\t\t\t\t<\/div>\n\t\t<div class=\"elementor-element elementor-element-e686974 e-con-full e-flex e-con e-child\" data-id=\"e686974\" data-element_type=\"container\" data-e-type=\"container\">\n\t\t<div class=\"elementor-element elementor-element-8f4a4a0 e-con-full e-flex e-con e-child\" data-id=\"8f4a4a0\" data-element_type=\"container\" data-e-type=\"container\">\n\t\t\t\t<div class=\"elementor-element elementor-element-8eb15dc elementor-widget elementor-widget-heading\" data-id=\"8eb15dc\" data-element_type=\"widget\" data-e-type=\"widget\" data-widget_type=\"heading.default\">\n\t\t\t\t\t<h2 class=\"elementor-heading-title elementor-size-default\">Coca en llande<\/h2>\t\t\t\t<\/div>\n\t\t\t\t<\/div>\n\t\t<div class=\"elementor-element elementor-element-04bbda0 e-con-full e-flex e-con e-child\" data-id=\"04bbda0\" data-element_type=\"container\" data-e-type=\"container\">\n\t\t\t\t<div class=\"elementor-element elementor-element-e076b0d elementor-widget elementor-widget-text-editor\" data-id=\"e076b0d\" data-element_type=\"widget\" data-e-type=\"widget\" data-widget_type=\"text-editor.default\">\n\t\t\t\t\t\t\t\t\t<p>D'origine arabe, il s'agit d'une g\u00e9noise grasse compos\u00e9e de farine, d'\u0153uf et de sucre.<br \/>Tr\u00e8s typique pour une collation accompagn\u00e9e de mistela.<\/p>\n<p><em>Coca en llanda avec mistela, l'Alquer\u00eda del Pou<\/em><\/p>\n<p>La vari\u00e9t\u00e9 de la gastronomie valencienne ne cessera jamais de vous surprendre... Il existe des recettes pour chaque saison, avec des ingr\u00e9dients vari\u00e9s, sains et pour tous les go\u00fbts !<\/p>\n<p><img loading=\"lazy\" decoding=\"async\" class=\"aligncenter wp-image-10158 size-full\" src=\"https:\/\/upgrade.valenciaandgo.com\/wp-content\/uploads\/2026\/03\/Coca-en-llanda.webp\" alt=\"\" width=\"300\" height=\"300\" srcset=\"https:\/\/upgrade.valenciaandgo.com\/wp-content\/uploads\/2026\/03\/Coca-en-llanda.webp 300w, https:\/\/upgrade.valenciaandgo.com\/wp-content\/uploads\/2026\/03\/Coca-en-llanda-12x12.webp 12w\" sizes=\"(max-width: 300px) 100vw, 300px\" \/><\/p>\t\t\t\t\t\t\t\t<\/div>\n\t\t\t\t<\/div>\n\t\t\t\t<\/div>\n\t\t<div class=\"elementor-element elementor-element-af14588 e-con-full e-flex e-con e-child\" data-id=\"af14588\" data-element_type=\"container\" data-e-type=\"container\">\n\t\t<div class=\"elementor-element elementor-element-222c4c8 e-con-full e-flex e-con e-child\" data-id=\"222c4c8\" data-element_type=\"container\" data-e-type=\"container\">\n\t\t\t\t<div class=\"elementor-element elementor-element-cfef5f7 elementor-widget elementor-widget-text-editor\" data-id=\"cfef5f7\" data-element_type=\"widget\" data-e-type=\"widget\" data-widget_type=\"text-editor.default\">\n\t\t\t\t\t\t\t\t\t<h4>Voulez-vous conna\u00eetre leurs traditions avec nous ? Notre \u00e9quipe de guides est valencienne et vous en parlera comme personne d'autre... <a href=\"https:\/\/valenciaandgo.com\/tours-valencia\/\">JOINDRE<\/a><\/h4>\t\t\t\t\t\t\t\t<\/div>\n\t\t\t\t<\/div>\n\t\t\t\t<\/div>\n\t\t\t\t\t<\/div>\n\t\t\t\t<\/div>\n\t\t\t\t<\/div>","protected":false},"excerpt":{"rendered":"<p>La Semana Santa en Valencia es diferente a todas las dem\u00e1s: se vive desde los barrios de pescadores por excelencia, desde El Cabanyal y Poblados Mar\u00edtimosY es que, aqu\u00ed se llama \u00bbla Semana Santa marinera\u00bb: declarada Fiesta de Inter\u00e9s Tur\u00edstico Nacional, alberga unas 80 procesiones que se celebran entre el viernes 8 de abril y [&hellip;]<\/p>\n","protected":false},"author":1,"featured_media":709,"comment_status":"closed","ping_status":"closed","sticky":false,"template":"","format":"standard","meta":{"_acf_changed":false,"footnotes":""},"categories":[22,23],"tags":[26,30,36,44],"class_list":["post-469","post","type-post","status-publish","format-standard","has-post-thumbnail","hentry","category-cultura-tradiciones","category-gastronomia","tag-barrios","tag-dulces","tag-gastronomia","tag-pescados"],"acf":[],"yoast_head":"<!-- This site is optimized with the Yoast SEO plugin v27.5 - https:\/\/yoast.com\/product\/yoast-seo-wordpress\/ -->\n<title>11 platos t\u00edpicos de Valencia en Semana Santa - Valencia&amp;Go<\/title>\n<meta name=\"description\" content=\"En Valencia siempre se come de categor\u00eda, pero durante la Semana Santa los platos son especiales. \u00bfLos conoces?\" \/>\n<meta name=\"robots\" content=\"noindex, follow, max-snippet:-1, max-image-preview:large, max-video-preview:-1\" \/>\n<meta property=\"og:locale\" content=\"fr_FR\" \/>\n<meta property=\"og:type\" content=\"article\" \/>\n<meta property=\"og:title\" content=\"11 platos t\u00edpicos de Valencia en Semana Santa - Valencia&amp;Go\" \/>\n<meta property=\"og:description\" content=\"En Valencia siempre se come de categor\u00eda, pero durante la Semana Santa los platos son especiales. \u00bfLos conoces?\" \/>\n<meta property=\"og:url\" content=\"https:\/\/upgrade.valenciaandgo.com\/fr\/11-semana-santa-valencia-plats\/\" \/>\n<meta property=\"og:site_name\" content=\"Valencia&amp;Go\" \/>\n<meta property=\"article:publisher\" content=\"https:\/\/www.facebook.com\/valenciaandgo\/\" \/>\n<meta property=\"article:published_time\" content=\"2022-04-14T14:20:00+00:00\" \/>\n<meta property=\"article:modified_time\" content=\"2026-03-16T15:39:58+00:00\" \/>\n<meta property=\"og:image\" content=\"https:\/\/upgrade.valenciaandgo.com\/wp-content\/uploads\/2025\/11\/img-blog-11-platos-tipicos-valencia.webp\" \/>\n\t<meta property=\"og:image:width\" content=\"1170\" \/>\n\t<meta property=\"og:image:height\" content=\"783\" \/>\n\t<meta property=\"og:image:type\" content=\"image\/webp\" \/>\n<meta name=\"author\" content=\"Valencia &amp; Go\" \/>\n<meta name=\"twitter:card\" content=\"summary_large_image\" \/>\n<meta name=\"twitter:label1\" content=\"\u00c9crit par\" \/>\n\t<meta name=\"twitter:data1\" content=\"Valencia &amp; Go\" \/>\n\t<meta name=\"twitter:label2\" content=\"Dur\u00e9e de lecture estim\u00e9e\" \/>\n\t<meta name=\"twitter:data2\" content=\"6 minutes\" \/>\n<script type=\"application\/ld+json\" class=\"yoast-schema-graph\">{\"@context\":\"https:\\\/\\\/schema.org\",\"@graph\":[{\"@type\":\"Article\",\"@id\":\"https:\\\/\\\/upgrade.valenciaandgo.com\\\/11-platos-semana-santa-valencia\\\/#article\",\"isPartOf\":{\"@id\":\"https:\\\/\\\/upgrade.valenciaandgo.com\\\/11-platos-semana-santa-valencia\\\/\"},\"author\":{\"name\":\"Valencia &amp; Go\",\"@id\":\"https:\\\/\\\/upgrade.valenciaandgo.com\\\/it\\\/#\\\/schema\\\/person\\\/ca673553802eb937b57af07a6ce74908\"},\"headline\":\"11 platos t\u00edpicos de Valencia en Semana Santa\",\"datePublished\":\"2022-04-14T14:20:00+00:00\",\"dateModified\":\"2026-03-16T15:39:58+00:00\",\"mainEntityOfPage\":{\"@id\":\"https:\\\/\\\/upgrade.valenciaandgo.com\\\/11-platos-semana-santa-valencia\\\/\"},\"wordCount\":782,\"publisher\":{\"@id\":\"https:\\\/\\\/upgrade.valenciaandgo.com\\\/it\\\/#organization\"},\"image\":{\"@id\":\"https:\\\/\\\/upgrade.valenciaandgo.com\\\/11-platos-semana-santa-valencia\\\/#primaryimage\"},\"thumbnailUrl\":\"https:\\\/\\\/upgrade.valenciaandgo.com\\\/wp-content\\\/uploads\\\/2025\\\/11\\\/img-blog-11-platos-tipicos-valencia.webp\",\"keywords\":[\"barrios\",\"dulces\",\"gastronomia\",\"pescados\"],\"articleSection\":[\"Cultura y tradiciones\",\"Gastronom\u00eda\"],\"inLanguage\":\"fr-FR\"},{\"@type\":\"WebPage\",\"@id\":\"https:\\\/\\\/upgrade.valenciaandgo.com\\\/11-platos-semana-santa-valencia\\\/\",\"url\":\"https:\\\/\\\/upgrade.valenciaandgo.com\\\/11-platos-semana-santa-valencia\\\/\",\"name\":\"11 platos t\u00edpicos de Valencia en Semana Santa - Valencia&amp;Go\",\"isPartOf\":{\"@id\":\"https:\\\/\\\/upgrade.valenciaandgo.com\\\/it\\\/#website\"},\"primaryImageOfPage\":{\"@id\":\"https:\\\/\\\/upgrade.valenciaandgo.com\\\/11-platos-semana-santa-valencia\\\/#primaryimage\"},\"image\":{\"@id\":\"https:\\\/\\\/upgrade.valenciaandgo.com\\\/11-platos-semana-santa-valencia\\\/#primaryimage\"},\"thumbnailUrl\":\"https:\\\/\\\/upgrade.valenciaandgo.com\\\/wp-content\\\/uploads\\\/2025\\\/11\\\/img-blog-11-platos-tipicos-valencia.webp\",\"datePublished\":\"2022-04-14T14:20:00+00:00\",\"dateModified\":\"2026-03-16T15:39:58+00:00\",\"description\":\"En Valencia siempre se come de categor\u00eda, pero durante la Semana Santa los platos son especiales. \u00bfLos conoces?\",\"breadcrumb\":{\"@id\":\"https:\\\/\\\/upgrade.valenciaandgo.com\\\/11-platos-semana-santa-valencia\\\/#breadcrumb\"},\"inLanguage\":\"fr-FR\",\"potentialAction\":[{\"@type\":\"ReadAction\",\"target\":[\"https:\\\/\\\/upgrade.valenciaandgo.com\\\/11-platos-semana-santa-valencia\\\/\"]}]},{\"@type\":\"ImageObject\",\"inLanguage\":\"fr-FR\",\"@id\":\"https:\\\/\\\/upgrade.valenciaandgo.com\\\/11-platos-semana-santa-valencia\\\/#primaryimage\",\"url\":\"https:\\\/\\\/upgrade.valenciaandgo.com\\\/wp-content\\\/uploads\\\/2025\\\/11\\\/img-blog-11-platos-tipicos-valencia.webp\",\"contentUrl\":\"https:\\\/\\\/upgrade.valenciaandgo.com\\\/wp-content\\\/uploads\\\/2025\\\/11\\\/img-blog-11-platos-tipicos-valencia.webp\",\"width\":1170,\"height\":783},{\"@type\":\"BreadcrumbList\",\"@id\":\"https:\\\/\\\/upgrade.valenciaandgo.com\\\/11-platos-semana-santa-valencia\\\/#breadcrumb\",\"itemListElement\":[{\"@type\":\"ListItem\",\"position\":1,\"name\":\"Portada\",\"item\":\"https:\\\/\\\/upgrade.valenciaandgo.com\\\/\"},{\"@type\":\"ListItem\",\"position\":2,\"name\":\"11 platos t\u00edpicos de Valencia en Semana Santa\"}]},{\"@type\":\"WebSite\",\"@id\":\"https:\\\/\\\/upgrade.valenciaandgo.com\\\/it\\\/#website\",\"url\":\"https:\\\/\\\/upgrade.valenciaandgo.com\\\/it\\\/\",\"name\":\"Valencia&Go\",\"description\":\"Tours por Valencia y alrededores de ciudad.\",\"publisher\":{\"@id\":\"https:\\\/\\\/upgrade.valenciaandgo.com\\\/it\\\/#organization\"},\"potentialAction\":[{\"@type\":\"SearchAction\",\"target\":{\"@type\":\"EntryPoint\",\"urlTemplate\":\"https:\\\/\\\/upgrade.valenciaandgo.com\\\/it\\\/?s={search_term_string}\"},\"query-input\":{\"@type\":\"PropertyValueSpecification\",\"valueRequired\":true,\"valueName\":\"search_term_string\"}}],\"inLanguage\":\"fr-FR\"},{\"@type\":\"Organization\",\"@id\":\"https:\\\/\\\/upgrade.valenciaandgo.com\\\/it\\\/#organization\",\"name\":\"Valencia&Go\",\"url\":\"https:\\\/\\\/upgrade.valenciaandgo.com\\\/it\\\/\",\"logo\":{\"@type\":\"ImageObject\",\"inLanguage\":\"fr-FR\",\"@id\":\"https:\\\/\\\/upgrade.valenciaandgo.com\\\/it\\\/#\\\/schema\\\/logo\\\/image\\\/\",\"url\":\"https:\\\/\\\/upgrade.valenciaandgo.com\\\/wp-content\\\/uploads\\\/2025\\\/10\\\/valencia_go-svg-blnc-iso-naranja.svg\",\"contentUrl\":\"https:\\\/\\\/upgrade.valenciaandgo.com\\\/wp-content\\\/uploads\\\/2025\\\/10\\\/valencia_go-svg-blnc-iso-naranja.svg\",\"width\":434,\"height\":102,\"caption\":\"Valencia&Go\"},\"image\":{\"@id\":\"https:\\\/\\\/upgrade.valenciaandgo.com\\\/it\\\/#\\\/schema\\\/logo\\\/image\\\/\"},\"sameAs\":[\"https:\\\/\\\/www.facebook.com\\\/valenciaandgo\\\/\",\"https:\\\/\\\/www.instagram.com\\\/valenciaandgo\",\"https:\\\/\\\/www.linkedin.com\\\/company\\\/valencia-go\\\/\",\"https:\\\/\\\/www.tiktok.com\\\/@valenciaandgo\"]},{\"@type\":\"Person\",\"@id\":\"https:\\\/\\\/upgrade.valenciaandgo.com\\\/it\\\/#\\\/schema\\\/person\\\/ca673553802eb937b57af07a6ce74908\",\"name\":\"Valencia &amp; Go\",\"sameAs\":[\"https:\\\/\\\/valenciaandgo.com\"],\"url\":\"https:\\\/\\\/upgrade.valenciaandgo.com\\\/fr\\\/author\\\/valencia\\\/\"}]}<\/script>\n<!-- \/ Yoast SEO plugin. -->","yoast_head_json":{"title":"11 plats typiques de Valence pendant la Semaine Sainte - Valencia&amp;Go","description":"Valence est toujours un endroit id\u00e9al pour manger, mais pendant la Semaine Sainte, les plats sont sp\u00e9ciaux. Les connaissez-vous ?","robots":{"index":"noindex","follow":"follow","max-snippet":"max-snippet:-1","max-image-preview":"max-image-preview:large","max-video-preview":"max-video-preview:-1"},"og_locale":"fr_FR","og_type":"article","og_title":"11 platos t\u00edpicos de Valencia en Semana Santa - Valencia&amp;Go","og_description":"En Valencia siempre se come de categor\u00eda, pero durante la Semana Santa los platos son especiales. \u00bfLos conoces?","og_url":"https:\/\/upgrade.valenciaandgo.com\/fr\/11-semana-santa-valencia-plats\/","og_site_name":"Valencia&amp;Go","article_publisher":"https:\/\/www.facebook.com\/valenciaandgo\/","article_published_time":"2022-04-14T14:20:00+00:00","article_modified_time":"2026-03-16T15:39:58+00:00","og_image":[{"width":1170,"height":783,"url":"https:\/\/upgrade.valenciaandgo.com\/wp-content\/uploads\/2025\/11\/img-blog-11-platos-tipicos-valencia.webp","type":"image\/webp"}],"author":"Valencia &amp; Go","twitter_card":"summary_large_image","twitter_misc":{"\u00c9crit par":"Valencia &amp; Go","Dur\u00e9e de lecture estim\u00e9e":"6 minutes"},"schema":{"@context":"https:\/\/schema.org","@graph":[{"@type":"Article","@id":"https:\/\/upgrade.valenciaandgo.com\/11-platos-semana-santa-valencia\/#article","isPartOf":{"@id":"https:\/\/upgrade.valenciaandgo.com\/11-platos-semana-santa-valencia\/"},"author":{"name":"Valencia &amp; Go","@id":"https:\/\/upgrade.valenciaandgo.com\/it\/#\/schema\/person\/ca673553802eb937b57af07a6ce74908"},"headline":"11 platos t\u00edpicos de Valencia en Semana Santa","datePublished":"2022-04-14T14:20:00+00:00","dateModified":"2026-03-16T15:39:58+00:00","mainEntityOfPage":{"@id":"https:\/\/upgrade.valenciaandgo.com\/11-platos-semana-santa-valencia\/"},"wordCount":782,"publisher":{"@id":"https:\/\/upgrade.valenciaandgo.com\/it\/#organization"},"image":{"@id":"https:\/\/upgrade.valenciaandgo.com\/11-platos-semana-santa-valencia\/#primaryimage"},"thumbnailUrl":"https:\/\/upgrade.valenciaandgo.com\/wp-content\/uploads\/2025\/11\/img-blog-11-platos-tipicos-valencia.webp","keywords":["barrios","dulces","gastronomia","pescados"],"articleSection":["Cultura y tradiciones","Gastronom\u00eda"],"inLanguage":"fr-FR"},{"@type":"WebPage","@id":"https:\/\/upgrade.valenciaandgo.com\/11-platos-semana-santa-valencia\/","url":"https:\/\/upgrade.valenciaandgo.com\/11-platos-semana-santa-valencia\/","name":"11 plats typiques de Valence pendant la Semaine Sainte - Valencia&amp;Go","isPartOf":{"@id":"https:\/\/upgrade.valenciaandgo.com\/it\/#website"},"primaryImageOfPage":{"@id":"https:\/\/upgrade.valenciaandgo.com\/11-platos-semana-santa-valencia\/#primaryimage"},"image":{"@id":"https:\/\/upgrade.valenciaandgo.com\/11-platos-semana-santa-valencia\/#primaryimage"},"thumbnailUrl":"https:\/\/upgrade.valenciaandgo.com\/wp-content\/uploads\/2025\/11\/img-blog-11-platos-tipicos-valencia.webp","datePublished":"2022-04-14T14:20:00+00:00","dateModified":"2026-03-16T15:39:58+00:00","description":"Valence est toujours un endroit id\u00e9al pour manger, mais pendant la Semaine Sainte, les plats sont sp\u00e9ciaux. Les connaissez-vous ?","breadcrumb":{"@id":"https:\/\/upgrade.valenciaandgo.com\/11-platos-semana-santa-valencia\/#breadcrumb"},"inLanguage":"fr-FR","potentialAction":[{"@type":"ReadAction","target":["https:\/\/upgrade.valenciaandgo.com\/11-platos-semana-santa-valencia\/"]}]},{"@type":"ImageObject","inLanguage":"fr-FR","@id":"https:\/\/upgrade.valenciaandgo.com\/11-platos-semana-santa-valencia\/#primaryimage","url":"https:\/\/upgrade.valenciaandgo.com\/wp-content\/uploads\/2025\/11\/img-blog-11-platos-tipicos-valencia.webp","contentUrl":"https:\/\/upgrade.valenciaandgo.com\/wp-content\/uploads\/2025\/11\/img-blog-11-platos-tipicos-valencia.webp","width":1170,"height":783},{"@type":"BreadcrumbList","@id":"https:\/\/upgrade.valenciaandgo.com\/11-platos-semana-santa-valencia\/#breadcrumb","itemListElement":[{"@type":"ListItem","position":1,"name":"Portada","item":"https:\/\/upgrade.valenciaandgo.com\/"},{"@type":"ListItem","position":2,"name":"11 platos t\u00edpicos de Valencia en Semana Santa"}]},{"@type":"WebSite","@id":"https:\/\/upgrade.valenciaandgo.com\/it\/#website","url":"https:\/\/upgrade.valenciaandgo.com\/it\/","name":"Valencia&amp;Go","description":"Visites de Valence et de ses environs.","publisher":{"@id":"https:\/\/upgrade.valenciaandgo.com\/it\/#organization"},"potentialAction":[{"@type":"SearchAction","target":{"@type":"EntryPoint","urlTemplate":"https:\/\/upgrade.valenciaandgo.com\/it\/?s={search_term_string}"},"query-input":{"@type":"PropertyValueSpecification","valueRequired":true,"valueName":"search_term_string"}}],"inLanguage":"fr-FR"},{"@type":"Organization","@id":"https:\/\/upgrade.valenciaandgo.com\/it\/#organization","name":"Valencia&amp;Go","url":"https:\/\/upgrade.valenciaandgo.com\/it\/","logo":{"@type":"ImageObject","inLanguage":"fr-FR","@id":"https:\/\/upgrade.valenciaandgo.com\/it\/#\/schema\/logo\/image\/","url":"https:\/\/upgrade.valenciaandgo.com\/wp-content\/uploads\/2025\/10\/valencia_go-svg-blnc-iso-naranja.svg","contentUrl":"https:\/\/upgrade.valenciaandgo.com\/wp-content\/uploads\/2025\/10\/valencia_go-svg-blnc-iso-naranja.svg","width":434,"height":102,"caption":"Valencia&Go"},"image":{"@id":"https:\/\/upgrade.valenciaandgo.com\/it\/#\/schema\/logo\/image\/"},"sameAs":["https:\/\/www.facebook.com\/valenciaandgo\/","https:\/\/www.instagram.com\/valenciaandgo","https:\/\/www.linkedin.com\/company\/valencia-go\/","https:\/\/www.tiktok.com\/@valenciaandgo"]},{"@type":"Person","@id":"https:\/\/upgrade.valenciaandgo.com\/it\/#\/schema\/person\/ca673553802eb937b57af07a6ce74908","name":"Valence &amp; Go","sameAs":["https:\/\/valenciaandgo.com"],"url":"https:\/\/upgrade.valenciaandgo.com\/fr\/author\/valencia\/"}]}},"_links":{"self":[{"href":"https:\/\/upgrade.valenciaandgo.com\/fr\/wp-json\/wp\/v2\/posts\/469","targetHints":{"allow":["GET"]}}],"collection":[{"href":"https:\/\/upgrade.valenciaandgo.com\/fr\/wp-json\/wp\/v2\/posts"}],"about":[{"href":"https:\/\/upgrade.valenciaandgo.com\/fr\/wp-json\/wp\/v2\/types\/post"}],"author":[{"embeddable":true,"href":"https:\/\/upgrade.valenciaandgo.com\/fr\/wp-json\/wp\/v2\/users\/1"}],"replies":[{"embeddable":true,"href":"https:\/\/upgrade.valenciaandgo.com\/fr\/wp-json\/wp\/v2\/comments?post=469"}],"version-history":[{"count":0,"href":"https:\/\/upgrade.valenciaandgo.com\/fr\/wp-json\/wp\/v2\/posts\/469\/revisions"}],"wp:featuredmedia":[{"embeddable":true,"href":"https:\/\/upgrade.valenciaandgo.com\/fr\/wp-json\/wp\/v2\/media\/709"}],"wp:attachment":[{"href":"https:\/\/upgrade.valenciaandgo.com\/fr\/wp-json\/wp\/v2\/media?parent=469"}],"wp:term":[{"taxonomy":"category","embeddable":true,"href":"https:\/\/upgrade.valenciaandgo.com\/fr\/wp-json\/wp\/v2\/categories?post=469"},{"taxonomy":"post_tag","embeddable":true,"href":"https:\/\/upgrade.valenciaandgo.com\/fr\/wp-json\/wp\/v2\/tags?post=469"}],"curies":[{"name":"wp","href":"https:\/\/api.w.org\/{rel}","templated":true}]}}