{"id":460,"date":"2022-04-07T10:19:00","date_gmt":"2022-04-07T10:19:00","guid":{"rendered":"https:\/\/new.valenciaandgo.com\/?p=460"},"modified":"2026-03-16T15:44:06","modified_gmt":"2026-03-16T15:44:06","slug":"paella","status":"publish","type":"post","link":"https:\/\/upgrade.valenciaandgo.com\/fr\/paella\/","title":{"rendered":"L'authentique paella de Valence"},"content":{"rendered":"<div data-elementor-type=\"wp-post\" data-elementor-id=\"460\" class=\"elementor elementor-460\" data-elementor-post-type=\"post\">\n\t\t\t\t<div class=\"elementor-element elementor-element-7f234b0a e-flex e-con-boxed e-con e-parent\" data-id=\"7f234b0a\" data-element_type=\"container\" data-e-type=\"container\">\n\t\t\t\t\t<div class=\"e-con-inner\">\n\t\t<div class=\"elementor-element elementor-element-75147ff1 e-con-full e-flex e-con e-child\" data-id=\"75147ff1\" data-element_type=\"container\" data-e-type=\"container\">\n\t\t\t\t<div class=\"elementor-element elementor-element-111c59c7 elementor-widget elementor-widget-text-editor\" data-id=\"111c59c7\" data-element_type=\"widget\" data-e-type=\"widget\" data-widget_type=\"text-editor.default\">\n\t\t\t\t\t\t\t\t\t\n<p>Le riz a toujours \u00e9t\u00e9 un mets de renomm\u00e9e mondiale, car c'est la c\u00e9r\u00e9ale la plus connue pour ses propri\u00e9t\u00e9s nutritionnelles et sa longue histoire.<\/p>\n\t\t\t\t\t\t\t\t<\/div>\n\t\t\t\t<\/div>\n\t\t<div class=\"elementor-element elementor-element-3ed26b70 e-con-full e-flex e-con e-child\" data-id=\"3ed26b70\" data-element_type=\"container\" data-e-type=\"container\">\n\t\t<div class=\"elementor-element elementor-element-269a8d81 e-con-full e-flex e-con e-child\" data-id=\"269a8d81\" data-element_type=\"container\" data-e-type=\"container\">\n\t\t\t\t<div class=\"elementor-element elementor-element-13d6422a elementor-widget elementor-widget-heading\" data-id=\"13d6422a\" data-element_type=\"widget\" data-e-type=\"widget\" data-widget_type=\"heading.default\">\n\t\t\t\t\t<h2 class=\"elementor-heading-title elementor-size-default\">Du riz \u00e0 la paella. De l'Afrique \u00e0 Valence.<\/h2>\t\t\t\t<\/div>\n\t\t\t\t<\/div>\n\t\t<div class=\"elementor-element elementor-element-451a10a8 e-con-full e-flex e-con e-child\" data-id=\"451a10a8\" data-element_type=\"container\" data-e-type=\"container\">\n\t\t\t\t<div class=\"elementor-element elementor-element-5a03d1d6 elementor-widget elementor-widget-text-editor\" data-id=\"5a03d1d6\" data-element_type=\"widget\" data-e-type=\"widget\" data-widget_type=\"text-editor.default\">\n\t\t\t\t\t\t\t\t\t<p>Mais si l'on remonte dans le temps, comment en \u00eates-vous arriv\u00e9 \u00e0 Valence ?<\/p>\n<p><!-- \/wp:paragraph --><!-- wp:paragraph --><\/p>\n<p>Elle a \u00e9t\u00e9 introduite par le <strong>friches<\/strong>, Les habitants de l'Afrique du Nord sont arriv\u00e9s en Espagne au cours de l'histoire.<strong> 8\u00e8me si\u00e8cle.<\/strong><\/p>\n<p><!-- \/wp:paragraph --><!-- wp:paragraph --><\/p>\n<p>Mais ce n'est qu'\u00e0 l'\u00e9poque musulmane qu'elle a acquis sa grande importance.<\/p>\n<p><!-- \/wp:paragraph --><!-- wp:paragraph --><\/p>\n<p>Les <strong>Arabes<\/strong> \u00e9taient d\u00e9j\u00e0 experts dans sa culture et ont vu dans la r\u00e9gion de Valence un grand potentiel pour sa production : ils ont mis en place les premiers syst\u00e8mes de culture et d'irrigation dans toute la r\u00e9gion de Valence et ses environs.<\/p>\n<p><!-- \/wp:paragraph --><!-- wp:paragraph --><\/p>\n<p>Mais lors de la reconqu\u00eate chr\u00e9tienne, <strong>Jaume I<\/strong> a d\u00e9cid\u00e9 de r\u00e9duire ces zones de culture \u00e0 la seule Albufera, car dans le pass\u00e9, cette op\u00e9ration \u00e9tait r\u00e9alis\u00e9e avec des eaux stagnantes qui laissaient la ville dans de tr\u00e8s mauvaises conditions sanitaires.<\/p>\n<p><!-- \/wp:paragraph --><!-- wp:paragraph --><\/p>\n<p><!-- \/wp:paragraph --><!-- wp:paragraph --><\/p>\n<p><strong>C'est \u00e0 ce moment-l\u00e0 que la grande production de l'Albufera a commenc\u00e9.<\/strong><\/p>\n<p><!-- \/wp:paragraph --><!-- wp:paragraph --><\/p>\n<p><strong>Paella<\/strong> a surgi alors, dans la<strong> Les zones rurales de Valence et de ses environs aux XVe et XVIe si\u00e8cles.<\/strong> Les paysans de l'\u00e9poque utilisaient du riz, des l\u00e9gumes et des animaux locaux pour pr\u00e9parer un repas simple et rapide.<\/p>\n<p><!-- \/wp:paragraph --><!-- wp:paragraph --><\/p>\n<p>Toujours <strong>a eu lieu dans l'apr\u00e8s-midi,<\/strong> \u00e0 la fin de la journ\u00e9e de travail : les habitants participaient \u00e0 la cuisson du riz avec les produits que la campagne leur fournissait et utilisaient les branches des orangers pour faire le feu. Ces branches conf\u00e9raient au riz un ar\u00f4me et une saveur tr\u00e8s particuliers.<\/p>\n<p><!-- \/wp:paragraph --><!-- wp:paragraph --><\/p>\n<p>Comme c'est le cas dans la r\u00e9gion, nous avons trouv\u00e9 dans l'eau de cette \u00bblagune\u00bb qui s'ouvre sur la mer <strong>des anguilles et des rats dans les marais.<\/strong><\/p>\n<p><!-- \/wp:paragraph --><!-- wp:paragraph --><\/p>\n<p>C'est ainsi que cette recette a commenc\u00e9 \u00e0 \u00eatre cuisin\u00e9e principalement avec ces animaux, consid\u00e9r\u00e9s comme un mets d\u00e9licat, savoureux et dot\u00e9 de grandes propri\u00e9t\u00e9s.<\/p>\t\t\t\t\t\t\t\t<\/div>\n\t\t\t\t<\/div>\n\t\t\t\t<\/div>\n\t\t<div class=\"elementor-element elementor-element-3db4d44 e-con-full e-flex e-con e-child\" data-id=\"3db4d44\" data-element_type=\"container\" data-e-type=\"container\">\n\t\t<div class=\"elementor-element elementor-element-8b32775 e-con-full e-flex e-con e-child\" data-id=\"8b32775\" data-element_type=\"container\" data-e-type=\"container\">\n\t\t\t\t<div class=\"elementor-element elementor-element-cc9bc0f elementor-widget elementor-widget-heading\" data-id=\"cc9bc0f\" data-element_type=\"widget\" data-e-type=\"widget\" data-widget_type=\"heading.default\">\n\t\t\t\t\t<h2 class=\"elementor-heading-title elementor-size-default\">Premiers ingr\u00e9dients de la paella<\/h2>\t\t\t\t<\/div>\n\t\t\t\t<\/div>\n\t\t<div class=\"elementor-element elementor-element-e821235 e-con-full e-flex e-con e-child\" data-id=\"e821235\" data-element_type=\"container\" data-e-type=\"container\">\n\t\t\t\t<div class=\"elementor-element elementor-element-b1fa292 elementor-widget elementor-widget-text-editor\" data-id=\"b1fa292\" data-element_type=\"widget\" data-e-type=\"widget\" data-widget_type=\"text-editor.default\">\n\t\t\t\t\t\t\t\t\t<p>Les principaux ingr\u00e9dients qui ont \u00e9t\u00e9 ajout\u00e9s au fil des ans sont les suivants :<\/p>\n<p><!-- \/wp:paragraph --><!-- wp:paragraph --><\/p>\n<p>- Volaille, li\u00e8vre ou lapin, anguilles, chorizo, viande maigre, l\u00e9gumes frais comme les poivrons ou les haricots, safran, eau et riz (plus tard, on ajoutera des tomates pour faire un bon sofrito, de l'ail et de l'huile d'olive).<\/p>\n<p><!-- \/wp:paragraph --><!-- wp:paragraph --><\/p>\n<p><strong>C'est entre 1850 et 1950 que l'on trouve les premiers manuscrits contenant des recettes de paella plus proches de celles d'aujourd'hui.<\/strong><\/p>\n<p><!-- \/wp:paragraph --><!-- wp:paragraph --><\/p>\n<p>Bien que ce ne soit qu'apr\u00e8s la<strong> Guerre civile espagnole<\/strong>, lorsque, dans la p\u00e9riode d'apr\u00e8s-guerre et face \u00e0 la pauvret\u00e9, les familles ont d\u00e9cid\u00e9 de<strong> changer les ingr\u00e9dients<\/strong> comme l'anguille, le lapin ou le chorizo, au poulet et aux l\u00e9gumes. C'\u00e9tait beaucoup plus abordable \u00e0 l'\u00e9poque.<\/p>\n<p><img fetchpriority=\"high\" decoding=\"async\" class=\"aligncenter wp-image-10166\" src=\"https:\/\/upgrade.valenciaandgo.com\/wp-content\/uploads\/2026\/03\/Primeras-paellas.webp\" alt=\"\" width=\"500\" height=\"333\" srcset=\"https:\/\/upgrade.valenciaandgo.com\/wp-content\/uploads\/2026\/03\/Primeras-paellas.webp 675w, https:\/\/upgrade.valenciaandgo.com\/wp-content\/uploads\/2026\/03\/Primeras-paellas-18x12.webp 18w\" sizes=\"(max-width: 500px) 100vw, 500px\" \/><\/p>\n<p><!-- \/wp:paragraph --><\/p>\t\t\t\t\t\t\t\t<\/div>\n\t\t\t\t<\/div>\n\t\t\t\t<\/div>\n\t\t<div class=\"elementor-element elementor-element-7b93a2f e-con-full e-flex e-con e-child\" data-id=\"7b93a2f\" data-element_type=\"container\" data-e-type=\"container\">\n\t\t<div class=\"elementor-element elementor-element-38020f4 e-con-full e-flex e-con e-child\" data-id=\"38020f4\" data-element_type=\"container\" data-e-type=\"container\">\n\t\t\t\t<div class=\"elementor-element elementor-element-ff78f97 elementor-widget elementor-widget-heading\" data-id=\"ff78f97\" data-element_type=\"widget\" data-e-type=\"widget\" data-widget_type=\"heading.default\">\n\t\t\t\t\t<h2 class=\"elementor-heading-title elementor-size-default\">L'interpr\u00e9tation de la paella<\/h2>\t\t\t\t<\/div>\n\t\t\t\t<\/div>\n\t\t<div class=\"elementor-element elementor-element-9c7eb2b e-con-full e-flex e-con e-child\" data-id=\"9c7eb2b\" data-element_type=\"container\" data-e-type=\"container\">\n\t\t\t\t<div class=\"elementor-element elementor-element-0010a4c elementor-widget elementor-widget-text-editor\" data-id=\"0010a4c\" data-element_type=\"widget\" data-e-type=\"widget\" data-widget_type=\"text-editor.default\">\n\t\t\t\t\t\t\t\t\t<p>Ce plat riche, nourrissant, cam\u00e9l\u00e9on et unique <strong>a fait l'objet de nombreuses modifications et interpr\u00e9tations.<\/strong> Et cela a toujours \u00e9t\u00e9 une <strong>plaque de r\u00e9union<\/strong>, du partage. L'excuse parfaite pour r\u00e9unir famille et amis, s'asseoir autour de la paella et la d\u00e9guster ensemble.<\/p>\n<p><!-- \/wp:paragraph --><!-- wp:paragraph --><\/p>\n<p>Il existe une culture du riz non seulement dans la province de Valence, mais aussi dans toute la Communaut\u00e9 valencienne.<\/p>\n<p><!-- \/wp:paragraph --><!-- wp:paragraph --><\/p>\n<p>Au <strong>Alicante<\/strong> Par exemple, ils conservent g\u00e9n\u00e9ralement les poivrons qu'ils utilisaient auparavant et ajoutent m\u00eame des pois chiches.<\/p>\n<p><!-- \/wp:paragraph --><!-- wp:paragraph --><\/p>\n<p><strong>\u00c0 Castell\u00f3n <\/strong>Des c\u00f4tes de porc et des pois mange-tout sont \u00e9galement ajout\u00e9s.<\/p>\n<p><!-- \/wp:paragraph --><!-- wp:paragraph --><\/p>\n<p>Dans d'autres r\u00e9gions de Valence, telles que <strong>la Safor<\/strong> Il est typique de mettre des \u00bbpilota\u00bb ou boulettes de viande avec du poivre et de l'huile d'olive.<strong> Benicarl\u00f3<\/strong> qui est l'apog\u00e9e des artichauts, ils sont toujours ajout\u00e9s \u00e0 la bonne p\u00e9riode de l'ann\u00e9e.<\/p>\n<p><!-- \/wp:paragraph --><!-- wp:paragraph --><\/p>\n<p>Dans le domaine de la<strong> Gand\u00eda <\/strong>par exemple, on utilise le m\u00eame r\u00e9cipient pour le cuire mais on y met des p\u00e2tes et cela s'appelle<strong> \u00bbFideu\u00e0 :<\/strong> est n\u00e9e de la p\u00e9nurie de riz au 20e si\u00e8cle. La cuisine la plus caract\u00e9ristique est celle du poisson : langoustines, crevettes, seiches, lotte et bouillon.<\/p>\n<p><!-- \/wp:paragraph --><!-- wp:paragraph --><\/p>\n<p>Ainsi, bien que l'on nous dise qu'il n'y a que la paella valencienne, il existe de nombreuses vari\u00e9t\u00e9s de paella, m\u00eame si la paella valencienne, comme nous le savons tous, est celle qui est pr\u00e9par\u00e9e avec du poulet, du lapin, des haricots, des escargots et des artichauts s'ils sont de saison.<\/p>\t\t\t\t\t\t\t\t<\/div>\n\t\t\t\t<\/div>\n\t\t\t\t<\/div>\n\t\t<div class=\"elementor-element elementor-element-6d38e89 e-con-full e-flex e-con e-child\" data-id=\"6d38e89\" data-element_type=\"container\" data-e-type=\"container\">\n\t\t<div class=\"elementor-element elementor-element-d3bc138 e-con-full e-flex e-con e-child\" data-id=\"d3bc138\" data-element_type=\"container\" data-e-type=\"container\">\n\t\t\t\t<div class=\"elementor-element elementor-element-08c3816 elementor-widget elementor-widget-heading\" data-id=\"08c3816\" data-element_type=\"widget\" data-e-type=\"widget\" data-widget_type=\"heading.default\">\n\t\t\t\t\t<h2 class=\"elementor-heading-title elementor-size-default\">Conseils pour une pr\u00e9paration parfaite<\/h2>\t\t\t\t<\/div>\n\t\t\t\t<\/div>\n\t\t<div class=\"elementor-element elementor-element-675d757 e-con-full e-flex e-con e-child\" data-id=\"675d757\" data-element_type=\"container\" data-e-type=\"container\">\n\t\t\t\t<div class=\"elementor-element elementor-element-00f7b2d elementor-widget elementor-widget-text-editor\" data-id=\"00f7b2d\" data-element_type=\"widget\" data-e-type=\"widget\" data-widget_type=\"text-editor.default\">\n\t\t\t\t\t\t\t\t\t<p>Mais en r\u00e9alit\u00e9, ce qui nous reste, c'est cela, <strong>est \u00e9labor\u00e9e avec les ingr\u00e9dients que la terre nous offre et selon la saison de l'ann\u00e9e.<\/strong> Ainsi, tout est frais et de grande qualit\u00e9.<\/p>\n<p><!-- \/wp:paragraph --><!-- wp:paragraph --><\/p>\n<p>Aujourd'hui, la paella est devenue un art. Avec une technique particuli\u00e8re et un d\u00e9vouement qui n'est pas donn\u00e9 \u00e0 tout le monde.<\/p>\n<p><!-- \/wp:paragraph --><!-- wp:paragraph --><\/p>\n<p>Le probl\u00e8me est qu'il faut le g\u00e2ter beaucoup, contr\u00f4ler le moment et choisir des ingr\u00e9dients de saison.<\/p>\n<p><!-- \/wp:paragraph --><!-- wp:paragraph --><\/p>\n<p>Faire une fine couche de riz, bien faire revenir la viande ou les crevettes pour que toute la saveur reste dans la paella avec l'huile.<\/p>\n<p><!-- \/wp:paragraph --><!-- wp:paragraph --><\/p>\n<p>Retirer les ingr\u00e9dients principaux et ajouter, dans le cas de la paella valencienne, les l\u00e9gumes. Et dans le cas de la paella aux fruits de mer, la seiche ou le poulpe...<\/p>\t\t\t\t\t\t\t\t<\/div>\n\t\t\t\t<\/div>\n\t\t\t\t<\/div>\n\t\t<div class=\"elementor-element elementor-element-e16cfb5 e-con-full e-flex e-con e-child\" data-id=\"e16cfb5\" data-element_type=\"container\" data-e-type=\"container\">\n\t\t<div class=\"elementor-element elementor-element-26c1f56 e-con-full e-flex e-con e-child\" data-id=\"26c1f56\" data-element_type=\"container\" data-e-type=\"container\">\n\t\t\t\t<div class=\"elementor-element elementor-element-f496c46 elementor-widget elementor-widget-heading\" data-id=\"f496c46\" data-element_type=\"widget\" data-e-type=\"widget\" data-widget_type=\"heading.default\">\n\t\t\t\t\t<h2 class=\"elementor-heading-title elementor-size-default\">L'essentiel est que les saveurs soient int\u00e9gr\u00e9es et que le riz brunisse avec les ingr\u00e9dients, absorbant ainsi toute leur saveur.<\/h2>\t\t\t\t<\/div>\n\t\t\t\t<\/div>\n\t\t<div class=\"elementor-element elementor-element-6ae28d7 e-con-full e-flex e-con e-child\" data-id=\"6ae28d7\" data-element_type=\"container\" data-e-type=\"container\">\n\t\t\t\t<div class=\"elementor-element elementor-element-d143669 elementor-widget elementor-widget-text-editor\" data-id=\"d143669\" data-element_type=\"widget\" data-e-type=\"widget\" data-widget_type=\"text-editor.default\">\n\t\t\t\t\t\t\t\t\t<p>Une fois le riz bruni, ajouter le fumet de poisson ou l'eau de la paella valencienne et laisser r\u00e9duire \u00e0 feu moyen-vif.<\/p>\n<p><!-- \/wp:paragraph --><!-- wp:paragraph --><\/p>\n<p>\u00c0 la fin du plat, ajouter le romarin ou les crevettes (selon qu'il s'agit de viande ou de poisson).<\/p>\n<p><!-- \/wp:paragraph --><!-- wp:paragraph --><\/p>\n<p>Il existe une Wikip\u00e9dia cr\u00e9\u00e9e sp\u00e9cialement pour parler de ce plat d\u00e9clar\u00e9 int\u00e9r\u00eat culturel immat\u00e9riel : Wikipaella.<\/p>\n<p><!-- \/wp:paragraph --><!-- wp:paragraph --><\/p>\n<p>Wikipaella, une association qui distingue les restaurants qui pr\u00e9parent une authentique paella valencienne.<\/p>\n<p><em>Comme le dit Paco Alonso, l'un de ses cr\u00e9ateurs, le riz doit \u00eatre \u201csec, entier, juteux et savoureux\u201d.<\/em><\/p>\t\t\t\t\t\t\t\t<\/div>\n\t\t\t\t<\/div>\n\t\t\t\t<\/div>\n\t\t<div class=\"elementor-element elementor-element-16f7e7d e-con-full e-flex e-con e-child\" data-id=\"16f7e7d\" data-element_type=\"container\" data-e-type=\"container\">\n\t\t<div class=\"elementor-element elementor-element-3545997 e-con-full e-flex e-con e-child\" data-id=\"3545997\" data-element_type=\"container\" data-e-type=\"container\">\n\t\t\t\t<div class=\"elementor-element elementor-element-eba75f9 elementor-widget elementor-widget-heading\" data-id=\"eba75f9\" data-element_type=\"widget\" data-e-type=\"widget\" data-widget_type=\"heading.default\">\n\t\t\t\t\t<h2 class=\"elementor-heading-title elementor-size-default\">La l\u00e9gende veut que...<\/h2>\t\t\t\t<\/div>\n\t\t\t\t<\/div>\n\t\t<div class=\"elementor-element elementor-element-b4ca02d e-con-full e-flex e-con e-child\" data-id=\"b4ca02d\" data-element_type=\"container\" data-e-type=\"container\">\n\t\t\t\t<div class=\"elementor-element elementor-element-2cda5ee elementor-widget elementor-widget-text-editor\" data-id=\"2cda5ee\" data-element_type=\"widget\" data-e-type=\"widget\" data-widget_type=\"text-editor.default\">\n\t\t\t\t\t\t\t\t\t<p>Enfin, nous vous expliquerons comment se d\u00e9roule la paella<strong> a franchi les fronti\u00e8res <\/strong>y<strong> a r\u00e9ussi \u00e0 donner la libert\u00e9 \u00e0 ceux qui en avaient le plus besoin...<\/strong><\/p>\n<p><!-- \/wp:paragraph --><!-- wp:paragraph --><\/p>\n<p>On dit que cela s'est produit dans la <strong>Guerre d'ind\u00e9pendance.<\/strong> Un g\u00e9n\u00e9ral fran\u00e7ais, amoureux de la paella, avait conclu un march\u00e9 avec une femme : pour chaque plat de paella diff\u00e9rent que la femme lui apporterait, il lib\u00e9rerait un prisonnier.<\/p>\n<p><!-- \/wp:paragraph --><!-- wp:paragraph --><\/p>\n<p>La femme s'est donc mise au travail et lui a pr\u00e9par\u00e9 chaque jour une recette de paella diff\u00e9rente, laissant libre cours \u00e0 son imagination. On dit qu'elle a r\u00e9ussi \u00e0 <strong>lib\u00e9rer quelque 176 prisonniers.<\/strong><\/p>\t\t\t\t\t\t\t\t<\/div>\n\t\t\t\t<\/div>\n\t\t\t\t<\/div>\n\t\t<div class=\"elementor-element elementor-element-bfed649 e-con-full e-flex e-con e-child\" data-id=\"bfed649\" data-element_type=\"container\" data-e-type=\"container\">\n\t\t<div class=\"elementor-element elementor-element-be81588 e-con-full e-flex e-con e-child\" data-id=\"be81588\" data-element_type=\"container\" data-e-type=\"container\">\n\t\t\t\t<div class=\"elementor-element elementor-element-569548a elementor-widget elementor-widget-heading\" data-id=\"569548a\" data-element_type=\"widget\" data-e-type=\"widget\" data-widget_type=\"heading.default\">\n\t\t\t\t\t<h2 class=\"elementor-heading-title elementor-size-default\">Faits int\u00e9ressants sur la paella<\/h2>\t\t\t\t<\/div>\n\t\t\t\t<\/div>\n\t\t<div class=\"elementor-element elementor-element-1898f1e e-con-full e-flex e-con e-child\" data-id=\"1898f1e\" data-element_type=\"container\" data-e-type=\"container\">\n\t\t\t\t<div class=\"elementor-element elementor-element-4929f20 elementor-widget elementor-widget-text-editor\" data-id=\"4929f20\" data-element_type=\"widget\" data-e-type=\"widget\" data-widget_type=\"text-editor.default\">\n\t\t\t\t\t\t\t\t\t<p>D'ailleurs !<\/p>\n<p><!-- \/wp:paragraph --><!-- wp:list --><\/p>\n<ul class=\"wp-block-list\"><!-- wp:list-item -->\n<li>La journ\u00e9e mondiale de la paella a lieu le 20 septembre.<\/li>\n<!-- \/wp:list-item --><!-- wp:list-item -->\n<li>Il existe un concours international de paella valencienne \u00e0 Sueca. La recette de la paella traditionnelle valencienne est pr\u00e9par\u00e9e au feu de bois. Des demi-finales sont organis\u00e9es dans plusieurs pays du monde : Mexique, Japon, \u00c9tats-Unis...<\/li>\n<!-- \/wp:list-item --><!-- wp:list-item -->\n<li>Le dimanche est le jour o\u00f9 l'on mange la paella par excellence.<\/li>\n<!-- \/wp:list-item --><\/ul>\n<p><!-- \/wp:list --><\/p>\t\t\t\t\t\t\t\t<\/div>\n\t\t\t\t<\/div>\n\t\t\t\t<\/div>\n\t\t<div class=\"elementor-element elementor-element-cdb346b e-con-full e-flex e-con e-child\" data-id=\"cdb346b\" data-element_type=\"container\" data-e-type=\"container\">\n\t\t<div class=\"elementor-element elementor-element-dbcae97 e-con-full e-flex e-con e-child\" data-id=\"dbcae97\" data-element_type=\"container\" data-e-type=\"container\">\n\t\t\t\t<div class=\"elementor-element elementor-element-c838afb elementor-widget elementor-widget-heading\" data-id=\"c838afb\" data-element_type=\"widget\" data-e-type=\"widget\" data-widget_type=\"heading.default\">\n\t\t\t\t\t<h2 class=\"elementor-heading-title elementor-size-default\">Nous vous recommandons TOP restaurants o\u00f9 vous pouvez manger une bonne paella<\/h2>\t\t\t\t<\/div>\n\t\t\t\t<\/div>\n\t\t<div class=\"elementor-element elementor-element-8765152 e-con-full e-flex e-con e-child\" data-id=\"8765152\" data-element_type=\"container\" data-e-type=\"container\">\n\t\t\t\t<div class=\"elementor-element elementor-element-6b96a84 elementor-widget elementor-widget-text-editor\" data-id=\"6b96a84\" data-element_type=\"widget\" data-e-type=\"widget\" data-widget_type=\"text-editor.default\">\n\t\t\t\t\t\t\t\t\t<p>Voici nos restaurants de paella pr\u00e9f\u00e9r\u00e9s<\/p>\n<p><!-- \/wp:paragraph --><!-- wp:heading {\"level\":3} --><\/p>\n<h3 class=\"wp-block-heading\">Valencia<\/h3>\n<p><!-- \/wp:heading --><!-- wp:list --><\/p>\n<ul class=\"wp-block-list\"><!-- wp:list-item -->\n<li>La famille<\/li>\n<!-- \/wp:list-item --><!-- wp:list-item -->\n<li>L'Alqueria del Pou<\/li>\n<!-- \/wp:list-item --><!-- wp:list-item -->\n<li>Casa C\u00e9sar el Delf\u00edn<\/li>\n<!-- \/wp:list-item --><!-- wp:list-item -->\n<li>La r\u00e9volte<\/li>\n<!-- \/wp:list-item --><!-- wp:list-item -->\n<li>Nou Rac\u00f2<\/li>\n<!-- \/wp:list-item --><!-- wp:list-item -->\n<li>Mistela Bar<\/li>\n<!-- \/wp:list-item --><\/ul>\n<p><!-- \/wp:list --><!-- wp:heading {\"level\":3} --><\/p>\n<h3 class=\"wp-block-heading\">Alicante<\/h3>\n<p><!-- \/wp:heading --><!-- wp:list --><\/p>\n<ul class=\"wp-block-list\"><!-- wp:list-item -->\n<li>Los Jazmines (Altea)<\/li>\n<!-- \/wp:list-item --><!-- wp:list-item -->\n<li>H\u00f4tel San Miguel (Altea)<\/li>\n<!-- \/wp:list-item --><!-- wp:list-item -->\n<li>Venta la Monta\u00f1a (Benimantell)<\/li>\n<!-- \/wp:list-item --><!-- wp:list-item -->\n<li>Ca Rafel (Benimantell)<\/li>\n<!-- \/wp:list-item --><\/ul>\n<p><!-- \/wp:list --><!-- wp:heading {\"level\":3} --><\/p>\t\t\t\t\t\t\t\t<\/div>\n\t\t\t\t<\/div>\n\t\t\t\t<\/div>\n\t\t<div class=\"elementor-element elementor-element-1d88f7c e-con-full e-flex e-con e-child\" data-id=\"1d88f7c\" data-element_type=\"container\" data-e-type=\"container\">\n\t\t<div class=\"elementor-element elementor-element-a7f4bbd e-con-full e-flex e-con e-child\" data-id=\"a7f4bbd\" data-element_type=\"container\" data-e-type=\"container\">\n\t\t\t\t<div class=\"elementor-element elementor-element-c765302 elementor-widget elementor-widget-text-editor\" data-id=\"c765302\" data-element_type=\"widget\" data-e-type=\"widget\" data-widget_type=\"text-editor.default\">\n\t\t\t\t\t\t\t\t\t<h4>Vous souhaitez conna\u00eetre le parc naturel de l'Albufera, ses rizi\u00e8res, sa faune et sa flore ?<\/h4>\n<h4><!-- \/wp:heading --><!-- wp:heading {\"level\":3} --><\/h4>\n<h4 class=\"wp-block-heading\">Nous avons l'excursion id\u00e9ale pour vous... <a href=\"https:\/\/valenciaandgo.com\/excursiones-desde-valencia\/excursion-al-parque-natural-de-la-albufera\/\">Venez d\u00e9couvrir l'Albufera et sa magie<\/a><\/h4>\t\t\t\t\t\t\t\t<\/div>\n\t\t\t\t<\/div>\n\t\t\t\t<\/div>\n\t\t\t\t\t<\/div>\n\t\t\t\t<\/div>\n\t\t\t\t<\/div>","protected":false},"excerpt":{"rendered":"<p>El arroz siempre ha sido un manjar reconocido en todo el mundo, y es que es el cereal m\u00e1s famoso por sus propiedades nutritivas y su larga historia. Del arroz, a la paella. De \u00c1frica a Valencia. Pero, remont\u00e1ndonos un poco atr\u00e1s en el tiempo \u00bfc\u00f3mo lleg\u00f3 a Valencia? Fue tra\u00eddo por los p\u00e1ramos, habitantes [&hellip;]<\/p>\n","protected":false},"author":1,"featured_media":738,"comment_status":"closed","ping_status":"closed","sticky":false,"template":"","format":"standard","meta":{"_acf_changed":false,"footnotes":""},"categories":[23],"tags":[25,27,43],"class_list":["post-460","post","type-post","status-publish","format-standard","has-post-thumbnail","hentry","category-gastronomia","tag-alicante","tag-castellon","tag-paella"],"acf":[],"yoast_head":"<!-- This site is optimized with the Yoast SEO plugin v27.5 - https:\/\/yoast.com\/product\/yoast-seo-wordpress\/ -->\n<title>La aut\u00e9ntica paella de Valencia - Valencia&amp;Go<\/title>\n<meta name=\"description\" content=\"La paella es un arte culinario declarado Bien de Inter\u00e9s Cultural, reconocido en todo el mundo. \u00bfPero conocemos realmente su origen?\" \/>\n<meta name=\"robots\" content=\"noindex, follow, max-snippet:-1, max-image-preview:large, max-video-preview:-1\" \/>\n<meta property=\"og:locale\" content=\"fr_FR\" \/>\n<meta property=\"og:type\" content=\"article\" \/>\n<meta property=\"og:title\" content=\"La aut\u00e9ntica paella de Valencia - Valencia&amp;Go\" \/>\n<meta property=\"og:description\" content=\"La paella es un arte culinario declarado Bien de Inter\u00e9s Cultural, reconocido en todo el mundo. \u00bfPero conocemos realmente su origen?\" \/>\n<meta property=\"og:url\" content=\"https:\/\/upgrade.valenciaandgo.com\/fr\/paella\/\" \/>\n<meta property=\"og:site_name\" content=\"Valencia&amp;Go\" \/>\n<meta property=\"article:publisher\" content=\"https:\/\/www.facebook.com\/valenciaandgo\/\" \/>\n<meta property=\"article:published_time\" content=\"2022-04-07T10:19:00+00:00\" \/>\n<meta property=\"article:modified_time\" content=\"2026-03-16T15:44:06+00:00\" \/>\n<meta property=\"og:image\" content=\"https:\/\/upgrade.valenciaandgo.com\/wp-content\/uploads\/2025\/11\/img-blog-paella-valencia.webp\" \/>\n\t<meta property=\"og:image:width\" content=\"1170\" \/>\n\t<meta property=\"og:image:height\" content=\"783\" \/>\n\t<meta property=\"og:image:type\" content=\"image\/webp\" \/>\n<meta name=\"author\" content=\"Valencia &amp; Go\" \/>\n<meta name=\"twitter:card\" content=\"summary_large_image\" \/>\n<meta name=\"twitter:label1\" content=\"\u00c9crit par\" \/>\n\t<meta name=\"twitter:data1\" content=\"Valencia &amp; Go\" \/>\n\t<meta name=\"twitter:label2\" content=\"Dur\u00e9e de lecture estim\u00e9e\" \/>\n\t<meta name=\"twitter:data2\" content=\"6 minutes\" \/>\n<script type=\"application\/ld+json\" class=\"yoast-schema-graph\">{\"@context\":\"https:\\\/\\\/schema.org\",\"@graph\":[{\"@type\":\"Article\",\"@id\":\"https:\\\/\\\/upgrade.valenciaandgo.com\\\/paella\\\/#article\",\"isPartOf\":{\"@id\":\"https:\\\/\\\/upgrade.valenciaandgo.com\\\/paella\\\/\"},\"author\":{\"name\":\"Valencia &amp; Go\",\"@id\":\"https:\\\/\\\/upgrade.valenciaandgo.com\\\/it\\\/#\\\/schema\\\/person\\\/ca673553802eb937b57af07a6ce74908\"},\"headline\":\"La aut\u00e9ntica paella de Valencia\",\"datePublished\":\"2022-04-07T10:19:00+00:00\",\"dateModified\":\"2026-03-16T15:44:06+00:00\",\"mainEntityOfPage\":{\"@id\":\"https:\\\/\\\/upgrade.valenciaandgo.com\\\/paella\\\/\"},\"wordCount\":1223,\"publisher\":{\"@id\":\"https:\\\/\\\/upgrade.valenciaandgo.com\\\/it\\\/#organization\"},\"image\":{\"@id\":\"https:\\\/\\\/upgrade.valenciaandgo.com\\\/paella\\\/#primaryimage\"},\"thumbnailUrl\":\"https:\\\/\\\/upgrade.valenciaandgo.com\\\/wp-content\\\/uploads\\\/2025\\\/11\\\/img-blog-paella-valencia.webp\",\"keywords\":[\"Alicante\",\"Castell\u00f3n\",\"paella\"],\"articleSection\":[\"Gastronom\u00eda\"],\"inLanguage\":\"fr-FR\"},{\"@type\":\"WebPage\",\"@id\":\"https:\\\/\\\/upgrade.valenciaandgo.com\\\/paella\\\/\",\"url\":\"https:\\\/\\\/upgrade.valenciaandgo.com\\\/paella\\\/\",\"name\":\"La aut\u00e9ntica paella de Valencia - Valencia&amp;Go\",\"isPartOf\":{\"@id\":\"https:\\\/\\\/upgrade.valenciaandgo.com\\\/it\\\/#website\"},\"primaryImageOfPage\":{\"@id\":\"https:\\\/\\\/upgrade.valenciaandgo.com\\\/paella\\\/#primaryimage\"},\"image\":{\"@id\":\"https:\\\/\\\/upgrade.valenciaandgo.com\\\/paella\\\/#primaryimage\"},\"thumbnailUrl\":\"https:\\\/\\\/upgrade.valenciaandgo.com\\\/wp-content\\\/uploads\\\/2025\\\/11\\\/img-blog-paella-valencia.webp\",\"datePublished\":\"2022-04-07T10:19:00+00:00\",\"dateModified\":\"2026-03-16T15:44:06+00:00\",\"description\":\"La paella es un arte culinario declarado Bien de Inter\u00e9s Cultural, reconocido en todo el mundo. \u00bfPero conocemos realmente su origen?\",\"breadcrumb\":{\"@id\":\"https:\\\/\\\/upgrade.valenciaandgo.com\\\/paella\\\/#breadcrumb\"},\"inLanguage\":\"fr-FR\",\"potentialAction\":[{\"@type\":\"ReadAction\",\"target\":[\"https:\\\/\\\/upgrade.valenciaandgo.com\\\/paella\\\/\"]}]},{\"@type\":\"ImageObject\",\"inLanguage\":\"fr-FR\",\"@id\":\"https:\\\/\\\/upgrade.valenciaandgo.com\\\/paella\\\/#primaryimage\",\"url\":\"https:\\\/\\\/upgrade.valenciaandgo.com\\\/wp-content\\\/uploads\\\/2025\\\/11\\\/img-blog-paella-valencia.webp\",\"contentUrl\":\"https:\\\/\\\/upgrade.valenciaandgo.com\\\/wp-content\\\/uploads\\\/2025\\\/11\\\/img-blog-paella-valencia.webp\",\"width\":1170,\"height\":783},{\"@type\":\"BreadcrumbList\",\"@id\":\"https:\\\/\\\/upgrade.valenciaandgo.com\\\/paella\\\/#breadcrumb\",\"itemListElement\":[{\"@type\":\"ListItem\",\"position\":1,\"name\":\"Portada\",\"item\":\"https:\\\/\\\/upgrade.valenciaandgo.com\\\/\"},{\"@type\":\"ListItem\",\"position\":2,\"name\":\"La aut\u00e9ntica paella de Valencia\"}]},{\"@type\":\"WebSite\",\"@id\":\"https:\\\/\\\/upgrade.valenciaandgo.com\\\/it\\\/#website\",\"url\":\"https:\\\/\\\/upgrade.valenciaandgo.com\\\/it\\\/\",\"name\":\"Valencia&Go\",\"description\":\"Tours por Valencia y alrededores de ciudad.\",\"publisher\":{\"@id\":\"https:\\\/\\\/upgrade.valenciaandgo.com\\\/it\\\/#organization\"},\"potentialAction\":[{\"@type\":\"SearchAction\",\"target\":{\"@type\":\"EntryPoint\",\"urlTemplate\":\"https:\\\/\\\/upgrade.valenciaandgo.com\\\/it\\\/?s={search_term_string}\"},\"query-input\":{\"@type\":\"PropertyValueSpecification\",\"valueRequired\":true,\"valueName\":\"search_term_string\"}}],\"inLanguage\":\"fr-FR\"},{\"@type\":\"Organization\",\"@id\":\"https:\\\/\\\/upgrade.valenciaandgo.com\\\/it\\\/#organization\",\"name\":\"Valencia&Go\",\"url\":\"https:\\\/\\\/upgrade.valenciaandgo.com\\\/it\\\/\",\"logo\":{\"@type\":\"ImageObject\",\"inLanguage\":\"fr-FR\",\"@id\":\"https:\\\/\\\/upgrade.valenciaandgo.com\\\/it\\\/#\\\/schema\\\/logo\\\/image\\\/\",\"url\":\"https:\\\/\\\/upgrade.valenciaandgo.com\\\/wp-content\\\/uploads\\\/2025\\\/10\\\/valencia_go-svg-blnc-iso-naranja.svg\",\"contentUrl\":\"https:\\\/\\\/upgrade.valenciaandgo.com\\\/wp-content\\\/uploads\\\/2025\\\/10\\\/valencia_go-svg-blnc-iso-naranja.svg\",\"width\":434,\"height\":102,\"caption\":\"Valencia&Go\"},\"image\":{\"@id\":\"https:\\\/\\\/upgrade.valenciaandgo.com\\\/it\\\/#\\\/schema\\\/logo\\\/image\\\/\"},\"sameAs\":[\"https:\\\/\\\/www.facebook.com\\\/valenciaandgo\\\/\",\"https:\\\/\\\/www.instagram.com\\\/valenciaandgo\",\"https:\\\/\\\/www.linkedin.com\\\/company\\\/valencia-go\\\/\",\"https:\\\/\\\/www.tiktok.com\\\/@valenciaandgo\"]},{\"@type\":\"Person\",\"@id\":\"https:\\\/\\\/upgrade.valenciaandgo.com\\\/it\\\/#\\\/schema\\\/person\\\/ca673553802eb937b57af07a6ce74908\",\"name\":\"Valencia &amp; Go\",\"sameAs\":[\"https:\\\/\\\/valenciaandgo.com\"],\"url\":\"https:\\\/\\\/upgrade.valenciaandgo.com\\\/fr\\\/author\\\/valencia\\\/\"}]}<\/script>\n<!-- \/ Yoast SEO plugin. -->","yoast_head_json":{"title":"L'authentique paella de Valence - Valencia&amp;Go","description":"La paella est un art culinaire d\u00e9clar\u00e9 Bien d'Int\u00e9r\u00eat Culturel, reconnu dans le monde entier, mais connaissons-nous vraiment ses origines ?","robots":{"index":"noindex","follow":"follow","max-snippet":"max-snippet:-1","max-image-preview":"max-image-preview:large","max-video-preview":"max-video-preview:-1"},"og_locale":"fr_FR","og_type":"article","og_title":"La aut\u00e9ntica paella de Valencia - Valencia&amp;Go","og_description":"La paella es un arte culinario declarado Bien de Inter\u00e9s Cultural, reconocido en todo el mundo. \u00bfPero conocemos realmente su origen?","og_url":"https:\/\/upgrade.valenciaandgo.com\/fr\/paella\/","og_site_name":"Valencia&amp;Go","article_publisher":"https:\/\/www.facebook.com\/valenciaandgo\/","article_published_time":"2022-04-07T10:19:00+00:00","article_modified_time":"2026-03-16T15:44:06+00:00","og_image":[{"width":1170,"height":783,"url":"https:\/\/upgrade.valenciaandgo.com\/wp-content\/uploads\/2025\/11\/img-blog-paella-valencia.webp","type":"image\/webp"}],"author":"Valencia &amp; Go","twitter_card":"summary_large_image","twitter_misc":{"\u00c9crit par":"Valencia &amp; Go","Dur\u00e9e de lecture estim\u00e9e":"6 minutes"},"schema":{"@context":"https:\/\/schema.org","@graph":[{"@type":"Article","@id":"https:\/\/upgrade.valenciaandgo.com\/paella\/#article","isPartOf":{"@id":"https:\/\/upgrade.valenciaandgo.com\/paella\/"},"author":{"name":"Valencia &amp; Go","@id":"https:\/\/upgrade.valenciaandgo.com\/it\/#\/schema\/person\/ca673553802eb937b57af07a6ce74908"},"headline":"La aut\u00e9ntica paella de Valencia","datePublished":"2022-04-07T10:19:00+00:00","dateModified":"2026-03-16T15:44:06+00:00","mainEntityOfPage":{"@id":"https:\/\/upgrade.valenciaandgo.com\/paella\/"},"wordCount":1223,"publisher":{"@id":"https:\/\/upgrade.valenciaandgo.com\/it\/#organization"},"image":{"@id":"https:\/\/upgrade.valenciaandgo.com\/paella\/#primaryimage"},"thumbnailUrl":"https:\/\/upgrade.valenciaandgo.com\/wp-content\/uploads\/2025\/11\/img-blog-paella-valencia.webp","keywords":["Alicante","Castell\u00f3n","paella"],"articleSection":["Gastronom\u00eda"],"inLanguage":"fr-FR"},{"@type":"WebPage","@id":"https:\/\/upgrade.valenciaandgo.com\/paella\/","url":"https:\/\/upgrade.valenciaandgo.com\/paella\/","name":"L'authentique paella de Valence - Valencia&amp;Go","isPartOf":{"@id":"https:\/\/upgrade.valenciaandgo.com\/it\/#website"},"primaryImageOfPage":{"@id":"https:\/\/upgrade.valenciaandgo.com\/paella\/#primaryimage"},"image":{"@id":"https:\/\/upgrade.valenciaandgo.com\/paella\/#primaryimage"},"thumbnailUrl":"https:\/\/upgrade.valenciaandgo.com\/wp-content\/uploads\/2025\/11\/img-blog-paella-valencia.webp","datePublished":"2022-04-07T10:19:00+00:00","dateModified":"2026-03-16T15:44:06+00:00","description":"La paella est un art culinaire d\u00e9clar\u00e9 Bien d'Int\u00e9r\u00eat Culturel, reconnu dans le monde entier, mais connaissons-nous vraiment ses origines ?","breadcrumb":{"@id":"https:\/\/upgrade.valenciaandgo.com\/paella\/#breadcrumb"},"inLanguage":"fr-FR","potentialAction":[{"@type":"ReadAction","target":["https:\/\/upgrade.valenciaandgo.com\/paella\/"]}]},{"@type":"ImageObject","inLanguage":"fr-FR","@id":"https:\/\/upgrade.valenciaandgo.com\/paella\/#primaryimage","url":"https:\/\/upgrade.valenciaandgo.com\/wp-content\/uploads\/2025\/11\/img-blog-paella-valencia.webp","contentUrl":"https:\/\/upgrade.valenciaandgo.com\/wp-content\/uploads\/2025\/11\/img-blog-paella-valencia.webp","width":1170,"height":783},{"@type":"BreadcrumbList","@id":"https:\/\/upgrade.valenciaandgo.com\/paella\/#breadcrumb","itemListElement":[{"@type":"ListItem","position":1,"name":"Portada","item":"https:\/\/upgrade.valenciaandgo.com\/"},{"@type":"ListItem","position":2,"name":"La aut\u00e9ntica paella de Valencia"}]},{"@type":"WebSite","@id":"https:\/\/upgrade.valenciaandgo.com\/it\/#website","url":"https:\/\/upgrade.valenciaandgo.com\/it\/","name":"Valencia&amp;Go","description":"Visites de Valence et de ses environs.","publisher":{"@id":"https:\/\/upgrade.valenciaandgo.com\/it\/#organization"},"potentialAction":[{"@type":"SearchAction","target":{"@type":"EntryPoint","urlTemplate":"https:\/\/upgrade.valenciaandgo.com\/it\/?s={search_term_string}"},"query-input":{"@type":"PropertyValueSpecification","valueRequired":true,"valueName":"search_term_string"}}],"inLanguage":"fr-FR"},{"@type":"Organization","@id":"https:\/\/upgrade.valenciaandgo.com\/it\/#organization","name":"Valencia&amp;Go","url":"https:\/\/upgrade.valenciaandgo.com\/it\/","logo":{"@type":"ImageObject","inLanguage":"fr-FR","@id":"https:\/\/upgrade.valenciaandgo.com\/it\/#\/schema\/logo\/image\/","url":"https:\/\/upgrade.valenciaandgo.com\/wp-content\/uploads\/2025\/10\/valencia_go-svg-blnc-iso-naranja.svg","contentUrl":"https:\/\/upgrade.valenciaandgo.com\/wp-content\/uploads\/2025\/10\/valencia_go-svg-blnc-iso-naranja.svg","width":434,"height":102,"caption":"Valencia&Go"},"image":{"@id":"https:\/\/upgrade.valenciaandgo.com\/it\/#\/schema\/logo\/image\/"},"sameAs":["https:\/\/www.facebook.com\/valenciaandgo\/","https:\/\/www.instagram.com\/valenciaandgo","https:\/\/www.linkedin.com\/company\/valencia-go\/","https:\/\/www.tiktok.com\/@valenciaandgo"]},{"@type":"Person","@id":"https:\/\/upgrade.valenciaandgo.com\/it\/#\/schema\/person\/ca673553802eb937b57af07a6ce74908","name":"Valence &amp; Go","sameAs":["https:\/\/valenciaandgo.com"],"url":"https:\/\/upgrade.valenciaandgo.com\/fr\/author\/valencia\/"}]}},"_links":{"self":[{"href":"https:\/\/upgrade.valenciaandgo.com\/fr\/wp-json\/wp\/v2\/posts\/460","targetHints":{"allow":["GET"]}}],"collection":[{"href":"https:\/\/upgrade.valenciaandgo.com\/fr\/wp-json\/wp\/v2\/posts"}],"about":[{"href":"https:\/\/upgrade.valenciaandgo.com\/fr\/wp-json\/wp\/v2\/types\/post"}],"author":[{"embeddable":true,"href":"https:\/\/upgrade.valenciaandgo.com\/fr\/wp-json\/wp\/v2\/users\/1"}],"replies":[{"embeddable":true,"href":"https:\/\/upgrade.valenciaandgo.com\/fr\/wp-json\/wp\/v2\/comments?post=460"}],"version-history":[{"count":0,"href":"https:\/\/upgrade.valenciaandgo.com\/fr\/wp-json\/wp\/v2\/posts\/460\/revisions"}],"wp:featuredmedia":[{"embeddable":true,"href":"https:\/\/upgrade.valenciaandgo.com\/fr\/wp-json\/wp\/v2\/media\/738"}],"wp:attachment":[{"href":"https:\/\/upgrade.valenciaandgo.com\/fr\/wp-json\/wp\/v2\/media?parent=460"}],"wp:term":[{"taxonomy":"category","embeddable":true,"href":"https:\/\/upgrade.valenciaandgo.com\/fr\/wp-json\/wp\/v2\/categories?post=460"},{"taxonomy":"post_tag","embeddable":true,"href":"https:\/\/upgrade.valenciaandgo.com\/fr\/wp-json\/wp\/v2\/tags?post=460"}],"curies":[{"name":"wp","href":"https:\/\/api.w.org\/{rel}","templated":true}]}}