{"id":458,"date":"2022-04-01T12:52:00","date_gmt":"2022-04-01T12:52:00","guid":{"rendered":"https:\/\/new.valenciaandgo.com\/?p=458"},"modified":"2026-03-16T15:49:18","modified_gmt":"2026-03-16T15:49:18","slug":"xativa","status":"publish","type":"post","link":"https:\/\/upgrade.valenciaandgo.com\/fr\/xativa\/","title":{"rendered":"X\u00e0tiva : la ville qui a fait l'histoire"},"content":{"rendered":"<div data-elementor-type=\"wp-post\" data-elementor-id=\"458\" class=\"elementor elementor-458\" data-elementor-post-type=\"post\">\n\t\t\t\t<div class=\"elementor-element elementor-element-63eb8a4 e-flex e-con-boxed e-con e-parent\" data-id=\"63eb8a4\" data-element_type=\"container\" data-e-type=\"container\">\n\t\t\t\t\t<div class=\"e-con-inner\">\n\t\t<div class=\"elementor-element elementor-element-785f39fb e-con-full e-flex e-con e-child\" data-id=\"785f39fb\" data-element_type=\"container\" data-e-type=\"container\">\n\t\t\t\t<div class=\"elementor-element elementor-element-646877a9 elementor-widget elementor-widget-text-editor\" data-id=\"646877a9\" data-element_type=\"widget\" data-e-type=\"widget\" data-widget_type=\"text-editor.default\">\n\t\t\t\t\t\t\t\t\t\n<p><strong>X\u00e1tiva est synonyme d'abondance : pour sa riche histoire et pour son \u00e9norme influence culturelle et gastronomique.<\/strong><\/p>\n<p>C'est une petite ville de pr\u00e8s de 30 000 habitants, peut-\u00eatre peu connue au niveau international, et m\u00eame en Espagne, mais c'est une ville tr\u00e8s peu peupl\u00e9e. <strong>cache des l\u00e9gendes et des tr\u00e9sors historiques qui ont marqu\u00e9 la vie de la p\u00e9ninsule.<\/strong><\/p>\n<p><\/p>\n<p>En raison de sa position strat\u00e9gique au pied d'un massif montagneux, de nombreux peuples anciens ont voulu se l'approprier.<img fetchpriority=\"high\" decoding=\"async\" class=\"aligncenter wp-image-10177\" src=\"https:\/\/upgrade.valenciaandgo.com\/wp-content\/uploads\/2026\/03\/Xativa.webp\" alt=\"\" width=\"500\" height=\"281\" srcset=\"https:\/\/upgrade.valenciaandgo.com\/wp-content\/uploads\/2026\/03\/Xativa.webp 1536w, https:\/\/upgrade.valenciaandgo.com\/wp-content\/uploads\/2026\/03\/Xativa-18x10.webp 18w\" sizes=\"(max-width: 500px) 100vw, 500px\" \/><\/p>\n<p><\/p>\n\t\t\t\t\t\t\t\t<\/div>\n\t\t\t\t<\/div>\n\t\t<div class=\"elementor-element elementor-element-265c53da e-con-full e-flex e-con e-child\" data-id=\"265c53da\" data-element_type=\"container\" data-e-type=\"container\">\n\t\t<div class=\"elementor-element elementor-element-24d26770 e-con-full e-flex e-con e-child\" data-id=\"24d26770\" data-element_type=\"container\" data-e-type=\"container\">\n\t\t\t\t<div class=\"elementor-element elementor-element-6f0f356b elementor-widget elementor-widget-heading\" data-id=\"6f0f356b\" data-element_type=\"widget\" data-e-type=\"widget\" data-widget_type=\"heading.default\">\n\t\t\t\t\t<h2 class=\"elementor-heading-title elementor-size-default\">Histoire de X\u00e1tiva<\/h2>\t\t\t\t<\/div>\n\t\t\t\t<\/div>\n\t\t<div class=\"elementor-element elementor-element-1c4d28a9 e-con-full e-flex e-con e-child\" data-id=\"1c4d28a9\" data-element_type=\"container\" data-e-type=\"container\">\n\t\t\t\t<div class=\"elementor-element elementor-element-5c80b068 elementor-widget elementor-widget-text-editor\" data-id=\"5c80b068\" data-element_type=\"widget\" data-e-type=\"widget\" data-widget_type=\"text-editor.default\">\n\t\t\t\t\t\t\t\t\t<p>Des Ib\u00e8res aux Grecs, des Ph\u00e9niciens aux Romains, mais c'est \u00e0 l'\u00e9poque musulmane qu'elle a atteint sa plus grande splendeur.<\/p>\n<p><!-- \/wp:paragraph --><!-- wp:paragraph --><\/p>\n<p>Au cours de cette p\u00e9riode, une importante industrie papeti\u00e8re s'est d\u00e9velopp\u00e9e, produisant du papier de riz, et le premier moulin \u00e0 riz d'Europe a \u00e9t\u00e9 cr\u00e9\u00e9.<\/p>\n<p><!-- \/wp:paragraph --><!-- wp:paragraph --><\/p>\n<p><strong>Elle a toujours \u00e9t\u00e9 pionni\u00e8re :<\/strong><\/p>\n<p><!-- \/wp:paragraph --><!-- wp:paragraph --><\/p>\n<p><strong>Culture et styles de connaissance <\/strong>a vu dispara\u00eetre de nombreux intellectuels et po\u00e8tes tels que : <strong>Ibn Hazm<\/strong> auteur de \u00bbEl collar de la Paloma\u00bb, l'une des plus importantes \u0153uvres de po\u00e9sie amoureuse de la litt\u00e9rature espagnole ou \"El collar de la Paloma\". <strong>Ibn Jubair<\/strong> surnomm\u00e9 le Marco Polo espagnol pour ses livres remplis d'aventures et de voyages autour du monde.<\/p>\n<p>Elle est consid\u00e9r\u00e9e comme l'une des villes les plus importantes de l'ancien royaume de Valence, presque aussi influente que Valence elle-m\u00eame.<\/p>\n<p><!-- \/wp:paragraph --><!-- wp:paragraph --><\/p>\n<p>Et c'\u00e9tait<strong> le lieu de naissance de deux des papes Borgia <\/strong>Calixte III (de 1455 \u00e0 1458) et Alexandre VI (de 1492 \u00e0 1503) dont on peut voir les statues en bronze \u00e0 l'entr\u00e9e de la Coll\u00e9giale de Santa Maria.<\/p>\n<p><!-- \/wp:paragraph --><!-- wp:paragraph --><\/p>\n<p><!-- \/wp:paragraph --><!-- wp:paragraph --><\/p>\n<p>Mais il n'y a pas de doute sur son grand attrait, parfaitement pr\u00e9serv\u00e9 aujourd'hui, <strong>est le ch\u00e2teau situ\u00e9 au sommet de la ville.<\/strong>, Il s'agit en fait de deux ch\u00e2teaux qui ont \u00e9t\u00e9 r\u00e9unis au fil du temps et qui ont fait de cette ville l'un des remparts les plus imp\u00e9n\u00e9trables jamais vus.<\/p>\t\t\t\t\t\t\t\t<\/div>\n\t\t\t\t<\/div>\n\t\t\t\t<\/div>\n\t\t<div class=\"elementor-element elementor-element-fcc7d35 e-con-full e-flex e-con e-child\" data-id=\"fcc7d35\" data-element_type=\"container\" data-e-type=\"container\">\n\t\t<div class=\"elementor-element elementor-element-464559a e-con-full e-flex e-con e-child\" data-id=\"464559a\" data-element_type=\"container\" data-e-type=\"container\">\n\t\t\t\t<div class=\"elementor-element elementor-element-cf11f6e elementor-widget elementor-widget-heading\" data-id=\"cf11f6e\" data-element_type=\"widget\" data-e-type=\"widget\" data-widget_type=\"heading.default\">\n\t\t\t\t\t<h2 class=\"elementor-heading-title elementor-size-default\">Le ch\u00e2teau de X\u00e0tiva<\/h2>\t\t\t\t<\/div>\n\t\t\t\t<\/div>\n\t\t<div class=\"elementor-element elementor-element-dcf560a e-con-full e-flex e-con e-child\" data-id=\"dcf560a\" data-element_type=\"container\" data-e-type=\"container\">\n\t\t\t\t<div class=\"elementor-element elementor-element-659af8e elementor-widget elementor-widget-text-editor\" data-id=\"659af8e\" data-element_type=\"widget\" data-e-type=\"widget\" data-widget_type=\"text-editor.default\">\n\t\t\t\t\t\t\t\t\t<p>Divis\u00e9 en deux parties construites \u00e0 des moments diff\u00e9rents de l'histoire, nous trouvons :<\/p>\n<p><!-- \/wp:paragraph --><!-- wp:list --><\/p>\n<ul class=\"wp-block-list\">\n<li style=\"list-style-type: none;\">\n<ul class=\"wp-block-list\"><!-- wp:list-item --><\/ul>\n<\/li>\n<\/ul>\n<ul class=\"wp-block-list\">\n<li><em><strong>Le Petit Castell :<\/strong> <\/em>de la construction ib\u00e9rique \u00e9tait le <strong>original<\/strong> de cette imposante forteresse.<\/li>\n<\/ul>\n<p><!-- \/wp:list-item --><\/p>\n<p><!-- \/wp:list --><!-- wp:paragraph --><\/p>\n<p>C'est l\u00e0 qu'est n\u00e9 le fils du grand g\u00e9n\u00e9ral carthaginois <strong>An\u00edbal Barca<\/strong> et son \u00e9pouse ib\u00e9rique Himilce en 218 av. J.-C., qui fut le protagoniste de la c\u00e9l\u00e8bre histoire du voyage avec les \u00e9l\u00e9phants : il traversa les Pyr\u00e9n\u00e9es puis les Alpes pour atteindre Rome et la vaincre.<\/p>\n<p><!-- \/wp:paragraph --><!-- wp:list --><\/p>\n<ul class=\"wp-block-list\">\n<li style=\"list-style-type: none;\">\n<ul class=\"wp-block-list\"><!-- wp:list-item --><\/ul>\n<\/li>\n<\/ul>\n<ul class=\"wp-block-list\">\n<li><em><strong>El Castell Major :<\/strong><\/em> a \u00e9t\u00e9 construite dans le<strong> \u00e9poque m\u00e9di\u00e9vale<\/strong> et il se trouve \u00e0 une altitude plus \u00e9lev\u00e9e, de sorte que <strong>les vues sont \u00e0 couper le souffle<\/strong>Au nord, on aper\u00e7oit la ville de X\u00e0tiva et la merveilleuse rivi\u00e8re J\u00facar ; au sud, les c\u00e9l\u00e8bres cha\u00eenes de montagnes Mariola, Grossa et Benicadell ; \u00e0 l'ouest, la fronti\u00e8re avec la communaut\u00e9 de Castilla la Mancha et \u00e0 l'est, m\u00eame par temps clair, la mer M\u00e9diterran\u00e9e.<\/li>\n<\/ul>\n<p><!-- \/wp:list-item --><\/p>\n<p><!-- \/wp:list --><!-- wp:paragraph --><\/p>\n<p>Ce dernier, apr\u00e8s la reconqu\u00eate chr\u00e9tienne de Jaume I <strong>est devenue la principale forteresse sur la route entre la Castille et la capitale du royaume de Valence.<\/strong> et a \u00e9t\u00e9 utilis\u00e9 comme prison d'\u00c9tat de l'ancienne Couronne d'Aragon.<\/p>\n<p><!-- \/wp:paragraph --><!-- wp:paragraph --><\/p>\n<p>Les deux ch\u00e2teaux sont reli\u00e9s par un rempart qui faisait partie de la ceinture d\u00e9fensive de la ville.<\/p>\n<p><!-- \/wp:paragraph --><!-- wp:paragraph --><\/p>\n<p>Comprenez-vous maintenant pourquoi c'\u00e9tait un endroit cl\u00e9 que tout le monde voulait conqu\u00e9rir ?<\/p>\n<p><!-- \/wp:paragraph --><!-- wp:paragraph --><\/p>\n<p style=\"text-align: center;\"><img decoding=\"async\" class=\"aligncenter wp-image-10178 size-full\" src=\"https:\/\/upgrade.valenciaandgo.com\/wp-content\/uploads\/2026\/03\/Basilica_santa_Maria_de_la_Seu.webp\" alt=\"\" width=\"460\" height=\"307\" srcset=\"https:\/\/upgrade.valenciaandgo.com\/wp-content\/uploads\/2026\/03\/Basilica_santa_Maria_de_la_Seu.webp 460w, https:\/\/upgrade.valenciaandgo.com\/wp-content\/uploads\/2026\/03\/Basilica_santa_Maria_de_la_Seu-18x12.webp 18w\" sizes=\"(max-width: 460px) 100vw, 460px\" \/><em>comunitatvalenciana.com - Coll\u00e9giale Basilique de Santa Maria, La Seu, X\u00e0tiva<\/em><\/p>\t\t\t\t\t\t\t\t<\/div>\n\t\t\t\t<\/div>\n\t\t\t\t<\/div>\n\t\t<div class=\"elementor-element elementor-element-6a7afac e-con-full e-flex e-con e-child\" data-id=\"6a7afac\" data-element_type=\"container\" data-e-type=\"container\">\n\t\t<div class=\"elementor-element elementor-element-8a1fdb1 e-con-full e-flex e-con e-child\" data-id=\"8a1fdb1\" data-element_type=\"container\" data-e-type=\"container\">\n\t\t\t\t<div class=\"elementor-element elementor-element-57003d6 elementor-widget elementor-widget-heading\" data-id=\"57003d6\" data-element_type=\"widget\" data-e-type=\"widget\" data-widget_type=\"heading.default\">\n\t\t\t\t\t<h2 class=\"elementor-heading-title elementor-size-default\">Une richesse monumentale<\/h2>\t\t\t\t<\/div>\n\t\t\t\t<\/div>\n\t\t<div class=\"elementor-element elementor-element-048137b e-con-full e-flex e-con e-child\" data-id=\"048137b\" data-element_type=\"container\" data-e-type=\"container\">\n\t\t\t\t<div class=\"elementor-element elementor-element-d633510 elementor-widget elementor-widget-text-editor\" data-id=\"d633510\" data-element_type=\"widget\" data-e-type=\"widget\" data-widget_type=\"text-editor.default\">\n\t\t\t\t\t\t\t\t\t<p>Mais le ch\u00e2teau n'est pas la seule chose qui nous surprend dans cette ville...<\/p>\n<p><!-- \/wp:paragraph --><!-- wp:paragraph --><\/p>\n<p>Si vous descendez de la forteresse, vous trouverez la<strong> \u00c9glise de Sant Feliu, la plus ancienne, achev\u00e9e en 1269.<\/strong><\/p>\n<p><!-- \/wp:paragraph --><!-- wp:paragraph --><\/p>\n<p>Une fois l'\u00e9glise travers\u00e9e, vous entrez dans ce que l'on appelle la \"salle des f\u00eates\".<strong> Site historico-artistique<\/strong>, qui est le vieux quartier de X\u00e0tiva.<\/p>\n<p><!-- \/wp:paragraph --><!-- wp:paragraph --><\/p>\n<p>L'appel :<strong> ville aux mille fontaines,<\/strong> Elle abrite des monuments de tous types et de toutes \u00e9poques : tours, \u00e9glises, palais, fontaines, maisons nobles...<\/p>\n<p><!-- \/wp:paragraph --><!-- wp:paragraph --><\/p>\n<p><strong>Les rues de la ville ont \u00e9t\u00e9 parcourues par la haute bourgeoisie dans tout son luxe, des lutteurs, des artistes et des penseurs, et sa diversit\u00e9 de formes et de cultures la rend encore plus riche.<\/strong><br \/>Les monuments \u00e0 mettre en valeur et que vous pourrez visiter avec nous sont les suivants <strong><em>la Coll\u00e9giale<\/em><\/strong> la grande \u00e9glise, et<strong> <em>l'Almod\u00ed<\/em><\/strong> Il s'agit d'un b\u00e2timent qui servait de bourse du bl\u00e9 et qui a \u00e9t\u00e9 transform\u00e9 en mus\u00e9e arch\u00e9ologique et des beaux-arts. Pouvez-vous imaginer ce que vous pouvez y trouver ? Si vous aimez l'histoire, vous pourrez d\u00e9couvrir dans ce b\u00e2timent des joyaux de l'Antiquit\u00e9 encore pr\u00e9serv\u00e9s.<\/p>\n<p><!-- \/wp:paragraph --><!-- wp:paragraph --><\/p>\n<p>Au <strong>l'Almod\u00ed<\/strong> un passage de l'histoire se d\u00e9roule sous la forme d'une <strong>trag\u00e9die<\/strong> pour X\u00e0tiva :<br \/>Pendant la guerre de succession d'Espagne, le tr\u00f4ne est partag\u00e9 entre Philippe V de Bourbon et l'archiduc Charles d'Autriche.<br \/>Les Valenciens soutenaient Charles d'Autriche et Philippe mit le feu \u00e0 la ville, la d\u00e9truisant presque enti\u00e8rement. Pour se venger, les Valenciens suspendirent \u00e0 l'envers le portrait de Philippe que l'on peut voir au mus\u00e9e des Beaux-Arts (et ainsi de suite !).<\/p>\n<p><!-- \/wp:paragraph --><!-- wp:heading --><\/p>\t\t\t\t\t\t\t\t<\/div>\n\t\t\t\t<\/div>\n\t\t\t\t<\/div>\n\t\t<div class=\"elementor-element elementor-element-9eb5aeb e-con-full e-flex e-con e-child\" data-id=\"9eb5aeb\" data-element_type=\"container\" data-e-type=\"container\">\n\t\t<div class=\"elementor-element elementor-element-cf68e68 e-con-full e-flex e-con e-child\" data-id=\"cf68e68\" data-element_type=\"container\" data-e-type=\"container\">\n\t\t\t\t<div class=\"elementor-element elementor-element-409b542 elementor-widget elementor-widget-heading\" data-id=\"409b542\" data-element_type=\"widget\" data-e-type=\"widget\" data-widget_type=\"heading.default\">\n\t\t\t\t\t<h2 class=\"elementor-heading-title elementor-size-default\">Curiosit\u00e9s de X\u00e1tiva<\/h2>\t\t\t\t<\/div>\n\t\t\t\t<\/div>\n\t\t<div class=\"elementor-element elementor-element-77032bf e-con-full e-flex e-con e-child\" data-id=\"77032bf\" data-element_type=\"container\" data-e-type=\"container\">\n\t\t\t\t<div class=\"elementor-element elementor-element-e1366ba elementor-widget elementor-widget-text-editor\" data-id=\"e1366ba\" data-element_type=\"widget\" data-e-type=\"widget\" data-widget_type=\"text-editor.default\">\n\t\t\t\t\t\t\t\t\t<h3 class=\"wp-block-heading\">Foire du mois d'ao\u00fbt<\/h3>\n<p><!-- \/wp:heading --><!-- wp:paragraph --><\/p>\n<p><strong>La foire du mois d'ao\u00fbt<\/strong> est l'une des c\u00e9l\u00e9brations les plus importantes de la r\u00e9gion, d\u00e9clar\u00e9e comme telle <strong>Festival d'int\u00e9r\u00eat touristique national<\/strong> qui se d\u00e9roule du 14 au 20 ao\u00fbt.<\/p>\n<p><!-- \/wp:paragraph --><!-- wp:paragraph --><\/p>\n<p>Il s'agissait \u00e0 l'origine d'une foire aux bestiaux et, bien qu'elle continue d'organiser des concours, elle est pass\u00e9e \u00e0 l'arri\u00e8re-plan.<strong> un jalon culturel :<\/strong> des march\u00e9s, des spectacles, des d\u00e9fil\u00e9s et des \u00e9v\u00e9nements centr\u00e9s sur la danse, l'art et la chanson. Comme en<strong> La nuit des Albaes :<\/strong> qui est une chanson traditionnelle valencienne d'origine ancestrale. Ce soir-l\u00e0, les chanteurs se r\u00e9unissent sur la Plaza de Sant Pere pour participer \u00e0 un tournoi de chant.<\/p>\n<p><!-- \/wp:paragraph --><!-- wp:paragraph --><\/p>\n<p>Il est \u00e9galement tr\u00e8s int\u00e9ressant de noter que la<strong> Fiesta del Motociclismo : il s'agit de la plus ancienne comp\u00e9tition de motocyclisme sur circuit de rue en Espagne.<\/strong> o\u00f9 des millions de fans viennent avec leurs motos de tous les coins du pays. Il se tient sans interruption depuis 1951.<\/p>\n<p><!-- \/wp:paragraph --><!-- wp:paragraph --><\/p>\n<p>Ils c\u00e9l\u00e8brent \u00e9galement la<strong> Festival de la Can\u00e7\u00f3 :<\/strong> diffuser la musique traditionnelle m\u00e9diterran\u00e9enne, afin qu'elle ne se perde pas.<\/p>\n<p><!-- \/wp:paragraph --><!-- wp:paragraph --><\/p>\n<p>Et le <strong>march\u00e9 m\u00e9di\u00e9val<\/strong> est tr\u00e8s c\u00e9l\u00e8bre dans la r\u00e9gion, avec des produits artisanaux de toutes sortes : nourriture, gadgets...<\/p>\n<p><!-- \/wp:paragraph --><!-- wp:paragraph --><\/p>\n<p>X\u00e0tiva, c'est la couleur, la musique, la tradition... c'est le spectacle, avec sa grande vari\u00e9t\u00e9 de tournois pour tous les \u00e2ges, cette semaine-l\u00e0 est la reine de la danse.<\/p>\n<p><!-- \/wp:paragraph --><!-- wp:paragraph --><\/p>\n<p><!-- \/wp:paragraph --><!-- wp:heading {\"level\":3} --><\/p>\t\t\t\t\t\t\t\t<\/div>\n\t\t\t\t<\/div>\n\t\t\t\t<\/div>\n\t\t<div class=\"elementor-element elementor-element-579a82c e-con-full e-flex e-con e-child\" data-id=\"579a82c\" data-element_type=\"container\" data-e-type=\"container\">\n\t\t<div class=\"elementor-element elementor-element-f13b62e e-con-full e-flex e-con e-child\" data-id=\"f13b62e\" data-element_type=\"container\" data-e-type=\"container\">\n\t\t\t\t<div class=\"elementor-element elementor-element-a367de0 elementor-widget elementor-widget-heading\" data-id=\"a367de0\" data-element_type=\"widget\" data-e-type=\"widget\" data-widget_type=\"heading.default\">\n\t\t\t\t\t<h2 class=\"elementor-heading-title elementor-size-default\">La gastronomie de r\u00eave<\/h2>\t\t\t\t<\/div>\n\t\t\t\t<\/div>\n\t\t<div class=\"elementor-element elementor-element-50a2500 e-con-full e-flex e-con e-child\" data-id=\"50a2500\" data-element_type=\"container\" data-e-type=\"container\">\n\t\t\t\t<div class=\"elementor-element elementor-element-4de3ab7 elementor-widget elementor-widget-text-editor\" data-id=\"4de3ab7\" data-element_type=\"widget\" data-e-type=\"widget\" data-widget_type=\"text-editor.default\">\n\t\t\t\t\t\t\t\t\t<p>C'est ici que le <strong>riz cuit au four<\/strong>, moins connue que la paella mais tout aussi savoureuse, voire plus savoureuse, la <em><strong>arros amb fessols i naps<\/strong> <\/em>y <strong>l'arnand\u00ed<\/strong> qui est un bonbon typique.<\/p>\n<p><!-- \/wp:paragraph --><!-- wp:heading {\"level\":3} --><\/p>\t\t\t\t\t\t\t\t<\/div>\n\t\t\t\t<\/div>\n\t\t\t\t<\/div>\n\t\t<div class=\"elementor-element elementor-element-10f8e3c e-con-full e-flex e-con e-child\" data-id=\"10f8e3c\" data-element_type=\"container\" data-e-type=\"container\">\n\t\t<div class=\"elementor-element elementor-element-1569f57 e-con-full e-flex e-con e-child\" data-id=\"1569f57\" data-element_type=\"container\" data-e-type=\"container\">\n\t\t\t\t<div class=\"elementor-element elementor-element-a2c7c54 elementor-widget elementor-widget-heading\" data-id=\"a2c7c54\" data-element_type=\"widget\" data-e-type=\"widget\" data-widget_type=\"heading.default\">\n\t\t\t\t\t<h2 class=\"elementor-heading-title elementor-size-default\">Des itin\u00e9raires sans fin au c\u0153ur de la nature<\/h2>\t\t\t\t<\/div>\n\t\t\t\t<\/div>\n\t\t<div class=\"elementor-element elementor-element-1fea595 e-con-full e-flex e-con e-child\" data-id=\"1fea595\" data-element_type=\"container\" data-e-type=\"container\">\n\t\t\t\t<div class=\"elementor-element elementor-element-5a6ec9c elementor-widget elementor-widget-text-editor\" data-id=\"5a6ec9c\" data-element_type=\"widget\" data-e-type=\"widget\" data-widget_type=\"text-editor.default\">\n\t\t\t\t\t\t\t\t\t<p>Elle poss\u00e8de le plus grand nombre de sites naturels d'Espagne, 26 au total.<br \/>Dont, bien s\u00fbr, la<strong> Route des Borgia<\/strong> et le <strong>Site naturel de Cova Negra.<\/strong><\/p>\t\t\t\t\t\t\t\t<\/div>\n\t\t\t\t<\/div>\n\t\t\t\t<\/div>\n\t\t<div class=\"elementor-element elementor-element-476bd0a e-con-full e-flex e-con e-child\" data-id=\"476bd0a\" data-element_type=\"container\" data-e-type=\"container\">\n\t\t<div class=\"elementor-element elementor-element-a0b6c75 e-con-full e-flex e-con e-child\" data-id=\"a0b6c75\" data-element_type=\"container\" data-e-type=\"container\">\n\t\t\t\t<div class=\"elementor-element elementor-element-e01a700 elementor-widget elementor-widget-heading\" data-id=\"e01a700\" data-element_type=\"widget\" data-e-type=\"widget\" data-widget_type=\"heading.default\">\n\t\t\t\t\t<h2 class=\"elementor-heading-title elementor-size-default\">La cr\u00e8che g\u00e9ante<\/h2>\t\t\t\t<\/div>\n\t\t\t\t<\/div>\n\t\t<div class=\"elementor-element elementor-element-2b5d92d e-con-full e-flex e-con e-child\" data-id=\"2b5d92d\" data-element_type=\"container\" data-e-type=\"container\">\n\t\t\t\t<div class=\"elementor-element elementor-element-9d6fb8a elementor-widget elementor-widget-text-editor\" data-id=\"9d6fb8a\" data-element_type=\"widget\" data-e-type=\"widget\" data-widget_type=\"text-editor.default\">\n\t\t\t\t\t\t\t\t\t<p>\u00c0 No\u00ebl, vous pourrez admirer la plus grande cr\u00e8che grandeur nature du pays, un vrai r\u00e9gal.<\/p>\t\t\t\t\t\t\t\t<\/div>\n\t\t\t\t<\/div>\n\t\t\t\t<\/div>\n\t\t\t\t\t<\/div>\n\t\t\t\t<\/div>\n\t\t\t\t<\/div>","protected":false},"excerpt":{"rendered":"<p>X\u00e1tiva es sin\u00f3nimo de abundancia: por su rica historia y por su enorme influencia cultural y gastron\u00f3mica. Es una peque\u00f1a ciudad, con casi 30.000 habitantes puede que poco conocida en el \u00e1mbito internacional, e incluso en la propia Espa\u00f1a, pero esconde leyendas y tesoros hist\u00f3ricos que marcaron la vida en la pen\u00ednsula. Por su posici\u00f3n [&hellip;]<\/p>\n","protected":false},"author":1,"featured_media":703,"comment_status":"closed","ping_status":"closed","sticky":false,"template":"","format":"standard","meta":{"_acf_changed":false,"footnotes":""},"categories":[41],"tags":[47,34,48,49,45,50],"class_list":["post-458","post","type-post","status-publish","format-standard","has-post-thumbnail","hentry","category-que-ver","tag-cultural","tag-excursiones","tag-heritage","tag-naturaleza","tag-patrimonio-cultural","tag-xativa"],"acf":[],"yoast_head":"<!-- This site is optimized with the Yoast SEO plugin v27.5 - https:\/\/yoast.com\/product\/yoast-seo-wordpress\/ -->\n<title>X\u00e0tiva: el pueblo que hizo historia - Valencia&amp;Go<\/title>\n<meta name=\"description\" content=\"\u00bfQu\u00e9 se esconde detr\u00e1s de uno de los lugares clave en la historia de Valencia? \u00a1Descubre X\u00e0tiva el pueblo que hizo historia con nosotros!\" \/>\n<meta name=\"robots\" content=\"noindex, follow, max-snippet:-1, max-image-preview:large, max-video-preview:-1\" \/>\n<meta property=\"og:locale\" content=\"fr_FR\" \/>\n<meta property=\"og:type\" content=\"article\" \/>\n<meta property=\"og:title\" content=\"X\u00e0tiva: el pueblo que hizo historia - Valencia&amp;Go\" \/>\n<meta property=\"og:description\" content=\"\u00bfQu\u00e9 se esconde detr\u00e1s de uno de los lugares clave en la historia de Valencia? \u00a1Descubre X\u00e0tiva el pueblo que hizo historia con nosotros!\" \/>\n<meta property=\"og:url\" content=\"https:\/\/upgrade.valenciaandgo.com\/fr\/xativa\/\" \/>\n<meta property=\"og:site_name\" content=\"Valencia&amp;Go\" \/>\n<meta property=\"article:publisher\" content=\"https:\/\/www.facebook.com\/valenciaandgo\/\" \/>\n<meta property=\"article:published_time\" content=\"2022-04-01T12:52:00+00:00\" \/>\n<meta property=\"article:modified_time\" content=\"2026-03-16T15:49:18+00:00\" \/>\n<meta property=\"og:image\" content=\"https:\/\/upgrade.valenciaandgo.com\/wp-content\/uploads\/2025\/11\/img-blog-xativa-historia.webp\" \/>\n\t<meta property=\"og:image:width\" content=\"1170\" \/>\n\t<meta property=\"og:image:height\" content=\"783\" \/>\n\t<meta property=\"og:image:type\" content=\"image\/webp\" \/>\n<meta name=\"author\" content=\"Valencia &amp; Go\" \/>\n<meta name=\"twitter:card\" content=\"summary_large_image\" \/>\n<meta name=\"twitter:label1\" content=\"\u00c9crit par\" \/>\n\t<meta name=\"twitter:data1\" content=\"Valencia &amp; Go\" \/>\n\t<meta name=\"twitter:label2\" content=\"Dur\u00e9e de lecture estim\u00e9e\" \/>\n\t<meta name=\"twitter:data2\" content=\"6 minutes\" \/>\n<script type=\"application\/ld+json\" class=\"yoast-schema-graph\">{\"@context\":\"https:\\\/\\\/schema.org\",\"@graph\":[{\"@type\":\"Article\",\"@id\":\"https:\\\/\\\/upgrade.valenciaandgo.com\\\/xativa\\\/#article\",\"isPartOf\":{\"@id\":\"https:\\\/\\\/upgrade.valenciaandgo.com\\\/xativa\\\/\"},\"author\":{\"name\":\"Valencia &amp; Go\",\"@id\":\"https:\\\/\\\/upgrade.valenciaandgo.com\\\/it\\\/#\\\/schema\\\/person\\\/ca673553802eb937b57af07a6ce74908\"},\"headline\":\"X\u00e0tiva: el pueblo que hizo historia\",\"datePublished\":\"2022-04-01T12:52:00+00:00\",\"dateModified\":\"2026-03-16T15:49:18+00:00\",\"mainEntityOfPage\":{\"@id\":\"https:\\\/\\\/upgrade.valenciaandgo.com\\\/xativa\\\/\"},\"wordCount\":1212,\"publisher\":{\"@id\":\"https:\\\/\\\/upgrade.valenciaandgo.com\\\/it\\\/#organization\"},\"image\":{\"@id\":\"https:\\\/\\\/upgrade.valenciaandgo.com\\\/xativa\\\/#primaryimage\"},\"thumbnailUrl\":\"https:\\\/\\\/upgrade.valenciaandgo.com\\\/wp-content\\\/uploads\\\/2025\\\/11\\\/img-blog-xativa-historia.webp\",\"keywords\":[\"cultural\",\"excursiones\",\"heritage\",\"naturaleza\",\"patrimonio cultural\",\"X\u00e0tiva\"],\"articleSection\":[\"Qu\u00e9 ver\"],\"inLanguage\":\"fr-FR\"},{\"@type\":\"WebPage\",\"@id\":\"https:\\\/\\\/upgrade.valenciaandgo.com\\\/xativa\\\/\",\"url\":\"https:\\\/\\\/upgrade.valenciaandgo.com\\\/xativa\\\/\",\"name\":\"X\u00e0tiva: el pueblo que hizo historia - Valencia&amp;Go\",\"isPartOf\":{\"@id\":\"https:\\\/\\\/upgrade.valenciaandgo.com\\\/it\\\/#website\"},\"primaryImageOfPage\":{\"@id\":\"https:\\\/\\\/upgrade.valenciaandgo.com\\\/xativa\\\/#primaryimage\"},\"image\":{\"@id\":\"https:\\\/\\\/upgrade.valenciaandgo.com\\\/xativa\\\/#primaryimage\"},\"thumbnailUrl\":\"https:\\\/\\\/upgrade.valenciaandgo.com\\\/wp-content\\\/uploads\\\/2025\\\/11\\\/img-blog-xativa-historia.webp\",\"datePublished\":\"2022-04-01T12:52:00+00:00\",\"dateModified\":\"2026-03-16T15:49:18+00:00\",\"description\":\"\u00bfQu\u00e9 se esconde detr\u00e1s de uno de los lugares clave en la historia de Valencia? \u00a1Descubre X\u00e0tiva el pueblo que hizo historia con nosotros!\",\"breadcrumb\":{\"@id\":\"https:\\\/\\\/upgrade.valenciaandgo.com\\\/xativa\\\/#breadcrumb\"},\"inLanguage\":\"fr-FR\",\"potentialAction\":[{\"@type\":\"ReadAction\",\"target\":[\"https:\\\/\\\/upgrade.valenciaandgo.com\\\/xativa\\\/\"]}]},{\"@type\":\"ImageObject\",\"inLanguage\":\"fr-FR\",\"@id\":\"https:\\\/\\\/upgrade.valenciaandgo.com\\\/xativa\\\/#primaryimage\",\"url\":\"https:\\\/\\\/upgrade.valenciaandgo.com\\\/wp-content\\\/uploads\\\/2025\\\/11\\\/img-blog-xativa-historia.webp\",\"contentUrl\":\"https:\\\/\\\/upgrade.valenciaandgo.com\\\/wp-content\\\/uploads\\\/2025\\\/11\\\/img-blog-xativa-historia.webp\",\"width\":1170,\"height\":783},{\"@type\":\"BreadcrumbList\",\"@id\":\"https:\\\/\\\/upgrade.valenciaandgo.com\\\/xativa\\\/#breadcrumb\",\"itemListElement\":[{\"@type\":\"ListItem\",\"position\":1,\"name\":\"Portada\",\"item\":\"https:\\\/\\\/upgrade.valenciaandgo.com\\\/\"},{\"@type\":\"ListItem\",\"position\":2,\"name\":\"X\u00e0tiva: el pueblo que hizo historia\"}]},{\"@type\":\"WebSite\",\"@id\":\"https:\\\/\\\/upgrade.valenciaandgo.com\\\/it\\\/#website\",\"url\":\"https:\\\/\\\/upgrade.valenciaandgo.com\\\/it\\\/\",\"name\":\"Valencia&Go\",\"description\":\"Tours por Valencia y alrededores de ciudad.\",\"publisher\":{\"@id\":\"https:\\\/\\\/upgrade.valenciaandgo.com\\\/it\\\/#organization\"},\"potentialAction\":[{\"@type\":\"SearchAction\",\"target\":{\"@type\":\"EntryPoint\",\"urlTemplate\":\"https:\\\/\\\/upgrade.valenciaandgo.com\\\/it\\\/?s={search_term_string}\"},\"query-input\":{\"@type\":\"PropertyValueSpecification\",\"valueRequired\":true,\"valueName\":\"search_term_string\"}}],\"inLanguage\":\"fr-FR\"},{\"@type\":\"Organization\",\"@id\":\"https:\\\/\\\/upgrade.valenciaandgo.com\\\/it\\\/#organization\",\"name\":\"Valencia&Go\",\"url\":\"https:\\\/\\\/upgrade.valenciaandgo.com\\\/it\\\/\",\"logo\":{\"@type\":\"ImageObject\",\"inLanguage\":\"fr-FR\",\"@id\":\"https:\\\/\\\/upgrade.valenciaandgo.com\\\/it\\\/#\\\/schema\\\/logo\\\/image\\\/\",\"url\":\"https:\\\/\\\/upgrade.valenciaandgo.com\\\/wp-content\\\/uploads\\\/2025\\\/10\\\/valencia_go-svg-blnc-iso-naranja.svg\",\"contentUrl\":\"https:\\\/\\\/upgrade.valenciaandgo.com\\\/wp-content\\\/uploads\\\/2025\\\/10\\\/valencia_go-svg-blnc-iso-naranja.svg\",\"width\":434,\"height\":102,\"caption\":\"Valencia&Go\"},\"image\":{\"@id\":\"https:\\\/\\\/upgrade.valenciaandgo.com\\\/it\\\/#\\\/schema\\\/logo\\\/image\\\/\"},\"sameAs\":[\"https:\\\/\\\/www.facebook.com\\\/valenciaandgo\\\/\",\"https:\\\/\\\/www.instagram.com\\\/valenciaandgo\",\"https:\\\/\\\/www.linkedin.com\\\/company\\\/valencia-go\\\/\",\"https:\\\/\\\/www.tiktok.com\\\/@valenciaandgo\"]},{\"@type\":\"Person\",\"@id\":\"https:\\\/\\\/upgrade.valenciaandgo.com\\\/it\\\/#\\\/schema\\\/person\\\/ca673553802eb937b57af07a6ce74908\",\"name\":\"Valencia &amp; Go\",\"sameAs\":[\"https:\\\/\\\/valenciaandgo.com\"],\"url\":\"https:\\\/\\\/upgrade.valenciaandgo.com\\\/fr\\\/author\\\/valencia\\\/\"}]}<\/script>\n<!-- \/ Yoast SEO plugin. -->","yoast_head_json":{"title":"X\u00e0tiva : la ville qui a fait l'histoire - Valencia&amp;Go","description":"D\u00e9couvrez X\u00e0tiva, la ville qui a fait l'histoire avec nous !","robots":{"index":"noindex","follow":"follow","max-snippet":"max-snippet:-1","max-image-preview":"max-image-preview:large","max-video-preview":"max-video-preview:-1"},"og_locale":"fr_FR","og_type":"article","og_title":"X\u00e0tiva: el pueblo que hizo historia - Valencia&amp;Go","og_description":"\u00bfQu\u00e9 se esconde detr\u00e1s de uno de los lugares clave en la historia de Valencia? \u00a1Descubre X\u00e0tiva el pueblo que hizo historia con nosotros!","og_url":"https:\/\/upgrade.valenciaandgo.com\/fr\/xativa\/","og_site_name":"Valencia&amp;Go","article_publisher":"https:\/\/www.facebook.com\/valenciaandgo\/","article_published_time":"2022-04-01T12:52:00+00:00","article_modified_time":"2026-03-16T15:49:18+00:00","og_image":[{"width":1170,"height":783,"url":"https:\/\/upgrade.valenciaandgo.com\/wp-content\/uploads\/2025\/11\/img-blog-xativa-historia.webp","type":"image\/webp"}],"author":"Valencia &amp; Go","twitter_card":"summary_large_image","twitter_misc":{"\u00c9crit par":"Valencia &amp; Go","Dur\u00e9e de lecture estim\u00e9e":"6 minutes"},"schema":{"@context":"https:\/\/schema.org","@graph":[{"@type":"Article","@id":"https:\/\/upgrade.valenciaandgo.com\/xativa\/#article","isPartOf":{"@id":"https:\/\/upgrade.valenciaandgo.com\/xativa\/"},"author":{"name":"Valencia &amp; Go","@id":"https:\/\/upgrade.valenciaandgo.com\/it\/#\/schema\/person\/ca673553802eb937b57af07a6ce74908"},"headline":"X\u00e0tiva: el pueblo que hizo historia","datePublished":"2022-04-01T12:52:00+00:00","dateModified":"2026-03-16T15:49:18+00:00","mainEntityOfPage":{"@id":"https:\/\/upgrade.valenciaandgo.com\/xativa\/"},"wordCount":1212,"publisher":{"@id":"https:\/\/upgrade.valenciaandgo.com\/it\/#organization"},"image":{"@id":"https:\/\/upgrade.valenciaandgo.com\/xativa\/#primaryimage"},"thumbnailUrl":"https:\/\/upgrade.valenciaandgo.com\/wp-content\/uploads\/2025\/11\/img-blog-xativa-historia.webp","keywords":["cultural","excursiones","heritage","naturaleza","patrimonio cultural","X\u00e0tiva"],"articleSection":["Qu\u00e9 ver"],"inLanguage":"fr-FR"},{"@type":"WebPage","@id":"https:\/\/upgrade.valenciaandgo.com\/xativa\/","url":"https:\/\/upgrade.valenciaandgo.com\/xativa\/","name":"X\u00e0tiva : la ville qui a fait l'histoire - Valencia&amp;Go","isPartOf":{"@id":"https:\/\/upgrade.valenciaandgo.com\/it\/#website"},"primaryImageOfPage":{"@id":"https:\/\/upgrade.valenciaandgo.com\/xativa\/#primaryimage"},"image":{"@id":"https:\/\/upgrade.valenciaandgo.com\/xativa\/#primaryimage"},"thumbnailUrl":"https:\/\/upgrade.valenciaandgo.com\/wp-content\/uploads\/2025\/11\/img-blog-xativa-historia.webp","datePublished":"2022-04-01T12:52:00+00:00","dateModified":"2026-03-16T15:49:18+00:00","description":"D\u00e9couvrez X\u00e0tiva, la ville qui a fait l'histoire avec nous !","breadcrumb":{"@id":"https:\/\/upgrade.valenciaandgo.com\/xativa\/#breadcrumb"},"inLanguage":"fr-FR","potentialAction":[{"@type":"ReadAction","target":["https:\/\/upgrade.valenciaandgo.com\/xativa\/"]}]},{"@type":"ImageObject","inLanguage":"fr-FR","@id":"https:\/\/upgrade.valenciaandgo.com\/xativa\/#primaryimage","url":"https:\/\/upgrade.valenciaandgo.com\/wp-content\/uploads\/2025\/11\/img-blog-xativa-historia.webp","contentUrl":"https:\/\/upgrade.valenciaandgo.com\/wp-content\/uploads\/2025\/11\/img-blog-xativa-historia.webp","width":1170,"height":783},{"@type":"BreadcrumbList","@id":"https:\/\/upgrade.valenciaandgo.com\/xativa\/#breadcrumb","itemListElement":[{"@type":"ListItem","position":1,"name":"Portada","item":"https:\/\/upgrade.valenciaandgo.com\/"},{"@type":"ListItem","position":2,"name":"X\u00e0tiva: el pueblo que hizo historia"}]},{"@type":"WebSite","@id":"https:\/\/upgrade.valenciaandgo.com\/it\/#website","url":"https:\/\/upgrade.valenciaandgo.com\/it\/","name":"Valencia&amp;Go","description":"Visites de Valence et de ses environs.","publisher":{"@id":"https:\/\/upgrade.valenciaandgo.com\/it\/#organization"},"potentialAction":[{"@type":"SearchAction","target":{"@type":"EntryPoint","urlTemplate":"https:\/\/upgrade.valenciaandgo.com\/it\/?s={search_term_string}"},"query-input":{"@type":"PropertyValueSpecification","valueRequired":true,"valueName":"search_term_string"}}],"inLanguage":"fr-FR"},{"@type":"Organization","@id":"https:\/\/upgrade.valenciaandgo.com\/it\/#organization","name":"Valencia&amp;Go","url":"https:\/\/upgrade.valenciaandgo.com\/it\/","logo":{"@type":"ImageObject","inLanguage":"fr-FR","@id":"https:\/\/upgrade.valenciaandgo.com\/it\/#\/schema\/logo\/image\/","url":"https:\/\/upgrade.valenciaandgo.com\/wp-content\/uploads\/2025\/10\/valencia_go-svg-blnc-iso-naranja.svg","contentUrl":"https:\/\/upgrade.valenciaandgo.com\/wp-content\/uploads\/2025\/10\/valencia_go-svg-blnc-iso-naranja.svg","width":434,"height":102,"caption":"Valencia&Go"},"image":{"@id":"https:\/\/upgrade.valenciaandgo.com\/it\/#\/schema\/logo\/image\/"},"sameAs":["https:\/\/www.facebook.com\/valenciaandgo\/","https:\/\/www.instagram.com\/valenciaandgo","https:\/\/www.linkedin.com\/company\/valencia-go\/","https:\/\/www.tiktok.com\/@valenciaandgo"]},{"@type":"Person","@id":"https:\/\/upgrade.valenciaandgo.com\/it\/#\/schema\/person\/ca673553802eb937b57af07a6ce74908","name":"Valence &amp; Go","sameAs":["https:\/\/valenciaandgo.com"],"url":"https:\/\/upgrade.valenciaandgo.com\/fr\/author\/valencia\/"}]}},"_links":{"self":[{"href":"https:\/\/upgrade.valenciaandgo.com\/fr\/wp-json\/wp\/v2\/posts\/458","targetHints":{"allow":["GET"]}}],"collection":[{"href":"https:\/\/upgrade.valenciaandgo.com\/fr\/wp-json\/wp\/v2\/posts"}],"about":[{"href":"https:\/\/upgrade.valenciaandgo.com\/fr\/wp-json\/wp\/v2\/types\/post"}],"author":[{"embeddable":true,"href":"https:\/\/upgrade.valenciaandgo.com\/fr\/wp-json\/wp\/v2\/users\/1"}],"replies":[{"embeddable":true,"href":"https:\/\/upgrade.valenciaandgo.com\/fr\/wp-json\/wp\/v2\/comments?post=458"}],"version-history":[{"count":0,"href":"https:\/\/upgrade.valenciaandgo.com\/fr\/wp-json\/wp\/v2\/posts\/458\/revisions"}],"wp:featuredmedia":[{"embeddable":true,"href":"https:\/\/upgrade.valenciaandgo.com\/fr\/wp-json\/wp\/v2\/media\/703"}],"wp:attachment":[{"href":"https:\/\/upgrade.valenciaandgo.com\/fr\/wp-json\/wp\/v2\/media?parent=458"}],"wp:term":[{"taxonomy":"category","embeddable":true,"href":"https:\/\/upgrade.valenciaandgo.com\/fr\/wp-json\/wp\/v2\/categories?post=458"},{"taxonomy":"post_tag","embeddable":true,"href":"https:\/\/upgrade.valenciaandgo.com\/fr\/wp-json\/wp\/v2\/tags?post=458"}],"curies":[{"name":"wp","href":"https:\/\/api.w.org\/{rel}","templated":true}]}}