{"id":452,"date":"2022-03-24T10:16:00","date_gmt":"2022-03-24T10:16:00","guid":{"rendered":"https:\/\/new.valenciaandgo.com\/?p=452"},"modified":"2026-03-16T15:55:34","modified_gmt":"2026-03-16T15:55:34","slug":"carmen-district-de-valencia","status":"publish","type":"post","link":"https:\/\/upgrade.valenciaandgo.com\/fr\/barrio-del-carmen-de-valencia\/","title":{"rendered":"Le quartier du Carmen \u00e0 Valence"},"content":{"rendered":"<div data-elementor-type=\"wp-post\" data-elementor-id=\"452\" class=\"elementor elementor-452\" data-elementor-post-type=\"post\">\n\t\t\t\t<div class=\"elementor-element elementor-element-6c1cb182 e-flex e-con-boxed e-con e-parent\" data-id=\"6c1cb182\" data-element_type=\"container\" data-e-type=\"container\">\n\t\t\t\t\t<div class=\"e-con-inner\">\n\t\t<div class=\"elementor-element elementor-element-1ded58ea e-con-full e-flex e-con e-child\" data-id=\"1ded58ea\" data-element_type=\"container\" data-e-type=\"container\">\n\t\t\t\t<div class=\"elementor-element elementor-element-1c75c340 elementor-widget elementor-widget-text-editor\" data-id=\"1c75c340\" data-element_type=\"widget\" data-e-type=\"widget\" data-widget_type=\"text-editor.default\">\n\t\t\t\t\t\t\t\t\t\n<p>E<strong>e plus ancien quartier <\/strong>de Valence connu sous le nom de Barrio del Carmen contient dans son int\u00e9rieur <strong>l'une des rues les plus historiques<\/strong>: <strong>Rue du Mus\u00e9e<\/strong>, qui a <strong>deux curiosit\u00e9s<\/strong> \u00e0 ne pas manquer....<\/p>\n\t\t\t\t\t\t\t\t<\/div>\n\t\t\t\t<div class=\"elementor-element elementor-element-2844e68 elementor-widget elementor-widget-text-editor\" data-id=\"2844e68\" data-element_type=\"widget\" data-e-type=\"widget\" data-widget_type=\"text-editor.default\">\n\t\t\t\t\t\t\t\t\t\n<p>La premi\u00e8re est que <strong>vous pouvez trouver l'origine de Carmen<\/strong> et celui qui donne son nom au quartier : le <strong><a href=\"https:\/\/conventcarmen.com\/\">Couvent de Carmen Calzado<\/a><\/strong> Aujourd'hui, il a retrouv\u00e9 une nouvelle jeunesse et est devenu l'un des centres culturels les plus ambitieux de la ville ! <strong>est un h\u00f4tel, un centre socioculturel avec des \u00e9v\u00e9nements musicaux et gastronomiques, des expositions, du th\u00e9\u00e2tre, des conf\u00e9rences, et c'est aussi un magnifique jardin urbain. <\/strong><\/p>\n<p><\/p>\n<p>Et l'autre... il s'agit des chats, mais nous vous en parlerons un peu plus tard...<br \/>Tout d'abord, jetons un coup d'\u0153il \u00e0 l'histoire...<\/p>\n\t\t\t\t\t\t\t\t<\/div>\n\t\t\t\t<\/div>\n\t\t<div class=\"elementor-element elementor-element-6f7cf554 e-con-full e-flex e-con e-child\" data-id=\"6f7cf554\" data-element_type=\"container\" data-e-type=\"container\">\n\t\t<div class=\"elementor-element elementor-element-45cb2426 e-con-full e-flex e-con e-child\" data-id=\"45cb2426\" data-element_type=\"container\" data-e-type=\"container\">\n\t\t\t\t<div class=\"elementor-element elementor-element-5afaa1c7 elementor-widget elementor-widget-heading\" data-id=\"5afaa1c7\" data-element_type=\"widget\" data-e-type=\"widget\" data-widget_type=\"heading.default\">\n\t\t\t\t\t<h2 class=\"elementor-heading-title elementor-size-default\">Les remparts d'El Carmen<\/h2>\t\t\t\t<\/div>\n\t\t\t\t<\/div>\n\t\t<div class=\"elementor-element elementor-element-1a6c2f96 e-con-full e-flex e-con e-child\" data-id=\"1a6c2f96\" data-element_type=\"container\" data-e-type=\"container\">\n\t\t\t\t<div class=\"elementor-element elementor-element-21126b57 elementor-widget elementor-widget-text-editor\" data-id=\"21126b57\" data-element_type=\"widget\" data-e-type=\"widget\" data-widget_type=\"text-editor.default\">\n\t\t\t\t\t\t\t\t\t<p>Ce quartier, consid\u00e9r\u00e9 comme <strong>le c\u0153ur de Valence<\/strong>, La ville antique s'est d\u00e9velopp\u00e9e entre deux murailles :<\/p>\n<p><!-- \/wp:paragraph --><!-- wp:list --><\/p>\n<ul class=\"wp-block-list\"><!-- wp:list-item -->\n<li>La muraille musulmane : datant du XIe si\u00e8cle, elle limite la partie orientale de la ville.<\/li>\n<!-- \/wp:list-item --><!-- wp:list-item -->\n<li>Celle, chr\u00e9tienne, qui a \u00e9t\u00e9 form\u00e9e d\u00e8s le XIVe si\u00e8cle et qui prot\u00e9geait la ville de l'ouest.<\/li>\n<!-- \/wp:list-item --><\/ul>\n<p><!-- \/wp:list --><!-- wp:paragraph --><\/p>\n<p><strong>Elle a cr\u00e9\u00e9 sa propre histoire<\/strong>Les membres suivants \u00e9taient pr\u00e9sents<strong> les vergers, les banlieues et les abris<\/strong> Musulmans ; il \u00e9tait l'un des<strong> Les maisons closes les plus c\u00e9l\u00e8bres<\/strong> de la M\u00e9diterran\u00e9e, la plus grande et la plus importante <strong>monast\u00e8res<\/strong> de la ville, est l'endroit o\u00f9 <strong>l'aristocratie a v\u00e9cu l'aristocratie dans le luxe<\/strong> et devenir ensuite un <strong>zone sale et marginale<\/strong> pendant la r\u00e9volution industrielle et constitue aujourd'hui l'un des quartiers les plus importants de la ville. <strong>plus color\u00e9 et plus jovial<\/strong> de Valence.<\/p>\n<p><!-- \/wp:paragraph --><!-- wp:paragraph --><\/p>\n<p>Ses rues principales, depuis ses origines jusqu'\u00e0 aujourd'hui, sont les rues Serranos et Caballeros, \u00e0 partir desquelles le quartier s'est d\u00e9velopp\u00e9. <strong>\u00e9tait divis\u00e9 en deux secteurs :<\/strong><\/p>\n<p><!-- \/wp:paragraph --><!-- wp:list --><\/p>\n<ul class=\"wp-block-list\"><!-- wp:list-item -->\n<li>L'int\u00e9rieur : d\u00e9di\u00e9 aux textiles et o\u00f9, apr\u00e8s la reconqu\u00eate, se sont install\u00e9s les serruriers, les forgerons et les dinandiers.<\/li>\n<!-- \/wp:list-item --><!-- wp:list-item -->\n<li>L'ext\u00e9rieur : o\u00f9 se trouvaient les faubourgs, comme l'Arrabal de Roters, l'Arrabal dels tints (nomm\u00e9 ainsi en raison de l'utilisation de teinturiers), La Blanqueria (un quartier de tanneurs, gantiers et cordonniers) ou El Partit (un bordel r\u00e9glement\u00e9).<\/li>\n<!-- \/wp:list-item --><\/ul>\n<p><!-- \/wp:list --><!-- wp:paragraph --><\/p>\n<p>Avez-vous d\u00e9j\u00e0 entendu l'expression <em>s\u00e9jour \u00e0 la lune de Valence<\/em>?<\/p>\n<p><!-- \/wp:paragraph --><!-- wp:heading {\"level\":3} --><\/p>\t\t\t\t\t\t\t\t<\/div>\n\t\t\t\t<div class=\"elementor-element elementor-element-5e43e0d elementor-widget elementor-widget-text-editor\" data-id=\"5e43e0d\" data-element_type=\"widget\" data-e-type=\"widget\" data-widget_type=\"text-editor.default\">\n\t\t\t\t\t\t\t\t\t<p class=\"wp-block-heading\">La vie de la ville \u00e9tait cach\u00e9e derri\u00e8re ces murs, qui fermaient leurs portes \u00e0 22 heures pour se prot\u00e9ger pendant la nuit, laissant tous ceux qui arrivaient tard dormir dehors \u00bbau clair de lune de Valence\u00bb, \u00e0 c\u00f4t\u00e9 du pont des Serranos.<\/p>\n<p>\u00a0<\/p>\n<p><img fetchpriority=\"high\" decoding=\"async\" class=\"aligncenter wp-image-10183\" src=\"https:\/\/upgrade.valenciaandgo.com\/wp-content\/uploads\/2026\/03\/carmen.webp\" alt=\"\" width=\"400\" height=\"533\" srcset=\"https:\/\/upgrade.valenciaandgo.com\/wp-content\/uploads\/2026\/03\/carmen.webp 768w, https:\/\/upgrade.valenciaandgo.com\/wp-content\/uploads\/2026\/03\/carmen-9x12.webp 9w\" sizes=\"(max-width: 400px) 100vw, 400px\" \/><\/p>\n<p><!-- \/wp:heading --><!-- wp:image {\"id\":3287,\"align\":\"right\"} --><\/p>\n<p><!-- \/wp:paragraph --><!-- wp:heading {\"level\":3} --><\/p>\t\t\t\t\t\t\t\t<\/div>\n\t\t\t\t<\/div>\n\t\t\t\t<\/div>\n\t\t<div class=\"elementor-element elementor-element-9cc9072 e-con-full e-flex e-con e-child\" data-id=\"9cc9072\" data-element_type=\"container\" data-e-type=\"container\">\n\t\t<div class=\"elementor-element elementor-element-9181824 e-con-full e-flex e-con e-child\" data-id=\"9181824\" data-element_type=\"container\" data-e-type=\"container\">\n\t\t\t\t<div class=\"elementor-element elementor-element-1c87982 elementor-widget elementor-widget-heading\" data-id=\"1c87982\" data-element_type=\"widget\" data-e-type=\"widget\" data-widget_type=\"heading.default\">\n\t\t\t\t\t<h2 class=\"elementor-heading-title elementor-size-default\">Ce qu'il ne faut pas manquer \u00e0 El Carmen<\/h2>\t\t\t\t<\/div>\n\t\t\t\t<\/div>\n\t\t<div class=\"elementor-element elementor-element-217f875 e-con-full e-flex e-con e-child\" data-id=\"217f875\" data-element_type=\"container\" data-e-type=\"container\">\n\t\t\t\t<div class=\"elementor-element elementor-element-538f92d elementor-widget elementor-widget-text-editor\" data-id=\"538f92d\" data-element_type=\"widget\" data-e-type=\"widget\" data-widget_type=\"text-editor.default\">\n\t\t\t\t\t\t\t\t\t<p>Si vous vous promenez dans ce quartier, vous trouverez <strong>plusieurs des monuments les plus importants de Valence<\/strong> comme l'imposant <strong>Tours Serrano<\/strong> ou l'entr\u00e9e de la ville, le <strong>Tours de quart<\/strong> une autre des zones du mur, le <strong>Portail de la Valldigna<\/strong>, <strong>La Plaza de la Virgen<\/strong>,<strong> Le Miguelete,<\/strong> les<strong> Cath\u00e9drale de Valence<\/strong> ou le<strong> \u00c9glise de San Nicol\u00e1s (voir ici pour plus de d\u00e9tails) <a href=\"https:\/\/valenciaandgo.com\/blog\/ciudad-de-valencia\/iglesia-san-nicolas-de-bari-y-san-pedro-martir\/\">la chapelle Sixtine de Valence)<\/a><\/strong><\/p>\n<p><!-- \/wp:paragraph --><!-- wp:paragraph --><\/p>\n<p>Vous pourrez d\u00e9couvrir les <strong>l'histoire des refuges de la ville,<\/strong> se promener<strong> ses ruelles color\u00e9es et sinueuses<\/strong> et vous trouverez non seulement une myriade de<strong> art de la rue<\/strong>, mais un grand nombre de <strong>mus\u00e9es<\/strong> qui vous permettront de vous impr\u00e9gner de l'histoire de cette merveilleuse ville :<\/p>\n<ul>\n<li>IVAM (Institut valencien d'art moderne)<\/li>\n<li>Centre culturel La Beneficencia : abrite le mus\u00e9e pr\u00e9historique de Valence et le mus\u00e9e d'ethnologie de Valence.)<\/li>\n<li>Maison-mus\u00e9e du peintre Jos\u00e9 Benlliure<\/li>\n<li>Centre del Carme<\/li>\n<li>Mus\u00e9e pr\u00e9historique de Valence<\/li>\n<li>L'Iber, mus\u00e9e Soldaditos de Plomo<\/li>\n<li>Mus\u00e9e d'ethnologie de Valence<\/li>\n<li>Benlliure House-MuseumCorpus Museum-House of the Rocks<\/li>\n<\/ul>\n<p><!-- \/wp:list --><!-- wp:heading --><\/p>\n<p><!-- \/wp:paragraph --><!-- wp:heading {\"level\":3} --><\/p>\t\t\t\t\t\t\t\t<\/div>\n\t\t\t\t<\/div>\n\t\t\t\t<\/div>\n\t\t<div class=\"elementor-element elementor-element-ec9d5d1 e-con-full e-flex e-con e-child\" data-id=\"ec9d5d1\" data-element_type=\"container\" data-e-type=\"container\">\n\t\t<div class=\"elementor-element elementor-element-0759092 e-con-full e-flex e-con e-child\" data-id=\"0759092\" data-element_type=\"container\" data-e-type=\"container\">\n\t\t\t\t<div class=\"elementor-element elementor-element-b848eea elementor-widget elementor-widget-heading\" data-id=\"b848eea\" data-element_type=\"widget\" data-e-type=\"widget\" data-widget_type=\"heading.default\">\n\t\t\t\t\t<h2 class=\"elementor-heading-title elementor-size-default\">Gastronomie \u00e0 El Carmen<\/h2>\t\t\t\t<\/div>\n\t\t\t\t<\/div>\n\t\t<div class=\"elementor-element elementor-element-0e8f696 e-con-full e-flex e-con e-child\" data-id=\"0e8f696\" data-element_type=\"container\" data-e-type=\"container\">\n\t\t\t\t<div class=\"elementor-element elementor-element-e25606a elementor-widget elementor-widget-text-editor\" data-id=\"e25606a\" data-element_type=\"widget\" data-e-type=\"widget\" data-widget_type=\"text-editor.default\">\n\t\t\t\t\t\t\t\t\t<p>Vous trouverez de tout, des restaurants de luxe aux bars \u00e0 tapas, avec une qualit\u00e9 supr\u00eame et une forte concentration sur la cuisine valencienne et espagnole.<\/p>\n<p><!-- \/wp:paragraph --><!-- wp:paragraph --><\/p>\n<p>Il y en a deux que vous ne pouvez pas manquer si vous passez par l\u00e0, ils sont authentiques et constituent un arr\u00eat obligatoire si vous voulez conna\u00eetre notre gastronomie :<\/p>\n<p><!-- \/wp:paragraph --><!-- wp:list --><\/p>\n<ul class=\"wp-block-list\"><!-- wp:list-item -->\n<li><a href=\"https:\/\/www.facebook.com\/victorarenasvergara\/\">Tasca Angel<\/a> (C\/ de la Pur\u00edsima 1) : il s'agit d'une taverne traditionnelle, avec des produits frais de saison. Elle est tr\u00e8s petite et il faut donc y aller t\u00f4t pour avoir une place, mais cela en vaut la peine !<\/li>\n<!-- \/wp:list-item --><!-- wp:list-item -->\n<li><a href=\"https:\/\/refugiorestaurante.com\/\">El Refugio<\/a> (C\/de Dalt 42) : restaurant proposant des plats traditionnels et un m\u00e9lange de fusion unique.<\/li>\n<!-- \/wp:list-item --><\/ul>\n<p><!-- \/wp:list --><!-- wp:heading --><\/p>\n<p><!-- \/wp:paragraph --><!-- wp:heading {\"level\":3} --><\/p>\t\t\t\t\t\t\t\t<\/div>\n\t\t\t\t<\/div>\n\t\t\t\t<\/div>\n\t\t<div class=\"elementor-element elementor-element-d16c2bc e-con-full e-flex e-con e-child\" data-id=\"d16c2bc\" data-element_type=\"container\" data-e-type=\"container\">\n\t\t<div class=\"elementor-element elementor-element-bad514c e-con-full e-flex e-con e-child\" data-id=\"bad514c\" data-element_type=\"container\" data-e-type=\"container\">\n\t\t\t\t<div class=\"elementor-element elementor-element-466b5e5 elementor-widget elementor-widget-heading\" data-id=\"466b5e5\" data-element_type=\"widget\" data-e-type=\"widget\" data-widget_type=\"heading.default\">\n\t\t\t\t\t<h2 class=\"elementor-heading-title elementor-size-default\">Le c\u00e9l\u00e8bre \"tardeo\" du quartier du Carmen<\/h2>\t\t\t\t<\/div>\n\t\t\t\t<\/div>\n\t\t<div class=\"elementor-element elementor-element-4b7c796 e-con-full e-flex e-con e-child\" data-id=\"4b7c796\" data-element_type=\"container\" data-e-type=\"container\">\n\t\t\t\t<div class=\"elementor-element elementor-element-6b6ddcc elementor-widget elementor-widget-text-editor\" data-id=\"6b6ddcc\" data-element_type=\"widget\" data-e-type=\"widget\" data-widget_type=\"text-editor.default\">\n\t\t\t\t\t\t\t\t\t<p>Comme mentionn\u00e9 ci-dessus, ce quartier est actuellement<strong> est c\u00e9l\u00e8bre pour la vie et l'atmosph\u00e8re qui r\u00e8gnent dans ses rues.<\/strong>. Il s'agit de l'un des<strong> Les meilleurs endroits de Valence pour manger et passer l'apr\u00e8s-midi.<\/strong> \u00e9couter de la musique en direct ou profiter du soleil sur l'une de ses terrasses.<\/p>\n<p><!-- \/wp:paragraph --><!-- wp:paragraph --><\/p>\n<p>Et il y a <strong>deux sites cl\u00e9s<\/strong>la surface de la<strong> Rue Caballeros<\/strong> o\u00f9 vous trouverez Unique, Bolser\u00eda et Fox Congo. Et notre lieu de pr\u00e9dilection par excellence :<strong> la Plaza del Negrito<\/strong>, La belle place avec plusieurs bars o\u00f9 l'on peut s'asseoir pour boire un verre en toute d\u00e9contraction ou danser \u00e0 l'int\u00e9rieur de l'\u00e9tablissement. <strong>Ghecko<\/strong> qui pr\u00e9sente \u00e9galement une d\u00e9coration tr\u00e8s originale.<\/p>\n<p><!-- \/wp:paragraph --><!-- wp:heading --><\/p>\n<p><!-- \/wp:paragraph --><!-- wp:heading {\"level\":3} --><\/p>\t\t\t\t\t\t\t\t<\/div>\n\t\t\t\t<\/div>\n\t\t\t\t<\/div>\n\t\t<div class=\"elementor-element elementor-element-39a61a4 e-con-full e-flex e-con e-child\" data-id=\"39a61a4\" data-element_type=\"container\" data-e-type=\"container\">\n\t\t<div class=\"elementor-element elementor-element-ad95f7c e-con-full e-flex e-con e-child\" data-id=\"ad95f7c\" data-element_type=\"container\" data-e-type=\"container\">\n\t\t\t\t<div class=\"elementor-element elementor-element-e504b4e elementor-widget elementor-widget-heading\" data-id=\"e504b4e\" data-element_type=\"widget\" data-e-type=\"widget\" data-widget_type=\"heading.default\">\n\t\t\t\t\t<h2 class=\"elementor-heading-title elementor-size-default\">Vos boutiques vintage<\/h2>\t\t\t\t<\/div>\n\t\t\t\t<\/div>\n\t\t<div class=\"elementor-element elementor-element-82ea6f9 e-con-full e-flex e-con e-child\" data-id=\"82ea6f9\" data-element_type=\"container\" data-e-type=\"container\">\n\t\t\t\t<div class=\"elementor-element elementor-element-2e87569 elementor-widget elementor-widget-text-editor\" data-id=\"2e87569\" data-element_type=\"widget\" data-e-type=\"widget\" data-widget_type=\"text-editor.default\">\n\t\t\t\t\t\t\t\t\t<p>AHHH n'oubliez pas : vous trouverez de nombreuses <strong>boutiques de style vintage<\/strong> dans le quartier \u00e0 des prix tr\u00e8s int\u00e9ressants. Voici quelques recommandations :<\/p>\n<p><!-- \/wp:paragraph --><!-- wp:list --><\/p>\n<ul class=\"wp-block-list\"><!-- wp:list-item -->\n<li><a href=\"https:\/\/www.vintagesoho.es\/\">Le SoHo del Carmen<\/a> (Carrer dels Drets 33)<\/li>\n<!-- \/wp:list-item --><!-- wp:list-item -->\n<li><a href=\"https:\/\/www.santospiritovintage.com\/\">Santo Spirito Vintage<\/a> (Carrer de Dalt, 22)<\/li>\n<!-- \/wp:list-item --><!-- wp:list-item -->\n<li><a href=\"https:\/\/pannonicavintage.wordpress.com\/\">Pannonica Vintage<\/a> (Carrer de Baix, 18)<\/li>\n<!-- \/wp:list-item --><!-- wp:list-item -->\n<li>Mme Henderson (Carrer de la Tapineria, 14)<\/li>\n<!-- \/wp:list-item --><\/ul>\n<p><!-- \/wp:list --><!-- wp:paragraph --><\/p>\n<p>Osez fl\u00e2ner dans les rues, vous y trouverez toutes sortes de boutiques excentriques \u00e0 explorer et c'est une exp\u00e9rience amusante si vous aimez la mode.<\/p>\n<p><!-- \/wp:paragraph --><!-- wp:heading --><\/p>\n<h2 class=\"wp-block-heading\">\u00a0<\/h2>\n<p><!-- \/wp:paragraph --><!-- wp:heading {\"level\":3} --><\/p>\t\t\t\t\t\t\t\t<\/div>\n\t\t\t\t<\/div>\n\t\t\t\t<\/div>\n\t\t<div class=\"elementor-element elementor-element-785bd7d e-con-full e-flex e-con e-child\" data-id=\"785bd7d\" data-element_type=\"container\" data-e-type=\"container\">\n\t\t<div class=\"elementor-element elementor-element-a880896 e-con-full e-flex e-con e-child\" data-id=\"a880896\" data-element_type=\"container\" data-e-type=\"container\">\n\t\t\t\t<div class=\"elementor-element elementor-element-e020c26 elementor-widget elementor-widget-heading\" data-id=\"e020c26\" data-element_type=\"widget\" data-e-type=\"widget\" data-widget_type=\"heading.default\">\n\t\t\t\t\t<h2 class=\"elementor-heading-title elementor-size-default\">Musique live \u00e0 El Carmen<\/h2>\t\t\t\t<\/div>\n\t\t\t\t<\/div>\n\t\t<div class=\"elementor-element elementor-element-9f346fa e-con-full e-flex e-con e-child\" data-id=\"9f346fa\" data-element_type=\"container\" data-e-type=\"container\">\n\t\t\t\t<div class=\"elementor-element elementor-element-f66d731 elementor-widget elementor-widget-text-editor\" data-id=\"f66d731\" data-element_type=\"widget\" data-e-type=\"widget\" data-widget_type=\"text-editor.default\">\n\t\t\t\t\t\t\t\t\t<p>Et pour ne pas \u00eatre en reste, la nuit, vous pouvez aussi en profiter pour aller \u00e9couter de la musique en direct, il y a un grand mouvement culturel dans la ville...<\/p>\n<p><!-- \/wp:paragraph --><!-- wp:paragraph --><\/p>\n<p>Si vous aimez le jazz, nous vous recommandons <a href=\"https:\/\/www.jimmyglassjazz.net\/\"><strong>Jimmy Glass<\/strong><\/a> Et si vous aimez les styles plus reggae, soul, drum and bass ou funky, vous ne pouvez pas passer \u00e0 c\u00f4t\u00e9 de <strong><a href=\"https:\/\/radiocityvalencia.es\/\">Radio City<\/a>.<\/strong><\/p>\n<p><!-- \/wp:paragraph --><!-- wp:separator --><\/p>\n<hr class=\"wp-block-separator has-alpha-channel-opacity\" \/>\n<p><!-- \/wp:separator --><!-- wp:paragraph --><\/p>\n<p>OK oui... nous ne vous avons pas compt\u00e9 dans la fin. <strong>l'histoire des chats et ce qu'ils repr\u00e9sentent \u00e0 Valence.<\/strong><\/p>\n<p><!-- \/wp:paragraph --><!-- wp:image {\"id\":3304,\"align\":\"left\"} --><\/p>\n<p><!-- \/wp:image --><!-- wp:paragraph --><\/p>\n<p><img decoding=\"async\" class=\"aligncenter wp-image-10184\" src=\"https:\/\/upgrade.valenciaandgo.com\/wp-content\/uploads\/2026\/03\/Casita-de-gatos.webp\" alt=\"\" width=\"500\" height=\"281\" srcset=\"https:\/\/upgrade.valenciaandgo.com\/wp-content\/uploads\/2026\/03\/Casita-de-gatos.webp 768w, https:\/\/upgrade.valenciaandgo.com\/wp-content\/uploads\/2026\/03\/Casita-de-gatos-18x10.webp 18w\" sizes=\"(max-width: 500px) 100vw, 500px\" \/><\/p>\n<p>Il s'av\u00e8re que dans la rue des mus\u00e9es, vous trouverez <strong>la maison du chat<\/strong>, mais ce n'est pas n'importe quelle maison...<\/p>\n<p><!-- \/wp:paragraph --><!-- wp:paragraph --><\/p>\n<p>Selon les habitants, il r\u00e9pond \u00e0 <strong>une l\u00e9gende de l'\u00e9poque du Cid Campeador<\/strong> et qui a d\u00e9clar\u00e9 que l<strong>Les atholiques pensaient que les chats \u00e9taient des cr\u00e9atures diaboliques.<\/strong> qui attirait \u00e9galement la malchance. Ainsi, les <strong>apr\u00e8s la reconqu\u00eate de Valence, il a \u00e9t\u00e9 d\u00e9cid\u00e9 de les \u00e9liminer tous.<\/strong> et qu'il n'en restait plus un seul dans la ville.<\/p>\n<p><!-- \/wp:paragraph --><!-- wp:paragraph --><\/p>\n<p><strong>Mais quatre chats ont surv\u00e9cu.<\/strong><\/p>\n<p><!-- \/wp:paragraph --><!-- wp:paragraph --><\/p>\n<p>Ainsi, au fil du temps, l'artiste<strong> Alfonso Yuste Navarro<\/strong> a d\u00e9cid\u00e9 de rendre hommage aux survivants en cr\u00e9ant une maison pour eux et en s'inspirant de l'histoire de l'Europe. <strong>ann\u00e9e 1094<\/strong> c'est de l\u00e0 que date la l\u00e9gende du Cid.<\/p>\n<p><!-- \/wp:paragraph --><!-- wp:paragraph --><\/p>\n<p>Depuis, il est toujours l\u00e0, les f\u00e9lins de la ville en font grand usage et il fait partie des lieux que les curieux aiment visiter.<\/p>\n<p><!-- \/wp:paragraph --><!-- wp:heading {\"level\":3} --><\/p>\n<p><!-- \/wp:paragraph --><!-- wp:heading {\"level\":3} --><\/p>\t\t\t\t\t\t\t\t<\/div>\n\t\t\t\t<\/div>\n\t\t\t\t<\/div>\n\t\t<div class=\"elementor-element elementor-element-a51d7dc e-con-full e-flex e-con e-child\" data-id=\"a51d7dc\" data-element_type=\"container\" data-e-type=\"container\">\n\t\t<div class=\"elementor-element elementor-element-7f0e421 e-con-full e-flex e-con e-child\" data-id=\"7f0e421\" data-element_type=\"container\" data-e-type=\"container\">\n\t\t\t\t<div class=\"elementor-element elementor-element-15069ab elementor-widget elementor-widget-text-editor\" data-id=\"15069ab\" data-element_type=\"widget\" data-e-type=\"widget\" data-widget_type=\"text-editor.default\">\n\t\t\t\t\t\t\t\t\t<h4 class=\"wp-block-heading\"><strong>Voulez-vous conna\u00eetre leurs secrets avec nous ?<\/strong> Rejoignez notre\u00a0<a href=\"https:\/\/valenciaandgo.com\/tours-valencia\/tour-de-arte-y-arquitectura\/\">Visite d'art et d'architecture avec billets<\/a>\u00a0et d\u00e9couvrez les origines de Valence.<\/h4>\n<p><!-- \/wp:heading --><!-- wp:paragraph --><\/p>\n<p>Suivez-nous sur<a href=\"http:\/\/www.instagram.com\/valenciaandgo\"> Instagram<\/a> &amp; <a href=\"http:\/\/www.facebook.com\/valenciaandgo\">Facebook<\/a> pour d\u00e9couvrir toutes les curiosit\u00e9s et les \u00e9v\u00e9nements de Valence.<\/p>\n<p><!-- \/wp:paragraph --><!-- wp:heading {\"level\":3} --><\/p>\t\t\t\t\t\t\t\t<\/div>\n\t\t\t\t<\/div>\n\t\t\t\t<\/div>\n\t\t\t\t\t<\/div>\n\t\t\t\t<\/div>\n\t\t\t\t<\/div>","protected":false},"excerpt":{"rendered":"<p>El barrio m\u00e1s antiguo de Valencia conocido como el Barrio del Carmen contiene en su interior una de las calles con m\u00e1s historia: Calle del Museo, la cual tiene dos curiosidades que no te puedes perder\u2026. Una es que podr\u00e1s encontrar el origen del Carmen y el que le da nombre al barrio: el convento [&hellip;]<\/p>\n","protected":false},"author":1,"featured_media":714,"comment_status":"closed","ping_status":"closed","sticky":false,"template":"","format":"standard","meta":{"_acf_changed":false,"footnotes":""},"categories":[41],"tags":[26,32,45,46],"class_list":["post-452","post","type-post","status-publish","format-standard","has-post-thumbnail","hentry","category-que-ver","tag-barrios","tag-el-carmen","tag-patrimonio-cultural","tag-tour-arte-y-arquitectura"],"acf":[],"yoast_head":"<!-- This site is optimized with the Yoast SEO plugin v27.5 - https:\/\/yoast.com\/product\/yoast-seo-wordpress\/ -->\n<title>El barrio del Carmen de Valencia - Valencia&amp;Go<\/title>\n<meta name=\"description\" content=\"El coraz\u00f3n de Valencia: el barrio m\u00e1s colorido, que destaca por su rica gastronom\u00eda y sus secretos hist\u00f3ricos. \u00bfTe unes a descubrirlo?\" \/>\n<meta name=\"robots\" content=\"noindex, follow, max-snippet:-1, max-image-preview:large, max-video-preview:-1\" \/>\n<meta property=\"og:locale\" content=\"fr_FR\" \/>\n<meta property=\"og:type\" content=\"article\" \/>\n<meta property=\"og:title\" content=\"El barrio del Carmen de Valencia - Valencia&amp;Go\" \/>\n<meta property=\"og:description\" content=\"El coraz\u00f3n de Valencia: el barrio m\u00e1s colorido, que destaca por su rica gastronom\u00eda y sus secretos hist\u00f3ricos. \u00bfTe unes a descubrirlo?\" \/>\n<meta property=\"og:url\" content=\"https:\/\/upgrade.valenciaandgo.com\/fr\/carmen-district-de-valencia\/\" \/>\n<meta property=\"og:site_name\" content=\"Valencia&amp;Go\" \/>\n<meta property=\"article:publisher\" content=\"https:\/\/www.facebook.com\/valenciaandgo\/\" \/>\n<meta property=\"article:published_time\" content=\"2022-03-24T10:16:00+00:00\" \/>\n<meta property=\"article:modified_time\" content=\"2026-03-16T15:55:34+00:00\" \/>\n<meta property=\"og:image\" content=\"https:\/\/upgrade.valenciaandgo.com\/wp-content\/uploads\/2025\/11\/img-blog-barrio-carmen-valencia.webp\" \/>\n\t<meta property=\"og:image:width\" content=\"1170\" \/>\n\t<meta property=\"og:image:height\" content=\"783\" \/>\n\t<meta property=\"og:image:type\" content=\"image\/webp\" \/>\n<meta name=\"author\" content=\"Valencia &amp; Go\" \/>\n<meta name=\"twitter:card\" content=\"summary_large_image\" \/>\n<meta name=\"twitter:label1\" content=\"\u00c9crit par\" \/>\n\t<meta name=\"twitter:data1\" content=\"Valencia &amp; Go\" \/>\n\t<meta name=\"twitter:label2\" content=\"Dur\u00e9e de lecture estim\u00e9e\" \/>\n\t<meta name=\"twitter:data2\" content=\"6 minutes\" \/>\n<script type=\"application\/ld+json\" class=\"yoast-schema-graph\">{\"@context\":\"https:\\\/\\\/schema.org\",\"@graph\":[{\"@type\":\"Article\",\"@id\":\"https:\\\/\\\/upgrade.valenciaandgo.com\\\/barrio-del-carmen-de-valencia\\\/#article\",\"isPartOf\":{\"@id\":\"https:\\\/\\\/upgrade.valenciaandgo.com\\\/barrio-del-carmen-de-valencia\\\/\"},\"author\":{\"name\":\"Valencia &amp; Go\",\"@id\":\"https:\\\/\\\/upgrade.valenciaandgo.com\\\/it\\\/#\\\/schema\\\/person\\\/ca673553802eb937b57af07a6ce74908\"},\"headline\":\"El barrio del Carmen de Valencia\",\"datePublished\":\"2022-03-24T10:16:00+00:00\",\"dateModified\":\"2026-03-16T15:55:34+00:00\",\"mainEntityOfPage\":{\"@id\":\"https:\\\/\\\/upgrade.valenciaandgo.com\\\/barrio-del-carmen-de-valencia\\\/\"},\"wordCount\":1199,\"publisher\":{\"@id\":\"https:\\\/\\\/upgrade.valenciaandgo.com\\\/it\\\/#organization\"},\"image\":{\"@id\":\"https:\\\/\\\/upgrade.valenciaandgo.com\\\/barrio-del-carmen-de-valencia\\\/#primaryimage\"},\"thumbnailUrl\":\"https:\\\/\\\/upgrade.valenciaandgo.com\\\/wp-content\\\/uploads\\\/2025\\\/11\\\/img-blog-barrio-carmen-valencia.webp\",\"keywords\":[\"barrios\",\"el carmen\",\"patrimonio cultural\",\"tour arte y arquitectura\"],\"articleSection\":[\"Qu\u00e9 ver\"],\"inLanguage\":\"fr-FR\"},{\"@type\":\"WebPage\",\"@id\":\"https:\\\/\\\/upgrade.valenciaandgo.com\\\/barrio-del-carmen-de-valencia\\\/\",\"url\":\"https:\\\/\\\/upgrade.valenciaandgo.com\\\/barrio-del-carmen-de-valencia\\\/\",\"name\":\"El barrio del Carmen de Valencia - Valencia&amp;Go\",\"isPartOf\":{\"@id\":\"https:\\\/\\\/upgrade.valenciaandgo.com\\\/it\\\/#website\"},\"primaryImageOfPage\":{\"@id\":\"https:\\\/\\\/upgrade.valenciaandgo.com\\\/barrio-del-carmen-de-valencia\\\/#primaryimage\"},\"image\":{\"@id\":\"https:\\\/\\\/upgrade.valenciaandgo.com\\\/barrio-del-carmen-de-valencia\\\/#primaryimage\"},\"thumbnailUrl\":\"https:\\\/\\\/upgrade.valenciaandgo.com\\\/wp-content\\\/uploads\\\/2025\\\/11\\\/img-blog-barrio-carmen-valencia.webp\",\"datePublished\":\"2022-03-24T10:16:00+00:00\",\"dateModified\":\"2026-03-16T15:55:34+00:00\",\"description\":\"El coraz\u00f3n de Valencia: el barrio m\u00e1s colorido, que destaca por su rica gastronom\u00eda y sus secretos hist\u00f3ricos. \u00bfTe unes a descubrirlo?\",\"breadcrumb\":{\"@id\":\"https:\\\/\\\/upgrade.valenciaandgo.com\\\/barrio-del-carmen-de-valencia\\\/#breadcrumb\"},\"inLanguage\":\"fr-FR\",\"potentialAction\":[{\"@type\":\"ReadAction\",\"target\":[\"https:\\\/\\\/upgrade.valenciaandgo.com\\\/barrio-del-carmen-de-valencia\\\/\"]}]},{\"@type\":\"ImageObject\",\"inLanguage\":\"fr-FR\",\"@id\":\"https:\\\/\\\/upgrade.valenciaandgo.com\\\/barrio-del-carmen-de-valencia\\\/#primaryimage\",\"url\":\"https:\\\/\\\/upgrade.valenciaandgo.com\\\/wp-content\\\/uploads\\\/2025\\\/11\\\/img-blog-barrio-carmen-valencia.webp\",\"contentUrl\":\"https:\\\/\\\/upgrade.valenciaandgo.com\\\/wp-content\\\/uploads\\\/2025\\\/11\\\/img-blog-barrio-carmen-valencia.webp\",\"width\":1170,\"height\":783},{\"@type\":\"BreadcrumbList\",\"@id\":\"https:\\\/\\\/upgrade.valenciaandgo.com\\\/barrio-del-carmen-de-valencia\\\/#breadcrumb\",\"itemListElement\":[{\"@type\":\"ListItem\",\"position\":1,\"name\":\"Portada\",\"item\":\"https:\\\/\\\/upgrade.valenciaandgo.com\\\/\"},{\"@type\":\"ListItem\",\"position\":2,\"name\":\"El barrio del Carmen de Valencia\"}]},{\"@type\":\"WebSite\",\"@id\":\"https:\\\/\\\/upgrade.valenciaandgo.com\\\/it\\\/#website\",\"url\":\"https:\\\/\\\/upgrade.valenciaandgo.com\\\/it\\\/\",\"name\":\"Valencia&Go\",\"description\":\"Tours por Valencia y alrededores de ciudad.\",\"publisher\":{\"@id\":\"https:\\\/\\\/upgrade.valenciaandgo.com\\\/it\\\/#organization\"},\"potentialAction\":[{\"@type\":\"SearchAction\",\"target\":{\"@type\":\"EntryPoint\",\"urlTemplate\":\"https:\\\/\\\/upgrade.valenciaandgo.com\\\/it\\\/?s={search_term_string}\"},\"query-input\":{\"@type\":\"PropertyValueSpecification\",\"valueRequired\":true,\"valueName\":\"search_term_string\"}}],\"inLanguage\":\"fr-FR\"},{\"@type\":\"Organization\",\"@id\":\"https:\\\/\\\/upgrade.valenciaandgo.com\\\/it\\\/#organization\",\"name\":\"Valencia&Go\",\"url\":\"https:\\\/\\\/upgrade.valenciaandgo.com\\\/it\\\/\",\"logo\":{\"@type\":\"ImageObject\",\"inLanguage\":\"fr-FR\",\"@id\":\"https:\\\/\\\/upgrade.valenciaandgo.com\\\/it\\\/#\\\/schema\\\/logo\\\/image\\\/\",\"url\":\"https:\\\/\\\/upgrade.valenciaandgo.com\\\/wp-content\\\/uploads\\\/2025\\\/10\\\/valencia_go-svg-blnc-iso-naranja.svg\",\"contentUrl\":\"https:\\\/\\\/upgrade.valenciaandgo.com\\\/wp-content\\\/uploads\\\/2025\\\/10\\\/valencia_go-svg-blnc-iso-naranja.svg\",\"width\":434,\"height\":102,\"caption\":\"Valencia&Go\"},\"image\":{\"@id\":\"https:\\\/\\\/upgrade.valenciaandgo.com\\\/it\\\/#\\\/schema\\\/logo\\\/image\\\/\"},\"sameAs\":[\"https:\\\/\\\/www.facebook.com\\\/valenciaandgo\\\/\",\"https:\\\/\\\/www.instagram.com\\\/valenciaandgo\",\"https:\\\/\\\/www.linkedin.com\\\/company\\\/valencia-go\\\/\",\"https:\\\/\\\/www.tiktok.com\\\/@valenciaandgo\"]},{\"@type\":\"Person\",\"@id\":\"https:\\\/\\\/upgrade.valenciaandgo.com\\\/it\\\/#\\\/schema\\\/person\\\/ca673553802eb937b57af07a6ce74908\",\"name\":\"Valencia &amp; Go\",\"sameAs\":[\"https:\\\/\\\/valenciaandgo.com\"],\"url\":\"https:\\\/\\\/upgrade.valenciaandgo.com\\\/fr\\\/author\\\/valencia\\\/\"}]}<\/script>\n<!-- \/ Yoast SEO plugin. -->","yoast_head_json":{"title":"Le quartier du Carmen \u00e0 Valence - Valencia&amp;Go","description":"Le c\u0153ur de Valence : le quartier le plus color\u00e9, connu pour sa riche gastronomie et ses secrets historiques, vous invite \u00e0 le d\u00e9couvrir ?","robots":{"index":"noindex","follow":"follow","max-snippet":"max-snippet:-1","max-image-preview":"max-image-preview:large","max-video-preview":"max-video-preview:-1"},"og_locale":"fr_FR","og_type":"article","og_title":"El barrio del Carmen de Valencia - Valencia&amp;Go","og_description":"El coraz\u00f3n de Valencia: el barrio m\u00e1s colorido, que destaca por su rica gastronom\u00eda y sus secretos hist\u00f3ricos. \u00bfTe unes a descubrirlo?","og_url":"https:\/\/upgrade.valenciaandgo.com\/fr\/carmen-district-de-valencia\/","og_site_name":"Valencia&amp;Go","article_publisher":"https:\/\/www.facebook.com\/valenciaandgo\/","article_published_time":"2022-03-24T10:16:00+00:00","article_modified_time":"2026-03-16T15:55:34+00:00","og_image":[{"width":1170,"height":783,"url":"https:\/\/upgrade.valenciaandgo.com\/wp-content\/uploads\/2025\/11\/img-blog-barrio-carmen-valencia.webp","type":"image\/webp"}],"author":"Valencia &amp; Go","twitter_card":"summary_large_image","twitter_misc":{"\u00c9crit par":"Valencia &amp; Go","Dur\u00e9e de lecture estim\u00e9e":"6 minutes"},"schema":{"@context":"https:\/\/schema.org","@graph":[{"@type":"Article","@id":"https:\/\/upgrade.valenciaandgo.com\/barrio-del-carmen-de-valencia\/#article","isPartOf":{"@id":"https:\/\/upgrade.valenciaandgo.com\/barrio-del-carmen-de-valencia\/"},"author":{"name":"Valencia &amp; Go","@id":"https:\/\/upgrade.valenciaandgo.com\/it\/#\/schema\/person\/ca673553802eb937b57af07a6ce74908"},"headline":"El barrio del Carmen de Valencia","datePublished":"2022-03-24T10:16:00+00:00","dateModified":"2026-03-16T15:55:34+00:00","mainEntityOfPage":{"@id":"https:\/\/upgrade.valenciaandgo.com\/barrio-del-carmen-de-valencia\/"},"wordCount":1199,"publisher":{"@id":"https:\/\/upgrade.valenciaandgo.com\/it\/#organization"},"image":{"@id":"https:\/\/upgrade.valenciaandgo.com\/barrio-del-carmen-de-valencia\/#primaryimage"},"thumbnailUrl":"https:\/\/upgrade.valenciaandgo.com\/wp-content\/uploads\/2025\/11\/img-blog-barrio-carmen-valencia.webp","keywords":["barrios","el carmen","patrimonio cultural","tour arte y arquitectura"],"articleSection":["Qu\u00e9 ver"],"inLanguage":"fr-FR"},{"@type":"WebPage","@id":"https:\/\/upgrade.valenciaandgo.com\/barrio-del-carmen-de-valencia\/","url":"https:\/\/upgrade.valenciaandgo.com\/barrio-del-carmen-de-valencia\/","name":"Le quartier du Carmen \u00e0 Valence - Valencia&amp;Go","isPartOf":{"@id":"https:\/\/upgrade.valenciaandgo.com\/it\/#website"},"primaryImageOfPage":{"@id":"https:\/\/upgrade.valenciaandgo.com\/barrio-del-carmen-de-valencia\/#primaryimage"},"image":{"@id":"https:\/\/upgrade.valenciaandgo.com\/barrio-del-carmen-de-valencia\/#primaryimage"},"thumbnailUrl":"https:\/\/upgrade.valenciaandgo.com\/wp-content\/uploads\/2025\/11\/img-blog-barrio-carmen-valencia.webp","datePublished":"2022-03-24T10:16:00+00:00","dateModified":"2026-03-16T15:55:34+00:00","description":"Le c\u0153ur de Valence : le quartier le plus color\u00e9, connu pour sa riche gastronomie et ses secrets historiques, vous invite \u00e0 le d\u00e9couvrir ?","breadcrumb":{"@id":"https:\/\/upgrade.valenciaandgo.com\/barrio-del-carmen-de-valencia\/#breadcrumb"},"inLanguage":"fr-FR","potentialAction":[{"@type":"ReadAction","target":["https:\/\/upgrade.valenciaandgo.com\/barrio-del-carmen-de-valencia\/"]}]},{"@type":"ImageObject","inLanguage":"fr-FR","@id":"https:\/\/upgrade.valenciaandgo.com\/barrio-del-carmen-de-valencia\/#primaryimage","url":"https:\/\/upgrade.valenciaandgo.com\/wp-content\/uploads\/2025\/11\/img-blog-barrio-carmen-valencia.webp","contentUrl":"https:\/\/upgrade.valenciaandgo.com\/wp-content\/uploads\/2025\/11\/img-blog-barrio-carmen-valencia.webp","width":1170,"height":783},{"@type":"BreadcrumbList","@id":"https:\/\/upgrade.valenciaandgo.com\/barrio-del-carmen-de-valencia\/#breadcrumb","itemListElement":[{"@type":"ListItem","position":1,"name":"Portada","item":"https:\/\/upgrade.valenciaandgo.com\/"},{"@type":"ListItem","position":2,"name":"El barrio del Carmen de Valencia"}]},{"@type":"WebSite","@id":"https:\/\/upgrade.valenciaandgo.com\/it\/#website","url":"https:\/\/upgrade.valenciaandgo.com\/it\/","name":"Valencia&amp;Go","description":"Visites de Valence et de ses environs.","publisher":{"@id":"https:\/\/upgrade.valenciaandgo.com\/it\/#organization"},"potentialAction":[{"@type":"SearchAction","target":{"@type":"EntryPoint","urlTemplate":"https:\/\/upgrade.valenciaandgo.com\/it\/?s={search_term_string}"},"query-input":{"@type":"PropertyValueSpecification","valueRequired":true,"valueName":"search_term_string"}}],"inLanguage":"fr-FR"},{"@type":"Organization","@id":"https:\/\/upgrade.valenciaandgo.com\/it\/#organization","name":"Valencia&amp;Go","url":"https:\/\/upgrade.valenciaandgo.com\/it\/","logo":{"@type":"ImageObject","inLanguage":"fr-FR","@id":"https:\/\/upgrade.valenciaandgo.com\/it\/#\/schema\/logo\/image\/","url":"https:\/\/upgrade.valenciaandgo.com\/wp-content\/uploads\/2025\/10\/valencia_go-svg-blnc-iso-naranja.svg","contentUrl":"https:\/\/upgrade.valenciaandgo.com\/wp-content\/uploads\/2025\/10\/valencia_go-svg-blnc-iso-naranja.svg","width":434,"height":102,"caption":"Valencia&Go"},"image":{"@id":"https:\/\/upgrade.valenciaandgo.com\/it\/#\/schema\/logo\/image\/"},"sameAs":["https:\/\/www.facebook.com\/valenciaandgo\/","https:\/\/www.instagram.com\/valenciaandgo","https:\/\/www.linkedin.com\/company\/valencia-go\/","https:\/\/www.tiktok.com\/@valenciaandgo"]},{"@type":"Person","@id":"https:\/\/upgrade.valenciaandgo.com\/it\/#\/schema\/person\/ca673553802eb937b57af07a6ce74908","name":"Valence &amp; Go","sameAs":["https:\/\/valenciaandgo.com"],"url":"https:\/\/upgrade.valenciaandgo.com\/fr\/author\/valencia\/"}]}},"_links":{"self":[{"href":"https:\/\/upgrade.valenciaandgo.com\/fr\/wp-json\/wp\/v2\/posts\/452","targetHints":{"allow":["GET"]}}],"collection":[{"href":"https:\/\/upgrade.valenciaandgo.com\/fr\/wp-json\/wp\/v2\/posts"}],"about":[{"href":"https:\/\/upgrade.valenciaandgo.com\/fr\/wp-json\/wp\/v2\/types\/post"}],"author":[{"embeddable":true,"href":"https:\/\/upgrade.valenciaandgo.com\/fr\/wp-json\/wp\/v2\/users\/1"}],"replies":[{"embeddable":true,"href":"https:\/\/upgrade.valenciaandgo.com\/fr\/wp-json\/wp\/v2\/comments?post=452"}],"version-history":[{"count":0,"href":"https:\/\/upgrade.valenciaandgo.com\/fr\/wp-json\/wp\/v2\/posts\/452\/revisions"}],"wp:featuredmedia":[{"embeddable":true,"href":"https:\/\/upgrade.valenciaandgo.com\/fr\/wp-json\/wp\/v2\/media\/714"}],"wp:attachment":[{"href":"https:\/\/upgrade.valenciaandgo.com\/fr\/wp-json\/wp\/v2\/media?parent=452"}],"wp:term":[{"taxonomy":"category","embeddable":true,"href":"https:\/\/upgrade.valenciaandgo.com\/fr\/wp-json\/wp\/v2\/categories?post=452"},{"taxonomy":"post_tag","embeddable":true,"href":"https:\/\/upgrade.valenciaandgo.com\/fr\/wp-json\/wp\/v2\/tags?post=452"}],"curies":[{"name":"wp","href":"https:\/\/api.w.org\/{rel}","templated":true}]}}